{"id":11295,"date":"2025-08-04T13:00:00","date_gmt":"2025-08-04T11:00:00","guid":{"rendered":"https:\/\/preprod.sts-education.com\/blog\/2026\/03\/05\/tamara-hat-ein-austauschjahr-in-deutschland-gemacht\/"},"modified":"2026-04-29T09:29:32","modified_gmt":"2026-04-29T07:29:32","slug":"tamara-hat-ein-austauschjahr-in-deutschland-gemacht","status":"publish","type":"post","link":"https:\/\/www.sts-education.com\/de-at\/high-school\/schulergeschichten\/schuler-testimonials\/tamara-hat-ein-austauschjahr-in-deutschland-gemacht\/","title":{"rendered":"Tamara Hat Ein Austauschjahr In Deutschland Gemacht"},"content":{"rendered":"\n<div class=\"wp-block-sts-text sts-text-editor has-max-width-md\"><div class=\"sts-text-editor__content\"><div class=\"sts-text-editor__content-inner\">\n<h1 style=\"text-align:center\">Tamara hat ein Austauschjahr in Deutschland gemacht<\/h1>\n<\/div><\/div><\/div>\n\n\n\n<figure class=\"wp-block-sts-image sts-block-image sts-block-image--count-1 has-max-width-lg\" data-count=\"1\"><div class=\"sts-block-image__grid\"><div class=\"sts-block-image__item\"><picture class=\"sts-responsive-image has-fit-cover has-pos-top is-skeleton\"><source media=\"(max-width: 834.98px)\" srcset=\"https:\/\/powered-by.qbank.se\/educatius\/sts\/3e1f0c948d7559c0884b1c664382618b_1-1-thumb.webp 150w, https:\/\/powered-by.qbank.se\/educatius\/sts\/3e1f0c948d7559c0884b1c664382618b_1-1-xsmall.webp 500w, https:\/\/powered-by.qbank.se\/educatius\/sts\/3e1f0c948d7559c0884b1c664382618b_1-1-small.webp 800w, https:\/\/powered-by.qbank.se\/educatius\/sts\/3e1f0c948d7559c0884b1c664382618b_1-1-medium.webp 1024w, https:\/\/powered-by.qbank.se\/educatius\/sts\/3e1f0c948d7559c0884b1c664382618b_1-1-large.webp 1536w\" sizes=\"(max-width: 768px) 100vw, (max-width: 1200px) 100vw, 1200px\" type=\"image\/webp\"\/><source media=\"(min-width: 835px)\" srcset=\"https:\/\/powered-by.qbank.se\/educatius\/sts\/3e1f0c948d7559c0884b1c664382618b_16-9-small.webp 800w, https:\/\/powered-by.qbank.se\/educatius\/sts\/3e1f0c948d7559c0884b1c664382618b_16-9-medium.webp 1024w, https:\/\/powered-by.qbank.se\/educatius\/sts\/3e1f0c948d7559c0884b1c664382618b_16-9-large.webp 1536w\" sizes=\"(max-width: 768px) 100vw, (max-width: 1200px) 100vw, 1200px\" type=\"image\/webp\"\/><img src=\"https:\/\/powered-by.qbank.se\/educatius\/sts\/3e1f0c948d7559c0884b1c664382618b_1-1-thumb.webp\" alt=\"Tamara hat ein Austauschjahr in Deutschland gemacht\" loading=\"lazy\" decoding=\"async\" fetchpriority=\"low\" style=\"object-position:top\"\/><\/picture><\/div><\/div><\/figure>\n\n\n\n<div class=\"wp-block-sts-text sts-text-editor has-max-width-md\"><div class=\"sts-text-editor__content\"><div class=\"sts-text-editor__content-inner\">\n<p><em>Tamara aus der Slowakei hat ihr Austauschjahr in Deutschland gemacht.<\/em><\/p>\n<\/div><\/div><\/div>\n\n\n\n<div class=\"wp-block-sts-text sts-text-editor has-max-width-md\"><div class=\"sts-text-editor__content\"><div class=\"sts-text-editor__content-inner\">\n<h2>Dieses Jahr hat mein Leben f\u00fcr immer gepr\u00e4gt!<\/h2>\n<p>Mein Austauschjahr in Deutschland ist nun zu Ende \u2013 und obwohl ich wusste, dass dieser Moment irgendwann kommen w\u00fcrde, war ich nie wirklich darauf vorbereitet. Als ich nach Deutschland kam, war ich einfach nur ein M\u00e4dchen aus einem anderen Land, mit einem Koffer voller Erwartungen, Unsicherheiten und Fragen. Heute bin ich wieder zu Hause \u2013 mit einem Koffer voller Erinnerungen, Umarmungen, Lachen, Freundschaften und all den scheinbar allt\u00e4glichen Momenten, die pl\u00f6tzlich zu den kostbarsten geworden sind.<\/p>\n<h2>Das gr\u00f6\u00dfte Geschenk<\/h2>\n<p>Dieses Jahr hat mir viel mehr gegeben, als ich mir jemals vorstellen konnte. Ich habe viel \u00fcber die Welt gelernt und \u00fcber mich selbst. Doch das Wertvollste, das ich mitgenommen habe, ist ein neues \u201eZuhause\u201c, das mir meine Gastfamilie geschenkt hat. Sie waren meine St\u00fctze, mein Halt, mein sicherer Ort. Sie haben mir viel mehr gegeben als nur ein Dach \u00fcber dem Kopf. Sie haben mir Raum gegeben, ich selbst zu sein, mich frei, angenommen und verstanden zu f\u00fchlen. Ich wei\u00df, dass dieses Jahr ohne sie niemals das geworden w\u00e4re, was es war. Und auch wenn wir uns schon verabschiedet haben \u2013 sie bleiben f\u00fcr immer in meinem Herzen.<\/p>\n<h2>Danke STS<\/h2>\n<p>Ebenso m\u00f6chte ich auch STS meinen tiefsten Dank aussprechen \u2013 daf\u00fcr, dass Sie mich auf diesem Weg begleitet haben, dass Sie im Hintergrund stets eine verl\u00e4ssliche St\u00fctze waren. Daf\u00fcr, dass ich mich immer an Sie wenden konnte, wenn ich Hilfe brauchte. Ihre Unterst\u00fctzung hat mir das Gef\u00fchl gegeben, nicht allein zu sein. Auch dank Ihnen konnte ich dieses besondere Jahr in vollen Z\u00fcgen genie\u00dfen und alles meistern, was dazugeh\u00f6rt \u2013 mit all der Freude, aber auch mit den Herausforderungen, die mich wachsen lie\u00dfen.<\/p>\n<p><strong>Danke, dass ich Teil von etwas so Besonderem sein durfte!<\/strong><\/p>\n<h2>Erfahre mehr<\/h2>\n<ul><li>Lies mehr <a href=\"https:\/\/www.sts-education.com\/de-at\/high-school-2\/schulergeschichten\/schuler-testimonials\/?hashtag=Deutschland\">Sch\u00fclergeschichten aus Deutschland<\/a><\/li>\n<li>Informiere dich \u00fcber <a href=\"https:\/\/www.sts-education.com\/de-at\/high-school\/gastlaender\/europa\/deutschland\/\">High School-Austausch in Deutschland<\/a><\/li>\n<li>Alle <a href=\"\/de-at\/high-school\/tripfinder\/\">High School-Austauschl\u00e4nder<\/a><\/li><\/ul>\n<\/div><\/div><\/div>\n","protected":false},"excerpt":{"rendered":"","protected":false},"author":20,"featured_media":40405,"comment_status":"open","ping_status":"open","sticky":false,"template":"","format":"standard","meta":{"_acf_changed":false,"_yoast_wpseo_title":"Tamara hat ein Austauschjahr in Deutschland gemacht","_yoast_wpseo_metadesc":"Dieses Jahr hat mir viel mehr gegeben, als ich mir jemals vorstellen konnte. Ich habe viel \u00fcber die Welt gelernt und \u00fcber mich selbst.","footnotes":""},"categories":[295],"tags":[867],"wpw_post_folders":[],"class_list":["post-11295","post","type-post","status-publish","format-standard","has-post-thumbnail","hentry","category-uncategorized-at","tag-deutschland"],"acf":[],"yoast_head":"<!-- This site is optimized with the Yoast SEO Premium plugin v27.2 (Yoast SEO v27.2) - https:\/\/yoast.com\/product\/yoast-seo-premium-wordpress\/ -->\n<title>Tamara hat ein Austauschjahr in Deutschland gemacht<\/title>\n<meta name=\"description\" content=\"Dieses Jahr hat mir viel mehr gegeben, als ich mir jemals vorstellen konnte. Ich habe viel \u00fcber die Welt gelernt und \u00fcber mich selbst.\" \/>\n<meta name=\"robots\" content=\"index, follow, max-snippet:-1, max-image-preview:large, max-video-preview:-1\" \/>\n<link rel=\"canonical\" href=\"https:\/\/www.sts-education.com\/de-at\/high-school\/schulergeschichten\/schuler-testimonials\/tamara-hat-ein-austauschjahr-in-deutschland-gemacht\/\" \/>\n<meta property=\"og:locale\" content=\"de_DE\" \/>\n<meta property=\"og:type\" content=\"article\" \/>\n<meta property=\"og:title\" content=\"Tamara Hat Ein Austauschjahr In Deutschland Gemacht\" \/>\n<meta property=\"og:description\" content=\"Dieses Jahr hat mir viel mehr gegeben, als ich mir jemals vorstellen konnte. Ich habe viel \u00fcber die Welt gelernt und \u00fcber mich selbst.\" \/>\n<meta property=\"og:url\" content=\"https:\/\/www.sts-education.com\/de-at\/high-school\/schulergeschichten\/schuler-testimonials\/tamara-hat-ein-austauschjahr-in-deutschland-gemacht\/\" \/>\n<meta property=\"og:site_name\" content=\"STS Education\" \/>\n<meta property=\"article:published_time\" content=\"2025-08-04T11:00:00+00:00\" \/>\n<meta property=\"article:modified_time\" content=\"2026-04-29T07:29:32+00:00\" \/>\n<meta property=\"og:image\" content=\"https:\/\/powered-by.qbank.se\/educatius\/sts\/\/3e1f0c948d7559c0884b1c664382618b_1-1-thumb.webp\" \/>\n\t<meta property=\"og:image:width\" content=\"150\" \/>\n\t<meta property=\"og:image:height\" content=\"150\" \/>\n\t<meta property=\"og:image:type\" content=\"image\/png\" \/>\n<meta name=\"author\" content=\"syncreadwrite\" \/>\n<meta name=\"twitter:card\" content=\"summary_large_image\" \/>\n<meta name=\"twitter:label1\" content=\"Verfasst von\" \/>\n\t<meta name=\"twitter:data1\" content=\"syncreadwrite\" \/>\n\t<meta name=\"twitter:label2\" content=\"Gesch\u00e4tzte Lesezeit\" \/>\n\t<meta name=\"twitter:data2\" content=\"2 Minuten\" \/>\n<script type=\"application\/ld+json\" class=\"yoast-schema-graph\">{\"@context\":\"https:\/\/schema.org\",\"@graph\":[{\"@type\":\"Article\",\"@id\":\"https:\/\/www.sts-education.com\/de-at\/high-school\/schulergeschichten\/schuler-testimonials\/tamara-hat-ein-austauschjahr-in-deutschland-gemacht\/#article\",\"isPartOf\":{\"@id\":\"https:\/\/www.sts-education.com\/de-at\/high-school\/schulergeschichten\/schuler-testimonials\/tamara-hat-ein-austauschjahr-in-deutschland-gemacht\/\"},\"author\":{\"name\":\"syncreadwrite\",\"@id\":\"https:\/\/www.sts-education.com\/de-at\/#\/schema\/person\/8b82f3a2e45f020b8f296d7a85d9a97c\"},\"headline\":\"Tamara Hat Ein Austauschjahr In Deutschland Gemacht\",\"datePublished\":\"2025-08-04T11:00:00+00:00\",\"dateModified\":\"2026-04-29T07:29:32+00:00\",\"mainEntityOfPage\":{\"@id\":\"https:\/\/www.sts-education.com\/de-at\/high-school\/schulergeschichten\/schuler-testimonials\/tamara-hat-ein-austauschjahr-in-deutschland-gemacht\/\"},\"wordCount\":351,\"commentCount\":0,\"image\":{\"@id\":\"https:\/\/www.sts-education.com\/de-at\/high-school\/schulergeschichten\/schuler-testimonials\/tamara-hat-ein-austauschjahr-in-deutschland-gemacht\/#primaryimage\"},\"thumbnailUrl\":\"https:\/\/powered-by.qbank.se\/educatius\/sts\/\/3e1f0c948d7559c0884b1c664382618b_1-1-thumb.webp\",\"keywords\":[\"Deutschland\"],\"articleSection\":[\"Uncategorized @at\"],\"inLanguage\":\"de-AT\",\"potentialAction\":[{\"@type\":\"CommentAction\",\"name\":\"Comment\",\"target\":[\"https:\/\/www.sts-education.com\/de-at\/high-school\/schulergeschichten\/schuler-testimonials\/tamara-hat-ein-austauschjahr-in-deutschland-gemacht\/#respond\"]}]},{\"@type\":\"WebPage\",\"@id\":\"https:\/\/www.sts-education.com\/de-at\/high-school\/schulergeschichten\/schuler-testimonials\/tamara-hat-ein-austauschjahr-in-deutschland-gemacht\/\",\"url\":\"https:\/\/www.sts-education.com\/de-at\/high-school\/schulergeschichten\/schuler-testimonials\/tamara-hat-ein-austauschjahr-in-deutschland-gemacht\/\",\"name\":\"Tamara hat ein Austauschjahr in Deutschland gemacht\",\"isPartOf\":{\"@id\":\"https:\/\/www.sts-education.com\/de-at\/#website\"},\"primaryImageOfPage\":{\"@id\":\"https:\/\/www.sts-education.com\/de-at\/high-school\/schulergeschichten\/schuler-testimonials\/tamara-hat-ein-austauschjahr-in-deutschland-gemacht\/#primaryimage\"},\"image\":{\"@id\":\"https:\/\/www.sts-education.com\/de-at\/high-school\/schulergeschichten\/schuler-testimonials\/tamara-hat-ein-austauschjahr-in-deutschland-gemacht\/#primaryimage\"},\"thumbnailUrl\":\"https:\/\/powered-by.qbank.se\/educatius\/sts\/\/3e1f0c948d7559c0884b1c664382618b_1-1-thumb.webp\",\"datePublished\":\"2025-08-04T11:00:00+00:00\",\"dateModified\":\"2026-04-29T07:29:32+00:00\",\"author\":{\"@id\":\"https:\/\/www.sts-education.com\/de-at\/#\/schema\/person\/8b82f3a2e45f020b8f296d7a85d9a97c\"},\"description\":\"Dieses Jahr hat mir viel mehr gegeben, als ich mir jemals vorstellen konnte. Ich habe viel \u00fcber die Welt gelernt und \u00fcber mich selbst.\",\"breadcrumb\":{\"@id\":\"https:\/\/www.sts-education.com\/de-at\/high-school\/schulergeschichten\/schuler-testimonials\/tamara-hat-ein-austauschjahr-in-deutschland-gemacht\/#breadcrumb\"},\"inLanguage\":\"de-AT\",\"potentialAction\":[{\"@type\":\"ReadAction\",\"target\":[\"https:\/\/www.sts-education.com\/de-at\/high-school\/schulergeschichten\/schuler-testimonials\/tamara-hat-ein-austauschjahr-in-deutschland-gemacht\/\"]}]},{\"@type\":\"ImageObject\",\"inLanguage\":\"de-AT\",\"@id\":\"https:\/\/www.sts-education.com\/de-at\/high-school\/schulergeschichten\/schuler-testimonials\/tamara-hat-ein-austauschjahr-in-deutschland-gemacht\/#primaryimage\",\"url\":\"https:\/\/powered-by.qbank.se\/educatius\/sts\/\/3e1f0c948d7559c0884b1c664382618b_1-1-thumb.webp\",\"contentUrl\":\"https:\/\/powered-by.qbank.se\/educatius\/sts\/\/3e1f0c948d7559c0884b1c664382618b_1-1-thumb.webp\",\"width\":150,\"height\":150},{\"@type\":\"BreadcrumbList\",\"@id\":\"https:\/\/www.sts-education.com\/de-at\/high-school\/schulergeschichten\/schuler-testimonials\/tamara-hat-ein-austauschjahr-in-deutschland-gemacht\/#breadcrumb\",\"itemListElement\":[{\"@type\":\"ListItem\",\"position\":1,\"name\":\"Home\",\"item\":\"https:\/\/www.sts-education.com\/de-at\/sample-page\/\"},{\"@type\":\"ListItem\",\"position\":2,\"name\":\"Tamara Hat Ein Austauschjahr In Deutschland Gemacht\"}]},{\"@type\":\"WebSite\",\"@id\":\"https:\/\/www.sts-education.com\/de-at\/#website\",\"url\":\"https:\/\/www.sts-education.com\/de-at\/\",\"name\":\"STS Education\",\"description\":\"\",\"potentialAction\":[{\"@type\":\"SearchAction\",\"target\":{\"@type\":\"EntryPoint\",\"urlTemplate\":\"https:\/\/www.sts-education.com\/de-at\/?s={search_term_string}\"},\"query-input\":{\"@type\":\"PropertyValueSpecification\",\"valueRequired\":true,\"valueName\":\"search_term_string\"}}],\"inLanguage\":\"de-AT\"},{\"@type\":\"Person\",\"@id\":\"https:\/\/www.sts-education.com\/de-at\/#\/schema\/person\/8b82f3a2e45f020b8f296d7a85d9a97c\",\"name\":\"syncreadwrite\",\"image\":{\"@type\":\"ImageObject\",\"inLanguage\":\"de-AT\",\"@id\":\"https:\/\/secure.gravatar.com\/avatar\/6ed1007e4f6f43f22e3df41d9fce4365533cba47fef64bb359b8e629abbc2ea6?s=96&d=mm&r=g\",\"url\":\"https:\/\/secure.gravatar.com\/avatar\/6ed1007e4f6f43f22e3df41d9fce4365533cba47fef64bb359b8e629abbc2ea6?s=96&d=mm&r=g\",\"contentUrl\":\"https:\/\/secure.gravatar.com\/avatar\/6ed1007e4f6f43f22e3df41d9fce4365533cba47fef64bb359b8e629abbc2ea6?s=96&d=mm&r=g\",\"caption\":\"syncreadwrite\"},\"url\":\"https:\/\/www.sts-education.com\/de-at\/author\/syncreadwrite\/\"}]}<\/script>\n<!-- \/ Yoast SEO Premium plugin. -->","yoast_head_json":{"title":"Tamara hat ein Austauschjahr in Deutschland gemacht","description":"Dieses Jahr hat mir viel mehr gegeben, als ich mir jemals vorstellen konnte. Ich habe viel \u00fcber die Welt gelernt und \u00fcber mich selbst.","robots":{"index":"index","follow":"follow","max-snippet":"max-snippet:-1","max-image-preview":"max-image-preview:large","max-video-preview":"max-video-preview:-1"},"canonical":"https:\/\/www.sts-education.com\/de-at\/high-school\/schulergeschichten\/schuler-testimonials\/tamara-hat-ein-austauschjahr-in-deutschland-gemacht\/","og_locale":"de_DE","og_type":"article","og_title":"Tamara Hat Ein Austauschjahr In Deutschland Gemacht","og_description":"Dieses Jahr hat mir viel mehr gegeben, als ich mir jemals vorstellen konnte. Ich habe viel \u00fcber die Welt gelernt und \u00fcber mich selbst.","og_url":"https:\/\/www.sts-education.com\/de-at\/high-school\/schulergeschichten\/schuler-testimonials\/tamara-hat-ein-austauschjahr-in-deutschland-gemacht\/","og_site_name":"STS Education","article_published_time":"2025-08-04T11:00:00+00:00","article_modified_time":"2026-04-29T07:29:32+00:00","og_image":[{"width":150,"height":150,"url":"https:\/\/powered-by.qbank.se\/educatius\/sts\/\/3e1f0c948d7559c0884b1c664382618b_1-1-thumb.webp","type":"image\/png"}],"author":"syncreadwrite","twitter_card":"summary_large_image","twitter_misc":{"Verfasst von":"syncreadwrite","Gesch\u00e4tzte Lesezeit":"2 Minuten"},"schema":{"@context":"https:\/\/schema.org","@graph":[{"@type":"Article","@id":"https:\/\/www.sts-education.com\/de-at\/high-school\/schulergeschichten\/schuler-testimonials\/tamara-hat-ein-austauschjahr-in-deutschland-gemacht\/#article","isPartOf":{"@id":"https:\/\/www.sts-education.com\/de-at\/high-school\/schulergeschichten\/schuler-testimonials\/tamara-hat-ein-austauschjahr-in-deutschland-gemacht\/"},"author":{"name":"syncreadwrite","@id":"https:\/\/www.sts-education.com\/de-at\/#\/schema\/person\/8b82f3a2e45f020b8f296d7a85d9a97c"},"headline":"Tamara Hat Ein Austauschjahr In Deutschland Gemacht","datePublished":"2025-08-04T11:00:00+00:00","dateModified":"2026-04-29T07:29:32+00:00","mainEntityOfPage":{"@id":"https:\/\/www.sts-education.com\/de-at\/high-school\/schulergeschichten\/schuler-testimonials\/tamara-hat-ein-austauschjahr-in-deutschland-gemacht\/"},"wordCount":351,"commentCount":0,"image":{"@id":"https:\/\/www.sts-education.com\/de-at\/high-school\/schulergeschichten\/schuler-testimonials\/tamara-hat-ein-austauschjahr-in-deutschland-gemacht\/#primaryimage"},"thumbnailUrl":"https:\/\/powered-by.qbank.se\/educatius\/sts\/\/3e1f0c948d7559c0884b1c664382618b_1-1-thumb.webp","keywords":["Deutschland"],"articleSection":["Uncategorized @at"],"inLanguage":"de-AT","potentialAction":[{"@type":"CommentAction","name":"Comment","target":["https:\/\/www.sts-education.com\/de-at\/high-school\/schulergeschichten\/schuler-testimonials\/tamara-hat-ein-austauschjahr-in-deutschland-gemacht\/#respond"]}]},{"@type":"WebPage","@id":"https:\/\/www.sts-education.com\/de-at\/high-school\/schulergeschichten\/schuler-testimonials\/tamara-hat-ein-austauschjahr-in-deutschland-gemacht\/","url":"https:\/\/www.sts-education.com\/de-at\/high-school\/schulergeschichten\/schuler-testimonials\/tamara-hat-ein-austauschjahr-in-deutschland-gemacht\/","name":"Tamara hat ein Austauschjahr in Deutschland gemacht","isPartOf":{"@id":"https:\/\/www.sts-education.com\/de-at\/#website"},"primaryImageOfPage":{"@id":"https:\/\/www.sts-education.com\/de-at\/high-school\/schulergeschichten\/schuler-testimonials\/tamara-hat-ein-austauschjahr-in-deutschland-gemacht\/#primaryimage"},"image":{"@id":"https:\/\/www.sts-education.com\/de-at\/high-school\/schulergeschichten\/schuler-testimonials\/tamara-hat-ein-austauschjahr-in-deutschland-gemacht\/#primaryimage"},"thumbnailUrl":"https:\/\/powered-by.qbank.se\/educatius\/sts\/\/3e1f0c948d7559c0884b1c664382618b_1-1-thumb.webp","datePublished":"2025-08-04T11:00:00+00:00","dateModified":"2026-04-29T07:29:32+00:00","author":{"@id":"https:\/\/www.sts-education.com\/de-at\/#\/schema\/person\/8b82f3a2e45f020b8f296d7a85d9a97c"},"description":"Dieses Jahr hat mir viel mehr gegeben, als ich mir jemals vorstellen konnte. Ich habe viel \u00fcber die Welt gelernt und \u00fcber mich selbst.","breadcrumb":{"@id":"https:\/\/www.sts-education.com\/de-at\/high-school\/schulergeschichten\/schuler-testimonials\/tamara-hat-ein-austauschjahr-in-deutschland-gemacht\/#breadcrumb"},"inLanguage":"de-AT","potentialAction":[{"@type":"ReadAction","target":["https:\/\/www.sts-education.com\/de-at\/high-school\/schulergeschichten\/schuler-testimonials\/tamara-hat-ein-austauschjahr-in-deutschland-gemacht\/"]}]},{"@type":"ImageObject","inLanguage":"de-AT","@id":"https:\/\/www.sts-education.com\/de-at\/high-school\/schulergeschichten\/schuler-testimonials\/tamara-hat-ein-austauschjahr-in-deutschland-gemacht\/#primaryimage","url":"https:\/\/powered-by.qbank.se\/educatius\/sts\/\/3e1f0c948d7559c0884b1c664382618b_1-1-thumb.webp","contentUrl":"https:\/\/powered-by.qbank.se\/educatius\/sts\/\/3e1f0c948d7559c0884b1c664382618b_1-1-thumb.webp","width":150,"height":150},{"@type":"BreadcrumbList","@id":"https:\/\/www.sts-education.com\/de-at\/high-school\/schulergeschichten\/schuler-testimonials\/tamara-hat-ein-austauschjahr-in-deutschland-gemacht\/#breadcrumb","itemListElement":[{"@type":"ListItem","position":1,"name":"Home","item":"https:\/\/www.sts-education.com\/de-at\/sample-page\/"},{"@type":"ListItem","position":2,"name":"Tamara Hat Ein Austauschjahr In Deutschland Gemacht"}]},{"@type":"WebSite","@id":"https:\/\/www.sts-education.com\/de-at\/#website","url":"https:\/\/www.sts-education.com\/de-at\/","name":"STS Education","description":"","potentialAction":[{"@type":"SearchAction","target":{"@type":"EntryPoint","urlTemplate":"https:\/\/www.sts-education.com\/de-at\/?s={search_term_string}"},"query-input":{"@type":"PropertyValueSpecification","valueRequired":true,"valueName":"search_term_string"}}],"inLanguage":"de-AT"},{"@type":"Person","@id":"https:\/\/www.sts-education.com\/de-at\/#\/schema\/person\/8b82f3a2e45f020b8f296d7a85d9a97c","name":"syncreadwrite","image":{"@type":"ImageObject","inLanguage":"de-AT","@id":"https:\/\/secure.gravatar.com\/avatar\/6ed1007e4f6f43f22e3df41d9fce4365533cba47fef64bb359b8e629abbc2ea6?s=96&d=mm&r=g","url":"https:\/\/secure.gravatar.com\/avatar\/6ed1007e4f6f43f22e3df41d9fce4365533cba47fef64bb359b8e629abbc2ea6?s=96&d=mm&r=g","contentUrl":"https:\/\/secure.gravatar.com\/avatar\/6ed1007e4f6f43f22e3df41d9fce4365533cba47fef64bb359b8e629abbc2ea6?s=96&d=mm&r=g","caption":"syncreadwrite"},"url":"https:\/\/www.sts-education.com\/de-at\/author\/syncreadwrite\/"}]}},"_links":{"self":[{"href":"https:\/\/www.sts-education.com\/de-at\/wp-json\/wp\/v2\/posts\/11295","targetHints":{"allow":["GET"]}}],"collection":[{"href":"https:\/\/www.sts-education.com\/de-at\/wp-json\/wp\/v2\/posts"}],"about":[{"href":"https:\/\/www.sts-education.com\/de-at\/wp-json\/wp\/v2\/types\/post"}],"author":[{"embeddable":true,"href":"https:\/\/www.sts-education.com\/de-at\/wp-json\/wp\/v2\/users\/20"}],"replies":[{"embeddable":true,"href":"https:\/\/www.sts-education.com\/de-at\/wp-json\/wp\/v2\/comments?post=11295"}],"version-history":[{"count":7,"href":"https:\/\/www.sts-education.com\/de-at\/wp-json\/wp\/v2\/posts\/11295\/revisions"}],"predecessor-version":[{"id":43080,"href":"https:\/\/www.sts-education.com\/de-at\/wp-json\/wp\/v2\/posts\/11295\/revisions\/43080"}],"wp:featuredmedia":[{"embeddable":true,"href":"https:\/\/www.sts-education.com\/de-at\/wp-json\/wp\/v2\/media\/40405"}],"wp:attachment":[{"href":"https:\/\/www.sts-education.com\/de-at\/wp-json\/wp\/v2\/media?parent=11295"}],"wp:term":[{"taxonomy":"category","embeddable":true,"href":"https:\/\/www.sts-education.com\/de-at\/wp-json\/wp\/v2\/categories?post=11295"},{"taxonomy":"post_tag","embeddable":true,"href":"https:\/\/www.sts-education.com\/de-at\/wp-json\/wp\/v2\/tags?post=11295"},{"taxonomy":"wpw_post_folders","embeddable":true,"href":"https:\/\/www.sts-education.com\/de-at\/wp-json\/wp\/v2\/wpw_post_folders?post=11295"}],"curies":[{"name":"wp","href":"https:\/\/api.w.org\/{rel}","templated":true}]}}