{"id":12395,"date":"2024-03-05T12:48:12","date_gmt":"2024-03-05T12:48:12","guid":{"rendered":"https:\/\/preprod.sts-education.com\/about-us\/news\/freundschaft-ueber-generationen\/"},"modified":"2026-04-01T01:44:04","modified_gmt":"2026-04-01T01:44:04","slug":"freundschaft-ueber-generationen","status":"publish","type":"news","link":"https:\/\/www.sts-education.com\/de-ch\/news\/freundschaft-ueber-generationen\/","title":{"rendered":"Freundschaft Ueber Generationen"},"content":{"rendered":"\n<div class=\"wp-block-sts-text sts-text-editor has-max-width-md\"><div class=\"sts-text-editor__content\"><div class=\"sts-text-editor__content-inner\">\n<h1 style=\"text-align:center\">Freundschaft \u00fcber Generationen<\/h1>\n<\/div><\/div><\/div>\n\n\n\n<figure class=\"wp-block-sts-image sts-block-image sts-block-image--count-1 has-max-width-md\" data-count=\"1\"><div class=\"sts-block-image__grid\"><div class=\"sts-block-image__item\"><picture class=\"sts-responsive-image has-fit-cover has-pos-top is-skeleton\"><img src=\"https:\/\/cdn.sts-education.com\/12954_hero_lg_xl.jpg\" alt=\"Freundschaft \u00fcber Generationen\" loading=\"lazy\" decoding=\"async\" fetchpriority=\"low\" sizes=\"(max-width: 736px) 100vw, 736px\"\/><\/picture><\/div><\/div><\/figure>\n\n\n\n<div class=\"wp-block-sts-text sts-text-editor has-max-width-md\"><div class=\"sts-text-editor__content\"><div class=\"sts-text-editor__content-inner\">\n<p><strong>1985 reiste Melinda Krause aus den USA f\u00fcr einen Sommer nach Deutschland. Sie ahnte nicht, dass ihre Sprachreise zu interkulturellen Verbindungen \u00fcber mehrere Generationen f\u00fchren w\u00fcrde. Fast 40 Jahre sp\u00e4ter ist die Tochter ihrer Gastschwester als Austauschsch\u00fclerin in ihrem Haus. Melinda und Claudia erz\u00e4hlen von ihren gemeinsamen Erfahrungen als Austauschsch\u00fcler und wie sie Weltoffenheit an ihre Kinder weitergegeben haben.<\/strong><\/p>\n<h2>Melinda:<\/h2>\n<p>Im Sommer 1985 stieg ich als 16-j\u00e4hriges M\u00e4dchen aus Denver, Colorado, in einen PanAm-Flug und freute mich auf meine kulturelle Sommererfahrung, ohne zu ahnen, dass sich mein Leben f\u00fcr immer ver\u00e4ndern w\u00fcrde. Als ich in Deutschland landete, begr\u00fcsste mich meine neue Gastfamilie am Flughafen. Ich erinnere mich, wie ich Oma und Opa (Claudias Grosseltern, bei denen sie lebte) kennenlernte und dachte, sie seien einem deutschen M\u00e4rchen entsprungen.<\/p>\n<p>Ich stieg in ihren roten Golf und probierte deutsches Brot, w\u00e4hrend meine neue Gastschwester Claudia mir meine ersten deutschen Worte beibrachte: &quot;Ich bin Melinda.&quot; Es war meine erste Erfahrung ausserhalb meines Heimatstaates Colorado. An mir zogen hundertejahrealte Geb\u00e4ude vo\u00fcber, andere Arten von Autos, Schilder, die ich nicht lesen konnte. Ich war v\u00f6llig gebannt. Die Familie lebte in einem winzigen Dorf namens Hitzacker. Alles um mich herum war ganz anders und v\u00f6llig fremd, auch die Sprache. Ich sprach kein Deutsch, Oma und Opa gar kein Englisch, genau wie die meisten Menschen in dieser Stadt. Claudia war eine der wenigen Personen, mit denen ich mich verst\u00e4ndigen konnte.<\/p>\n<p>In den zwei Monaten, die wir zusammen verbrachten, entwickelten Claudia und ich eine enge Freundschaft. Wir lachten viel, redeten bis sp\u00e4t in die Nacht und entdeckten bald, dass wir \u00e4hnliche Dinge mochten, obwohl wir aus unterschiedlichen Welten kamen: mit Freunden am Pool abh\u00e4ngen, Musik und Filme. Wir f\u00fcrchteten uns vor dem Ende des Sommers, wenn wir nicht mehr zusammen sein w\u00fcrden und beschlossen, dass Claudia zu mir und meiner Familie in die USA ziehen musste.<\/p>\n<p>Unser Abschied war herzzerreissend. Damals gab es nat\u00fcrlich noch keine E-Mails, sozialen Medien oder Textnachrichten. Also schrieben wir uns viele Briefe hin und her, bis zum Ende des Sommers 1986, als Claudia in Denver ankam, um bei uns zu leben und mit mir die High School zu besuchen. Wir hatten zwar keinen gemeinsamen Unterricht, aber viele der gleichen Freunde und gingen zu zweit zum Homecoming. Nat\u00fcrlich gab es auch schwierige Momente. Die Anpassung an eine neue Kultur, neue Regeln, eine neue Schule, eine neue Sprache und ein v\u00f6llig anderes Familienleben kann eine grosse Herausforderung sein. Trotzdem war unsere Freundschaft tief. Als unsere gemeinsame Zeit dem Ende zuging, machten Claudia und ich einen kleinen Ausflug in die Berge. Diese Zeit nur f\u00fcr uns beide war ein sch\u00f6ner Abschluss.<\/p>\n<p>Wir wurden erwachsen, aber blieben weiterhin durch Briefe in Kontakt und hielten uns gegenseitig \u00fcber unser Leben auf dem Laufenden. Wir schrieben \u00fcber unsere Karrieren, die lustigen Abenteuer, die wir erlebten, die Menschen, mit denen wir uns trafen, und den Kummer, den wir durchmachten. Im Jahr 2002 lud Claudia, die alleinerziehende Mutter war, mich und meinen Sohn zu ihrer Hochzeit mit J\u00fcrgen ein, und nat\u00fcrlich kamen wir. Mein Herz ging auf, als ich sah, wie mein kleiner Sohn mit meiner deutschen Schwester und ihrem neuen Mann umging. Unsere Familie wurde gr\u00f6sser.<\/p>\n<p>Ein Jahr sp\u00e4ter, als ich meinen Mann Stuart heiratete, kamen Claudia und J\u00fcrgen zu unserer Hochzeit. Von 2004 bis 2007 wuchsen unsere Familien weiter und wir hielten uns \u00fcber unsere Schwangerschaften und Geburten auf dem Laufenden. Im Jahr 2009 waren wir zu Besuch in Deutschland und lernten die Zwillingsm\u00e4dchen Neele und Jette von Claudia und J\u00fcrgen kennen, die damals 3 Jahre alt waren. Mein Mann sah das kleine Dorf Hitzacker, in dem Claudia und ich uns zum ersten Mal trafen und den Sommer zusammen verbrachten. 2012 trafen wir uns auf Mallorca wieder, um Claudias 10. Hochzeitstag zu feiern. Wie Schwestern teilen wir immer noch unser Leben und jetzt auch unsere Familien.<\/p>\n<p>Unser gegenseitiges Versprechen, dass unsere Kinder sich eines Tages kennenlernen w\u00fcrden, schien sich zu erf\u00fcllen, als Neele beschloss, in die USA zu kommen und bei uns zu wohnen, um die amerikanische Kultur und High School kennenzulernen. Wir waren \u00fcbergl\u00fccklich, sie in unserem Zuhause zu empfangen. Doch dann kam uns Covid dazwischen. Unser Schulbezirk liess in den Schuljahren 20\/21 und 21\/22 keine Austauschsch\u00fcler zu. Neeles Traum und unser Versprechen von fr\u00fcher liessen sich nicht erf\u00fcllen. Im Sommer 2022 kam dann Neele mit ihrem Vater zu Besuch. J\u00fcrgen blieb nur kurz, aber Neele den Sommer, genau wie ich damals in meinem Austausch in Deutschland. Endlich waren unsere Familien vereint. Nathan und Jacob hatten Spass daran, Neele ihren Freunden vorzustellen und ihr die High School zu zeigen. Sie nahmen sie mit nach Red Rocks und den Traumort der meisten M\u00e4dchen, eine amerikanische Mall. Dank Social Media waren unsere Kinder st\u00e4ndig in Kontakt. Sie schickten sich st\u00e4ndig Snaps, was ich, die noch Briefe schreibt, nicht ganz verstehe. Schliesslich bekamen wir im April 2023 die offizielle Nachricht, dass Neele ein Jahr bei unserer Familie verbringen w\u00fcrde. Am 8. August, als Neeles Flugzeug endlich in Denver landete, schien es so unwirklich, dass meine deutsche Schwester und ich fast 40 Jahre sp\u00e4ter endlich unsere Familien teilen w\u00fcrden. Eine Verbindung, die wir durch unseren Kulturaustausch aufgebaut haben, erstreckt sich nun auf die n\u00e4chste Generation.<\/p>\n<\/div><\/div><\/div>\n\n\n\n<figure class=\"wp-block-sts-image sts-block-image sts-block-image--count-1 has-max-width-md\" data-count=\"1\"><div class=\"sts-block-image__grid\"><div class=\"sts-block-image__item\"><picture class=\"sts-responsive-image has-fit-cover has-pos-top is-skeleton\"><img src=\"https:\/\/cdn.sts-education.com\/12947_hero_md.jpg\" alt=\"Freundschaft \u00fcber Generationen\" loading=\"lazy\" decoding=\"async\" fetchpriority=\"low\" sizes=\"(max-width: 736px) 100vw, 736px\"\/><\/picture><\/div><\/div><\/figure>\n\n\n\n<div class=\"wp-block-sts-text sts-text-editor has-max-width-md\"><div class=\"sts-text-editor__content\"><div class=\"sts-text-editor__content-inner\">\n<h2>Claudia:<\/h2>\n<p>Als ich Mitte der 1980er Jahre ein Teenager war, lebte ich in dem winzigen Dorf Hitzacker in der N\u00e4he von Hamburg. Ich tr\u00e4umte von Amerika, einem Land, das so weit weg und so anders war. Damals hatten wir kein Internet, keine sozialen Medien, keine Handys, aber meine Lehrerin erz\u00e4hlte mir von Austauschprogrammen. Ich fand die Adresse von STS in Hamburg im Telefonbuch und schrieb einen Brief. So fing alles an.<\/p>\n<\/div><\/div><\/div>\n\n\n\n<figure class=\"wp-block-sts-image sts-block-image sts-block-image--count-1 has-max-width-md\" data-count=\"1\"><div class=\"sts-block-image__grid\"><div class=\"sts-block-image__item\"><picture class=\"sts-responsive-image has-fit-cover has-pos-top is-skeleton\"><img src=\"https:\/\/cdn.sts-education.com\/12946_hero_md.jpg\" alt=\"Freundschaft \u00fcber Generationen\" loading=\"lazy\" decoding=\"async\" fetchpriority=\"low\" sizes=\"(max-width: 736px) 100vw, 736px\"\/><\/picture><\/div><\/div><\/figure>\n\n\n\n<div class=\"wp-block-sts-text sts-text-editor has-max-width-md\"><div class=\"sts-text-editor__content\"><div class=\"sts-text-editor__content-inner\">\n<p>Zun\u00e4chst haben wir Melinda im Sommer 1985 bei uns zu Hause in Deutschland aufgenommen. Diese Erfahrung hat mich \u00fcberzeugt, ein Jahr sp\u00e4ter in die USA zu gehen, und dieses Austauschjahr ver\u00e4nderte mein Leben. Ich war ein M\u00e4dchen aus einer Kleinstadt, 17 Jahre alt und nicht sehr selbst\u00e4ndig.<\/p>\n<p>Mein Zuhause, meine Familie und meine Freunde in Deutschland zu verlassen, hat mir sehr geholfen, meinen Weg in der Welt zu finden. Es war nicht immer einfach, in einem anderen Land mit so vielen anderen Regeln zu leben, aber es hat mich viel st\u00e4rker gemacht. Ich habe gelernt, mich anzupassen und auf meine F\u00e4higkeiten zu vertrauen, und es hat zu einer lebenslangen Freundschaft mit meiner amerikanischen Gastschwester Melinda gef\u00fchrt. Ich bin sehr dankbar f\u00fcr dieses Geschenk.<\/p>\n<\/div><\/div><\/div>\n\n\n\n<figure class=\"wp-block-sts-image sts-block-image sts-block-image--count-1 has-max-width-md\" data-count=\"1\"><div class=\"sts-block-image__grid\"><div class=\"sts-block-image__item\"><picture class=\"sts-responsive-image has-fit-cover has-pos-top is-skeleton\"><img src=\"https:\/\/cdn.sts-education.com\/12948_hero_md.jpg\" alt=\"Freundschaft \u00fcber Generationen\" loading=\"lazy\" decoding=\"async\" fetchpriority=\"low\" sizes=\"(max-width: 736px) 100vw, 736px\"\/><\/picture><\/div><\/div><\/figure>\n\n\n\n<div class=\"wp-block-sts-text sts-text-editor has-max-width-md\"><div class=\"sts-text-editor__content\"><div class=\"sts-text-editor__content-inner\">\n<p>Wir haben uns durch alle Lebensphasen begleitet, Berufseinstieg, Heirat und Kinder. Heute kann ich nur an junge Leute appellieren, ins Ausland zu gehen. Es ist eine wunderbare Reise, die man nie vergessen wird und die den Horizont f\u00fcr das ganze Leben \u00f6ffnet.<\/p>\n<p>Ich bin gl\u00fccklich, dass meine Tochter Neele gerade STS-Austauschsch\u00fclerin ist und bei Melindas wunderbarer Familie in Colorado wohnt.<\/p>\n<\/div><\/div><\/div>\n\n","protected":false},"excerpt":{"rendered":"","protected":false},"author":20,"featured_media":14784,"comment_status":"closed","ping_status":"closed","template":"","categories":[],"tags":[],"wpw_news_folders":[],"class_list":["post-12395","news","type-news","status-publish","has-post-thumbnail","hentry"],"acf":[],"yoast_head":"<!-- This site is optimized with the Yoast SEO Premium plugin v27.2 (Yoast SEO v27.2) - https:\/\/yoast.com\/product\/yoast-seo-premium-wordpress\/ -->\n<title>Freundschaft \u00fcber Generationen<\/title>\n<meta name=\"robots\" content=\"index, follow, max-snippet:-1, max-image-preview:large, max-video-preview:-1\" \/>\n<link rel=\"canonical\" href=\"https:\/\/www.sts-education.com\/de-ch\/news\/freundschaft-ueber-generationen\/\" \/>\n<meta property=\"og:locale\" content=\"de_DE\" \/>\n<meta property=\"og:type\" content=\"article\" \/>\n<meta property=\"og:title\" content=\"Freundschaft Ueber Generationen\" \/>\n<meta property=\"og:url\" content=\"https:\/\/www.sts-education.com\/de-ch\/news\/freundschaft-ueber-generationen\/\" \/>\n<meta property=\"og:site_name\" content=\"STS Education\" \/>\n<meta property=\"article:modified_time\" content=\"2026-04-01T01:44:04+00:00\" \/>\n<meta property=\"og:image\" content=\"https:\/\/powered-by.qbank.se\/educatius\/sts\/\/5ae6765775a192cc87e85f993c9f2b05_1-1-thumb.webp\" \/>\n\t<meta property=\"og:image:width\" content=\"150\" \/>\n\t<meta property=\"og:image:height\" content=\"150\" \/>\n\t<meta property=\"og:image:type\" content=\"image\/jpeg\" \/>\n<meta name=\"twitter:card\" content=\"summary_large_image\" \/>\n<meta name=\"twitter:label1\" content=\"Gesch\u00e4tzte Lesezeit\" \/>\n\t<meta name=\"twitter:data1\" content=\"6\u00a0Minuten\" \/>\n<script type=\"application\/ld+json\" class=\"yoast-schema-graph\">{\"@context\":\"https:\/\/schema.org\",\"@graph\":[{\"@type\":\"WebPage\",\"@id\":\"https:\/\/www.sts-education.com\/de-ch\/news\/freundschaft-ueber-generationen\/\",\"url\":\"https:\/\/www.sts-education.com\/de-ch\/news\/freundschaft-ueber-generationen\/\",\"name\":\"Freundschaft \u00fcber Generationen\",\"isPartOf\":{\"@id\":\"https:\/\/www.sts-education.com\/de-ch\/#website\"},\"primaryImageOfPage\":{\"@id\":\"https:\/\/www.sts-education.com\/de-ch\/news\/freundschaft-ueber-generationen\/#primaryimage\"},\"image\":{\"@id\":\"https:\/\/www.sts-education.com\/de-ch\/news\/freundschaft-ueber-generationen\/#primaryimage\"},\"thumbnailUrl\":\"https:\/\/powered-by.qbank.se\/educatius\/sts\/\/5ae6765775a192cc87e85f993c9f2b05_1-1-thumb.webp\",\"datePublished\":\"2024-03-05T12:48:12+00:00\",\"dateModified\":\"2026-04-01T01:44:04+00:00\",\"breadcrumb\":{\"@id\":\"https:\/\/www.sts-education.com\/de-ch\/news\/freundschaft-ueber-generationen\/#breadcrumb\"},\"inLanguage\":\"de-CH\",\"potentialAction\":[{\"@type\":\"ReadAction\",\"target\":[\"https:\/\/www.sts-education.com\/de-ch\/news\/freundschaft-ueber-generationen\/\"]}]},{\"@type\":\"ImageObject\",\"inLanguage\":\"de-CH\",\"@id\":\"https:\/\/www.sts-education.com\/de-ch\/news\/freundschaft-ueber-generationen\/#primaryimage\",\"url\":\"https:\/\/powered-by.qbank.se\/educatius\/sts\/\/5ae6765775a192cc87e85f993c9f2b05_1-1-thumb.webp\",\"contentUrl\":\"https:\/\/powered-by.qbank.se\/educatius\/sts\/\/5ae6765775a192cc87e85f993c9f2b05_1-1-thumb.webp\",\"width\":150,\"height\":150},{\"@type\":\"BreadcrumbList\",\"@id\":\"https:\/\/www.sts-education.com\/de-ch\/news\/freundschaft-ueber-generationen\/#breadcrumb\",\"itemListElement\":[{\"@type\":\"ListItem\",\"position\":1,\"name\":\"Home\",\"item\":\"https:\/\/www.sts-education.com\/de-ch\/\"},{\"@type\":\"ListItem\",\"position\":2,\"name\":\"Freundschaft Ueber Generationen\"}]},{\"@type\":\"WebSite\",\"@id\":\"https:\/\/www.sts-education.com\/de-ch\/#website\",\"url\":\"https:\/\/www.sts-education.com\/de-ch\/\",\"name\":\"STS Education\",\"description\":\"\",\"potentialAction\":[{\"@type\":\"SearchAction\",\"target\":{\"@type\":\"EntryPoint\",\"urlTemplate\":\"https:\/\/www.sts-education.com\/de-ch\/?s={search_term_string}\"},\"query-input\":{\"@type\":\"PropertyValueSpecification\",\"valueRequired\":true,\"valueName\":\"search_term_string\"}}],\"inLanguage\":\"de-CH\"}]}<\/script>\n<!-- \/ Yoast SEO Premium plugin. -->","yoast_head_json":{"title":"Freundschaft \u00fcber Generationen","robots":{"index":"index","follow":"follow","max-snippet":"max-snippet:-1","max-image-preview":"max-image-preview:large","max-video-preview":"max-video-preview:-1"},"canonical":"https:\/\/www.sts-education.com\/de-ch\/news\/freundschaft-ueber-generationen\/","og_locale":"de_DE","og_type":"article","og_title":"Freundschaft Ueber Generationen","og_url":"https:\/\/www.sts-education.com\/de-ch\/news\/freundschaft-ueber-generationen\/","og_site_name":"STS Education","article_modified_time":"2026-04-01T01:44:04+00:00","og_image":[{"width":150,"height":150,"url":"https:\/\/powered-by.qbank.se\/educatius\/sts\/\/5ae6765775a192cc87e85f993c9f2b05_1-1-thumb.webp","type":"image\/jpeg"}],"twitter_card":"summary_large_image","twitter_misc":{"Gesch\u00e4tzte Lesezeit":"6\u00a0Minuten"},"schema":{"@context":"https:\/\/schema.org","@graph":[{"@type":"WebPage","@id":"https:\/\/www.sts-education.com\/de-ch\/news\/freundschaft-ueber-generationen\/","url":"https:\/\/www.sts-education.com\/de-ch\/news\/freundschaft-ueber-generationen\/","name":"Freundschaft \u00fcber Generationen","isPartOf":{"@id":"https:\/\/www.sts-education.com\/de-ch\/#website"},"primaryImageOfPage":{"@id":"https:\/\/www.sts-education.com\/de-ch\/news\/freundschaft-ueber-generationen\/#primaryimage"},"image":{"@id":"https:\/\/www.sts-education.com\/de-ch\/news\/freundschaft-ueber-generationen\/#primaryimage"},"thumbnailUrl":"https:\/\/powered-by.qbank.se\/educatius\/sts\/\/5ae6765775a192cc87e85f993c9f2b05_1-1-thumb.webp","datePublished":"2024-03-05T12:48:12+00:00","dateModified":"2026-04-01T01:44:04+00:00","breadcrumb":{"@id":"https:\/\/www.sts-education.com\/de-ch\/news\/freundschaft-ueber-generationen\/#breadcrumb"},"inLanguage":"de-CH","potentialAction":[{"@type":"ReadAction","target":["https:\/\/www.sts-education.com\/de-ch\/news\/freundschaft-ueber-generationen\/"]}]},{"@type":"ImageObject","inLanguage":"de-CH","@id":"https:\/\/www.sts-education.com\/de-ch\/news\/freundschaft-ueber-generationen\/#primaryimage","url":"https:\/\/powered-by.qbank.se\/educatius\/sts\/\/5ae6765775a192cc87e85f993c9f2b05_1-1-thumb.webp","contentUrl":"https:\/\/powered-by.qbank.se\/educatius\/sts\/\/5ae6765775a192cc87e85f993c9f2b05_1-1-thumb.webp","width":150,"height":150},{"@type":"BreadcrumbList","@id":"https:\/\/www.sts-education.com\/de-ch\/news\/freundschaft-ueber-generationen\/#breadcrumb","itemListElement":[{"@type":"ListItem","position":1,"name":"Home","item":"https:\/\/www.sts-education.com\/de-ch\/"},{"@type":"ListItem","position":2,"name":"Freundschaft Ueber Generationen"}]},{"@type":"WebSite","@id":"https:\/\/www.sts-education.com\/de-ch\/#website","url":"https:\/\/www.sts-education.com\/de-ch\/","name":"STS Education","description":"","potentialAction":[{"@type":"SearchAction","target":{"@type":"EntryPoint","urlTemplate":"https:\/\/www.sts-education.com\/de-ch\/?s={search_term_string}"},"query-input":{"@type":"PropertyValueSpecification","valueRequired":true,"valueName":"search_term_string"}}],"inLanguage":"de-CH"}]}},"_links":{"self":[{"href":"https:\/\/www.sts-education.com\/de-ch\/wp-json\/wp\/v2\/news\/12395","targetHints":{"allow":["GET"]}}],"collection":[{"href":"https:\/\/www.sts-education.com\/de-ch\/wp-json\/wp\/v2\/news"}],"about":[{"href":"https:\/\/www.sts-education.com\/de-ch\/wp-json\/wp\/v2\/types\/news"}],"author":[{"embeddable":true,"href":"https:\/\/www.sts-education.com\/de-ch\/wp-json\/wp\/v2\/users\/20"}],"replies":[{"embeddable":true,"href":"https:\/\/www.sts-education.com\/de-ch\/wp-json\/wp\/v2\/comments?post=12395"}],"version-history":[{"count":2,"href":"https:\/\/www.sts-education.com\/de-ch\/wp-json\/wp\/v2\/news\/12395\/revisions"}],"predecessor-version":[{"id":18135,"href":"https:\/\/www.sts-education.com\/de-ch\/wp-json\/wp\/v2\/news\/12395\/revisions\/18135"}],"wp:featuredmedia":[{"embeddable":true,"href":"https:\/\/www.sts-education.com\/de-ch\/wp-json\/wp\/v2\/media\/14784"}],"wp:attachment":[{"href":"https:\/\/www.sts-education.com\/de-ch\/wp-json\/wp\/v2\/media?parent=12395"}],"wp:term":[{"taxonomy":"category","embeddable":true,"href":"https:\/\/www.sts-education.com\/de-ch\/wp-json\/wp\/v2\/categories?post=12395"},{"taxonomy":"post_tag","embeddable":true,"href":"https:\/\/www.sts-education.com\/de-ch\/wp-json\/wp\/v2\/tags?post=12395"},{"taxonomy":"wpw_news_folders","embeddable":true,"href":"https:\/\/www.sts-education.com\/de-ch\/wp-json\/wp\/v2\/wpw_news_folders?post=12395"}],"curies":[{"name":"wp","href":"https:\/\/api.w.org\/{rel}","templated":true}]}}