{"id":12314,"date":"2025-04-29T12:00:00","date_gmt":"2025-04-29T10:00:00","guid":{"rendered":"https:\/\/preprod.sts-education.com\/blog\/2026\/03\/05\/santiago-hat-ein-austauschjahr-in-deutschland-gemacht\/"},"modified":"2026-04-29T09:40:10","modified_gmt":"2026-04-29T07:40:10","slug":"santiago-hat-ein-austauschjahr-in-deutschland-gemacht","status":"publish","type":"post","link":"https:\/\/www.sts-education.com\/de-ch\/high-school\/unsere-austauschschueler-innen\/schuler-testimonials\/santiago-hat-ein-austauschjahr-in-deutschland-gemacht\/","title":{"rendered":"Santiago Hat Ein Austauschjahr In Deutschland Gemacht"},"content":{"rendered":"\n<div class=\"wp-block-sts-text sts-text-editor has-max-width-md\"><div class=\"sts-text-editor__content\"><div class=\"sts-text-editor__content-inner\">\n<h1 style=\"text-align:center\">Santiago hat ein Austauschjahr in Deutschland gemacht<\/h1>\n<\/div><\/div><\/div>\n\n\n\n<figure class=\"wp-block-sts-image sts-block-image sts-block-image--count-1 has-max-width-lg\" data-count=\"1\"><div class=\"sts-block-image__grid\"><div class=\"sts-block-image__item\"><picture class=\"sts-responsive-image has-fit-cover has-pos-top is-skeleton\"><source media=\"(max-width: 834.98px)\" srcset=\"https:\/\/powered-by.qbank.se\/educatius\/sts\/43e68672be7254d15af7e5ab3b6ccc65_1-1-thumb.webp 150w, https:\/\/powered-by.qbank.se\/educatius\/sts\/43e68672be7254d15af7e5ab3b6ccc65_1-1-xsmall.webp 500w, https:\/\/powered-by.qbank.se\/educatius\/sts\/43e68672be7254d15af7e5ab3b6ccc65_1-1-small.webp 800w, https:\/\/powered-by.qbank.se\/educatius\/sts\/43e68672be7254d15af7e5ab3b6ccc65_1-1-medium.webp 1024w, https:\/\/powered-by.qbank.se\/educatius\/sts\/43e68672be7254d15af7e5ab3b6ccc65_1-1-large.webp 1536w\" sizes=\"(max-width: 768px) 100vw, (max-width: 1200px) 100vw, 1200px\" type=\"image\/webp\"\/><source media=\"(min-width: 835px)\" srcset=\"https:\/\/powered-by.qbank.se\/educatius\/sts\/43e68672be7254d15af7e5ab3b6ccc65_16-9-small.webp 800w, https:\/\/powered-by.qbank.se\/educatius\/sts\/43e68672be7254d15af7e5ab3b6ccc65_16-9-medium.webp 1024w, https:\/\/powered-by.qbank.se\/educatius\/sts\/43e68672be7254d15af7e5ab3b6ccc65_16-9-large.webp 1536w\" sizes=\"(max-width: 768px) 100vw, (max-width: 1200px) 100vw, 1200px\" type=\"image\/webp\"\/><img src=\"https:\/\/powered-by.qbank.se\/educatius\/sts\/43e68672be7254d15af7e5ab3b6ccc65_1-1-thumb.webp\" alt=\"Santiago hat ein Austauschjahr in Deutschland gemacht\" loading=\"lazy\" decoding=\"async\" fetchpriority=\"low\" style=\"object-position:top\"\/><\/picture><\/div><\/div><\/figure>\n\n\n\n<div class=\"wp-block-sts-text sts-text-editor has-max-width-md\"><div class=\"sts-text-editor__content\"><div class=\"sts-text-editor__content-inner\">\n<p><em>Santiago aus Mexiko hat ein Schuljahr in Deutschland verbracht.<\/em><\/p>\n<\/div><\/div><\/div>\n\n\n\n<div class=\"wp-block-sts-text sts-text-editor has-max-width-md\"><div class=\"sts-text-editor__content\"><div class=\"sts-text-editor__content-inner\">\n<p>Im letzten Schuljahr war ich Austauschsch\u00fcler mit STS in Deutschland. Mein Plan war, hier eine neue Kultur zu erleben, mein Deutsch zu verbessern, so viel wie m\u00f6glich zu entdecken, mich selbst herauszufordern und meine Komfortzone zu verlassen. Deutschland schien mir die perfekte neue Heimat f\u00fcr ein Jahr und meine Erwartungen wurden sogar \u00fcbertroffen. Am Anfang war ich ein bisschen \u00fcberw\u00e4ltigt von der neuen Schule und dem anderen Lebensstil. Ich erlebte einige Kulturschocks. Aber mit der Zeit fand ich meinen Rhythmus und gew\u00f6hnte mich an mein neues Leben. Hier ist die Kurzfassung meines Jahres in Fulda, Deutschland.<\/p>\n<h2>Meine GROSSE Gastfamilie<\/h2>\n<p>Schon in dem Moment, als ich am Flughafen landete und von meiner Gastfamilie begr\u00fcsst wurde, f\u00fchlte ich ganz viel W\u00e4rme in ihnen. Sie brachten einen Ballon und den Familienhund mit und begr\u00fcssten mich mit herzlichem L\u00e4cheln. So machten sie mir den Start ganz einfach. Das Leben in einer Gastfamilie war eine einmalige Erfahrung. Was f\u00fcr eine \u00dcberraschung, dass ich eine sechsk\u00f6pfige Familie haben sollte! Ich selbst habe nur einen j\u00fcngeren Bruder. Nat\u00fcrlich gab es zwischendurch auch mal kleine Auseinandersetzungen, aber die waren Teil des Erlebnisses.<\/p>\n<p>Ich habe viel \u00fcber die deutsche Kultur und das Alltagsleben gelernt, gew\u00f6hnte mich an Abendessen zu einer ungewohnten Zeit und freute mich immer auf Kaffee und Kuchen mit Oma und Opa am Sonntag. Meine Gastfamilie war einfach die Beste! Ich baute zu jedem Familienmitglied eine enge Beziehung auf, sogar mit der Verwandtschaft und Familienfreunden. Wir reisten in den Herbstferien zusammen nach Griechenland und im Winter in die \u00f6sterreichischen Alpen. Das war mein erstes Mal auf Skiern und ein Highlight, das ich nicht vergessen werde. Ich durfte auch Fussballspiele in einigen der besten Stadien Deutschlands erleben und habe viele sch\u00f6ne Erinnerungen an ganz normale Tage, die wir miteinander verbracht haben.<\/p>\n<h2>Meine deutsche Schule<\/h2>\n<p>Meine Schule in Fulda war ganz anders als in Mexiko. Ich war \u00fcberrascht, als ich im Gymnasium ankam und feststellte, dass alle Sch\u00fcler von der 5. bis zur 13. Klasse im selben Geb\u00e4ude untergebracht waren. Die Schule kam mir auch sehr viel ernsthafter vor. Die Sch\u00fcler gingen viel f\u00f6rmlicher mit den Lehrern um. Es gab wenig Hausaufgaben und Gruppenprojekte, stattdessen viele Klausuren. Trotzdem lebte ich mich nach ein paar Wochen ein und nutzte die Gelegenheit, mein Deutsch zu verbessern und viel Neues zu lernen.<\/p>\n<p>Darstellendes Spiel (Theater) wurde mein Lieblingsfach. Es bedeutete eine grosse Herausforderung, aber auch sehr viel Spass, in einer anderen Sprache zu schauspielern (auch wenn ich nicht besonders begabt darin war). Ich habe viele lustige Momente mit meinen Klassenkameraden erlebt. In der Schule fand ich auch meine ersten guten Freunde, mit denen ich das ganze Schuljahr lang viel Zeit verbrachte. Ich weiss es sehr zu sch\u00e4tzen, dass sie mutig und nett genug waren, mich in den ersten Tagen anzusprechen. Obwohl sie am Anfang viel Englisch mit mir sprechen mussten, hatten sie kein Problem damit. Als mir nach ein paar Wochen die Sprache leichter fiel, haben wir uns \u00fcber die gleichen Dinge komplett auf Deutsch unterhalten!<\/p>\n<h2>Freunde und Leben in Deutschland<\/h2>\n<p>Obwohl ich meine ersten Freunde in der Schule fand, lernte ich noch viele weitere Freunde kennen, mit denen ich fast jedes Wochenende verbracht habe. (Shout-Out an Luca, Bene, Nele und Aurora, die ich nat\u00fcrlich immer noch bei jeder Gelegenheit sehe). Wir gingen oft nach der Schule zusammen in die Stadt, hingen wie typische \u201eDorfkinder\u201c draussen rum oder trafen uns zu Hause. Wir fuhren oft zusammen nach Frankfurt oder machten am Wochenende Party. Das Leben in Deutschland ist f\u00fcr Teenager unglaublich. Durch die Menge an \u00f6ffentlichem Nahverkehr hier ist es extrem einfach, sich fortzubewegen. F\u00fcr mich war das ein Riesenunterschied, weil ich in Mexiko f\u00fcr alles ein Auto brauche. Ich hatte tolle neue Erlebnisse, wie verschneite Weihnachtsm\u00e4rkte oder Fasching. Ausserdem entdeckte ich neue Lieblingshobbys wie Bouldern, was ich 3-4 Nachmittage pro Woche machte.<\/p>\n<h2>STS Reisen und internationale Freunde<\/h2>\n<p>Die beiden Reise, die STS nach Hamburg und Berlin organisierte, waren Highlights f\u00fcr sich. Ich lernte andere Sch\u00fcler kennen, die in der gleichen Situation waren wie ich und wir verbrachten zwei tolle Wochenenden miteinander, erz\u00e4hlten uns Geschichten und hatten tolle Momente. Ich habe gute Freunde aus Italien, der Slowakei und auch aus Mexiko gefunden.<\/p>\n<h2>Mein R\u00fcckblick \u2013 und Ausblick<\/h2>\n<p>Mein Austauschjahr war eine unvergessliche Erfahrung, die mich viel reifer gemacht hat. Ich bin selbst\u00e4ndiger geworden, habe mein Deutsch unglaublich verbessert und dadurch ganz neue M\u00f6glichkeiten bekommen. Ich lebe und studiere jetzt wieder in Deutschland und liebe es und das verdanke ich meinem Austausch. Ich hatte die Chance, mir Gedanken \u00fcber meine Zukunft zu machen und eigene Entscheidungen zu treffen. Seit ich zur\u00fcck in Deutschland bin, habe ich schon zwei Mal meine Gastfamilie besucht und hatte wieder einmal eins der sch\u00f6nsten Weihnachtsfeste, an die ich mich erinnern kann.<\/p>\n<h2>Mein Tipp<\/h2>\n<p>Ein Auslandsjahr ist deine Chance, neue M\u00f6glichkeiten zu entdecken, tolle Menschen kennenzulernen und mehr \u00fcber dich selbst, deine Leidenschaften und Tr\u00e4ume zu lernen.<\/p>\n<h2>Erfahre mehr<\/h2>\n<ul><li>Lies mehr <a href=\"https:\/\/www.sts-education.com\/de-ch\/high-school-2\/unsere-austauschschueler-innen\/schuler-testimonials\/?hashtag=Deutschland\">Sch\u00fclergeschichten aus Deutschland<\/a><\/li>\n<li>Informiere dich \u00fcber <a href=\"https:\/\/www.sts-education.com\/de-ch\/high-school\/gastlaender\/europa\/deutschland\/\">High School-Austausch in Deutschland<\/a><\/li>\n<li>Alle <a href=\"\/de-ch\/high-school\/tripfinder\/\">High School-Austauschl\u00e4nder<\/a><\/li><\/ul>\n<\/div><\/div><\/div>\n","protected":false},"excerpt":{"rendered":"","protected":false},"author":20,"featured_media":40511,"comment_status":"open","ping_status":"open","sticky":false,"template":"","format":"standard","meta":{"_acf_changed":false,"_yoast_wpseo_title":"Santiago hat ein Austauschjahr in Deutschland gemacht","_yoast_wpseo_metadesc":"Mein Plan war, hier eine neue Kultur zu erleben, mein Deutsch zu verbessern, so viel wie m\u00f6glich zu entdecken, mich selbst herauszufordern und meine Komfortzone zu verlassen.","footnotes":""},"categories":[298],"tags":[1077],"wpw_post_folders":[],"class_list":["post-12314","post","type-post","status-publish","format-standard","has-post-thumbnail","hentry","category-uncategorized-de-ch","tag-deutschland"],"acf":[],"yoast_head":"<!-- This site is optimized with the Yoast SEO Premium plugin v27.2 (Yoast SEO v27.2) - https:\/\/yoast.com\/product\/yoast-seo-premium-wordpress\/ -->\n<title>Santiago hat ein Austauschjahr in Deutschland gemacht<\/title>\n<meta name=\"description\" content=\"Mein Plan war, hier eine neue Kultur zu erleben, mein Deutsch zu verbessern, so viel wie m\u00f6glich zu entdecken, mich selbst herauszufordern und meine Komfortzone zu verlassen.\" \/>\n<meta name=\"robots\" content=\"index, follow, max-snippet:-1, max-image-preview:large, max-video-preview:-1\" \/>\n<link rel=\"canonical\" href=\"https:\/\/www.sts-education.com\/de-ch\/high-school\/unsere-austauschschueler-innen\/schuler-testimonials\/santiago-hat-ein-austauschjahr-in-deutschland-gemacht\/\" \/>\n<meta property=\"og:locale\" content=\"de_DE\" \/>\n<meta property=\"og:type\" content=\"article\" \/>\n<meta property=\"og:title\" content=\"Santiago Hat Ein Austauschjahr In Deutschland Gemacht\" \/>\n<meta property=\"og:description\" content=\"Mein Plan war, hier eine neue Kultur zu erleben, mein Deutsch zu verbessern, so viel wie m\u00f6glich zu entdecken, mich selbst herauszufordern und meine Komfortzone zu verlassen.\" \/>\n<meta property=\"og:url\" content=\"https:\/\/www.sts-education.com\/de-ch\/high-school\/unsere-austauschschueler-innen\/schuler-testimonials\/santiago-hat-ein-austauschjahr-in-deutschland-gemacht\/\" \/>\n<meta property=\"og:site_name\" content=\"STS Education\" \/>\n<meta property=\"article:published_time\" content=\"2025-04-29T10:00:00+00:00\" \/>\n<meta property=\"article:modified_time\" content=\"2026-04-29T07:40:10+00:00\" \/>\n<meta property=\"og:image\" content=\"https:\/\/powered-by.qbank.se\/educatius\/sts\/\/43e68672be7254d15af7e5ab3b6ccc65_1-1-thumb.webp\" \/>\n\t<meta property=\"og:image:width\" content=\"150\" \/>\n\t<meta property=\"og:image:height\" content=\"150\" \/>\n\t<meta property=\"og:image:type\" content=\"image\/png\" \/>\n<meta name=\"author\" content=\"syncreadwrite\" \/>\n<meta name=\"twitter:card\" content=\"summary_large_image\" \/>\n<meta name=\"twitter:label1\" content=\"Geschrieben von\" \/>\n\t<meta name=\"twitter:data1\" content=\"syncreadwrite\" \/>\n\t<meta name=\"twitter:label2\" content=\"Gesch\u00e4tzte Lesezeit\" \/>\n\t<meta name=\"twitter:data2\" content=\"4\u00a0Minuten\" \/>\n<script type=\"application\/ld+json\" class=\"yoast-schema-graph\">{\"@context\":\"https:\/\/schema.org\",\"@graph\":[{\"@type\":\"Article\",\"@id\":\"https:\/\/www.sts-education.com\/de-ch\/high-school\/unsere-austauschschueler-innen\/schuler-testimonials\/santiago-hat-ein-austauschjahr-in-deutschland-gemacht\/#article\",\"isPartOf\":{\"@id\":\"https:\/\/www.sts-education.com\/de-ch\/high-school\/unsere-austauschschueler-innen\/schuler-testimonials\/santiago-hat-ein-austauschjahr-in-deutschland-gemacht\/\"},\"author\":{\"name\":\"syncreadwrite\",\"@id\":\"https:\/\/www.sts-education.com\/de-ch\/#\/schema\/person\/8b82f3a2e45f020b8f296d7a85d9a97c\"},\"headline\":\"Santiago Hat Ein Austauschjahr In Deutschland Gemacht\",\"datePublished\":\"2025-04-29T10:00:00+00:00\",\"dateModified\":\"2026-04-29T07:40:10+00:00\",\"mainEntityOfPage\":{\"@id\":\"https:\/\/www.sts-education.com\/de-ch\/high-school\/unsere-austauschschueler-innen\/schuler-testimonials\/santiago-hat-ein-austauschjahr-in-deutschland-gemacht\/\"},\"wordCount\":883,\"commentCount\":0,\"image\":{\"@id\":\"https:\/\/www.sts-education.com\/de-ch\/high-school\/unsere-austauschschueler-innen\/schuler-testimonials\/santiago-hat-ein-austauschjahr-in-deutschland-gemacht\/#primaryimage\"},\"thumbnailUrl\":\"https:\/\/powered-by.qbank.se\/educatius\/sts\/\/43e68672be7254d15af7e5ab3b6ccc65_1-1-thumb.webp\",\"keywords\":[\"Deutschland\"],\"articleSection\":[\"Uncategorized @de-ch\"],\"inLanguage\":\"de-CH\",\"potentialAction\":[{\"@type\":\"CommentAction\",\"name\":\"Comment\",\"target\":[\"https:\/\/www.sts-education.com\/de-ch\/high-school\/unsere-austauschschueler-innen\/schuler-testimonials\/santiago-hat-ein-austauschjahr-in-deutschland-gemacht\/#respond\"]}]},{\"@type\":\"WebPage\",\"@id\":\"https:\/\/www.sts-education.com\/de-ch\/high-school\/unsere-austauschschueler-innen\/schuler-testimonials\/santiago-hat-ein-austauschjahr-in-deutschland-gemacht\/\",\"url\":\"https:\/\/www.sts-education.com\/de-ch\/high-school\/unsere-austauschschueler-innen\/schuler-testimonials\/santiago-hat-ein-austauschjahr-in-deutschland-gemacht\/\",\"name\":\"Santiago hat ein Austauschjahr in Deutschland gemacht\",\"isPartOf\":{\"@id\":\"https:\/\/www.sts-education.com\/de-ch\/#website\"},\"primaryImageOfPage\":{\"@id\":\"https:\/\/www.sts-education.com\/de-ch\/high-school\/unsere-austauschschueler-innen\/schuler-testimonials\/santiago-hat-ein-austauschjahr-in-deutschland-gemacht\/#primaryimage\"},\"image\":{\"@id\":\"https:\/\/www.sts-education.com\/de-ch\/high-school\/unsere-austauschschueler-innen\/schuler-testimonials\/santiago-hat-ein-austauschjahr-in-deutschland-gemacht\/#primaryimage\"},\"thumbnailUrl\":\"https:\/\/powered-by.qbank.se\/educatius\/sts\/\/43e68672be7254d15af7e5ab3b6ccc65_1-1-thumb.webp\",\"datePublished\":\"2025-04-29T10:00:00+00:00\",\"dateModified\":\"2026-04-29T07:40:10+00:00\",\"author\":{\"@id\":\"https:\/\/www.sts-education.com\/de-ch\/#\/schema\/person\/8b82f3a2e45f020b8f296d7a85d9a97c\"},\"description\":\"Mein Plan war, hier eine neue Kultur zu erleben, mein Deutsch zu verbessern, so viel wie m\u00f6glich zu entdecken, mich selbst herauszufordern und meine Komfortzone zu verlassen.\",\"breadcrumb\":{\"@id\":\"https:\/\/www.sts-education.com\/de-ch\/high-school\/unsere-austauschschueler-innen\/schuler-testimonials\/santiago-hat-ein-austauschjahr-in-deutschland-gemacht\/#breadcrumb\"},\"inLanguage\":\"de-CH\",\"potentialAction\":[{\"@type\":\"ReadAction\",\"target\":[\"https:\/\/www.sts-education.com\/de-ch\/high-school\/unsere-austauschschueler-innen\/schuler-testimonials\/santiago-hat-ein-austauschjahr-in-deutschland-gemacht\/\"]}]},{\"@type\":\"ImageObject\",\"inLanguage\":\"de-CH\",\"@id\":\"https:\/\/www.sts-education.com\/de-ch\/high-school\/unsere-austauschschueler-innen\/schuler-testimonials\/santiago-hat-ein-austauschjahr-in-deutschland-gemacht\/#primaryimage\",\"url\":\"https:\/\/powered-by.qbank.se\/educatius\/sts\/\/43e68672be7254d15af7e5ab3b6ccc65_1-1-thumb.webp\",\"contentUrl\":\"https:\/\/powered-by.qbank.se\/educatius\/sts\/\/43e68672be7254d15af7e5ab3b6ccc65_1-1-thumb.webp\",\"width\":150,\"height\":150},{\"@type\":\"BreadcrumbList\",\"@id\":\"https:\/\/www.sts-education.com\/de-ch\/high-school\/unsere-austauschschueler-innen\/schuler-testimonials\/santiago-hat-ein-austauschjahr-in-deutschland-gemacht\/#breadcrumb\",\"itemListElement\":[{\"@type\":\"ListItem\",\"position\":1,\"name\":\"Home\",\"item\":\"https:\/\/www.sts-education.com\/de-ch\/\"},{\"@type\":\"ListItem\",\"position\":2,\"name\":\"Santiago Hat Ein Austauschjahr In Deutschland Gemacht\"}]},{\"@type\":\"WebSite\",\"@id\":\"https:\/\/www.sts-education.com\/de-ch\/#website\",\"url\":\"https:\/\/www.sts-education.com\/de-ch\/\",\"name\":\"STS Education\",\"description\":\"\",\"potentialAction\":[{\"@type\":\"SearchAction\",\"target\":{\"@type\":\"EntryPoint\",\"urlTemplate\":\"https:\/\/www.sts-education.com\/de-ch\/?s={search_term_string}\"},\"query-input\":{\"@type\":\"PropertyValueSpecification\",\"valueRequired\":true,\"valueName\":\"search_term_string\"}}],\"inLanguage\":\"de-CH\"},{\"@type\":\"Person\",\"@id\":\"https:\/\/www.sts-education.com\/de-ch\/#\/schema\/person\/8b82f3a2e45f020b8f296d7a85d9a97c\",\"name\":\"syncreadwrite\",\"image\":{\"@type\":\"ImageObject\",\"inLanguage\":\"de-CH\",\"@id\":\"https:\/\/secure.gravatar.com\/avatar\/6ed1007e4f6f43f22e3df41d9fce4365533cba47fef64bb359b8e629abbc2ea6?s=96&d=mm&r=g\",\"url\":\"https:\/\/secure.gravatar.com\/avatar\/6ed1007e4f6f43f22e3df41d9fce4365533cba47fef64bb359b8e629abbc2ea6?s=96&d=mm&r=g\",\"contentUrl\":\"https:\/\/secure.gravatar.com\/avatar\/6ed1007e4f6f43f22e3df41d9fce4365533cba47fef64bb359b8e629abbc2ea6?s=96&d=mm&r=g\",\"caption\":\"syncreadwrite\"},\"url\":\"https:\/\/www.sts-education.com\/de-ch\/author\/syncreadwrite\/\"}]}<\/script>\n<!-- \/ Yoast SEO Premium plugin. -->","yoast_head_json":{"title":"Santiago hat ein Austauschjahr in Deutschland gemacht","description":"Mein Plan war, hier eine neue Kultur zu erleben, mein Deutsch zu verbessern, so viel wie m\u00f6glich zu entdecken, mich selbst herauszufordern und meine Komfortzone zu verlassen.","robots":{"index":"index","follow":"follow","max-snippet":"max-snippet:-1","max-image-preview":"max-image-preview:large","max-video-preview":"max-video-preview:-1"},"canonical":"https:\/\/www.sts-education.com\/de-ch\/high-school\/unsere-austauschschueler-innen\/schuler-testimonials\/santiago-hat-ein-austauschjahr-in-deutschland-gemacht\/","og_locale":"de_DE","og_type":"article","og_title":"Santiago Hat Ein Austauschjahr In Deutschland Gemacht","og_description":"Mein Plan war, hier eine neue Kultur zu erleben, mein Deutsch zu verbessern, so viel wie m\u00f6glich zu entdecken, mich selbst herauszufordern und meine Komfortzone zu verlassen.","og_url":"https:\/\/www.sts-education.com\/de-ch\/high-school\/unsere-austauschschueler-innen\/schuler-testimonials\/santiago-hat-ein-austauschjahr-in-deutschland-gemacht\/","og_site_name":"STS Education","article_published_time":"2025-04-29T10:00:00+00:00","article_modified_time":"2026-04-29T07:40:10+00:00","og_image":[{"width":150,"height":150,"url":"https:\/\/powered-by.qbank.se\/educatius\/sts\/\/43e68672be7254d15af7e5ab3b6ccc65_1-1-thumb.webp","type":"image\/png"}],"author":"syncreadwrite","twitter_card":"summary_large_image","twitter_misc":{"Geschrieben von":"syncreadwrite","Gesch\u00e4tzte Lesezeit":"4\u00a0Minuten"},"schema":{"@context":"https:\/\/schema.org","@graph":[{"@type":"Article","@id":"https:\/\/www.sts-education.com\/de-ch\/high-school\/unsere-austauschschueler-innen\/schuler-testimonials\/santiago-hat-ein-austauschjahr-in-deutschland-gemacht\/#article","isPartOf":{"@id":"https:\/\/www.sts-education.com\/de-ch\/high-school\/unsere-austauschschueler-innen\/schuler-testimonials\/santiago-hat-ein-austauschjahr-in-deutschland-gemacht\/"},"author":{"name":"syncreadwrite","@id":"https:\/\/www.sts-education.com\/de-ch\/#\/schema\/person\/8b82f3a2e45f020b8f296d7a85d9a97c"},"headline":"Santiago Hat Ein Austauschjahr In Deutschland Gemacht","datePublished":"2025-04-29T10:00:00+00:00","dateModified":"2026-04-29T07:40:10+00:00","mainEntityOfPage":{"@id":"https:\/\/www.sts-education.com\/de-ch\/high-school\/unsere-austauschschueler-innen\/schuler-testimonials\/santiago-hat-ein-austauschjahr-in-deutschland-gemacht\/"},"wordCount":883,"commentCount":0,"image":{"@id":"https:\/\/www.sts-education.com\/de-ch\/high-school\/unsere-austauschschueler-innen\/schuler-testimonials\/santiago-hat-ein-austauschjahr-in-deutschland-gemacht\/#primaryimage"},"thumbnailUrl":"https:\/\/powered-by.qbank.se\/educatius\/sts\/\/43e68672be7254d15af7e5ab3b6ccc65_1-1-thumb.webp","keywords":["Deutschland"],"articleSection":["Uncategorized @de-ch"],"inLanguage":"de-CH","potentialAction":[{"@type":"CommentAction","name":"Comment","target":["https:\/\/www.sts-education.com\/de-ch\/high-school\/unsere-austauschschueler-innen\/schuler-testimonials\/santiago-hat-ein-austauschjahr-in-deutschland-gemacht\/#respond"]}]},{"@type":"WebPage","@id":"https:\/\/www.sts-education.com\/de-ch\/high-school\/unsere-austauschschueler-innen\/schuler-testimonials\/santiago-hat-ein-austauschjahr-in-deutschland-gemacht\/","url":"https:\/\/www.sts-education.com\/de-ch\/high-school\/unsere-austauschschueler-innen\/schuler-testimonials\/santiago-hat-ein-austauschjahr-in-deutschland-gemacht\/","name":"Santiago hat ein Austauschjahr in Deutschland gemacht","isPartOf":{"@id":"https:\/\/www.sts-education.com\/de-ch\/#website"},"primaryImageOfPage":{"@id":"https:\/\/www.sts-education.com\/de-ch\/high-school\/unsere-austauschschueler-innen\/schuler-testimonials\/santiago-hat-ein-austauschjahr-in-deutschland-gemacht\/#primaryimage"},"image":{"@id":"https:\/\/www.sts-education.com\/de-ch\/high-school\/unsere-austauschschueler-innen\/schuler-testimonials\/santiago-hat-ein-austauschjahr-in-deutschland-gemacht\/#primaryimage"},"thumbnailUrl":"https:\/\/powered-by.qbank.se\/educatius\/sts\/\/43e68672be7254d15af7e5ab3b6ccc65_1-1-thumb.webp","datePublished":"2025-04-29T10:00:00+00:00","dateModified":"2026-04-29T07:40:10+00:00","author":{"@id":"https:\/\/www.sts-education.com\/de-ch\/#\/schema\/person\/8b82f3a2e45f020b8f296d7a85d9a97c"},"description":"Mein Plan war, hier eine neue Kultur zu erleben, mein Deutsch zu verbessern, so viel wie m\u00f6glich zu entdecken, mich selbst herauszufordern und meine Komfortzone zu verlassen.","breadcrumb":{"@id":"https:\/\/www.sts-education.com\/de-ch\/high-school\/unsere-austauschschueler-innen\/schuler-testimonials\/santiago-hat-ein-austauschjahr-in-deutschland-gemacht\/#breadcrumb"},"inLanguage":"de-CH","potentialAction":[{"@type":"ReadAction","target":["https:\/\/www.sts-education.com\/de-ch\/high-school\/unsere-austauschschueler-innen\/schuler-testimonials\/santiago-hat-ein-austauschjahr-in-deutschland-gemacht\/"]}]},{"@type":"ImageObject","inLanguage":"de-CH","@id":"https:\/\/www.sts-education.com\/de-ch\/high-school\/unsere-austauschschueler-innen\/schuler-testimonials\/santiago-hat-ein-austauschjahr-in-deutschland-gemacht\/#primaryimage","url":"https:\/\/powered-by.qbank.se\/educatius\/sts\/\/43e68672be7254d15af7e5ab3b6ccc65_1-1-thumb.webp","contentUrl":"https:\/\/powered-by.qbank.se\/educatius\/sts\/\/43e68672be7254d15af7e5ab3b6ccc65_1-1-thumb.webp","width":150,"height":150},{"@type":"BreadcrumbList","@id":"https:\/\/www.sts-education.com\/de-ch\/high-school\/unsere-austauschschueler-innen\/schuler-testimonials\/santiago-hat-ein-austauschjahr-in-deutschland-gemacht\/#breadcrumb","itemListElement":[{"@type":"ListItem","position":1,"name":"Home","item":"https:\/\/www.sts-education.com\/de-ch\/"},{"@type":"ListItem","position":2,"name":"Santiago Hat Ein Austauschjahr In Deutschland Gemacht"}]},{"@type":"WebSite","@id":"https:\/\/www.sts-education.com\/de-ch\/#website","url":"https:\/\/www.sts-education.com\/de-ch\/","name":"STS Education","description":"","potentialAction":[{"@type":"SearchAction","target":{"@type":"EntryPoint","urlTemplate":"https:\/\/www.sts-education.com\/de-ch\/?s={search_term_string}"},"query-input":{"@type":"PropertyValueSpecification","valueRequired":true,"valueName":"search_term_string"}}],"inLanguage":"de-CH"},{"@type":"Person","@id":"https:\/\/www.sts-education.com\/de-ch\/#\/schema\/person\/8b82f3a2e45f020b8f296d7a85d9a97c","name":"syncreadwrite","image":{"@type":"ImageObject","inLanguage":"de-CH","@id":"https:\/\/secure.gravatar.com\/avatar\/6ed1007e4f6f43f22e3df41d9fce4365533cba47fef64bb359b8e629abbc2ea6?s=96&d=mm&r=g","url":"https:\/\/secure.gravatar.com\/avatar\/6ed1007e4f6f43f22e3df41d9fce4365533cba47fef64bb359b8e629abbc2ea6?s=96&d=mm&r=g","contentUrl":"https:\/\/secure.gravatar.com\/avatar\/6ed1007e4f6f43f22e3df41d9fce4365533cba47fef64bb359b8e629abbc2ea6?s=96&d=mm&r=g","caption":"syncreadwrite"},"url":"https:\/\/www.sts-education.com\/de-ch\/author\/syncreadwrite\/"}]}},"_links":{"self":[{"href":"https:\/\/www.sts-education.com\/de-ch\/wp-json\/wp\/v2\/posts\/12314","targetHints":{"allow":["GET"]}}],"collection":[{"href":"https:\/\/www.sts-education.com\/de-ch\/wp-json\/wp\/v2\/posts"}],"about":[{"href":"https:\/\/www.sts-education.com\/de-ch\/wp-json\/wp\/v2\/types\/post"}],"author":[{"embeddable":true,"href":"https:\/\/www.sts-education.com\/de-ch\/wp-json\/wp\/v2\/users\/20"}],"replies":[{"embeddable":true,"href":"https:\/\/www.sts-education.com\/de-ch\/wp-json\/wp\/v2\/comments?post=12314"}],"version-history":[{"count":5,"href":"https:\/\/www.sts-education.com\/de-ch\/wp-json\/wp\/v2\/posts\/12314\/revisions"}],"predecessor-version":[{"id":43234,"href":"https:\/\/www.sts-education.com\/de-ch\/wp-json\/wp\/v2\/posts\/12314\/revisions\/43234"}],"wp:featuredmedia":[{"embeddable":true,"href":"https:\/\/www.sts-education.com\/de-ch\/wp-json\/wp\/v2\/media\/40511"}],"wp:attachment":[{"href":"https:\/\/www.sts-education.com\/de-ch\/wp-json\/wp\/v2\/media?parent=12314"}],"wp:term":[{"taxonomy":"category","embeddable":true,"href":"https:\/\/www.sts-education.com\/de-ch\/wp-json\/wp\/v2\/categories?post=12314"},{"taxonomy":"post_tag","embeddable":true,"href":"https:\/\/www.sts-education.com\/de-ch\/wp-json\/wp\/v2\/tags?post=12314"},{"taxonomy":"wpw_post_folders","embeddable":true,"href":"https:\/\/www.sts-education.com\/de-ch\/wp-json\/wp\/v2\/wpw_post_folders?post=12314"}],"curies":[{"name":"wp","href":"https:\/\/api.w.org\/{rel}","templated":true}]}}