{"id":12327,"date":"2024-10-21T14:00:00","date_gmt":"2024-10-21T14:00:00","guid":{"rendered":"https:\/\/preprod.sts-education.com\/blog\/2026\/03\/05\/matteo-war-ein-jahr-in-deutschland\/"},"modified":"2026-04-14T10:29:15","modified_gmt":"2026-04-14T10:29:15","slug":"matteo-war-ein-jahr-in-deutschland","status":"publish","type":"post","link":"https:\/\/www.sts-education.com\/de-ch\/high-school\/unsere-austauschschueler-innen\/schuler-testimonials\/matteo-war-ein-jahr-in-deutschland\/","title":{"rendered":"Matteo War Ein Jahr In Deutschland"},"content":{"rendered":"\n<div class=\"wp-block-sts-text sts-text-editor has-max-width-md\"><div class=\"sts-text-editor__content\"><div class=\"sts-text-editor__content-inner\">\n<h1 style=\"text-align:center\">Matteo war ein Jahr in Deutschland<\/h1>\n<\/div><\/div><\/div>\n\n\n\n<figure class=\"wp-block-sts-image sts-block-image sts-block-image--count-1 has-max-width-md\" data-count=\"1\"><div class=\"sts-block-image__grid\"><div class=\"sts-block-image__item\"><picture class=\"sts-responsive-image has-fit-cover has-pos-top is-skeleton\"><img src=\"https:\/\/cdn.sts-education.com\/13343_hero_md.jpg\" alt=\"Matteo war ein Jahr in Deutschland\" loading=\"lazy\" decoding=\"async\" fetchpriority=\"low\" sizes=\"(max-width: 736px) 100vw, 736px\"\/><\/picture><\/div><\/div><\/figure>\n\n\n\n<div class=\"wp-block-sts-text sts-text-editor has-max-width-md\"><div class=\"sts-text-editor__content\"><div class=\"sts-text-editor__content-inner\">\n<p><em>Hallo! Ich bin Matteo aus Italien und ich bin 19 Jahre alt. Im August 2022 habe ich meinen Austausch in Deutschland gestartet. Ich blieb bis Juni 2023, also ein ganzes Schuljahr. <\/em><\/p>\n<\/div><\/div><\/div>\n\n\n\n<div class=\"wp-block-sts-text sts-text-editor has-max-width-md\"><div class=\"sts-text-editor__content\"><div class=\"sts-text-editor__content-inner\">\n<p>Ich habe mich f\u00fcr Deutschland entschieden, weil ich in der Schule Deutsch als Fremdsprache gelernt habe. Das Austauschprogramm war die beste Gelegenheit, meine Sprachkenntnisse zu verbessern und selbst\u00e4ndiger zu werden.<\/p>\n<p>Die Schule, die ich besuchte, war sehr gastfreundlich und ich geh\u00f6rte sofort dazu, auch wenn es nicht leicht war, Freunde zu finden.<\/p>\n<p>Das Beste an meinem Austauschjahr war meine Gastfamilie. Wir haben unsere Zeit zusammen sehr genossen und neue Orte und St\u00e4dte besucht, wie Hamburg und Bremen. Eine sehr sch\u00f6ne Erinnerung ist die Party zu meinem 18. Geburtstag, die sie f\u00fcr mich organisiert haben: Das war f\u00fcr mich noch mal ein Zeichen, wie gern sie mich hatten.<\/p>\n<p>Am Anfang war es schon schwierig, mich an den deutschen Lebensstil anzupassen, denn der Kulturschock, den ich erlebte, kam unerwartet. Aber alles, was wir gemeinsam gemacht und unternommen haben, machte es mir einfacher, mich an die neuen Routinen zu gew\u00f6hnen.<\/p>\n<p>Am Ende meines Austauschjahres f\u00fchlte ich mich irgendwie vollst\u00e4ndig und besser als vorher. Also w\u00fcrde ich nat\u00fcrlich jedem einen Highschool-Austausch empfehlen. Es ist eine unglaubliche Chance, eine neue Perspektive auf das Leben zu gewinnen und ein reiferer Mensch zu werden.<\/p>\n<p>Ich bin STS dankbar, dass ich all diese Erfahrungen machen konnte. Das STS Team hat immer zugeh\u00f6rt, meine W\u00fcnsche erf\u00fcllt und daf\u00fcr gesorgt, dass ich mich wohl und willkommen f\u00fchle (das Willkommenstreffen war super, um andere Austauschsch\u00fcler kennenzulernen).<\/p>\n<p>Euch Lesern m\u00f6chte ich nur raten, traut euch, etwas vollkommen Neues zu erleben und macht ein Austauschjahr. Macht so viele Erfahrungen wie m\u00f6glich, sie werden zu eurem pers\u00f6nlichen Wachstum beitragen und ihr werdet entdecken, was ihr wirklich mit eurem Leben anfangen wollt.<\/p>\n<p>Also lasst euer Austauschjahr beginnen!<\/p>\n<h2>Erfahre mehr<\/h2>\n<ul><li>Lies mehr <a href=\"https:\/\/www.sts-education.com\/de-ch\/high-school-2\/unsere-austauschschueler-innen\/schuler-testimonials\/?hashtag=Deutschland\">Sch\u00fclergeschichten aus Deutschland<\/a><\/li>\n<li>Informiere dich \u00fcber <a href=\"https:\/\/www.sts-education.com\/de-ch\/high-school\/gastlaender\/europa\/deutschland\/\">High School-Austausch in Deutschland<\/a><\/li>\n<li>Alle <a href=\"\/de-ch\/high-school\/tripfinder\/\">High School-Austauschl\u00e4nder<\/a><\/li><\/ul>\n<\/div><\/div><\/div>\n","protected":false},"excerpt":{"rendered":"","protected":false},"author":20,"featured_media":13168,"comment_status":"open","ping_status":"open","sticky":false,"template":"","format":"standard","meta":{"_acf_changed":false,"_yoast_wpseo_title":"Matteo war ein Jahr in Deutschland","_yoast_wpseo_metadesc":"Das Beste an meinem Austauschjahr war meine Gastfamilie. Wir haben unsere Zeit zusammen sehr genossen und neue Orte und St\u00e4dte besucht, wie Hamburg und Bremen.","footnotes":""},"categories":[298],"tags":[1077],"wpw_post_folders":[],"class_list":["post-12327","post","type-post","status-publish","format-standard","has-post-thumbnail","hentry","category-uncategorized-de-ch","tag-deutschland"],"acf":[],"yoast_head":"<!-- This site is optimized with the Yoast SEO Premium plugin v27.2 (Yoast SEO v27.2) - https:\/\/yoast.com\/product\/yoast-seo-premium-wordpress\/ -->\n<title>Matteo war ein Jahr in Deutschland<\/title>\n<meta name=\"description\" content=\"Das Beste an meinem Austauschjahr war meine Gastfamilie. Wir haben unsere Zeit zusammen sehr genossen und neue Orte und St\u00e4dte besucht, wie Hamburg und Bremen.\" \/>\n<meta name=\"robots\" content=\"index, follow, max-snippet:-1, max-image-preview:large, max-video-preview:-1\" \/>\n<link rel=\"canonical\" href=\"https:\/\/www.sts-education.com\/de-ch\/high-school\/unsere-austauschschueler-innen\/schuler-testimonials\/matteo-war-ein-jahr-in-deutschland\/\" \/>\n<meta property=\"og:locale\" content=\"de_DE\" \/>\n<meta property=\"og:type\" content=\"article\" \/>\n<meta property=\"og:title\" content=\"Matteo War Ein Jahr In Deutschland\" \/>\n<meta property=\"og:description\" content=\"Das Beste an meinem Austauschjahr war meine Gastfamilie. Wir haben unsere Zeit zusammen sehr genossen und neue Orte und St\u00e4dte besucht, wie Hamburg und Bremen.\" \/>\n<meta property=\"og:url\" content=\"https:\/\/www.sts-education.com\/de-ch\/high-school\/unsere-austauschschueler-innen\/schuler-testimonials\/matteo-war-ein-jahr-in-deutschland\/\" \/>\n<meta property=\"og:site_name\" content=\"STS Education\" \/>\n<meta property=\"article:published_time\" content=\"2024-10-21T14:00:00+00:00\" \/>\n<meta property=\"article:modified_time\" content=\"2026-04-14T10:29:15+00:00\" \/>\n<meta property=\"og:image\" content=\"https:\/\/powered-by.qbank.se\/educatius\/sts\/\/3ee9103dcaab55d5ff8d5a1bcc25b8d8_1-1-thumb.webp\" \/>\n\t<meta property=\"og:image:width\" content=\"150\" \/>\n\t<meta property=\"og:image:height\" content=\"150\" \/>\n\t<meta property=\"og:image:type\" content=\"image\/png\" \/>\n<meta name=\"author\" content=\"syncreadwrite\" \/>\n<meta name=\"twitter:card\" content=\"summary_large_image\" \/>\n<meta name=\"twitter:label1\" content=\"Geschrieben von\" \/>\n\t<meta name=\"twitter:data1\" content=\"syncreadwrite\" \/>\n\t<meta name=\"twitter:label2\" content=\"Gesch\u00e4tzte Lesezeit\" \/>\n\t<meta name=\"twitter:data2\" content=\"2\u00a0Minuten\" \/>\n<script type=\"application\/ld+json\" class=\"yoast-schema-graph\">{\"@context\":\"https:\/\/schema.org\",\"@graph\":[{\"@type\":\"Article\",\"@id\":\"https:\/\/www.sts-education.com\/de-ch\/high-school\/unsere-austauschschueler-innen\/schuler-testimonials\/matteo-war-ein-jahr-in-deutschland\/#article\",\"isPartOf\":{\"@id\":\"https:\/\/www.sts-education.com\/de-ch\/high-school\/unsere-austauschschueler-innen\/schuler-testimonials\/matteo-war-ein-jahr-in-deutschland\/\"},\"author\":{\"name\":\"syncreadwrite\",\"@id\":\"https:\/\/www.sts-education.com\/de-ch\/#\/schema\/person\/8b82f3a2e45f020b8f296d7a85d9a97c\"},\"headline\":\"Matteo War Ein Jahr In Deutschland\",\"datePublished\":\"2024-10-21T14:00:00+00:00\",\"dateModified\":\"2026-04-14T10:29:15+00:00\",\"mainEntityOfPage\":{\"@id\":\"https:\/\/www.sts-education.com\/de-ch\/high-school\/unsere-austauschschueler-innen\/schuler-testimonials\/matteo-war-ein-jahr-in-deutschland\/\"},\"wordCount\":351,\"commentCount\":0,\"image\":{\"@id\":\"https:\/\/www.sts-education.com\/de-ch\/high-school\/unsere-austauschschueler-innen\/schuler-testimonials\/matteo-war-ein-jahr-in-deutschland\/#primaryimage\"},\"thumbnailUrl\":\"https:\/\/powered-by.qbank.se\/educatius\/sts\/\/3ee9103dcaab55d5ff8d5a1bcc25b8d8_1-1-thumb.webp\",\"keywords\":[\"Deutschland\"],\"articleSection\":[\"Uncategorized @de-ch\"],\"inLanguage\":\"de-CH\",\"potentialAction\":[{\"@type\":\"CommentAction\",\"name\":\"Comment\",\"target\":[\"https:\/\/www.sts-education.com\/de-ch\/high-school\/unsere-austauschschueler-innen\/schuler-testimonials\/matteo-war-ein-jahr-in-deutschland\/#respond\"]}]},{\"@type\":\"WebPage\",\"@id\":\"https:\/\/www.sts-education.com\/de-ch\/high-school\/unsere-austauschschueler-innen\/schuler-testimonials\/matteo-war-ein-jahr-in-deutschland\/\",\"url\":\"https:\/\/www.sts-education.com\/de-ch\/high-school\/unsere-austauschschueler-innen\/schuler-testimonials\/matteo-war-ein-jahr-in-deutschland\/\",\"name\":\"Matteo war ein Jahr in Deutschland\",\"isPartOf\":{\"@id\":\"https:\/\/www.sts-education.com\/de-ch\/#website\"},\"primaryImageOfPage\":{\"@id\":\"https:\/\/www.sts-education.com\/de-ch\/high-school\/unsere-austauschschueler-innen\/schuler-testimonials\/matteo-war-ein-jahr-in-deutschland\/#primaryimage\"},\"image\":{\"@id\":\"https:\/\/www.sts-education.com\/de-ch\/high-school\/unsere-austauschschueler-innen\/schuler-testimonials\/matteo-war-ein-jahr-in-deutschland\/#primaryimage\"},\"thumbnailUrl\":\"https:\/\/powered-by.qbank.se\/educatius\/sts\/\/3ee9103dcaab55d5ff8d5a1bcc25b8d8_1-1-thumb.webp\",\"datePublished\":\"2024-10-21T14:00:00+00:00\",\"dateModified\":\"2026-04-14T10:29:15+00:00\",\"author\":{\"@id\":\"https:\/\/www.sts-education.com\/de-ch\/#\/schema\/person\/8b82f3a2e45f020b8f296d7a85d9a97c\"},\"description\":\"Das Beste an meinem Austauschjahr war meine Gastfamilie. Wir haben unsere Zeit zusammen sehr genossen und neue Orte und St\u00e4dte besucht, wie Hamburg und Bremen.\",\"breadcrumb\":{\"@id\":\"https:\/\/www.sts-education.com\/de-ch\/high-school\/unsere-austauschschueler-innen\/schuler-testimonials\/matteo-war-ein-jahr-in-deutschland\/#breadcrumb\"},\"inLanguage\":\"de-CH\",\"potentialAction\":[{\"@type\":\"ReadAction\",\"target\":[\"https:\/\/www.sts-education.com\/de-ch\/high-school\/unsere-austauschschueler-innen\/schuler-testimonials\/matteo-war-ein-jahr-in-deutschland\/\"]}]},{\"@type\":\"ImageObject\",\"inLanguage\":\"de-CH\",\"@id\":\"https:\/\/www.sts-education.com\/de-ch\/high-school\/unsere-austauschschueler-innen\/schuler-testimonials\/matteo-war-ein-jahr-in-deutschland\/#primaryimage\",\"url\":\"https:\/\/powered-by.qbank.se\/educatius\/sts\/\/3ee9103dcaab55d5ff8d5a1bcc25b8d8_1-1-thumb.webp\",\"contentUrl\":\"https:\/\/powered-by.qbank.se\/educatius\/sts\/\/3ee9103dcaab55d5ff8d5a1bcc25b8d8_1-1-thumb.webp\",\"width\":150,\"height\":150},{\"@type\":\"BreadcrumbList\",\"@id\":\"https:\/\/www.sts-education.com\/de-ch\/high-school\/unsere-austauschschueler-innen\/schuler-testimonials\/matteo-war-ein-jahr-in-deutschland\/#breadcrumb\",\"itemListElement\":[{\"@type\":\"ListItem\",\"position\":1,\"name\":\"Home\",\"item\":\"https:\/\/www.sts-education.com\/de-ch\/\"},{\"@type\":\"ListItem\",\"position\":2,\"name\":\"Matteo War Ein Jahr In Deutschland\"}]},{\"@type\":\"WebSite\",\"@id\":\"https:\/\/www.sts-education.com\/de-ch\/#website\",\"url\":\"https:\/\/www.sts-education.com\/de-ch\/\",\"name\":\"STS Education\",\"description\":\"\",\"potentialAction\":[{\"@type\":\"SearchAction\",\"target\":{\"@type\":\"EntryPoint\",\"urlTemplate\":\"https:\/\/www.sts-education.com\/de-ch\/?s={search_term_string}\"},\"query-input\":{\"@type\":\"PropertyValueSpecification\",\"valueRequired\":true,\"valueName\":\"search_term_string\"}}],\"inLanguage\":\"de-CH\"},{\"@type\":\"Person\",\"@id\":\"https:\/\/www.sts-education.com\/de-ch\/#\/schema\/person\/8b82f3a2e45f020b8f296d7a85d9a97c\",\"name\":\"syncreadwrite\",\"image\":{\"@type\":\"ImageObject\",\"inLanguage\":\"de-CH\",\"@id\":\"https:\/\/secure.gravatar.com\/avatar\/6ed1007e4f6f43f22e3df41d9fce4365533cba47fef64bb359b8e629abbc2ea6?s=96&d=mm&r=g\",\"url\":\"https:\/\/secure.gravatar.com\/avatar\/6ed1007e4f6f43f22e3df41d9fce4365533cba47fef64bb359b8e629abbc2ea6?s=96&d=mm&r=g\",\"contentUrl\":\"https:\/\/secure.gravatar.com\/avatar\/6ed1007e4f6f43f22e3df41d9fce4365533cba47fef64bb359b8e629abbc2ea6?s=96&d=mm&r=g\",\"caption\":\"syncreadwrite\"},\"url\":\"https:\/\/www.sts-education.com\/de-ch\/author\/syncreadwrite\/\"}]}<\/script>\n<!-- \/ Yoast SEO Premium plugin. -->","yoast_head_json":{"title":"Matteo war ein Jahr in Deutschland","description":"Das Beste an meinem Austauschjahr war meine Gastfamilie. Wir haben unsere Zeit zusammen sehr genossen und neue Orte und St\u00e4dte besucht, wie Hamburg und Bremen.","robots":{"index":"index","follow":"follow","max-snippet":"max-snippet:-1","max-image-preview":"max-image-preview:large","max-video-preview":"max-video-preview:-1"},"canonical":"https:\/\/www.sts-education.com\/de-ch\/high-school\/unsere-austauschschueler-innen\/schuler-testimonials\/matteo-war-ein-jahr-in-deutschland\/","og_locale":"de_DE","og_type":"article","og_title":"Matteo War Ein Jahr In Deutschland","og_description":"Das Beste an meinem Austauschjahr war meine Gastfamilie. Wir haben unsere Zeit zusammen sehr genossen und neue Orte und St\u00e4dte besucht, wie Hamburg und Bremen.","og_url":"https:\/\/www.sts-education.com\/de-ch\/high-school\/unsere-austauschschueler-innen\/schuler-testimonials\/matteo-war-ein-jahr-in-deutschland\/","og_site_name":"STS Education","article_published_time":"2024-10-21T14:00:00+00:00","article_modified_time":"2026-04-14T10:29:15+00:00","og_image":[{"width":150,"height":150,"url":"https:\/\/powered-by.qbank.se\/educatius\/sts\/\/3ee9103dcaab55d5ff8d5a1bcc25b8d8_1-1-thumb.webp","type":"image\/png"}],"author":"syncreadwrite","twitter_card":"summary_large_image","twitter_misc":{"Geschrieben von":"syncreadwrite","Gesch\u00e4tzte Lesezeit":"2\u00a0Minuten"},"schema":{"@context":"https:\/\/schema.org","@graph":[{"@type":"Article","@id":"https:\/\/www.sts-education.com\/de-ch\/high-school\/unsere-austauschschueler-innen\/schuler-testimonials\/matteo-war-ein-jahr-in-deutschland\/#article","isPartOf":{"@id":"https:\/\/www.sts-education.com\/de-ch\/high-school\/unsere-austauschschueler-innen\/schuler-testimonials\/matteo-war-ein-jahr-in-deutschland\/"},"author":{"name":"syncreadwrite","@id":"https:\/\/www.sts-education.com\/de-ch\/#\/schema\/person\/8b82f3a2e45f020b8f296d7a85d9a97c"},"headline":"Matteo War Ein Jahr In Deutschland","datePublished":"2024-10-21T14:00:00+00:00","dateModified":"2026-04-14T10:29:15+00:00","mainEntityOfPage":{"@id":"https:\/\/www.sts-education.com\/de-ch\/high-school\/unsere-austauschschueler-innen\/schuler-testimonials\/matteo-war-ein-jahr-in-deutschland\/"},"wordCount":351,"commentCount":0,"image":{"@id":"https:\/\/www.sts-education.com\/de-ch\/high-school\/unsere-austauschschueler-innen\/schuler-testimonials\/matteo-war-ein-jahr-in-deutschland\/#primaryimage"},"thumbnailUrl":"https:\/\/powered-by.qbank.se\/educatius\/sts\/\/3ee9103dcaab55d5ff8d5a1bcc25b8d8_1-1-thumb.webp","keywords":["Deutschland"],"articleSection":["Uncategorized @de-ch"],"inLanguage":"de-CH","potentialAction":[{"@type":"CommentAction","name":"Comment","target":["https:\/\/www.sts-education.com\/de-ch\/high-school\/unsere-austauschschueler-innen\/schuler-testimonials\/matteo-war-ein-jahr-in-deutschland\/#respond"]}]},{"@type":"WebPage","@id":"https:\/\/www.sts-education.com\/de-ch\/high-school\/unsere-austauschschueler-innen\/schuler-testimonials\/matteo-war-ein-jahr-in-deutschland\/","url":"https:\/\/www.sts-education.com\/de-ch\/high-school\/unsere-austauschschueler-innen\/schuler-testimonials\/matteo-war-ein-jahr-in-deutschland\/","name":"Matteo war ein Jahr in Deutschland","isPartOf":{"@id":"https:\/\/www.sts-education.com\/de-ch\/#website"},"primaryImageOfPage":{"@id":"https:\/\/www.sts-education.com\/de-ch\/high-school\/unsere-austauschschueler-innen\/schuler-testimonials\/matteo-war-ein-jahr-in-deutschland\/#primaryimage"},"image":{"@id":"https:\/\/www.sts-education.com\/de-ch\/high-school\/unsere-austauschschueler-innen\/schuler-testimonials\/matteo-war-ein-jahr-in-deutschland\/#primaryimage"},"thumbnailUrl":"https:\/\/powered-by.qbank.se\/educatius\/sts\/\/3ee9103dcaab55d5ff8d5a1bcc25b8d8_1-1-thumb.webp","datePublished":"2024-10-21T14:00:00+00:00","dateModified":"2026-04-14T10:29:15+00:00","author":{"@id":"https:\/\/www.sts-education.com\/de-ch\/#\/schema\/person\/8b82f3a2e45f020b8f296d7a85d9a97c"},"description":"Das Beste an meinem Austauschjahr war meine Gastfamilie. Wir haben unsere Zeit zusammen sehr genossen und neue Orte und St\u00e4dte besucht, wie Hamburg und Bremen.","breadcrumb":{"@id":"https:\/\/www.sts-education.com\/de-ch\/high-school\/unsere-austauschschueler-innen\/schuler-testimonials\/matteo-war-ein-jahr-in-deutschland\/#breadcrumb"},"inLanguage":"de-CH","potentialAction":[{"@type":"ReadAction","target":["https:\/\/www.sts-education.com\/de-ch\/high-school\/unsere-austauschschueler-innen\/schuler-testimonials\/matteo-war-ein-jahr-in-deutschland\/"]}]},{"@type":"ImageObject","inLanguage":"de-CH","@id":"https:\/\/www.sts-education.com\/de-ch\/high-school\/unsere-austauschschueler-innen\/schuler-testimonials\/matteo-war-ein-jahr-in-deutschland\/#primaryimage","url":"https:\/\/powered-by.qbank.se\/educatius\/sts\/\/3ee9103dcaab55d5ff8d5a1bcc25b8d8_1-1-thumb.webp","contentUrl":"https:\/\/powered-by.qbank.se\/educatius\/sts\/\/3ee9103dcaab55d5ff8d5a1bcc25b8d8_1-1-thumb.webp","width":150,"height":150},{"@type":"BreadcrumbList","@id":"https:\/\/www.sts-education.com\/de-ch\/high-school\/unsere-austauschschueler-innen\/schuler-testimonials\/matteo-war-ein-jahr-in-deutschland\/#breadcrumb","itemListElement":[{"@type":"ListItem","position":1,"name":"Home","item":"https:\/\/www.sts-education.com\/de-ch\/"},{"@type":"ListItem","position":2,"name":"Matteo War Ein Jahr In Deutschland"}]},{"@type":"WebSite","@id":"https:\/\/www.sts-education.com\/de-ch\/#website","url":"https:\/\/www.sts-education.com\/de-ch\/","name":"STS Education","description":"","potentialAction":[{"@type":"SearchAction","target":{"@type":"EntryPoint","urlTemplate":"https:\/\/www.sts-education.com\/de-ch\/?s={search_term_string}"},"query-input":{"@type":"PropertyValueSpecification","valueRequired":true,"valueName":"search_term_string"}}],"inLanguage":"de-CH"},{"@type":"Person","@id":"https:\/\/www.sts-education.com\/de-ch\/#\/schema\/person\/8b82f3a2e45f020b8f296d7a85d9a97c","name":"syncreadwrite","image":{"@type":"ImageObject","inLanguage":"de-CH","@id":"https:\/\/secure.gravatar.com\/avatar\/6ed1007e4f6f43f22e3df41d9fce4365533cba47fef64bb359b8e629abbc2ea6?s=96&d=mm&r=g","url":"https:\/\/secure.gravatar.com\/avatar\/6ed1007e4f6f43f22e3df41d9fce4365533cba47fef64bb359b8e629abbc2ea6?s=96&d=mm&r=g","contentUrl":"https:\/\/secure.gravatar.com\/avatar\/6ed1007e4f6f43f22e3df41d9fce4365533cba47fef64bb359b8e629abbc2ea6?s=96&d=mm&r=g","caption":"syncreadwrite"},"url":"https:\/\/www.sts-education.com\/de-ch\/author\/syncreadwrite\/"}]}},"_links":{"self":[{"href":"https:\/\/www.sts-education.com\/de-ch\/wp-json\/wp\/v2\/posts\/12327","targetHints":{"allow":["GET"]}}],"collection":[{"href":"https:\/\/www.sts-education.com\/de-ch\/wp-json\/wp\/v2\/posts"}],"about":[{"href":"https:\/\/www.sts-education.com\/de-ch\/wp-json\/wp\/v2\/types\/post"}],"author":[{"embeddable":true,"href":"https:\/\/www.sts-education.com\/de-ch\/wp-json\/wp\/v2\/users\/20"}],"replies":[{"embeddable":true,"href":"https:\/\/www.sts-education.com\/de-ch\/wp-json\/wp\/v2\/comments?post=12327"}],"version-history":[{"count":4,"href":"https:\/\/www.sts-education.com\/de-ch\/wp-json\/wp\/v2\/posts\/12327\/revisions"}],"predecessor-version":[{"id":34658,"href":"https:\/\/www.sts-education.com\/de-ch\/wp-json\/wp\/v2\/posts\/12327\/revisions\/34658"}],"wp:featuredmedia":[{"embeddable":true,"href":"https:\/\/www.sts-education.com\/de-ch\/wp-json\/wp\/v2\/media\/13168"}],"wp:attachment":[{"href":"https:\/\/www.sts-education.com\/de-ch\/wp-json\/wp\/v2\/media?parent=12327"}],"wp:term":[{"taxonomy":"category","embeddable":true,"href":"https:\/\/www.sts-education.com\/de-ch\/wp-json\/wp\/v2\/categories?post=12327"},{"taxonomy":"post_tag","embeddable":true,"href":"https:\/\/www.sts-education.com\/de-ch\/wp-json\/wp\/v2\/tags?post=12327"},{"taxonomy":"wpw_post_folders","embeddable":true,"href":"https:\/\/www.sts-education.com\/de-ch\/wp-json\/wp\/v2\/wpw_post_folders?post=12327"}],"curies":[{"name":"wp","href":"https:\/\/api.w.org\/{rel}","templated":true}]}}