{"id":12330,"date":"2024-10-01T14:00:00","date_gmt":"2024-10-01T14:00:00","guid":{"rendered":"https:\/\/preprod.sts-education.com\/blog\/2026\/03\/05\/franziska-war-in-den-niederlanden\/"},"modified":"2026-04-14T10:29:19","modified_gmt":"2026-04-14T10:29:19","slug":"franziska-war-in-den-niederlanden","status":"publish","type":"post","link":"https:\/\/www.sts-education.com\/de-ch\/high-school\/unsere-austauschschueler-innen\/schuler-testimonials\/franziska-war-in-den-niederlanden\/","title":{"rendered":"Franziska War In Den Niederlanden"},"content":{"rendered":"\n<div class=\"wp-block-sts-text sts-text-editor has-max-width-md\"><div class=\"sts-text-editor__content\"><div class=\"sts-text-editor__content-inner\">\n<h1 style=\"text-align:center\">Franziska war in den Niederlanden<\/h1>\n<\/div><\/div><\/div>\n\n\n\n<figure class=\"wp-block-sts-image sts-block-image sts-block-image--count-1 has-max-width-md\" data-count=\"1\"><div class=\"sts-block-image__grid\"><div class=\"sts-block-image__item\"><picture class=\"sts-responsive-image has-fit-cover has-pos-top is-skeleton\"><img src=\"https:\/\/cdn.sts-education.com\/13277_hero_md.jpg\" alt=\"Franziska war in den Niederlanden\" loading=\"lazy\" decoding=\"async\" fetchpriority=\"low\" sizes=\"(max-width: 736px) 100vw, 736px\"\/><\/picture><\/div><\/div><\/figure>\n\n\n\n<div class=\"wp-block-sts-text sts-text-editor has-max-width-md\"><div class=\"sts-text-editor__content\"><div class=\"sts-text-editor__content-inner\">\n<p><em>Franziska aus \u00d6sterreich verbrachte ein Auslandsjahr in den Niederlanden.<\/em><\/p>\n<\/div><\/div><\/div>\n\n\n\n<div class=\"wp-block-sts-text sts-text-editor has-max-width-md\"><div class=\"sts-text-editor__content\"><div class=\"sts-text-editor__content-inner\">\n<p>Ich habe mich f\u00fcr die Niederlande entschieden, weil ich mich immer zu diesem Land hingezogen gef\u00fchlt habe und wissen wollte, was es damit auf sich hat.<\/p>\n<h2>Meine Gastfamilie<\/h2>\n<p>Mit meiner Gastfamilie habe ich mich auf Anhieb gut verstanden und wurde in den Familienalltag und bei allen Ausfl\u00fcgen einbezogen. Schon nach kurzer Zeit f\u00fchlte ich mich bei ihnen wie zu Hause und es war eine sehr famili\u00e4re Umgebung. Meine Gastfamilie hat mir auch geholfen, die Sprache zu lernen und war sehr geduldig mit mir. Als ich schliesslich fliessend Niederl\u00e4ndisch sprechen konnte, waren sie sehr stolz auf mich. Auch nach meinem Auslandsjahr habe ich noch viel Kontakt zu meiner Gastfamilie.<\/p>\n<h2>Die Schule<\/h2>\n<p>Meine Lehrer hatten grosses Verst\u00e4ndnis daf\u00fcr, dass ich am Anfang nicht das gleiche Niveau wie meine Mitsch\u00fcler hatte und versuchten, mich so gut wie m\u00f6glich zu unterst\u00fctzen. Da alles auf Niederl\u00e4ndisch war, brauchte ich ein paar Wochen, um mich daran zu gew\u00f6hnen.<\/p>\n<h2>Meine Freunde<\/h2>\n<p>Schon bevor ich in die Niederlande flog, hatte ich Kontakt zu einigen Klassenkameraden, die mich in den ersten Wochen begleiteten. Am Ende wurden sie meine besten Freunde. Ich habe auch die anderen STS Sch\u00fcler in den Niederlanden kennengelernt und viel mit ihnen unternommen!<\/p>\n<h2>Mein Tipp<\/h2>\n<p>Ich w\u00fcrde jedem empfehlen, ein Highschool-Jahr an einer Schule im Ausland zu machen und bei einer Gastfamilie zu leben. Man lernt nicht nur eine neue Kultur kennen, sondern man lernt auch viel \u00fcber sich selbst und entwickelt sich weiter.<\/p>\n<h2>Erfahre mehr<\/h2>\n<ul><li>Lies mehr <a href=\"https:\/\/www.sts-education.com\/de-ch\/high-school-2\/unsere-austauschschueler-innen\/schuler-testimonials\/?hashtag=Niederlande\">Sch\u00fclergeschichten aus den Niederlanden<\/a><\/li>\n<li>Informiere dich \u00fcber <a href=\"https:\/\/www.sts-education.com\/de-ch\/high-school\/gastlaender\/europa\/niederlande\/\">High School-Austausch in den Niederlanden<\/a><\/li>\n<li>Alle <a href=\"\/de-ch\/high-school\/tripfinder\/\">High School-Austauschl\u00e4nder<\/a><\/li><\/ul>\n<\/div><\/div><\/div>\n","protected":false},"excerpt":{"rendered":"","protected":false},"author":20,"featured_media":13174,"comment_status":"open","ping_status":"open","sticky":false,"template":"","format":"standard","meta":{"_acf_changed":false,"_yoast_wpseo_title":"Franziska war in den Niederlanden","_yoast_wpseo_metadesc":"Ich w\u00fcrde jedem empfehlen, ein Highschool-Jahr an einer Schule im Ausland zu machen und bei einer Gastfamilie zu leben.","footnotes":""},"categories":[298],"tags":[1081],"wpw_post_folders":[],"class_list":["post-12330","post","type-post","status-publish","format-standard","has-post-thumbnail","hentry","category-uncategorized-de-ch","tag-niederlande"],"acf":[],"yoast_head":"<!-- This site is optimized with the Yoast SEO Premium plugin v27.2 (Yoast SEO v27.2) - https:\/\/yoast.com\/product\/yoast-seo-premium-wordpress\/ -->\n<title>Franziska war in den Niederlanden<\/title>\n<meta name=\"description\" content=\"Ich w\u00fcrde jedem empfehlen, ein Highschool-Jahr an einer Schule im Ausland zu machen und bei einer Gastfamilie zu leben.\" \/>\n<meta name=\"robots\" content=\"index, follow, max-snippet:-1, max-image-preview:large, max-video-preview:-1\" \/>\n<link rel=\"canonical\" href=\"https:\/\/www.sts-education.com\/de-ch\/high-school\/unsere-austauschschueler-innen\/schuler-testimonials\/franziska-war-in-den-niederlanden\/\" \/>\n<meta property=\"og:locale\" content=\"de_DE\" \/>\n<meta property=\"og:type\" content=\"article\" \/>\n<meta property=\"og:title\" content=\"Franziska War In Den Niederlanden\" \/>\n<meta property=\"og:description\" content=\"Ich w\u00fcrde jedem empfehlen, ein Highschool-Jahr an einer Schule im Ausland zu machen und bei einer Gastfamilie zu leben.\" \/>\n<meta property=\"og:url\" content=\"https:\/\/www.sts-education.com\/de-ch\/high-school\/unsere-austauschschueler-innen\/schuler-testimonials\/franziska-war-in-den-niederlanden\/\" \/>\n<meta property=\"og:site_name\" content=\"STS Education\" \/>\n<meta property=\"article:published_time\" content=\"2024-10-01T14:00:00+00:00\" \/>\n<meta property=\"article:modified_time\" content=\"2026-04-14T10:29:19+00:00\" \/>\n<meta property=\"og:image\" content=\"https:\/\/powered-by.qbank.se\/educatius\/sts\/\/004cbc35eed8995456a63ec720fe63c7_1-1-thumb.webp\" \/>\n\t<meta property=\"og:image:width\" content=\"150\" \/>\n\t<meta property=\"og:image:height\" content=\"150\" \/>\n\t<meta property=\"og:image:type\" content=\"image\/jpeg\" \/>\n<meta name=\"author\" content=\"syncreadwrite\" \/>\n<meta name=\"twitter:card\" content=\"summary_large_image\" \/>\n<meta name=\"twitter:label1\" content=\"Geschrieben von\" \/>\n\t<meta name=\"twitter:data1\" content=\"syncreadwrite\" \/>\n\t<meta name=\"twitter:label2\" content=\"Gesch\u00e4tzte Lesezeit\" \/>\n\t<meta name=\"twitter:data2\" content=\"1\u00a0Minute\" \/>\n<script type=\"application\/ld+json\" class=\"yoast-schema-graph\">{\"@context\":\"https:\/\/schema.org\",\"@graph\":[{\"@type\":\"Article\",\"@id\":\"https:\/\/www.sts-education.com\/de-ch\/high-school\/unsere-austauschschueler-innen\/schuler-testimonials\/franziska-war-in-den-niederlanden\/#article\",\"isPartOf\":{\"@id\":\"https:\/\/www.sts-education.com\/de-ch\/high-school\/unsere-austauschschueler-innen\/schuler-testimonials\/franziska-war-in-den-niederlanden\/\"},\"author\":{\"name\":\"syncreadwrite\",\"@id\":\"https:\/\/www.sts-education.com\/de-ch\/#\/schema\/person\/8b82f3a2e45f020b8f296d7a85d9a97c\"},\"headline\":\"Franziska War In Den Niederlanden\",\"datePublished\":\"2024-10-01T14:00:00+00:00\",\"dateModified\":\"2026-04-14T10:29:19+00:00\",\"mainEntityOfPage\":{\"@id\":\"https:\/\/www.sts-education.com\/de-ch\/high-school\/unsere-austauschschueler-innen\/schuler-testimonials\/franziska-war-in-den-niederlanden\/\"},\"wordCount\":293,\"commentCount\":0,\"image\":{\"@id\":\"https:\/\/www.sts-education.com\/de-ch\/high-school\/unsere-austauschschueler-innen\/schuler-testimonials\/franziska-war-in-den-niederlanden\/#primaryimage\"},\"thumbnailUrl\":\"https:\/\/powered-by.qbank.se\/educatius\/sts\/\/004cbc35eed8995456a63ec720fe63c7_1-1-thumb.webp\",\"keywords\":[\"Niederlande\"],\"articleSection\":[\"Uncategorized @de-ch\"],\"inLanguage\":\"de-CH\",\"potentialAction\":[{\"@type\":\"CommentAction\",\"name\":\"Comment\",\"target\":[\"https:\/\/www.sts-education.com\/de-ch\/high-school\/unsere-austauschschueler-innen\/schuler-testimonials\/franziska-war-in-den-niederlanden\/#respond\"]}]},{\"@type\":\"WebPage\",\"@id\":\"https:\/\/www.sts-education.com\/de-ch\/high-school\/unsere-austauschschueler-innen\/schuler-testimonials\/franziska-war-in-den-niederlanden\/\",\"url\":\"https:\/\/www.sts-education.com\/de-ch\/high-school\/unsere-austauschschueler-innen\/schuler-testimonials\/franziska-war-in-den-niederlanden\/\",\"name\":\"Franziska war in den Niederlanden\",\"isPartOf\":{\"@id\":\"https:\/\/www.sts-education.com\/de-ch\/#website\"},\"primaryImageOfPage\":{\"@id\":\"https:\/\/www.sts-education.com\/de-ch\/high-school\/unsere-austauschschueler-innen\/schuler-testimonials\/franziska-war-in-den-niederlanden\/#primaryimage\"},\"image\":{\"@id\":\"https:\/\/www.sts-education.com\/de-ch\/high-school\/unsere-austauschschueler-innen\/schuler-testimonials\/franziska-war-in-den-niederlanden\/#primaryimage\"},\"thumbnailUrl\":\"https:\/\/powered-by.qbank.se\/educatius\/sts\/\/004cbc35eed8995456a63ec720fe63c7_1-1-thumb.webp\",\"datePublished\":\"2024-10-01T14:00:00+00:00\",\"dateModified\":\"2026-04-14T10:29:19+00:00\",\"author\":{\"@id\":\"https:\/\/www.sts-education.com\/de-ch\/#\/schema\/person\/8b82f3a2e45f020b8f296d7a85d9a97c\"},\"description\":\"Ich w\u00fcrde jedem empfehlen, ein Highschool-Jahr an einer Schule im Ausland zu machen und bei einer Gastfamilie zu leben.\",\"breadcrumb\":{\"@id\":\"https:\/\/www.sts-education.com\/de-ch\/high-school\/unsere-austauschschueler-innen\/schuler-testimonials\/franziska-war-in-den-niederlanden\/#breadcrumb\"},\"inLanguage\":\"de-CH\",\"potentialAction\":[{\"@type\":\"ReadAction\",\"target\":[\"https:\/\/www.sts-education.com\/de-ch\/high-school\/unsere-austauschschueler-innen\/schuler-testimonials\/franziska-war-in-den-niederlanden\/\"]}]},{\"@type\":\"ImageObject\",\"inLanguage\":\"de-CH\",\"@id\":\"https:\/\/www.sts-education.com\/de-ch\/high-school\/unsere-austauschschueler-innen\/schuler-testimonials\/franziska-war-in-den-niederlanden\/#primaryimage\",\"url\":\"https:\/\/powered-by.qbank.se\/educatius\/sts\/\/004cbc35eed8995456a63ec720fe63c7_1-1-thumb.webp\",\"contentUrl\":\"https:\/\/powered-by.qbank.se\/educatius\/sts\/\/004cbc35eed8995456a63ec720fe63c7_1-1-thumb.webp\",\"width\":150,\"height\":150},{\"@type\":\"BreadcrumbList\",\"@id\":\"https:\/\/www.sts-education.com\/de-ch\/high-school\/unsere-austauschschueler-innen\/schuler-testimonials\/franziska-war-in-den-niederlanden\/#breadcrumb\",\"itemListElement\":[{\"@type\":\"ListItem\",\"position\":1,\"name\":\"Home\",\"item\":\"https:\/\/www.sts-education.com\/de-ch\/\"},{\"@type\":\"ListItem\",\"position\":2,\"name\":\"Franziska War In Den Niederlanden\"}]},{\"@type\":\"WebSite\",\"@id\":\"https:\/\/www.sts-education.com\/de-ch\/#website\",\"url\":\"https:\/\/www.sts-education.com\/de-ch\/\",\"name\":\"STS Education\",\"description\":\"\",\"potentialAction\":[{\"@type\":\"SearchAction\",\"target\":{\"@type\":\"EntryPoint\",\"urlTemplate\":\"https:\/\/www.sts-education.com\/de-ch\/?s={search_term_string}\"},\"query-input\":{\"@type\":\"PropertyValueSpecification\",\"valueRequired\":true,\"valueName\":\"search_term_string\"}}],\"inLanguage\":\"de-CH\"},{\"@type\":\"Person\",\"@id\":\"https:\/\/www.sts-education.com\/de-ch\/#\/schema\/person\/8b82f3a2e45f020b8f296d7a85d9a97c\",\"name\":\"syncreadwrite\",\"image\":{\"@type\":\"ImageObject\",\"inLanguage\":\"de-CH\",\"@id\":\"https:\/\/secure.gravatar.com\/avatar\/6ed1007e4f6f43f22e3df41d9fce4365533cba47fef64bb359b8e629abbc2ea6?s=96&d=mm&r=g\",\"url\":\"https:\/\/secure.gravatar.com\/avatar\/6ed1007e4f6f43f22e3df41d9fce4365533cba47fef64bb359b8e629abbc2ea6?s=96&d=mm&r=g\",\"contentUrl\":\"https:\/\/secure.gravatar.com\/avatar\/6ed1007e4f6f43f22e3df41d9fce4365533cba47fef64bb359b8e629abbc2ea6?s=96&d=mm&r=g\",\"caption\":\"syncreadwrite\"},\"url\":\"https:\/\/www.sts-education.com\/de-ch\/author\/syncreadwrite\/\"}]}<\/script>\n<!-- \/ Yoast SEO Premium plugin. -->","yoast_head_json":{"title":"Franziska war in den Niederlanden","description":"Ich w\u00fcrde jedem empfehlen, ein Highschool-Jahr an einer Schule im Ausland zu machen und bei einer Gastfamilie zu leben.","robots":{"index":"index","follow":"follow","max-snippet":"max-snippet:-1","max-image-preview":"max-image-preview:large","max-video-preview":"max-video-preview:-1"},"canonical":"https:\/\/www.sts-education.com\/de-ch\/high-school\/unsere-austauschschueler-innen\/schuler-testimonials\/franziska-war-in-den-niederlanden\/","og_locale":"de_DE","og_type":"article","og_title":"Franziska War In Den Niederlanden","og_description":"Ich w\u00fcrde jedem empfehlen, ein Highschool-Jahr an einer Schule im Ausland zu machen und bei einer Gastfamilie zu leben.","og_url":"https:\/\/www.sts-education.com\/de-ch\/high-school\/unsere-austauschschueler-innen\/schuler-testimonials\/franziska-war-in-den-niederlanden\/","og_site_name":"STS Education","article_published_time":"2024-10-01T14:00:00+00:00","article_modified_time":"2026-04-14T10:29:19+00:00","og_image":[{"width":150,"height":150,"url":"https:\/\/powered-by.qbank.se\/educatius\/sts\/\/004cbc35eed8995456a63ec720fe63c7_1-1-thumb.webp","type":"image\/jpeg"}],"author":"syncreadwrite","twitter_card":"summary_large_image","twitter_misc":{"Geschrieben von":"syncreadwrite","Gesch\u00e4tzte Lesezeit":"1\u00a0Minute"},"schema":{"@context":"https:\/\/schema.org","@graph":[{"@type":"Article","@id":"https:\/\/www.sts-education.com\/de-ch\/high-school\/unsere-austauschschueler-innen\/schuler-testimonials\/franziska-war-in-den-niederlanden\/#article","isPartOf":{"@id":"https:\/\/www.sts-education.com\/de-ch\/high-school\/unsere-austauschschueler-innen\/schuler-testimonials\/franziska-war-in-den-niederlanden\/"},"author":{"name":"syncreadwrite","@id":"https:\/\/www.sts-education.com\/de-ch\/#\/schema\/person\/8b82f3a2e45f020b8f296d7a85d9a97c"},"headline":"Franziska War In Den Niederlanden","datePublished":"2024-10-01T14:00:00+00:00","dateModified":"2026-04-14T10:29:19+00:00","mainEntityOfPage":{"@id":"https:\/\/www.sts-education.com\/de-ch\/high-school\/unsere-austauschschueler-innen\/schuler-testimonials\/franziska-war-in-den-niederlanden\/"},"wordCount":293,"commentCount":0,"image":{"@id":"https:\/\/www.sts-education.com\/de-ch\/high-school\/unsere-austauschschueler-innen\/schuler-testimonials\/franziska-war-in-den-niederlanden\/#primaryimage"},"thumbnailUrl":"https:\/\/powered-by.qbank.se\/educatius\/sts\/\/004cbc35eed8995456a63ec720fe63c7_1-1-thumb.webp","keywords":["Niederlande"],"articleSection":["Uncategorized @de-ch"],"inLanguage":"de-CH","potentialAction":[{"@type":"CommentAction","name":"Comment","target":["https:\/\/www.sts-education.com\/de-ch\/high-school\/unsere-austauschschueler-innen\/schuler-testimonials\/franziska-war-in-den-niederlanden\/#respond"]}]},{"@type":"WebPage","@id":"https:\/\/www.sts-education.com\/de-ch\/high-school\/unsere-austauschschueler-innen\/schuler-testimonials\/franziska-war-in-den-niederlanden\/","url":"https:\/\/www.sts-education.com\/de-ch\/high-school\/unsere-austauschschueler-innen\/schuler-testimonials\/franziska-war-in-den-niederlanden\/","name":"Franziska war in den Niederlanden","isPartOf":{"@id":"https:\/\/www.sts-education.com\/de-ch\/#website"},"primaryImageOfPage":{"@id":"https:\/\/www.sts-education.com\/de-ch\/high-school\/unsere-austauschschueler-innen\/schuler-testimonials\/franziska-war-in-den-niederlanden\/#primaryimage"},"image":{"@id":"https:\/\/www.sts-education.com\/de-ch\/high-school\/unsere-austauschschueler-innen\/schuler-testimonials\/franziska-war-in-den-niederlanden\/#primaryimage"},"thumbnailUrl":"https:\/\/powered-by.qbank.se\/educatius\/sts\/\/004cbc35eed8995456a63ec720fe63c7_1-1-thumb.webp","datePublished":"2024-10-01T14:00:00+00:00","dateModified":"2026-04-14T10:29:19+00:00","author":{"@id":"https:\/\/www.sts-education.com\/de-ch\/#\/schema\/person\/8b82f3a2e45f020b8f296d7a85d9a97c"},"description":"Ich w\u00fcrde jedem empfehlen, ein Highschool-Jahr an einer Schule im Ausland zu machen und bei einer Gastfamilie zu leben.","breadcrumb":{"@id":"https:\/\/www.sts-education.com\/de-ch\/high-school\/unsere-austauschschueler-innen\/schuler-testimonials\/franziska-war-in-den-niederlanden\/#breadcrumb"},"inLanguage":"de-CH","potentialAction":[{"@type":"ReadAction","target":["https:\/\/www.sts-education.com\/de-ch\/high-school\/unsere-austauschschueler-innen\/schuler-testimonials\/franziska-war-in-den-niederlanden\/"]}]},{"@type":"ImageObject","inLanguage":"de-CH","@id":"https:\/\/www.sts-education.com\/de-ch\/high-school\/unsere-austauschschueler-innen\/schuler-testimonials\/franziska-war-in-den-niederlanden\/#primaryimage","url":"https:\/\/powered-by.qbank.se\/educatius\/sts\/\/004cbc35eed8995456a63ec720fe63c7_1-1-thumb.webp","contentUrl":"https:\/\/powered-by.qbank.se\/educatius\/sts\/\/004cbc35eed8995456a63ec720fe63c7_1-1-thumb.webp","width":150,"height":150},{"@type":"BreadcrumbList","@id":"https:\/\/www.sts-education.com\/de-ch\/high-school\/unsere-austauschschueler-innen\/schuler-testimonials\/franziska-war-in-den-niederlanden\/#breadcrumb","itemListElement":[{"@type":"ListItem","position":1,"name":"Home","item":"https:\/\/www.sts-education.com\/de-ch\/"},{"@type":"ListItem","position":2,"name":"Franziska War In Den Niederlanden"}]},{"@type":"WebSite","@id":"https:\/\/www.sts-education.com\/de-ch\/#website","url":"https:\/\/www.sts-education.com\/de-ch\/","name":"STS Education","description":"","potentialAction":[{"@type":"SearchAction","target":{"@type":"EntryPoint","urlTemplate":"https:\/\/www.sts-education.com\/de-ch\/?s={search_term_string}"},"query-input":{"@type":"PropertyValueSpecification","valueRequired":true,"valueName":"search_term_string"}}],"inLanguage":"de-CH"},{"@type":"Person","@id":"https:\/\/www.sts-education.com\/de-ch\/#\/schema\/person\/8b82f3a2e45f020b8f296d7a85d9a97c","name":"syncreadwrite","image":{"@type":"ImageObject","inLanguage":"de-CH","@id":"https:\/\/secure.gravatar.com\/avatar\/6ed1007e4f6f43f22e3df41d9fce4365533cba47fef64bb359b8e629abbc2ea6?s=96&d=mm&r=g","url":"https:\/\/secure.gravatar.com\/avatar\/6ed1007e4f6f43f22e3df41d9fce4365533cba47fef64bb359b8e629abbc2ea6?s=96&d=mm&r=g","contentUrl":"https:\/\/secure.gravatar.com\/avatar\/6ed1007e4f6f43f22e3df41d9fce4365533cba47fef64bb359b8e629abbc2ea6?s=96&d=mm&r=g","caption":"syncreadwrite"},"url":"https:\/\/www.sts-education.com\/de-ch\/author\/syncreadwrite\/"}]}},"_links":{"self":[{"href":"https:\/\/www.sts-education.com\/de-ch\/wp-json\/wp\/v2\/posts\/12330","targetHints":{"allow":["GET"]}}],"collection":[{"href":"https:\/\/www.sts-education.com\/de-ch\/wp-json\/wp\/v2\/posts"}],"about":[{"href":"https:\/\/www.sts-education.com\/de-ch\/wp-json\/wp\/v2\/types\/post"}],"author":[{"embeddable":true,"href":"https:\/\/www.sts-education.com\/de-ch\/wp-json\/wp\/v2\/users\/20"}],"replies":[{"embeddable":true,"href":"https:\/\/www.sts-education.com\/de-ch\/wp-json\/wp\/v2\/comments?post=12330"}],"version-history":[{"count":4,"href":"https:\/\/www.sts-education.com\/de-ch\/wp-json\/wp\/v2\/posts\/12330\/revisions"}],"predecessor-version":[{"id":34661,"href":"https:\/\/www.sts-education.com\/de-ch\/wp-json\/wp\/v2\/posts\/12330\/revisions\/34661"}],"wp:featuredmedia":[{"embeddable":true,"href":"https:\/\/www.sts-education.com\/de-ch\/wp-json\/wp\/v2\/media\/13174"}],"wp:attachment":[{"href":"https:\/\/www.sts-education.com\/de-ch\/wp-json\/wp\/v2\/media?parent=12330"}],"wp:term":[{"taxonomy":"category","embeddable":true,"href":"https:\/\/www.sts-education.com\/de-ch\/wp-json\/wp\/v2\/categories?post=12330"},{"taxonomy":"post_tag","embeddable":true,"href":"https:\/\/www.sts-education.com\/de-ch\/wp-json\/wp\/v2\/tags?post=12330"},{"taxonomy":"wpw_post_folders","embeddable":true,"href":"https:\/\/www.sts-education.com\/de-ch\/wp-json\/wp\/v2\/wpw_post_folders?post=12330"}],"curies":[{"name":"wp","href":"https:\/\/api.w.org\/{rel}","templated":true}]}}