{"id":12365,"date":"2023-05-02T10:00:00","date_gmt":"2023-05-02T10:00:00","guid":{"rendered":"https:\/\/preprod.sts-education.com\/blog\/2026\/03\/05\/jenny-war-im-auslandsjahr-in-costa-rica\/"},"modified":"2026-04-14T10:30:06","modified_gmt":"2026-04-14T10:30:06","slug":"jenny-war-im-auslandsjahr-in-costa-rica","status":"publish","type":"post","link":"https:\/\/www.sts-education.com\/de-ch\/high-school\/unsere-austauschschueler-innen\/schuler-testimonials\/jenny-war-im-auslandsjahr-in-costa-rica\/","title":{"rendered":"Jenny War Im Auslandsjahr In Costa Rica"},"content":{"rendered":"\n<div class=\"wp-block-sts-text sts-text-editor has-max-width-md\"><div class=\"sts-text-editor__content\"><div class=\"sts-text-editor__content-inner\">\n<h1 style=\"text-align:center\">Jenny war im Auslandsjahr in Costa Rica<\/h1>\n<\/div><\/div><\/div>\n\n\n\n<div class=\"wp-block-sts-text sts-text-editor has-max-width-md\"><div class=\"sts-text-editor__content\"><div class=\"sts-text-editor__content-inner\">\n<p><em>Jenny aus Norwegen war zum Austausch in Costa Rica.<\/em><\/p>\n<h2>Warum hast du dich f\u00fcr einen Austausch entschlossen?<\/h2>\n<p>Das fing an, als ich noch klein war. Meine Schwestern erz\u00e4hlten mir von ihren Austauschprogrammen und Erfahrungen beim Reisen um die Welt. Mein Traum war schon immer zu reisen, und ein Austauschjahr ist die perfekte M\u00f6glichkeit, das zu tun. Ausserdem wollte ich wissen, wie die High School in einem anderen Land aussieht und wie unterschiedlich das Leben anderer Teenager ist. Durch ein Austauschjahr habe ich die Welt auf eine v\u00f6llig andere Art und Weise kennengelernt als durch das Sitzen auf der Schulbank in Norwegen.<\/p>\n<h2>Wo bist du hingegangen und warum?<\/h2>\n<p>Ich habe mich f\u00fcr Costa Rica entschieden, weil ich Spanisch lernen wollte, wegen der sch\u00f6nen Natur und weil die Kultur so anders ist als in meinem Heimatland Norwegen.<\/p>\n<h2>Wie war es, bei einer Gastfamilie zu leben?<\/h2>\n<p>Meine Gastfamilie war sehr gross und hat mich herzlich aufgenommen. Ich habe immer noch Kontakt zu ihnen und wir planen schon meinen n\u00e4chsten Besuch. Nat\u00fcrlich hatten wir wegen der grossen kulturellen Unterschiede unsere Meinungsverschiedenheiten, aber im Grossen und Ganzen lief alles gut, und ich bin sehr dankbar, dass ich diese Gastfamilie hatte.<\/p>\n<h2>Wie war die Schule?<\/h2>\n<p>Die Schule hat Riesenspass gemacht! In meiner Schule gab es viele Tiere, von Krokodilen bis zu Waschb\u00e4ren. Ich kam in die beste Klasse \u00fcberhaupt, und meine Klassenkameraden wurden meine besten Freunde. Alle waren sehr gastfreundlich und integrativ. Ich bin auf eine \u00f6ffentliche Schule gegangen, und das Bildungsniveau war nicht sehr hoch, aber ich habe viel Spanisch gelernt, viel \u00fcber das Land und \u00fcber die Menschen, die dort leben.<\/p>\n<h2>Wie hast du deine Freizeit verbracht?<\/h2>\n<p>Ich habe viele Hobbys ausprobiert, zum Beispiel Schwimmen und Tae Bo. Ausserdem habe ich meinen Gasteltern bei der Betreuung der Kinder geholfen und viel Zeit mit der Familie verbracht. Manchmal bin ich zum Lernen zu meiner Freundin nach Hause gegangen, weil wir fast Nachbarn waren.<\/p>\n<h2>War es leicht oder schwer, Freunde zu finden?<\/h2>\n<p>F\u00fcr mich war es sehr einfach. Ich hatte das Gl\u00fcck, in eine tolle Klasse zu kommen, und meine Mitsch\u00fcler waren sehr aufgeschlossen. Wegen der Sprachbarriere war es zuerst ein wenig schwierig, tiefere Verbindungen zu kn\u00fcpfen. Aber nach ein paar Monaten wurde es einfacher, und ich hatte nie wirklich Probleme Freunde zu finden.<\/p>\n<h2>Was war deine gr\u00f6sste Herausforderung? Wie hast du sie gemeistert?<\/h2>\n<p>Das war die Sprache, aber nach und nach habe ich Spanisch gelernt. Meine Gastfamilie und meine Freunde konnten kein Englisch, was mich dazu zwang, Spanisch zu sprechen, weil es keine andere M\u00f6glichkeit gab. Ich bin sehr stolz darauf, die Sprache in 10 Monaten gelernt zu haben, und jetzt ist mein Spanisch besser als mein Englisch!<\/p>\n<h2>Was war das Beste an deinem Austauschjahr?<\/h2>\n<p>Das Beste war meine pers\u00f6nliche Entwicklung und dass ich die Welt auf eine neue Art und Weise kennenlernen konnte.<\/p>\n<h2>Was ist deine sch\u00f6nste Erinnerung?<\/h2>\n<p>Das war mein erster Ausflug mit den anderen Austauschsch\u00fclern. Wir sind nach Ostional in Guanacaste gefahren, eine der sch\u00f6nsten Gegenden des Landes. Wir sind um 4 Uhr morgens aufgewacht, um zu sehen, wie die Babyschildkr\u00f6ten ins Meer springen. Das war die beste Reise, die ich je gemacht habe.<\/p>\n<h2>Was hast du gelernt?<\/h2>\n<p>Neben der Sprache habe ich gelernt, dass die Menschen unterschiedlich sind und dass das okay ist. Es kann schwierig sein, mit Menschen zu diskutieren, vor allem mit der \u00e4lteren Generation, die eher traditionell ist und keine anderen Meinungen h\u00f6ren will. Ich habe gelernt, dass man nicht mit jedem diskutieren muss, dass nicht jeder die eigene Meinung h\u00f6ren will und dass das in Ordnung ist.<\/p>\n<h2>Empfiehlst du einen Austausch?<\/h2>\n<p>Ja, auf jeden Fall. Ein Austausch ist f\u00fcr fast jeden toll, aber ich empfehle Costa Rica f\u00fcr Leute, die geduldig und verantwortungsbewusst sind. Costa Rica ist ein wundersch\u00f6nes Land, aber es ist sehr wichtig, vorsichtig zu sein und Sicherheitsvorkehrungen zu treffen. Ausserdem haben die Menschen dort vielleicht ganz andere Ansichten als du, und die kulturellen Unterschiede k\u00f6nnen sehr gross sein. Ein Austausch hilft dir, die Welt besser zu verstehen, er zeigt dir sch\u00f6ne Orte und du triffst tolle Menschen. Es ist eine Erfahrung, die man nur einmal im Leben macht.<\/p>\n<h2>Ein guter Tipp?<\/h2>\n<p>H\u00f6re auf deine Gastfamilie und ihre Ratschl\u00e4ge. Sie kennen ihr Land und wissen, was sicher ist und was nicht.<\/p>\n<h2>Wie wird sich der Austausch auf deine Zukunft auswirken?<\/h2>\n<p>Ich bin gerade von einem zweimonatigen Erasmus-Austausch in Spanien zur\u00fcckgekommen. Ohne meine Zeit in Costa Rica w\u00e4re das nicht m\u00f6glich gewesen! Jetzt bin ich f\u00fcr drei Monate in Norwegen, um meinen Abschluss zu machen. Danach werde ich zur\u00fcck nach Costa Rica gehen.<\/p>\n<p>Durch den Austausch bin ich viel reifer geworden und mit so vielen Menschen in Kontakt gekommen, dass ich es kaum erwarten kann, sie wieder zu treffen. Mein Austausch hat mir auch ein Gef\u00fchl von Unabh\u00e4ngigkeit gegeben. Ich f\u00fchle mich viel selbstbewusster.<\/p>\n<h2>Warum hast du dich f\u00fcr STS entschieden?<\/h2>\n<p>STS hat eine grosse Auswahl an L\u00e4ndern, sie sind sehr kulant mit der Covid-19-Situation umgegangen und haben mir erlaubt, zu stornieren und trotzdem mein Geld zur\u00fcckzubekommen, was bei anderen Organisationen nicht m\u00f6glich war. Ausserdem habe ich in meinem Interview einen sehr guten Eindruck von STS gewonnen. Auch meine Schwester ist mit STS gereist und hat eine gute Erfahrung gemacht. Ich war so zufrieden, dass wir jetzt einen STS-Austauschsch\u00fcler aus Mexiko aufnehmen.<\/p>\n<h2>Erfahre mehr<\/h2>\n<ul><li>Lies mehr <a href=\"https:\/\/www.sts-education.com\/de-ch\/high-school-2\/unsere-austauschschueler-innen\/schuler-testimonials\/?hashtag=Costa+Rica\">Sch\u00fclergeschichten aus Costa Rica<\/a><\/li>\n<li>Informiere dich \u00fcber <a href=\"https:\/\/www.sts-education.com\/de-ch\/high-school\/gastlaender\/sudamerika\/costa-rica\/\">High School-Austausch in Costa Rica<\/a><\/li>\n<li>Alle <a href=\"\/de-ch\/high-school\/tripfinder\/\">High School-Austauschl\u00e4nder<\/a><\/li><\/ul>\n<\/div><\/div><\/div>\n","protected":false},"excerpt":{"rendered":"","protected":false},"author":20,"featured_media":13244,"comment_status":"open","ping_status":"open","sticky":false,"template":"","format":"standard","meta":{"_acf_changed":false,"_yoast_wpseo_title":"Jenny war im Auslandsjahr in Costa Rica","_yoast_wpseo_metadesc":"Das fing an, als ich noch klein war. Meine Schwestern erz\u00e4hlten mir von ihren Austauschprogrammen und Erfahrungen beim Reisen um die Welt.","footnotes":""},"categories":[298],"tags":[1073],"wpw_post_folders":[],"class_list":["post-12365","post","type-post","status-publish","format-standard","has-post-thumbnail","hentry","category-uncategorized-de-ch","tag-costa-rica"],"acf":[],"yoast_head":"<!-- This site is optimized with the Yoast SEO Premium plugin v27.2 (Yoast SEO v27.2) - https:\/\/yoast.com\/product\/yoast-seo-premium-wordpress\/ -->\n<title>Jenny war im Auslandsjahr in Costa Rica<\/title>\n<meta name=\"description\" content=\"Das fing an, als ich noch klein war. Meine Schwestern erz\u00e4hlten mir von ihren Austauschprogrammen und Erfahrungen beim Reisen um die Welt.\" \/>\n<meta name=\"robots\" content=\"index, follow, max-snippet:-1, max-image-preview:large, max-video-preview:-1\" \/>\n<link rel=\"canonical\" href=\"https:\/\/www.sts-education.com\/de-ch\/high-school\/unsere-austauschschueler-innen\/schuler-testimonials\/jenny-war-im-auslandsjahr-in-costa-rica\/\" \/>\n<meta property=\"og:locale\" content=\"de_DE\" \/>\n<meta property=\"og:type\" content=\"article\" \/>\n<meta property=\"og:title\" content=\"Jenny War Im Auslandsjahr In Costa Rica\" \/>\n<meta property=\"og:description\" content=\"Das fing an, als ich noch klein war. Meine Schwestern erz\u00e4hlten mir von ihren Austauschprogrammen und Erfahrungen beim Reisen um die Welt.\" \/>\n<meta property=\"og:url\" content=\"https:\/\/www.sts-education.com\/de-ch\/high-school\/unsere-austauschschueler-innen\/schuler-testimonials\/jenny-war-im-auslandsjahr-in-costa-rica\/\" \/>\n<meta property=\"og:site_name\" content=\"STS Education\" \/>\n<meta property=\"article:published_time\" content=\"2023-05-02T10:00:00+00:00\" \/>\n<meta property=\"article:modified_time\" content=\"2026-04-14T10:30:06+00:00\" \/>\n<meta property=\"og:image\" content=\"https:\/\/powered-by.qbank.se\/educatius\/sts\/\/c05556c0b8b22d19da665af35946abf7_1-1-thumb.webp\" \/>\n\t<meta property=\"og:image:width\" content=\"150\" \/>\n\t<meta property=\"og:image:height\" content=\"150\" \/>\n\t<meta property=\"og:image:type\" content=\"image\/jpeg\" \/>\n<meta name=\"author\" content=\"syncreadwrite\" \/>\n<meta name=\"twitter:card\" content=\"summary_large_image\" \/>\n<meta name=\"twitter:label1\" content=\"Geschrieben von\" \/>\n\t<meta name=\"twitter:data1\" content=\"syncreadwrite\" \/>\n\t<meta name=\"twitter:label2\" content=\"Gesch\u00e4tzte Lesezeit\" \/>\n\t<meta name=\"twitter:data2\" content=\"5\u00a0Minuten\" \/>\n<script type=\"application\/ld+json\" class=\"yoast-schema-graph\">{\"@context\":\"https:\/\/schema.org\",\"@graph\":[{\"@type\":\"Article\",\"@id\":\"https:\/\/www.sts-education.com\/de-ch\/high-school\/unsere-austauschschueler-innen\/schuler-testimonials\/jenny-war-im-auslandsjahr-in-costa-rica\/#article\",\"isPartOf\":{\"@id\":\"https:\/\/www.sts-education.com\/de-ch\/high-school\/unsere-austauschschueler-innen\/schuler-testimonials\/jenny-war-im-auslandsjahr-in-costa-rica\/\"},\"author\":{\"name\":\"syncreadwrite\",\"@id\":\"https:\/\/www.sts-education.com\/de-ch\/#\/schema\/person\/8b82f3a2e45f020b8f296d7a85d9a97c\"},\"headline\":\"Jenny War Im Auslandsjahr In Costa Rica\",\"datePublished\":\"2023-05-02T10:00:00+00:00\",\"dateModified\":\"2026-04-14T10:30:06+00:00\",\"mainEntityOfPage\":{\"@id\":\"https:\/\/www.sts-education.com\/de-ch\/high-school\/unsere-austauschschueler-innen\/schuler-testimonials\/jenny-war-im-auslandsjahr-in-costa-rica\/\"},\"wordCount\":952,\"commentCount\":0,\"image\":{\"@id\":\"https:\/\/www.sts-education.com\/de-ch\/high-school\/unsere-austauschschueler-innen\/schuler-testimonials\/jenny-war-im-auslandsjahr-in-costa-rica\/#primaryimage\"},\"thumbnailUrl\":\"https:\/\/powered-by.qbank.se\/educatius\/sts\/\/c05556c0b8b22d19da665af35946abf7_1-1-thumb.webp\",\"keywords\":[\"Costa Rica\"],\"articleSection\":[\"Uncategorized @de-ch\"],\"inLanguage\":\"de-CH\",\"potentialAction\":[{\"@type\":\"CommentAction\",\"name\":\"Comment\",\"target\":[\"https:\/\/www.sts-education.com\/de-ch\/high-school\/unsere-austauschschueler-innen\/schuler-testimonials\/jenny-war-im-auslandsjahr-in-costa-rica\/#respond\"]}]},{\"@type\":\"WebPage\",\"@id\":\"https:\/\/www.sts-education.com\/de-ch\/high-school\/unsere-austauschschueler-innen\/schuler-testimonials\/jenny-war-im-auslandsjahr-in-costa-rica\/\",\"url\":\"https:\/\/www.sts-education.com\/de-ch\/high-school\/unsere-austauschschueler-innen\/schuler-testimonials\/jenny-war-im-auslandsjahr-in-costa-rica\/\",\"name\":\"Jenny war im Auslandsjahr in Costa Rica\",\"isPartOf\":{\"@id\":\"https:\/\/www.sts-education.com\/de-ch\/#website\"},\"primaryImageOfPage\":{\"@id\":\"https:\/\/www.sts-education.com\/de-ch\/high-school\/unsere-austauschschueler-innen\/schuler-testimonials\/jenny-war-im-auslandsjahr-in-costa-rica\/#primaryimage\"},\"image\":{\"@id\":\"https:\/\/www.sts-education.com\/de-ch\/high-school\/unsere-austauschschueler-innen\/schuler-testimonials\/jenny-war-im-auslandsjahr-in-costa-rica\/#primaryimage\"},\"thumbnailUrl\":\"https:\/\/powered-by.qbank.se\/educatius\/sts\/\/c05556c0b8b22d19da665af35946abf7_1-1-thumb.webp\",\"datePublished\":\"2023-05-02T10:00:00+00:00\",\"dateModified\":\"2026-04-14T10:30:06+00:00\",\"author\":{\"@id\":\"https:\/\/www.sts-education.com\/de-ch\/#\/schema\/person\/8b82f3a2e45f020b8f296d7a85d9a97c\"},\"description\":\"Das fing an, als ich noch klein war. Meine Schwestern erz\u00e4hlten mir von ihren Austauschprogrammen und Erfahrungen beim Reisen um die Welt.\",\"breadcrumb\":{\"@id\":\"https:\/\/www.sts-education.com\/de-ch\/high-school\/unsere-austauschschueler-innen\/schuler-testimonials\/jenny-war-im-auslandsjahr-in-costa-rica\/#breadcrumb\"},\"inLanguage\":\"de-CH\",\"potentialAction\":[{\"@type\":\"ReadAction\",\"target\":[\"https:\/\/www.sts-education.com\/de-ch\/high-school\/unsere-austauschschueler-innen\/schuler-testimonials\/jenny-war-im-auslandsjahr-in-costa-rica\/\"]}]},{\"@type\":\"ImageObject\",\"inLanguage\":\"de-CH\",\"@id\":\"https:\/\/www.sts-education.com\/de-ch\/high-school\/unsere-austauschschueler-innen\/schuler-testimonials\/jenny-war-im-auslandsjahr-in-costa-rica\/#primaryimage\",\"url\":\"https:\/\/powered-by.qbank.se\/educatius\/sts\/\/c05556c0b8b22d19da665af35946abf7_1-1-thumb.webp\",\"contentUrl\":\"https:\/\/powered-by.qbank.se\/educatius\/sts\/\/c05556c0b8b22d19da665af35946abf7_1-1-thumb.webp\",\"width\":150,\"height\":150},{\"@type\":\"BreadcrumbList\",\"@id\":\"https:\/\/www.sts-education.com\/de-ch\/high-school\/unsere-austauschschueler-innen\/schuler-testimonials\/jenny-war-im-auslandsjahr-in-costa-rica\/#breadcrumb\",\"itemListElement\":[{\"@type\":\"ListItem\",\"position\":1,\"name\":\"Home\",\"item\":\"https:\/\/www.sts-education.com\/de-ch\/\"},{\"@type\":\"ListItem\",\"position\":2,\"name\":\"Jenny War Im Auslandsjahr In Costa Rica\"}]},{\"@type\":\"WebSite\",\"@id\":\"https:\/\/www.sts-education.com\/de-ch\/#website\",\"url\":\"https:\/\/www.sts-education.com\/de-ch\/\",\"name\":\"STS Education\",\"description\":\"\",\"potentialAction\":[{\"@type\":\"SearchAction\",\"target\":{\"@type\":\"EntryPoint\",\"urlTemplate\":\"https:\/\/www.sts-education.com\/de-ch\/?s={search_term_string}\"},\"query-input\":{\"@type\":\"PropertyValueSpecification\",\"valueRequired\":true,\"valueName\":\"search_term_string\"}}],\"inLanguage\":\"de-CH\"},{\"@type\":\"Person\",\"@id\":\"https:\/\/www.sts-education.com\/de-ch\/#\/schema\/person\/8b82f3a2e45f020b8f296d7a85d9a97c\",\"name\":\"syncreadwrite\",\"image\":{\"@type\":\"ImageObject\",\"inLanguage\":\"de-CH\",\"@id\":\"https:\/\/secure.gravatar.com\/avatar\/6ed1007e4f6f43f22e3df41d9fce4365533cba47fef64bb359b8e629abbc2ea6?s=96&d=mm&r=g\",\"url\":\"https:\/\/secure.gravatar.com\/avatar\/6ed1007e4f6f43f22e3df41d9fce4365533cba47fef64bb359b8e629abbc2ea6?s=96&d=mm&r=g\",\"contentUrl\":\"https:\/\/secure.gravatar.com\/avatar\/6ed1007e4f6f43f22e3df41d9fce4365533cba47fef64bb359b8e629abbc2ea6?s=96&d=mm&r=g\",\"caption\":\"syncreadwrite\"},\"url\":\"https:\/\/www.sts-education.com\/de-ch\/author\/syncreadwrite\/\"}]}<\/script>\n<!-- \/ Yoast SEO Premium plugin. -->","yoast_head_json":{"title":"Jenny war im Auslandsjahr in Costa Rica","description":"Das fing an, als ich noch klein war. Meine Schwestern erz\u00e4hlten mir von ihren Austauschprogrammen und Erfahrungen beim Reisen um die Welt.","robots":{"index":"index","follow":"follow","max-snippet":"max-snippet:-1","max-image-preview":"max-image-preview:large","max-video-preview":"max-video-preview:-1"},"canonical":"https:\/\/www.sts-education.com\/de-ch\/high-school\/unsere-austauschschueler-innen\/schuler-testimonials\/jenny-war-im-auslandsjahr-in-costa-rica\/","og_locale":"de_DE","og_type":"article","og_title":"Jenny War Im Auslandsjahr In Costa Rica","og_description":"Das fing an, als ich noch klein war. Meine Schwestern erz\u00e4hlten mir von ihren Austauschprogrammen und Erfahrungen beim Reisen um die Welt.","og_url":"https:\/\/www.sts-education.com\/de-ch\/high-school\/unsere-austauschschueler-innen\/schuler-testimonials\/jenny-war-im-auslandsjahr-in-costa-rica\/","og_site_name":"STS Education","article_published_time":"2023-05-02T10:00:00+00:00","article_modified_time":"2026-04-14T10:30:06+00:00","og_image":[{"width":150,"height":150,"url":"https:\/\/powered-by.qbank.se\/educatius\/sts\/\/c05556c0b8b22d19da665af35946abf7_1-1-thumb.webp","type":"image\/jpeg"}],"author":"syncreadwrite","twitter_card":"summary_large_image","twitter_misc":{"Geschrieben von":"syncreadwrite","Gesch\u00e4tzte Lesezeit":"5\u00a0Minuten"},"schema":{"@context":"https:\/\/schema.org","@graph":[{"@type":"Article","@id":"https:\/\/www.sts-education.com\/de-ch\/high-school\/unsere-austauschschueler-innen\/schuler-testimonials\/jenny-war-im-auslandsjahr-in-costa-rica\/#article","isPartOf":{"@id":"https:\/\/www.sts-education.com\/de-ch\/high-school\/unsere-austauschschueler-innen\/schuler-testimonials\/jenny-war-im-auslandsjahr-in-costa-rica\/"},"author":{"name":"syncreadwrite","@id":"https:\/\/www.sts-education.com\/de-ch\/#\/schema\/person\/8b82f3a2e45f020b8f296d7a85d9a97c"},"headline":"Jenny War Im Auslandsjahr In Costa Rica","datePublished":"2023-05-02T10:00:00+00:00","dateModified":"2026-04-14T10:30:06+00:00","mainEntityOfPage":{"@id":"https:\/\/www.sts-education.com\/de-ch\/high-school\/unsere-austauschschueler-innen\/schuler-testimonials\/jenny-war-im-auslandsjahr-in-costa-rica\/"},"wordCount":952,"commentCount":0,"image":{"@id":"https:\/\/www.sts-education.com\/de-ch\/high-school\/unsere-austauschschueler-innen\/schuler-testimonials\/jenny-war-im-auslandsjahr-in-costa-rica\/#primaryimage"},"thumbnailUrl":"https:\/\/powered-by.qbank.se\/educatius\/sts\/\/c05556c0b8b22d19da665af35946abf7_1-1-thumb.webp","keywords":["Costa Rica"],"articleSection":["Uncategorized @de-ch"],"inLanguage":"de-CH","potentialAction":[{"@type":"CommentAction","name":"Comment","target":["https:\/\/www.sts-education.com\/de-ch\/high-school\/unsere-austauschschueler-innen\/schuler-testimonials\/jenny-war-im-auslandsjahr-in-costa-rica\/#respond"]}]},{"@type":"WebPage","@id":"https:\/\/www.sts-education.com\/de-ch\/high-school\/unsere-austauschschueler-innen\/schuler-testimonials\/jenny-war-im-auslandsjahr-in-costa-rica\/","url":"https:\/\/www.sts-education.com\/de-ch\/high-school\/unsere-austauschschueler-innen\/schuler-testimonials\/jenny-war-im-auslandsjahr-in-costa-rica\/","name":"Jenny war im Auslandsjahr in Costa Rica","isPartOf":{"@id":"https:\/\/www.sts-education.com\/de-ch\/#website"},"primaryImageOfPage":{"@id":"https:\/\/www.sts-education.com\/de-ch\/high-school\/unsere-austauschschueler-innen\/schuler-testimonials\/jenny-war-im-auslandsjahr-in-costa-rica\/#primaryimage"},"image":{"@id":"https:\/\/www.sts-education.com\/de-ch\/high-school\/unsere-austauschschueler-innen\/schuler-testimonials\/jenny-war-im-auslandsjahr-in-costa-rica\/#primaryimage"},"thumbnailUrl":"https:\/\/powered-by.qbank.se\/educatius\/sts\/\/c05556c0b8b22d19da665af35946abf7_1-1-thumb.webp","datePublished":"2023-05-02T10:00:00+00:00","dateModified":"2026-04-14T10:30:06+00:00","author":{"@id":"https:\/\/www.sts-education.com\/de-ch\/#\/schema\/person\/8b82f3a2e45f020b8f296d7a85d9a97c"},"description":"Das fing an, als ich noch klein war. Meine Schwestern erz\u00e4hlten mir von ihren Austauschprogrammen und Erfahrungen beim Reisen um die Welt.","breadcrumb":{"@id":"https:\/\/www.sts-education.com\/de-ch\/high-school\/unsere-austauschschueler-innen\/schuler-testimonials\/jenny-war-im-auslandsjahr-in-costa-rica\/#breadcrumb"},"inLanguage":"de-CH","potentialAction":[{"@type":"ReadAction","target":["https:\/\/www.sts-education.com\/de-ch\/high-school\/unsere-austauschschueler-innen\/schuler-testimonials\/jenny-war-im-auslandsjahr-in-costa-rica\/"]}]},{"@type":"ImageObject","inLanguage":"de-CH","@id":"https:\/\/www.sts-education.com\/de-ch\/high-school\/unsere-austauschschueler-innen\/schuler-testimonials\/jenny-war-im-auslandsjahr-in-costa-rica\/#primaryimage","url":"https:\/\/powered-by.qbank.se\/educatius\/sts\/\/c05556c0b8b22d19da665af35946abf7_1-1-thumb.webp","contentUrl":"https:\/\/powered-by.qbank.se\/educatius\/sts\/\/c05556c0b8b22d19da665af35946abf7_1-1-thumb.webp","width":150,"height":150},{"@type":"BreadcrumbList","@id":"https:\/\/www.sts-education.com\/de-ch\/high-school\/unsere-austauschschueler-innen\/schuler-testimonials\/jenny-war-im-auslandsjahr-in-costa-rica\/#breadcrumb","itemListElement":[{"@type":"ListItem","position":1,"name":"Home","item":"https:\/\/www.sts-education.com\/de-ch\/"},{"@type":"ListItem","position":2,"name":"Jenny War Im Auslandsjahr In Costa Rica"}]},{"@type":"WebSite","@id":"https:\/\/www.sts-education.com\/de-ch\/#website","url":"https:\/\/www.sts-education.com\/de-ch\/","name":"STS Education","description":"","potentialAction":[{"@type":"SearchAction","target":{"@type":"EntryPoint","urlTemplate":"https:\/\/www.sts-education.com\/de-ch\/?s={search_term_string}"},"query-input":{"@type":"PropertyValueSpecification","valueRequired":true,"valueName":"search_term_string"}}],"inLanguage":"de-CH"},{"@type":"Person","@id":"https:\/\/www.sts-education.com\/de-ch\/#\/schema\/person\/8b82f3a2e45f020b8f296d7a85d9a97c","name":"syncreadwrite","image":{"@type":"ImageObject","inLanguage":"de-CH","@id":"https:\/\/secure.gravatar.com\/avatar\/6ed1007e4f6f43f22e3df41d9fce4365533cba47fef64bb359b8e629abbc2ea6?s=96&d=mm&r=g","url":"https:\/\/secure.gravatar.com\/avatar\/6ed1007e4f6f43f22e3df41d9fce4365533cba47fef64bb359b8e629abbc2ea6?s=96&d=mm&r=g","contentUrl":"https:\/\/secure.gravatar.com\/avatar\/6ed1007e4f6f43f22e3df41d9fce4365533cba47fef64bb359b8e629abbc2ea6?s=96&d=mm&r=g","caption":"syncreadwrite"},"url":"https:\/\/www.sts-education.com\/de-ch\/author\/syncreadwrite\/"}]}},"_links":{"self":[{"href":"https:\/\/www.sts-education.com\/de-ch\/wp-json\/wp\/v2\/posts\/12365","targetHints":{"allow":["GET"]}}],"collection":[{"href":"https:\/\/www.sts-education.com\/de-ch\/wp-json\/wp\/v2\/posts"}],"about":[{"href":"https:\/\/www.sts-education.com\/de-ch\/wp-json\/wp\/v2\/types\/post"}],"author":[{"embeddable":true,"href":"https:\/\/www.sts-education.com\/de-ch\/wp-json\/wp\/v2\/users\/20"}],"replies":[{"embeddable":true,"href":"https:\/\/www.sts-education.com\/de-ch\/wp-json\/wp\/v2\/comments?post=12365"}],"version-history":[{"count":4,"href":"https:\/\/www.sts-education.com\/de-ch\/wp-json\/wp\/v2\/posts\/12365\/revisions"}],"predecessor-version":[{"id":34694,"href":"https:\/\/www.sts-education.com\/de-ch\/wp-json\/wp\/v2\/posts\/12365\/revisions\/34694"}],"wp:featuredmedia":[{"embeddable":true,"href":"https:\/\/www.sts-education.com\/de-ch\/wp-json\/wp\/v2\/media\/13244"}],"wp:attachment":[{"href":"https:\/\/www.sts-education.com\/de-ch\/wp-json\/wp\/v2\/media?parent=12365"}],"wp:term":[{"taxonomy":"category","embeddable":true,"href":"https:\/\/www.sts-education.com\/de-ch\/wp-json\/wp\/v2\/categories?post=12365"},{"taxonomy":"post_tag","embeddable":true,"href":"https:\/\/www.sts-education.com\/de-ch\/wp-json\/wp\/v2\/tags?post=12365"},{"taxonomy":"wpw_post_folders","embeddable":true,"href":"https:\/\/www.sts-education.com\/de-ch\/wp-json\/wp\/v2\/wpw_post_folders?post=12365"}],"curies":[{"name":"wp","href":"https:\/\/api.w.org\/{rel}","templated":true}]}}