{"id":12368,"date":"2023-04-26T11:00:00","date_gmt":"2023-04-26T11:00:00","guid":{"rendered":"https:\/\/preprod.sts-education.com\/blog\/2026\/03\/05\/cedric-hat-sein-austauschjahr-in-kanada-gemacht\/"},"modified":"2026-04-14T10:30:10","modified_gmt":"2026-04-14T10:30:10","slug":"cedric-hat-sein-austauschjahr-in-kanada-gemacht","status":"publish","type":"post","link":"https:\/\/www.sts-education.com\/de-ch\/high-school\/unsere-austauschschueler-innen\/schuler-testimonials\/cedric-hat-sein-austauschjahr-in-kanada-gemacht\/","title":{"rendered":"Cedric Hat Sein Austauschjahr In Kanada Gemacht"},"content":{"rendered":"\n<div class=\"wp-block-sts-text sts-text-editor has-max-width-md\"><div class=\"sts-text-editor__content\"><div class=\"sts-text-editor__content-inner\">\n<h1 style=\"text-align:center\">Cedric hat sein Austauschjahr in Kanada gemacht<\/h1>\n<\/div><\/div><\/div>\n\n\n\n<div class=\"wp-block-sts-text sts-text-editor has-max-width-md\"><div class=\"sts-text-editor__content\"><div class=\"sts-text-editor__content-inner\">\n<p><em>Cedric aus der Schweiz war als Austauschsch\u00fcler in Kanada.<\/em><\/p>\n<h2>Warum hast du dich f\u00fcr Kanada entschieden?<\/h2>\n<p>Meine Eltern hielten das f\u00fcr eine sicherere Alternative zu den USA, wo ich urspr\u00fcnglich hinwollte. Ich bereue aber nicht, nach Kanada gegangen zu sein. Es ist den USA sehr \u00e4hnlich.<\/p>\n<h2>Wie kamst du darauf, einen Austausch zu machen?<\/h2>\n<p>Ich wollte mehr von der Welt sehen, solange ich noch jung bin und mein Englisch verbessern.<\/p>\n<h2>Wie hat es dir in deiner Gastfamilie gefallen?<\/h2>\n<p>Es war eine ziemlich coole Erfahrung! Wenn man seiner Gastfamilie nahesteht, ist es, als w\u00fcrde man mit seinen besten Freunden in einem Haus wohnen. Allerdings habe ich meine Schweizer Familie vermisst.<\/p>\n<h2>Wie war die Schule?<\/h2>\n<p>Die Schule war sehr interessant. Es ist viel einfacher als in der Schweiz, da man sich seinen Stundenplan nach den eigenen Interessen zusammenstellen kann. Die Tests sind nicht so schwer und man hat mehr Freizeit, in der man das Land und seine Kultur erkunden kann.<\/p>\n<h2>Wie hast du deine Freizeit verbracht?<\/h2>\n<p>Da ich ziemlich abgelegen gelebt habe, habe ich angefangen zu wandern. Ich habe stundenlange Spazierg\u00e4nge in der Natur unternommen. Mit Freunden bin ich oft in die Stadt gefahren, um ins Einkaufszentrum oder Essen zu gehen.<\/p>\n<h2>War es leicht, Freunde zu finden?<\/h2>\n<p>Freunde zu finden war f\u00fcr mich sehr einfach, da ich ein extrovertierter Mensch bin. Kanadier sind ohnehin sehr freundlich. Wenn ich Leute angesprochen und Gespr\u00e4chen begonnen habe, sind oft neue Freundschaften daraus entstanden.<\/p>\n<h2>Was war deine gr\u00f6sste Herausforderung und wie hast du sie gemeistert?<\/h2>\n<p>Nichts war wirklich zu Fuss erreichbar. Die Stadt war nur 30 Minuten mit dem Auto entfernt, aber da es keine \u00f6ffentlichen Verkehrsmittel gab, musste ich mich immer von meinen Freunden oder meiner Gastfamilie fahren lassen. Da alle meine Freunde in der 12. Klasse waren, war das kein Problem, alle hatten einen F\u00fchrerschein. Aber es war schon eine kleine Herausforderung, als ich frisch da war und noch nicht viele Freunde gefunden hatte. Eine weitere Herausforderung war das extrem kalte Wetter. Manchmal waren wir tagelang eingeschlossen, weil die Strassen so schlecht waren, dass die Schule ausfallen musste.<\/p>\n<h2>Was war das Beste an deinem Austausch?<\/h2>\n<p>Die vielen Freunde, die ich gefunden habe! Ich bin immer noch in Kontakt mit ihnen und werde sie diesen Sommer besuchen.<\/p>\n<h2>Was ist deine sch\u00f6nste Erinnerung?<\/h2>\n<p>Der Canada Day am 1. Juli. Es war die letzte Nacht, die ich in Kanada verbracht habe. Ich war mit all meinen Freunden zusammen und konnte mich von ihnen verabschieden. Es war unglaublich traurig, aber auch sehr sch\u00f6n, denn es gab ein Feuerwerk und eine tolle Atmosph\u00e4re.<\/p>\n<h2>Was hast du gelernt?<\/h2>\n<p>Sage niemals nein zu neuen Erfahrungen, und Abschiede dauern nicht ewig.<\/p>\n<h2>Deine besten Tipps?<\/h2>\n<ol><li>Fang keine Beziehung an, denn es wird vorbei sein, sobald du nach Hause gehst.<\/li>\n<li>Verbringe so viel Zeit wie m\u00f6glich mit Freunden und deiner Gastfamilie.<\/li>\n<li>Sei nicht so viel am Handy.<\/li><\/ol>\n<h2>Warst du mit der STS zufrieden?<\/h2>\n<p>Ja, sehr. Meine Freunde haben mir STS empfohlen und sie hatten Kanada im Programm. Alle meine Fragen wurden immer beantwortet, und alles wurde professionell gehandhabt.<\/p>\n<h2>Wie wird sich der Austausch auf deine Zukunft auswirken?<\/h2>\n<p>Ich habe mein Englisch verbessert, was sehr wichtig ist f\u00fcr das, was ich in Zukunft machen m\u00f6chte. Ich habe Freunde gefunden, die ich wahrscheinlich ein Leben lang behalten werde. Ausserdem bin ich viel erwachsener geworden, da ich meine Eltern nicht st\u00e4ndig um mich hatte.<\/p>\n<h2>Erfahre mehr<\/h2>\n<ul><li>Lies mehr <a href=\"https:\/\/www.sts-education.com\/de-ch\/high-school-2\/unsere-austauschschueler-innen\/schuler-testimonials\/?hashtag=Kanada\">Sch\u00fclergeschichten aus Kanada<\/a><\/li>\n<li>Informiere dich \u00fcber <a href=\"https:\/\/www.sts-education.com\/de-ch\/high-school\/gastlaender\/nordamerika\/kanada\/\">High School-Austausch in Kanada<\/a><\/li>\n<li>Alle <a href=\"\/de-ch\/high-school\/tripfinder\/\">High School-Austauschl\u00e4nder<\/a><\/li><\/ul>\n<\/div><\/div><\/div>\n","protected":false},"excerpt":{"rendered":"","protected":false},"author":20,"featured_media":13250,"comment_status":"open","ping_status":"open","sticky":false,"template":"","format":"standard","meta":{"_acf_changed":false,"_yoast_wpseo_title":"Cedric hat sein Austauschjahr in Kanada gemacht","_yoast_wpseo_metadesc":"Meine Eltern hielten das f\u00fcr eine sicherere Alternative zu den USA, wo ich urspr\u00fcnglich hinwollte. Ich bereue aber nicht, nach Kanada gegangen zu sein.","footnotes":""},"categories":[298],"tags":[1071],"wpw_post_folders":[],"class_list":["post-12368","post","type-post","status-publish","format-standard","has-post-thumbnail","hentry","category-uncategorized-de-ch","tag-kanada"],"acf":[],"yoast_head":"<!-- This site is optimized with the Yoast SEO Premium plugin v27.2 (Yoast SEO v27.2) - https:\/\/yoast.com\/product\/yoast-seo-premium-wordpress\/ -->\n<title>Cedric hat sein Austauschjahr in Kanada gemacht<\/title>\n<meta name=\"description\" content=\"Meine Eltern hielten das f\u00fcr eine sicherere Alternative zu den USA, wo ich urspr\u00fcnglich hinwollte. Ich bereue aber nicht, nach Kanada gegangen zu sein.\" \/>\n<meta name=\"robots\" content=\"index, follow, max-snippet:-1, max-image-preview:large, max-video-preview:-1\" \/>\n<link rel=\"canonical\" href=\"https:\/\/www.sts-education.com\/de-ch\/high-school\/unsere-austauschschueler-innen\/schuler-testimonials\/cedric-hat-sein-austauschjahr-in-kanada-gemacht\/\" \/>\n<meta property=\"og:locale\" content=\"de_DE\" \/>\n<meta property=\"og:type\" content=\"article\" \/>\n<meta property=\"og:title\" content=\"Cedric Hat Sein Austauschjahr In Kanada Gemacht\" \/>\n<meta property=\"og:description\" content=\"Meine Eltern hielten das f\u00fcr eine sicherere Alternative zu den USA, wo ich urspr\u00fcnglich hinwollte. Ich bereue aber nicht, nach Kanada gegangen zu sein.\" \/>\n<meta property=\"og:url\" content=\"https:\/\/www.sts-education.com\/de-ch\/high-school\/unsere-austauschschueler-innen\/schuler-testimonials\/cedric-hat-sein-austauschjahr-in-kanada-gemacht\/\" \/>\n<meta property=\"og:site_name\" content=\"STS Education\" \/>\n<meta property=\"article:published_time\" content=\"2023-04-26T11:00:00+00:00\" \/>\n<meta property=\"article:modified_time\" content=\"2026-04-14T10:30:10+00:00\" \/>\n<meta property=\"og:image\" content=\"https:\/\/powered-by.qbank.se\/educatius\/sts\/\/3d2c58b49ad56f76a00a991fdb283798_1-1-thumb.webp\" \/>\n\t<meta property=\"og:image:width\" content=\"150\" \/>\n\t<meta property=\"og:image:height\" content=\"150\" \/>\n\t<meta property=\"og:image:type\" content=\"image\/jpeg\" \/>\n<meta name=\"author\" content=\"syncreadwrite\" \/>\n<meta name=\"twitter:card\" content=\"summary_large_image\" \/>\n<meta name=\"twitter:label1\" content=\"Geschrieben von\" \/>\n\t<meta name=\"twitter:data1\" content=\"syncreadwrite\" \/>\n\t<meta name=\"twitter:label2\" content=\"Gesch\u00e4tzte Lesezeit\" \/>\n\t<meta name=\"twitter:data2\" content=\"3\u00a0Minuten\" \/>\n<script type=\"application\/ld+json\" class=\"yoast-schema-graph\">{\"@context\":\"https:\/\/schema.org\",\"@graph\":[{\"@type\":\"Article\",\"@id\":\"https:\/\/www.sts-education.com\/de-ch\/high-school\/unsere-austauschschueler-innen\/schuler-testimonials\/cedric-hat-sein-austauschjahr-in-kanada-gemacht\/#article\",\"isPartOf\":{\"@id\":\"https:\/\/www.sts-education.com\/de-ch\/high-school\/unsere-austauschschueler-innen\/schuler-testimonials\/cedric-hat-sein-austauschjahr-in-kanada-gemacht\/\"},\"author\":{\"name\":\"syncreadwrite\",\"@id\":\"https:\/\/www.sts-education.com\/de-ch\/#\/schema\/person\/8b82f3a2e45f020b8f296d7a85d9a97c\"},\"headline\":\"Cedric Hat Sein Austauschjahr In Kanada Gemacht\",\"datePublished\":\"2023-04-26T11:00:00+00:00\",\"dateModified\":\"2026-04-14T10:30:10+00:00\",\"mainEntityOfPage\":{\"@id\":\"https:\/\/www.sts-education.com\/de-ch\/high-school\/unsere-austauschschueler-innen\/schuler-testimonials\/cedric-hat-sein-austauschjahr-in-kanada-gemacht\/\"},\"wordCount\":604,\"commentCount\":0,\"image\":{\"@id\":\"https:\/\/www.sts-education.com\/de-ch\/high-school\/unsere-austauschschueler-innen\/schuler-testimonials\/cedric-hat-sein-austauschjahr-in-kanada-gemacht\/#primaryimage\"},\"thumbnailUrl\":\"https:\/\/powered-by.qbank.se\/educatius\/sts\/\/3d2c58b49ad56f76a00a991fdb283798_1-1-thumb.webp\",\"keywords\":[\"Kanada\"],\"articleSection\":[\"Uncategorized @de-ch\"],\"inLanguage\":\"de-CH\",\"potentialAction\":[{\"@type\":\"CommentAction\",\"name\":\"Comment\",\"target\":[\"https:\/\/www.sts-education.com\/de-ch\/high-school\/unsere-austauschschueler-innen\/schuler-testimonials\/cedric-hat-sein-austauschjahr-in-kanada-gemacht\/#respond\"]}]},{\"@type\":\"WebPage\",\"@id\":\"https:\/\/www.sts-education.com\/de-ch\/high-school\/unsere-austauschschueler-innen\/schuler-testimonials\/cedric-hat-sein-austauschjahr-in-kanada-gemacht\/\",\"url\":\"https:\/\/www.sts-education.com\/de-ch\/high-school\/unsere-austauschschueler-innen\/schuler-testimonials\/cedric-hat-sein-austauschjahr-in-kanada-gemacht\/\",\"name\":\"Cedric hat sein Austauschjahr in Kanada gemacht\",\"isPartOf\":{\"@id\":\"https:\/\/www.sts-education.com\/de-ch\/#website\"},\"primaryImageOfPage\":{\"@id\":\"https:\/\/www.sts-education.com\/de-ch\/high-school\/unsere-austauschschueler-innen\/schuler-testimonials\/cedric-hat-sein-austauschjahr-in-kanada-gemacht\/#primaryimage\"},\"image\":{\"@id\":\"https:\/\/www.sts-education.com\/de-ch\/high-school\/unsere-austauschschueler-innen\/schuler-testimonials\/cedric-hat-sein-austauschjahr-in-kanada-gemacht\/#primaryimage\"},\"thumbnailUrl\":\"https:\/\/powered-by.qbank.se\/educatius\/sts\/\/3d2c58b49ad56f76a00a991fdb283798_1-1-thumb.webp\",\"datePublished\":\"2023-04-26T11:00:00+00:00\",\"dateModified\":\"2026-04-14T10:30:10+00:00\",\"author\":{\"@id\":\"https:\/\/www.sts-education.com\/de-ch\/#\/schema\/person\/8b82f3a2e45f020b8f296d7a85d9a97c\"},\"description\":\"Meine Eltern hielten das f\u00fcr eine sicherere Alternative zu den USA, wo ich urspr\u00fcnglich hinwollte. Ich bereue aber nicht, nach Kanada gegangen zu sein.\",\"breadcrumb\":{\"@id\":\"https:\/\/www.sts-education.com\/de-ch\/high-school\/unsere-austauschschueler-innen\/schuler-testimonials\/cedric-hat-sein-austauschjahr-in-kanada-gemacht\/#breadcrumb\"},\"inLanguage\":\"de-CH\",\"potentialAction\":[{\"@type\":\"ReadAction\",\"target\":[\"https:\/\/www.sts-education.com\/de-ch\/high-school\/unsere-austauschschueler-innen\/schuler-testimonials\/cedric-hat-sein-austauschjahr-in-kanada-gemacht\/\"]}]},{\"@type\":\"ImageObject\",\"inLanguage\":\"de-CH\",\"@id\":\"https:\/\/www.sts-education.com\/de-ch\/high-school\/unsere-austauschschueler-innen\/schuler-testimonials\/cedric-hat-sein-austauschjahr-in-kanada-gemacht\/#primaryimage\",\"url\":\"https:\/\/powered-by.qbank.se\/educatius\/sts\/\/3d2c58b49ad56f76a00a991fdb283798_1-1-thumb.webp\",\"contentUrl\":\"https:\/\/powered-by.qbank.se\/educatius\/sts\/\/3d2c58b49ad56f76a00a991fdb283798_1-1-thumb.webp\",\"width\":150,\"height\":150},{\"@type\":\"BreadcrumbList\",\"@id\":\"https:\/\/www.sts-education.com\/de-ch\/high-school\/unsere-austauschschueler-innen\/schuler-testimonials\/cedric-hat-sein-austauschjahr-in-kanada-gemacht\/#breadcrumb\",\"itemListElement\":[{\"@type\":\"ListItem\",\"position\":1,\"name\":\"Home\",\"item\":\"https:\/\/www.sts-education.com\/de-ch\/\"},{\"@type\":\"ListItem\",\"position\":2,\"name\":\"Cedric Hat Sein Austauschjahr In Kanada Gemacht\"}]},{\"@type\":\"WebSite\",\"@id\":\"https:\/\/www.sts-education.com\/de-ch\/#website\",\"url\":\"https:\/\/www.sts-education.com\/de-ch\/\",\"name\":\"STS Education\",\"description\":\"\",\"potentialAction\":[{\"@type\":\"SearchAction\",\"target\":{\"@type\":\"EntryPoint\",\"urlTemplate\":\"https:\/\/www.sts-education.com\/de-ch\/?s={search_term_string}\"},\"query-input\":{\"@type\":\"PropertyValueSpecification\",\"valueRequired\":true,\"valueName\":\"search_term_string\"}}],\"inLanguage\":\"de-CH\"},{\"@type\":\"Person\",\"@id\":\"https:\/\/www.sts-education.com\/de-ch\/#\/schema\/person\/8b82f3a2e45f020b8f296d7a85d9a97c\",\"name\":\"syncreadwrite\",\"image\":{\"@type\":\"ImageObject\",\"inLanguage\":\"de-CH\",\"@id\":\"https:\/\/secure.gravatar.com\/avatar\/6ed1007e4f6f43f22e3df41d9fce4365533cba47fef64bb359b8e629abbc2ea6?s=96&d=mm&r=g\",\"url\":\"https:\/\/secure.gravatar.com\/avatar\/6ed1007e4f6f43f22e3df41d9fce4365533cba47fef64bb359b8e629abbc2ea6?s=96&d=mm&r=g\",\"contentUrl\":\"https:\/\/secure.gravatar.com\/avatar\/6ed1007e4f6f43f22e3df41d9fce4365533cba47fef64bb359b8e629abbc2ea6?s=96&d=mm&r=g\",\"caption\":\"syncreadwrite\"},\"url\":\"https:\/\/www.sts-education.com\/de-ch\/author\/syncreadwrite\/\"}]}<\/script>\n<!-- \/ Yoast SEO Premium plugin. -->","yoast_head_json":{"title":"Cedric hat sein Austauschjahr in Kanada gemacht","description":"Meine Eltern hielten das f\u00fcr eine sicherere Alternative zu den USA, wo ich urspr\u00fcnglich hinwollte. Ich bereue aber nicht, nach Kanada gegangen zu sein.","robots":{"index":"index","follow":"follow","max-snippet":"max-snippet:-1","max-image-preview":"max-image-preview:large","max-video-preview":"max-video-preview:-1"},"canonical":"https:\/\/www.sts-education.com\/de-ch\/high-school\/unsere-austauschschueler-innen\/schuler-testimonials\/cedric-hat-sein-austauschjahr-in-kanada-gemacht\/","og_locale":"de_DE","og_type":"article","og_title":"Cedric Hat Sein Austauschjahr In Kanada Gemacht","og_description":"Meine Eltern hielten das f\u00fcr eine sicherere Alternative zu den USA, wo ich urspr\u00fcnglich hinwollte. Ich bereue aber nicht, nach Kanada gegangen zu sein.","og_url":"https:\/\/www.sts-education.com\/de-ch\/high-school\/unsere-austauschschueler-innen\/schuler-testimonials\/cedric-hat-sein-austauschjahr-in-kanada-gemacht\/","og_site_name":"STS Education","article_published_time":"2023-04-26T11:00:00+00:00","article_modified_time":"2026-04-14T10:30:10+00:00","og_image":[{"width":150,"height":150,"url":"https:\/\/powered-by.qbank.se\/educatius\/sts\/\/3d2c58b49ad56f76a00a991fdb283798_1-1-thumb.webp","type":"image\/jpeg"}],"author":"syncreadwrite","twitter_card":"summary_large_image","twitter_misc":{"Geschrieben von":"syncreadwrite","Gesch\u00e4tzte Lesezeit":"3\u00a0Minuten"},"schema":{"@context":"https:\/\/schema.org","@graph":[{"@type":"Article","@id":"https:\/\/www.sts-education.com\/de-ch\/high-school\/unsere-austauschschueler-innen\/schuler-testimonials\/cedric-hat-sein-austauschjahr-in-kanada-gemacht\/#article","isPartOf":{"@id":"https:\/\/www.sts-education.com\/de-ch\/high-school\/unsere-austauschschueler-innen\/schuler-testimonials\/cedric-hat-sein-austauschjahr-in-kanada-gemacht\/"},"author":{"name":"syncreadwrite","@id":"https:\/\/www.sts-education.com\/de-ch\/#\/schema\/person\/8b82f3a2e45f020b8f296d7a85d9a97c"},"headline":"Cedric Hat Sein Austauschjahr In Kanada Gemacht","datePublished":"2023-04-26T11:00:00+00:00","dateModified":"2026-04-14T10:30:10+00:00","mainEntityOfPage":{"@id":"https:\/\/www.sts-education.com\/de-ch\/high-school\/unsere-austauschschueler-innen\/schuler-testimonials\/cedric-hat-sein-austauschjahr-in-kanada-gemacht\/"},"wordCount":604,"commentCount":0,"image":{"@id":"https:\/\/www.sts-education.com\/de-ch\/high-school\/unsere-austauschschueler-innen\/schuler-testimonials\/cedric-hat-sein-austauschjahr-in-kanada-gemacht\/#primaryimage"},"thumbnailUrl":"https:\/\/powered-by.qbank.se\/educatius\/sts\/\/3d2c58b49ad56f76a00a991fdb283798_1-1-thumb.webp","keywords":["Kanada"],"articleSection":["Uncategorized @de-ch"],"inLanguage":"de-CH","potentialAction":[{"@type":"CommentAction","name":"Comment","target":["https:\/\/www.sts-education.com\/de-ch\/high-school\/unsere-austauschschueler-innen\/schuler-testimonials\/cedric-hat-sein-austauschjahr-in-kanada-gemacht\/#respond"]}]},{"@type":"WebPage","@id":"https:\/\/www.sts-education.com\/de-ch\/high-school\/unsere-austauschschueler-innen\/schuler-testimonials\/cedric-hat-sein-austauschjahr-in-kanada-gemacht\/","url":"https:\/\/www.sts-education.com\/de-ch\/high-school\/unsere-austauschschueler-innen\/schuler-testimonials\/cedric-hat-sein-austauschjahr-in-kanada-gemacht\/","name":"Cedric hat sein Austauschjahr in Kanada gemacht","isPartOf":{"@id":"https:\/\/www.sts-education.com\/de-ch\/#website"},"primaryImageOfPage":{"@id":"https:\/\/www.sts-education.com\/de-ch\/high-school\/unsere-austauschschueler-innen\/schuler-testimonials\/cedric-hat-sein-austauschjahr-in-kanada-gemacht\/#primaryimage"},"image":{"@id":"https:\/\/www.sts-education.com\/de-ch\/high-school\/unsere-austauschschueler-innen\/schuler-testimonials\/cedric-hat-sein-austauschjahr-in-kanada-gemacht\/#primaryimage"},"thumbnailUrl":"https:\/\/powered-by.qbank.se\/educatius\/sts\/\/3d2c58b49ad56f76a00a991fdb283798_1-1-thumb.webp","datePublished":"2023-04-26T11:00:00+00:00","dateModified":"2026-04-14T10:30:10+00:00","author":{"@id":"https:\/\/www.sts-education.com\/de-ch\/#\/schema\/person\/8b82f3a2e45f020b8f296d7a85d9a97c"},"description":"Meine Eltern hielten das f\u00fcr eine sicherere Alternative zu den USA, wo ich urspr\u00fcnglich hinwollte. Ich bereue aber nicht, nach Kanada gegangen zu sein.","breadcrumb":{"@id":"https:\/\/www.sts-education.com\/de-ch\/high-school\/unsere-austauschschueler-innen\/schuler-testimonials\/cedric-hat-sein-austauschjahr-in-kanada-gemacht\/#breadcrumb"},"inLanguage":"de-CH","potentialAction":[{"@type":"ReadAction","target":["https:\/\/www.sts-education.com\/de-ch\/high-school\/unsere-austauschschueler-innen\/schuler-testimonials\/cedric-hat-sein-austauschjahr-in-kanada-gemacht\/"]}]},{"@type":"ImageObject","inLanguage":"de-CH","@id":"https:\/\/www.sts-education.com\/de-ch\/high-school\/unsere-austauschschueler-innen\/schuler-testimonials\/cedric-hat-sein-austauschjahr-in-kanada-gemacht\/#primaryimage","url":"https:\/\/powered-by.qbank.se\/educatius\/sts\/\/3d2c58b49ad56f76a00a991fdb283798_1-1-thumb.webp","contentUrl":"https:\/\/powered-by.qbank.se\/educatius\/sts\/\/3d2c58b49ad56f76a00a991fdb283798_1-1-thumb.webp","width":150,"height":150},{"@type":"BreadcrumbList","@id":"https:\/\/www.sts-education.com\/de-ch\/high-school\/unsere-austauschschueler-innen\/schuler-testimonials\/cedric-hat-sein-austauschjahr-in-kanada-gemacht\/#breadcrumb","itemListElement":[{"@type":"ListItem","position":1,"name":"Home","item":"https:\/\/www.sts-education.com\/de-ch\/"},{"@type":"ListItem","position":2,"name":"Cedric Hat Sein Austauschjahr In Kanada Gemacht"}]},{"@type":"WebSite","@id":"https:\/\/www.sts-education.com\/de-ch\/#website","url":"https:\/\/www.sts-education.com\/de-ch\/","name":"STS Education","description":"","potentialAction":[{"@type":"SearchAction","target":{"@type":"EntryPoint","urlTemplate":"https:\/\/www.sts-education.com\/de-ch\/?s={search_term_string}"},"query-input":{"@type":"PropertyValueSpecification","valueRequired":true,"valueName":"search_term_string"}}],"inLanguage":"de-CH"},{"@type":"Person","@id":"https:\/\/www.sts-education.com\/de-ch\/#\/schema\/person\/8b82f3a2e45f020b8f296d7a85d9a97c","name":"syncreadwrite","image":{"@type":"ImageObject","inLanguage":"de-CH","@id":"https:\/\/secure.gravatar.com\/avatar\/6ed1007e4f6f43f22e3df41d9fce4365533cba47fef64bb359b8e629abbc2ea6?s=96&d=mm&r=g","url":"https:\/\/secure.gravatar.com\/avatar\/6ed1007e4f6f43f22e3df41d9fce4365533cba47fef64bb359b8e629abbc2ea6?s=96&d=mm&r=g","contentUrl":"https:\/\/secure.gravatar.com\/avatar\/6ed1007e4f6f43f22e3df41d9fce4365533cba47fef64bb359b8e629abbc2ea6?s=96&d=mm&r=g","caption":"syncreadwrite"},"url":"https:\/\/www.sts-education.com\/de-ch\/author\/syncreadwrite\/"}]}},"_links":{"self":[{"href":"https:\/\/www.sts-education.com\/de-ch\/wp-json\/wp\/v2\/posts\/12368","targetHints":{"allow":["GET"]}}],"collection":[{"href":"https:\/\/www.sts-education.com\/de-ch\/wp-json\/wp\/v2\/posts"}],"about":[{"href":"https:\/\/www.sts-education.com\/de-ch\/wp-json\/wp\/v2\/types\/post"}],"author":[{"embeddable":true,"href":"https:\/\/www.sts-education.com\/de-ch\/wp-json\/wp\/v2\/users\/20"}],"replies":[{"embeddable":true,"href":"https:\/\/www.sts-education.com\/de-ch\/wp-json\/wp\/v2\/comments?post=12368"}],"version-history":[{"count":4,"href":"https:\/\/www.sts-education.com\/de-ch\/wp-json\/wp\/v2\/posts\/12368\/revisions"}],"predecessor-version":[{"id":34697,"href":"https:\/\/www.sts-education.com\/de-ch\/wp-json\/wp\/v2\/posts\/12368\/revisions\/34697"}],"wp:featuredmedia":[{"embeddable":true,"href":"https:\/\/www.sts-education.com\/de-ch\/wp-json\/wp\/v2\/media\/13250"}],"wp:attachment":[{"href":"https:\/\/www.sts-education.com\/de-ch\/wp-json\/wp\/v2\/media?parent=12368"}],"wp:term":[{"taxonomy":"category","embeddable":true,"href":"https:\/\/www.sts-education.com\/de-ch\/wp-json\/wp\/v2\/categories?post=12368"},{"taxonomy":"post_tag","embeddable":true,"href":"https:\/\/www.sts-education.com\/de-ch\/wp-json\/wp\/v2\/tags?post=12368"},{"taxonomy":"wpw_post_folders","embeddable":true,"href":"https:\/\/www.sts-education.com\/de-ch\/wp-json\/wp\/v2\/wpw_post_folders?post=12368"}],"curies":[{"name":"wp","href":"https:\/\/api.w.org\/{rel}","templated":true}]}}