{"id":11652,"date":"2024-10-24T13:00:00","date_gmt":"2024-10-24T11:00:00","guid":{"rendered":"https:\/\/preprod.sts-education.com\/blog\/2026\/03\/05\/muki-entschied-sich-fuer-einen-austausch-in-spanien\/"},"modified":"2026-04-29T09:49:28","modified_gmt":"2026-04-29T07:49:28","slug":"muki-entschied-sich-fuer-einen-austausch-in-spanien","status":"publish","type":"post","link":"https:\/\/www.sts-education.com\/de-de\/high-school\/unsere-austauschschueler\/schuler-testimonials\/muki-entschied-sich-fuer-einen-austausch-in-spanien\/","title":{"rendered":"Muki entschied sich f\u00fcr einen Austausch in Spanien"},"content":{"rendered":"\n<div class=\"wp-block-sts-text sts-text-editor has-max-width-md\"><div class=\"sts-text-editor__content\"><div class=\"sts-text-editor__content-inner\">\n<h1 style=\"text-align:center\">Muki entschied sich f\u00fcr einen Austausch in Spanien<\/h1>\n<\/div><\/div><\/div>\n\n\n\n<figure class=\"wp-block-sts-image sts-block-image sts-block-image--count-1 has-max-width-lg\" data-count=\"1\"><div class=\"sts-block-image__grid\"><div class=\"sts-block-image__item\"><picture class=\"sts-responsive-image has-fit-cover has-pos-top is-skeleton\"><source media=\"(max-width: 834.98px)\" srcset=\"https:\/\/powered-by.qbank.se\/educatius\/sts\/450d86718b4b3697ccf2f66f3c051f56_1-1-thumb.webp 150w, https:\/\/powered-by.qbank.se\/educatius\/sts\/450d86718b4b3697ccf2f66f3c051f56_1-1-xsmall.webp 500w, https:\/\/powered-by.qbank.se\/educatius\/sts\/450d86718b4b3697ccf2f66f3c051f56_1-1-small.webp 800w, https:\/\/powered-by.qbank.se\/educatius\/sts\/450d86718b4b3697ccf2f66f3c051f56_1-1-medium.webp 1024w, https:\/\/powered-by.qbank.se\/educatius\/sts\/450d86718b4b3697ccf2f66f3c051f56_1-1-large.webp 1536w\" sizes=\"(max-width: 768px) 100vw, (max-width: 1200px) 100vw, 1200px\" type=\"image\/webp\"\/><source media=\"(min-width: 835px)\" srcset=\"https:\/\/powered-by.qbank.se\/educatius\/sts\/450d86718b4b3697ccf2f66f3c051f56_16-9-small.webp 800w, https:\/\/powered-by.qbank.se\/educatius\/sts\/450d86718b4b3697ccf2f66f3c051f56_16-9-medium.webp 1024w, https:\/\/powered-by.qbank.se\/educatius\/sts\/450d86718b4b3697ccf2f66f3c051f56_16-9-large.webp 1536w\" sizes=\"(max-width: 768px) 100vw, (max-width: 1200px) 100vw, 1200px\" type=\"image\/webp\"\/><img src=\"https:\/\/powered-by.qbank.se\/educatius\/sts\/450d86718b4b3697ccf2f66f3c051f56_1-1-thumb.webp\" alt=\"Muki entschied sich f\u00fcr einen Austausch in Spanien\" loading=\"lazy\" decoding=\"async\" fetchpriority=\"low\" style=\"object-position:top\"\/><\/picture><\/div><\/div><\/figure>\n\n\n\n<div class=\"wp-block-sts-text sts-text-editor has-max-width-md\"><div class=\"sts-text-editor__content\"><div class=\"sts-text-editor__content-inner\">\n<p><em>Ich hei\u00dfe Muki, bin 16 Jahre alt und komme aus \u00d6sterreich. Aktuell bin ich f\u00fcr 5 Monate in Spanien in Rivas-Vaciamadrid, einer Stadt in der N\u00e4he von Madrid.<\/em><\/p>\n<\/div><\/div><\/div>\n\n\n\n<div class=\"wp-block-sts-text sts-text-editor has-max-width-md\"><div class=\"sts-text-editor__content\"><div class=\"sts-text-editor__content-inner\">\n<p>Inzwischen lebe ich schon fast 2 Monate hier und f\u00fchle mich superwohl. Ich hatte praktisch keine Erwartungen vorher, aber die, die ich hatte, wurden alle \u00fcbertroffen. Ich finde, es war die beste Entscheidung, den Schritt heraus aus meiner Komfortzone zu wagen und in einem fremden Land zu leben, von dem ich nichts wusste, bei einer fremden Familie, in der ich niemanden kannte. Ich wei\u00df schon jetzt, dass mir diese 5 Monate immer als eine super Zeit in Erinnerung bleiben werden, wahrscheinlich sogar als die beste Zeit \u00fcberhaupt.<\/p>\n<h2>Warum Spanien?<\/h2>\n<p>Ich liebe den Sommer und alles, was man bei warmem Wetter machen kann. Deshalb fand ich es verlockend, in einem Land zu leben, wo es viel l\u00e4nger warm und sonnig ist als in meiner Heimat. Das war wohl einer der Hauptgr\u00fcnde, warum ich nach Spanien wollte.<\/p>\n<h2>Freunde und Schule<\/h2>\n<p>Vom ersten Tag an, vom Welcome Camp bis jetzt war alles einfach klasse. Ich habe schnell Anschluss gefunden und andere Gastsch\u00fcler getroffen, die in meiner Stadt leben, und nat\u00fcrlich auch Einheimische, vor allem in meiner Schule. Die Schule, die Leute in meiner Klasse und die Lehrer sind alle echt cool.<\/p>\n<h2>Die Gastfamilie<\/h2>\n<p>Meine Familie ist wirklich lieb, und ich verbringe gern Zeit mit meinen 3 Gastgeschwistern und dem Hund. Ich habe ein sch\u00f6nes Zimmer, und die Familie k\u00fcmmert sich toll um mich, ich bin voll integriert.<\/p>\n<h2>Spanisch<\/h2>\n<p>Mein Spanisch hat sich richtig verbessert, ich verstehe jeden Tag mehr und mehr. Nach nur zwei Monaten verstehe ich richtig viel und kann mich gut unterhalten.<\/p>\n<h2>Freizeit<\/h2>\n<p>Nachmittags gehe ich meist ins Gym oder treffe mich mit meinen Freunden. Wir spielen dann Fu\u00dfball oder unternehmen was. Am Wochenende fahren wir oft mit der U-Bahn nach Madrid rein, das dauert nur 40 Minuten. Wir schauen die Stadt an, shoppen und haben Spa\u00df. Das mache ich am liebsten, ich freu mich immer schon drauf. Meine Freunde und ich lieben Madrid und alles, was es dort zu sehen und zu erleben gibt.<\/p>\n<h2>Mein Tipp<\/h2>\n<p>Ich kann einen solchen Austausch nur empfehlen. STS war einfach super, alles war bestens organisiert, richtig bequem. Ich kann echt nicht meckern! Wenn du auch einen Austausch machen willst, dann gebe ich dir den Tipp, m\u00f6glichst wenig zu erwarten, bevor es losgeht. Lass dich einfach \u00fcberraschen von all den Dingen, die du erleben wirst. Dann gibt\u2019s auch keine Entt\u00e4uschungen!<\/p>\n<h2>Erfahre mehr<\/h2>\n<ul>\n<li>Lies mehr <a href=\"https:\/\/www.sts-education.com\/de-de\/high-school\/unsere-austauschschueler\/schuler-testimonials\/?hashtag=Spanien\">Sch\u00fclergeschichten aus Spanien<\/a><\/li>\n<li>Informiere dich \u00fcber <a href=\"https:\/\/www.sts-education.com\/de-de\/europa\/spanien\/\">High School-Austausch in Spanien <\/a><\/li>\n<li>Alle <a href=\"\/de-de\/high-school\/tripfinder\/\">High School-Austauschl\u00e4nder<\/a><\/li>\n<\/ul>\n<\/div><\/div><\/div>\n","protected":false},"excerpt":{"rendered":"","protected":false},"author":20,"featured_media":40538,"comment_status":"open","ping_status":"open","sticky":false,"template":"","format":"standard","meta":{"_acf_changed":false,"_yoast_wpseo_title":"Muki entschied sich f\u00fcr einen Austausch in Spanien","_yoast_wpseo_metadesc":"Ich finde, es war die beste Entscheidung, den Schritt heraus aus meiner Komfortzone zu wagen und in einem fremden Land zu leben, von dem ich nichts wusste, bei einer fremden Familie, in der ich niemanden kannte.","footnotes":""},"categories":[273],"tags":[951],"wpw_post_folders":[],"class_list":["post-11652","post","type-post","status-publish","format-standard","has-post-thumbnail","hentry","category-nicht-kategorisiert","tag-spanien"],"acf":[],"yoast_head":"<!-- This site is optimized with the Yoast SEO Premium plugin v27.2 (Yoast SEO v27.2) - https:\/\/yoast.com\/product\/yoast-seo-premium-wordpress\/ -->\n<title>Muki entschied sich f\u00fcr einen Austausch in Spanien<\/title>\n<meta name=\"description\" content=\"Ich finde, es war die beste Entscheidung, den Schritt heraus aus meiner Komfortzone zu wagen und in einem fremden Land zu leben, von dem ich nichts wusste, bei einer fremden Familie, in der ich niemanden kannte.\" \/>\n<meta name=\"robots\" content=\"index, follow, max-snippet:-1, max-image-preview:large, max-video-preview:-1\" \/>\n<link rel=\"canonical\" href=\"https:\/\/www.sts-education.com\/de-de\/high-school\/unsere-austauschschueler\/schuler-testimonials\/muki-entschied-sich-fuer-einen-austausch-in-spanien\/\" \/>\n<meta property=\"og:locale\" content=\"de_DE\" \/>\n<meta property=\"og:type\" content=\"article\" \/>\n<meta property=\"og:title\" content=\"Muki entschied sich f\u00fcr einen Austausch in Spanien\" \/>\n<meta property=\"og:description\" content=\"Ich finde, es war die beste Entscheidung, den Schritt heraus aus meiner Komfortzone zu wagen und in einem fremden Land zu leben, von dem ich nichts wusste, bei einer fremden Familie, in der ich niemanden kannte.\" \/>\n<meta property=\"og:url\" content=\"https:\/\/www.sts-education.com\/de-de\/high-school\/unsere-austauschschueler\/schuler-testimonials\/muki-entschied-sich-fuer-einen-austausch-in-spanien\/\" \/>\n<meta property=\"og:site_name\" content=\"STS Education\" \/>\n<meta property=\"article:published_time\" content=\"2024-10-24T11:00:00+00:00\" \/>\n<meta property=\"article:modified_time\" content=\"2026-04-29T07:49:28+00:00\" \/>\n<meta property=\"og:image\" content=\"https:\/\/powered-by.qbank.se\/educatius\/sts\/\/450d86718b4b3697ccf2f66f3c051f56_1-1-thumb.webp\" \/>\n\t<meta property=\"og:image:width\" content=\"150\" \/>\n\t<meta property=\"og:image:height\" content=\"150\" \/>\n\t<meta property=\"og:image:type\" content=\"image\/png\" \/>\n<meta name=\"author\" content=\"syncreadwrite\" \/>\n<meta name=\"twitter:card\" content=\"summary_large_image\" \/>\n<meta name=\"twitter:label1\" content=\"Verfasst von\" \/>\n\t<meta name=\"twitter:data1\" content=\"syncreadwrite\" \/>\n\t<meta name=\"twitter:label2\" content=\"Gesch\u00e4tzte Lesezeit\" \/>\n\t<meta name=\"twitter:data2\" content=\"3\u00a0Minuten\" \/>\n<script type=\"application\/ld+json\" class=\"yoast-schema-graph\">{\"@context\":\"https:\/\/schema.org\",\"@graph\":[{\"@type\":\"Article\",\"@id\":\"https:\/\/www.sts-education.com\/de-de\/high-school\/unsere-austauschschueler\/schuler-testimonials\/muki-entschied-sich-fuer-einen-austausch-in-spanien\/#article\",\"isPartOf\":{\"@id\":\"https:\/\/www.sts-education.com\/de-de\/high-school\/unsere-austauschschueler\/schuler-testimonials\/muki-entschied-sich-fuer-einen-austausch-in-spanien\/\"},\"author\":{\"name\":\"syncreadwrite\",\"@id\":\"https:\/\/www.sts-education.com\/de-de\/#\/schema\/person\/8b82f3a2e45f020b8f296d7a85d9a97c\"},\"headline\":\"Muki entschied sich f\u00fcr einen Austausch in Spanien\",\"datePublished\":\"2024-10-24T11:00:00+00:00\",\"dateModified\":\"2026-04-29T07:49:28+00:00\",\"mainEntityOfPage\":{\"@id\":\"https:\/\/www.sts-education.com\/de-de\/high-school\/unsere-austauschschueler\/schuler-testimonials\/muki-entschied-sich-fuer-einen-austausch-in-spanien\/\"},\"wordCount\":458,\"commentCount\":0,\"image\":{\"@id\":\"https:\/\/www.sts-education.com\/de-de\/high-school\/unsere-austauschschueler\/schuler-testimonials\/muki-entschied-sich-fuer-einen-austausch-in-spanien\/#primaryimage\"},\"thumbnailUrl\":\"https:\/\/powered-by.qbank.se\/educatius\/sts\/\/450d86718b4b3697ccf2f66f3c051f56_1-1-thumb.webp\",\"keywords\":[\"Spanien\"],\"articleSection\":[\"Nicht kategorisiert\"],\"inLanguage\":\"de\",\"potentialAction\":[{\"@type\":\"CommentAction\",\"name\":\"Comment\",\"target\":[\"https:\/\/www.sts-education.com\/de-de\/high-school\/unsere-austauschschueler\/schuler-testimonials\/muki-entschied-sich-fuer-einen-austausch-in-spanien\/#respond\"]}]},{\"@type\":\"WebPage\",\"@id\":\"https:\/\/www.sts-education.com\/de-de\/high-school\/unsere-austauschschueler\/schuler-testimonials\/muki-entschied-sich-fuer-einen-austausch-in-spanien\/\",\"url\":\"https:\/\/www.sts-education.com\/de-de\/high-school\/unsere-austauschschueler\/schuler-testimonials\/muki-entschied-sich-fuer-einen-austausch-in-spanien\/\",\"name\":\"Muki entschied sich f\u00fcr einen Austausch in Spanien\",\"isPartOf\":{\"@id\":\"https:\/\/www.sts-education.com\/de-de\/#website\"},\"primaryImageOfPage\":{\"@id\":\"https:\/\/www.sts-education.com\/de-de\/high-school\/unsere-austauschschueler\/schuler-testimonials\/muki-entschied-sich-fuer-einen-austausch-in-spanien\/#primaryimage\"},\"image\":{\"@id\":\"https:\/\/www.sts-education.com\/de-de\/high-school\/unsere-austauschschueler\/schuler-testimonials\/muki-entschied-sich-fuer-einen-austausch-in-spanien\/#primaryimage\"},\"thumbnailUrl\":\"https:\/\/powered-by.qbank.se\/educatius\/sts\/\/450d86718b4b3697ccf2f66f3c051f56_1-1-thumb.webp\",\"datePublished\":\"2024-10-24T11:00:00+00:00\",\"dateModified\":\"2026-04-29T07:49:28+00:00\",\"author\":{\"@id\":\"https:\/\/www.sts-education.com\/de-de\/#\/schema\/person\/8b82f3a2e45f020b8f296d7a85d9a97c\"},\"description\":\"Ich finde, es war die beste Entscheidung, den Schritt heraus aus meiner Komfortzone zu wagen und in einem fremden Land zu leben, von dem ich nichts wusste, bei einer fremden Familie, in der ich niemanden kannte.\",\"breadcrumb\":{\"@id\":\"https:\/\/www.sts-education.com\/de-de\/high-school\/unsere-austauschschueler\/schuler-testimonials\/muki-entschied-sich-fuer-einen-austausch-in-spanien\/#breadcrumb\"},\"inLanguage\":\"de\",\"potentialAction\":[{\"@type\":\"ReadAction\",\"target\":[\"https:\/\/www.sts-education.com\/de-de\/high-school\/unsere-austauschschueler\/schuler-testimonials\/muki-entschied-sich-fuer-einen-austausch-in-spanien\/\"]}]},{\"@type\":\"ImageObject\",\"inLanguage\":\"de\",\"@id\":\"https:\/\/www.sts-education.com\/de-de\/high-school\/unsere-austauschschueler\/schuler-testimonials\/muki-entschied-sich-fuer-einen-austausch-in-spanien\/#primaryimage\",\"url\":\"https:\/\/powered-by.qbank.se\/educatius\/sts\/\/450d86718b4b3697ccf2f66f3c051f56_1-1-thumb.webp\",\"contentUrl\":\"https:\/\/powered-by.qbank.se\/educatius\/sts\/\/450d86718b4b3697ccf2f66f3c051f56_1-1-thumb.webp\",\"width\":150,\"height\":150},{\"@type\":\"BreadcrumbList\",\"@id\":\"https:\/\/www.sts-education.com\/de-de\/high-school\/unsere-austauschschueler\/schuler-testimonials\/muki-entschied-sich-fuer-einen-austausch-in-spanien\/#breadcrumb\",\"itemListElement\":[{\"@type\":\"ListItem\",\"position\":1,\"name\":\"Home\",\"item\":\"https:\/\/www.sts-education.com\/de-de\/sample-page\/\"},{\"@type\":\"ListItem\",\"position\":2,\"name\":\"Muki entschied sich f\u00fcr einen Austausch in Spanien\"}]},{\"@type\":\"WebSite\",\"@id\":\"https:\/\/www.sts-education.com\/de-de\/#website\",\"url\":\"https:\/\/www.sts-education.com\/de-de\/\",\"name\":\"STS Education\",\"description\":\"\",\"potentialAction\":[{\"@type\":\"SearchAction\",\"target\":{\"@type\":\"EntryPoint\",\"urlTemplate\":\"https:\/\/www.sts-education.com\/de-de\/?s={search_term_string}\"},\"query-input\":{\"@type\":\"PropertyValueSpecification\",\"valueRequired\":true,\"valueName\":\"search_term_string\"}}],\"inLanguage\":\"de\"},{\"@type\":\"Person\",\"@id\":\"https:\/\/www.sts-education.com\/de-de\/#\/schema\/person\/8b82f3a2e45f020b8f296d7a85d9a97c\",\"name\":\"syncreadwrite\",\"image\":{\"@type\":\"ImageObject\",\"inLanguage\":\"de\",\"@id\":\"https:\/\/secure.gravatar.com\/avatar\/6ed1007e4f6f43f22e3df41d9fce4365533cba47fef64bb359b8e629abbc2ea6?s=96&d=mm&r=g\",\"url\":\"https:\/\/secure.gravatar.com\/avatar\/6ed1007e4f6f43f22e3df41d9fce4365533cba47fef64bb359b8e629abbc2ea6?s=96&d=mm&r=g\",\"contentUrl\":\"https:\/\/secure.gravatar.com\/avatar\/6ed1007e4f6f43f22e3df41d9fce4365533cba47fef64bb359b8e629abbc2ea6?s=96&d=mm&r=g\",\"caption\":\"syncreadwrite\"},\"url\":\"https:\/\/www.sts-education.com\/de-de\/author\/syncreadwrite\/\"}]}<\/script>\n<!-- \/ Yoast SEO Premium plugin. -->","yoast_head_json":{"title":"Muki entschied sich f\u00fcr einen Austausch in Spanien","description":"Ich finde, es war die beste Entscheidung, den Schritt heraus aus meiner Komfortzone zu wagen und in einem fremden Land zu leben, von dem ich nichts wusste, bei einer fremden Familie, in der ich niemanden kannte.","robots":{"index":"index","follow":"follow","max-snippet":"max-snippet:-1","max-image-preview":"max-image-preview:large","max-video-preview":"max-video-preview:-1"},"canonical":"https:\/\/www.sts-education.com\/de-de\/high-school\/unsere-austauschschueler\/schuler-testimonials\/muki-entschied-sich-fuer-einen-austausch-in-spanien\/","og_locale":"de_DE","og_type":"article","og_title":"Muki entschied sich f\u00fcr einen Austausch in Spanien","og_description":"Ich finde, es war die beste Entscheidung, den Schritt heraus aus meiner Komfortzone zu wagen und in einem fremden Land zu leben, von dem ich nichts wusste, bei einer fremden Familie, in der ich niemanden kannte.","og_url":"https:\/\/www.sts-education.com\/de-de\/high-school\/unsere-austauschschueler\/schuler-testimonials\/muki-entschied-sich-fuer-einen-austausch-in-spanien\/","og_site_name":"STS Education","article_published_time":"2024-10-24T11:00:00+00:00","article_modified_time":"2026-04-29T07:49:28+00:00","og_image":[{"width":150,"height":150,"url":"https:\/\/powered-by.qbank.se\/educatius\/sts\/\/450d86718b4b3697ccf2f66f3c051f56_1-1-thumb.webp","type":"image\/png"}],"author":"syncreadwrite","twitter_card":"summary_large_image","twitter_misc":{"Verfasst von":"syncreadwrite","Gesch\u00e4tzte Lesezeit":"3\u00a0Minuten"},"schema":{"@context":"https:\/\/schema.org","@graph":[{"@type":"Article","@id":"https:\/\/www.sts-education.com\/de-de\/high-school\/unsere-austauschschueler\/schuler-testimonials\/muki-entschied-sich-fuer-einen-austausch-in-spanien\/#article","isPartOf":{"@id":"https:\/\/www.sts-education.com\/de-de\/high-school\/unsere-austauschschueler\/schuler-testimonials\/muki-entschied-sich-fuer-einen-austausch-in-spanien\/"},"author":{"name":"syncreadwrite","@id":"https:\/\/www.sts-education.com\/de-de\/#\/schema\/person\/8b82f3a2e45f020b8f296d7a85d9a97c"},"headline":"Muki entschied sich f\u00fcr einen Austausch in Spanien","datePublished":"2024-10-24T11:00:00+00:00","dateModified":"2026-04-29T07:49:28+00:00","mainEntityOfPage":{"@id":"https:\/\/www.sts-education.com\/de-de\/high-school\/unsere-austauschschueler\/schuler-testimonials\/muki-entschied-sich-fuer-einen-austausch-in-spanien\/"},"wordCount":458,"commentCount":0,"image":{"@id":"https:\/\/www.sts-education.com\/de-de\/high-school\/unsere-austauschschueler\/schuler-testimonials\/muki-entschied-sich-fuer-einen-austausch-in-spanien\/#primaryimage"},"thumbnailUrl":"https:\/\/powered-by.qbank.se\/educatius\/sts\/\/450d86718b4b3697ccf2f66f3c051f56_1-1-thumb.webp","keywords":["Spanien"],"articleSection":["Nicht kategorisiert"],"inLanguage":"de","potentialAction":[{"@type":"CommentAction","name":"Comment","target":["https:\/\/www.sts-education.com\/de-de\/high-school\/unsere-austauschschueler\/schuler-testimonials\/muki-entschied-sich-fuer-einen-austausch-in-spanien\/#respond"]}]},{"@type":"WebPage","@id":"https:\/\/www.sts-education.com\/de-de\/high-school\/unsere-austauschschueler\/schuler-testimonials\/muki-entschied-sich-fuer-einen-austausch-in-spanien\/","url":"https:\/\/www.sts-education.com\/de-de\/high-school\/unsere-austauschschueler\/schuler-testimonials\/muki-entschied-sich-fuer-einen-austausch-in-spanien\/","name":"Muki entschied sich f\u00fcr einen Austausch in Spanien","isPartOf":{"@id":"https:\/\/www.sts-education.com\/de-de\/#website"},"primaryImageOfPage":{"@id":"https:\/\/www.sts-education.com\/de-de\/high-school\/unsere-austauschschueler\/schuler-testimonials\/muki-entschied-sich-fuer-einen-austausch-in-spanien\/#primaryimage"},"image":{"@id":"https:\/\/www.sts-education.com\/de-de\/high-school\/unsere-austauschschueler\/schuler-testimonials\/muki-entschied-sich-fuer-einen-austausch-in-spanien\/#primaryimage"},"thumbnailUrl":"https:\/\/powered-by.qbank.se\/educatius\/sts\/\/450d86718b4b3697ccf2f66f3c051f56_1-1-thumb.webp","datePublished":"2024-10-24T11:00:00+00:00","dateModified":"2026-04-29T07:49:28+00:00","author":{"@id":"https:\/\/www.sts-education.com\/de-de\/#\/schema\/person\/8b82f3a2e45f020b8f296d7a85d9a97c"},"description":"Ich finde, es war die beste Entscheidung, den Schritt heraus aus meiner Komfortzone zu wagen und in einem fremden Land zu leben, von dem ich nichts wusste, bei einer fremden Familie, in der ich niemanden kannte.","breadcrumb":{"@id":"https:\/\/www.sts-education.com\/de-de\/high-school\/unsere-austauschschueler\/schuler-testimonials\/muki-entschied-sich-fuer-einen-austausch-in-spanien\/#breadcrumb"},"inLanguage":"de","potentialAction":[{"@type":"ReadAction","target":["https:\/\/www.sts-education.com\/de-de\/high-school\/unsere-austauschschueler\/schuler-testimonials\/muki-entschied-sich-fuer-einen-austausch-in-spanien\/"]}]},{"@type":"ImageObject","inLanguage":"de","@id":"https:\/\/www.sts-education.com\/de-de\/high-school\/unsere-austauschschueler\/schuler-testimonials\/muki-entschied-sich-fuer-einen-austausch-in-spanien\/#primaryimage","url":"https:\/\/powered-by.qbank.se\/educatius\/sts\/\/450d86718b4b3697ccf2f66f3c051f56_1-1-thumb.webp","contentUrl":"https:\/\/powered-by.qbank.se\/educatius\/sts\/\/450d86718b4b3697ccf2f66f3c051f56_1-1-thumb.webp","width":150,"height":150},{"@type":"BreadcrumbList","@id":"https:\/\/www.sts-education.com\/de-de\/high-school\/unsere-austauschschueler\/schuler-testimonials\/muki-entschied-sich-fuer-einen-austausch-in-spanien\/#breadcrumb","itemListElement":[{"@type":"ListItem","position":1,"name":"Home","item":"https:\/\/www.sts-education.com\/de-de\/sample-page\/"},{"@type":"ListItem","position":2,"name":"Muki entschied sich f\u00fcr einen Austausch in Spanien"}]},{"@type":"WebSite","@id":"https:\/\/www.sts-education.com\/de-de\/#website","url":"https:\/\/www.sts-education.com\/de-de\/","name":"STS Education","description":"","potentialAction":[{"@type":"SearchAction","target":{"@type":"EntryPoint","urlTemplate":"https:\/\/www.sts-education.com\/de-de\/?s={search_term_string}"},"query-input":{"@type":"PropertyValueSpecification","valueRequired":true,"valueName":"search_term_string"}}],"inLanguage":"de"},{"@type":"Person","@id":"https:\/\/www.sts-education.com\/de-de\/#\/schema\/person\/8b82f3a2e45f020b8f296d7a85d9a97c","name":"syncreadwrite","image":{"@type":"ImageObject","inLanguage":"de","@id":"https:\/\/secure.gravatar.com\/avatar\/6ed1007e4f6f43f22e3df41d9fce4365533cba47fef64bb359b8e629abbc2ea6?s=96&d=mm&r=g","url":"https:\/\/secure.gravatar.com\/avatar\/6ed1007e4f6f43f22e3df41d9fce4365533cba47fef64bb359b8e629abbc2ea6?s=96&d=mm&r=g","contentUrl":"https:\/\/secure.gravatar.com\/avatar\/6ed1007e4f6f43f22e3df41d9fce4365533cba47fef64bb359b8e629abbc2ea6?s=96&d=mm&r=g","caption":"syncreadwrite"},"url":"https:\/\/www.sts-education.com\/de-de\/author\/syncreadwrite\/"}]}},"_links":{"self":[{"href":"https:\/\/www.sts-education.com\/de-de\/wp-json\/wp\/v2\/posts\/11652","targetHints":{"allow":["GET"]}}],"collection":[{"href":"https:\/\/www.sts-education.com\/de-de\/wp-json\/wp\/v2\/posts"}],"about":[{"href":"https:\/\/www.sts-education.com\/de-de\/wp-json\/wp\/v2\/types\/post"}],"author":[{"embeddable":true,"href":"https:\/\/www.sts-education.com\/de-de\/wp-json\/wp\/v2\/users\/20"}],"replies":[{"embeddable":true,"href":"https:\/\/www.sts-education.com\/de-de\/wp-json\/wp\/v2\/comments?post=11652"}],"version-history":[{"count":8,"href":"https:\/\/www.sts-education.com\/de-de\/wp-json\/wp\/v2\/posts\/11652\/revisions"}],"predecessor-version":[{"id":43358,"href":"https:\/\/www.sts-education.com\/de-de\/wp-json\/wp\/v2\/posts\/11652\/revisions\/43358"}],"wp:featuredmedia":[{"embeddable":true,"href":"https:\/\/www.sts-education.com\/de-de\/wp-json\/wp\/v2\/media\/40538"}],"wp:attachment":[{"href":"https:\/\/www.sts-education.com\/de-de\/wp-json\/wp\/v2\/media?parent=11652"}],"wp:term":[{"taxonomy":"category","embeddable":true,"href":"https:\/\/www.sts-education.com\/de-de\/wp-json\/wp\/v2\/categories?post=11652"},{"taxonomy":"post_tag","embeddable":true,"href":"https:\/\/www.sts-education.com\/de-de\/wp-json\/wp\/v2\/tags?post=11652"},{"taxonomy":"wpw_post_folders","embeddable":true,"href":"https:\/\/www.sts-education.com\/de-de\/wp-json\/wp\/v2\/wpw_post_folders?post=11652"}],"curies":[{"name":"wp","href":"https:\/\/api.w.org\/{rel}","templated":true}]}}