{"id":11667,"date":"2024-08-19T15:00:00","date_gmt":"2024-08-19T13:00:00","guid":{"rendered":"https:\/\/preprod.sts-education.com\/blog\/2026\/03\/05\/nele-war-in-norwegen\/"},"modified":"2026-04-29T10:00:09","modified_gmt":"2026-04-29T08:00:09","slug":"nele-war-in-norwegen","status":"publish","type":"post","link":"https:\/\/www.sts-education.com\/de-de\/high-school\/unsere-austauschschueler\/schuler-testimonials\/nele-war-in-norwegen\/","title":{"rendered":"Nele war in Norwegen"},"content":{"rendered":"\n<div class=\"wp-block-sts-text sts-text-editor has-max-width-md\"><div class=\"sts-text-editor__content\"><div class=\"sts-text-editor__content-inner\">\n<h1 style=\"text-align:center\">Nele war in Norwegen<\/h1>\n<\/div><\/div><\/div>\n\n\n\n<figure class=\"wp-block-sts-image sts-block-image sts-block-image--count-1 has-max-width-lg\" data-count=\"1\"><div class=\"sts-block-image__grid\"><div class=\"sts-block-image__item\"><picture class=\"sts-responsive-image has-fit-cover has-pos-top is-skeleton\"><source media=\"(max-width: 834.98px)\" srcset=\"https:\/\/powered-by.qbank.se\/educatius\/sts\/cfea3b6ea2c1a82ef50e42e6a7c66ac5_1-1-thumb.webp 150w, https:\/\/powered-by.qbank.se\/educatius\/sts\/cfea3b6ea2c1a82ef50e42e6a7c66ac5_1-1-xsmall.webp 500w, https:\/\/powered-by.qbank.se\/educatius\/sts\/cfea3b6ea2c1a82ef50e42e6a7c66ac5_1-1-small.webp 800w, https:\/\/powered-by.qbank.se\/educatius\/sts\/cfea3b6ea2c1a82ef50e42e6a7c66ac5_1-1-medium.webp 1024w, https:\/\/powered-by.qbank.se\/educatius\/sts\/cfea3b6ea2c1a82ef50e42e6a7c66ac5_1-1-large.webp 1536w\" sizes=\"(max-width: 768px) 100vw, (max-width: 1200px) 100vw, 1200px\" type=\"image\/webp\"\/><source media=\"(min-width: 835px)\" srcset=\"https:\/\/powered-by.qbank.se\/educatius\/sts\/cfea3b6ea2c1a82ef50e42e6a7c66ac5_16-9-small.webp 800w, https:\/\/powered-by.qbank.se\/educatius\/sts\/cfea3b6ea2c1a82ef50e42e6a7c66ac5_16-9-medium.webp 1024w, https:\/\/powered-by.qbank.se\/educatius\/sts\/cfea3b6ea2c1a82ef50e42e6a7c66ac5_16-9-large.webp 1536w\" sizes=\"(max-width: 768px) 100vw, (max-width: 1200px) 100vw, 1200px\" type=\"image\/webp\"\/><img src=\"https:\/\/powered-by.qbank.se\/educatius\/sts\/cfea3b6ea2c1a82ef50e42e6a7c66ac5_1-1-thumb.webp\" alt=\"Nele war in Norwegen\" loading=\"lazy\" decoding=\"async\" fetchpriority=\"low\" style=\"object-position:top\"\/><\/picture><\/div><\/div><\/figure>\n\n\n\n<div class=\"wp-block-sts-text sts-text-editor has-max-width-md\"><div class=\"sts-text-editor__content\"><div class=\"sts-text-editor__content-inner\">\n<p><em>Nele aus Deutschland hat ein Austauschjahr in Norwegen gemacht.<\/em><\/p>\n<\/div><\/div><\/div>\n\n\n\n<div class=\"wp-block-sts-text sts-text-editor has-max-width-md\"><div class=\"sts-text-editor__content\"><div class=\"sts-text-editor__content-inner\">\n<h2>Wann warst du im Austausch und wie lange?<\/h2>\n<p>Ich war von August 2023 bis Juni 2024 zum Austausch in Oslo, Norwegen. Also f\u00fcr 10 Monate.<\/p>\n<h2>Wie hat dir die Schule gefallen?<\/h2>\n<p>Im Vergleich zu Deutschland ist die Schule in Norwegen einfacher und entspannter. Der Unterricht war ziemlich leicht und wir hatten fast keine Hausaufgaben. Ich habe mit wenig Lernen trotzdem meistens Einsen und Zweien bekommen. Die Lehrer waren nicht sehr streng, und das Verh\u00e4ltnis zwischen Sch\u00fclern und Lehrern war famili\u00e4rer und nicht so f\u00f6rmlich wie in Deutschland. Wir haben mit den Lehrern oft \u00fcber private Dinge wie Hobbys und Haustiere gesprochen. Das kam mir anfangs seltsam vor, aber nachdem ich mich daran gew\u00f6hnt hatte, gefiel mir das. Es machte es einfacher, im Unterricht Fragen zu stellen und Dinge zu sagen.<\/p>\n<h2>Wie bist du mit der Sprache Norwegisch zurechtgekommen?<\/h2>\n<p>Vor allem am Anfang war es mir unangenehm, Norwegisch zu sprechen. Aber alle waren sehr hilfsbereit und geduldig mit mir. Das half mir, aus meiner Komfortzone herauszukommen und wirklich zu versuchen, in der \u00d6ffentlichkeit Norwegisch zu sprechen. Am Ende habe ich es geschafft, flie\u00dfend zu sprechen.<\/p>\n<h2>Was hast du in deiner Freizeit gemacht? Irgendwelche neuen Hobbys?<\/h2>\n<p>Bevor ich zum Austausch ging, habe ich Handball gespielt und wollte das auch w\u00e4hrend meines Austauschjahres tun. In meiner Handballmannschaft habe ich wirklich gute Freunde gefunden. Generell war es sehr sch\u00f6n, das Handballtraining in einem anderen Land zu erleben und ein paar Inspirationen zu bekommen.<\/p>\n<p>Ich hatte viel Freizeit, da ich nicht so viel f\u00fcr die Schule arbeiten musste. Also begann ich zu schwimmen, Yoga zu machen, zu stricken und machte viele Spazierg\u00e4nge mit dem Hund. Es war wunderbar, sich nicht zu sehr auf die Schule konzentrieren zu m\u00fcssen und neue Dinge auszuprobieren.<\/p>\n<h2>Ein Ratschlag f\u00fcr zuk\u00fcnftige Gastsch\u00fcler?<\/h2>\n<p>Macht euch nicht zu viel Stress, wie ihr Freunde finden werdet! Die meisten Leute, auch ich, machen sich dar\u00fcber schon vor ihrem Austausch Sorgen. Ich pers\u00f6nlich habe mich damit schwergetan, vor allem in den ersten Wochen, da ich nichts verstand und meine Klasse nicht wirklich auf mich zugegangen ist.<\/p>\n<p>Es stresste mich, von anderen Austauschsch\u00fclern zu h\u00f6ren, dass sie w\u00e4hrend ihres Austauschs viele neue Freunde gefunden hatten. Das setzte mich unter Druck. Aber nachdem ich die Sprachbarriere \u00fcberwunden hatte, fand ich gute Freunde in der Schule und in meiner Handballmannschaft. Es hat nur etwas gedauert. Stresst euch also nicht schon in den ersten Wochen. Es braucht etwas Zeit, um Leute kennenzulernen und wirklich Anschluss zu finden.<\/p>\n<p>Ich empfehle wirklich, w\u00e4hrend des Austauschs Sport zu machen. Es ist einfacher, mit anderen in Kontakt zu treten, wenn man etwas gemeinsam hat.<\/p>\n<h2>Erfahre mehr<\/h2>\n<ul>\n<li>Lies mehr <a href=\"https:\/\/www.sts-education.com\/de-de\/high-school\/unsere-austauschschueler\/schuler-testimonials\/?hashtag=Norwegen\">Sch\u00fclergeschichten aus Norwegen<\/a><\/li>\n<li>Informiere dich \u00fcber <a href=\"https:\/\/www.sts-education.com\/europa\/norwegen\/\">High School-Austausch in Norwegen<\/a><\/li>\n<li>Alle <a href=\"\/de-de\/high-school\/tripfinder\/\">High School-Austauschl\u00e4nder<\/a><\/li>\n<\/ul>\n<\/div><\/div><\/div>\n","protected":false},"excerpt":{"rendered":"","protected":false},"author":20,"featured_media":13024,"comment_status":"open","ping_status":"open","sticky":false,"template":"","format":"standard","meta":{"_acf_changed":false,"_yoast_wpseo_title":"Nele war in Norwegen","_yoast_wpseo_metadesc":"Ich war von August 2023 bis Juni 2024 zum Austausch in Oslo, Norwegen. Also f\u00fcr 10 Monate. Im Vergleich zu Deutschland ist die Schule in Norwegen einfacher und entspannter.","footnotes":""},"categories":[273],"tags":[950],"wpw_post_folders":[],"class_list":["post-11667","post","type-post","status-publish","format-standard","has-post-thumbnail","hentry","category-nicht-kategorisiert","tag-norwegen"],"acf":[],"yoast_head":"<!-- This site is optimized with the Yoast SEO Premium plugin v27.2 (Yoast SEO v27.2) - https:\/\/yoast.com\/product\/yoast-seo-premium-wordpress\/ -->\n<title>Nele war in Norwegen<\/title>\n<meta name=\"description\" content=\"Ich war von August 2023 bis Juni 2024 zum Austausch in Oslo, Norwegen. Also f\u00fcr 10 Monate. Im Vergleich zu Deutschland ist die Schule in Norwegen einfacher und entspannter.\" \/>\n<meta name=\"robots\" content=\"index, follow, max-snippet:-1, max-image-preview:large, max-video-preview:-1\" \/>\n<link rel=\"canonical\" href=\"https:\/\/www.sts-education.com\/de-de\/high-school\/unsere-austauschschueler\/schuler-testimonials\/nele-war-in-norwegen\/\" \/>\n<meta property=\"og:locale\" content=\"de_DE\" \/>\n<meta property=\"og:type\" content=\"article\" \/>\n<meta property=\"og:title\" content=\"Nele war in Norwegen\" \/>\n<meta property=\"og:description\" content=\"Ich war von August 2023 bis Juni 2024 zum Austausch in Oslo, Norwegen. Also f\u00fcr 10 Monate. Im Vergleich zu Deutschland ist die Schule in Norwegen einfacher und entspannter.\" \/>\n<meta property=\"og:url\" content=\"https:\/\/www.sts-education.com\/de-de\/high-school\/unsere-austauschschueler\/schuler-testimonials\/nele-war-in-norwegen\/\" \/>\n<meta property=\"og:site_name\" content=\"STS Education\" \/>\n<meta property=\"article:published_time\" content=\"2024-08-19T13:00:00+00:00\" \/>\n<meta property=\"article:modified_time\" content=\"2026-04-29T08:00:09+00:00\" \/>\n<meta property=\"og:image\" content=\"https:\/\/powered-by.qbank.se\/educatius\/sts\/\/cfea3b6ea2c1a82ef50e42e6a7c66ac5_1-1-thumb.webp\" \/>\n\t<meta property=\"og:image:width\" content=\"150\" \/>\n\t<meta property=\"og:image:height\" content=\"150\" \/>\n\t<meta property=\"og:image:type\" content=\"image\/png\" \/>\n<meta name=\"author\" content=\"syncreadwrite\" \/>\n<meta name=\"twitter:card\" content=\"summary_large_image\" \/>\n<meta name=\"twitter:label1\" content=\"Verfasst von\" \/>\n\t<meta name=\"twitter:data1\" content=\"syncreadwrite\" \/>\n\t<meta name=\"twitter:label2\" content=\"Gesch\u00e4tzte Lesezeit\" \/>\n\t<meta name=\"twitter:data2\" content=\"3\u00a0Minuten\" \/>\n<script type=\"application\/ld+json\" class=\"yoast-schema-graph\">{\"@context\":\"https:\/\/schema.org\",\"@graph\":[{\"@type\":\"Article\",\"@id\":\"https:\/\/www.sts-education.com\/de-de\/high-school\/unsere-austauschschueler\/schuler-testimonials\/nele-war-in-norwegen\/#article\",\"isPartOf\":{\"@id\":\"https:\/\/www.sts-education.com\/de-de\/high-school\/unsere-austauschschueler\/schuler-testimonials\/nele-war-in-norwegen\/\"},\"author\":{\"name\":\"syncreadwrite\",\"@id\":\"https:\/\/www.sts-education.com\/de-de\/#\/schema\/person\/8b82f3a2e45f020b8f296d7a85d9a97c\"},\"headline\":\"Nele war in Norwegen\",\"datePublished\":\"2024-08-19T13:00:00+00:00\",\"dateModified\":\"2026-04-29T08:00:09+00:00\",\"mainEntityOfPage\":{\"@id\":\"https:\/\/www.sts-education.com\/de-de\/high-school\/unsere-austauschschueler\/schuler-testimonials\/nele-war-in-norwegen\/\"},\"wordCount\":485,\"commentCount\":0,\"image\":{\"@id\":\"https:\/\/www.sts-education.com\/de-de\/high-school\/unsere-austauschschueler\/schuler-testimonials\/nele-war-in-norwegen\/#primaryimage\"},\"thumbnailUrl\":\"https:\/\/powered-by.qbank.se\/educatius\/sts\/\/cfea3b6ea2c1a82ef50e42e6a7c66ac5_1-1-thumb.webp\",\"keywords\":[\"Norwegen\"],\"articleSection\":[\"Nicht kategorisiert\"],\"inLanguage\":\"de\",\"potentialAction\":[{\"@type\":\"CommentAction\",\"name\":\"Comment\",\"target\":[\"https:\/\/www.sts-education.com\/de-de\/high-school\/unsere-austauschschueler\/schuler-testimonials\/nele-war-in-norwegen\/#respond\"]}]},{\"@type\":\"WebPage\",\"@id\":\"https:\/\/www.sts-education.com\/de-de\/high-school\/unsere-austauschschueler\/schuler-testimonials\/nele-war-in-norwegen\/\",\"url\":\"https:\/\/www.sts-education.com\/de-de\/high-school\/unsere-austauschschueler\/schuler-testimonials\/nele-war-in-norwegen\/\",\"name\":\"Nele war in Norwegen\",\"isPartOf\":{\"@id\":\"https:\/\/www.sts-education.com\/de-de\/#website\"},\"primaryImageOfPage\":{\"@id\":\"https:\/\/www.sts-education.com\/de-de\/high-school\/unsere-austauschschueler\/schuler-testimonials\/nele-war-in-norwegen\/#primaryimage\"},\"image\":{\"@id\":\"https:\/\/www.sts-education.com\/de-de\/high-school\/unsere-austauschschueler\/schuler-testimonials\/nele-war-in-norwegen\/#primaryimage\"},\"thumbnailUrl\":\"https:\/\/powered-by.qbank.se\/educatius\/sts\/\/cfea3b6ea2c1a82ef50e42e6a7c66ac5_1-1-thumb.webp\",\"datePublished\":\"2024-08-19T13:00:00+00:00\",\"dateModified\":\"2026-04-29T08:00:09+00:00\",\"author\":{\"@id\":\"https:\/\/www.sts-education.com\/de-de\/#\/schema\/person\/8b82f3a2e45f020b8f296d7a85d9a97c\"},\"description\":\"Ich war von August 2023 bis Juni 2024 zum Austausch in Oslo, Norwegen. Also f\u00fcr 10 Monate. Im Vergleich zu Deutschland ist die Schule in Norwegen einfacher und entspannter.\",\"breadcrumb\":{\"@id\":\"https:\/\/www.sts-education.com\/de-de\/high-school\/unsere-austauschschueler\/schuler-testimonials\/nele-war-in-norwegen\/#breadcrumb\"},\"inLanguage\":\"de\",\"potentialAction\":[{\"@type\":\"ReadAction\",\"target\":[\"https:\/\/www.sts-education.com\/de-de\/high-school\/unsere-austauschschueler\/schuler-testimonials\/nele-war-in-norwegen\/\"]}]},{\"@type\":\"ImageObject\",\"inLanguage\":\"de\",\"@id\":\"https:\/\/www.sts-education.com\/de-de\/high-school\/unsere-austauschschueler\/schuler-testimonials\/nele-war-in-norwegen\/#primaryimage\",\"url\":\"https:\/\/powered-by.qbank.se\/educatius\/sts\/\/cfea3b6ea2c1a82ef50e42e6a7c66ac5_1-1-thumb.webp\",\"contentUrl\":\"https:\/\/powered-by.qbank.se\/educatius\/sts\/\/cfea3b6ea2c1a82ef50e42e6a7c66ac5_1-1-thumb.webp\",\"width\":150,\"height\":150},{\"@type\":\"BreadcrumbList\",\"@id\":\"https:\/\/www.sts-education.com\/de-de\/high-school\/unsere-austauschschueler\/schuler-testimonials\/nele-war-in-norwegen\/#breadcrumb\",\"itemListElement\":[{\"@type\":\"ListItem\",\"position\":1,\"name\":\"Home\",\"item\":\"https:\/\/www.sts-education.com\/de-de\/sample-page\/\"},{\"@type\":\"ListItem\",\"position\":2,\"name\":\"Nele war in Norwegen\"}]},{\"@type\":\"WebSite\",\"@id\":\"https:\/\/www.sts-education.com\/de-de\/#website\",\"url\":\"https:\/\/www.sts-education.com\/de-de\/\",\"name\":\"STS Education\",\"description\":\"\",\"potentialAction\":[{\"@type\":\"SearchAction\",\"target\":{\"@type\":\"EntryPoint\",\"urlTemplate\":\"https:\/\/www.sts-education.com\/de-de\/?s={search_term_string}\"},\"query-input\":{\"@type\":\"PropertyValueSpecification\",\"valueRequired\":true,\"valueName\":\"search_term_string\"}}],\"inLanguage\":\"de\"},{\"@type\":\"Person\",\"@id\":\"https:\/\/www.sts-education.com\/de-de\/#\/schema\/person\/8b82f3a2e45f020b8f296d7a85d9a97c\",\"name\":\"syncreadwrite\",\"image\":{\"@type\":\"ImageObject\",\"inLanguage\":\"de\",\"@id\":\"https:\/\/secure.gravatar.com\/avatar\/6ed1007e4f6f43f22e3df41d9fce4365533cba47fef64bb359b8e629abbc2ea6?s=96&d=mm&r=g\",\"url\":\"https:\/\/secure.gravatar.com\/avatar\/6ed1007e4f6f43f22e3df41d9fce4365533cba47fef64bb359b8e629abbc2ea6?s=96&d=mm&r=g\",\"contentUrl\":\"https:\/\/secure.gravatar.com\/avatar\/6ed1007e4f6f43f22e3df41d9fce4365533cba47fef64bb359b8e629abbc2ea6?s=96&d=mm&r=g\",\"caption\":\"syncreadwrite\"},\"url\":\"https:\/\/www.sts-education.com\/de-de\/author\/syncreadwrite\/\"}]}<\/script>\n<!-- \/ Yoast SEO Premium plugin. -->","yoast_head_json":{"title":"Nele war in Norwegen","description":"Ich war von August 2023 bis Juni 2024 zum Austausch in Oslo, Norwegen. Also f\u00fcr 10 Monate. Im Vergleich zu Deutschland ist die Schule in Norwegen einfacher und entspannter.","robots":{"index":"index","follow":"follow","max-snippet":"max-snippet:-1","max-image-preview":"max-image-preview:large","max-video-preview":"max-video-preview:-1"},"canonical":"https:\/\/www.sts-education.com\/de-de\/high-school\/unsere-austauschschueler\/schuler-testimonials\/nele-war-in-norwegen\/","og_locale":"de_DE","og_type":"article","og_title":"Nele war in Norwegen","og_description":"Ich war von August 2023 bis Juni 2024 zum Austausch in Oslo, Norwegen. Also f\u00fcr 10 Monate. Im Vergleich zu Deutschland ist die Schule in Norwegen einfacher und entspannter.","og_url":"https:\/\/www.sts-education.com\/de-de\/high-school\/unsere-austauschschueler\/schuler-testimonials\/nele-war-in-norwegen\/","og_site_name":"STS Education","article_published_time":"2024-08-19T13:00:00+00:00","article_modified_time":"2026-04-29T08:00:09+00:00","og_image":[{"width":150,"height":150,"url":"https:\/\/powered-by.qbank.se\/educatius\/sts\/\/cfea3b6ea2c1a82ef50e42e6a7c66ac5_1-1-thumb.webp","type":"image\/png"}],"author":"syncreadwrite","twitter_card":"summary_large_image","twitter_misc":{"Verfasst von":"syncreadwrite","Gesch\u00e4tzte Lesezeit":"3\u00a0Minuten"},"schema":{"@context":"https:\/\/schema.org","@graph":[{"@type":"Article","@id":"https:\/\/www.sts-education.com\/de-de\/high-school\/unsere-austauschschueler\/schuler-testimonials\/nele-war-in-norwegen\/#article","isPartOf":{"@id":"https:\/\/www.sts-education.com\/de-de\/high-school\/unsere-austauschschueler\/schuler-testimonials\/nele-war-in-norwegen\/"},"author":{"name":"syncreadwrite","@id":"https:\/\/www.sts-education.com\/de-de\/#\/schema\/person\/8b82f3a2e45f020b8f296d7a85d9a97c"},"headline":"Nele war in Norwegen","datePublished":"2024-08-19T13:00:00+00:00","dateModified":"2026-04-29T08:00:09+00:00","mainEntityOfPage":{"@id":"https:\/\/www.sts-education.com\/de-de\/high-school\/unsere-austauschschueler\/schuler-testimonials\/nele-war-in-norwegen\/"},"wordCount":485,"commentCount":0,"image":{"@id":"https:\/\/www.sts-education.com\/de-de\/high-school\/unsere-austauschschueler\/schuler-testimonials\/nele-war-in-norwegen\/#primaryimage"},"thumbnailUrl":"https:\/\/powered-by.qbank.se\/educatius\/sts\/\/cfea3b6ea2c1a82ef50e42e6a7c66ac5_1-1-thumb.webp","keywords":["Norwegen"],"articleSection":["Nicht kategorisiert"],"inLanguage":"de","potentialAction":[{"@type":"CommentAction","name":"Comment","target":["https:\/\/www.sts-education.com\/de-de\/high-school\/unsere-austauschschueler\/schuler-testimonials\/nele-war-in-norwegen\/#respond"]}]},{"@type":"WebPage","@id":"https:\/\/www.sts-education.com\/de-de\/high-school\/unsere-austauschschueler\/schuler-testimonials\/nele-war-in-norwegen\/","url":"https:\/\/www.sts-education.com\/de-de\/high-school\/unsere-austauschschueler\/schuler-testimonials\/nele-war-in-norwegen\/","name":"Nele war in Norwegen","isPartOf":{"@id":"https:\/\/www.sts-education.com\/de-de\/#website"},"primaryImageOfPage":{"@id":"https:\/\/www.sts-education.com\/de-de\/high-school\/unsere-austauschschueler\/schuler-testimonials\/nele-war-in-norwegen\/#primaryimage"},"image":{"@id":"https:\/\/www.sts-education.com\/de-de\/high-school\/unsere-austauschschueler\/schuler-testimonials\/nele-war-in-norwegen\/#primaryimage"},"thumbnailUrl":"https:\/\/powered-by.qbank.se\/educatius\/sts\/\/cfea3b6ea2c1a82ef50e42e6a7c66ac5_1-1-thumb.webp","datePublished":"2024-08-19T13:00:00+00:00","dateModified":"2026-04-29T08:00:09+00:00","author":{"@id":"https:\/\/www.sts-education.com\/de-de\/#\/schema\/person\/8b82f3a2e45f020b8f296d7a85d9a97c"},"description":"Ich war von August 2023 bis Juni 2024 zum Austausch in Oslo, Norwegen. Also f\u00fcr 10 Monate. Im Vergleich zu Deutschland ist die Schule in Norwegen einfacher und entspannter.","breadcrumb":{"@id":"https:\/\/www.sts-education.com\/de-de\/high-school\/unsere-austauschschueler\/schuler-testimonials\/nele-war-in-norwegen\/#breadcrumb"},"inLanguage":"de","potentialAction":[{"@type":"ReadAction","target":["https:\/\/www.sts-education.com\/de-de\/high-school\/unsere-austauschschueler\/schuler-testimonials\/nele-war-in-norwegen\/"]}]},{"@type":"ImageObject","inLanguage":"de","@id":"https:\/\/www.sts-education.com\/de-de\/high-school\/unsere-austauschschueler\/schuler-testimonials\/nele-war-in-norwegen\/#primaryimage","url":"https:\/\/powered-by.qbank.se\/educatius\/sts\/\/cfea3b6ea2c1a82ef50e42e6a7c66ac5_1-1-thumb.webp","contentUrl":"https:\/\/powered-by.qbank.se\/educatius\/sts\/\/cfea3b6ea2c1a82ef50e42e6a7c66ac5_1-1-thumb.webp","width":150,"height":150},{"@type":"BreadcrumbList","@id":"https:\/\/www.sts-education.com\/de-de\/high-school\/unsere-austauschschueler\/schuler-testimonials\/nele-war-in-norwegen\/#breadcrumb","itemListElement":[{"@type":"ListItem","position":1,"name":"Home","item":"https:\/\/www.sts-education.com\/de-de\/sample-page\/"},{"@type":"ListItem","position":2,"name":"Nele war in Norwegen"}]},{"@type":"WebSite","@id":"https:\/\/www.sts-education.com\/de-de\/#website","url":"https:\/\/www.sts-education.com\/de-de\/","name":"STS Education","description":"","potentialAction":[{"@type":"SearchAction","target":{"@type":"EntryPoint","urlTemplate":"https:\/\/www.sts-education.com\/de-de\/?s={search_term_string}"},"query-input":{"@type":"PropertyValueSpecification","valueRequired":true,"valueName":"search_term_string"}}],"inLanguage":"de"},{"@type":"Person","@id":"https:\/\/www.sts-education.com\/de-de\/#\/schema\/person\/8b82f3a2e45f020b8f296d7a85d9a97c","name":"syncreadwrite","image":{"@type":"ImageObject","inLanguage":"de","@id":"https:\/\/secure.gravatar.com\/avatar\/6ed1007e4f6f43f22e3df41d9fce4365533cba47fef64bb359b8e629abbc2ea6?s=96&d=mm&r=g","url":"https:\/\/secure.gravatar.com\/avatar\/6ed1007e4f6f43f22e3df41d9fce4365533cba47fef64bb359b8e629abbc2ea6?s=96&d=mm&r=g","contentUrl":"https:\/\/secure.gravatar.com\/avatar\/6ed1007e4f6f43f22e3df41d9fce4365533cba47fef64bb359b8e629abbc2ea6?s=96&d=mm&r=g","caption":"syncreadwrite"},"url":"https:\/\/www.sts-education.com\/de-de\/author\/syncreadwrite\/"}]}},"_links":{"self":[{"href":"https:\/\/www.sts-education.com\/de-de\/wp-json\/wp\/v2\/posts\/11667","targetHints":{"allow":["GET"]}}],"collection":[{"href":"https:\/\/www.sts-education.com\/de-de\/wp-json\/wp\/v2\/posts"}],"about":[{"href":"https:\/\/www.sts-education.com\/de-de\/wp-json\/wp\/v2\/types\/post"}],"author":[{"embeddable":true,"href":"https:\/\/www.sts-education.com\/de-de\/wp-json\/wp\/v2\/users\/20"}],"replies":[{"embeddable":true,"href":"https:\/\/www.sts-education.com\/de-de\/wp-json\/wp\/v2\/comments?post=11667"}],"version-history":[{"count":7,"href":"https:\/\/www.sts-education.com\/de-de\/wp-json\/wp\/v2\/posts\/11667\/revisions"}],"predecessor-version":[{"id":43549,"href":"https:\/\/www.sts-education.com\/de-de\/wp-json\/wp\/v2\/posts\/11667\/revisions\/43549"}],"wp:featuredmedia":[{"embeddable":true,"href":"https:\/\/www.sts-education.com\/de-de\/wp-json\/wp\/v2\/media\/13024"}],"wp:attachment":[{"href":"https:\/\/www.sts-education.com\/de-de\/wp-json\/wp\/v2\/media?parent=11667"}],"wp:term":[{"taxonomy":"category","embeddable":true,"href":"https:\/\/www.sts-education.com\/de-de\/wp-json\/wp\/v2\/categories?post=11667"},{"taxonomy":"post_tag","embeddable":true,"href":"https:\/\/www.sts-education.com\/de-de\/wp-json\/wp\/v2\/tags?post=11667"},{"taxonomy":"wpw_post_folders","embeddable":true,"href":"https:\/\/www.sts-education.com\/de-de\/wp-json\/wp\/v2\/wpw_post_folders?post=11667"}],"curies":[{"name":"wp","href":"https:\/\/api.w.org\/{rel}","templated":true}]}}