{"id":11669,"date":"2024-08-05T16:00:00","date_gmt":"2024-08-05T14:00:00","guid":{"rendered":"https:\/\/preprod.sts-education.com\/blog\/2026\/03\/05\/mauricio-in-osterreich\/"},"modified":"2026-04-29T10:02:32","modified_gmt":"2026-04-29T08:02:32","slug":"mauricio-in-osterreich","status":"publish","type":"post","link":"https:\/\/www.sts-education.com\/de-de\/high-school\/unsere-austauschschueler\/schuler-testimonials\/mauricio-in-osterreich\/","title":{"rendered":"Mauricio in \u00d6sterreich"},"content":{"rendered":"\n<div class=\"wp-block-sts-text sts-text-editor has-max-width-md\"><div class=\"sts-text-editor__content\"><div class=\"sts-text-editor__content-inner\">\n<h1 style=\"text-align:center\">Mauricio in \u00d6sterreich<\/h1>\n<\/div><\/div><\/div>\n\n\n\n<figure class=\"wp-block-sts-image sts-block-image sts-block-image--count-1 has-max-width-lg\" data-count=\"1\"><div class=\"sts-block-image__grid\"><div class=\"sts-block-image__item\"><picture class=\"sts-responsive-image has-fit-cover has-pos-top is-skeleton\"><source media=\"(max-width: 834.98px)\" srcset=\"https:\/\/powered-by.qbank.se\/educatius\/sts\/86754fe3e63a20d8f832b9e46dd1519e_1-1-thumb.webp 150w, https:\/\/powered-by.qbank.se\/educatius\/sts\/86754fe3e63a20d8f832b9e46dd1519e_1-1-xsmall.webp 500w, https:\/\/powered-by.qbank.se\/educatius\/sts\/86754fe3e63a20d8f832b9e46dd1519e_1-1-small.webp 800w, https:\/\/powered-by.qbank.se\/educatius\/sts\/86754fe3e63a20d8f832b9e46dd1519e_1-1-medium.webp 1024w, https:\/\/powered-by.qbank.se\/educatius\/sts\/86754fe3e63a20d8f832b9e46dd1519e_1-1-large.webp 1536w\" sizes=\"(max-width: 768px) 100vw, (max-width: 1200px) 100vw, 1200px\" type=\"image\/webp\"\/><source media=\"(min-width: 835px)\" srcset=\"https:\/\/powered-by.qbank.se\/educatius\/sts\/86754fe3e63a20d8f832b9e46dd1519e_16-9-small.webp 800w, https:\/\/powered-by.qbank.se\/educatius\/sts\/86754fe3e63a20d8f832b9e46dd1519e_16-9-medium.webp 1024w, https:\/\/powered-by.qbank.se\/educatius\/sts\/86754fe3e63a20d8f832b9e46dd1519e_16-9-large.webp 1536w\" sizes=\"(max-width: 768px) 100vw, (max-width: 1200px) 100vw, 1200px\" type=\"image\/webp\"\/><img src=\"https:\/\/powered-by.qbank.se\/educatius\/sts\/86754fe3e63a20d8f832b9e46dd1519e_1-1-thumb.webp\" alt=\"Mauricio in \u00d6sterreich\" loading=\"lazy\" decoding=\"async\" fetchpriority=\"low\" style=\"object-position:top\"\/><\/picture><\/div><\/div><\/figure>\n\n\n\n<div class=\"wp-block-sts-text sts-text-editor has-max-width-md\"><div class=\"sts-text-editor__content\"><div class=\"sts-text-editor__content-inner\">\n<p><em>Mauricio aus Mexiko machte ein Austauschjahr in \u00d6sterreich.<\/em><\/p>\n<\/div><\/div><\/div>\n\n\n\n<div class=\"wp-block-sts-text sts-text-editor has-max-width-md\"><div class=\"sts-text-editor__content\"><div class=\"sts-text-editor__content-inner\">\n<h2>Mein Austausch mit STS<\/h2>\n<p>Dieses Jahr hatte ich die unglaubliche Gelegenheit, ein Austauschjahr in \u00d6sterreich zu verbringen. Es war eine unvergessliche Erfahrung, die ein ganzes Schuljahr dauerte, von September bis Juni. Ich wollte vor meinem Schulabschluss noch einmal etwas ganz anderes erleben, etwas, an dem ich sowohl pers\u00f6nlich als auch akademisch wachsen kann. Auch mein Bruder hat mich beeinflusst, da er ebenfalls an einem Austauschjahr teilgenommen hat.<\/p>\n<p>Ich habe mich aus mehreren Gr\u00fcnden f\u00fcr \u00d6sterreich entschieden. Ich war schon immer fasziniert von der Kultur, der Geschichte und nat\u00fcrlich von den atemberaubenden Alpenlandschaften. Au\u00dferdem wollte ich Deutsch lernen und in eine europ\u00e4ische Kultur eintauchen, die sich von meiner eigenen unterscheidet.<\/p>\n<p>Ich habe mich f\u00fcr STS entschieden, weil sie gute Empfehlungen und einen organisierten Ablauf hatten und mein Bruder 3 Jahre vor mir eine tolle Erfahrung hatte. Ich bin sehr zufrieden mit STS. Sie haben den gesamten Prozess reibungslos gestaltet und waren f\u00fcr alle Fragen und Probleme, die auftauchten, erreichbar. Sie haben sich um alles gek\u00fcmmert, von der Anmeldung bis zur Suche nach einer Gastfamilie und dem Schulplatz.<\/p>\n<h2>Hobbys finden<\/h2>\n<p>In meiner Freizeit entdeckte ich, wie gerne ich Sport treibe und meinen K\u00f6rper trainiere. Ich unternahm viele Aktivit\u00e4ten wie Laufen, Klettern und Wandern. Ich habe in den Alpen Skifahren gelernt, etwas, das ich vorher noch nie gemacht hatte. Ich habe sogar Surfunterricht genommen und viel \u00fcber die \u00f6sterreichische Kultur und das Essen gelernt.<\/p>\n<h2>Freundschaften schlie\u00dfen<\/h2>\n<p>Freundschaften zu schlie\u00dfen war gleichzeitig leicht und schwer. Am Anfang war die Sprachbarriere eine Herausforderung, aber mit der Zeit und viel \u00dcbung verbesserte sich mein Deutsch, und ich konnte mich besser verst\u00e4ndigen. Meine Klassenkameraden waren sehr freundlich und halfen mir sehr. Ich lernte auch andere Freunde aus meinem Heimatland kennen, die mir so ans Herz gewachsen sind, dass mir der Abschied schwerfiel.<\/p>\n<h2>Kulturelle Unterschiede &#8211; \u00d6sterreich und Mexiko<\/h2>\n<p>Die Unterschiede zwischen \u00d6sterreich und Mexiko waren riesig. Der Lebensrhythmus, das Essen, die Br\u00e4uche und nat\u00fcrlich die Sprache waren sehr unterschiedlich. Doch gerade diese Unterschiede machten die Erfahrung so bereichernd.<\/p>\n<h2>Erwartungen<\/h2>\n<p>Mein Austauschjahr war nicht so, wie ich es erwartet hatte: Es war viel besser! Es gab Herausforderungen, wie die Anpassung an die Sprache und das Klima, aber ich habe sie mit Geduld und Anstrengung \u00fcberwunden. Ich habe gelernt, unabh\u00e4ngiger zu sein und mich an neue und ungewohnte Situationen anzupassen.<\/p>\n<h2>Meine Highlights<\/h2>\n<p>Das Beste waren die Freundschaften, die ich geschlossen, die neuen F\u00e4higkeiten, die ich gelernt und die einzigartigen Erfahrungen, die ich gemacht habe.<\/p>\n<p>Ich kann einen High School-Austausch nur empfehlen. Ein Schulbesuch im Ausland \u00f6ffnet den Geist, fordert einen heraus und l\u00e4sst einen auf ungeahnte Weise wachsen. Wenn mich jemand um einen Rat bitten w\u00fcrde, w\u00fcrde ich sagen: Bereite dich auf Herausforderungen vor, aber genie\u00dfe auch jeden Moment. Ich h\u00e4tte vielleicht mehr Deutsch lernen sollen, bevor ich aufbrach, aber ich bin zufrieden damit, wie sich alles entwickelt hat.<\/p>\n<p>Ich bin sicher, dass sich mein Austausch positiv auf meine Zukunft auswirken wird. Ich habe Selbstvertrauen, interkulturelle Kompetenzen und eine dritte Sprache erworben, die mir in meinem Berufs- und Privatleben sicherlich von Nutzen sein werden.<\/p>\n<p>Zusammenfassend kann ich sagen, dass mein Austauschjahr in \u00d6sterreich mit der STS eine transformative und sehr empfehlenswerte Erfahrung war. Wenn Sie die M\u00f6glichkeit haben, z\u00f6gern Sie nicht und wagen Sie es, ein solches Abenteuer zu erleben!<\/p>\n<h2>Erfahre mehr<\/h2>\n<ul>\n<li>Lies mehr <a href=\"https:\/\/www.sts-education.com\/de-de\/high-school\/unsere-austauschschueler\/schuler-testimonials\/?hashtag=%c3%96sterreich\">Sch\u00fclergeschichten aus \u00d6sterreich<\/a><\/li>\n<li>Informiere dich \u00fcber <a href=\"https:\/\/www.sts-education.com\/europa\/osterreich\/\">High School-Austausch in \u00d6sterreich<\/a><\/li>\n<li>Alle <a href=\"\/de-de\/high-school\/tripfinder\/\">High School-Austauschl\u00e4nder<\/a><\/li>\n<\/ul>\n<\/div><\/div><\/div>\n","protected":false},"excerpt":{"rendered":"","protected":false},"author":20,"featured_media":13028,"comment_status":"open","ping_status":"open","sticky":false,"template":"","format":"standard","meta":{"_acf_changed":false,"_yoast_wpseo_title":"Mauricio in \u00d6sterreich","_yoast_wpseo_metadesc":"Dieses Jahr hatte ich die unglaubliche Gelegenheit, ein Austauschjahr in \u00d6sterreich zu verbringen. Es war eine unvergessliche Erfahrung, die ein ganzes Schuljahr dauerte, von September bis Juni.","footnotes":""},"categories":[273],"tags":[937],"wpw_post_folders":[],"class_list":["post-11669","post","type-post","status-publish","format-standard","has-post-thumbnail","hentry","category-nicht-kategorisiert","tag-osterreich"],"acf":[],"yoast_head":"<!-- This site is optimized with the Yoast SEO Premium plugin v27.2 (Yoast SEO v27.2) - https:\/\/yoast.com\/product\/yoast-seo-premium-wordpress\/ -->\n<title>Mauricio in \u00d6sterreich<\/title>\n<meta name=\"description\" content=\"Dieses Jahr hatte ich die unglaubliche Gelegenheit, ein Austauschjahr in \u00d6sterreich zu verbringen. Es war eine unvergessliche Erfahrung, die ein ganzes Schuljahr dauerte, von September bis Juni.\" \/>\n<meta name=\"robots\" content=\"index, follow, max-snippet:-1, max-image-preview:large, max-video-preview:-1\" \/>\n<link rel=\"canonical\" href=\"https:\/\/www.sts-education.com\/de-de\/high-school\/unsere-austauschschueler\/schuler-testimonials\/mauricio-in-osterreich\/\" \/>\n<meta property=\"og:locale\" content=\"de_DE\" \/>\n<meta property=\"og:type\" content=\"article\" \/>\n<meta property=\"og:title\" content=\"Mauricio in \u00d6sterreich\" \/>\n<meta property=\"og:description\" content=\"Dieses Jahr hatte ich die unglaubliche Gelegenheit, ein Austauschjahr in \u00d6sterreich zu verbringen. Es war eine unvergessliche Erfahrung, die ein ganzes Schuljahr dauerte, von September bis Juni.\" \/>\n<meta property=\"og:url\" content=\"https:\/\/www.sts-education.com\/de-de\/high-school\/unsere-austauschschueler\/schuler-testimonials\/mauricio-in-osterreich\/\" \/>\n<meta property=\"og:site_name\" content=\"STS Education\" \/>\n<meta property=\"article:published_time\" content=\"2024-08-05T14:00:00+00:00\" \/>\n<meta property=\"article:modified_time\" content=\"2026-04-29T08:02:32+00:00\" \/>\n<meta property=\"og:image\" content=\"https:\/\/powered-by.qbank.se\/educatius\/sts\/\/86754fe3e63a20d8f832b9e46dd1519e_1-1-thumb.webp\" \/>\n\t<meta property=\"og:image:width\" content=\"150\" \/>\n\t<meta property=\"og:image:height\" content=\"150\" \/>\n\t<meta property=\"og:image:type\" content=\"image\/png\" \/>\n<meta name=\"author\" content=\"syncreadwrite\" \/>\n<meta name=\"twitter:card\" content=\"summary_large_image\" \/>\n<meta name=\"twitter:label1\" content=\"Verfasst von\" \/>\n\t<meta name=\"twitter:data1\" content=\"syncreadwrite\" \/>\n\t<meta name=\"twitter:label2\" content=\"Gesch\u00e4tzte Lesezeit\" \/>\n\t<meta name=\"twitter:data2\" content=\"3\u00a0Minuten\" \/>\n<script type=\"application\/ld+json\" class=\"yoast-schema-graph\">{\"@context\":\"https:\/\/schema.org\",\"@graph\":[{\"@type\":\"Article\",\"@id\":\"https:\/\/www.sts-education.com\/de-de\/high-school\/unsere-austauschschueler\/schuler-testimonials\/mauricio-in-osterreich\/#article\",\"isPartOf\":{\"@id\":\"https:\/\/www.sts-education.com\/de-de\/high-school\/unsere-austauschschueler\/schuler-testimonials\/mauricio-in-osterreich\/\"},\"author\":{\"name\":\"syncreadwrite\",\"@id\":\"https:\/\/www.sts-education.com\/de-de\/#\/schema\/person\/8b82f3a2e45f020b8f296d7a85d9a97c\"},\"headline\":\"Mauricio in \u00d6sterreich\",\"datePublished\":\"2024-08-05T14:00:00+00:00\",\"dateModified\":\"2026-04-29T08:02:32+00:00\",\"mainEntityOfPage\":{\"@id\":\"https:\/\/www.sts-education.com\/de-de\/high-school\/unsere-austauschschueler\/schuler-testimonials\/mauricio-in-osterreich\/\"},\"wordCount\":598,\"commentCount\":0,\"image\":{\"@id\":\"https:\/\/www.sts-education.com\/de-de\/high-school\/unsere-austauschschueler\/schuler-testimonials\/mauricio-in-osterreich\/#primaryimage\"},\"thumbnailUrl\":\"https:\/\/powered-by.qbank.se\/educatius\/sts\/\/86754fe3e63a20d8f832b9e46dd1519e_1-1-thumb.webp\",\"keywords\":[\"\u00d6sterreich\"],\"articleSection\":[\"Nicht kategorisiert\"],\"inLanguage\":\"de\",\"potentialAction\":[{\"@type\":\"CommentAction\",\"name\":\"Comment\",\"target\":[\"https:\/\/www.sts-education.com\/de-de\/high-school\/unsere-austauschschueler\/schuler-testimonials\/mauricio-in-osterreich\/#respond\"]}]},{\"@type\":\"WebPage\",\"@id\":\"https:\/\/www.sts-education.com\/de-de\/high-school\/unsere-austauschschueler\/schuler-testimonials\/mauricio-in-osterreich\/\",\"url\":\"https:\/\/www.sts-education.com\/de-de\/high-school\/unsere-austauschschueler\/schuler-testimonials\/mauricio-in-osterreich\/\",\"name\":\"Mauricio in \u00d6sterreich\",\"isPartOf\":{\"@id\":\"https:\/\/www.sts-education.com\/de-de\/#website\"},\"primaryImageOfPage\":{\"@id\":\"https:\/\/www.sts-education.com\/de-de\/high-school\/unsere-austauschschueler\/schuler-testimonials\/mauricio-in-osterreich\/#primaryimage\"},\"image\":{\"@id\":\"https:\/\/www.sts-education.com\/de-de\/high-school\/unsere-austauschschueler\/schuler-testimonials\/mauricio-in-osterreich\/#primaryimage\"},\"thumbnailUrl\":\"https:\/\/powered-by.qbank.se\/educatius\/sts\/\/86754fe3e63a20d8f832b9e46dd1519e_1-1-thumb.webp\",\"datePublished\":\"2024-08-05T14:00:00+00:00\",\"dateModified\":\"2026-04-29T08:02:32+00:00\",\"author\":{\"@id\":\"https:\/\/www.sts-education.com\/de-de\/#\/schema\/person\/8b82f3a2e45f020b8f296d7a85d9a97c\"},\"description\":\"Dieses Jahr hatte ich die unglaubliche Gelegenheit, ein Austauschjahr in \u00d6sterreich zu verbringen. Es war eine unvergessliche Erfahrung, die ein ganzes Schuljahr dauerte, von September bis Juni.\",\"breadcrumb\":{\"@id\":\"https:\/\/www.sts-education.com\/de-de\/high-school\/unsere-austauschschueler\/schuler-testimonials\/mauricio-in-osterreich\/#breadcrumb\"},\"inLanguage\":\"de\",\"potentialAction\":[{\"@type\":\"ReadAction\",\"target\":[\"https:\/\/www.sts-education.com\/de-de\/high-school\/unsere-austauschschueler\/schuler-testimonials\/mauricio-in-osterreich\/\"]}]},{\"@type\":\"ImageObject\",\"inLanguage\":\"de\",\"@id\":\"https:\/\/www.sts-education.com\/de-de\/high-school\/unsere-austauschschueler\/schuler-testimonials\/mauricio-in-osterreich\/#primaryimage\",\"url\":\"https:\/\/powered-by.qbank.se\/educatius\/sts\/\/86754fe3e63a20d8f832b9e46dd1519e_1-1-thumb.webp\",\"contentUrl\":\"https:\/\/powered-by.qbank.se\/educatius\/sts\/\/86754fe3e63a20d8f832b9e46dd1519e_1-1-thumb.webp\",\"width\":150,\"height\":150},{\"@type\":\"BreadcrumbList\",\"@id\":\"https:\/\/www.sts-education.com\/de-de\/high-school\/unsere-austauschschueler\/schuler-testimonials\/mauricio-in-osterreich\/#breadcrumb\",\"itemListElement\":[{\"@type\":\"ListItem\",\"position\":1,\"name\":\"Home\",\"item\":\"https:\/\/www.sts-education.com\/de-de\/sample-page\/\"},{\"@type\":\"ListItem\",\"position\":2,\"name\":\"Mauricio in \u00d6sterreich\"}]},{\"@type\":\"WebSite\",\"@id\":\"https:\/\/www.sts-education.com\/de-de\/#website\",\"url\":\"https:\/\/www.sts-education.com\/de-de\/\",\"name\":\"STS Education\",\"description\":\"\",\"potentialAction\":[{\"@type\":\"SearchAction\",\"target\":{\"@type\":\"EntryPoint\",\"urlTemplate\":\"https:\/\/www.sts-education.com\/de-de\/?s={search_term_string}\"},\"query-input\":{\"@type\":\"PropertyValueSpecification\",\"valueRequired\":true,\"valueName\":\"search_term_string\"}}],\"inLanguage\":\"de\"},{\"@type\":\"Person\",\"@id\":\"https:\/\/www.sts-education.com\/de-de\/#\/schema\/person\/8b82f3a2e45f020b8f296d7a85d9a97c\",\"name\":\"syncreadwrite\",\"image\":{\"@type\":\"ImageObject\",\"inLanguage\":\"de\",\"@id\":\"https:\/\/secure.gravatar.com\/avatar\/6ed1007e4f6f43f22e3df41d9fce4365533cba47fef64bb359b8e629abbc2ea6?s=96&d=mm&r=g\",\"url\":\"https:\/\/secure.gravatar.com\/avatar\/6ed1007e4f6f43f22e3df41d9fce4365533cba47fef64bb359b8e629abbc2ea6?s=96&d=mm&r=g\",\"contentUrl\":\"https:\/\/secure.gravatar.com\/avatar\/6ed1007e4f6f43f22e3df41d9fce4365533cba47fef64bb359b8e629abbc2ea6?s=96&d=mm&r=g\",\"caption\":\"syncreadwrite\"},\"url\":\"https:\/\/www.sts-education.com\/de-de\/author\/syncreadwrite\/\"}]}<\/script>\n<!-- \/ Yoast SEO Premium plugin. -->","yoast_head_json":{"title":"Mauricio in \u00d6sterreich","description":"Dieses Jahr hatte ich die unglaubliche Gelegenheit, ein Austauschjahr in \u00d6sterreich zu verbringen. Es war eine unvergessliche Erfahrung, die ein ganzes Schuljahr dauerte, von September bis Juni.","robots":{"index":"index","follow":"follow","max-snippet":"max-snippet:-1","max-image-preview":"max-image-preview:large","max-video-preview":"max-video-preview:-1"},"canonical":"https:\/\/www.sts-education.com\/de-de\/high-school\/unsere-austauschschueler\/schuler-testimonials\/mauricio-in-osterreich\/","og_locale":"de_DE","og_type":"article","og_title":"Mauricio in \u00d6sterreich","og_description":"Dieses Jahr hatte ich die unglaubliche Gelegenheit, ein Austauschjahr in \u00d6sterreich zu verbringen. Es war eine unvergessliche Erfahrung, die ein ganzes Schuljahr dauerte, von September bis Juni.","og_url":"https:\/\/www.sts-education.com\/de-de\/high-school\/unsere-austauschschueler\/schuler-testimonials\/mauricio-in-osterreich\/","og_site_name":"STS Education","article_published_time":"2024-08-05T14:00:00+00:00","article_modified_time":"2026-04-29T08:02:32+00:00","og_image":[{"width":150,"height":150,"url":"https:\/\/powered-by.qbank.se\/educatius\/sts\/\/86754fe3e63a20d8f832b9e46dd1519e_1-1-thumb.webp","type":"image\/png"}],"author":"syncreadwrite","twitter_card":"summary_large_image","twitter_misc":{"Verfasst von":"syncreadwrite","Gesch\u00e4tzte Lesezeit":"3\u00a0Minuten"},"schema":{"@context":"https:\/\/schema.org","@graph":[{"@type":"Article","@id":"https:\/\/www.sts-education.com\/de-de\/high-school\/unsere-austauschschueler\/schuler-testimonials\/mauricio-in-osterreich\/#article","isPartOf":{"@id":"https:\/\/www.sts-education.com\/de-de\/high-school\/unsere-austauschschueler\/schuler-testimonials\/mauricio-in-osterreich\/"},"author":{"name":"syncreadwrite","@id":"https:\/\/www.sts-education.com\/de-de\/#\/schema\/person\/8b82f3a2e45f020b8f296d7a85d9a97c"},"headline":"Mauricio in \u00d6sterreich","datePublished":"2024-08-05T14:00:00+00:00","dateModified":"2026-04-29T08:02:32+00:00","mainEntityOfPage":{"@id":"https:\/\/www.sts-education.com\/de-de\/high-school\/unsere-austauschschueler\/schuler-testimonials\/mauricio-in-osterreich\/"},"wordCount":598,"commentCount":0,"image":{"@id":"https:\/\/www.sts-education.com\/de-de\/high-school\/unsere-austauschschueler\/schuler-testimonials\/mauricio-in-osterreich\/#primaryimage"},"thumbnailUrl":"https:\/\/powered-by.qbank.se\/educatius\/sts\/\/86754fe3e63a20d8f832b9e46dd1519e_1-1-thumb.webp","keywords":["\u00d6sterreich"],"articleSection":["Nicht kategorisiert"],"inLanguage":"de","potentialAction":[{"@type":"CommentAction","name":"Comment","target":["https:\/\/www.sts-education.com\/de-de\/high-school\/unsere-austauschschueler\/schuler-testimonials\/mauricio-in-osterreich\/#respond"]}]},{"@type":"WebPage","@id":"https:\/\/www.sts-education.com\/de-de\/high-school\/unsere-austauschschueler\/schuler-testimonials\/mauricio-in-osterreich\/","url":"https:\/\/www.sts-education.com\/de-de\/high-school\/unsere-austauschschueler\/schuler-testimonials\/mauricio-in-osterreich\/","name":"Mauricio in \u00d6sterreich","isPartOf":{"@id":"https:\/\/www.sts-education.com\/de-de\/#website"},"primaryImageOfPage":{"@id":"https:\/\/www.sts-education.com\/de-de\/high-school\/unsere-austauschschueler\/schuler-testimonials\/mauricio-in-osterreich\/#primaryimage"},"image":{"@id":"https:\/\/www.sts-education.com\/de-de\/high-school\/unsere-austauschschueler\/schuler-testimonials\/mauricio-in-osterreich\/#primaryimage"},"thumbnailUrl":"https:\/\/powered-by.qbank.se\/educatius\/sts\/\/86754fe3e63a20d8f832b9e46dd1519e_1-1-thumb.webp","datePublished":"2024-08-05T14:00:00+00:00","dateModified":"2026-04-29T08:02:32+00:00","author":{"@id":"https:\/\/www.sts-education.com\/de-de\/#\/schema\/person\/8b82f3a2e45f020b8f296d7a85d9a97c"},"description":"Dieses Jahr hatte ich die unglaubliche Gelegenheit, ein Austauschjahr in \u00d6sterreich zu verbringen. Es war eine unvergessliche Erfahrung, die ein ganzes Schuljahr dauerte, von September bis Juni.","breadcrumb":{"@id":"https:\/\/www.sts-education.com\/de-de\/high-school\/unsere-austauschschueler\/schuler-testimonials\/mauricio-in-osterreich\/#breadcrumb"},"inLanguage":"de","potentialAction":[{"@type":"ReadAction","target":["https:\/\/www.sts-education.com\/de-de\/high-school\/unsere-austauschschueler\/schuler-testimonials\/mauricio-in-osterreich\/"]}]},{"@type":"ImageObject","inLanguage":"de","@id":"https:\/\/www.sts-education.com\/de-de\/high-school\/unsere-austauschschueler\/schuler-testimonials\/mauricio-in-osterreich\/#primaryimage","url":"https:\/\/powered-by.qbank.se\/educatius\/sts\/\/86754fe3e63a20d8f832b9e46dd1519e_1-1-thumb.webp","contentUrl":"https:\/\/powered-by.qbank.se\/educatius\/sts\/\/86754fe3e63a20d8f832b9e46dd1519e_1-1-thumb.webp","width":150,"height":150},{"@type":"BreadcrumbList","@id":"https:\/\/www.sts-education.com\/de-de\/high-school\/unsere-austauschschueler\/schuler-testimonials\/mauricio-in-osterreich\/#breadcrumb","itemListElement":[{"@type":"ListItem","position":1,"name":"Home","item":"https:\/\/www.sts-education.com\/de-de\/sample-page\/"},{"@type":"ListItem","position":2,"name":"Mauricio in \u00d6sterreich"}]},{"@type":"WebSite","@id":"https:\/\/www.sts-education.com\/de-de\/#website","url":"https:\/\/www.sts-education.com\/de-de\/","name":"STS Education","description":"","potentialAction":[{"@type":"SearchAction","target":{"@type":"EntryPoint","urlTemplate":"https:\/\/www.sts-education.com\/de-de\/?s={search_term_string}"},"query-input":{"@type":"PropertyValueSpecification","valueRequired":true,"valueName":"search_term_string"}}],"inLanguage":"de"},{"@type":"Person","@id":"https:\/\/www.sts-education.com\/de-de\/#\/schema\/person\/8b82f3a2e45f020b8f296d7a85d9a97c","name":"syncreadwrite","image":{"@type":"ImageObject","inLanguage":"de","@id":"https:\/\/secure.gravatar.com\/avatar\/6ed1007e4f6f43f22e3df41d9fce4365533cba47fef64bb359b8e629abbc2ea6?s=96&d=mm&r=g","url":"https:\/\/secure.gravatar.com\/avatar\/6ed1007e4f6f43f22e3df41d9fce4365533cba47fef64bb359b8e629abbc2ea6?s=96&d=mm&r=g","contentUrl":"https:\/\/secure.gravatar.com\/avatar\/6ed1007e4f6f43f22e3df41d9fce4365533cba47fef64bb359b8e629abbc2ea6?s=96&d=mm&r=g","caption":"syncreadwrite"},"url":"https:\/\/www.sts-education.com\/de-de\/author\/syncreadwrite\/"}]}},"_links":{"self":[{"href":"https:\/\/www.sts-education.com\/de-de\/wp-json\/wp\/v2\/posts\/11669","targetHints":{"allow":["GET"]}}],"collection":[{"href":"https:\/\/www.sts-education.com\/de-de\/wp-json\/wp\/v2\/posts"}],"about":[{"href":"https:\/\/www.sts-education.com\/de-de\/wp-json\/wp\/v2\/types\/post"}],"author":[{"embeddable":true,"href":"https:\/\/www.sts-education.com\/de-de\/wp-json\/wp\/v2\/users\/20"}],"replies":[{"embeddable":true,"href":"https:\/\/www.sts-education.com\/de-de\/wp-json\/wp\/v2\/comments?post=11669"}],"version-history":[{"count":8,"href":"https:\/\/www.sts-education.com\/de-de\/wp-json\/wp\/v2\/posts\/11669\/revisions"}],"predecessor-version":[{"id":43573,"href":"https:\/\/www.sts-education.com\/de-de\/wp-json\/wp\/v2\/posts\/11669\/revisions\/43573"}],"wp:featuredmedia":[{"embeddable":true,"href":"https:\/\/www.sts-education.com\/de-de\/wp-json\/wp\/v2\/media\/13028"}],"wp:attachment":[{"href":"https:\/\/www.sts-education.com\/de-de\/wp-json\/wp\/v2\/media?parent=11669"}],"wp:term":[{"taxonomy":"category","embeddable":true,"href":"https:\/\/www.sts-education.com\/de-de\/wp-json\/wp\/v2\/categories?post=11669"},{"taxonomy":"post_tag","embeddable":true,"href":"https:\/\/www.sts-education.com\/de-de\/wp-json\/wp\/v2\/tags?post=11669"},{"taxonomy":"wpw_post_folders","embeddable":true,"href":"https:\/\/www.sts-education.com\/de-de\/wp-json\/wp\/v2\/wpw_post_folders?post=11669"}],"curies":[{"name":"wp","href":"https:\/\/api.w.org\/{rel}","templated":true}]}}