{"id":11682,"date":"2024-03-05T09:00:00","date_gmt":"2024-03-05T07:00:00","guid":{"rendered":"https:\/\/preprod.sts-education.com\/blog\/2026\/03\/05\/valentina-war-in-danemark-im-austausch\/"},"modified":"2026-04-29T10:11:36","modified_gmt":"2026-04-29T08:11:36","slug":"valentina-war-in-danemark-im-austausch","status":"publish","type":"post","link":"https:\/\/www.sts-education.com\/de-de\/high-school\/unsere-austauschschueler\/schuler-testimonials\/valentina-war-in-danemark-im-austausch\/","title":{"rendered":"Valentina war in D\u00e4nemark im Austausch"},"content":{"rendered":"\n<div class=\"wp-block-sts-text sts-text-editor has-max-width-md\"><div class=\"sts-text-editor__content\"><div class=\"sts-text-editor__content-inner\">\n<h1 style=\"text-align:center\">Valentina war in D\u00e4nemark im Austausch<\/h1>\n<\/div><\/div><\/div>\n\n\n\n<figure class=\"wp-block-sts-image sts-block-image sts-block-image--count-1 has-max-width-lg\" data-count=\"1\"><div class=\"sts-block-image__grid\"><div class=\"sts-block-image__item\"><picture class=\"sts-responsive-image has-fit-cover has-pos-top is-skeleton\"><source media=\"(max-width: 834.98px)\" srcset=\"https:\/\/powered-by.qbank.se\/educatius\/sts\/10ec77fb512899574dd4287ae81171ca_1-1-thumb.webp 150w, https:\/\/powered-by.qbank.se\/educatius\/sts\/10ec77fb512899574dd4287ae81171ca_1-1-xsmall.webp 500w, https:\/\/powered-by.qbank.se\/educatius\/sts\/10ec77fb512899574dd4287ae81171ca_1-1-small.webp 800w, https:\/\/powered-by.qbank.se\/educatius\/sts\/10ec77fb512899574dd4287ae81171ca_1-1-medium.webp 1024w, https:\/\/powered-by.qbank.se\/educatius\/sts\/10ec77fb512899574dd4287ae81171ca_1-1-large.webp 1536w\" sizes=\"(max-width: 768px) 100vw, (max-width: 1200px) 100vw, 1200px\" type=\"image\/webp\"\/><source media=\"(min-width: 835px)\" srcset=\"https:\/\/powered-by.qbank.se\/educatius\/sts\/10ec77fb512899574dd4287ae81171ca_16-9-small.webp 800w, https:\/\/powered-by.qbank.se\/educatius\/sts\/10ec77fb512899574dd4287ae81171ca_16-9-medium.webp 1024w, https:\/\/powered-by.qbank.se\/educatius\/sts\/10ec77fb512899574dd4287ae81171ca_16-9-large.webp 1536w\" sizes=\"(max-width: 768px) 100vw, (max-width: 1200px) 100vw, 1200px\" type=\"image\/webp\"\/><img src=\"https:\/\/powered-by.qbank.se\/educatius\/sts\/10ec77fb512899574dd4287ae81171ca_1-1-thumb.webp\" alt=\"Valentina war in D\u00e4nemark im Austausch\" loading=\"lazy\" decoding=\"async\" fetchpriority=\"low\" style=\"object-position:top\"\/><\/picture><\/div><\/div><\/figure>\n\n\n\n<div class=\"wp-block-sts-text sts-text-editor has-max-width-md\"><div class=\"sts-text-editor__content\"><div class=\"sts-text-editor__content-inner\">\n<p><em>Valentina aus der Schweiz war Austauschsch\u00fclerin in D\u00e4nemark.<\/em><\/p>\n<\/div><\/div><\/div>\n\n\n\n<div class=\"wp-block-sts-text sts-text-editor has-max-width-md\"><div class=\"sts-text-editor__content\"><div class=\"sts-text-editor__content-inner\">\n<h2>Wie alles begann<\/h2>\n<p>Im April 2018 machten meine Mutter und ich in den Osterferien einen Ausflug nach Kopenhagen. Ich hatte mich in dieses Land verliebt und am letzten Tag fasste ich endlich den Mut, ihr die gro\u00dfe Frage zu stellen:<\/p>\n<p>&quot;Mama &#8230; was w\u00e4re, wenn ich ein Austauschsemester machen w\u00fcrde?&quot;<\/p>\n<p>Sie reagierte \u00fcberhaupt nicht, eine gef\u00fchlte Ewigkeit lang, aber in Wirklichkeit war es nur eine Minute, und dann sah sie mich an und antwortete mit ihrer eigenen Frage:<\/p>\n<p>&quot;Wo?&quot;<\/p>\n<p>&quot;Hier?&quot;<\/p>\n<h2>Wie es ablief<\/h2>\n<p>Und so war es dann auch. Acht Monate sp\u00e4ter sa\u00df ich im Flugzeug nach D\u00e4nemark, auf dem Weg zu meiner Gastfamilie. Statt in Kopenhagen fand ich mich in einem winzigen Dorf mit nur 500 Einwohnern wieder. \u00dcberraschenderweise gefiel mir das am Ende besser. So hatte ich mehr Gelegenheit, mich mit meiner Gastfamilie anzufreunden. Ich fing sogar an, jeden Montag mit meiner Gastmutter zum Tanzen zu gehen und holte gelegentlich meine Gastgeschwister von der Schule und vom Kindergarten ab. Es war auf jeden Fall eine einzigartige Erfahrung, vor allem, weil ich zu Hause ein Einzelkind bin. J\u00fcngere Geschwister waren eine ganz neue Welt f\u00fcr mich, aber ich habe es genossen. Die Verbindung, die ich zu meiner Gastfamilie aufgebaut habe, war etwas Besonderes, und ich besuche sie seitdem jedes Jahr.<\/p>\n<h2>Der Austausch hat mein Leben ver\u00e4ndert und war der Beginn von etwas Neuem<\/h2>\n<p>F\u00fcnf Jahre sp\u00e4ter kann ich sagen, dass diese Austauscherfahrung mein Leben ver\u00e4ndert hat. Es war der Beginn von etwas Neuem. Ich denke, dass ich mich w\u00e4hrend des Austausches nicht so sehr ver\u00e4ndert habe wie in der Zeit danach. Ich habe die Schule gewechselt und angefangen, mir meinen Kindheitstraum zu erf\u00fcllen \u2013 die ganze Welt zu bereisen.<\/p>\n<p>Es hat sich gelohnt. Im Winter 2022 begab ich mich auf eine sechsmonatige Reise durch S\u00fcdostasien und jetzt sitze ich gerade in einem Caf\u00e9 mitten in Rio de Janeiro, wo ich seit zwei Monaten mein neuestes Abenteuer erlebe.<\/p>\n<p>Das Austauschsemester war nicht nur eine kurze Episode in meinem Leben, sondern der Startschuss f\u00fcr ein ganz neues Kapitel voller Entdeckungen und Selbsterkenntnis.<\/p>\n<p><strong>Vielen Dank, STS!<\/strong><\/p>\n<h2>Erfahre mehr<\/h2>\n<ul>\n<li>Lies mehr <a href=\"https:\/\/www.sts-education.com\/de-de\/high-school\/unsere-austauschschueler\/schuler-testimonials\/?hashtag=D%c3%a4nemark\">Sch\u00fclergeschichten aus D\u00e4nemark<\/a><\/li>\n<li>Informiere dich \u00fcber <a href=\"https:\/\/www.sts-education.com\/europa\/danemark\/\">High School-Austausch in D\u00e4nemark<\/a><\/li>\n<li>Alle <a href=\"\/de-de\/high-school\/tripfinder\/\">High School-Austauschl\u00e4nder<\/a><\/li>\n<\/ul>\n<\/div><\/div><\/div>\n","protected":false},"excerpt":{"rendered":"","protected":false},"author":20,"featured_media":13052,"comment_status":"open","ping_status":"open","sticky":false,"template":"","format":"standard","meta":{"_acf_changed":false,"_yoast_wpseo_title":"Valentina war in D\u00e4nemark im Austausch","_yoast_wpseo_metadesc":"Im April 2018 machten meine Mutter und ich einen Ausflug nach Kopenhagen. Am letzten Tag fasste ich endlich den Mut, ihr die Frage zu stellen: \"Mama ... was w\u00e4re, wenn ich ein Austauschsemester machen w\u00fcrde?\"","footnotes":""},"categories":[273],"tags":[941],"wpw_post_folders":[],"class_list":["post-11682","post","type-post","status-publish","format-standard","has-post-thumbnail","hentry","category-nicht-kategorisiert","tag-danemark"],"acf":[],"yoast_head":"<!-- This site is optimized with the Yoast SEO Premium plugin v27.2 (Yoast SEO v27.2) - https:\/\/yoast.com\/product\/yoast-seo-premium-wordpress\/ -->\n<title>Valentina war in D\u00e4nemark im Austausch<\/title>\n<meta name=\"description\" content=\"Im April 2018 machten meine Mutter und ich einen Ausflug nach Kopenhagen. Am letzten Tag fasste ich endlich den Mut, ihr die Frage zu stellen: &quot;Mama ... was w\u00e4re, wenn ich ein Austauschsemester machen w\u00fcrde?&quot;\" \/>\n<meta name=\"robots\" content=\"index, follow, max-snippet:-1, max-image-preview:large, max-video-preview:-1\" \/>\n<link rel=\"canonical\" href=\"https:\/\/www.sts-education.com\/de-de\/high-school\/unsere-austauschschueler\/schuler-testimonials\/valentina-war-in-danemark-im-austausch\/\" \/>\n<meta property=\"og:locale\" content=\"de_DE\" \/>\n<meta property=\"og:type\" content=\"article\" \/>\n<meta property=\"og:title\" content=\"Valentina war in D\u00e4nemark im Austausch\" \/>\n<meta property=\"og:description\" content=\"Im April 2018 machten meine Mutter und ich einen Ausflug nach Kopenhagen. Am letzten Tag fasste ich endlich den Mut, ihr die Frage zu stellen: &quot;Mama ... was w\u00e4re, wenn ich ein Austauschsemester machen w\u00fcrde?&quot;\" \/>\n<meta property=\"og:url\" content=\"https:\/\/www.sts-education.com\/de-de\/high-school\/unsere-austauschschueler\/schuler-testimonials\/valentina-war-in-danemark-im-austausch\/\" \/>\n<meta property=\"og:site_name\" content=\"STS Education\" \/>\n<meta property=\"article:published_time\" content=\"2024-03-05T07:00:00+00:00\" \/>\n<meta property=\"article:modified_time\" content=\"2026-04-29T08:11:36+00:00\" \/>\n<meta property=\"og:image\" content=\"https:\/\/powered-by.qbank.se\/educatius\/sts\/\/10ec77fb512899574dd4287ae81171ca_1-1-thumb.webp\" \/>\n\t<meta property=\"og:image:width\" content=\"150\" \/>\n\t<meta property=\"og:image:height\" content=\"150\" \/>\n\t<meta property=\"og:image:type\" content=\"image\/jpeg\" \/>\n<meta name=\"author\" content=\"syncreadwrite\" \/>\n<meta name=\"twitter:card\" content=\"summary_large_image\" \/>\n<meta name=\"twitter:label1\" content=\"Verfasst von\" \/>\n\t<meta name=\"twitter:data1\" content=\"syncreadwrite\" \/>\n\t<meta name=\"twitter:label2\" content=\"Gesch\u00e4tzte Lesezeit\" \/>\n\t<meta name=\"twitter:data2\" content=\"3\u00a0Minuten\" \/>\n<script type=\"application\/ld+json\" class=\"yoast-schema-graph\">{\"@context\":\"https:\/\/schema.org\",\"@graph\":[{\"@type\":\"Article\",\"@id\":\"https:\/\/www.sts-education.com\/de-de\/high-school\/unsere-austauschschueler\/schuler-testimonials\/valentina-war-in-danemark-im-austausch\/#article\",\"isPartOf\":{\"@id\":\"https:\/\/www.sts-education.com\/de-de\/high-school\/unsere-austauschschueler\/schuler-testimonials\/valentina-war-in-danemark-im-austausch\/\"},\"author\":{\"name\":\"syncreadwrite\",\"@id\":\"https:\/\/www.sts-education.com\/de-de\/#\/schema\/person\/8b82f3a2e45f020b8f296d7a85d9a97c\"},\"headline\":\"Valentina war in D\u00e4nemark im Austausch\",\"datePublished\":\"2024-03-05T07:00:00+00:00\",\"dateModified\":\"2026-04-29T08:11:36+00:00\",\"mainEntityOfPage\":{\"@id\":\"https:\/\/www.sts-education.com\/de-de\/high-school\/unsere-austauschschueler\/schuler-testimonials\/valentina-war-in-danemark-im-austausch\/\"},\"wordCount\":407,\"commentCount\":0,\"image\":{\"@id\":\"https:\/\/www.sts-education.com\/de-de\/high-school\/unsere-austauschschueler\/schuler-testimonials\/valentina-war-in-danemark-im-austausch\/#primaryimage\"},\"thumbnailUrl\":\"https:\/\/powered-by.qbank.se\/educatius\/sts\/\/10ec77fb512899574dd4287ae81171ca_1-1-thumb.webp\",\"keywords\":[\"D\u00e4nemark\"],\"articleSection\":[\"Nicht kategorisiert\"],\"inLanguage\":\"de\",\"potentialAction\":[{\"@type\":\"CommentAction\",\"name\":\"Comment\",\"target\":[\"https:\/\/www.sts-education.com\/de-de\/high-school\/unsere-austauschschueler\/schuler-testimonials\/valentina-war-in-danemark-im-austausch\/#respond\"]}]},{\"@type\":\"WebPage\",\"@id\":\"https:\/\/www.sts-education.com\/de-de\/high-school\/unsere-austauschschueler\/schuler-testimonials\/valentina-war-in-danemark-im-austausch\/\",\"url\":\"https:\/\/www.sts-education.com\/de-de\/high-school\/unsere-austauschschueler\/schuler-testimonials\/valentina-war-in-danemark-im-austausch\/\",\"name\":\"Valentina war in D\u00e4nemark im Austausch\",\"isPartOf\":{\"@id\":\"https:\/\/www.sts-education.com\/de-de\/#website\"},\"primaryImageOfPage\":{\"@id\":\"https:\/\/www.sts-education.com\/de-de\/high-school\/unsere-austauschschueler\/schuler-testimonials\/valentina-war-in-danemark-im-austausch\/#primaryimage\"},\"image\":{\"@id\":\"https:\/\/www.sts-education.com\/de-de\/high-school\/unsere-austauschschueler\/schuler-testimonials\/valentina-war-in-danemark-im-austausch\/#primaryimage\"},\"thumbnailUrl\":\"https:\/\/powered-by.qbank.se\/educatius\/sts\/\/10ec77fb512899574dd4287ae81171ca_1-1-thumb.webp\",\"datePublished\":\"2024-03-05T07:00:00+00:00\",\"dateModified\":\"2026-04-29T08:11:36+00:00\",\"author\":{\"@id\":\"https:\/\/www.sts-education.com\/de-de\/#\/schema\/person\/8b82f3a2e45f020b8f296d7a85d9a97c\"},\"description\":\"Im April 2018 machten meine Mutter und ich einen Ausflug nach Kopenhagen. Am letzten Tag fasste ich endlich den Mut, ihr die Frage zu stellen: \\\"Mama ... was w\u00e4re, wenn ich ein Austauschsemester machen w\u00fcrde?\\\"\",\"breadcrumb\":{\"@id\":\"https:\/\/www.sts-education.com\/de-de\/high-school\/unsere-austauschschueler\/schuler-testimonials\/valentina-war-in-danemark-im-austausch\/#breadcrumb\"},\"inLanguage\":\"de\",\"potentialAction\":[{\"@type\":\"ReadAction\",\"target\":[\"https:\/\/www.sts-education.com\/de-de\/high-school\/unsere-austauschschueler\/schuler-testimonials\/valentina-war-in-danemark-im-austausch\/\"]}]},{\"@type\":\"ImageObject\",\"inLanguage\":\"de\",\"@id\":\"https:\/\/www.sts-education.com\/de-de\/high-school\/unsere-austauschschueler\/schuler-testimonials\/valentina-war-in-danemark-im-austausch\/#primaryimage\",\"url\":\"https:\/\/powered-by.qbank.se\/educatius\/sts\/\/10ec77fb512899574dd4287ae81171ca_1-1-thumb.webp\",\"contentUrl\":\"https:\/\/powered-by.qbank.se\/educatius\/sts\/\/10ec77fb512899574dd4287ae81171ca_1-1-thumb.webp\",\"width\":150,\"height\":150},{\"@type\":\"BreadcrumbList\",\"@id\":\"https:\/\/www.sts-education.com\/de-de\/high-school\/unsere-austauschschueler\/schuler-testimonials\/valentina-war-in-danemark-im-austausch\/#breadcrumb\",\"itemListElement\":[{\"@type\":\"ListItem\",\"position\":1,\"name\":\"Home\",\"item\":\"https:\/\/www.sts-education.com\/de-de\/sample-page\/\"},{\"@type\":\"ListItem\",\"position\":2,\"name\":\"Valentina war in D\u00e4nemark im Austausch\"}]},{\"@type\":\"WebSite\",\"@id\":\"https:\/\/www.sts-education.com\/de-de\/#website\",\"url\":\"https:\/\/www.sts-education.com\/de-de\/\",\"name\":\"STS Education\",\"description\":\"\",\"potentialAction\":[{\"@type\":\"SearchAction\",\"target\":{\"@type\":\"EntryPoint\",\"urlTemplate\":\"https:\/\/www.sts-education.com\/de-de\/?s={search_term_string}\"},\"query-input\":{\"@type\":\"PropertyValueSpecification\",\"valueRequired\":true,\"valueName\":\"search_term_string\"}}],\"inLanguage\":\"de\"},{\"@type\":\"Person\",\"@id\":\"https:\/\/www.sts-education.com\/de-de\/#\/schema\/person\/8b82f3a2e45f020b8f296d7a85d9a97c\",\"name\":\"syncreadwrite\",\"image\":{\"@type\":\"ImageObject\",\"inLanguage\":\"de\",\"@id\":\"https:\/\/secure.gravatar.com\/avatar\/6ed1007e4f6f43f22e3df41d9fce4365533cba47fef64bb359b8e629abbc2ea6?s=96&d=mm&r=g\",\"url\":\"https:\/\/secure.gravatar.com\/avatar\/6ed1007e4f6f43f22e3df41d9fce4365533cba47fef64bb359b8e629abbc2ea6?s=96&d=mm&r=g\",\"contentUrl\":\"https:\/\/secure.gravatar.com\/avatar\/6ed1007e4f6f43f22e3df41d9fce4365533cba47fef64bb359b8e629abbc2ea6?s=96&d=mm&r=g\",\"caption\":\"syncreadwrite\"},\"url\":\"https:\/\/www.sts-education.com\/de-de\/author\/syncreadwrite\/\"}]}<\/script>\n<!-- \/ Yoast SEO Premium plugin. -->","yoast_head_json":{"title":"Valentina war in D\u00e4nemark im Austausch","description":"Im April 2018 machten meine Mutter und ich einen Ausflug nach Kopenhagen. Am letzten Tag fasste ich endlich den Mut, ihr die Frage zu stellen: \"Mama ... was w\u00e4re, wenn ich ein Austauschsemester machen w\u00fcrde?\"","robots":{"index":"index","follow":"follow","max-snippet":"max-snippet:-1","max-image-preview":"max-image-preview:large","max-video-preview":"max-video-preview:-1"},"canonical":"https:\/\/www.sts-education.com\/de-de\/high-school\/unsere-austauschschueler\/schuler-testimonials\/valentina-war-in-danemark-im-austausch\/","og_locale":"de_DE","og_type":"article","og_title":"Valentina war in D\u00e4nemark im Austausch","og_description":"Im April 2018 machten meine Mutter und ich einen Ausflug nach Kopenhagen. Am letzten Tag fasste ich endlich den Mut, ihr die Frage zu stellen: \"Mama ... was w\u00e4re, wenn ich ein Austauschsemester machen w\u00fcrde?\"","og_url":"https:\/\/www.sts-education.com\/de-de\/high-school\/unsere-austauschschueler\/schuler-testimonials\/valentina-war-in-danemark-im-austausch\/","og_site_name":"STS Education","article_published_time":"2024-03-05T07:00:00+00:00","article_modified_time":"2026-04-29T08:11:36+00:00","og_image":[{"width":150,"height":150,"url":"https:\/\/powered-by.qbank.se\/educatius\/sts\/\/10ec77fb512899574dd4287ae81171ca_1-1-thumb.webp","type":"image\/jpeg"}],"author":"syncreadwrite","twitter_card":"summary_large_image","twitter_misc":{"Verfasst von":"syncreadwrite","Gesch\u00e4tzte Lesezeit":"3\u00a0Minuten"},"schema":{"@context":"https:\/\/schema.org","@graph":[{"@type":"Article","@id":"https:\/\/www.sts-education.com\/de-de\/high-school\/unsere-austauschschueler\/schuler-testimonials\/valentina-war-in-danemark-im-austausch\/#article","isPartOf":{"@id":"https:\/\/www.sts-education.com\/de-de\/high-school\/unsere-austauschschueler\/schuler-testimonials\/valentina-war-in-danemark-im-austausch\/"},"author":{"name":"syncreadwrite","@id":"https:\/\/www.sts-education.com\/de-de\/#\/schema\/person\/8b82f3a2e45f020b8f296d7a85d9a97c"},"headline":"Valentina war in D\u00e4nemark im Austausch","datePublished":"2024-03-05T07:00:00+00:00","dateModified":"2026-04-29T08:11:36+00:00","mainEntityOfPage":{"@id":"https:\/\/www.sts-education.com\/de-de\/high-school\/unsere-austauschschueler\/schuler-testimonials\/valentina-war-in-danemark-im-austausch\/"},"wordCount":407,"commentCount":0,"image":{"@id":"https:\/\/www.sts-education.com\/de-de\/high-school\/unsere-austauschschueler\/schuler-testimonials\/valentina-war-in-danemark-im-austausch\/#primaryimage"},"thumbnailUrl":"https:\/\/powered-by.qbank.se\/educatius\/sts\/\/10ec77fb512899574dd4287ae81171ca_1-1-thumb.webp","keywords":["D\u00e4nemark"],"articleSection":["Nicht kategorisiert"],"inLanguage":"de","potentialAction":[{"@type":"CommentAction","name":"Comment","target":["https:\/\/www.sts-education.com\/de-de\/high-school\/unsere-austauschschueler\/schuler-testimonials\/valentina-war-in-danemark-im-austausch\/#respond"]}]},{"@type":"WebPage","@id":"https:\/\/www.sts-education.com\/de-de\/high-school\/unsere-austauschschueler\/schuler-testimonials\/valentina-war-in-danemark-im-austausch\/","url":"https:\/\/www.sts-education.com\/de-de\/high-school\/unsere-austauschschueler\/schuler-testimonials\/valentina-war-in-danemark-im-austausch\/","name":"Valentina war in D\u00e4nemark im Austausch","isPartOf":{"@id":"https:\/\/www.sts-education.com\/de-de\/#website"},"primaryImageOfPage":{"@id":"https:\/\/www.sts-education.com\/de-de\/high-school\/unsere-austauschschueler\/schuler-testimonials\/valentina-war-in-danemark-im-austausch\/#primaryimage"},"image":{"@id":"https:\/\/www.sts-education.com\/de-de\/high-school\/unsere-austauschschueler\/schuler-testimonials\/valentina-war-in-danemark-im-austausch\/#primaryimage"},"thumbnailUrl":"https:\/\/powered-by.qbank.se\/educatius\/sts\/\/10ec77fb512899574dd4287ae81171ca_1-1-thumb.webp","datePublished":"2024-03-05T07:00:00+00:00","dateModified":"2026-04-29T08:11:36+00:00","author":{"@id":"https:\/\/www.sts-education.com\/de-de\/#\/schema\/person\/8b82f3a2e45f020b8f296d7a85d9a97c"},"description":"Im April 2018 machten meine Mutter und ich einen Ausflug nach Kopenhagen. Am letzten Tag fasste ich endlich den Mut, ihr die Frage zu stellen: \"Mama ... was w\u00e4re, wenn ich ein Austauschsemester machen w\u00fcrde?\"","breadcrumb":{"@id":"https:\/\/www.sts-education.com\/de-de\/high-school\/unsere-austauschschueler\/schuler-testimonials\/valentina-war-in-danemark-im-austausch\/#breadcrumb"},"inLanguage":"de","potentialAction":[{"@type":"ReadAction","target":["https:\/\/www.sts-education.com\/de-de\/high-school\/unsere-austauschschueler\/schuler-testimonials\/valentina-war-in-danemark-im-austausch\/"]}]},{"@type":"ImageObject","inLanguage":"de","@id":"https:\/\/www.sts-education.com\/de-de\/high-school\/unsere-austauschschueler\/schuler-testimonials\/valentina-war-in-danemark-im-austausch\/#primaryimage","url":"https:\/\/powered-by.qbank.se\/educatius\/sts\/\/10ec77fb512899574dd4287ae81171ca_1-1-thumb.webp","contentUrl":"https:\/\/powered-by.qbank.se\/educatius\/sts\/\/10ec77fb512899574dd4287ae81171ca_1-1-thumb.webp","width":150,"height":150},{"@type":"BreadcrumbList","@id":"https:\/\/www.sts-education.com\/de-de\/high-school\/unsere-austauschschueler\/schuler-testimonials\/valentina-war-in-danemark-im-austausch\/#breadcrumb","itemListElement":[{"@type":"ListItem","position":1,"name":"Home","item":"https:\/\/www.sts-education.com\/de-de\/sample-page\/"},{"@type":"ListItem","position":2,"name":"Valentina war in D\u00e4nemark im Austausch"}]},{"@type":"WebSite","@id":"https:\/\/www.sts-education.com\/de-de\/#website","url":"https:\/\/www.sts-education.com\/de-de\/","name":"STS Education","description":"","potentialAction":[{"@type":"SearchAction","target":{"@type":"EntryPoint","urlTemplate":"https:\/\/www.sts-education.com\/de-de\/?s={search_term_string}"},"query-input":{"@type":"PropertyValueSpecification","valueRequired":true,"valueName":"search_term_string"}}],"inLanguage":"de"},{"@type":"Person","@id":"https:\/\/www.sts-education.com\/de-de\/#\/schema\/person\/8b82f3a2e45f020b8f296d7a85d9a97c","name":"syncreadwrite","image":{"@type":"ImageObject","inLanguage":"de","@id":"https:\/\/secure.gravatar.com\/avatar\/6ed1007e4f6f43f22e3df41d9fce4365533cba47fef64bb359b8e629abbc2ea6?s=96&d=mm&r=g","url":"https:\/\/secure.gravatar.com\/avatar\/6ed1007e4f6f43f22e3df41d9fce4365533cba47fef64bb359b8e629abbc2ea6?s=96&d=mm&r=g","contentUrl":"https:\/\/secure.gravatar.com\/avatar\/6ed1007e4f6f43f22e3df41d9fce4365533cba47fef64bb359b8e629abbc2ea6?s=96&d=mm&r=g","caption":"syncreadwrite"},"url":"https:\/\/www.sts-education.com\/de-de\/author\/syncreadwrite\/"}]}},"_links":{"self":[{"href":"https:\/\/www.sts-education.com\/de-de\/wp-json\/wp\/v2\/posts\/11682","targetHints":{"allow":["GET"]}}],"collection":[{"href":"https:\/\/www.sts-education.com\/de-de\/wp-json\/wp\/v2\/posts"}],"about":[{"href":"https:\/\/www.sts-education.com\/de-de\/wp-json\/wp\/v2\/types\/post"}],"author":[{"embeddable":true,"href":"https:\/\/www.sts-education.com\/de-de\/wp-json\/wp\/v2\/users\/20"}],"replies":[{"embeddable":true,"href":"https:\/\/www.sts-education.com\/de-de\/wp-json\/wp\/v2\/comments?post=11682"}],"version-history":[{"count":8,"href":"https:\/\/www.sts-education.com\/de-de\/wp-json\/wp\/v2\/posts\/11682\/revisions"}],"predecessor-version":[{"id":43694,"href":"https:\/\/www.sts-education.com\/de-de\/wp-json\/wp\/v2\/posts\/11682\/revisions\/43694"}],"wp:featuredmedia":[{"embeddable":true,"href":"https:\/\/www.sts-education.com\/de-de\/wp-json\/wp\/v2\/media\/13052"}],"wp:attachment":[{"href":"https:\/\/www.sts-education.com\/de-de\/wp-json\/wp\/v2\/media?parent=11682"}],"wp:term":[{"taxonomy":"category","embeddable":true,"href":"https:\/\/www.sts-education.com\/de-de\/wp-json\/wp\/v2\/categories?post=11682"},{"taxonomy":"post_tag","embeddable":true,"href":"https:\/\/www.sts-education.com\/de-de\/wp-json\/wp\/v2\/tags?post=11682"},{"taxonomy":"wpw_post_folders","embeddable":true,"href":"https:\/\/www.sts-education.com\/de-de\/wp-json\/wp\/v2\/wpw_post_folders?post=11682"}],"curies":[{"name":"wp","href":"https:\/\/api.w.org\/{rel}","templated":true}]}}