{"id":11690,"date":"2023-05-02T10:00:00","date_gmt":"2023-05-02T10:00:00","guid":{"rendered":"https:\/\/preprod.sts-education.com\/blog\/2026\/03\/05\/emilia-war-im-austauschjahr-in-kanada\/"},"modified":"2026-04-24T13:03:10","modified_gmt":"2026-04-24T13:03:10","slug":"emilia-war-im-austauschjahr-in-kanada","status":"publish","type":"post","link":"https:\/\/www.sts-education.com\/de-de\/high-school\/unsere-austauschschueler\/schuler-testimonials\/emilia-war-im-austauschjahr-in-kanada\/","title":{"rendered":"Emilia war im Austauschjahr in Kanada"},"content":{"rendered":"\n<div class=\"wp-block-sts-text sts-text-editor has-max-width-md\"><div class=\"sts-text-editor__content\"><div class=\"sts-text-editor__content-inner\">\n<h1 style=\"text-align:center\">Emilia war im Austauschjahr in Kanada<\/h1>\n<\/div><\/div><\/div>\n\n\n\n<div class=\"wp-block-sts-text sts-text-editor has-max-width-md\"><div class=\"sts-text-editor__content\"><div class=\"sts-text-editor__content-inner\">\n<p><em>Emilia aus \u00d6sterreich ging zum Austausch nach Vancouver, Kanada.<\/em><\/p>\n<h2>Warum Kanada und Vancouver?<\/h2>\n<p>Es ist die &quot;gr\u00f6\u00dfere Version meiner Heimatstadt in \u00d6sterreich&quot; &#8211; Meer, Seen, Berge und Stadt in einem. Die Auswahl an Freizeitm\u00f6glichkeiten dort ist unglaublich: Skifahren, Schwimmen, Beachvolleyball, Wandern, eine Riesenauswahl an Restaurants und Shopping. Vancouver war der optimale Ort f\u00fcr mich, um meine Komfortzone zu verlassen und mein Englisch zu verbessern. Wobei Englisch definitiv nicht mein Hauptmotiv war.<\/p>\n<h2>Wie hat es dir gefallen, in einer Gastfamilie zu leben?<\/h2>\n<p>Am Anfang hatte ich ein paar Startschwierigkeiten mit meiner Gastfamilie, aber das hat sich innerhalb von ein paar Wochen gelegt. Ich durfte bei einer wunderbaren, f\u00fcrsorglichen Familie leben. Am Anfang musste ich mich erst mal in einen neuen Haushalt einleben, aber es lohnt sich auf jeden Fall. Man baut lebenslange Beziehungen auf.<\/p>\n<h2>Was hast du in deiner Freizeit gemacht? Hast du neue Hobbys gefunden?<\/h2>\n<p>Nach der Schule bin ich immer mit Freunden ausgegangen und habe verschiedene Stadtteile von Vancouver erkundet. Au\u00dferdem bin ich einen Volleyballverein eingetreten und habe an vielen Turnieren au\u00dferhalb von Vancouver teilgenommen. Teil dieses tollen, motivierten Teams zu sein, war eine der besten M\u00f6glichkeiten, die ich dort bekommen habe.<\/p>\n<h2>Was war deine gr\u00f6\u00dfte Herausforderung und wie hast du sie gemeistert?<\/h2>\n<p>Am Anfang dauert es, enge Freundschaften aufzubauen, aber das entwickelt sich. Man muss sich einfach Zeit nehmen und &quot;dem Prozess vertrauen&quot;. Meine gr\u00f6\u00dfte Herausforderung war die Gastfamilie, aber konnte ich mit Hilfe meines lokalen Koordinators l\u00f6sen.<\/p>\n<h2>Was ist deine sch\u00f6nste Erinnerung?<\/h2>\n<p>Die absolut besten Momente waren auf einer Reise mit anderen Internationals in die Rocky Mountains. Wir haben die sch\u00f6nsten Orte erkundet und ich habe dort Menschen kennengelernt, die mir (in vier Tagen!) so nahegekommen sind, als w\u00fcrde ich sie schon ein Leben lang kennen.<\/p>\n<h2>Kannst du einen Austausch empfehlen?<\/h2>\n<p>Mein Leben wurde f\u00fcr einen Moment auf den Kopf gestellt. Ich musste aus meiner Komfortzone heraustreten. Aber wenn ich das geschafft habe, kannst du das auch! Wenn du die M\u00f6glichkeit hast und von deinen Eltern unterst\u00fctzt wirst, dann mach es!<\/p>\n<p>Nur ein Tipp: Wenn du die Chance bekommst, denke daran, wie wertvoll sie ist. Nicht viele Menschen d\u00fcrfen solch eine Erfahrung machen.<\/p>\n<h2>Empfiehlst du Kanada als Austauschland?<\/h2>\n<p>Ja! Vor allem, wenn du Natur und Skifahren magst. Es stimmt, dass die Natur in Kanadas unglaublich ist. Und bei den endlosen W\u00e4ldern und Bergen war Skifahren eine der tollsten Aktivit\u00e4ten dort.<\/p>\n<h2>Dein bester Tipp?<\/h2>\n<p>Nat\u00fcrlich lernt man viel \u00fcber neue Menschen, einen anderen Lifestyle und eine neue Sprache. Aber das Wichtigste, was ich gelernt habe, ist die F\u00e4higkeit, mich an andere anzupassen. Nichts geschieht von selbst. Es liegt in deiner Verantwortung, deinen Austausch unvergesslich zu machen. Erwarte nicht, dass andere es f\u00fcr dich tun. Lass die Monate nicht verstreichen, ohne sie zu nutzen, aber gib dir gleichzeitig Zeit, denn die braucht es, bis du ganz angekommen bist.<\/p>\n<h2>Warum hast du dich f\u00fcr STS entschieden?<\/h2>\n<p>STS gibt es schon seit Jahrzehnten und die Mitarbeiter haben viel Erfahrung. Es gibt viele verschiedene L\u00e4nder zur Auswahl, was gut ist, wenn man noch keine Ahnung hat, wohin man gehen soll. Von Costa Rica \u00fcber die USA bis Australien ist alles dabei.<\/p>\n<h2>Warst du mit STS zufrieden?<\/h2>\n<p>STS war jeden Euro wert. Vom Vorbereitungstreffen in meinem Heimatland \u00fcber das Welcome Camp bis zur Betreuung vor Ort in meinem Gastland hat immer alles gut geklappt.<\/p>\n<h2>Worin hast du dich am st\u00e4rksten entwickelt?<\/h2>\n<p>Obwohl ich schon vorher eine aufgeschlossene Person war, kann ich sagen, dass ich dadurch noch extrovertierter und offener f\u00fcr neue Dinge geworden bin. Aber der Austausch hat auch meinen Horizont erweitert, da ich die nordamerikanische Lebensweise kennengelernt habe, die sich sehr von der europ\u00e4ischen unterscheidet.<\/p>\n<h2>Wie wird sich der Austausch auf deine Zukunft auswirken?<\/h2>\n<p>Ich werde mit einem offenen Geist zur\u00fcckkehren. Mit dem Gef\u00fchl, dass der Rest der Welt darauf wartet, von mir erkundet zu werden. Dass dies nur der Anfang war, die gro\u00dfe Er\u00f6ffnung.<\/p>\n<h2>Erfahre mehr<\/h2>\n<ul><li>Lies mehr <a href=\"https:\/\/www.sts-education.com\/de-de\/high-school\/unsere-austauschschueler\/schuler-testimonials\/?hashtag=Kanada\">Sch\u00fclergeschichten aus Kanada<\/a><\/li>\n<li>Informiere dich \u00fcber <a href=\"https:\/\/www.sts-education.com\/nordamerika\/kanada\/\">High School-Austausch in Kanada<\/a><\/li>\n<li>Alle <a href=\"\/de-de\/high-school\/tripfinder\/\">High School-Austauschl\u00e4nder<\/a><\/li><\/ul>\n<\/div><\/div><\/div>\n","protected":false},"excerpt":{"rendered":"","protected":false},"author":20,"featured_media":13068,"comment_status":"open","ping_status":"open","sticky":false,"template":"","format":"standard","meta":{"_acf_changed":false,"_yoast_wpseo_title":"Emilia war im Austauschjahr in Kanada","_yoast_wpseo_metadesc":"Warum Kanada und Vancouver? Es ist die \"gr\u00f6\u00dfere Version meiner Heimatstadt in \u00d6sterreich\" - Meer, Seen, Berge und Stadt in einem.","footnotes":""},"categories":[273],"tags":[938],"wpw_post_folders":[],"class_list":["post-11690","post","type-post","status-publish","format-standard","has-post-thumbnail","hentry","category-nicht-kategorisiert","tag-kanada"],"acf":[],"yoast_head":"<!-- This site is optimized with the Yoast SEO Premium plugin v27.2 (Yoast SEO v27.2) - https:\/\/yoast.com\/product\/yoast-seo-premium-wordpress\/ -->\n<title>Emilia war im Austauschjahr in Kanada<\/title>\n<meta name=\"description\" content=\"Warum Kanada und Vancouver? Es ist die &quot;gr\u00f6\u00dfere Version meiner Heimatstadt in \u00d6sterreich&quot; - Meer, Seen, Berge und Stadt in einem.\" \/>\n<meta name=\"robots\" content=\"index, follow, max-snippet:-1, max-image-preview:large, max-video-preview:-1\" \/>\n<link rel=\"canonical\" href=\"https:\/\/www.sts-education.com\/de-de\/high-school\/unsere-austauschschueler\/schuler-testimonials\/emilia-war-im-austauschjahr-in-kanada\/\" \/>\n<meta property=\"og:locale\" content=\"de_DE\" \/>\n<meta property=\"og:type\" content=\"article\" \/>\n<meta property=\"og:title\" content=\"Emilia war im Austauschjahr in Kanada\" \/>\n<meta property=\"og:description\" content=\"Warum Kanada und Vancouver? Es ist die &quot;gr\u00f6\u00dfere Version meiner Heimatstadt in \u00d6sterreich&quot; - Meer, Seen, Berge und Stadt in einem.\" \/>\n<meta property=\"og:url\" content=\"https:\/\/www.sts-education.com\/de-de\/high-school\/unsere-austauschschueler\/schuler-testimonials\/emilia-war-im-austauschjahr-in-kanada\/\" \/>\n<meta property=\"og:site_name\" content=\"STS Education\" \/>\n<meta property=\"article:published_time\" content=\"2023-05-02T10:00:00+00:00\" \/>\n<meta property=\"article:modified_time\" content=\"2026-04-24T13:03:10+00:00\" \/>\n<meta property=\"og:image\" content=\"https:\/\/powered-by.qbank.se\/educatius\/sts\/\/2daf64162521b454bbf048f88fecc0a5_1-1-thumb.webp\" \/>\n\t<meta property=\"og:image:width\" content=\"150\" \/>\n\t<meta property=\"og:image:height\" content=\"150\" \/>\n\t<meta property=\"og:image:type\" content=\"image\/jpeg\" \/>\n<meta name=\"author\" content=\"syncreadwrite\" \/>\n<meta name=\"twitter:card\" content=\"summary_large_image\" \/>\n<meta name=\"twitter:label1\" content=\"Verfasst von\" \/>\n\t<meta name=\"twitter:data1\" content=\"syncreadwrite\" \/>\n\t<meta name=\"twitter:label2\" content=\"Gesch\u00e4tzte Lesezeit\" \/>\n\t<meta name=\"twitter:data2\" content=\"4\u00a0Minuten\" \/>\n<script type=\"application\/ld+json\" class=\"yoast-schema-graph\">{\"@context\":\"https:\/\/schema.org\",\"@graph\":[{\"@type\":\"Article\",\"@id\":\"https:\/\/www.sts-education.com\/de-de\/high-school\/unsere-austauschschueler\/schuler-testimonials\/emilia-war-im-austauschjahr-in-kanada\/#article\",\"isPartOf\":{\"@id\":\"https:\/\/www.sts-education.com\/de-de\/high-school\/unsere-austauschschueler\/schuler-testimonials\/emilia-war-im-austauschjahr-in-kanada\/\"},\"author\":{\"name\":\"syncreadwrite\",\"@id\":\"https:\/\/www.sts-education.com\/de-de\/#\/schema\/person\/8b82f3a2e45f020b8f296d7a85d9a97c\"},\"headline\":\"Emilia war im Austauschjahr in Kanada\",\"datePublished\":\"2023-05-02T10:00:00+00:00\",\"dateModified\":\"2026-04-24T13:03:10+00:00\",\"mainEntityOfPage\":{\"@id\":\"https:\/\/www.sts-education.com\/de-de\/high-school\/unsere-austauschschueler\/schuler-testimonials\/emilia-war-im-austauschjahr-in-kanada\/\"},\"wordCount\":709,\"commentCount\":0,\"image\":{\"@id\":\"https:\/\/www.sts-education.com\/de-de\/high-school\/unsere-austauschschueler\/schuler-testimonials\/emilia-war-im-austauschjahr-in-kanada\/#primaryimage\"},\"thumbnailUrl\":\"https:\/\/powered-by.qbank.se\/educatius\/sts\/\/2daf64162521b454bbf048f88fecc0a5_1-1-thumb.webp\",\"keywords\":[\"Kanada\"],\"articleSection\":[\"Nicht kategorisiert\"],\"inLanguage\":\"de\",\"potentialAction\":[{\"@type\":\"CommentAction\",\"name\":\"Comment\",\"target\":[\"https:\/\/www.sts-education.com\/de-de\/high-school\/unsere-austauschschueler\/schuler-testimonials\/emilia-war-im-austauschjahr-in-kanada\/#respond\"]}]},{\"@type\":\"WebPage\",\"@id\":\"https:\/\/www.sts-education.com\/de-de\/high-school\/unsere-austauschschueler\/schuler-testimonials\/emilia-war-im-austauschjahr-in-kanada\/\",\"url\":\"https:\/\/www.sts-education.com\/de-de\/high-school\/unsere-austauschschueler\/schuler-testimonials\/emilia-war-im-austauschjahr-in-kanada\/\",\"name\":\"Emilia war im Austauschjahr in Kanada\",\"isPartOf\":{\"@id\":\"https:\/\/www.sts-education.com\/de-de\/#website\"},\"primaryImageOfPage\":{\"@id\":\"https:\/\/www.sts-education.com\/de-de\/high-school\/unsere-austauschschueler\/schuler-testimonials\/emilia-war-im-austauschjahr-in-kanada\/#primaryimage\"},\"image\":{\"@id\":\"https:\/\/www.sts-education.com\/de-de\/high-school\/unsere-austauschschueler\/schuler-testimonials\/emilia-war-im-austauschjahr-in-kanada\/#primaryimage\"},\"thumbnailUrl\":\"https:\/\/powered-by.qbank.se\/educatius\/sts\/\/2daf64162521b454bbf048f88fecc0a5_1-1-thumb.webp\",\"datePublished\":\"2023-05-02T10:00:00+00:00\",\"dateModified\":\"2026-04-24T13:03:10+00:00\",\"author\":{\"@id\":\"https:\/\/www.sts-education.com\/de-de\/#\/schema\/person\/8b82f3a2e45f020b8f296d7a85d9a97c\"},\"description\":\"Warum Kanada und Vancouver? Es ist die \\\"gr\u00f6\u00dfere Version meiner Heimatstadt in \u00d6sterreich\\\" - Meer, Seen, Berge und Stadt in einem.\",\"breadcrumb\":{\"@id\":\"https:\/\/www.sts-education.com\/de-de\/high-school\/unsere-austauschschueler\/schuler-testimonials\/emilia-war-im-austauschjahr-in-kanada\/#breadcrumb\"},\"inLanguage\":\"de\",\"potentialAction\":[{\"@type\":\"ReadAction\",\"target\":[\"https:\/\/www.sts-education.com\/de-de\/high-school\/unsere-austauschschueler\/schuler-testimonials\/emilia-war-im-austauschjahr-in-kanada\/\"]}]},{\"@type\":\"ImageObject\",\"inLanguage\":\"de\",\"@id\":\"https:\/\/www.sts-education.com\/de-de\/high-school\/unsere-austauschschueler\/schuler-testimonials\/emilia-war-im-austauschjahr-in-kanada\/#primaryimage\",\"url\":\"https:\/\/powered-by.qbank.se\/educatius\/sts\/\/2daf64162521b454bbf048f88fecc0a5_1-1-thumb.webp\",\"contentUrl\":\"https:\/\/powered-by.qbank.se\/educatius\/sts\/\/2daf64162521b454bbf048f88fecc0a5_1-1-thumb.webp\",\"width\":150,\"height\":150},{\"@type\":\"BreadcrumbList\",\"@id\":\"https:\/\/www.sts-education.com\/de-de\/high-school\/unsere-austauschschueler\/schuler-testimonials\/emilia-war-im-austauschjahr-in-kanada\/#breadcrumb\",\"itemListElement\":[{\"@type\":\"ListItem\",\"position\":1,\"name\":\"Home\",\"item\":\"https:\/\/www.sts-education.com\/de-de\/sample-page\/\"},{\"@type\":\"ListItem\",\"position\":2,\"name\":\"Emilia war im Austauschjahr in Kanada\"}]},{\"@type\":\"WebSite\",\"@id\":\"https:\/\/www.sts-education.com\/de-de\/#website\",\"url\":\"https:\/\/www.sts-education.com\/de-de\/\",\"name\":\"STS Education\",\"description\":\"\",\"potentialAction\":[{\"@type\":\"SearchAction\",\"target\":{\"@type\":\"EntryPoint\",\"urlTemplate\":\"https:\/\/www.sts-education.com\/de-de\/?s={search_term_string}\"},\"query-input\":{\"@type\":\"PropertyValueSpecification\",\"valueRequired\":true,\"valueName\":\"search_term_string\"}}],\"inLanguage\":\"de\"},{\"@type\":\"Person\",\"@id\":\"https:\/\/www.sts-education.com\/de-de\/#\/schema\/person\/8b82f3a2e45f020b8f296d7a85d9a97c\",\"name\":\"syncreadwrite\",\"image\":{\"@type\":\"ImageObject\",\"inLanguage\":\"de\",\"@id\":\"https:\/\/secure.gravatar.com\/avatar\/6ed1007e4f6f43f22e3df41d9fce4365533cba47fef64bb359b8e629abbc2ea6?s=96&d=mm&r=g\",\"url\":\"https:\/\/secure.gravatar.com\/avatar\/6ed1007e4f6f43f22e3df41d9fce4365533cba47fef64bb359b8e629abbc2ea6?s=96&d=mm&r=g\",\"contentUrl\":\"https:\/\/secure.gravatar.com\/avatar\/6ed1007e4f6f43f22e3df41d9fce4365533cba47fef64bb359b8e629abbc2ea6?s=96&d=mm&r=g\",\"caption\":\"syncreadwrite\"},\"url\":\"https:\/\/www.sts-education.com\/de-de\/author\/syncreadwrite\/\"}]}<\/script>\n<!-- \/ Yoast SEO Premium plugin. -->","yoast_head_json":{"title":"Emilia war im Austauschjahr in Kanada","description":"Warum Kanada und Vancouver? Es ist die \"gr\u00f6\u00dfere Version meiner Heimatstadt in \u00d6sterreich\" - Meer, Seen, Berge und Stadt in einem.","robots":{"index":"index","follow":"follow","max-snippet":"max-snippet:-1","max-image-preview":"max-image-preview:large","max-video-preview":"max-video-preview:-1"},"canonical":"https:\/\/www.sts-education.com\/de-de\/high-school\/unsere-austauschschueler\/schuler-testimonials\/emilia-war-im-austauschjahr-in-kanada\/","og_locale":"de_DE","og_type":"article","og_title":"Emilia war im Austauschjahr in Kanada","og_description":"Warum Kanada und Vancouver? Es ist die \"gr\u00f6\u00dfere Version meiner Heimatstadt in \u00d6sterreich\" - Meer, Seen, Berge und Stadt in einem.","og_url":"https:\/\/www.sts-education.com\/de-de\/high-school\/unsere-austauschschueler\/schuler-testimonials\/emilia-war-im-austauschjahr-in-kanada\/","og_site_name":"STS Education","article_published_time":"2023-05-02T10:00:00+00:00","article_modified_time":"2026-04-24T13:03:10+00:00","og_image":[{"width":150,"height":150,"url":"https:\/\/powered-by.qbank.se\/educatius\/sts\/\/2daf64162521b454bbf048f88fecc0a5_1-1-thumb.webp","type":"image\/jpeg"}],"author":"syncreadwrite","twitter_card":"summary_large_image","twitter_misc":{"Verfasst von":"syncreadwrite","Gesch\u00e4tzte Lesezeit":"4\u00a0Minuten"},"schema":{"@context":"https:\/\/schema.org","@graph":[{"@type":"Article","@id":"https:\/\/www.sts-education.com\/de-de\/high-school\/unsere-austauschschueler\/schuler-testimonials\/emilia-war-im-austauschjahr-in-kanada\/#article","isPartOf":{"@id":"https:\/\/www.sts-education.com\/de-de\/high-school\/unsere-austauschschueler\/schuler-testimonials\/emilia-war-im-austauschjahr-in-kanada\/"},"author":{"name":"syncreadwrite","@id":"https:\/\/www.sts-education.com\/de-de\/#\/schema\/person\/8b82f3a2e45f020b8f296d7a85d9a97c"},"headline":"Emilia war im Austauschjahr in Kanada","datePublished":"2023-05-02T10:00:00+00:00","dateModified":"2026-04-24T13:03:10+00:00","mainEntityOfPage":{"@id":"https:\/\/www.sts-education.com\/de-de\/high-school\/unsere-austauschschueler\/schuler-testimonials\/emilia-war-im-austauschjahr-in-kanada\/"},"wordCount":709,"commentCount":0,"image":{"@id":"https:\/\/www.sts-education.com\/de-de\/high-school\/unsere-austauschschueler\/schuler-testimonials\/emilia-war-im-austauschjahr-in-kanada\/#primaryimage"},"thumbnailUrl":"https:\/\/powered-by.qbank.se\/educatius\/sts\/\/2daf64162521b454bbf048f88fecc0a5_1-1-thumb.webp","keywords":["Kanada"],"articleSection":["Nicht kategorisiert"],"inLanguage":"de","potentialAction":[{"@type":"CommentAction","name":"Comment","target":["https:\/\/www.sts-education.com\/de-de\/high-school\/unsere-austauschschueler\/schuler-testimonials\/emilia-war-im-austauschjahr-in-kanada\/#respond"]}]},{"@type":"WebPage","@id":"https:\/\/www.sts-education.com\/de-de\/high-school\/unsere-austauschschueler\/schuler-testimonials\/emilia-war-im-austauschjahr-in-kanada\/","url":"https:\/\/www.sts-education.com\/de-de\/high-school\/unsere-austauschschueler\/schuler-testimonials\/emilia-war-im-austauschjahr-in-kanada\/","name":"Emilia war im Austauschjahr in Kanada","isPartOf":{"@id":"https:\/\/www.sts-education.com\/de-de\/#website"},"primaryImageOfPage":{"@id":"https:\/\/www.sts-education.com\/de-de\/high-school\/unsere-austauschschueler\/schuler-testimonials\/emilia-war-im-austauschjahr-in-kanada\/#primaryimage"},"image":{"@id":"https:\/\/www.sts-education.com\/de-de\/high-school\/unsere-austauschschueler\/schuler-testimonials\/emilia-war-im-austauschjahr-in-kanada\/#primaryimage"},"thumbnailUrl":"https:\/\/powered-by.qbank.se\/educatius\/sts\/\/2daf64162521b454bbf048f88fecc0a5_1-1-thumb.webp","datePublished":"2023-05-02T10:00:00+00:00","dateModified":"2026-04-24T13:03:10+00:00","author":{"@id":"https:\/\/www.sts-education.com\/de-de\/#\/schema\/person\/8b82f3a2e45f020b8f296d7a85d9a97c"},"description":"Warum Kanada und Vancouver? Es ist die \"gr\u00f6\u00dfere Version meiner Heimatstadt in \u00d6sterreich\" - Meer, Seen, Berge und Stadt in einem.","breadcrumb":{"@id":"https:\/\/www.sts-education.com\/de-de\/high-school\/unsere-austauschschueler\/schuler-testimonials\/emilia-war-im-austauschjahr-in-kanada\/#breadcrumb"},"inLanguage":"de","potentialAction":[{"@type":"ReadAction","target":["https:\/\/www.sts-education.com\/de-de\/high-school\/unsere-austauschschueler\/schuler-testimonials\/emilia-war-im-austauschjahr-in-kanada\/"]}]},{"@type":"ImageObject","inLanguage":"de","@id":"https:\/\/www.sts-education.com\/de-de\/high-school\/unsere-austauschschueler\/schuler-testimonials\/emilia-war-im-austauschjahr-in-kanada\/#primaryimage","url":"https:\/\/powered-by.qbank.se\/educatius\/sts\/\/2daf64162521b454bbf048f88fecc0a5_1-1-thumb.webp","contentUrl":"https:\/\/powered-by.qbank.se\/educatius\/sts\/\/2daf64162521b454bbf048f88fecc0a5_1-1-thumb.webp","width":150,"height":150},{"@type":"BreadcrumbList","@id":"https:\/\/www.sts-education.com\/de-de\/high-school\/unsere-austauschschueler\/schuler-testimonials\/emilia-war-im-austauschjahr-in-kanada\/#breadcrumb","itemListElement":[{"@type":"ListItem","position":1,"name":"Home","item":"https:\/\/www.sts-education.com\/de-de\/sample-page\/"},{"@type":"ListItem","position":2,"name":"Emilia war im Austauschjahr in Kanada"}]},{"@type":"WebSite","@id":"https:\/\/www.sts-education.com\/de-de\/#website","url":"https:\/\/www.sts-education.com\/de-de\/","name":"STS Education","description":"","potentialAction":[{"@type":"SearchAction","target":{"@type":"EntryPoint","urlTemplate":"https:\/\/www.sts-education.com\/de-de\/?s={search_term_string}"},"query-input":{"@type":"PropertyValueSpecification","valueRequired":true,"valueName":"search_term_string"}}],"inLanguage":"de"},{"@type":"Person","@id":"https:\/\/www.sts-education.com\/de-de\/#\/schema\/person\/8b82f3a2e45f020b8f296d7a85d9a97c","name":"syncreadwrite","image":{"@type":"ImageObject","inLanguage":"de","@id":"https:\/\/secure.gravatar.com\/avatar\/6ed1007e4f6f43f22e3df41d9fce4365533cba47fef64bb359b8e629abbc2ea6?s=96&d=mm&r=g","url":"https:\/\/secure.gravatar.com\/avatar\/6ed1007e4f6f43f22e3df41d9fce4365533cba47fef64bb359b8e629abbc2ea6?s=96&d=mm&r=g","contentUrl":"https:\/\/secure.gravatar.com\/avatar\/6ed1007e4f6f43f22e3df41d9fce4365533cba47fef64bb359b8e629abbc2ea6?s=96&d=mm&r=g","caption":"syncreadwrite"},"url":"https:\/\/www.sts-education.com\/de-de\/author\/syncreadwrite\/"}]}},"_links":{"self":[{"href":"https:\/\/www.sts-education.com\/de-de\/wp-json\/wp\/v2\/posts\/11690","targetHints":{"allow":["GET"]}}],"collection":[{"href":"https:\/\/www.sts-education.com\/de-de\/wp-json\/wp\/v2\/posts"}],"about":[{"href":"https:\/\/www.sts-education.com\/de-de\/wp-json\/wp\/v2\/types\/post"}],"author":[{"embeddable":true,"href":"https:\/\/www.sts-education.com\/de-de\/wp-json\/wp\/v2\/users\/20"}],"replies":[{"embeddable":true,"href":"https:\/\/www.sts-education.com\/de-de\/wp-json\/wp\/v2\/comments?post=11690"}],"version-history":[{"count":7,"href":"https:\/\/www.sts-education.com\/de-de\/wp-json\/wp\/v2\/posts\/11690\/revisions"}],"predecessor-version":[{"id":41369,"href":"https:\/\/www.sts-education.com\/de-de\/wp-json\/wp\/v2\/posts\/11690\/revisions\/41369"}],"wp:featuredmedia":[{"embeddable":true,"href":"https:\/\/www.sts-education.com\/de-de\/wp-json\/wp\/v2\/media\/13068"}],"wp:attachment":[{"href":"https:\/\/www.sts-education.com\/de-de\/wp-json\/wp\/v2\/media?parent=11690"}],"wp:term":[{"taxonomy":"category","embeddable":true,"href":"https:\/\/www.sts-education.com\/de-de\/wp-json\/wp\/v2\/categories?post=11690"},{"taxonomy":"post_tag","embeddable":true,"href":"https:\/\/www.sts-education.com\/de-de\/wp-json\/wp\/v2\/tags?post=11690"},{"taxonomy":"wpw_post_folders","embeddable":true,"href":"https:\/\/www.sts-education.com\/de-de\/wp-json\/wp\/v2\/wpw_post_folders?post=11690"}],"curies":[{"name":"wp","href":"https:\/\/api.w.org\/{rel}","templated":true}]}}