{"id":11400,"date":"2025-12-11T10:00:00","date_gmt":"2025-12-11T08:00:00","guid":{"rendered":"https:\/\/preprod.sts-education.com\/blog\/2026\/03\/05\/vera-tog-pa-high-school-udveksling-til-costa-rica\/"},"modified":"2026-04-29T09:19:58","modified_gmt":"2026-04-29T07:19:58","slug":"vera-tog-pa-high-school-udveksling-til-costa-rica","status":"publish","type":"post","link":"https:\/\/www.sts-education.com\/dk\/high-school\/beretninger-fra-eleverne\/elevhistorier\/vera-tog-pa-high-school-udveksling-til-costa-rica\/","title":{"rendered":"Vera tog p\u00e5 high school-udveksling til Costa Rica"},"content":{"rendered":"\n<div class=\"wp-block-sts-text sts-text-editor has-max-width-md\"><div class=\"sts-text-editor__content\"><div class=\"sts-text-editor__content-inner\">\n<h1 style=\"text-align:center\">Vera tog p\u00e5 high school-udveksling til Costa Rica<\/h1>\n<\/div><\/div><\/div>\n\n\n\n<figure class=\"wp-block-sts-image sts-block-image sts-block-image--count-1 has-max-width-lg\" data-count=\"1\"><div class=\"sts-block-image__grid\"><div class=\"sts-block-image__item\"><picture class=\"sts-responsive-image has-fit-cover has-pos-top is-skeleton\"><source media=\"(max-width: 834.98px)\" srcset=\"https:\/\/powered-by.qbank.se\/educatius\/sts\/1d86f9bc16adda5618ee040cbb860951_1-1-thumb.webp 150w, https:\/\/powered-by.qbank.se\/educatius\/sts\/1d86f9bc16adda5618ee040cbb860951_1-1-xsmall.webp 500w, https:\/\/powered-by.qbank.se\/educatius\/sts\/1d86f9bc16adda5618ee040cbb860951_1-1-small.webp 800w, https:\/\/powered-by.qbank.se\/educatius\/sts\/1d86f9bc16adda5618ee040cbb860951_1-1-medium.webp 1024w, https:\/\/powered-by.qbank.se\/educatius\/sts\/1d86f9bc16adda5618ee040cbb860951_1-1-large.webp 1536w\" sizes=\"(max-width: 768px) 100vw, (max-width: 1200px) 100vw, 1200px\" type=\"image\/webp\"\/><source media=\"(min-width: 835px)\" srcset=\"https:\/\/powered-by.qbank.se\/educatius\/sts\/1d86f9bc16adda5618ee040cbb860951_16-9-small.webp 800w, https:\/\/powered-by.qbank.se\/educatius\/sts\/1d86f9bc16adda5618ee040cbb860951_16-9-medium.webp 1024w, https:\/\/powered-by.qbank.se\/educatius\/sts\/1d86f9bc16adda5618ee040cbb860951_16-9-large.webp 1536w\" sizes=\"(max-width: 768px) 100vw, (max-width: 1200px) 100vw, 1200px\" type=\"image\/webp\"\/><img src=\"https:\/\/powered-by.qbank.se\/educatius\/sts\/1d86f9bc16adda5618ee040cbb860951_1-1-thumb.webp\" alt=\"Vera tog p\u00e5 high school-udveksling til Costa Rica\" loading=\"lazy\" decoding=\"async\" fetchpriority=\"low\" style=\"object-position:top\"\/><\/picture><\/div><\/div><\/figure>\n\n\n\n<div class=\"wp-block-sts-text sts-text-editor has-max-width-md\"><div class=\"sts-text-editor__content\"><div class=\"sts-text-editor__content-inner\">\n<p><em>Vera fra Sverige tilbragte sin high school-udveksling i Costa Rica.<\/em><\/p>\n<\/div><\/div><\/div>\n\n\n\n<div class=\"wp-block-sts-text sts-text-editor has-max-width-md\"><div class=\"sts-text-editor__content\"><div class=\"sts-text-editor__content-inner\">\n<p>Jeg kan ikke anbefale Costa Rica nok som destination for udveksling i high school! Hvis du leder efter noget helt anderledes og et stort eventyr&#8230; s\u00e5 er det her!!!<\/p>\n<h2>At bo hos en costaricansk v\u00e6rtsfamilie<\/h2>\n<p>At bo hos en v\u00e6rtsfamilie kan f\u00f8les skr\u00e6mmende, is\u00e6r i et land, der er s\u00e5 kulturelt forskelligt fra dit eget, og hvor kommunikationen kan v\u00e6re sv\u00e6rere. Men bare rolig, costaricanerne er de s\u00f8deste mennesker, jeg nogensinde har m\u00f8dt, og du vil blive taget godt imod i deres familie. De har ofte store familier, og du vil komme til at deltage i mange store sammenkomster med hele deres udvidede familie, og alle vil f\u00e5 dig til at f\u00f8le dig hjemme.<\/p>\n<h2>Skole i Costa Rica<\/h2>\n<p>Skolen var slet ikke som den, jeg var vant til hjemme i Sverige. Det gjorde det s\u00e5 meget sjovere. Skoledagene i Costa Rica er ret lange, men det giver dig bare mere tid til at knytte b\u00e5nd med dine klassekammerater. Som sagt er costaricanerne utroligt venlige, og de vil tage imod dig med \u00e5bne arme. Mine klassekammerater s\u00f8rgede altid for at hj\u00e6lpe mig, hvis jeg for vild, og de var meget t\u00e5lmodige, n\u00e5r de \u00f8vede spansk med mig.<\/p>\n<h2>Mine bedste minder<\/h2>\n<p>Nogle af de bedste minder fra Costa Rica er fra de mange ture, som STS&#x27; partnerorganisation arrangerede. De var alle en fantastisk mulighed for at se mere af Costa Rica, og jeg fik mulighed for at h\u00e6nge ud med de andre udvekslingsstuderende.<\/p>\n<h2>Venner<\/h2>\n<p>Man bliver nemt gode venner med de andre udvekslingsstuderende. Man indser, at de er de eneste, der virkelig kan forst\u00e5, hvad man g\u00e5r igennem under udvekslingen. Jeg holder stadig kontakten med mange af de udvekslingsstuderende, jeg m\u00f8dte i Costa Rica.<\/p>\n<h2>Hvordan udvekslingen p\u00e5virkede mig<\/h2>\n<p>Jeg tror virkelig, at min udveksling i gymnasiet spillede en stor rolle for den, jeg er i dag. P\u00e5 den bedst mulige m\u00e5de. Jeg kom hjem mere moden, selvsikker og med nye perspektiver p\u00e5 livet.<\/p>\n<h2>Find ud af mere!<\/h2>\n<ul>\n<li>L\u00e6s flere <a href=\"https:\/\/www.sts-education.com\/dk\/high-school\/beretninger-fra-eleverne\/elevhistorier\/?hashtag=Costa+Rica\">elevhistorier fra Costa Rica<\/a><\/li>\n<li>L\u00e6s mere om <a href=\"https:\/\/www.sts-education.com\/dk\/high-school\/programlande\/syd-og-mellemamerika\/costa-rica\/\">high school-udveksling i Costa Rica<\/a><\/li>\n<li>Se alle vores <a href=\"\/dk\/high-school\/tripfinder\/\">destinationer for high school-udveksling<\/a><\/li>\n<\/ul>\n<\/div><\/div><\/div>\n","protected":false},"excerpt":{"rendered":"","protected":false},"author":20,"featured_media":40333,"comment_status":"open","ping_status":"open","sticky":false,"template":"","format":"standard","meta":{"_acf_changed":false,"_yoast_wpseo_title":"Vera tog p\u00e5 high school-udveksling til Costa Rica","_yoast_wpseo_metadesc":"Jeg kan ikke anbefale Costa Rica nok som udvekslingsdestination for high school-elever! Hvis du er ude efter noget helt anderledes og et stort eventyr... s\u00e5 er det her!!!","footnotes":""},"categories":[305],"tags":[882],"wpw_post_folders":[],"class_list":["post-11400","post","type-post","status-publish","format-standard","has-post-thumbnail","hentry","category-uncategorized-da","tag-costa-rica"],"acf":[],"yoast_head":"<!-- This site is optimized with the Yoast SEO Premium plugin v27.2 (Yoast SEO v27.2) - https:\/\/yoast.com\/product\/yoast-seo-premium-wordpress\/ -->\n<title>Vera tog p\u00e5 high school-udveksling til Costa Rica<\/title>\n<meta name=\"description\" content=\"Jeg kan ikke anbefale Costa Rica nok som udvekslingsdestination for high school-elever! Hvis du er ude efter noget helt anderledes og et stort eventyr... s\u00e5 er det her!!!\" \/>\n<meta name=\"robots\" content=\"index, follow, max-snippet:-1, max-image-preview:large, max-video-preview:-1\" \/>\n<link rel=\"canonical\" href=\"https:\/\/www.sts-education.com\/dk\/high-school\/beretninger-fra-eleverne\/elevhistorier\/vera-tog-pa-high-school-udveksling-til-costa-rica\/\" \/>\n<meta property=\"og:locale\" content=\"da_DK\" \/>\n<meta property=\"og:type\" content=\"article\" \/>\n<meta property=\"og:title\" content=\"Vera tog p\u00e5 high school-udveksling til Costa Rica\" \/>\n<meta property=\"og:description\" content=\"Jeg kan ikke anbefale Costa Rica nok som udvekslingsdestination for high school-elever! Hvis du er ude efter noget helt anderledes og et stort eventyr... s\u00e5 er det her!!!\" \/>\n<meta property=\"og:url\" content=\"https:\/\/www.sts-education.com\/dk\/high-school\/beretninger-fra-eleverne\/elevhistorier\/vera-tog-pa-high-school-udveksling-til-costa-rica\/\" \/>\n<meta property=\"og:site_name\" content=\"STS Education\" \/>\n<meta property=\"article:published_time\" content=\"2025-12-11T08:00:00+00:00\" \/>\n<meta property=\"article:modified_time\" content=\"2026-04-29T07:19:58+00:00\" \/>\n<meta property=\"og:image\" content=\"https:\/\/powered-by.qbank.se\/educatius\/sts\/\/1d86f9bc16adda5618ee040cbb860951_1-1-thumb.webp\" \/>\n\t<meta property=\"og:image:width\" content=\"150\" \/>\n\t<meta property=\"og:image:height\" content=\"150\" \/>\n\t<meta property=\"og:image:type\" content=\"image\/jpeg\" \/>\n<meta name=\"author\" content=\"syncreadwrite\" \/>\n<meta name=\"twitter:card\" content=\"summary_large_image\" \/>\n<meta name=\"twitter:label1\" content=\"Skrevet af\" \/>\n\t<meta name=\"twitter:data1\" content=\"syncreadwrite\" \/>\n\t<meta name=\"twitter:label2\" content=\"Estimeret l\u00e6setid\" \/>\n\t<meta name=\"twitter:data2\" content=\"2 minutter\" \/>\n<script type=\"application\/ld+json\" class=\"yoast-schema-graph\">{\"@context\":\"https:\/\/schema.org\",\"@graph\":[{\"@type\":\"Article\",\"@id\":\"https:\/\/www.sts-education.com\/dk\/high-school\/beretninger-fra-eleverne\/elevhistorier\/vera-tog-pa-high-school-udveksling-til-costa-rica\/#article\",\"isPartOf\":{\"@id\":\"https:\/\/www.sts-education.com\/dk\/high-school\/beretninger-fra-eleverne\/elevhistorier\/vera-tog-pa-high-school-udveksling-til-costa-rica\/\"},\"author\":{\"name\":\"syncreadwrite\",\"@id\":\"https:\/\/www.sts-education.com\/dk\/#\/schema\/person\/8b82f3a2e45f020b8f296d7a85d9a97c\"},\"headline\":\"Vera tog p\u00e5 high school-udveksling til Costa Rica\",\"datePublished\":\"2025-12-11T08:00:00+00:00\",\"dateModified\":\"2026-04-29T07:19:58+00:00\",\"mainEntityOfPage\":{\"@id\":\"https:\/\/www.sts-education.com\/dk\/high-school\/beretninger-fra-eleverne\/elevhistorier\/vera-tog-pa-high-school-udveksling-til-costa-rica\/\"},\"wordCount\":395,\"commentCount\":0,\"image\":{\"@id\":\"https:\/\/www.sts-education.com\/dk\/high-school\/beretninger-fra-eleverne\/elevhistorier\/vera-tog-pa-high-school-udveksling-til-costa-rica\/#primaryimage\"},\"thumbnailUrl\":\"https:\/\/powered-by.qbank.se\/educatius\/sts\/\/1d86f9bc16adda5618ee040cbb860951_1-1-thumb.webp\",\"keywords\":[\"Costa Rica\"],\"articleSection\":[\"Uncategorized @da\"],\"inLanguage\":\"da-DK\",\"potentialAction\":[{\"@type\":\"CommentAction\",\"name\":\"Comment\",\"target\":[\"https:\/\/www.sts-education.com\/dk\/high-school\/beretninger-fra-eleverne\/elevhistorier\/vera-tog-pa-high-school-udveksling-til-costa-rica\/#respond\"]}]},{\"@type\":\"WebPage\",\"@id\":\"https:\/\/www.sts-education.com\/dk\/high-school\/beretninger-fra-eleverne\/elevhistorier\/vera-tog-pa-high-school-udveksling-til-costa-rica\/\",\"url\":\"https:\/\/www.sts-education.com\/dk\/high-school\/beretninger-fra-eleverne\/elevhistorier\/vera-tog-pa-high-school-udveksling-til-costa-rica\/\",\"name\":\"Vera tog p\u00e5 high school-udveksling til Costa Rica\",\"isPartOf\":{\"@id\":\"https:\/\/www.sts-education.com\/dk\/#website\"},\"primaryImageOfPage\":{\"@id\":\"https:\/\/www.sts-education.com\/dk\/high-school\/beretninger-fra-eleverne\/elevhistorier\/vera-tog-pa-high-school-udveksling-til-costa-rica\/#primaryimage\"},\"image\":{\"@id\":\"https:\/\/www.sts-education.com\/dk\/high-school\/beretninger-fra-eleverne\/elevhistorier\/vera-tog-pa-high-school-udveksling-til-costa-rica\/#primaryimage\"},\"thumbnailUrl\":\"https:\/\/powered-by.qbank.se\/educatius\/sts\/\/1d86f9bc16adda5618ee040cbb860951_1-1-thumb.webp\",\"datePublished\":\"2025-12-11T08:00:00+00:00\",\"dateModified\":\"2026-04-29T07:19:58+00:00\",\"author\":{\"@id\":\"https:\/\/www.sts-education.com\/dk\/#\/schema\/person\/8b82f3a2e45f020b8f296d7a85d9a97c\"},\"description\":\"Jeg kan ikke anbefale Costa Rica nok som udvekslingsdestination for high school-elever! Hvis du er ude efter noget helt anderledes og et stort eventyr... s\u00e5 er det her!!!\",\"breadcrumb\":{\"@id\":\"https:\/\/www.sts-education.com\/dk\/high-school\/beretninger-fra-eleverne\/elevhistorier\/vera-tog-pa-high-school-udveksling-til-costa-rica\/#breadcrumb\"},\"inLanguage\":\"da-DK\",\"potentialAction\":[{\"@type\":\"ReadAction\",\"target\":[\"https:\/\/www.sts-education.com\/dk\/high-school\/beretninger-fra-eleverne\/elevhistorier\/vera-tog-pa-high-school-udveksling-til-costa-rica\/\"]}]},{\"@type\":\"ImageObject\",\"inLanguage\":\"da-DK\",\"@id\":\"https:\/\/www.sts-education.com\/dk\/high-school\/beretninger-fra-eleverne\/elevhistorier\/vera-tog-pa-high-school-udveksling-til-costa-rica\/#primaryimage\",\"url\":\"https:\/\/powered-by.qbank.se\/educatius\/sts\/\/1d86f9bc16adda5618ee040cbb860951_1-1-thumb.webp\",\"contentUrl\":\"https:\/\/powered-by.qbank.se\/educatius\/sts\/\/1d86f9bc16adda5618ee040cbb860951_1-1-thumb.webp\",\"width\":150,\"height\":150},{\"@type\":\"BreadcrumbList\",\"@id\":\"https:\/\/www.sts-education.com\/dk\/high-school\/beretninger-fra-eleverne\/elevhistorier\/vera-tog-pa-high-school-udveksling-til-costa-rica\/#breadcrumb\",\"itemListElement\":[{\"@type\":\"ListItem\",\"position\":1,\"name\":\"Home\",\"item\":\"https:\/\/www.sts-education.com\/dk\/sample-page\/\"},{\"@type\":\"ListItem\",\"position\":2,\"name\":\"Vera tog p\u00e5 high school-udveksling til Costa Rica\"}]},{\"@type\":\"WebSite\",\"@id\":\"https:\/\/www.sts-education.com\/dk\/#website\",\"url\":\"https:\/\/www.sts-education.com\/dk\/\",\"name\":\"STS Education\",\"description\":\"\",\"potentialAction\":[{\"@type\":\"SearchAction\",\"target\":{\"@type\":\"EntryPoint\",\"urlTemplate\":\"https:\/\/www.sts-education.com\/dk\/?s={search_term_string}\"},\"query-input\":{\"@type\":\"PropertyValueSpecification\",\"valueRequired\":true,\"valueName\":\"search_term_string\"}}],\"inLanguage\":\"da-DK\"},{\"@type\":\"Person\",\"@id\":\"https:\/\/www.sts-education.com\/dk\/#\/schema\/person\/8b82f3a2e45f020b8f296d7a85d9a97c\",\"name\":\"syncreadwrite\",\"image\":{\"@type\":\"ImageObject\",\"inLanguage\":\"da-DK\",\"@id\":\"https:\/\/secure.gravatar.com\/avatar\/6ed1007e4f6f43f22e3df41d9fce4365533cba47fef64bb359b8e629abbc2ea6?s=96&d=mm&r=g\",\"url\":\"https:\/\/secure.gravatar.com\/avatar\/6ed1007e4f6f43f22e3df41d9fce4365533cba47fef64bb359b8e629abbc2ea6?s=96&d=mm&r=g\",\"contentUrl\":\"https:\/\/secure.gravatar.com\/avatar\/6ed1007e4f6f43f22e3df41d9fce4365533cba47fef64bb359b8e629abbc2ea6?s=96&d=mm&r=g\",\"caption\":\"syncreadwrite\"},\"url\":\"https:\/\/www.sts-education.com\/dk\/author\/syncreadwrite\/\"}]}<\/script>\n<!-- \/ Yoast SEO Premium plugin. -->","yoast_head_json":{"title":"Vera tog p\u00e5 high school-udveksling til Costa Rica","description":"Jeg kan ikke anbefale Costa Rica nok som udvekslingsdestination for high school-elever! Hvis du er ude efter noget helt anderledes og et stort eventyr... s\u00e5 er det her!!!","robots":{"index":"index","follow":"follow","max-snippet":"max-snippet:-1","max-image-preview":"max-image-preview:large","max-video-preview":"max-video-preview:-1"},"canonical":"https:\/\/www.sts-education.com\/dk\/high-school\/beretninger-fra-eleverne\/elevhistorier\/vera-tog-pa-high-school-udveksling-til-costa-rica\/","og_locale":"da_DK","og_type":"article","og_title":"Vera tog p\u00e5 high school-udveksling til Costa Rica","og_description":"Jeg kan ikke anbefale Costa Rica nok som udvekslingsdestination for high school-elever! Hvis du er ude efter noget helt anderledes og et stort eventyr... s\u00e5 er det her!!!","og_url":"https:\/\/www.sts-education.com\/dk\/high-school\/beretninger-fra-eleverne\/elevhistorier\/vera-tog-pa-high-school-udveksling-til-costa-rica\/","og_site_name":"STS Education","article_published_time":"2025-12-11T08:00:00+00:00","article_modified_time":"2026-04-29T07:19:58+00:00","og_image":[{"width":150,"height":150,"url":"https:\/\/powered-by.qbank.se\/educatius\/sts\/\/1d86f9bc16adda5618ee040cbb860951_1-1-thumb.webp","type":"image\/jpeg"}],"author":"syncreadwrite","twitter_card":"summary_large_image","twitter_misc":{"Skrevet af":"syncreadwrite","Estimeret l\u00e6setid":"2 minutter"},"schema":{"@context":"https:\/\/schema.org","@graph":[{"@type":"Article","@id":"https:\/\/www.sts-education.com\/dk\/high-school\/beretninger-fra-eleverne\/elevhistorier\/vera-tog-pa-high-school-udveksling-til-costa-rica\/#article","isPartOf":{"@id":"https:\/\/www.sts-education.com\/dk\/high-school\/beretninger-fra-eleverne\/elevhistorier\/vera-tog-pa-high-school-udveksling-til-costa-rica\/"},"author":{"name":"syncreadwrite","@id":"https:\/\/www.sts-education.com\/dk\/#\/schema\/person\/8b82f3a2e45f020b8f296d7a85d9a97c"},"headline":"Vera tog p\u00e5 high school-udveksling til Costa Rica","datePublished":"2025-12-11T08:00:00+00:00","dateModified":"2026-04-29T07:19:58+00:00","mainEntityOfPage":{"@id":"https:\/\/www.sts-education.com\/dk\/high-school\/beretninger-fra-eleverne\/elevhistorier\/vera-tog-pa-high-school-udveksling-til-costa-rica\/"},"wordCount":395,"commentCount":0,"image":{"@id":"https:\/\/www.sts-education.com\/dk\/high-school\/beretninger-fra-eleverne\/elevhistorier\/vera-tog-pa-high-school-udveksling-til-costa-rica\/#primaryimage"},"thumbnailUrl":"https:\/\/powered-by.qbank.se\/educatius\/sts\/\/1d86f9bc16adda5618ee040cbb860951_1-1-thumb.webp","keywords":["Costa Rica"],"articleSection":["Uncategorized @da"],"inLanguage":"da-DK","potentialAction":[{"@type":"CommentAction","name":"Comment","target":["https:\/\/www.sts-education.com\/dk\/high-school\/beretninger-fra-eleverne\/elevhistorier\/vera-tog-pa-high-school-udveksling-til-costa-rica\/#respond"]}]},{"@type":"WebPage","@id":"https:\/\/www.sts-education.com\/dk\/high-school\/beretninger-fra-eleverne\/elevhistorier\/vera-tog-pa-high-school-udveksling-til-costa-rica\/","url":"https:\/\/www.sts-education.com\/dk\/high-school\/beretninger-fra-eleverne\/elevhistorier\/vera-tog-pa-high-school-udveksling-til-costa-rica\/","name":"Vera tog p\u00e5 high school-udveksling til Costa Rica","isPartOf":{"@id":"https:\/\/www.sts-education.com\/dk\/#website"},"primaryImageOfPage":{"@id":"https:\/\/www.sts-education.com\/dk\/high-school\/beretninger-fra-eleverne\/elevhistorier\/vera-tog-pa-high-school-udveksling-til-costa-rica\/#primaryimage"},"image":{"@id":"https:\/\/www.sts-education.com\/dk\/high-school\/beretninger-fra-eleverne\/elevhistorier\/vera-tog-pa-high-school-udveksling-til-costa-rica\/#primaryimage"},"thumbnailUrl":"https:\/\/powered-by.qbank.se\/educatius\/sts\/\/1d86f9bc16adda5618ee040cbb860951_1-1-thumb.webp","datePublished":"2025-12-11T08:00:00+00:00","dateModified":"2026-04-29T07:19:58+00:00","author":{"@id":"https:\/\/www.sts-education.com\/dk\/#\/schema\/person\/8b82f3a2e45f020b8f296d7a85d9a97c"},"description":"Jeg kan ikke anbefale Costa Rica nok som udvekslingsdestination for high school-elever! Hvis du er ude efter noget helt anderledes og et stort eventyr... s\u00e5 er det her!!!","breadcrumb":{"@id":"https:\/\/www.sts-education.com\/dk\/high-school\/beretninger-fra-eleverne\/elevhistorier\/vera-tog-pa-high-school-udveksling-til-costa-rica\/#breadcrumb"},"inLanguage":"da-DK","potentialAction":[{"@type":"ReadAction","target":["https:\/\/www.sts-education.com\/dk\/high-school\/beretninger-fra-eleverne\/elevhistorier\/vera-tog-pa-high-school-udveksling-til-costa-rica\/"]}]},{"@type":"ImageObject","inLanguage":"da-DK","@id":"https:\/\/www.sts-education.com\/dk\/high-school\/beretninger-fra-eleverne\/elevhistorier\/vera-tog-pa-high-school-udveksling-til-costa-rica\/#primaryimage","url":"https:\/\/powered-by.qbank.se\/educatius\/sts\/\/1d86f9bc16adda5618ee040cbb860951_1-1-thumb.webp","contentUrl":"https:\/\/powered-by.qbank.se\/educatius\/sts\/\/1d86f9bc16adda5618ee040cbb860951_1-1-thumb.webp","width":150,"height":150},{"@type":"BreadcrumbList","@id":"https:\/\/www.sts-education.com\/dk\/high-school\/beretninger-fra-eleverne\/elevhistorier\/vera-tog-pa-high-school-udveksling-til-costa-rica\/#breadcrumb","itemListElement":[{"@type":"ListItem","position":1,"name":"Home","item":"https:\/\/www.sts-education.com\/dk\/sample-page\/"},{"@type":"ListItem","position":2,"name":"Vera tog p\u00e5 high school-udveksling til Costa Rica"}]},{"@type":"WebSite","@id":"https:\/\/www.sts-education.com\/dk\/#website","url":"https:\/\/www.sts-education.com\/dk\/","name":"STS Education","description":"","potentialAction":[{"@type":"SearchAction","target":{"@type":"EntryPoint","urlTemplate":"https:\/\/www.sts-education.com\/dk\/?s={search_term_string}"},"query-input":{"@type":"PropertyValueSpecification","valueRequired":true,"valueName":"search_term_string"}}],"inLanguage":"da-DK"},{"@type":"Person","@id":"https:\/\/www.sts-education.com\/dk\/#\/schema\/person\/8b82f3a2e45f020b8f296d7a85d9a97c","name":"syncreadwrite","image":{"@type":"ImageObject","inLanguage":"da-DK","@id":"https:\/\/secure.gravatar.com\/avatar\/6ed1007e4f6f43f22e3df41d9fce4365533cba47fef64bb359b8e629abbc2ea6?s=96&d=mm&r=g","url":"https:\/\/secure.gravatar.com\/avatar\/6ed1007e4f6f43f22e3df41d9fce4365533cba47fef64bb359b8e629abbc2ea6?s=96&d=mm&r=g","contentUrl":"https:\/\/secure.gravatar.com\/avatar\/6ed1007e4f6f43f22e3df41d9fce4365533cba47fef64bb359b8e629abbc2ea6?s=96&d=mm&r=g","caption":"syncreadwrite"},"url":"https:\/\/www.sts-education.com\/dk\/author\/syncreadwrite\/"}]}},"_links":{"self":[{"href":"https:\/\/www.sts-education.com\/dk\/wp-json\/wp\/v2\/posts\/11400","targetHints":{"allow":["GET"]}}],"collection":[{"href":"https:\/\/www.sts-education.com\/dk\/wp-json\/wp\/v2\/posts"}],"about":[{"href":"https:\/\/www.sts-education.com\/dk\/wp-json\/wp\/v2\/types\/post"}],"author":[{"embeddable":true,"href":"https:\/\/www.sts-education.com\/dk\/wp-json\/wp\/v2\/users\/20"}],"replies":[{"embeddable":true,"href":"https:\/\/www.sts-education.com\/dk\/wp-json\/wp\/v2\/comments?post=11400"}],"version-history":[{"count":8,"href":"https:\/\/www.sts-education.com\/dk\/wp-json\/wp\/v2\/posts\/11400\/revisions"}],"predecessor-version":[{"id":42971,"href":"https:\/\/www.sts-education.com\/dk\/wp-json\/wp\/v2\/posts\/11400\/revisions\/42971"}],"wp:featuredmedia":[{"embeddable":true,"href":"https:\/\/www.sts-education.com\/dk\/wp-json\/wp\/v2\/media\/40333"}],"wp:attachment":[{"href":"https:\/\/www.sts-education.com\/dk\/wp-json\/wp\/v2\/media?parent=11400"}],"wp:term":[{"taxonomy":"category","embeddable":true,"href":"https:\/\/www.sts-education.com\/dk\/wp-json\/wp\/v2\/categories?post=11400"},{"taxonomy":"post_tag","embeddable":true,"href":"https:\/\/www.sts-education.com\/dk\/wp-json\/wp\/v2\/tags?post=11400"},{"taxonomy":"wpw_post_folders","embeddable":true,"href":"https:\/\/www.sts-education.com\/dk\/wp-json\/wp\/v2\/wpw_post_folders?post=11400"}],"curies":[{"name":"wp","href":"https:\/\/api.w.org\/{rel}","templated":true}]}}