{"id":11406,"date":"2025-09-23T13:00:00","date_gmt":"2025-09-23T11:00:00","guid":{"rendered":"https:\/\/preprod.sts-education.com\/blog\/2026\/03\/05\/mathildas-udvekslingsar-i-italien\/"},"modified":"2026-04-29T09:25:03","modified_gmt":"2026-04-29T07:25:03","slug":"mathildas-udvekslingsar-i-italien","status":"publish","type":"post","link":"https:\/\/www.sts-education.com\/dk\/high-school\/beretninger-fra-eleverne\/elevhistorier\/mathildas-udvekslingsar-i-italien\/","title":{"rendered":"Mathildas udvekslings\u00e5r i Italien"},"content":{"rendered":"\n<div class=\"wp-block-sts-text sts-text-editor has-max-width-md\"><div class=\"sts-text-editor__content\"><div class=\"sts-text-editor__content-inner\">\n<h1 style=\"text-align:center\">Mathildas udvekslings\u00e5r i Italien<\/h1>\n<\/div><\/div><\/div>\n\n\n\n<figure class=\"wp-block-sts-image sts-block-image sts-block-image--count-1 has-max-width-lg\" data-count=\"1\"><div class=\"sts-block-image__grid\"><div class=\"sts-block-image__item\"><picture class=\"sts-responsive-image has-fit-cover has-pos-top is-skeleton\"><source media=\"(max-width: 834.98px)\" srcset=\"https:\/\/powered-by.qbank.se\/educatius\/sts\/ad009cfd9d10e52d8d59334c4d32c43e_1-1-thumb.webp 150w, https:\/\/powered-by.qbank.se\/educatius\/sts\/ad009cfd9d10e52d8d59334c4d32c43e_1-1-xsmall.webp 500w, https:\/\/powered-by.qbank.se\/educatius\/sts\/ad009cfd9d10e52d8d59334c4d32c43e_1-1-small.webp 800w, https:\/\/powered-by.qbank.se\/educatius\/sts\/ad009cfd9d10e52d8d59334c4d32c43e_1-1-medium.webp 1024w, https:\/\/powered-by.qbank.se\/educatius\/sts\/ad009cfd9d10e52d8d59334c4d32c43e_1-1-large.webp 1536w\" sizes=\"(max-width: 768px) 100vw, (max-width: 1200px) 100vw, 1200px\" type=\"image\/webp\"\/><source media=\"(min-width: 835px)\" srcset=\"https:\/\/powered-by.qbank.se\/educatius\/sts\/ad009cfd9d10e52d8d59334c4d32c43e_16-9-small.webp 800w, https:\/\/powered-by.qbank.se\/educatius\/sts\/ad009cfd9d10e52d8d59334c4d32c43e_16-9-medium.webp 1024w, https:\/\/powered-by.qbank.se\/educatius\/sts\/ad009cfd9d10e52d8d59334c4d32c43e_16-9-large.webp 1536w\" sizes=\"(max-width: 768px) 100vw, (max-width: 1200px) 100vw, 1200px\" type=\"image\/webp\"\/><img src=\"https:\/\/powered-by.qbank.se\/educatius\/sts\/ad009cfd9d10e52d8d59334c4d32c43e_1-1-thumb.webp\" alt=\"Mathildas udvekslings\u00e5r i Italien\" loading=\"lazy\" decoding=\"async\" fetchpriority=\"low\" style=\"object-position:top\"\/><\/picture><\/div><\/div><\/figure>\n\n\n\n<div class=\"wp-block-sts-text sts-text-editor has-max-width-md\"><div class=\"sts-text-editor__content\"><div class=\"sts-text-editor__content-inner\">\n<p><em>Hej, jeg hedder Mathilda og er 17 \u00e5r gammel. Jeg kommer fra Finland og tilbragte mit udvekslings\u00e5r i Italien i skole\u00e5ret 24\/25. Jeg blev placeret i det smukke Norditalien n\u00e6r Lago Maggiore.<\/em><\/p>\n<\/div><\/div><\/div>\n\n\n\n<div class=\"wp-block-sts-text sts-text-editor has-max-width-md\"><div class=\"sts-text-editor__content\"><div class=\"sts-text-editor__content-inner\">\n<h2>Hvorfor valgte jeg Italien?<\/h2>\n<p>Jeg har altid vidst, at jeg ville p\u00e5 udvekslingsophold, n\u00e5r tiden kom, men for et par \u00e5r siden var jeg stadig i tvivl om, hvilket land der ville v\u00e6re bedst for mig. Jeg vidste fra starten, at jeg ikke var interesseret i Amerika, som mange andre er, men heldigvis havde STS mange andre lande rundt om i verden, jeg kunne v\u00e6lge imellem. Jeg besluttede mig for at blive i Europa og opleve en kultur, der var forskellig fra min egen. Jeg kiggede p\u00e5 Spanien og Italien og besluttede mig for Italien p\u00e5 grund af den l\u00e6kre mad, den alsidige natur, de sjove mennesker og det smukke sprog. Jeg t\u00e6nkte, at Italien havde s\u00e5 meget at byde p\u00e5, og det havde det ogs\u00e5.<\/p>\n<h2>Hvordan var skolen i Italien?<\/h2>\n<p>Jeg var sikker p\u00e5, at skolen ville v\u00e6re meget sv\u00e6rere end derhjemme, og det var sandt. Italienske elever har meget lektier for, og i skolen lytter de mest til l\u00e6rerne. Men selvf\u00f8lgelig gav l\u00e6rerne mig som udvekslingsstudent, der ikke engang havde brug for karakterer for \u00e5ret, ikke de samme opgaver som de andre. Jeg fik lov til at tilpasse mit skema lidt, s\u00e5 jeg kunne f\u00e5 mere italiensk og fag, jeg var interesseret i. P\u00e5 italienske gymnasier er der forskellige \u00bbretninger\u00ab, for eksempel sprog, naturvidenskab, kunst og mange andre.<\/p>\n<h2>Efter skoleaktiviteter<\/h2>\n<p>Det er meget vigtigt at finde noget at lave efter skole for at holde sig besk\u00e6ftiget og m\u00f8de nye mennesker. I mit omr\u00e5de var det ikke muligt at forts\u00e6tte med den sport, jeg dyrkede derhjemme, s\u00e5 det var en glimrende mulighed for at pr\u00f8ve en ny sport. Jeg valgte tennis, og jeg er glad for min beslutning. Jeg l\u00e6rte en ny sport, som jeg nu forts\u00e6tter med derhjemme, og jeg fik nye venner. Jeg spillede i en lille gruppe med piger p\u00e5 min alder. Ud over tennis underviste jeg i engelsk som frivillig p\u00e5 min v\u00e6rts\u00f8sters grundskole. Denne oplevelse l\u00e6rte mig mange ting, og de sm\u00e5 b\u00f8rn var s\u00e5 s\u00f8de. Hver fredag gik jeg til italienskundervisning med et par andre udvekslingsstuderende, og nogle dage gik jeg til frokost med klassekammeraterne.<\/p>\n<h2>Opbygning af relationer<\/h2>\n<p>Det er vigtigt at have et godt forhold til din v\u00e6rtsfamilie og opbygge venskaber under dit udvekslingsophold, men det kan v\u00e6re sv\u00e6rt. Det er vigtigt at tilbringe tid med din v\u00e6rtsfamilie, for eksempel ved at lave mad sammen, spille spil eller g\u00e5 ud. Det var meget let for mig, fordi italienerne elsker at v\u00e6re sammen med andre mennesker. Jeg fandt min bedste veninde i min klasse. Vi havde snakket lidt sammen, og s\u00e5 fik jeg mod til at invitere hende p\u00e5 frokost efter skole, og det var der, vi begyndte at komme t\u00e6ttere p\u00e5 hinanden som veninder. Du kan ikke forvente, at alle vil henvende sig til dig, s\u00e5 som udvekslingsstudent skal du ogs\u00e5 g\u00f8re en indsats for at opbygge st\u00e6rke relationer.<\/p>\n<h2>At l\u00e6re et nyt sprog<\/h2>\n<p>Dette var uden tvivl det, jeg var mest bange for f\u00f8r min udveksling. At skulle l\u00e6re et nyt sprog fra bunden. Jeg kendte nogle ord i forvejen, s\u00e5 i l\u00f8bet af de f\u00f8rste dage fangede jeg nogle gange folk, der sagde disse specifikke ord, men lidt efter lidt begyndte jeg at forst\u00e5 sproget og huske flere ord og s\u00e6tninger. I sidste ende er det ret nemt at l\u00e6re et sprog, fordi man h\u00f8rer det i skolen, i forbindelse med hobbyer, i familien, i butikker osv. Omkring juletid f\u00f8lte jeg mig mere tryg og begyndte kun at tale italiensk. Det er en rejse, der kr\u00e6ver tid og t\u00e5lmodighed, men det er det v\u00e6rd!<\/p>\n<h2>H\u00f8jdepunkter fra mit \u00e5r<\/h2>\n<p>I l\u00f8bet af \u00e5ret var jeg s\u00e5 heldig at bes\u00f8ge mange smukke steder i Italien. Min udvekslingsorganisation i Italien arrangerede ture i l\u00f8bet af \u00e5ret, og jeg deltog i ture til Firenze og Venedig. Med min v\u00e6rtsfamilie tog vi p\u00e5 skiferie i bjergene i en uge, og i p\u00e5sken bes\u00f8gte vi Kroatien. Jeg n\u00f8d ogs\u00e5 at bes\u00f8ge Milano ofte.<\/p>\n<h2>Hvorfor valgte jeg STS<\/h2>\n<p>Jeg f\u00f8lte mig meget tryg ved at v\u00e6lge STS, fordi jeg vidste, at de er p\u00e5lidelige og bekymrer sig om hver enkelt studerende. De \u00f8nsker virkelig, at alle udvekslingsstuderende f\u00e5r en sikker og sjov oplevelse. Det var rart, at de holdt kontakten med mig i l\u00f8bet af udvekslings\u00e5ret og spurgte, hvordan det gik.<\/p>\n<h2>Find ud af mere!<\/h2>\n<ul>\n<li>L\u00e6s flere <a href=\"https:\/\/www.sts-education.com\/dk\/high-school\/beretninger-fra-eleverne\/elevhistorier\/?hashtag=Italien\">elevhistorier fra Italien<\/a><\/li>\n<li>L\u00e6s mere om <a href=\"https:\/\/www.sts-education.com\/dk\/high-school\/programlande\/europa\/italien\/\">high school-udveksling i Italien<\/a><\/li>\n<li>Se alle vores <a href=\"\/dk\/high-school\/tripfinder\/\">destinationer for high school-udveksling<\/a><\/li>\n<\/ul>\n<\/div><\/div><\/div>\n","protected":false},"excerpt":{"rendered":"","protected":false},"author":20,"featured_media":40382,"comment_status":"open","ping_status":"open","sticky":false,"template":"","format":"standard","meta":{"_acf_changed":false,"_yoast_wpseo_title":"Mathildas udvekslings\u00e5r i Italien","_yoast_wpseo_metadesc":"Hej, jeg hedder Mathilda og er 17 \u00e5r gammel. Jeg kommer fra Finland og tilbragte mit udvekslings\u00e5r i Italien i skole\u00e5ret 24\/25.","footnotes":""},"categories":[305],"tags":[888],"wpw_post_folders":[],"class_list":["post-11406","post","type-post","status-publish","format-standard","has-post-thumbnail","hentry","category-uncategorized-da","tag-italien"],"acf":[],"yoast_head":"<!-- This site is optimized with the Yoast SEO Premium plugin v27.2 (Yoast SEO v27.2) - https:\/\/yoast.com\/product\/yoast-seo-premium-wordpress\/ -->\n<title>Mathildas udvekslings\u00e5r i Italien<\/title>\n<meta name=\"description\" content=\"Hej, jeg hedder Mathilda og er 17 \u00e5r gammel. Jeg kommer fra Finland og tilbragte mit udvekslings\u00e5r i Italien i skole\u00e5ret 24\/25.\" \/>\n<meta name=\"robots\" content=\"index, follow, max-snippet:-1, max-image-preview:large, max-video-preview:-1\" \/>\n<link rel=\"canonical\" href=\"https:\/\/www.sts-education.com\/dk\/high-school\/beretninger-fra-eleverne\/elevhistorier\/mathildas-udvekslingsar-i-italien\/\" \/>\n<meta property=\"og:locale\" content=\"da_DK\" \/>\n<meta property=\"og:type\" content=\"article\" \/>\n<meta property=\"og:title\" content=\"Mathildas udvekslings\u00e5r i Italien\" \/>\n<meta property=\"og:description\" content=\"Hej, jeg hedder Mathilda og er 17 \u00e5r gammel. Jeg kommer fra Finland og tilbragte mit udvekslings\u00e5r i Italien i skole\u00e5ret 24\/25.\" \/>\n<meta property=\"og:url\" content=\"https:\/\/www.sts-education.com\/dk\/high-school\/beretninger-fra-eleverne\/elevhistorier\/mathildas-udvekslingsar-i-italien\/\" \/>\n<meta property=\"og:site_name\" content=\"STS Education\" \/>\n<meta property=\"article:published_time\" content=\"2025-09-23T11:00:00+00:00\" \/>\n<meta property=\"article:modified_time\" content=\"2026-04-29T07:25:03+00:00\" \/>\n<meta property=\"og:image\" content=\"https:\/\/powered-by.qbank.se\/educatius\/sts\/\/ad009cfd9d10e52d8d59334c4d32c43e_1-1-thumb.webp\" \/>\n\t<meta property=\"og:image:width\" content=\"150\" \/>\n\t<meta property=\"og:image:height\" content=\"150\" \/>\n\t<meta property=\"og:image:type\" content=\"image\/png\" \/>\n<meta name=\"author\" content=\"syncreadwrite\" \/>\n<meta name=\"twitter:card\" content=\"summary_large_image\" \/>\n<meta name=\"twitter:label1\" content=\"Skrevet af\" \/>\n\t<meta name=\"twitter:data1\" content=\"syncreadwrite\" \/>\n\t<meta name=\"twitter:label2\" content=\"Estimeret l\u00e6setid\" \/>\n\t<meta name=\"twitter:data2\" content=\"4 minutter\" \/>\n<script type=\"application\/ld+json\" class=\"yoast-schema-graph\">{\"@context\":\"https:\/\/schema.org\",\"@graph\":[{\"@type\":\"Article\",\"@id\":\"https:\/\/www.sts-education.com\/dk\/high-school\/beretninger-fra-eleverne\/elevhistorier\/mathildas-udvekslingsar-i-italien\/#article\",\"isPartOf\":{\"@id\":\"https:\/\/www.sts-education.com\/dk\/high-school\/beretninger-fra-eleverne\/elevhistorier\/mathildas-udvekslingsar-i-italien\/\"},\"author\":{\"name\":\"syncreadwrite\",\"@id\":\"https:\/\/www.sts-education.com\/dk\/#\/schema\/person\/8b82f3a2e45f020b8f296d7a85d9a97c\"},\"headline\":\"Mathildas udvekslings\u00e5r i Italien\",\"datePublished\":\"2025-09-23T11:00:00+00:00\",\"dateModified\":\"2026-04-29T07:25:03+00:00\",\"mainEntityOfPage\":{\"@id\":\"https:\/\/www.sts-education.com\/dk\/high-school\/beretninger-fra-eleverne\/elevhistorier\/mathildas-udvekslingsar-i-italien\/\"},\"wordCount\":839,\"commentCount\":0,\"image\":{\"@id\":\"https:\/\/www.sts-education.com\/dk\/high-school\/beretninger-fra-eleverne\/elevhistorier\/mathildas-udvekslingsar-i-italien\/#primaryimage\"},\"thumbnailUrl\":\"https:\/\/powered-by.qbank.se\/educatius\/sts\/\/ad009cfd9d10e52d8d59334c4d32c43e_1-1-thumb.webp\",\"keywords\":[\"Italien\"],\"articleSection\":[\"Uncategorized @da\"],\"inLanguage\":\"da-DK\",\"potentialAction\":[{\"@type\":\"CommentAction\",\"name\":\"Comment\",\"target\":[\"https:\/\/www.sts-education.com\/dk\/high-school\/beretninger-fra-eleverne\/elevhistorier\/mathildas-udvekslingsar-i-italien\/#respond\"]}]},{\"@type\":\"WebPage\",\"@id\":\"https:\/\/www.sts-education.com\/dk\/high-school\/beretninger-fra-eleverne\/elevhistorier\/mathildas-udvekslingsar-i-italien\/\",\"url\":\"https:\/\/www.sts-education.com\/dk\/high-school\/beretninger-fra-eleverne\/elevhistorier\/mathildas-udvekslingsar-i-italien\/\",\"name\":\"Mathildas udvekslings\u00e5r i Italien\",\"isPartOf\":{\"@id\":\"https:\/\/www.sts-education.com\/dk\/#website\"},\"primaryImageOfPage\":{\"@id\":\"https:\/\/www.sts-education.com\/dk\/high-school\/beretninger-fra-eleverne\/elevhistorier\/mathildas-udvekslingsar-i-italien\/#primaryimage\"},\"image\":{\"@id\":\"https:\/\/www.sts-education.com\/dk\/high-school\/beretninger-fra-eleverne\/elevhistorier\/mathildas-udvekslingsar-i-italien\/#primaryimage\"},\"thumbnailUrl\":\"https:\/\/powered-by.qbank.se\/educatius\/sts\/\/ad009cfd9d10e52d8d59334c4d32c43e_1-1-thumb.webp\",\"datePublished\":\"2025-09-23T11:00:00+00:00\",\"dateModified\":\"2026-04-29T07:25:03+00:00\",\"author\":{\"@id\":\"https:\/\/www.sts-education.com\/dk\/#\/schema\/person\/8b82f3a2e45f020b8f296d7a85d9a97c\"},\"description\":\"Hej, jeg hedder Mathilda og er 17 \u00e5r gammel. Jeg kommer fra Finland og tilbragte mit udvekslings\u00e5r i Italien i skole\u00e5ret 24\/25.\",\"breadcrumb\":{\"@id\":\"https:\/\/www.sts-education.com\/dk\/high-school\/beretninger-fra-eleverne\/elevhistorier\/mathildas-udvekslingsar-i-italien\/#breadcrumb\"},\"inLanguage\":\"da-DK\",\"potentialAction\":[{\"@type\":\"ReadAction\",\"target\":[\"https:\/\/www.sts-education.com\/dk\/high-school\/beretninger-fra-eleverne\/elevhistorier\/mathildas-udvekslingsar-i-italien\/\"]}]},{\"@type\":\"ImageObject\",\"inLanguage\":\"da-DK\",\"@id\":\"https:\/\/www.sts-education.com\/dk\/high-school\/beretninger-fra-eleverne\/elevhistorier\/mathildas-udvekslingsar-i-italien\/#primaryimage\",\"url\":\"https:\/\/powered-by.qbank.se\/educatius\/sts\/\/ad009cfd9d10e52d8d59334c4d32c43e_1-1-thumb.webp\",\"contentUrl\":\"https:\/\/powered-by.qbank.se\/educatius\/sts\/\/ad009cfd9d10e52d8d59334c4d32c43e_1-1-thumb.webp\",\"width\":150,\"height\":150},{\"@type\":\"BreadcrumbList\",\"@id\":\"https:\/\/www.sts-education.com\/dk\/high-school\/beretninger-fra-eleverne\/elevhistorier\/mathildas-udvekslingsar-i-italien\/#breadcrumb\",\"itemListElement\":[{\"@type\":\"ListItem\",\"position\":1,\"name\":\"Home\",\"item\":\"https:\/\/www.sts-education.com\/dk\/sample-page\/\"},{\"@type\":\"ListItem\",\"position\":2,\"name\":\"Mathildas udvekslings\u00e5r i Italien\"}]},{\"@type\":\"WebSite\",\"@id\":\"https:\/\/www.sts-education.com\/dk\/#website\",\"url\":\"https:\/\/www.sts-education.com\/dk\/\",\"name\":\"STS Education\",\"description\":\"\",\"potentialAction\":[{\"@type\":\"SearchAction\",\"target\":{\"@type\":\"EntryPoint\",\"urlTemplate\":\"https:\/\/www.sts-education.com\/dk\/?s={search_term_string}\"},\"query-input\":{\"@type\":\"PropertyValueSpecification\",\"valueRequired\":true,\"valueName\":\"search_term_string\"}}],\"inLanguage\":\"da-DK\"},{\"@type\":\"Person\",\"@id\":\"https:\/\/www.sts-education.com\/dk\/#\/schema\/person\/8b82f3a2e45f020b8f296d7a85d9a97c\",\"name\":\"syncreadwrite\",\"image\":{\"@type\":\"ImageObject\",\"inLanguage\":\"da-DK\",\"@id\":\"https:\/\/secure.gravatar.com\/avatar\/6ed1007e4f6f43f22e3df41d9fce4365533cba47fef64bb359b8e629abbc2ea6?s=96&d=mm&r=g\",\"url\":\"https:\/\/secure.gravatar.com\/avatar\/6ed1007e4f6f43f22e3df41d9fce4365533cba47fef64bb359b8e629abbc2ea6?s=96&d=mm&r=g\",\"contentUrl\":\"https:\/\/secure.gravatar.com\/avatar\/6ed1007e4f6f43f22e3df41d9fce4365533cba47fef64bb359b8e629abbc2ea6?s=96&d=mm&r=g\",\"caption\":\"syncreadwrite\"},\"url\":\"https:\/\/www.sts-education.com\/dk\/author\/syncreadwrite\/\"}]}<\/script>\n<!-- \/ Yoast SEO Premium plugin. -->","yoast_head_json":{"title":"Mathildas udvekslings\u00e5r i Italien","description":"Hej, jeg hedder Mathilda og er 17 \u00e5r gammel. Jeg kommer fra Finland og tilbragte mit udvekslings\u00e5r i Italien i skole\u00e5ret 24\/25.","robots":{"index":"index","follow":"follow","max-snippet":"max-snippet:-1","max-image-preview":"max-image-preview:large","max-video-preview":"max-video-preview:-1"},"canonical":"https:\/\/www.sts-education.com\/dk\/high-school\/beretninger-fra-eleverne\/elevhistorier\/mathildas-udvekslingsar-i-italien\/","og_locale":"da_DK","og_type":"article","og_title":"Mathildas udvekslings\u00e5r i Italien","og_description":"Hej, jeg hedder Mathilda og er 17 \u00e5r gammel. Jeg kommer fra Finland og tilbragte mit udvekslings\u00e5r i Italien i skole\u00e5ret 24\/25.","og_url":"https:\/\/www.sts-education.com\/dk\/high-school\/beretninger-fra-eleverne\/elevhistorier\/mathildas-udvekslingsar-i-italien\/","og_site_name":"STS Education","article_published_time":"2025-09-23T11:00:00+00:00","article_modified_time":"2026-04-29T07:25:03+00:00","og_image":[{"width":150,"height":150,"url":"https:\/\/powered-by.qbank.se\/educatius\/sts\/\/ad009cfd9d10e52d8d59334c4d32c43e_1-1-thumb.webp","type":"image\/png"}],"author":"syncreadwrite","twitter_card":"summary_large_image","twitter_misc":{"Skrevet af":"syncreadwrite","Estimeret l\u00e6setid":"4 minutter"},"schema":{"@context":"https:\/\/schema.org","@graph":[{"@type":"Article","@id":"https:\/\/www.sts-education.com\/dk\/high-school\/beretninger-fra-eleverne\/elevhistorier\/mathildas-udvekslingsar-i-italien\/#article","isPartOf":{"@id":"https:\/\/www.sts-education.com\/dk\/high-school\/beretninger-fra-eleverne\/elevhistorier\/mathildas-udvekslingsar-i-italien\/"},"author":{"name":"syncreadwrite","@id":"https:\/\/www.sts-education.com\/dk\/#\/schema\/person\/8b82f3a2e45f020b8f296d7a85d9a97c"},"headline":"Mathildas udvekslings\u00e5r i Italien","datePublished":"2025-09-23T11:00:00+00:00","dateModified":"2026-04-29T07:25:03+00:00","mainEntityOfPage":{"@id":"https:\/\/www.sts-education.com\/dk\/high-school\/beretninger-fra-eleverne\/elevhistorier\/mathildas-udvekslingsar-i-italien\/"},"wordCount":839,"commentCount":0,"image":{"@id":"https:\/\/www.sts-education.com\/dk\/high-school\/beretninger-fra-eleverne\/elevhistorier\/mathildas-udvekslingsar-i-italien\/#primaryimage"},"thumbnailUrl":"https:\/\/powered-by.qbank.se\/educatius\/sts\/\/ad009cfd9d10e52d8d59334c4d32c43e_1-1-thumb.webp","keywords":["Italien"],"articleSection":["Uncategorized @da"],"inLanguage":"da-DK","potentialAction":[{"@type":"CommentAction","name":"Comment","target":["https:\/\/www.sts-education.com\/dk\/high-school\/beretninger-fra-eleverne\/elevhistorier\/mathildas-udvekslingsar-i-italien\/#respond"]}]},{"@type":"WebPage","@id":"https:\/\/www.sts-education.com\/dk\/high-school\/beretninger-fra-eleverne\/elevhistorier\/mathildas-udvekslingsar-i-italien\/","url":"https:\/\/www.sts-education.com\/dk\/high-school\/beretninger-fra-eleverne\/elevhistorier\/mathildas-udvekslingsar-i-italien\/","name":"Mathildas udvekslings\u00e5r i Italien","isPartOf":{"@id":"https:\/\/www.sts-education.com\/dk\/#website"},"primaryImageOfPage":{"@id":"https:\/\/www.sts-education.com\/dk\/high-school\/beretninger-fra-eleverne\/elevhistorier\/mathildas-udvekslingsar-i-italien\/#primaryimage"},"image":{"@id":"https:\/\/www.sts-education.com\/dk\/high-school\/beretninger-fra-eleverne\/elevhistorier\/mathildas-udvekslingsar-i-italien\/#primaryimage"},"thumbnailUrl":"https:\/\/powered-by.qbank.se\/educatius\/sts\/\/ad009cfd9d10e52d8d59334c4d32c43e_1-1-thumb.webp","datePublished":"2025-09-23T11:00:00+00:00","dateModified":"2026-04-29T07:25:03+00:00","author":{"@id":"https:\/\/www.sts-education.com\/dk\/#\/schema\/person\/8b82f3a2e45f020b8f296d7a85d9a97c"},"description":"Hej, jeg hedder Mathilda og er 17 \u00e5r gammel. Jeg kommer fra Finland og tilbragte mit udvekslings\u00e5r i Italien i skole\u00e5ret 24\/25.","breadcrumb":{"@id":"https:\/\/www.sts-education.com\/dk\/high-school\/beretninger-fra-eleverne\/elevhistorier\/mathildas-udvekslingsar-i-italien\/#breadcrumb"},"inLanguage":"da-DK","potentialAction":[{"@type":"ReadAction","target":["https:\/\/www.sts-education.com\/dk\/high-school\/beretninger-fra-eleverne\/elevhistorier\/mathildas-udvekslingsar-i-italien\/"]}]},{"@type":"ImageObject","inLanguage":"da-DK","@id":"https:\/\/www.sts-education.com\/dk\/high-school\/beretninger-fra-eleverne\/elevhistorier\/mathildas-udvekslingsar-i-italien\/#primaryimage","url":"https:\/\/powered-by.qbank.se\/educatius\/sts\/\/ad009cfd9d10e52d8d59334c4d32c43e_1-1-thumb.webp","contentUrl":"https:\/\/powered-by.qbank.se\/educatius\/sts\/\/ad009cfd9d10e52d8d59334c4d32c43e_1-1-thumb.webp","width":150,"height":150},{"@type":"BreadcrumbList","@id":"https:\/\/www.sts-education.com\/dk\/high-school\/beretninger-fra-eleverne\/elevhistorier\/mathildas-udvekslingsar-i-italien\/#breadcrumb","itemListElement":[{"@type":"ListItem","position":1,"name":"Home","item":"https:\/\/www.sts-education.com\/dk\/sample-page\/"},{"@type":"ListItem","position":2,"name":"Mathildas udvekslings\u00e5r i Italien"}]},{"@type":"WebSite","@id":"https:\/\/www.sts-education.com\/dk\/#website","url":"https:\/\/www.sts-education.com\/dk\/","name":"STS Education","description":"","potentialAction":[{"@type":"SearchAction","target":{"@type":"EntryPoint","urlTemplate":"https:\/\/www.sts-education.com\/dk\/?s={search_term_string}"},"query-input":{"@type":"PropertyValueSpecification","valueRequired":true,"valueName":"search_term_string"}}],"inLanguage":"da-DK"},{"@type":"Person","@id":"https:\/\/www.sts-education.com\/dk\/#\/schema\/person\/8b82f3a2e45f020b8f296d7a85d9a97c","name":"syncreadwrite","image":{"@type":"ImageObject","inLanguage":"da-DK","@id":"https:\/\/secure.gravatar.com\/avatar\/6ed1007e4f6f43f22e3df41d9fce4365533cba47fef64bb359b8e629abbc2ea6?s=96&d=mm&r=g","url":"https:\/\/secure.gravatar.com\/avatar\/6ed1007e4f6f43f22e3df41d9fce4365533cba47fef64bb359b8e629abbc2ea6?s=96&d=mm&r=g","contentUrl":"https:\/\/secure.gravatar.com\/avatar\/6ed1007e4f6f43f22e3df41d9fce4365533cba47fef64bb359b8e629abbc2ea6?s=96&d=mm&r=g","caption":"syncreadwrite"},"url":"https:\/\/www.sts-education.com\/dk\/author\/syncreadwrite\/"}]}},"_links":{"self":[{"href":"https:\/\/www.sts-education.com\/dk\/wp-json\/wp\/v2\/posts\/11406","targetHints":{"allow":["GET"]}}],"collection":[{"href":"https:\/\/www.sts-education.com\/dk\/wp-json\/wp\/v2\/posts"}],"about":[{"href":"https:\/\/www.sts-education.com\/dk\/wp-json\/wp\/v2\/types\/post"}],"author":[{"embeddable":true,"href":"https:\/\/www.sts-education.com\/dk\/wp-json\/wp\/v2\/users\/20"}],"replies":[{"embeddable":true,"href":"https:\/\/www.sts-education.com\/dk\/wp-json\/wp\/v2\/comments?post=11406"}],"version-history":[{"count":7,"href":"https:\/\/www.sts-education.com\/dk\/wp-json\/wp\/v2\/posts\/11406\/revisions"}],"predecessor-version":[{"id":43056,"href":"https:\/\/www.sts-education.com\/dk\/wp-json\/wp\/v2\/posts\/11406\/revisions\/43056"}],"wp:featuredmedia":[{"embeddable":true,"href":"https:\/\/www.sts-education.com\/dk\/wp-json\/wp\/v2\/media\/40382"}],"wp:attachment":[{"href":"https:\/\/www.sts-education.com\/dk\/wp-json\/wp\/v2\/media?parent=11406"}],"wp:term":[{"taxonomy":"category","embeddable":true,"href":"https:\/\/www.sts-education.com\/dk\/wp-json\/wp\/v2\/categories?post=11406"},{"taxonomy":"post_tag","embeddable":true,"href":"https:\/\/www.sts-education.com\/dk\/wp-json\/wp\/v2\/tags?post=11406"},{"taxonomy":"wpw_post_folders","embeddable":true,"href":"https:\/\/www.sts-education.com\/dk\/wp-json\/wp\/v2\/wpw_post_folders?post=11406"}],"curies":[{"name":"wp","href":"https:\/\/api.w.org\/{rel}","templated":true}]}}