{"id":11407,"date":"2025-08-06T13:00:00","date_gmt":"2025-08-06T11:00:00","guid":{"rendered":"https:\/\/preprod.sts-education.com\/blog\/2026\/03\/05\/maddalena-tilbragte-et-ar-i-udlandet-i-usa\/"},"modified":"2026-04-29T09:27:22","modified_gmt":"2026-04-29T07:27:22","slug":"maddalena-tilbragte-et-ar-i-udlandet-i-usa","status":"publish","type":"post","link":"https:\/\/www.sts-education.com\/dk\/high-school\/beretninger-fra-eleverne\/elevhistorier\/maddalena-tilbragte-et-ar-i-udlandet-i-usa\/","title":{"rendered":"Maddalena tilbragte et \u00e5r i udlandet i USA"},"content":{"rendered":"\n<div class=\"wp-block-sts-text sts-text-editor has-max-width-md\"><div class=\"sts-text-editor__content\"><div class=\"sts-text-editor__content-inner\">\n<h1 style=\"text-align:center\">Maddalena tilbragte et \u00e5r i udlandet i USA<\/h1>\n<\/div><\/div><\/div>\n\n\n\n<figure class=\"wp-block-sts-image sts-block-image sts-block-image--count-1 has-max-width-lg\" data-count=\"1\"><div class=\"sts-block-image__grid\"><div class=\"sts-block-image__item\"><picture class=\"sts-responsive-image has-fit-cover has-pos-top is-skeleton\"><source media=\"(max-width: 834.98px)\" srcset=\"https:\/\/powered-by.qbank.se\/educatius\/sts\/cb47aeee63c4e9c0c16299cd7216703a_1-1-thumb.webp 150w, https:\/\/powered-by.qbank.se\/educatius\/sts\/cb47aeee63c4e9c0c16299cd7216703a_1-1-xsmall.webp 500w, https:\/\/powered-by.qbank.se\/educatius\/sts\/cb47aeee63c4e9c0c16299cd7216703a_1-1-small.webp 800w, https:\/\/powered-by.qbank.se\/educatius\/sts\/cb47aeee63c4e9c0c16299cd7216703a_1-1-medium.webp 1024w, https:\/\/powered-by.qbank.se\/educatius\/sts\/cb47aeee63c4e9c0c16299cd7216703a_1-1-large.webp 1536w\" sizes=\"(max-width: 768px) 100vw, (max-width: 1200px) 100vw, 1200px\" type=\"image\/webp\"\/><source media=\"(min-width: 835px)\" srcset=\"https:\/\/powered-by.qbank.se\/educatius\/sts\/cb47aeee63c4e9c0c16299cd7216703a_16-9-small.webp 800w, https:\/\/powered-by.qbank.se\/educatius\/sts\/cb47aeee63c4e9c0c16299cd7216703a_16-9-medium.webp 1024w, https:\/\/powered-by.qbank.se\/educatius\/sts\/cb47aeee63c4e9c0c16299cd7216703a_16-9-large.webp 1536w\" sizes=\"(max-width: 768px) 100vw, (max-width: 1200px) 100vw, 1200px\" type=\"image\/webp\"\/><img src=\"https:\/\/powered-by.qbank.se\/educatius\/sts\/cb47aeee63c4e9c0c16299cd7216703a_1-1-thumb.webp\" alt=\"Maddalena tilbragte et \u00e5r i udlandet i USA\" loading=\"lazy\" decoding=\"async\" fetchpriority=\"low\" style=\"object-position:top\"\/><\/picture><\/div><\/div><\/figure>\n\n\n\n<div class=\"wp-block-sts-text sts-text-editor has-max-width-md\"><div class=\"sts-text-editor__content\"><div class=\"sts-text-editor__content-inner\">\n<p><em>Mit udvekslings\u00e5r i Oklahoma, USA.<\/em><\/p>\n<\/div><\/div><\/div>\n\n\n\n<div class=\"wp-block-sts-text sts-text-editor has-max-width-md\"><div class=\"sts-text-editor__content\"><div class=\"sts-text-editor__content-inner\">\n<p>Jeg tog p\u00e5 et udvekslings\u00e5r i Bixby, Oklahoma. Jeg valgte at tage et helt \u00e5r for at l\u00e6re kulturen og det engelske sprog bedre at kende og for at leve det liv, jeg altid havde dr\u00f8mt om. Lige siden jeg var lille, havde jeg \u00f8nsket at rejse til USA, s\u00e5 mit valg var ret oplagt.<\/p>\n<p>Skolen var ligesom i filmene, og alt var s\u00e5 perfekt! Jeg fik lov til at g\u00e5 til fodboldkampe, som var magiske. Det var ikke sv\u00e6rt at f\u00e5 venner, jeg meldte mig ind i sv\u00f8mmeholdet og m\u00f8dte en masse mennesker, som hurtigt blev nogle af mine bedste venner. Min v\u00e6rtsfamilie var ogs\u00e5 perfekt, og vi har et rigtig st\u00e6rkt b\u00e5nd! Jeg savner dem s\u00e5 meget.<\/p>\n<p>Den st\u00f8rste forskel mellem USA og Europa var nok maden og alle fastfoodrestauranterne, men de var fantastiske! Det var sjovt at pr\u00f8ve dem alle. Det bedste ved min oplevelse var at kunne dele tanker med mennesker fra forskellige kulturer. Jeg n\u00f8d ogs\u00e5, at skolesystemet var mere sjovt og afslappet.<\/p>\n<p>Jeg anbefaler alle at tage et udvekslings\u00e5r. Det g\u00f8r dig mere moden og bevidst om, hvem du er, og hvor st\u00e6rk du er. Mit bedste r\u00e5d er at v\u00e6re s\u00e5 \u00e5ben som muligt og sige JA til alle nye oplevelser!<\/p>\n<p>Mit udvekslings\u00e5r var pr\u00e6cis, som jeg havde forventet, og jeg ville v\u00e6lge at g\u00f8re det med STS igen og igen! De var fantastiske, og jeg elskede min v\u00e6rtsby. Jeg havde ikke brug for meget st\u00f8tte, fordi alt gik godt, men de tjekkede altid op p\u00e5 mig.<\/p>\n<h2>Find ud af mere!<\/h2>\n<ul>\n<li>L\u00e6s flere <a href=\"https:\/\/www.sts-education.com\/dk\/high-school\/beretninger-fra-eleverne\/elevhistorier\/?hashtag=USA\">elevhistorier fra USA<\/a><\/li>\n<li>L\u00e6s mere om <a href=\"https:\/\/www.sts-education.com\/dk\/high-school\/programlande\/nordamerika\/usa\/\">high school-udveksling i USA<\/a><\/li>\n<li>Se alle vores <a href=\"\/dk\/high-school\/tripfinder\/\">destinationer for high school-udveksling<\/a><\/li>\n<\/ul>\n<\/div><\/div><\/div>\n","protected":false},"excerpt":{"rendered":"","protected":false},"author":20,"featured_media":40394,"comment_status":"open","ping_status":"open","sticky":false,"template":"","format":"standard","meta":{"_acf_changed":false,"_yoast_wpseo_title":"Maddalena tilbragte et \u00e5r i udlandet i USA","_yoast_wpseo_metadesc":"Jeg tog p\u00e5 et udvekslings\u00e5r i Bixby, Oklahoma. Jeg valgte at tage et helt \u00e5r for at l\u00e6re kulturen og det engelske sprog bedre at kende og for at leve det liv, jeg altid har dr\u00f8mt om.","footnotes":""},"categories":[305],"tags":[895],"wpw_post_folders":[],"class_list":["post-11407","post","type-post","status-publish","format-standard","has-post-thumbnail","hentry","category-uncategorized-da","tag-usa"],"acf":[],"yoast_head":"<!-- This site is optimized with the Yoast SEO Premium plugin v27.2 (Yoast SEO v27.2) - https:\/\/yoast.com\/product\/yoast-seo-premium-wordpress\/ -->\n<title>Maddalena tilbragte et \u00e5r i udlandet i USA<\/title>\n<meta name=\"description\" content=\"Jeg tog p\u00e5 et udvekslings\u00e5r i Bixby, Oklahoma. Jeg valgte at tage et helt \u00e5r for at l\u00e6re kulturen og det engelske sprog bedre at kende og for at leve det liv, jeg altid har dr\u00f8mt om.\" \/>\n<meta name=\"robots\" content=\"index, follow, max-snippet:-1, max-image-preview:large, max-video-preview:-1\" \/>\n<link rel=\"canonical\" href=\"https:\/\/www.sts-education.com\/dk\/high-school\/beretninger-fra-eleverne\/elevhistorier\/maddalena-tilbragte-et-ar-i-udlandet-i-usa\/\" \/>\n<meta property=\"og:locale\" content=\"da_DK\" \/>\n<meta property=\"og:type\" content=\"article\" \/>\n<meta property=\"og:title\" content=\"Maddalena tilbragte et \u00e5r i udlandet i USA\" \/>\n<meta property=\"og:description\" content=\"Jeg tog p\u00e5 et udvekslings\u00e5r i Bixby, Oklahoma. Jeg valgte at tage et helt \u00e5r for at l\u00e6re kulturen og det engelske sprog bedre at kende og for at leve det liv, jeg altid har dr\u00f8mt om.\" \/>\n<meta property=\"og:url\" content=\"https:\/\/www.sts-education.com\/dk\/high-school\/beretninger-fra-eleverne\/elevhistorier\/maddalena-tilbragte-et-ar-i-udlandet-i-usa\/\" \/>\n<meta property=\"og:site_name\" content=\"STS Education\" \/>\n<meta property=\"article:published_time\" content=\"2025-08-06T11:00:00+00:00\" \/>\n<meta property=\"article:modified_time\" content=\"2026-04-29T07:27:22+00:00\" \/>\n<meta property=\"og:image\" content=\"https:\/\/powered-by.qbank.se\/educatius\/sts\/\/cb47aeee63c4e9c0c16299cd7216703a_1-1-thumb.webp\" \/>\n\t<meta property=\"og:image:width\" content=\"150\" \/>\n\t<meta property=\"og:image:height\" content=\"150\" \/>\n\t<meta property=\"og:image:type\" content=\"image\/png\" \/>\n<meta name=\"author\" content=\"syncreadwrite\" \/>\n<meta name=\"twitter:card\" content=\"summary_large_image\" \/>\n<meta name=\"twitter:label1\" content=\"Skrevet af\" \/>\n\t<meta name=\"twitter:data1\" content=\"syncreadwrite\" \/>\n\t<meta name=\"twitter:label2\" content=\"Estimeret l\u00e6setid\" \/>\n\t<meta name=\"twitter:data2\" content=\"2 minutter\" \/>\n<script type=\"application\/ld+json\" class=\"yoast-schema-graph\">{\"@context\":\"https:\/\/schema.org\",\"@graph\":[{\"@type\":\"Article\",\"@id\":\"https:\/\/www.sts-education.com\/dk\/high-school\/beretninger-fra-eleverne\/elevhistorier\/maddalena-tilbragte-et-ar-i-udlandet-i-usa\/#article\",\"isPartOf\":{\"@id\":\"https:\/\/www.sts-education.com\/dk\/high-school\/beretninger-fra-eleverne\/elevhistorier\/maddalena-tilbragte-et-ar-i-udlandet-i-usa\/\"},\"author\":{\"name\":\"syncreadwrite\",\"@id\":\"https:\/\/www.sts-education.com\/dk\/#\/schema\/person\/8b82f3a2e45f020b8f296d7a85d9a97c\"},\"headline\":\"Maddalena tilbragte et \u00e5r i udlandet i USA\",\"datePublished\":\"2025-08-06T11:00:00+00:00\",\"dateModified\":\"2026-04-29T07:27:22+00:00\",\"mainEntityOfPage\":{\"@id\":\"https:\/\/www.sts-education.com\/dk\/high-school\/beretninger-fra-eleverne\/elevhistorier\/maddalena-tilbragte-et-ar-i-udlandet-i-usa\/\"},\"wordCount\":324,\"commentCount\":0,\"image\":{\"@id\":\"https:\/\/www.sts-education.com\/dk\/high-school\/beretninger-fra-eleverne\/elevhistorier\/maddalena-tilbragte-et-ar-i-udlandet-i-usa\/#primaryimage\"},\"thumbnailUrl\":\"https:\/\/powered-by.qbank.se\/educatius\/sts\/\/cb47aeee63c4e9c0c16299cd7216703a_1-1-thumb.webp\",\"keywords\":[\"USA\"],\"articleSection\":[\"Uncategorized @da\"],\"inLanguage\":\"da-DK\",\"potentialAction\":[{\"@type\":\"CommentAction\",\"name\":\"Comment\",\"target\":[\"https:\/\/www.sts-education.com\/dk\/high-school\/beretninger-fra-eleverne\/elevhistorier\/maddalena-tilbragte-et-ar-i-udlandet-i-usa\/#respond\"]}]},{\"@type\":\"WebPage\",\"@id\":\"https:\/\/www.sts-education.com\/dk\/high-school\/beretninger-fra-eleverne\/elevhistorier\/maddalena-tilbragte-et-ar-i-udlandet-i-usa\/\",\"url\":\"https:\/\/www.sts-education.com\/dk\/high-school\/beretninger-fra-eleverne\/elevhistorier\/maddalena-tilbragte-et-ar-i-udlandet-i-usa\/\",\"name\":\"Maddalena tilbragte et \u00e5r i udlandet i USA\",\"isPartOf\":{\"@id\":\"https:\/\/www.sts-education.com\/dk\/#website\"},\"primaryImageOfPage\":{\"@id\":\"https:\/\/www.sts-education.com\/dk\/high-school\/beretninger-fra-eleverne\/elevhistorier\/maddalena-tilbragte-et-ar-i-udlandet-i-usa\/#primaryimage\"},\"image\":{\"@id\":\"https:\/\/www.sts-education.com\/dk\/high-school\/beretninger-fra-eleverne\/elevhistorier\/maddalena-tilbragte-et-ar-i-udlandet-i-usa\/#primaryimage\"},\"thumbnailUrl\":\"https:\/\/powered-by.qbank.se\/educatius\/sts\/\/cb47aeee63c4e9c0c16299cd7216703a_1-1-thumb.webp\",\"datePublished\":\"2025-08-06T11:00:00+00:00\",\"dateModified\":\"2026-04-29T07:27:22+00:00\",\"author\":{\"@id\":\"https:\/\/www.sts-education.com\/dk\/#\/schema\/person\/8b82f3a2e45f020b8f296d7a85d9a97c\"},\"description\":\"Jeg tog p\u00e5 et udvekslings\u00e5r i Bixby, Oklahoma. Jeg valgte at tage et helt \u00e5r for at l\u00e6re kulturen og det engelske sprog bedre at kende og for at leve det liv, jeg altid har dr\u00f8mt om.\",\"breadcrumb\":{\"@id\":\"https:\/\/www.sts-education.com\/dk\/high-school\/beretninger-fra-eleverne\/elevhistorier\/maddalena-tilbragte-et-ar-i-udlandet-i-usa\/#breadcrumb\"},\"inLanguage\":\"da-DK\",\"potentialAction\":[{\"@type\":\"ReadAction\",\"target\":[\"https:\/\/www.sts-education.com\/dk\/high-school\/beretninger-fra-eleverne\/elevhistorier\/maddalena-tilbragte-et-ar-i-udlandet-i-usa\/\"]}]},{\"@type\":\"ImageObject\",\"inLanguage\":\"da-DK\",\"@id\":\"https:\/\/www.sts-education.com\/dk\/high-school\/beretninger-fra-eleverne\/elevhistorier\/maddalena-tilbragte-et-ar-i-udlandet-i-usa\/#primaryimage\",\"url\":\"https:\/\/powered-by.qbank.se\/educatius\/sts\/\/cb47aeee63c4e9c0c16299cd7216703a_1-1-thumb.webp\",\"contentUrl\":\"https:\/\/powered-by.qbank.se\/educatius\/sts\/\/cb47aeee63c4e9c0c16299cd7216703a_1-1-thumb.webp\",\"width\":150,\"height\":150},{\"@type\":\"BreadcrumbList\",\"@id\":\"https:\/\/www.sts-education.com\/dk\/high-school\/beretninger-fra-eleverne\/elevhistorier\/maddalena-tilbragte-et-ar-i-udlandet-i-usa\/#breadcrumb\",\"itemListElement\":[{\"@type\":\"ListItem\",\"position\":1,\"name\":\"Home\",\"item\":\"https:\/\/www.sts-education.com\/dk\/sample-page\/\"},{\"@type\":\"ListItem\",\"position\":2,\"name\":\"Maddalena tilbragte et \u00e5r i udlandet i USA\"}]},{\"@type\":\"WebSite\",\"@id\":\"https:\/\/www.sts-education.com\/dk\/#website\",\"url\":\"https:\/\/www.sts-education.com\/dk\/\",\"name\":\"STS Education\",\"description\":\"\",\"potentialAction\":[{\"@type\":\"SearchAction\",\"target\":{\"@type\":\"EntryPoint\",\"urlTemplate\":\"https:\/\/www.sts-education.com\/dk\/?s={search_term_string}\"},\"query-input\":{\"@type\":\"PropertyValueSpecification\",\"valueRequired\":true,\"valueName\":\"search_term_string\"}}],\"inLanguage\":\"da-DK\"},{\"@type\":\"Person\",\"@id\":\"https:\/\/www.sts-education.com\/dk\/#\/schema\/person\/8b82f3a2e45f020b8f296d7a85d9a97c\",\"name\":\"syncreadwrite\",\"image\":{\"@type\":\"ImageObject\",\"inLanguage\":\"da-DK\",\"@id\":\"https:\/\/secure.gravatar.com\/avatar\/6ed1007e4f6f43f22e3df41d9fce4365533cba47fef64bb359b8e629abbc2ea6?s=96&d=mm&r=g\",\"url\":\"https:\/\/secure.gravatar.com\/avatar\/6ed1007e4f6f43f22e3df41d9fce4365533cba47fef64bb359b8e629abbc2ea6?s=96&d=mm&r=g\",\"contentUrl\":\"https:\/\/secure.gravatar.com\/avatar\/6ed1007e4f6f43f22e3df41d9fce4365533cba47fef64bb359b8e629abbc2ea6?s=96&d=mm&r=g\",\"caption\":\"syncreadwrite\"},\"url\":\"https:\/\/www.sts-education.com\/dk\/author\/syncreadwrite\/\"}]}<\/script>\n<!-- \/ Yoast SEO Premium plugin. -->","yoast_head_json":{"title":"Maddalena tilbragte et \u00e5r i udlandet i USA","description":"Jeg tog p\u00e5 et udvekslings\u00e5r i Bixby, Oklahoma. Jeg valgte at tage et helt \u00e5r for at l\u00e6re kulturen og det engelske sprog bedre at kende og for at leve det liv, jeg altid har dr\u00f8mt om.","robots":{"index":"index","follow":"follow","max-snippet":"max-snippet:-1","max-image-preview":"max-image-preview:large","max-video-preview":"max-video-preview:-1"},"canonical":"https:\/\/www.sts-education.com\/dk\/high-school\/beretninger-fra-eleverne\/elevhistorier\/maddalena-tilbragte-et-ar-i-udlandet-i-usa\/","og_locale":"da_DK","og_type":"article","og_title":"Maddalena tilbragte et \u00e5r i udlandet i USA","og_description":"Jeg tog p\u00e5 et udvekslings\u00e5r i Bixby, Oklahoma. Jeg valgte at tage et helt \u00e5r for at l\u00e6re kulturen og det engelske sprog bedre at kende og for at leve det liv, jeg altid har dr\u00f8mt om.","og_url":"https:\/\/www.sts-education.com\/dk\/high-school\/beretninger-fra-eleverne\/elevhistorier\/maddalena-tilbragte-et-ar-i-udlandet-i-usa\/","og_site_name":"STS Education","article_published_time":"2025-08-06T11:00:00+00:00","article_modified_time":"2026-04-29T07:27:22+00:00","og_image":[{"width":150,"height":150,"url":"https:\/\/powered-by.qbank.se\/educatius\/sts\/\/cb47aeee63c4e9c0c16299cd7216703a_1-1-thumb.webp","type":"image\/png"}],"author":"syncreadwrite","twitter_card":"summary_large_image","twitter_misc":{"Skrevet af":"syncreadwrite","Estimeret l\u00e6setid":"2 minutter"},"schema":{"@context":"https:\/\/schema.org","@graph":[{"@type":"Article","@id":"https:\/\/www.sts-education.com\/dk\/high-school\/beretninger-fra-eleverne\/elevhistorier\/maddalena-tilbragte-et-ar-i-udlandet-i-usa\/#article","isPartOf":{"@id":"https:\/\/www.sts-education.com\/dk\/high-school\/beretninger-fra-eleverne\/elevhistorier\/maddalena-tilbragte-et-ar-i-udlandet-i-usa\/"},"author":{"name":"syncreadwrite","@id":"https:\/\/www.sts-education.com\/dk\/#\/schema\/person\/8b82f3a2e45f020b8f296d7a85d9a97c"},"headline":"Maddalena tilbragte et \u00e5r i udlandet i USA","datePublished":"2025-08-06T11:00:00+00:00","dateModified":"2026-04-29T07:27:22+00:00","mainEntityOfPage":{"@id":"https:\/\/www.sts-education.com\/dk\/high-school\/beretninger-fra-eleverne\/elevhistorier\/maddalena-tilbragte-et-ar-i-udlandet-i-usa\/"},"wordCount":324,"commentCount":0,"image":{"@id":"https:\/\/www.sts-education.com\/dk\/high-school\/beretninger-fra-eleverne\/elevhistorier\/maddalena-tilbragte-et-ar-i-udlandet-i-usa\/#primaryimage"},"thumbnailUrl":"https:\/\/powered-by.qbank.se\/educatius\/sts\/\/cb47aeee63c4e9c0c16299cd7216703a_1-1-thumb.webp","keywords":["USA"],"articleSection":["Uncategorized @da"],"inLanguage":"da-DK","potentialAction":[{"@type":"CommentAction","name":"Comment","target":["https:\/\/www.sts-education.com\/dk\/high-school\/beretninger-fra-eleverne\/elevhistorier\/maddalena-tilbragte-et-ar-i-udlandet-i-usa\/#respond"]}]},{"@type":"WebPage","@id":"https:\/\/www.sts-education.com\/dk\/high-school\/beretninger-fra-eleverne\/elevhistorier\/maddalena-tilbragte-et-ar-i-udlandet-i-usa\/","url":"https:\/\/www.sts-education.com\/dk\/high-school\/beretninger-fra-eleverne\/elevhistorier\/maddalena-tilbragte-et-ar-i-udlandet-i-usa\/","name":"Maddalena tilbragte et \u00e5r i udlandet i USA","isPartOf":{"@id":"https:\/\/www.sts-education.com\/dk\/#website"},"primaryImageOfPage":{"@id":"https:\/\/www.sts-education.com\/dk\/high-school\/beretninger-fra-eleverne\/elevhistorier\/maddalena-tilbragte-et-ar-i-udlandet-i-usa\/#primaryimage"},"image":{"@id":"https:\/\/www.sts-education.com\/dk\/high-school\/beretninger-fra-eleverne\/elevhistorier\/maddalena-tilbragte-et-ar-i-udlandet-i-usa\/#primaryimage"},"thumbnailUrl":"https:\/\/powered-by.qbank.se\/educatius\/sts\/\/cb47aeee63c4e9c0c16299cd7216703a_1-1-thumb.webp","datePublished":"2025-08-06T11:00:00+00:00","dateModified":"2026-04-29T07:27:22+00:00","author":{"@id":"https:\/\/www.sts-education.com\/dk\/#\/schema\/person\/8b82f3a2e45f020b8f296d7a85d9a97c"},"description":"Jeg tog p\u00e5 et udvekslings\u00e5r i Bixby, Oklahoma. Jeg valgte at tage et helt \u00e5r for at l\u00e6re kulturen og det engelske sprog bedre at kende og for at leve det liv, jeg altid har dr\u00f8mt om.","breadcrumb":{"@id":"https:\/\/www.sts-education.com\/dk\/high-school\/beretninger-fra-eleverne\/elevhistorier\/maddalena-tilbragte-et-ar-i-udlandet-i-usa\/#breadcrumb"},"inLanguage":"da-DK","potentialAction":[{"@type":"ReadAction","target":["https:\/\/www.sts-education.com\/dk\/high-school\/beretninger-fra-eleverne\/elevhistorier\/maddalena-tilbragte-et-ar-i-udlandet-i-usa\/"]}]},{"@type":"ImageObject","inLanguage":"da-DK","@id":"https:\/\/www.sts-education.com\/dk\/high-school\/beretninger-fra-eleverne\/elevhistorier\/maddalena-tilbragte-et-ar-i-udlandet-i-usa\/#primaryimage","url":"https:\/\/powered-by.qbank.se\/educatius\/sts\/\/cb47aeee63c4e9c0c16299cd7216703a_1-1-thumb.webp","contentUrl":"https:\/\/powered-by.qbank.se\/educatius\/sts\/\/cb47aeee63c4e9c0c16299cd7216703a_1-1-thumb.webp","width":150,"height":150},{"@type":"BreadcrumbList","@id":"https:\/\/www.sts-education.com\/dk\/high-school\/beretninger-fra-eleverne\/elevhistorier\/maddalena-tilbragte-et-ar-i-udlandet-i-usa\/#breadcrumb","itemListElement":[{"@type":"ListItem","position":1,"name":"Home","item":"https:\/\/www.sts-education.com\/dk\/sample-page\/"},{"@type":"ListItem","position":2,"name":"Maddalena tilbragte et \u00e5r i udlandet i USA"}]},{"@type":"WebSite","@id":"https:\/\/www.sts-education.com\/dk\/#website","url":"https:\/\/www.sts-education.com\/dk\/","name":"STS Education","description":"","potentialAction":[{"@type":"SearchAction","target":{"@type":"EntryPoint","urlTemplate":"https:\/\/www.sts-education.com\/dk\/?s={search_term_string}"},"query-input":{"@type":"PropertyValueSpecification","valueRequired":true,"valueName":"search_term_string"}}],"inLanguage":"da-DK"},{"@type":"Person","@id":"https:\/\/www.sts-education.com\/dk\/#\/schema\/person\/8b82f3a2e45f020b8f296d7a85d9a97c","name":"syncreadwrite","image":{"@type":"ImageObject","inLanguage":"da-DK","@id":"https:\/\/secure.gravatar.com\/avatar\/6ed1007e4f6f43f22e3df41d9fce4365533cba47fef64bb359b8e629abbc2ea6?s=96&d=mm&r=g","url":"https:\/\/secure.gravatar.com\/avatar\/6ed1007e4f6f43f22e3df41d9fce4365533cba47fef64bb359b8e629abbc2ea6?s=96&d=mm&r=g","contentUrl":"https:\/\/secure.gravatar.com\/avatar\/6ed1007e4f6f43f22e3df41d9fce4365533cba47fef64bb359b8e629abbc2ea6?s=96&d=mm&r=g","caption":"syncreadwrite"},"url":"https:\/\/www.sts-education.com\/dk\/author\/syncreadwrite\/"}]}},"_links":{"self":[{"href":"https:\/\/www.sts-education.com\/dk\/wp-json\/wp\/v2\/posts\/11407","targetHints":{"allow":["GET"]}}],"collection":[{"href":"https:\/\/www.sts-education.com\/dk\/wp-json\/wp\/v2\/posts"}],"about":[{"href":"https:\/\/www.sts-education.com\/dk\/wp-json\/wp\/v2\/types\/post"}],"author":[{"embeddable":true,"href":"https:\/\/www.sts-education.com\/dk\/wp-json\/wp\/v2\/users\/20"}],"replies":[{"embeddable":true,"href":"https:\/\/www.sts-education.com\/dk\/wp-json\/wp\/v2\/comments?post=11407"}],"version-history":[{"count":8,"href":"https:\/\/www.sts-education.com\/dk\/wp-json\/wp\/v2\/posts\/11407\/revisions"}],"predecessor-version":[{"id":43070,"href":"https:\/\/www.sts-education.com\/dk\/wp-json\/wp\/v2\/posts\/11407\/revisions\/43070"}],"wp:featuredmedia":[{"embeddable":true,"href":"https:\/\/www.sts-education.com\/dk\/wp-json\/wp\/v2\/media\/40394"}],"wp:attachment":[{"href":"https:\/\/www.sts-education.com\/dk\/wp-json\/wp\/v2\/media?parent=11407"}],"wp:term":[{"taxonomy":"category","embeddable":true,"href":"https:\/\/www.sts-education.com\/dk\/wp-json\/wp\/v2\/categories?post=11407"},{"taxonomy":"post_tag","embeddable":true,"href":"https:\/\/www.sts-education.com\/dk\/wp-json\/wp\/v2\/tags?post=11407"},{"taxonomy":"wpw_post_folders","embeddable":true,"href":"https:\/\/www.sts-education.com\/dk\/wp-json\/wp\/v2\/wpw_post_folders?post=11407"}],"curies":[{"name":"wp","href":"https:\/\/api.w.org\/{rel}","templated":true}]}}