{"id":11408,"date":"2025-08-04T13:00:00","date_gmt":"2025-08-04T11:00:00","guid":{"rendered":"https:\/\/preprod.sts-education.com\/blog\/2026\/03\/05\/tamara-studerede-i-udlandet-i-tyskland\/"},"modified":"2026-04-29T09:29:39","modified_gmt":"2026-04-29T07:29:39","slug":"tamara-studerede-i-udlandet-i-tyskland","status":"publish","type":"post","link":"https:\/\/www.sts-education.com\/dk\/high-school\/beretninger-fra-eleverne\/elevhistorier\/tamara-studerede-i-udlandet-i-tyskland\/","title":{"rendered":"Tamara Studerede I Udlandet I Tyskland"},"content":{"rendered":"\n<div class=\"wp-block-sts-text sts-text-editor has-max-width-md\"><div class=\"sts-text-editor__content\"><div class=\"sts-text-editor__content-inner\">\n<h1 style=\"text-align:center\">Tamara studerede i udlandet i Tyskland<\/h1>\n<\/div><\/div><\/div>\n\n\n\n<figure class=\"wp-block-sts-image sts-block-image sts-block-image--count-1 has-max-width-lg\" data-count=\"1\"><div class=\"sts-block-image__grid\"><div class=\"sts-block-image__item\"><picture class=\"sts-responsive-image has-fit-cover has-pos-top is-skeleton\"><source media=\"(max-width: 834.98px)\" srcset=\"https:\/\/powered-by.qbank.se\/educatius\/sts\/3e1f0c948d7559c0884b1c664382618b_1-1-thumb.webp 150w, https:\/\/powered-by.qbank.se\/educatius\/sts\/3e1f0c948d7559c0884b1c664382618b_1-1-xsmall.webp 500w, https:\/\/powered-by.qbank.se\/educatius\/sts\/3e1f0c948d7559c0884b1c664382618b_1-1-small.webp 800w, https:\/\/powered-by.qbank.se\/educatius\/sts\/3e1f0c948d7559c0884b1c664382618b_1-1-medium.webp 1024w, https:\/\/powered-by.qbank.se\/educatius\/sts\/3e1f0c948d7559c0884b1c664382618b_1-1-large.webp 1536w\" sizes=\"(max-width: 768px) 100vw, (max-width: 1200px) 100vw, 1200px\" type=\"image\/webp\"\/><source media=\"(min-width: 835px)\" srcset=\"https:\/\/powered-by.qbank.se\/educatius\/sts\/3e1f0c948d7559c0884b1c664382618b_16-9-small.webp 800w, https:\/\/powered-by.qbank.se\/educatius\/sts\/3e1f0c948d7559c0884b1c664382618b_16-9-medium.webp 1024w, https:\/\/powered-by.qbank.se\/educatius\/sts\/3e1f0c948d7559c0884b1c664382618b_16-9-large.webp 1536w\" sizes=\"(max-width: 768px) 100vw, (max-width: 1200px) 100vw, 1200px\" type=\"image\/webp\"\/><img src=\"https:\/\/powered-by.qbank.se\/educatius\/sts\/3e1f0c948d7559c0884b1c664382618b_1-1-thumb.webp\" alt=\"Tamara studerede i udlandet i Tyskland\" loading=\"lazy\" decoding=\"async\" fetchpriority=\"low\" style=\"object-position:top\"\/><\/picture><\/div><\/div><\/figure>\n\n\n\n<div class=\"wp-block-sts-text sts-text-editor has-max-width-md\"><div class=\"sts-text-editor__content\"><div class=\"sts-text-editor__content-inner\">\n<p><em>Tamara fra Slovakiet var p\u00e5 udveksling i Tyskland.<\/em><\/p>\n<\/div><\/div><\/div>\n\n\n\n<div class=\"wp-block-sts-text sts-text-editor has-max-width-md\"><div class=\"sts-text-editor__content\"><div class=\"sts-text-editor__content-inner\">\n<h2>Noget, der har \u00e6ndret mit liv for altid!<\/h2>\n<p>Mit udvekslings\u00e5r i Tyskland er nu slut. Og selvom jeg vidste, at dette \u00f8jeblik ville komme, var jeg aldrig rigtig forberedt p\u00e5 det. Da jeg kom til Tyskland, var jeg bare en pige fra et andet land med en kuffert fuld af forventninger, usikkerhed og sp\u00f8rgsm\u00e5l. I dag er jeg tilbage hjemme \u2013 med en kuffert fuld af minder, kram, latter, venskaber og alle de tilsyneladende hverdagsagtige \u00f8jeblikke, der pludselig er blevet de mest dyrebare.<\/p>\n<h2>Det mest v\u00e6rdifulde<\/h2>\n<p>Dette \u00e5r har givet mig s\u00e5 meget mere, end jeg nogensinde kunne have forestillet mig. Jeg har l\u00e6rt meget om verden og om mig selv. Men det mest v\u00e6rdifulde, jeg har taget med mig, er et nyt \u00bbhjem\u00ab, som min v\u00e6rtsfamilie gav mig. De var min st\u00f8tte, min stabilitet, mit sikre sted. De gav mig meget mere end bare et tag over hovedet. De gav mig plads til at v\u00e6re mig selv, til at f\u00f8le mig fri, accepteret og forst\u00e5et. Jeg ved, at dette \u00e5r aldrig ville have v\u00e6ret det samme uden dem. Og selvom vi allerede har sagt farvel, vil de for altid forblive i mit hjerte.<\/p>\n<h2>Tak STS<\/h2>\n<p>Jeg vil ogs\u00e5 gerne udtrykke min dybeste taknemmelighed til STS \u2013 for at have ledsaget mig p\u00e5 denne rejse, for altid at have v\u00e6ret en p\u00e5lidelig st\u00f8tte i baggrunden. For at jeg altid kunne henvende mig til jer, n\u00e5r jeg havde brug for hj\u00e6lp. Jeres st\u00f8tte gav mig f\u00f8lelsen af, at jeg ikke var alene. Det var ogs\u00e5 takket v\u00e6re jer, at jeg kunne nyde dette s\u00e6rlige \u00e5r fuldt ud og mestre alt, hvad det medf\u00f8rte \u2013 med al gl\u00e6den, men ogs\u00e5 med de udfordringer, der gjorde det muligt for mig at vokse.<\/p>\n<p><strong>Tak, fordi I lod mig v\u00e6re en del af noget s\u00e5 s\u00e6rligt!<\/strong><\/p>\n<h2>Find ud af mere!<\/h2>\n<ul><li>L\u00e6s flere <a href=\"https:\/\/www.sts-education.com\/dk\/high-school\/beretninger-fra-eleverne\/elevhistorier\/?hashtag=Tyskland\">elevhistorier fra Tyskland<\/a><\/li>\n<li>L\u00e6s mere om <a href=\"https:\/\/www.sts-education.com\/dk\/high-school\/programlande\/europa\/tyskland\/\">high school-udveksling i Tyskland<\/a><\/li>\n<li>Se alle vores <a href=\"\/dk\/high-school\/tripfinder\/\">destinationer for high school-udveksling<\/a><\/li><\/ul>\n<\/div><\/div><\/div>\n","protected":false},"excerpt":{"rendered":"","protected":false},"author":20,"featured_media":40406,"comment_status":"open","ping_status":"open","sticky":false,"template":"","format":"standard","meta":{"_acf_changed":false,"_yoast_wpseo_title":"Tamara studerede i udlandet i Tyskland","_yoast_wpseo_metadesc":"Dette \u00e5r har givet mig s\u00e5 meget mere, end jeg nogensinde kunne have forestillet mig. Jeg har l\u00e6rt meget om verden og om mig selv.","footnotes":""},"categories":[305],"tags":[886],"wpw_post_folders":[],"class_list":["post-11408","post","type-post","status-publish","format-standard","has-post-thumbnail","hentry","category-uncategorized-da","tag-tyskland"],"acf":[],"yoast_head":"<!-- This site is optimized with the Yoast SEO Premium plugin v27.2 (Yoast SEO v27.2) - https:\/\/yoast.com\/product\/yoast-seo-premium-wordpress\/ -->\n<title>Tamara studerede i udlandet i Tyskland<\/title>\n<meta name=\"description\" content=\"Dette \u00e5r har givet mig s\u00e5 meget mere, end jeg nogensinde kunne have forestillet mig. Jeg har l\u00e6rt meget om verden og om mig selv.\" \/>\n<meta name=\"robots\" content=\"index, follow, max-snippet:-1, max-image-preview:large, max-video-preview:-1\" \/>\n<link rel=\"canonical\" href=\"https:\/\/www.sts-education.com\/dk\/high-school\/beretninger-fra-eleverne\/elevhistorier\/tamara-studerede-i-udlandet-i-tyskland\/\" \/>\n<meta property=\"og:locale\" content=\"da_DK\" \/>\n<meta property=\"og:type\" content=\"article\" \/>\n<meta property=\"og:title\" content=\"Tamara Studerede I Udlandet I Tyskland\" \/>\n<meta property=\"og:description\" content=\"Dette \u00e5r har givet mig s\u00e5 meget mere, end jeg nogensinde kunne have forestillet mig. Jeg har l\u00e6rt meget om verden og om mig selv.\" \/>\n<meta property=\"og:url\" content=\"https:\/\/www.sts-education.com\/dk\/high-school\/beretninger-fra-eleverne\/elevhistorier\/tamara-studerede-i-udlandet-i-tyskland\/\" \/>\n<meta property=\"og:site_name\" content=\"STS Education\" \/>\n<meta property=\"article:published_time\" content=\"2025-08-04T11:00:00+00:00\" \/>\n<meta property=\"article:modified_time\" content=\"2026-04-29T07:29:39+00:00\" \/>\n<meta property=\"og:image\" content=\"https:\/\/powered-by.qbank.se\/educatius\/sts\/\/3e1f0c948d7559c0884b1c664382618b_1-1-thumb.webp\" \/>\n\t<meta property=\"og:image:width\" content=\"150\" \/>\n\t<meta property=\"og:image:height\" content=\"150\" \/>\n\t<meta property=\"og:image:type\" content=\"image\/png\" \/>\n<meta name=\"author\" content=\"syncreadwrite\" \/>\n<meta name=\"twitter:card\" content=\"summary_large_image\" \/>\n<meta name=\"twitter:label1\" content=\"Skrevet af\" \/>\n\t<meta name=\"twitter:data1\" content=\"syncreadwrite\" \/>\n\t<meta name=\"twitter:label2\" content=\"Estimeret l\u00e6setid\" \/>\n\t<meta name=\"twitter:data2\" content=\"2 minutter\" \/>\n<script type=\"application\/ld+json\" class=\"yoast-schema-graph\">{\"@context\":\"https:\/\/schema.org\",\"@graph\":[{\"@type\":\"Article\",\"@id\":\"https:\/\/www.sts-education.com\/dk\/high-school\/beretninger-fra-eleverne\/elevhistorier\/tamara-studerede-i-udlandet-i-tyskland\/#article\",\"isPartOf\":{\"@id\":\"https:\/\/www.sts-education.com\/dk\/high-school\/beretninger-fra-eleverne\/elevhistorier\/tamara-studerede-i-udlandet-i-tyskland\/\"},\"author\":{\"name\":\"syncreadwrite\",\"@id\":\"https:\/\/www.sts-education.com\/dk\/#\/schema\/person\/8b82f3a2e45f020b8f296d7a85d9a97c\"},\"headline\":\"Tamara Studerede I Udlandet I Tyskland\",\"datePublished\":\"2025-08-04T11:00:00+00:00\",\"dateModified\":\"2026-04-29T07:29:39+00:00\",\"mainEntityOfPage\":{\"@id\":\"https:\/\/www.sts-education.com\/dk\/high-school\/beretninger-fra-eleverne\/elevhistorier\/tamara-studerede-i-udlandet-i-tyskland\/\"},\"wordCount\":368,\"commentCount\":0,\"image\":{\"@id\":\"https:\/\/www.sts-education.com\/dk\/high-school\/beretninger-fra-eleverne\/elevhistorier\/tamara-studerede-i-udlandet-i-tyskland\/#primaryimage\"},\"thumbnailUrl\":\"https:\/\/powered-by.qbank.se\/educatius\/sts\/\/3e1f0c948d7559c0884b1c664382618b_1-1-thumb.webp\",\"keywords\":[\"Tyskland\"],\"articleSection\":[\"Uncategorized @da\"],\"inLanguage\":\"da-DK\",\"potentialAction\":[{\"@type\":\"CommentAction\",\"name\":\"Comment\",\"target\":[\"https:\/\/www.sts-education.com\/dk\/high-school\/beretninger-fra-eleverne\/elevhistorier\/tamara-studerede-i-udlandet-i-tyskland\/#respond\"]}]},{\"@type\":\"WebPage\",\"@id\":\"https:\/\/www.sts-education.com\/dk\/high-school\/beretninger-fra-eleverne\/elevhistorier\/tamara-studerede-i-udlandet-i-tyskland\/\",\"url\":\"https:\/\/www.sts-education.com\/dk\/high-school\/beretninger-fra-eleverne\/elevhistorier\/tamara-studerede-i-udlandet-i-tyskland\/\",\"name\":\"Tamara studerede i udlandet i Tyskland\",\"isPartOf\":{\"@id\":\"https:\/\/www.sts-education.com\/dk\/#website\"},\"primaryImageOfPage\":{\"@id\":\"https:\/\/www.sts-education.com\/dk\/high-school\/beretninger-fra-eleverne\/elevhistorier\/tamara-studerede-i-udlandet-i-tyskland\/#primaryimage\"},\"image\":{\"@id\":\"https:\/\/www.sts-education.com\/dk\/high-school\/beretninger-fra-eleverne\/elevhistorier\/tamara-studerede-i-udlandet-i-tyskland\/#primaryimage\"},\"thumbnailUrl\":\"https:\/\/powered-by.qbank.se\/educatius\/sts\/\/3e1f0c948d7559c0884b1c664382618b_1-1-thumb.webp\",\"datePublished\":\"2025-08-04T11:00:00+00:00\",\"dateModified\":\"2026-04-29T07:29:39+00:00\",\"author\":{\"@id\":\"https:\/\/www.sts-education.com\/dk\/#\/schema\/person\/8b82f3a2e45f020b8f296d7a85d9a97c\"},\"description\":\"Dette \u00e5r har givet mig s\u00e5 meget mere, end jeg nogensinde kunne have forestillet mig. Jeg har l\u00e6rt meget om verden og om mig selv.\",\"breadcrumb\":{\"@id\":\"https:\/\/www.sts-education.com\/dk\/high-school\/beretninger-fra-eleverne\/elevhistorier\/tamara-studerede-i-udlandet-i-tyskland\/#breadcrumb\"},\"inLanguage\":\"da-DK\",\"potentialAction\":[{\"@type\":\"ReadAction\",\"target\":[\"https:\/\/www.sts-education.com\/dk\/high-school\/beretninger-fra-eleverne\/elevhistorier\/tamara-studerede-i-udlandet-i-tyskland\/\"]}]},{\"@type\":\"ImageObject\",\"inLanguage\":\"da-DK\",\"@id\":\"https:\/\/www.sts-education.com\/dk\/high-school\/beretninger-fra-eleverne\/elevhistorier\/tamara-studerede-i-udlandet-i-tyskland\/#primaryimage\",\"url\":\"https:\/\/powered-by.qbank.se\/educatius\/sts\/\/3e1f0c948d7559c0884b1c664382618b_1-1-thumb.webp\",\"contentUrl\":\"https:\/\/powered-by.qbank.se\/educatius\/sts\/\/3e1f0c948d7559c0884b1c664382618b_1-1-thumb.webp\",\"width\":150,\"height\":150},{\"@type\":\"BreadcrumbList\",\"@id\":\"https:\/\/www.sts-education.com\/dk\/high-school\/beretninger-fra-eleverne\/elevhistorier\/tamara-studerede-i-udlandet-i-tyskland\/#breadcrumb\",\"itemListElement\":[{\"@type\":\"ListItem\",\"position\":1,\"name\":\"Home\",\"item\":\"https:\/\/www.sts-education.com\/dk\/sample-page\/\"},{\"@type\":\"ListItem\",\"position\":2,\"name\":\"Tamara Studerede I Udlandet I Tyskland\"}]},{\"@type\":\"WebSite\",\"@id\":\"https:\/\/www.sts-education.com\/dk\/#website\",\"url\":\"https:\/\/www.sts-education.com\/dk\/\",\"name\":\"STS Education\",\"description\":\"\",\"potentialAction\":[{\"@type\":\"SearchAction\",\"target\":{\"@type\":\"EntryPoint\",\"urlTemplate\":\"https:\/\/www.sts-education.com\/dk\/?s={search_term_string}\"},\"query-input\":{\"@type\":\"PropertyValueSpecification\",\"valueRequired\":true,\"valueName\":\"search_term_string\"}}],\"inLanguage\":\"da-DK\"},{\"@type\":\"Person\",\"@id\":\"https:\/\/www.sts-education.com\/dk\/#\/schema\/person\/8b82f3a2e45f020b8f296d7a85d9a97c\",\"name\":\"syncreadwrite\",\"image\":{\"@type\":\"ImageObject\",\"inLanguage\":\"da-DK\",\"@id\":\"https:\/\/secure.gravatar.com\/avatar\/6ed1007e4f6f43f22e3df41d9fce4365533cba47fef64bb359b8e629abbc2ea6?s=96&d=mm&r=g\",\"url\":\"https:\/\/secure.gravatar.com\/avatar\/6ed1007e4f6f43f22e3df41d9fce4365533cba47fef64bb359b8e629abbc2ea6?s=96&d=mm&r=g\",\"contentUrl\":\"https:\/\/secure.gravatar.com\/avatar\/6ed1007e4f6f43f22e3df41d9fce4365533cba47fef64bb359b8e629abbc2ea6?s=96&d=mm&r=g\",\"caption\":\"syncreadwrite\"},\"url\":\"https:\/\/www.sts-education.com\/dk\/author\/syncreadwrite\/\"}]}<\/script>\n<!-- \/ Yoast SEO Premium plugin. -->","yoast_head_json":{"title":"Tamara studerede i udlandet i Tyskland","description":"Dette \u00e5r har givet mig s\u00e5 meget mere, end jeg nogensinde kunne have forestillet mig. Jeg har l\u00e6rt meget om verden og om mig selv.","robots":{"index":"index","follow":"follow","max-snippet":"max-snippet:-1","max-image-preview":"max-image-preview:large","max-video-preview":"max-video-preview:-1"},"canonical":"https:\/\/www.sts-education.com\/dk\/high-school\/beretninger-fra-eleverne\/elevhistorier\/tamara-studerede-i-udlandet-i-tyskland\/","og_locale":"da_DK","og_type":"article","og_title":"Tamara Studerede I Udlandet I Tyskland","og_description":"Dette \u00e5r har givet mig s\u00e5 meget mere, end jeg nogensinde kunne have forestillet mig. Jeg har l\u00e6rt meget om verden og om mig selv.","og_url":"https:\/\/www.sts-education.com\/dk\/high-school\/beretninger-fra-eleverne\/elevhistorier\/tamara-studerede-i-udlandet-i-tyskland\/","og_site_name":"STS Education","article_published_time":"2025-08-04T11:00:00+00:00","article_modified_time":"2026-04-29T07:29:39+00:00","og_image":[{"width":150,"height":150,"url":"https:\/\/powered-by.qbank.se\/educatius\/sts\/\/3e1f0c948d7559c0884b1c664382618b_1-1-thumb.webp","type":"image\/png"}],"author":"syncreadwrite","twitter_card":"summary_large_image","twitter_misc":{"Skrevet af":"syncreadwrite","Estimeret l\u00e6setid":"2 minutter"},"schema":{"@context":"https:\/\/schema.org","@graph":[{"@type":"Article","@id":"https:\/\/www.sts-education.com\/dk\/high-school\/beretninger-fra-eleverne\/elevhistorier\/tamara-studerede-i-udlandet-i-tyskland\/#article","isPartOf":{"@id":"https:\/\/www.sts-education.com\/dk\/high-school\/beretninger-fra-eleverne\/elevhistorier\/tamara-studerede-i-udlandet-i-tyskland\/"},"author":{"name":"syncreadwrite","@id":"https:\/\/www.sts-education.com\/dk\/#\/schema\/person\/8b82f3a2e45f020b8f296d7a85d9a97c"},"headline":"Tamara Studerede I Udlandet I Tyskland","datePublished":"2025-08-04T11:00:00+00:00","dateModified":"2026-04-29T07:29:39+00:00","mainEntityOfPage":{"@id":"https:\/\/www.sts-education.com\/dk\/high-school\/beretninger-fra-eleverne\/elevhistorier\/tamara-studerede-i-udlandet-i-tyskland\/"},"wordCount":368,"commentCount":0,"image":{"@id":"https:\/\/www.sts-education.com\/dk\/high-school\/beretninger-fra-eleverne\/elevhistorier\/tamara-studerede-i-udlandet-i-tyskland\/#primaryimage"},"thumbnailUrl":"https:\/\/powered-by.qbank.se\/educatius\/sts\/\/3e1f0c948d7559c0884b1c664382618b_1-1-thumb.webp","keywords":["Tyskland"],"articleSection":["Uncategorized @da"],"inLanguage":"da-DK","potentialAction":[{"@type":"CommentAction","name":"Comment","target":["https:\/\/www.sts-education.com\/dk\/high-school\/beretninger-fra-eleverne\/elevhistorier\/tamara-studerede-i-udlandet-i-tyskland\/#respond"]}]},{"@type":"WebPage","@id":"https:\/\/www.sts-education.com\/dk\/high-school\/beretninger-fra-eleverne\/elevhistorier\/tamara-studerede-i-udlandet-i-tyskland\/","url":"https:\/\/www.sts-education.com\/dk\/high-school\/beretninger-fra-eleverne\/elevhistorier\/tamara-studerede-i-udlandet-i-tyskland\/","name":"Tamara studerede i udlandet i Tyskland","isPartOf":{"@id":"https:\/\/www.sts-education.com\/dk\/#website"},"primaryImageOfPage":{"@id":"https:\/\/www.sts-education.com\/dk\/high-school\/beretninger-fra-eleverne\/elevhistorier\/tamara-studerede-i-udlandet-i-tyskland\/#primaryimage"},"image":{"@id":"https:\/\/www.sts-education.com\/dk\/high-school\/beretninger-fra-eleverne\/elevhistorier\/tamara-studerede-i-udlandet-i-tyskland\/#primaryimage"},"thumbnailUrl":"https:\/\/powered-by.qbank.se\/educatius\/sts\/\/3e1f0c948d7559c0884b1c664382618b_1-1-thumb.webp","datePublished":"2025-08-04T11:00:00+00:00","dateModified":"2026-04-29T07:29:39+00:00","author":{"@id":"https:\/\/www.sts-education.com\/dk\/#\/schema\/person\/8b82f3a2e45f020b8f296d7a85d9a97c"},"description":"Dette \u00e5r har givet mig s\u00e5 meget mere, end jeg nogensinde kunne have forestillet mig. Jeg har l\u00e6rt meget om verden og om mig selv.","breadcrumb":{"@id":"https:\/\/www.sts-education.com\/dk\/high-school\/beretninger-fra-eleverne\/elevhistorier\/tamara-studerede-i-udlandet-i-tyskland\/#breadcrumb"},"inLanguage":"da-DK","potentialAction":[{"@type":"ReadAction","target":["https:\/\/www.sts-education.com\/dk\/high-school\/beretninger-fra-eleverne\/elevhistorier\/tamara-studerede-i-udlandet-i-tyskland\/"]}]},{"@type":"ImageObject","inLanguage":"da-DK","@id":"https:\/\/www.sts-education.com\/dk\/high-school\/beretninger-fra-eleverne\/elevhistorier\/tamara-studerede-i-udlandet-i-tyskland\/#primaryimage","url":"https:\/\/powered-by.qbank.se\/educatius\/sts\/\/3e1f0c948d7559c0884b1c664382618b_1-1-thumb.webp","contentUrl":"https:\/\/powered-by.qbank.se\/educatius\/sts\/\/3e1f0c948d7559c0884b1c664382618b_1-1-thumb.webp","width":150,"height":150},{"@type":"BreadcrumbList","@id":"https:\/\/www.sts-education.com\/dk\/high-school\/beretninger-fra-eleverne\/elevhistorier\/tamara-studerede-i-udlandet-i-tyskland\/#breadcrumb","itemListElement":[{"@type":"ListItem","position":1,"name":"Home","item":"https:\/\/www.sts-education.com\/dk\/sample-page\/"},{"@type":"ListItem","position":2,"name":"Tamara Studerede I Udlandet I Tyskland"}]},{"@type":"WebSite","@id":"https:\/\/www.sts-education.com\/dk\/#website","url":"https:\/\/www.sts-education.com\/dk\/","name":"STS Education","description":"","potentialAction":[{"@type":"SearchAction","target":{"@type":"EntryPoint","urlTemplate":"https:\/\/www.sts-education.com\/dk\/?s={search_term_string}"},"query-input":{"@type":"PropertyValueSpecification","valueRequired":true,"valueName":"search_term_string"}}],"inLanguage":"da-DK"},{"@type":"Person","@id":"https:\/\/www.sts-education.com\/dk\/#\/schema\/person\/8b82f3a2e45f020b8f296d7a85d9a97c","name":"syncreadwrite","image":{"@type":"ImageObject","inLanguage":"da-DK","@id":"https:\/\/secure.gravatar.com\/avatar\/6ed1007e4f6f43f22e3df41d9fce4365533cba47fef64bb359b8e629abbc2ea6?s=96&d=mm&r=g","url":"https:\/\/secure.gravatar.com\/avatar\/6ed1007e4f6f43f22e3df41d9fce4365533cba47fef64bb359b8e629abbc2ea6?s=96&d=mm&r=g","contentUrl":"https:\/\/secure.gravatar.com\/avatar\/6ed1007e4f6f43f22e3df41d9fce4365533cba47fef64bb359b8e629abbc2ea6?s=96&d=mm&r=g","caption":"syncreadwrite"},"url":"https:\/\/www.sts-education.com\/dk\/author\/syncreadwrite\/"}]}},"_links":{"self":[{"href":"https:\/\/www.sts-education.com\/dk\/wp-json\/wp\/v2\/posts\/11408","targetHints":{"allow":["GET"]}}],"collection":[{"href":"https:\/\/www.sts-education.com\/dk\/wp-json\/wp\/v2\/posts"}],"about":[{"href":"https:\/\/www.sts-education.com\/dk\/wp-json\/wp\/v2\/types\/post"}],"author":[{"embeddable":true,"href":"https:\/\/www.sts-education.com\/dk\/wp-json\/wp\/v2\/users\/20"}],"replies":[{"embeddable":true,"href":"https:\/\/www.sts-education.com\/dk\/wp-json\/wp\/v2\/comments?post=11408"}],"version-history":[{"count":7,"href":"https:\/\/www.sts-education.com\/dk\/wp-json\/wp\/v2\/posts\/11408\/revisions"}],"predecessor-version":[{"id":43083,"href":"https:\/\/www.sts-education.com\/dk\/wp-json\/wp\/v2\/posts\/11408\/revisions\/43083"}],"wp:featuredmedia":[{"embeddable":true,"href":"https:\/\/www.sts-education.com\/dk\/wp-json\/wp\/v2\/media\/40406"}],"wp:attachment":[{"href":"https:\/\/www.sts-education.com\/dk\/wp-json\/wp\/v2\/media?parent=11408"}],"wp:term":[{"taxonomy":"category","embeddable":true,"href":"https:\/\/www.sts-education.com\/dk\/wp-json\/wp\/v2\/categories?post=11408"},{"taxonomy":"post_tag","embeddable":true,"href":"https:\/\/www.sts-education.com\/dk\/wp-json\/wp\/v2\/tags?post=11408"},{"taxonomy":"wpw_post_folders","embeddable":true,"href":"https:\/\/www.sts-education.com\/dk\/wp-json\/wp\/v2\/wpw_post_folders?post=11408"}],"curies":[{"name":"wp","href":"https:\/\/api.w.org\/{rel}","templated":true}]}}