{"id":11413,"date":"2025-06-04T10:00:00","date_gmt":"2025-06-04T08:00:00","guid":{"rendered":"https:\/\/preprod.sts-education.com\/blog\/2026\/03\/05\/leonhard-studerede-i-udlandet-i-canada\/"},"modified":"2026-04-29T09:36:41","modified_gmt":"2026-04-29T07:36:41","slug":"leonhard-studerede-i-udlandet-i-canada","status":"publish","type":"post","link":"https:\/\/www.sts-education.com\/dk\/high-school\/beretninger-fra-eleverne\/elevhistorier\/leonhard-studerede-i-udlandet-i-canada\/","title":{"rendered":"Leonhard Studerede I Udlandet I Canada"},"content":{"rendered":"\n<div class=\"wp-block-sts-text sts-text-editor has-max-width-md\"><div class=\"sts-text-editor__content\"><div class=\"sts-text-editor__content-inner\">\n<h1 style=\"text-align:center\">Leonhard studerede i udlandet i Canada<\/h1>\n<\/div><\/div><\/div>\n\n\n\n<figure class=\"wp-block-sts-image sts-block-image sts-block-image--count-1 has-max-width-lg\" data-count=\"1\"><div class=\"sts-block-image__grid\"><div class=\"sts-block-image__item\"><picture class=\"sts-responsive-image has-fit-cover has-pos-top is-skeleton\"><source media=\"(max-width: 834.98px)\" srcset=\"https:\/\/powered-by.qbank.se\/educatius\/sts\/984852334d07789b395be2f7122d7019_1-1-thumb.webp 150w, https:\/\/powered-by.qbank.se\/educatius\/sts\/984852334d07789b395be2f7122d7019_1-1-xsmall.webp 500w, https:\/\/powered-by.qbank.se\/educatius\/sts\/984852334d07789b395be2f7122d7019_1-1-small.webp 800w, https:\/\/powered-by.qbank.se\/educatius\/sts\/984852334d07789b395be2f7122d7019_1-1-medium.webp 1024w, https:\/\/powered-by.qbank.se\/educatius\/sts\/984852334d07789b395be2f7122d7019_1-1-large.webp 1536w\" sizes=\"(max-width: 768px) 100vw, (max-width: 1200px) 100vw, 1200px\" type=\"image\/webp\"\/><source media=\"(min-width: 835px)\" srcset=\"https:\/\/powered-by.qbank.se\/educatius\/sts\/984852334d07789b395be2f7122d7019_16-9-small.webp 800w, https:\/\/powered-by.qbank.se\/educatius\/sts\/984852334d07789b395be2f7122d7019_16-9-medium.webp 1024w, https:\/\/powered-by.qbank.se\/educatius\/sts\/984852334d07789b395be2f7122d7019_16-9-large.webp 1536w\" sizes=\"(max-width: 768px) 100vw, (max-width: 1200px) 100vw, 1200px\" type=\"image\/webp\"\/><img src=\"https:\/\/powered-by.qbank.se\/educatius\/sts\/984852334d07789b395be2f7122d7019_1-1-thumb.webp\" alt=\"Leonhard studerede i udlandet i Canada\" loading=\"lazy\" decoding=\"async\" fetchpriority=\"low\" style=\"object-position:top\"\/><\/picture><\/div><\/div><\/figure>\n\n\n\n<div class=\"wp-block-sts-text sts-text-editor has-max-width-md\"><div class=\"sts-text-editor__content\"><div class=\"sts-text-editor__content-inner\">\n<p><em>Leonhard fra Wien i \u00d8strig tilbragte sit udvekslingsophold p\u00e5 Vancouver Island i Canada.<\/em><\/p>\n<\/div><\/div><\/div>\n\n\n\n<div class=\"wp-block-sts-text sts-text-editor has-max-width-md\"><div class=\"sts-text-editor__content\"><div class=\"sts-text-editor__content-inner\">\n<h2>Hvorfor Vancouver Island i Canada?<\/h2>\n<p>Fordi jeg elsker at dyrke sport og udforske naturen, og Vancouver Island er et absolut paradis for naturelskere og folk, der bare vil ud i vildmarken. Jeg boede i Qualicum Beach, en lille by p\u00e5 \u00f8stkysten af Vancouver Island. Det var en k\u00e6mpe forskel i forhold til min hjemby Wien, men jeg blev hurtigt forelsket i de smukke landskaber og naturen.<\/p>\n<h2>Hvordan var skolen?<\/h2>\n<p>Jeg havde mulighed for at deltage i et s\u00e6rligt program kaldet ROAMS (River, Ocean and Mountain School). S\u00e5 vi brugte ikke meget tid i klassev\u00e6relset p\u00e5 normale fag som matematik, engelsk eller biologi. Mens mine andre kolleger sad i klassen, besteg vi bjerge, sejlede i kajak eller kano p\u00e5 afsidesliggende s\u00f8er og klatrede i bjerge. Men det handlede ikke kun om aktiviteterne, vi l\u00e6rte ogs\u00e5 en masse om den verden, vi lever i, og hvordan vi kan bevare dens sk\u00f8nhed for kommende generationer.<\/p>\n<h2>Hvad lavede du i din fritid?<\/h2>\n<p>Jeg tilbragte meget tid i naturen p\u00e5 vandreture, lavede en masse mad og m\u00f8dtes med venner i indk\u00f8bscentret eller i byen. Det er vigtigt at bem\u00e6rke, at offentlig transport i mange omr\u00e5der ikke er sammenlignelig med det europ\u00e6iske niveau, s\u00e5 det var nogle gange lidt sv\u00e6rt at komme rundt p\u00e5 egen h\u00e5nd.<\/p>\n<h2>Hvordan var det at bo hos min v\u00e6rtsfamilie?<\/h2>\n<p>Jeg var heldig at f\u00e5 en meget s\u00f8d og venlig familie, de var slet ikke strenge, s\u00e5 jeg havde meget frihed. Det eneste problem var, at de nogle gange var lidt uorganiserede, men jeg havde mit eget v\u00e6relse, hvor jeg kunne holde orden.<\/p>\n<h2>Hvad er dit bedste minde?<\/h2>\n<p>At surfe i Tofino var en af de fedeste ting, jeg har gjort. Vi boede tre dage p\u00e5 en campingplads lige ved stranden. Det f\u00f8ltes n\u00e6sten som at v\u00e6re p\u00e5 Hawaii, bare lidt koldere. Surfing er en fantastisk sport, og jeg vil rigtig gerne pr\u00f8ve det igen, n\u00e5r jeg kommer tilbage til Europa.<\/p>\n<h2>Kan du anbefale et udvekslings\u00e5r i Canada?<\/h2>\n<p>Ja, absolut. Canada er fuld af dejlige mennesker og smuk natur. Jeg oplevede s\u00e5 mange forskellige ting, der fik mig til at vokse som person. Man skal bare v\u00e6re opm\u00e6rksom p\u00e5, at Vancouver Island er meget forskellig fra de store byer i Europa, s\u00e5 nogle gange sker der ikke s\u00e5 meget i de sm\u00e5 byer.<\/p>\n<h2>Hvad l\u00e6rte du p\u00e5 dit udvekslings\u00e5r?<\/h2>\n<p>Jeg l\u00e6rte s\u00e5 mange vigtige ting. Den mest v\u00e6rdifulde f\u00e6rdighed, jeg l\u00e6rte, er at v\u00e6re meget mere uafh\u00e6ngig. Jeg lavede min egen morgenmad og frokost, vasket mit t\u00f8j og skulle organisere alle mine aktiviteter helt selv. Vores l\u00e6rer l\u00e6rte os ogs\u00e5 seje ting som at lave bj\u00f8rnehuller, selvredning, hvis man v\u00e6lter sin kajak\/kano, og hvilke planter man kan spise i naturen.<\/p>\n<h2>Mit bedste r\u00e5d?<\/h2>\n<p>V\u00e6r klar over, at du har mulighed for at opleve s\u00e5 mange fantastiske ting i din fritid p\u00e5 dit udvekslings\u00e5r. Du f\u00e5r sandsynligvis aldrig mere tid i dit liv, s\u00e5 pr\u00f8v ikke bare at sidde p\u00e5 dit v\u00e6relse hos din v\u00e6rtsfamilie!<\/p>\n<h2>Hvorfor valgte du STS?<\/h2>\n<p>Jeg valgte STS som mit bureau, fordi mine for\u00e6ldre var imponerede over, hvordan de h\u00e5ndterede min s\u00f8sters udveksling, ogs\u00e5 p\u00e5 Vancouver Island. S\u00e5 det var kun naturligt, at jeg ogs\u00e5 valgte STS. Vi vidste kun, at jeg kunne deltage i mit specielle program, fordi STS anbefalede det til mig ud fra mine interesser. Derudover er kommunikationen altid klar og direkte, og STS tager sig virkelig godt af organisationen, hvad enten det drejer sig om flyrejsen, forsikringen eller udv\u00e6lgelsen af v\u00e6rtsfamilien.<\/p>\n<h2>Hvordan vil dit udvekslings\u00e5r p\u00e5virke din fremtid?<\/h2>\n<p>Jeg har virkelig l\u00e6rt at v\u00e6rds\u00e6tte den smukke jord, vi lever p\u00e5, og at vi er n\u00f8dt til at beskytte den, ellers vil den fantastiske natur, jeg har oplevet, langsomt br\u00e6nde ned. S\u00e5 min holdning til alt, hvad vi g\u00f8r, har \u00e6ndret sig fuldst\u00e6ndigt, og jeg har virkelig l\u00e6rt at respektere vores jord meget mere.<\/p>\n<h2>Find ud af mere!<\/h2>\n<ul><li>L\u00e6s flere <a href=\"https:\/\/www.sts-education.com\/dk\/high-school\/beretninger-fra-eleverne\/elevhistorier\/?hashtag=Canada\">elevhistorier fra Canada<\/a><\/li>\n<li>L\u00e6s mere om <a href=\"https:\/\/www.sts-education.com\/dk\/high-school\/programlande\/nordamerika\/canada\/\">high school-udveksling i Canada<\/a><\/li>\n<li>Se alle vores <a href=\"\/dk\/high-school\/tripfinder\/\">destinationer for high school-udveksling<\/a><\/li><\/ul>\n<\/div><\/div><\/div>\n","protected":false},"excerpt":{"rendered":"","protected":false},"author":20,"featured_media":40456,"comment_status":"open","ping_status":"open","sticky":false,"template":"","format":"standard","meta":{"_acf_changed":false,"_yoast_wpseo_title":"Leonhard studerede i udlandet i Canada","_yoast_wpseo_metadesc":"Den mest v\u00e6rdifulde f\u00e6rdighed, jeg l\u00e6rte, er at v\u00e6re meget mere uafh\u00e6ngig. Jeg lavede min egen morgenmad og frokost, vasket mit t\u00f8j og skulle organisere alle mine aktiviteter helt selv.","footnotes":""},"categories":[305],"tags":[880],"wpw_post_folders":[],"class_list":["post-11413","post","type-post","status-publish","format-standard","has-post-thumbnail","hentry","category-uncategorized-da","tag-canada"],"acf":[],"yoast_head":"<!-- This site is optimized with the Yoast SEO Premium plugin v27.2 (Yoast SEO v27.2) - https:\/\/yoast.com\/product\/yoast-seo-premium-wordpress\/ -->\n<title>Leonhard studerede i udlandet i Canada<\/title>\n<meta name=\"description\" content=\"Den mest v\u00e6rdifulde f\u00e6rdighed, jeg l\u00e6rte, er at v\u00e6re meget mere uafh\u00e6ngig. Jeg lavede min egen morgenmad og frokost, vasket mit t\u00f8j og skulle organisere alle mine aktiviteter helt selv.\" \/>\n<meta name=\"robots\" content=\"index, follow, max-snippet:-1, max-image-preview:large, max-video-preview:-1\" \/>\n<link rel=\"canonical\" href=\"https:\/\/www.sts-education.com\/dk\/high-school\/beretninger-fra-eleverne\/elevhistorier\/leonhard-studerede-i-udlandet-i-canada\/\" \/>\n<meta property=\"og:locale\" content=\"da_DK\" \/>\n<meta property=\"og:type\" content=\"article\" \/>\n<meta property=\"og:title\" content=\"Leonhard Studerede I Udlandet I Canada\" \/>\n<meta property=\"og:description\" content=\"Den mest v\u00e6rdifulde f\u00e6rdighed, jeg l\u00e6rte, er at v\u00e6re meget mere uafh\u00e6ngig. Jeg lavede min egen morgenmad og frokost, vasket mit t\u00f8j og skulle organisere alle mine aktiviteter helt selv.\" \/>\n<meta property=\"og:url\" content=\"https:\/\/www.sts-education.com\/dk\/high-school\/beretninger-fra-eleverne\/elevhistorier\/leonhard-studerede-i-udlandet-i-canada\/\" \/>\n<meta property=\"og:site_name\" content=\"STS Education\" \/>\n<meta property=\"article:published_time\" content=\"2025-06-04T08:00:00+00:00\" \/>\n<meta property=\"article:modified_time\" content=\"2026-04-29T07:36:41+00:00\" \/>\n<meta property=\"og:image\" content=\"https:\/\/powered-by.qbank.se\/educatius\/sts\/\/984852334d07789b395be2f7122d7019_1-1-thumb.webp\" \/>\n\t<meta property=\"og:image:width\" content=\"150\" \/>\n\t<meta property=\"og:image:height\" content=\"150\" \/>\n\t<meta property=\"og:image:type\" content=\"image\/png\" \/>\n<meta name=\"author\" content=\"syncreadwrite\" \/>\n<meta name=\"twitter:card\" content=\"summary_large_image\" \/>\n<meta name=\"twitter:label1\" content=\"Skrevet af\" \/>\n\t<meta name=\"twitter:data1\" content=\"syncreadwrite\" \/>\n\t<meta name=\"twitter:label2\" content=\"Estimeret l\u00e6setid\" \/>\n\t<meta name=\"twitter:data2\" content=\"4 minutter\" \/>\n<script type=\"application\/ld+json\" class=\"yoast-schema-graph\">{\"@context\":\"https:\/\/schema.org\",\"@graph\":[{\"@type\":\"Article\",\"@id\":\"https:\/\/www.sts-education.com\/dk\/high-school\/beretninger-fra-eleverne\/elevhistorier\/leonhard-studerede-i-udlandet-i-canada\/#article\",\"isPartOf\":{\"@id\":\"https:\/\/www.sts-education.com\/dk\/high-school\/beretninger-fra-eleverne\/elevhistorier\/leonhard-studerede-i-udlandet-i-canada\/\"},\"author\":{\"name\":\"syncreadwrite\",\"@id\":\"https:\/\/www.sts-education.com\/dk\/#\/schema\/person\/8b82f3a2e45f020b8f296d7a85d9a97c\"},\"headline\":\"Leonhard Studerede I Udlandet I Canada\",\"datePublished\":\"2025-06-04T08:00:00+00:00\",\"dateModified\":\"2026-04-29T07:36:41+00:00\",\"mainEntityOfPage\":{\"@id\":\"https:\/\/www.sts-education.com\/dk\/high-school\/beretninger-fra-eleverne\/elevhistorier\/leonhard-studerede-i-udlandet-i-canada\/\"},\"wordCount\":748,\"commentCount\":0,\"image\":{\"@id\":\"https:\/\/www.sts-education.com\/dk\/high-school\/beretninger-fra-eleverne\/elevhistorier\/leonhard-studerede-i-udlandet-i-canada\/#primaryimage\"},\"thumbnailUrl\":\"https:\/\/powered-by.qbank.se\/educatius\/sts\/\/984852334d07789b395be2f7122d7019_1-1-thumb.webp\",\"keywords\":[\"Canada\"],\"articleSection\":[\"Uncategorized @da\"],\"inLanguage\":\"da-DK\",\"potentialAction\":[{\"@type\":\"CommentAction\",\"name\":\"Comment\",\"target\":[\"https:\/\/www.sts-education.com\/dk\/high-school\/beretninger-fra-eleverne\/elevhistorier\/leonhard-studerede-i-udlandet-i-canada\/#respond\"]}]},{\"@type\":\"WebPage\",\"@id\":\"https:\/\/www.sts-education.com\/dk\/high-school\/beretninger-fra-eleverne\/elevhistorier\/leonhard-studerede-i-udlandet-i-canada\/\",\"url\":\"https:\/\/www.sts-education.com\/dk\/high-school\/beretninger-fra-eleverne\/elevhistorier\/leonhard-studerede-i-udlandet-i-canada\/\",\"name\":\"Leonhard studerede i udlandet i Canada\",\"isPartOf\":{\"@id\":\"https:\/\/www.sts-education.com\/dk\/#website\"},\"primaryImageOfPage\":{\"@id\":\"https:\/\/www.sts-education.com\/dk\/high-school\/beretninger-fra-eleverne\/elevhistorier\/leonhard-studerede-i-udlandet-i-canada\/#primaryimage\"},\"image\":{\"@id\":\"https:\/\/www.sts-education.com\/dk\/high-school\/beretninger-fra-eleverne\/elevhistorier\/leonhard-studerede-i-udlandet-i-canada\/#primaryimage\"},\"thumbnailUrl\":\"https:\/\/powered-by.qbank.se\/educatius\/sts\/\/984852334d07789b395be2f7122d7019_1-1-thumb.webp\",\"datePublished\":\"2025-06-04T08:00:00+00:00\",\"dateModified\":\"2026-04-29T07:36:41+00:00\",\"author\":{\"@id\":\"https:\/\/www.sts-education.com\/dk\/#\/schema\/person\/8b82f3a2e45f020b8f296d7a85d9a97c\"},\"description\":\"Den mest v\u00e6rdifulde f\u00e6rdighed, jeg l\u00e6rte, er at v\u00e6re meget mere uafh\u00e6ngig. Jeg lavede min egen morgenmad og frokost, vasket mit t\u00f8j og skulle organisere alle mine aktiviteter helt selv.\",\"breadcrumb\":{\"@id\":\"https:\/\/www.sts-education.com\/dk\/high-school\/beretninger-fra-eleverne\/elevhistorier\/leonhard-studerede-i-udlandet-i-canada\/#breadcrumb\"},\"inLanguage\":\"da-DK\",\"potentialAction\":[{\"@type\":\"ReadAction\",\"target\":[\"https:\/\/www.sts-education.com\/dk\/high-school\/beretninger-fra-eleverne\/elevhistorier\/leonhard-studerede-i-udlandet-i-canada\/\"]}]},{\"@type\":\"ImageObject\",\"inLanguage\":\"da-DK\",\"@id\":\"https:\/\/www.sts-education.com\/dk\/high-school\/beretninger-fra-eleverne\/elevhistorier\/leonhard-studerede-i-udlandet-i-canada\/#primaryimage\",\"url\":\"https:\/\/powered-by.qbank.se\/educatius\/sts\/\/984852334d07789b395be2f7122d7019_1-1-thumb.webp\",\"contentUrl\":\"https:\/\/powered-by.qbank.se\/educatius\/sts\/\/984852334d07789b395be2f7122d7019_1-1-thumb.webp\",\"width\":150,\"height\":150},{\"@type\":\"BreadcrumbList\",\"@id\":\"https:\/\/www.sts-education.com\/dk\/high-school\/beretninger-fra-eleverne\/elevhistorier\/leonhard-studerede-i-udlandet-i-canada\/#breadcrumb\",\"itemListElement\":[{\"@type\":\"ListItem\",\"position\":1,\"name\":\"Home\",\"item\":\"https:\/\/www.sts-education.com\/dk\/sample-page\/\"},{\"@type\":\"ListItem\",\"position\":2,\"name\":\"Leonhard Studerede I Udlandet I Canada\"}]},{\"@type\":\"WebSite\",\"@id\":\"https:\/\/www.sts-education.com\/dk\/#website\",\"url\":\"https:\/\/www.sts-education.com\/dk\/\",\"name\":\"STS Education\",\"description\":\"\",\"potentialAction\":[{\"@type\":\"SearchAction\",\"target\":{\"@type\":\"EntryPoint\",\"urlTemplate\":\"https:\/\/www.sts-education.com\/dk\/?s={search_term_string}\"},\"query-input\":{\"@type\":\"PropertyValueSpecification\",\"valueRequired\":true,\"valueName\":\"search_term_string\"}}],\"inLanguage\":\"da-DK\"},{\"@type\":\"Person\",\"@id\":\"https:\/\/www.sts-education.com\/dk\/#\/schema\/person\/8b82f3a2e45f020b8f296d7a85d9a97c\",\"name\":\"syncreadwrite\",\"image\":{\"@type\":\"ImageObject\",\"inLanguage\":\"da-DK\",\"@id\":\"https:\/\/secure.gravatar.com\/avatar\/6ed1007e4f6f43f22e3df41d9fce4365533cba47fef64bb359b8e629abbc2ea6?s=96&d=mm&r=g\",\"url\":\"https:\/\/secure.gravatar.com\/avatar\/6ed1007e4f6f43f22e3df41d9fce4365533cba47fef64bb359b8e629abbc2ea6?s=96&d=mm&r=g\",\"contentUrl\":\"https:\/\/secure.gravatar.com\/avatar\/6ed1007e4f6f43f22e3df41d9fce4365533cba47fef64bb359b8e629abbc2ea6?s=96&d=mm&r=g\",\"caption\":\"syncreadwrite\"},\"url\":\"https:\/\/www.sts-education.com\/dk\/author\/syncreadwrite\/\"}]}<\/script>\n<!-- \/ Yoast SEO Premium plugin. -->","yoast_head_json":{"title":"Leonhard studerede i udlandet i Canada","description":"Den mest v\u00e6rdifulde f\u00e6rdighed, jeg l\u00e6rte, er at v\u00e6re meget mere uafh\u00e6ngig. Jeg lavede min egen morgenmad og frokost, vasket mit t\u00f8j og skulle organisere alle mine aktiviteter helt selv.","robots":{"index":"index","follow":"follow","max-snippet":"max-snippet:-1","max-image-preview":"max-image-preview:large","max-video-preview":"max-video-preview:-1"},"canonical":"https:\/\/www.sts-education.com\/dk\/high-school\/beretninger-fra-eleverne\/elevhistorier\/leonhard-studerede-i-udlandet-i-canada\/","og_locale":"da_DK","og_type":"article","og_title":"Leonhard Studerede I Udlandet I Canada","og_description":"Den mest v\u00e6rdifulde f\u00e6rdighed, jeg l\u00e6rte, er at v\u00e6re meget mere uafh\u00e6ngig. Jeg lavede min egen morgenmad og frokost, vasket mit t\u00f8j og skulle organisere alle mine aktiviteter helt selv.","og_url":"https:\/\/www.sts-education.com\/dk\/high-school\/beretninger-fra-eleverne\/elevhistorier\/leonhard-studerede-i-udlandet-i-canada\/","og_site_name":"STS Education","article_published_time":"2025-06-04T08:00:00+00:00","article_modified_time":"2026-04-29T07:36:41+00:00","og_image":[{"width":150,"height":150,"url":"https:\/\/powered-by.qbank.se\/educatius\/sts\/\/984852334d07789b395be2f7122d7019_1-1-thumb.webp","type":"image\/png"}],"author":"syncreadwrite","twitter_card":"summary_large_image","twitter_misc":{"Skrevet af":"syncreadwrite","Estimeret l\u00e6setid":"4 minutter"},"schema":{"@context":"https:\/\/schema.org","@graph":[{"@type":"Article","@id":"https:\/\/www.sts-education.com\/dk\/high-school\/beretninger-fra-eleverne\/elevhistorier\/leonhard-studerede-i-udlandet-i-canada\/#article","isPartOf":{"@id":"https:\/\/www.sts-education.com\/dk\/high-school\/beretninger-fra-eleverne\/elevhistorier\/leonhard-studerede-i-udlandet-i-canada\/"},"author":{"name":"syncreadwrite","@id":"https:\/\/www.sts-education.com\/dk\/#\/schema\/person\/8b82f3a2e45f020b8f296d7a85d9a97c"},"headline":"Leonhard Studerede I Udlandet I Canada","datePublished":"2025-06-04T08:00:00+00:00","dateModified":"2026-04-29T07:36:41+00:00","mainEntityOfPage":{"@id":"https:\/\/www.sts-education.com\/dk\/high-school\/beretninger-fra-eleverne\/elevhistorier\/leonhard-studerede-i-udlandet-i-canada\/"},"wordCount":748,"commentCount":0,"image":{"@id":"https:\/\/www.sts-education.com\/dk\/high-school\/beretninger-fra-eleverne\/elevhistorier\/leonhard-studerede-i-udlandet-i-canada\/#primaryimage"},"thumbnailUrl":"https:\/\/powered-by.qbank.se\/educatius\/sts\/\/984852334d07789b395be2f7122d7019_1-1-thumb.webp","keywords":["Canada"],"articleSection":["Uncategorized @da"],"inLanguage":"da-DK","potentialAction":[{"@type":"CommentAction","name":"Comment","target":["https:\/\/www.sts-education.com\/dk\/high-school\/beretninger-fra-eleverne\/elevhistorier\/leonhard-studerede-i-udlandet-i-canada\/#respond"]}]},{"@type":"WebPage","@id":"https:\/\/www.sts-education.com\/dk\/high-school\/beretninger-fra-eleverne\/elevhistorier\/leonhard-studerede-i-udlandet-i-canada\/","url":"https:\/\/www.sts-education.com\/dk\/high-school\/beretninger-fra-eleverne\/elevhistorier\/leonhard-studerede-i-udlandet-i-canada\/","name":"Leonhard studerede i udlandet i Canada","isPartOf":{"@id":"https:\/\/www.sts-education.com\/dk\/#website"},"primaryImageOfPage":{"@id":"https:\/\/www.sts-education.com\/dk\/high-school\/beretninger-fra-eleverne\/elevhistorier\/leonhard-studerede-i-udlandet-i-canada\/#primaryimage"},"image":{"@id":"https:\/\/www.sts-education.com\/dk\/high-school\/beretninger-fra-eleverne\/elevhistorier\/leonhard-studerede-i-udlandet-i-canada\/#primaryimage"},"thumbnailUrl":"https:\/\/powered-by.qbank.se\/educatius\/sts\/\/984852334d07789b395be2f7122d7019_1-1-thumb.webp","datePublished":"2025-06-04T08:00:00+00:00","dateModified":"2026-04-29T07:36:41+00:00","author":{"@id":"https:\/\/www.sts-education.com\/dk\/#\/schema\/person\/8b82f3a2e45f020b8f296d7a85d9a97c"},"description":"Den mest v\u00e6rdifulde f\u00e6rdighed, jeg l\u00e6rte, er at v\u00e6re meget mere uafh\u00e6ngig. Jeg lavede min egen morgenmad og frokost, vasket mit t\u00f8j og skulle organisere alle mine aktiviteter helt selv.","breadcrumb":{"@id":"https:\/\/www.sts-education.com\/dk\/high-school\/beretninger-fra-eleverne\/elevhistorier\/leonhard-studerede-i-udlandet-i-canada\/#breadcrumb"},"inLanguage":"da-DK","potentialAction":[{"@type":"ReadAction","target":["https:\/\/www.sts-education.com\/dk\/high-school\/beretninger-fra-eleverne\/elevhistorier\/leonhard-studerede-i-udlandet-i-canada\/"]}]},{"@type":"ImageObject","inLanguage":"da-DK","@id":"https:\/\/www.sts-education.com\/dk\/high-school\/beretninger-fra-eleverne\/elevhistorier\/leonhard-studerede-i-udlandet-i-canada\/#primaryimage","url":"https:\/\/powered-by.qbank.se\/educatius\/sts\/\/984852334d07789b395be2f7122d7019_1-1-thumb.webp","contentUrl":"https:\/\/powered-by.qbank.se\/educatius\/sts\/\/984852334d07789b395be2f7122d7019_1-1-thumb.webp","width":150,"height":150},{"@type":"BreadcrumbList","@id":"https:\/\/www.sts-education.com\/dk\/high-school\/beretninger-fra-eleverne\/elevhistorier\/leonhard-studerede-i-udlandet-i-canada\/#breadcrumb","itemListElement":[{"@type":"ListItem","position":1,"name":"Home","item":"https:\/\/www.sts-education.com\/dk\/sample-page\/"},{"@type":"ListItem","position":2,"name":"Leonhard Studerede I Udlandet I Canada"}]},{"@type":"WebSite","@id":"https:\/\/www.sts-education.com\/dk\/#website","url":"https:\/\/www.sts-education.com\/dk\/","name":"STS Education","description":"","potentialAction":[{"@type":"SearchAction","target":{"@type":"EntryPoint","urlTemplate":"https:\/\/www.sts-education.com\/dk\/?s={search_term_string}"},"query-input":{"@type":"PropertyValueSpecification","valueRequired":true,"valueName":"search_term_string"}}],"inLanguage":"da-DK"},{"@type":"Person","@id":"https:\/\/www.sts-education.com\/dk\/#\/schema\/person\/8b82f3a2e45f020b8f296d7a85d9a97c","name":"syncreadwrite","image":{"@type":"ImageObject","inLanguage":"da-DK","@id":"https:\/\/secure.gravatar.com\/avatar\/6ed1007e4f6f43f22e3df41d9fce4365533cba47fef64bb359b8e629abbc2ea6?s=96&d=mm&r=g","url":"https:\/\/secure.gravatar.com\/avatar\/6ed1007e4f6f43f22e3df41d9fce4365533cba47fef64bb359b8e629abbc2ea6?s=96&d=mm&r=g","contentUrl":"https:\/\/secure.gravatar.com\/avatar\/6ed1007e4f6f43f22e3df41d9fce4365533cba47fef64bb359b8e629abbc2ea6?s=96&d=mm&r=g","caption":"syncreadwrite"},"url":"https:\/\/www.sts-education.com\/dk\/author\/syncreadwrite\/"}]}},"_links":{"self":[{"href":"https:\/\/www.sts-education.com\/dk\/wp-json\/wp\/v2\/posts\/11413","targetHints":{"allow":["GET"]}}],"collection":[{"href":"https:\/\/www.sts-education.com\/dk\/wp-json\/wp\/v2\/posts"}],"about":[{"href":"https:\/\/www.sts-education.com\/dk\/wp-json\/wp\/v2\/types\/post"}],"author":[{"embeddable":true,"href":"https:\/\/www.sts-education.com\/dk\/wp-json\/wp\/v2\/users\/20"}],"replies":[{"embeddable":true,"href":"https:\/\/www.sts-education.com\/dk\/wp-json\/wp\/v2\/comments?post=11413"}],"version-history":[{"count":7,"href":"https:\/\/www.sts-education.com\/dk\/wp-json\/wp\/v2\/posts\/11413\/revisions"}],"predecessor-version":[{"id":43187,"href":"https:\/\/www.sts-education.com\/dk\/wp-json\/wp\/v2\/posts\/11413\/revisions\/43187"}],"wp:featuredmedia":[{"embeddable":true,"href":"https:\/\/www.sts-education.com\/dk\/wp-json\/wp\/v2\/media\/40456"}],"wp:attachment":[{"href":"https:\/\/www.sts-education.com\/dk\/wp-json\/wp\/v2\/media?parent=11413"}],"wp:term":[{"taxonomy":"category","embeddable":true,"href":"https:\/\/www.sts-education.com\/dk\/wp-json\/wp\/v2\/categories?post=11413"},{"taxonomy":"post_tag","embeddable":true,"href":"https:\/\/www.sts-education.com\/dk\/wp-json\/wp\/v2\/tags?post=11413"},{"taxonomy":"wpw_post_folders","embeddable":true,"href":"https:\/\/www.sts-education.com\/dk\/wp-json\/wp\/v2\/wpw_post_folders?post=11413"}],"curies":[{"name":"wp","href":"https:\/\/api.w.org\/{rel}","templated":true}]}}