{"id":11414,"date":"2025-06-04T10:00:00","date_gmt":"2025-06-04T10:00:00","guid":{"rendered":"https:\/\/preprod.sts-education.com\/blog\/2026\/03\/05\/elena-studerede-i-udlandet-i-norge\/"},"modified":"2026-04-15T09:49:52","modified_gmt":"2026-04-15T09:49:52","slug":"elena-studerede-i-udlandet-i-norge","status":"publish","type":"post","link":"https:\/\/www.sts-education.com\/dk\/high-school\/beretninger-fra-eleverne\/elevhistorier\/elena-studerede-i-udlandet-i-norge\/","title":{"rendered":"Elena Studerede I Udlandet I Norge"},"content":{"rendered":"\n<div class=\"wp-block-sts-text sts-text-editor has-max-width-md\"><div class=\"sts-text-editor__content\"><div class=\"sts-text-editor__content-inner\">\n<h1 style=\"text-align:center\">Elena studerede i udlandet i Norge<\/h1>\n<\/div><\/div><\/div>\n\n\n\n<figure class=\"wp-block-sts-image sts-block-image sts-block-image--count-1 has-max-width-md\" data-count=\"1\"><div class=\"sts-block-image__grid\"><div class=\"sts-block-image__item\"><picture class=\"sts-responsive-image has-fit-cover has-pos-top is-skeleton\"><img src=\"https:\/\/cdn.sts-education.com\/13692_hero_md.jpg\" alt=\"Elena studerede i udlandet i Norge\" loading=\"lazy\" decoding=\"async\" fetchpriority=\"low\" sizes=\"(max-width: 736px) 100vw, 736px\"\/><\/picture><\/div><\/div><\/figure>\n\n\n\n<div class=\"wp-block-sts-text sts-text-editor has-max-width-md\"><div class=\"sts-text-editor__content\"><div class=\"sts-text-editor__content-inner\">\n<p><em>Hej, jeg hedder Elena, er 17 \u00e5r og har tilbragt et udvekslings\u00e5r i det sydlige Norge. Jeg var der i skole\u00e5ret 2024\/25.<\/em><\/p>\n<\/div><\/div><\/div>\n\n\n\n<div class=\"wp-block-sts-text sts-text-editor has-max-width-md\"><div class=\"sts-text-editor__content\"><div class=\"sts-text-editor__content-inner\">\n<p>Jeg har altid \u00f8nsket at tage p\u00e5 udveksling for at l\u00e6re en ny kultur at kende, se noget andet end det tyske skolesystem og have et sjovt \u00e5r, inden jeg begynder p\u00e5 de mere kr\u00e6vende skole\u00e5r.<\/p>\n<p>Jeg valgte Norge som udvekslingsland p\u00e5 grund af skolesystemet og de st\u00f8rre muligheder i forhold til Tyskland. Jeg er ogs\u00e5 stor fan af naturen, og jeg blev ikke skuffet \u2013 Norge har virkelig nogle af de smukkeste naturlandskaber. En anden grund var, at Norge ikke ligger s\u00e5 langt fra hjemmet, hvilket g\u00f8r det nemmere at komme hjem og bes\u00f8ge mine venner og familie.<\/p>\n<h2>Skolen i Norge<\/h2>\n<p>Min skole er bedre end den i Tyskland. Vi har f\u00e6rre fag og mere frihed til at v\u00e6lge, hvad vi vil have. Jeg f\u00f8ler, at jeg bliver meget bedre forberedt p\u00e5 mit fremtidige liv, og jeg ville gerne have tilbragt endnu et \u00e5r her i Norge.<\/p>\n<h2>Min v\u00e6rtsfamilie<\/h2>\n<p>Min v\u00e6rtsfamilie var rigtig s\u00f8d og meget \u00e5ben. Min s\u00f8ster var p\u00e5 samme alder som mig, s\u00e5 vi kom rigtig godt ud af det. Min v\u00e6rtsfar er fra New Zealand, s\u00e5 vi talte engelsk og norsk derhjemme. Det gjorde kommunikationen meget nem. Vi tog p\u00e5 mange sm\u00e5 ture i nabolaget og lidt l\u00e6ngere v\u00e6k. De viste mig alle stederne omkring Kristiansand. Jeg vil sige, at jeg fandt en anden familie. En forskel, jeg bem\u00e6rkede ret tidligt, er, at arbejdstiden for voksne er meget kortere. Mine v\u00e6rtsfor\u00e6ldre var hjemme senest kl. 16, og s\u00e5 spiste vi normalt en varm middag. I begyndelsen var det et lidt m\u00e6rkeligt tidspunkt, men jeg har v\u00e6nnet mig til det.<\/p>\n<h2>Venner<\/h2>\n<p>Nordm\u00e6nd er meget stille og indadvendte. S\u00e5 det var ikke s\u00e5 nemt at finde venner. Det var en stor udfordring for mig at overvinde sprogbarrieren. Alle skoleb\u00f8gerne var p\u00e5 norsk, s\u00e5 det var sv\u00e6rt i starten at forst\u00e5, hvad vi lavede i timerne. Jeg gjorde bare mit bedste for at forst\u00e5 noget, og Google Translate var en stor hj\u00e6lp. Mine venner er ogs\u00e5 udvekslingsstuderende og nordm\u00e6nd, som jeg m\u00f8dte i skolen. Vi har g\u00e5et p\u00e5 et sykursus og lavet min egen nationaldragt. Her i Norge er s\u00e5danne aktiviteter gratis! Jeg var meget sammen med mine venner, og vi lavede mad fra forskellige lande for at dele mere af vores kulturer.<\/p>\n<h2>Forventninger<\/h2>\n<p>Mit udvekslings\u00e5r var pr\u00e6cis, som jeg havde forventet. Det var m\u00e5ske endda bedre. Jeg gik ind i det med meget lave forventninger, det er det bedste, man kan g\u00f8re, s\u00e5 man ikke bliver skuffet. Jeg har oplevet de bedste ting og er glad for mit valg. At l\u00e6re s\u00e5 mange flere mennesker at kende, der bliver venner for livet. Man l\u00e6rer s\u00e5 meget mere om sig selv og begynder at vokse ud af sin komfortzone. Man f\u00e5r en bedre forst\u00e5else for andre kulturer og begynder at respektere dem.<\/p>\n<h2>Hvorfor STS?<\/h2>\n<p>Jeg valgte STS prim\u00e6rt fordi det var den eneste organisation, der var klar til at tage mig ind, da jeg ans\u00f8gte. De gav mig en tryg f\u00f8lelse og forklarede processen rigtig godt.<\/p>\n<p>Mellem ans\u00f8gningen og min placering m\u00e5tte jeg vente ret l\u00e6nge. Jeg fik ingen information i mellemtiden, hvilket var ret stressende. Men STS havde et godt velkomstcamp. Desv\u00e6rre var alle de andre ture for dyre og ikke planlagt, s\u00e5 de passede med min kalender. Det var meget trist.<\/p>\n<h2>Hvis jeg kan give tips til fremtidige udvekslingsstuderende, vil jeg sige:<\/h2>\n<ul><li>At sige ja og v\u00e6re \u00e5ben er den bedste m\u00e5de at opleve nye og fantastiske ting p\u00e5.<\/li>\n<li>Hav ikke for h\u00f8je forventninger til alt, for det kan ske, at du ikke f\u00e5r oplevet det, du gerne vil, og s\u00e5 bliver du skuffet.<\/li>\n<li>Alt bliver fint, og det ender altid godt. V\u00e6r ikke for bekymret.<\/li><\/ul>\n<h2>Find ud af mere!<\/h2>\n<ul><li>L\u00e6s flere <a href=\"https:\/\/www.sts-education.com\/dk\/high-school\/beretninger-fra-eleverne\/elevhistorier\/?hashtag=Norge\">elevhistorier fra Norge<\/a><\/li>\n<li>L\u00e6s mere om <a href=\"https:\/\/www.sts-education.com\/dk\/high-school\/programlande\/europa\/norge\/\">high school-udveksling i Norge<\/a><\/li>\n<li>Se alle vores <a href=\"\/dk\/high-school\/tripfinder\/\">destinationer for high school-udveksling<\/a><\/li><\/ul>\n<\/div><\/div><\/div>\n","protected":false},"excerpt":{"rendered":"","protected":false},"author":20,"featured_media":40468,"comment_status":"open","ping_status":"open","sticky":false,"template":"","format":"standard","meta":{"_acf_changed":false,"_yoast_wpseo_title":"Elena studerede i udlandet i Norge","_yoast_wpseo_metadesc":"Hej, jeg hedder Elena, er 17 \u00e5r og har tilbragt et udvekslings\u00e5r i det sydlige Norge. Jeg var der i skole\u00e5ret 2024\/25.","footnotes":""},"categories":[305],"tags":[892],"wpw_post_folders":[],"class_list":["post-11414","post","type-post","status-publish","format-standard","has-post-thumbnail","hentry","category-uncategorized-da","tag-norge"],"acf":[],"yoast_head":"<!-- This site is optimized with the Yoast SEO Premium plugin v27.2 (Yoast SEO v27.2) - https:\/\/yoast.com\/product\/yoast-seo-premium-wordpress\/ -->\n<title>Elena studerede i udlandet i Norge<\/title>\n<meta name=\"description\" content=\"Hej, jeg hedder Elena, er 17 \u00e5r og har tilbragt et udvekslings\u00e5r i det sydlige Norge. Jeg var der i skole\u00e5ret 2024\/25.\" \/>\n<meta name=\"robots\" content=\"index, follow, max-snippet:-1, max-image-preview:large, max-video-preview:-1\" \/>\n<link rel=\"canonical\" href=\"https:\/\/www.sts-education.com\/dk\/high-school\/beretninger-fra-eleverne\/elevhistorier\/elena-studerede-i-udlandet-i-norge\/\" \/>\n<meta property=\"og:locale\" content=\"da_DK\" \/>\n<meta property=\"og:type\" content=\"article\" \/>\n<meta property=\"og:title\" content=\"Elena Studerede I Udlandet I Norge\" \/>\n<meta property=\"og:description\" content=\"Hej, jeg hedder Elena, er 17 \u00e5r og har tilbragt et udvekslings\u00e5r i det sydlige Norge. Jeg var der i skole\u00e5ret 2024\/25.\" \/>\n<meta property=\"og:url\" content=\"https:\/\/www.sts-education.com\/dk\/high-school\/beretninger-fra-eleverne\/elevhistorier\/elena-studerede-i-udlandet-i-norge\/\" \/>\n<meta property=\"og:site_name\" content=\"STS Education\" \/>\n<meta property=\"article:published_time\" content=\"2025-06-04T10:00:00+00:00\" \/>\n<meta property=\"article:modified_time\" content=\"2026-04-15T09:49:52+00:00\" \/>\n<meta property=\"og:image\" content=\"https:\/\/powered-by.qbank.se\/educatius\/sts\/\/5d9c1505039e949cee6f2fdf85a33a3d_1-1-thumb.webp\" \/>\n\t<meta property=\"og:image:width\" content=\"150\" \/>\n\t<meta property=\"og:image:height\" content=\"150\" \/>\n\t<meta property=\"og:image:type\" content=\"image\/png\" \/>\n<meta name=\"author\" content=\"syncreadwrite\" \/>\n<meta name=\"twitter:card\" content=\"summary_large_image\" \/>\n<meta name=\"twitter:label1\" content=\"Skrevet af\" \/>\n\t<meta name=\"twitter:data1\" content=\"syncreadwrite\" \/>\n\t<meta name=\"twitter:label2\" content=\"Estimeret l\u00e6setid\" \/>\n\t<meta name=\"twitter:data2\" content=\"4 minutter\" \/>\n<script type=\"application\/ld+json\" class=\"yoast-schema-graph\">{\"@context\":\"https:\/\/schema.org\",\"@graph\":[{\"@type\":\"Article\",\"@id\":\"https:\/\/www.sts-education.com\/dk\/high-school\/beretninger-fra-eleverne\/elevhistorier\/elena-studerede-i-udlandet-i-norge\/#article\",\"isPartOf\":{\"@id\":\"https:\/\/www.sts-education.com\/dk\/high-school\/beretninger-fra-eleverne\/elevhistorier\/elena-studerede-i-udlandet-i-norge\/\"},\"author\":{\"name\":\"syncreadwrite\",\"@id\":\"https:\/\/www.sts-education.com\/dk\/#\/schema\/person\/8b82f3a2e45f020b8f296d7a85d9a97c\"},\"headline\":\"Elena Studerede I Udlandet I Norge\",\"datePublished\":\"2025-06-04T10:00:00+00:00\",\"dateModified\":\"2026-04-15T09:49:52+00:00\",\"mainEntityOfPage\":{\"@id\":\"https:\/\/www.sts-education.com\/dk\/high-school\/beretninger-fra-eleverne\/elevhistorier\/elena-studerede-i-udlandet-i-norge\/\"},\"wordCount\":716,\"commentCount\":0,\"image\":{\"@id\":\"https:\/\/www.sts-education.com\/dk\/high-school\/beretninger-fra-eleverne\/elevhistorier\/elena-studerede-i-udlandet-i-norge\/#primaryimage\"},\"thumbnailUrl\":\"https:\/\/powered-by.qbank.se\/educatius\/sts\/\/5d9c1505039e949cee6f2fdf85a33a3d_1-1-thumb.webp\",\"keywords\":[\"Norge\"],\"articleSection\":[\"Uncategorized @da\"],\"inLanguage\":\"da-DK\",\"potentialAction\":[{\"@type\":\"CommentAction\",\"name\":\"Comment\",\"target\":[\"https:\/\/www.sts-education.com\/dk\/high-school\/beretninger-fra-eleverne\/elevhistorier\/elena-studerede-i-udlandet-i-norge\/#respond\"]}]},{\"@type\":\"WebPage\",\"@id\":\"https:\/\/www.sts-education.com\/dk\/high-school\/beretninger-fra-eleverne\/elevhistorier\/elena-studerede-i-udlandet-i-norge\/\",\"url\":\"https:\/\/www.sts-education.com\/dk\/high-school\/beretninger-fra-eleverne\/elevhistorier\/elena-studerede-i-udlandet-i-norge\/\",\"name\":\"Elena studerede i udlandet i Norge\",\"isPartOf\":{\"@id\":\"https:\/\/www.sts-education.com\/dk\/#website\"},\"primaryImageOfPage\":{\"@id\":\"https:\/\/www.sts-education.com\/dk\/high-school\/beretninger-fra-eleverne\/elevhistorier\/elena-studerede-i-udlandet-i-norge\/#primaryimage\"},\"image\":{\"@id\":\"https:\/\/www.sts-education.com\/dk\/high-school\/beretninger-fra-eleverne\/elevhistorier\/elena-studerede-i-udlandet-i-norge\/#primaryimage\"},\"thumbnailUrl\":\"https:\/\/powered-by.qbank.se\/educatius\/sts\/\/5d9c1505039e949cee6f2fdf85a33a3d_1-1-thumb.webp\",\"datePublished\":\"2025-06-04T10:00:00+00:00\",\"dateModified\":\"2026-04-15T09:49:52+00:00\",\"author\":{\"@id\":\"https:\/\/www.sts-education.com\/dk\/#\/schema\/person\/8b82f3a2e45f020b8f296d7a85d9a97c\"},\"description\":\"Hej, jeg hedder Elena, er 17 \u00e5r og har tilbragt et udvekslings\u00e5r i det sydlige Norge. Jeg var der i skole\u00e5ret 2024\/25.\",\"breadcrumb\":{\"@id\":\"https:\/\/www.sts-education.com\/dk\/high-school\/beretninger-fra-eleverne\/elevhistorier\/elena-studerede-i-udlandet-i-norge\/#breadcrumb\"},\"inLanguage\":\"da-DK\",\"potentialAction\":[{\"@type\":\"ReadAction\",\"target\":[\"https:\/\/www.sts-education.com\/dk\/high-school\/beretninger-fra-eleverne\/elevhistorier\/elena-studerede-i-udlandet-i-norge\/\"]}]},{\"@type\":\"ImageObject\",\"inLanguage\":\"da-DK\",\"@id\":\"https:\/\/www.sts-education.com\/dk\/high-school\/beretninger-fra-eleverne\/elevhistorier\/elena-studerede-i-udlandet-i-norge\/#primaryimage\",\"url\":\"https:\/\/powered-by.qbank.se\/educatius\/sts\/\/5d9c1505039e949cee6f2fdf85a33a3d_1-1-thumb.webp\",\"contentUrl\":\"https:\/\/powered-by.qbank.se\/educatius\/sts\/\/5d9c1505039e949cee6f2fdf85a33a3d_1-1-thumb.webp\",\"width\":150,\"height\":150},{\"@type\":\"BreadcrumbList\",\"@id\":\"https:\/\/www.sts-education.com\/dk\/high-school\/beretninger-fra-eleverne\/elevhistorier\/elena-studerede-i-udlandet-i-norge\/#breadcrumb\",\"itemListElement\":[{\"@type\":\"ListItem\",\"position\":1,\"name\":\"Home\",\"item\":\"https:\/\/www.sts-education.com\/dk\/sample-page\/\"},{\"@type\":\"ListItem\",\"position\":2,\"name\":\"Elena Studerede I Udlandet I Norge\"}]},{\"@type\":\"WebSite\",\"@id\":\"https:\/\/www.sts-education.com\/dk\/#website\",\"url\":\"https:\/\/www.sts-education.com\/dk\/\",\"name\":\"STS Education\",\"description\":\"\",\"potentialAction\":[{\"@type\":\"SearchAction\",\"target\":{\"@type\":\"EntryPoint\",\"urlTemplate\":\"https:\/\/www.sts-education.com\/dk\/?s={search_term_string}\"},\"query-input\":{\"@type\":\"PropertyValueSpecification\",\"valueRequired\":true,\"valueName\":\"search_term_string\"}}],\"inLanguage\":\"da-DK\"},{\"@type\":\"Person\",\"@id\":\"https:\/\/www.sts-education.com\/dk\/#\/schema\/person\/8b82f3a2e45f020b8f296d7a85d9a97c\",\"name\":\"syncreadwrite\",\"image\":{\"@type\":\"ImageObject\",\"inLanguage\":\"da-DK\",\"@id\":\"https:\/\/secure.gravatar.com\/avatar\/6ed1007e4f6f43f22e3df41d9fce4365533cba47fef64bb359b8e629abbc2ea6?s=96&d=mm&r=g\",\"url\":\"https:\/\/secure.gravatar.com\/avatar\/6ed1007e4f6f43f22e3df41d9fce4365533cba47fef64bb359b8e629abbc2ea6?s=96&d=mm&r=g\",\"contentUrl\":\"https:\/\/secure.gravatar.com\/avatar\/6ed1007e4f6f43f22e3df41d9fce4365533cba47fef64bb359b8e629abbc2ea6?s=96&d=mm&r=g\",\"caption\":\"syncreadwrite\"},\"url\":\"https:\/\/www.sts-education.com\/dk\/author\/syncreadwrite\/\"}]}<\/script>\n<!-- \/ Yoast SEO Premium plugin. -->","yoast_head_json":{"title":"Elena studerede i udlandet i Norge","description":"Hej, jeg hedder Elena, er 17 \u00e5r og har tilbragt et udvekslings\u00e5r i det sydlige Norge. Jeg var der i skole\u00e5ret 2024\/25.","robots":{"index":"index","follow":"follow","max-snippet":"max-snippet:-1","max-image-preview":"max-image-preview:large","max-video-preview":"max-video-preview:-1"},"canonical":"https:\/\/www.sts-education.com\/dk\/high-school\/beretninger-fra-eleverne\/elevhistorier\/elena-studerede-i-udlandet-i-norge\/","og_locale":"da_DK","og_type":"article","og_title":"Elena Studerede I Udlandet I Norge","og_description":"Hej, jeg hedder Elena, er 17 \u00e5r og har tilbragt et udvekslings\u00e5r i det sydlige Norge. Jeg var der i skole\u00e5ret 2024\/25.","og_url":"https:\/\/www.sts-education.com\/dk\/high-school\/beretninger-fra-eleverne\/elevhistorier\/elena-studerede-i-udlandet-i-norge\/","og_site_name":"STS Education","article_published_time":"2025-06-04T10:00:00+00:00","article_modified_time":"2026-04-15T09:49:52+00:00","og_image":[{"width":150,"height":150,"url":"https:\/\/powered-by.qbank.se\/educatius\/sts\/\/5d9c1505039e949cee6f2fdf85a33a3d_1-1-thumb.webp","type":"image\/png"}],"author":"syncreadwrite","twitter_card":"summary_large_image","twitter_misc":{"Skrevet af":"syncreadwrite","Estimeret l\u00e6setid":"4 minutter"},"schema":{"@context":"https:\/\/schema.org","@graph":[{"@type":"Article","@id":"https:\/\/www.sts-education.com\/dk\/high-school\/beretninger-fra-eleverne\/elevhistorier\/elena-studerede-i-udlandet-i-norge\/#article","isPartOf":{"@id":"https:\/\/www.sts-education.com\/dk\/high-school\/beretninger-fra-eleverne\/elevhistorier\/elena-studerede-i-udlandet-i-norge\/"},"author":{"name":"syncreadwrite","@id":"https:\/\/www.sts-education.com\/dk\/#\/schema\/person\/8b82f3a2e45f020b8f296d7a85d9a97c"},"headline":"Elena Studerede I Udlandet I Norge","datePublished":"2025-06-04T10:00:00+00:00","dateModified":"2026-04-15T09:49:52+00:00","mainEntityOfPage":{"@id":"https:\/\/www.sts-education.com\/dk\/high-school\/beretninger-fra-eleverne\/elevhistorier\/elena-studerede-i-udlandet-i-norge\/"},"wordCount":716,"commentCount":0,"image":{"@id":"https:\/\/www.sts-education.com\/dk\/high-school\/beretninger-fra-eleverne\/elevhistorier\/elena-studerede-i-udlandet-i-norge\/#primaryimage"},"thumbnailUrl":"https:\/\/powered-by.qbank.se\/educatius\/sts\/\/5d9c1505039e949cee6f2fdf85a33a3d_1-1-thumb.webp","keywords":["Norge"],"articleSection":["Uncategorized @da"],"inLanguage":"da-DK","potentialAction":[{"@type":"CommentAction","name":"Comment","target":["https:\/\/www.sts-education.com\/dk\/high-school\/beretninger-fra-eleverne\/elevhistorier\/elena-studerede-i-udlandet-i-norge\/#respond"]}]},{"@type":"WebPage","@id":"https:\/\/www.sts-education.com\/dk\/high-school\/beretninger-fra-eleverne\/elevhistorier\/elena-studerede-i-udlandet-i-norge\/","url":"https:\/\/www.sts-education.com\/dk\/high-school\/beretninger-fra-eleverne\/elevhistorier\/elena-studerede-i-udlandet-i-norge\/","name":"Elena studerede i udlandet i Norge","isPartOf":{"@id":"https:\/\/www.sts-education.com\/dk\/#website"},"primaryImageOfPage":{"@id":"https:\/\/www.sts-education.com\/dk\/high-school\/beretninger-fra-eleverne\/elevhistorier\/elena-studerede-i-udlandet-i-norge\/#primaryimage"},"image":{"@id":"https:\/\/www.sts-education.com\/dk\/high-school\/beretninger-fra-eleverne\/elevhistorier\/elena-studerede-i-udlandet-i-norge\/#primaryimage"},"thumbnailUrl":"https:\/\/powered-by.qbank.se\/educatius\/sts\/\/5d9c1505039e949cee6f2fdf85a33a3d_1-1-thumb.webp","datePublished":"2025-06-04T10:00:00+00:00","dateModified":"2026-04-15T09:49:52+00:00","author":{"@id":"https:\/\/www.sts-education.com\/dk\/#\/schema\/person\/8b82f3a2e45f020b8f296d7a85d9a97c"},"description":"Hej, jeg hedder Elena, er 17 \u00e5r og har tilbragt et udvekslings\u00e5r i det sydlige Norge. Jeg var der i skole\u00e5ret 2024\/25.","breadcrumb":{"@id":"https:\/\/www.sts-education.com\/dk\/high-school\/beretninger-fra-eleverne\/elevhistorier\/elena-studerede-i-udlandet-i-norge\/#breadcrumb"},"inLanguage":"da-DK","potentialAction":[{"@type":"ReadAction","target":["https:\/\/www.sts-education.com\/dk\/high-school\/beretninger-fra-eleverne\/elevhistorier\/elena-studerede-i-udlandet-i-norge\/"]}]},{"@type":"ImageObject","inLanguage":"da-DK","@id":"https:\/\/www.sts-education.com\/dk\/high-school\/beretninger-fra-eleverne\/elevhistorier\/elena-studerede-i-udlandet-i-norge\/#primaryimage","url":"https:\/\/powered-by.qbank.se\/educatius\/sts\/\/5d9c1505039e949cee6f2fdf85a33a3d_1-1-thumb.webp","contentUrl":"https:\/\/powered-by.qbank.se\/educatius\/sts\/\/5d9c1505039e949cee6f2fdf85a33a3d_1-1-thumb.webp","width":150,"height":150},{"@type":"BreadcrumbList","@id":"https:\/\/www.sts-education.com\/dk\/high-school\/beretninger-fra-eleverne\/elevhistorier\/elena-studerede-i-udlandet-i-norge\/#breadcrumb","itemListElement":[{"@type":"ListItem","position":1,"name":"Home","item":"https:\/\/www.sts-education.com\/dk\/sample-page\/"},{"@type":"ListItem","position":2,"name":"Elena Studerede I Udlandet I Norge"}]},{"@type":"WebSite","@id":"https:\/\/www.sts-education.com\/dk\/#website","url":"https:\/\/www.sts-education.com\/dk\/","name":"STS Education","description":"","potentialAction":[{"@type":"SearchAction","target":{"@type":"EntryPoint","urlTemplate":"https:\/\/www.sts-education.com\/dk\/?s={search_term_string}"},"query-input":{"@type":"PropertyValueSpecification","valueRequired":true,"valueName":"search_term_string"}}],"inLanguage":"da-DK"},{"@type":"Person","@id":"https:\/\/www.sts-education.com\/dk\/#\/schema\/person\/8b82f3a2e45f020b8f296d7a85d9a97c","name":"syncreadwrite","image":{"@type":"ImageObject","inLanguage":"da-DK","@id":"https:\/\/secure.gravatar.com\/avatar\/6ed1007e4f6f43f22e3df41d9fce4365533cba47fef64bb359b8e629abbc2ea6?s=96&d=mm&r=g","url":"https:\/\/secure.gravatar.com\/avatar\/6ed1007e4f6f43f22e3df41d9fce4365533cba47fef64bb359b8e629abbc2ea6?s=96&d=mm&r=g","contentUrl":"https:\/\/secure.gravatar.com\/avatar\/6ed1007e4f6f43f22e3df41d9fce4365533cba47fef64bb359b8e629abbc2ea6?s=96&d=mm&r=g","caption":"syncreadwrite"},"url":"https:\/\/www.sts-education.com\/dk\/author\/syncreadwrite\/"}]}},"_links":{"self":[{"href":"https:\/\/www.sts-education.com\/dk\/wp-json\/wp\/v2\/posts\/11414","targetHints":{"allow":["GET"]}}],"collection":[{"href":"https:\/\/www.sts-education.com\/dk\/wp-json\/wp\/v2\/posts"}],"about":[{"href":"https:\/\/www.sts-education.com\/dk\/wp-json\/wp\/v2\/types\/post"}],"author":[{"embeddable":true,"href":"https:\/\/www.sts-education.com\/dk\/wp-json\/wp\/v2\/users\/20"}],"replies":[{"embeddable":true,"href":"https:\/\/www.sts-education.com\/dk\/wp-json\/wp\/v2\/comments?post=11414"}],"version-history":[{"count":6,"href":"https:\/\/www.sts-education.com\/dk\/wp-json\/wp\/v2\/posts\/11414\/revisions"}],"predecessor-version":[{"id":36177,"href":"https:\/\/www.sts-education.com\/dk\/wp-json\/wp\/v2\/posts\/11414\/revisions\/36177"}],"wp:featuredmedia":[{"embeddable":true,"href":"https:\/\/www.sts-education.com\/dk\/wp-json\/wp\/v2\/media\/40468"}],"wp:attachment":[{"href":"https:\/\/www.sts-education.com\/dk\/wp-json\/wp\/v2\/media?parent=11414"}],"wp:term":[{"taxonomy":"category","embeddable":true,"href":"https:\/\/www.sts-education.com\/dk\/wp-json\/wp\/v2\/categories?post=11414"},{"taxonomy":"post_tag","embeddable":true,"href":"https:\/\/www.sts-education.com\/dk\/wp-json\/wp\/v2\/tags?post=11414"},{"taxonomy":"wpw_post_folders","embeddable":true,"href":"https:\/\/www.sts-education.com\/dk\/wp-json\/wp\/v2\/wpw_post_folders?post=11414"}],"curies":[{"name":"wp","href":"https:\/\/api.w.org\/{rel}","templated":true}]}}