{"id":11417,"date":"2025-04-29T12:00:00","date_gmt":"2025-04-29T10:00:00","guid":{"rendered":"https:\/\/preprod.sts-education.com\/blog\/2026\/03\/05\/santiago-tilbragte-et-ar-i-udlandet-i-tyskland\/"},"modified":"2026-04-29T09:40:15","modified_gmt":"2026-04-29T07:40:15","slug":"santiago-tilbragte-et-ar-i-udlandet-i-tyskland","status":"publish","type":"post","link":"https:\/\/www.sts-education.com\/dk\/high-school\/beretninger-fra-eleverne\/elevhistorier\/santiago-tilbragte-et-ar-i-udlandet-i-tyskland\/","title":{"rendered":"Santiago Tilbragte Et Ar I Udlandet I Tyskland"},"content":{"rendered":"\n<div class=\"wp-block-sts-text sts-text-editor has-max-width-md\"><div class=\"sts-text-editor__content\"><div class=\"sts-text-editor__content-inner\">\n<h1 style=\"text-align:center\">Santiago tilbragte et \u00e5r i udlandet i Tyskland<\/h1>\n<\/div><\/div><\/div>\n\n\n\n<figure class=\"wp-block-sts-image sts-block-image sts-block-image--count-1 has-max-width-lg\" data-count=\"1\"><div class=\"sts-block-image__grid\"><div class=\"sts-block-image__item\"><picture class=\"sts-responsive-image has-fit-cover has-pos-top is-skeleton\"><source media=\"(max-width: 834.98px)\" srcset=\"https:\/\/powered-by.qbank.se\/educatius\/sts\/43e68672be7254d15af7e5ab3b6ccc65_1-1-thumb.webp 150w, https:\/\/powered-by.qbank.se\/educatius\/sts\/43e68672be7254d15af7e5ab3b6ccc65_1-1-xsmall.webp 500w, https:\/\/powered-by.qbank.se\/educatius\/sts\/43e68672be7254d15af7e5ab3b6ccc65_1-1-small.webp 800w, https:\/\/powered-by.qbank.se\/educatius\/sts\/43e68672be7254d15af7e5ab3b6ccc65_1-1-medium.webp 1024w, https:\/\/powered-by.qbank.se\/educatius\/sts\/43e68672be7254d15af7e5ab3b6ccc65_1-1-large.webp 1536w\" sizes=\"(max-width: 768px) 100vw, (max-width: 1200px) 100vw, 1200px\" type=\"image\/webp\"\/><source media=\"(min-width: 835px)\" srcset=\"https:\/\/powered-by.qbank.se\/educatius\/sts\/43e68672be7254d15af7e5ab3b6ccc65_16-9-small.webp 800w, https:\/\/powered-by.qbank.se\/educatius\/sts\/43e68672be7254d15af7e5ab3b6ccc65_16-9-medium.webp 1024w, https:\/\/powered-by.qbank.se\/educatius\/sts\/43e68672be7254d15af7e5ab3b6ccc65_16-9-large.webp 1536w\" sizes=\"(max-width: 768px) 100vw, (max-width: 1200px) 100vw, 1200px\" type=\"image\/webp\"\/><img src=\"https:\/\/powered-by.qbank.se\/educatius\/sts\/43e68672be7254d15af7e5ab3b6ccc65_1-1-thumb.webp\" alt=\"Santiago tilbragte et \u00e5r i udlandet i Tyskland\" loading=\"lazy\" decoding=\"async\" fetchpriority=\"low\" style=\"object-position:top\"\/><\/picture><\/div><\/div><\/figure>\n\n\n\n<div class=\"wp-block-sts-text sts-text-editor has-max-width-md\"><div class=\"sts-text-editor__content\"><div class=\"sts-text-editor__content-inner\">\n<p><em>Santiago fra Mexico tilbragte et skole\u00e5r i Tyskland.<\/em><\/p>\n<\/div><\/div><\/div>\n\n\n\n<div class=\"wp-block-sts-text sts-text-editor has-max-width-md\"><div class=\"sts-text-editor__content\"><div class=\"sts-text-editor__content-inner\">\n<p>Sidste skole\u00e5r tilbragte jeg et helt udvekslings\u00e5r i Tyskland med STS. Jeg valgte at rejse udenlands, fordi jeg ville opleve en ny kultur, forbedre mine sprogkundskaber og udfordre mig selv ved at tr\u00e6de ud af min komfortzone. Tyskland virkede som det perfekte sted at bo i et \u00e5r, og det var det ogs\u00e5. Jeg ville l\u00e6re sproget, l\u00e6re mere om kulturen og udforske alt, hvad landet havde at byde p\u00e5, og det lykkedes mig at opn\u00e5 alt det og meget mere. I starten var det lidt overv\u00e6ldende at skulle tilpasse sig en ny skole og en ny livsstil, is\u00e6r p\u00e5 grund af alle de kulturelle forskelle, jeg st\u00f8dte p\u00e5, men med tiden fandt jeg min rytme og v\u00e6nnede mig til det. Dette er min korte beretning om det \u00e5r, jeg boede i Fulda i Tyskland.<\/p>\n<h2>Min STORE v\u00e6rtsfamilie<\/h2>\n<p>Fra det \u00f8jeblik jeg ankom til lufthavnen og blev budt velkommen af mine v\u00e6rtsfor\u00e6ldre, m\u00e6rkede jeg en varm f\u00f8lelse hos dem. De kom med en ballon og familiens hund og med det mest im\u00f8dekommende smil, som jeg virkelig satte pris p\u00e5 fra starten. At bo hos en v\u00e6rtsfamilie var en unik oplevelse. \u00c5h, hvilken overraskelse, da jeg blev modtaget af en familie p\u00e5 6! Jeg er vant til kun at have en yngre bror, hvilket uden tvivl gjorde dette \u00e5r til en unik mulighed. Jeg v\u00e6nnede mig til deres liv, og selvf\u00f8lgelig var der et par bump p\u00e5 vejen, men det var bare en del af rejsen.<\/p>\n<p>De l\u00e6rte mig meget om tysk kultur og dagligdag. Jeg v\u00e6nnede mig til at spise middag p\u00e5 et for mig us\u00e6dvanligt tidspunkt og til at drikke kaffe og spise kage med Oma und Opa n\u00e6sten hver s\u00f8ndag. Min v\u00e6rtsfamilie var den bedste, jeg kunne have \u00f8nsket mig. Jeg fik et rigtig godt forhold til dem alle, ogs\u00e5 familiens venner og n\u00e6re sl\u00e6gtninge. Vi rejste sammen til Gr\u00e6kenland i efter\u00e5rsferien og til de \u00f8strigske alper i en hel uge om vinteren. Det var f\u00f8rste gang, jeg stod p\u00e5 ski, s\u00e5 det var helt klart et h\u00f8jdepunkt, jeg vil huske. Jeg fik ogs\u00e5 mulighed for at se fodboldkampe p\u00e5 nogle af de bedste stadioner i Tyskland og oplevede mindev\u00e6rdige dage, mens jeg var sammen med dem alle.<\/p>\n<h2>Min tyske skole<\/h2>\n<p>Min skole i Fulda var meget anderledes end det, jeg var vant til hjemme i Mexico. Det var en overraskelse for mig, da jeg ankom til Gymnasium og fandt ud af, at alle fra 5. til 13. klasse var samlet i samme bygning. Jeg bem\u00e6rkede ogs\u00e5 en meget mere seri\u00f8s atmosf\u00e6re, hvor eleverne var meget mere formelle over for l\u00e6rerne. Der var ikke meget lektier eller gruppeprojekter, og det blev erstattet af eksamener. Efter et par uger fandt jeg dog ud af det og brugte det som en mulighed for at forbedre mit tyske og l\u00e6re nye ting i de forskellige fag.<\/p>\n<p>Overraskende nok fandt jeg DSP (teaterundervisning) mest interessant af alle fagene. Det var en stor udfordring, men ogs\u00e5 sjovt at spille teater p\u00e5 et helt andet sprog (selvom jeg slet ikke er god til det) og f\u00e5 gode minder med mine klassekammerater. Det var i skolen, jeg fandt mine f\u00f8rste bedste venner, som jeg hang ud med hele skole\u00e5ret. Jeg er virkelig taknemmelig for, at de var modige og venlige nok til at tale med mig de f\u00f8rste par dage, og selvom de i begyndelsen ofte m\u00e5tte tale engelsk, var det ikke noget problem for dem. Efter de f\u00f8rste uger, hvor jeg havde fundet rytmen i sproget, kunne vi tale om de samme ting helt p\u00e5 tysk!<\/p>\n<h2>Venner og livet i Tyskland<\/h2>\n<p>Gennem mine f\u00f8rste venner i skolen fandt jeg alle mine andre venner, som jeg tilbragte n\u00e6sten alle weekender med. (Hilsen til Luca, Bene, Nele og Aurora, som jeg selvf\u00f8lgelig stadig har kontakt med og ser, hver gang jeg har mulighed for det). Vi tog ofte ind til byen efter skole eller hang bare ud som Dorfkinder eller derhjemme. Vi tog til Frankfurt eller ud at feste i weekenden. Livet i Tyskland som teenager er fantastisk. De mange offentlige transportmidler gjorde det ekstremt nemt at komme rundt og gjorde stort indtryk p\u00e5 mig, da jeg er vant til at have brug for en bil til alt i min hjemby. Jeg oplevede ting, jeg aldrig havde set f\u00f8r, s\u00e5som sne p\u00e5 julemarkederne og Fasching, det store karneval, der fandt sted i byen. Jeg opdagede ogs\u00e5 nye hobbyer, s\u00e5som bouldering, som endte med at blive min yndlingsbesk\u00e6ftigelse 3-4 eftermiddage om ugen.<\/p>\n<h2>STS-rejser og internationale venner<\/h2>\n<p>De to ture, som STS arrangerede til Hamburg og Berlin, var i sig selv et h\u00f8jdepunkt. Jeg m\u00f8dte en masse studerende i samme situation som mig, og vi havde mulighed for at tilbringe to weekender sammen, fort\u00e6lle om vores oplevelser, l\u00e6re hinanden at kende og skabe fantastiske minder. Jeg har m\u00f8dt nogle fantastiske venner fra Italien og Slovakiet og ogs\u00e5 nogle fra Mexico. Jeg vil meget gerne deltage igen.<\/p>\n<h2>Tilbageblik \u2013 og fremadblik<\/h2>\n<p>N\u00e5r jeg ser tilbage, var mit udvekslings\u00e5r en uforglemmelig oplevelse, der hjalp mig med at vokse og modnes s\u00e5 meget. Jeg blev mere uafh\u00e6ngig og forbedrede mit tyske enormt, hvilket \u00e5bnede mange d\u00f8re for mig. Jeg bor og studerer stadig i Tyskland, og jeg elsker det, og det er alt sammen takket v\u00e6re dette udvekslings\u00e5r, hvor jeg virkelig fik mulighed for at t\u00e6nke over min fremtid og sikre mig, at jeg tog det bedste valg for mig selv. Jeg har ogs\u00e5 bes\u00f8gt min v\u00e6rtsfamilie to gange siden da og havde endnu en gang en af de hyggeligste juleaftener, jeg kan huske.<\/p>\n<h2>Min anbefaling<\/h2>\n<p>Hvis nogen overvejer at pr\u00f8ve det, vil jeg varmt anbefale det \u2013 det er en once-in-a-lifetime chance for at udforske nye muligheder, m\u00f8de fantastiske mennesker og l\u00e6re mere om dig selv, dine passioner og dr\u00f8mme.<\/p>\n<h2>Find ud af mere!<\/h2>\n<ul><li>L\u00e6s flere <a href=\"https:\/\/www.sts-education.com\/dk\/high-school\/beretninger-fra-eleverne\/elevhistorier\/?hashtag=Tyskland\">elevhistorier fra Tyskland<\/a><\/li>\n<li>L\u00e6s mere om <a href=\"https:\/\/www.sts-education.com\/dk\/high-school\/programlande\/europa\/tyskland\/\">high school-udveksling i Tyskland<\/a><\/li>\n<li>Se alle vores <a href=\"\/dk\/high-school\/tripfinder\/\">destinationer for high school-udveksling<\/a><\/li><\/ul>\n<\/div><\/div><\/div>\n","protected":false},"excerpt":{"rendered":"","protected":false},"author":20,"featured_media":40504,"comment_status":"open","ping_status":"open","sticky":false,"template":"","format":"standard","meta":{"_acf_changed":false,"_yoast_wpseo_title":"Santiago tilbragte et \u00e5r i udlandet i Tyskland","_yoast_wpseo_metadesc":"Jeg valgte at rejse udenlands, fordi jeg \u00f8nskede at opleve en ny kultur, forbedre mine sprogkundskaber og udfordre mig selv ved at tr\u00e6de ud af min komfortzone.","footnotes":""},"categories":[305],"tags":[886],"wpw_post_folders":[],"class_list":["post-11417","post","type-post","status-publish","format-standard","has-post-thumbnail","hentry","category-uncategorized-da","tag-tyskland"],"acf":[],"yoast_head":"<!-- This site is optimized with the Yoast SEO Premium plugin v27.2 (Yoast SEO v27.2) - https:\/\/yoast.com\/product\/yoast-seo-premium-wordpress\/ -->\n<title>Santiago tilbragte et \u00e5r i udlandet i Tyskland<\/title>\n<meta name=\"description\" content=\"Jeg valgte at rejse udenlands, fordi jeg \u00f8nskede at opleve en ny kultur, forbedre mine sprogkundskaber og udfordre mig selv ved at tr\u00e6de ud af min komfortzone.\" \/>\n<meta name=\"robots\" content=\"index, follow, max-snippet:-1, max-image-preview:large, max-video-preview:-1\" \/>\n<link rel=\"canonical\" href=\"https:\/\/www.sts-education.com\/dk\/high-school\/beretninger-fra-eleverne\/elevhistorier\/santiago-tilbragte-et-ar-i-udlandet-i-tyskland\/\" \/>\n<meta property=\"og:locale\" content=\"da_DK\" \/>\n<meta property=\"og:type\" content=\"article\" \/>\n<meta property=\"og:title\" content=\"Santiago Tilbragte Et Ar I Udlandet I Tyskland\" \/>\n<meta property=\"og:description\" content=\"Jeg valgte at rejse udenlands, fordi jeg \u00f8nskede at opleve en ny kultur, forbedre mine sprogkundskaber og udfordre mig selv ved at tr\u00e6de ud af min komfortzone.\" \/>\n<meta property=\"og:url\" content=\"https:\/\/www.sts-education.com\/dk\/high-school\/beretninger-fra-eleverne\/elevhistorier\/santiago-tilbragte-et-ar-i-udlandet-i-tyskland\/\" \/>\n<meta property=\"og:site_name\" content=\"STS Education\" \/>\n<meta property=\"article:published_time\" content=\"2025-04-29T10:00:00+00:00\" \/>\n<meta property=\"article:modified_time\" content=\"2026-04-29T07:40:15+00:00\" \/>\n<meta property=\"og:image\" content=\"https:\/\/powered-by.qbank.se\/educatius\/sts\/\/43e68672be7254d15af7e5ab3b6ccc65_1-1-thumb.webp\" \/>\n\t<meta property=\"og:image:width\" content=\"150\" \/>\n\t<meta property=\"og:image:height\" content=\"150\" \/>\n\t<meta property=\"og:image:type\" content=\"image\/png\" \/>\n<meta name=\"author\" content=\"syncreadwrite\" \/>\n<meta name=\"twitter:card\" content=\"summary_large_image\" \/>\n<meta name=\"twitter:label1\" content=\"Skrevet af\" \/>\n\t<meta name=\"twitter:data1\" content=\"syncreadwrite\" \/>\n\t<meta name=\"twitter:label2\" content=\"Estimeret l\u00e6setid\" \/>\n\t<meta name=\"twitter:data2\" content=\"5 minutter\" \/>\n<script type=\"application\/ld+json\" class=\"yoast-schema-graph\">{\"@context\":\"https:\/\/schema.org\",\"@graph\":[{\"@type\":\"Article\",\"@id\":\"https:\/\/www.sts-education.com\/dk\/high-school\/beretninger-fra-eleverne\/elevhistorier\/santiago-tilbragte-et-ar-i-udlandet-i-tyskland\/#article\",\"isPartOf\":{\"@id\":\"https:\/\/www.sts-education.com\/dk\/high-school\/beretninger-fra-eleverne\/elevhistorier\/santiago-tilbragte-et-ar-i-udlandet-i-tyskland\/\"},\"author\":{\"name\":\"syncreadwrite\",\"@id\":\"https:\/\/www.sts-education.com\/dk\/#\/schema\/person\/8b82f3a2e45f020b8f296d7a85d9a97c\"},\"headline\":\"Santiago Tilbragte Et Ar I Udlandet I Tyskland\",\"datePublished\":\"2025-04-29T10:00:00+00:00\",\"dateModified\":\"2026-04-29T07:40:15+00:00\",\"mainEntityOfPage\":{\"@id\":\"https:\/\/www.sts-education.com\/dk\/high-school\/beretninger-fra-eleverne\/elevhistorier\/santiago-tilbragte-et-ar-i-udlandet-i-tyskland\/\"},\"wordCount\":1071,\"commentCount\":0,\"image\":{\"@id\":\"https:\/\/www.sts-education.com\/dk\/high-school\/beretninger-fra-eleverne\/elevhistorier\/santiago-tilbragte-et-ar-i-udlandet-i-tyskland\/#primaryimage\"},\"thumbnailUrl\":\"https:\/\/powered-by.qbank.se\/educatius\/sts\/\/43e68672be7254d15af7e5ab3b6ccc65_1-1-thumb.webp\",\"keywords\":[\"Tyskland\"],\"articleSection\":[\"Uncategorized @da\"],\"inLanguage\":\"da-DK\",\"potentialAction\":[{\"@type\":\"CommentAction\",\"name\":\"Comment\",\"target\":[\"https:\/\/www.sts-education.com\/dk\/high-school\/beretninger-fra-eleverne\/elevhistorier\/santiago-tilbragte-et-ar-i-udlandet-i-tyskland\/#respond\"]}]},{\"@type\":\"WebPage\",\"@id\":\"https:\/\/www.sts-education.com\/dk\/high-school\/beretninger-fra-eleverne\/elevhistorier\/santiago-tilbragte-et-ar-i-udlandet-i-tyskland\/\",\"url\":\"https:\/\/www.sts-education.com\/dk\/high-school\/beretninger-fra-eleverne\/elevhistorier\/santiago-tilbragte-et-ar-i-udlandet-i-tyskland\/\",\"name\":\"Santiago tilbragte et \u00e5r i udlandet i Tyskland\",\"isPartOf\":{\"@id\":\"https:\/\/www.sts-education.com\/dk\/#website\"},\"primaryImageOfPage\":{\"@id\":\"https:\/\/www.sts-education.com\/dk\/high-school\/beretninger-fra-eleverne\/elevhistorier\/santiago-tilbragte-et-ar-i-udlandet-i-tyskland\/#primaryimage\"},\"image\":{\"@id\":\"https:\/\/www.sts-education.com\/dk\/high-school\/beretninger-fra-eleverne\/elevhistorier\/santiago-tilbragte-et-ar-i-udlandet-i-tyskland\/#primaryimage\"},\"thumbnailUrl\":\"https:\/\/powered-by.qbank.se\/educatius\/sts\/\/43e68672be7254d15af7e5ab3b6ccc65_1-1-thumb.webp\",\"datePublished\":\"2025-04-29T10:00:00+00:00\",\"dateModified\":\"2026-04-29T07:40:15+00:00\",\"author\":{\"@id\":\"https:\/\/www.sts-education.com\/dk\/#\/schema\/person\/8b82f3a2e45f020b8f296d7a85d9a97c\"},\"description\":\"Jeg valgte at rejse udenlands, fordi jeg \u00f8nskede at opleve en ny kultur, forbedre mine sprogkundskaber og udfordre mig selv ved at tr\u00e6de ud af min komfortzone.\",\"breadcrumb\":{\"@id\":\"https:\/\/www.sts-education.com\/dk\/high-school\/beretninger-fra-eleverne\/elevhistorier\/santiago-tilbragte-et-ar-i-udlandet-i-tyskland\/#breadcrumb\"},\"inLanguage\":\"da-DK\",\"potentialAction\":[{\"@type\":\"ReadAction\",\"target\":[\"https:\/\/www.sts-education.com\/dk\/high-school\/beretninger-fra-eleverne\/elevhistorier\/santiago-tilbragte-et-ar-i-udlandet-i-tyskland\/\"]}]},{\"@type\":\"ImageObject\",\"inLanguage\":\"da-DK\",\"@id\":\"https:\/\/www.sts-education.com\/dk\/high-school\/beretninger-fra-eleverne\/elevhistorier\/santiago-tilbragte-et-ar-i-udlandet-i-tyskland\/#primaryimage\",\"url\":\"https:\/\/powered-by.qbank.se\/educatius\/sts\/\/43e68672be7254d15af7e5ab3b6ccc65_1-1-thumb.webp\",\"contentUrl\":\"https:\/\/powered-by.qbank.se\/educatius\/sts\/\/43e68672be7254d15af7e5ab3b6ccc65_1-1-thumb.webp\",\"width\":150,\"height\":150},{\"@type\":\"BreadcrumbList\",\"@id\":\"https:\/\/www.sts-education.com\/dk\/high-school\/beretninger-fra-eleverne\/elevhistorier\/santiago-tilbragte-et-ar-i-udlandet-i-tyskland\/#breadcrumb\",\"itemListElement\":[{\"@type\":\"ListItem\",\"position\":1,\"name\":\"Home\",\"item\":\"https:\/\/www.sts-education.com\/dk\/sample-page\/\"},{\"@type\":\"ListItem\",\"position\":2,\"name\":\"Santiago Tilbragte Et Ar I Udlandet I Tyskland\"}]},{\"@type\":\"WebSite\",\"@id\":\"https:\/\/www.sts-education.com\/dk\/#website\",\"url\":\"https:\/\/www.sts-education.com\/dk\/\",\"name\":\"STS Education\",\"description\":\"\",\"potentialAction\":[{\"@type\":\"SearchAction\",\"target\":{\"@type\":\"EntryPoint\",\"urlTemplate\":\"https:\/\/www.sts-education.com\/dk\/?s={search_term_string}\"},\"query-input\":{\"@type\":\"PropertyValueSpecification\",\"valueRequired\":true,\"valueName\":\"search_term_string\"}}],\"inLanguage\":\"da-DK\"},{\"@type\":\"Person\",\"@id\":\"https:\/\/www.sts-education.com\/dk\/#\/schema\/person\/8b82f3a2e45f020b8f296d7a85d9a97c\",\"name\":\"syncreadwrite\",\"image\":{\"@type\":\"ImageObject\",\"inLanguage\":\"da-DK\",\"@id\":\"https:\/\/secure.gravatar.com\/avatar\/6ed1007e4f6f43f22e3df41d9fce4365533cba47fef64bb359b8e629abbc2ea6?s=96&d=mm&r=g\",\"url\":\"https:\/\/secure.gravatar.com\/avatar\/6ed1007e4f6f43f22e3df41d9fce4365533cba47fef64bb359b8e629abbc2ea6?s=96&d=mm&r=g\",\"contentUrl\":\"https:\/\/secure.gravatar.com\/avatar\/6ed1007e4f6f43f22e3df41d9fce4365533cba47fef64bb359b8e629abbc2ea6?s=96&d=mm&r=g\",\"caption\":\"syncreadwrite\"},\"url\":\"https:\/\/www.sts-education.com\/dk\/author\/syncreadwrite\/\"}]}<\/script>\n<!-- \/ Yoast SEO Premium plugin. -->","yoast_head_json":{"title":"Santiago tilbragte et \u00e5r i udlandet i Tyskland","description":"Jeg valgte at rejse udenlands, fordi jeg \u00f8nskede at opleve en ny kultur, forbedre mine sprogkundskaber og udfordre mig selv ved at tr\u00e6de ud af min komfortzone.","robots":{"index":"index","follow":"follow","max-snippet":"max-snippet:-1","max-image-preview":"max-image-preview:large","max-video-preview":"max-video-preview:-1"},"canonical":"https:\/\/www.sts-education.com\/dk\/high-school\/beretninger-fra-eleverne\/elevhistorier\/santiago-tilbragte-et-ar-i-udlandet-i-tyskland\/","og_locale":"da_DK","og_type":"article","og_title":"Santiago Tilbragte Et Ar I Udlandet I Tyskland","og_description":"Jeg valgte at rejse udenlands, fordi jeg \u00f8nskede at opleve en ny kultur, forbedre mine sprogkundskaber og udfordre mig selv ved at tr\u00e6de ud af min komfortzone.","og_url":"https:\/\/www.sts-education.com\/dk\/high-school\/beretninger-fra-eleverne\/elevhistorier\/santiago-tilbragte-et-ar-i-udlandet-i-tyskland\/","og_site_name":"STS Education","article_published_time":"2025-04-29T10:00:00+00:00","article_modified_time":"2026-04-29T07:40:15+00:00","og_image":[{"width":150,"height":150,"url":"https:\/\/powered-by.qbank.se\/educatius\/sts\/\/43e68672be7254d15af7e5ab3b6ccc65_1-1-thumb.webp","type":"image\/png"}],"author":"syncreadwrite","twitter_card":"summary_large_image","twitter_misc":{"Skrevet af":"syncreadwrite","Estimeret l\u00e6setid":"5 minutter"},"schema":{"@context":"https:\/\/schema.org","@graph":[{"@type":"Article","@id":"https:\/\/www.sts-education.com\/dk\/high-school\/beretninger-fra-eleverne\/elevhistorier\/santiago-tilbragte-et-ar-i-udlandet-i-tyskland\/#article","isPartOf":{"@id":"https:\/\/www.sts-education.com\/dk\/high-school\/beretninger-fra-eleverne\/elevhistorier\/santiago-tilbragte-et-ar-i-udlandet-i-tyskland\/"},"author":{"name":"syncreadwrite","@id":"https:\/\/www.sts-education.com\/dk\/#\/schema\/person\/8b82f3a2e45f020b8f296d7a85d9a97c"},"headline":"Santiago Tilbragte Et Ar I Udlandet I Tyskland","datePublished":"2025-04-29T10:00:00+00:00","dateModified":"2026-04-29T07:40:15+00:00","mainEntityOfPage":{"@id":"https:\/\/www.sts-education.com\/dk\/high-school\/beretninger-fra-eleverne\/elevhistorier\/santiago-tilbragte-et-ar-i-udlandet-i-tyskland\/"},"wordCount":1071,"commentCount":0,"image":{"@id":"https:\/\/www.sts-education.com\/dk\/high-school\/beretninger-fra-eleverne\/elevhistorier\/santiago-tilbragte-et-ar-i-udlandet-i-tyskland\/#primaryimage"},"thumbnailUrl":"https:\/\/powered-by.qbank.se\/educatius\/sts\/\/43e68672be7254d15af7e5ab3b6ccc65_1-1-thumb.webp","keywords":["Tyskland"],"articleSection":["Uncategorized @da"],"inLanguage":"da-DK","potentialAction":[{"@type":"CommentAction","name":"Comment","target":["https:\/\/www.sts-education.com\/dk\/high-school\/beretninger-fra-eleverne\/elevhistorier\/santiago-tilbragte-et-ar-i-udlandet-i-tyskland\/#respond"]}]},{"@type":"WebPage","@id":"https:\/\/www.sts-education.com\/dk\/high-school\/beretninger-fra-eleverne\/elevhistorier\/santiago-tilbragte-et-ar-i-udlandet-i-tyskland\/","url":"https:\/\/www.sts-education.com\/dk\/high-school\/beretninger-fra-eleverne\/elevhistorier\/santiago-tilbragte-et-ar-i-udlandet-i-tyskland\/","name":"Santiago tilbragte et \u00e5r i udlandet i Tyskland","isPartOf":{"@id":"https:\/\/www.sts-education.com\/dk\/#website"},"primaryImageOfPage":{"@id":"https:\/\/www.sts-education.com\/dk\/high-school\/beretninger-fra-eleverne\/elevhistorier\/santiago-tilbragte-et-ar-i-udlandet-i-tyskland\/#primaryimage"},"image":{"@id":"https:\/\/www.sts-education.com\/dk\/high-school\/beretninger-fra-eleverne\/elevhistorier\/santiago-tilbragte-et-ar-i-udlandet-i-tyskland\/#primaryimage"},"thumbnailUrl":"https:\/\/powered-by.qbank.se\/educatius\/sts\/\/43e68672be7254d15af7e5ab3b6ccc65_1-1-thumb.webp","datePublished":"2025-04-29T10:00:00+00:00","dateModified":"2026-04-29T07:40:15+00:00","author":{"@id":"https:\/\/www.sts-education.com\/dk\/#\/schema\/person\/8b82f3a2e45f020b8f296d7a85d9a97c"},"description":"Jeg valgte at rejse udenlands, fordi jeg \u00f8nskede at opleve en ny kultur, forbedre mine sprogkundskaber og udfordre mig selv ved at tr\u00e6de ud af min komfortzone.","breadcrumb":{"@id":"https:\/\/www.sts-education.com\/dk\/high-school\/beretninger-fra-eleverne\/elevhistorier\/santiago-tilbragte-et-ar-i-udlandet-i-tyskland\/#breadcrumb"},"inLanguage":"da-DK","potentialAction":[{"@type":"ReadAction","target":["https:\/\/www.sts-education.com\/dk\/high-school\/beretninger-fra-eleverne\/elevhistorier\/santiago-tilbragte-et-ar-i-udlandet-i-tyskland\/"]}]},{"@type":"ImageObject","inLanguage":"da-DK","@id":"https:\/\/www.sts-education.com\/dk\/high-school\/beretninger-fra-eleverne\/elevhistorier\/santiago-tilbragte-et-ar-i-udlandet-i-tyskland\/#primaryimage","url":"https:\/\/powered-by.qbank.se\/educatius\/sts\/\/43e68672be7254d15af7e5ab3b6ccc65_1-1-thumb.webp","contentUrl":"https:\/\/powered-by.qbank.se\/educatius\/sts\/\/43e68672be7254d15af7e5ab3b6ccc65_1-1-thumb.webp","width":150,"height":150},{"@type":"BreadcrumbList","@id":"https:\/\/www.sts-education.com\/dk\/high-school\/beretninger-fra-eleverne\/elevhistorier\/santiago-tilbragte-et-ar-i-udlandet-i-tyskland\/#breadcrumb","itemListElement":[{"@type":"ListItem","position":1,"name":"Home","item":"https:\/\/www.sts-education.com\/dk\/sample-page\/"},{"@type":"ListItem","position":2,"name":"Santiago Tilbragte Et Ar I Udlandet I Tyskland"}]},{"@type":"WebSite","@id":"https:\/\/www.sts-education.com\/dk\/#website","url":"https:\/\/www.sts-education.com\/dk\/","name":"STS Education","description":"","potentialAction":[{"@type":"SearchAction","target":{"@type":"EntryPoint","urlTemplate":"https:\/\/www.sts-education.com\/dk\/?s={search_term_string}"},"query-input":{"@type":"PropertyValueSpecification","valueRequired":true,"valueName":"search_term_string"}}],"inLanguage":"da-DK"},{"@type":"Person","@id":"https:\/\/www.sts-education.com\/dk\/#\/schema\/person\/8b82f3a2e45f020b8f296d7a85d9a97c","name":"syncreadwrite","image":{"@type":"ImageObject","inLanguage":"da-DK","@id":"https:\/\/secure.gravatar.com\/avatar\/6ed1007e4f6f43f22e3df41d9fce4365533cba47fef64bb359b8e629abbc2ea6?s=96&d=mm&r=g","url":"https:\/\/secure.gravatar.com\/avatar\/6ed1007e4f6f43f22e3df41d9fce4365533cba47fef64bb359b8e629abbc2ea6?s=96&d=mm&r=g","contentUrl":"https:\/\/secure.gravatar.com\/avatar\/6ed1007e4f6f43f22e3df41d9fce4365533cba47fef64bb359b8e629abbc2ea6?s=96&d=mm&r=g","caption":"syncreadwrite"},"url":"https:\/\/www.sts-education.com\/dk\/author\/syncreadwrite\/"}]}},"_links":{"self":[{"href":"https:\/\/www.sts-education.com\/dk\/wp-json\/wp\/v2\/posts\/11417","targetHints":{"allow":["GET"]}}],"collection":[{"href":"https:\/\/www.sts-education.com\/dk\/wp-json\/wp\/v2\/posts"}],"about":[{"href":"https:\/\/www.sts-education.com\/dk\/wp-json\/wp\/v2\/types\/post"}],"author":[{"embeddable":true,"href":"https:\/\/www.sts-education.com\/dk\/wp-json\/wp\/v2\/users\/20"}],"replies":[{"embeddable":true,"href":"https:\/\/www.sts-education.com\/dk\/wp-json\/wp\/v2\/comments?post=11417"}],"version-history":[{"count":7,"href":"https:\/\/www.sts-education.com\/dk\/wp-json\/wp\/v2\/posts\/11417\/revisions"}],"predecessor-version":[{"id":43236,"href":"https:\/\/www.sts-education.com\/dk\/wp-json\/wp\/v2\/posts\/11417\/revisions\/43236"}],"wp:featuredmedia":[{"embeddable":true,"href":"https:\/\/www.sts-education.com\/dk\/wp-json\/wp\/v2\/media\/40504"}],"wp:attachment":[{"href":"https:\/\/www.sts-education.com\/dk\/wp-json\/wp\/v2\/media?parent=11417"}],"wp:term":[{"taxonomy":"category","embeddable":true,"href":"https:\/\/www.sts-education.com\/dk\/wp-json\/wp\/v2\/categories?post=11417"},{"taxonomy":"post_tag","embeddable":true,"href":"https:\/\/www.sts-education.com\/dk\/wp-json\/wp\/v2\/tags?post=11417"},{"taxonomy":"wpw_post_folders","embeddable":true,"href":"https:\/\/www.sts-education.com\/dk\/wp-json\/wp\/v2\/wpw_post_folders?post=11417"}],"curies":[{"name":"wp","href":"https:\/\/api.w.org\/{rel}","templated":true}]}}