{"id":11421,"date":"2025-01-14T12:00:00","date_gmt":"2025-01-14T10:00:00","guid":{"rendered":"https:\/\/preprod.sts-education.com\/blog\/2026\/03\/05\/marta-valgte-at-studere-i-tyskland\/"},"modified":"2026-04-29T09:45:24","modified_gmt":"2026-04-29T07:45:24","slug":"marta-valgte-at-studere-i-tyskland","status":"publish","type":"post","link":"https:\/\/www.sts-education.com\/dk\/high-school\/beretninger-fra-eleverne\/elevhistorier\/marta-valgte-at-studere-i-tyskland\/","title":{"rendered":"Marta Valgte At Studere I Tyskland"},"content":{"rendered":"\n<div class=\"wp-block-sts-text sts-text-editor has-max-width-md\"><div class=\"sts-text-editor__content\"><div class=\"sts-text-editor__content-inner\">\n<h1 style=\"text-align:center\">Marta valgte at studere i Tyskland<\/h1>\n<\/div><\/div><\/div>\n\n\n\n<figure class=\"wp-block-sts-image sts-block-image sts-block-image--count-1 has-max-width-lg\" data-count=\"1\"><div class=\"sts-block-image__grid\"><div class=\"sts-block-image__item\"><picture class=\"sts-responsive-image has-fit-cover has-pos-top is-skeleton\"><source media=\"(max-width: 834.98px)\" srcset=\"https:\/\/powered-by.qbank.se\/educatius\/sts\/9c2bee71286d52b7611051a8229b911b_1-1-thumb.webp 150w, https:\/\/powered-by.qbank.se\/educatius\/sts\/9c2bee71286d52b7611051a8229b911b_1-1-xsmall.webp 500w, https:\/\/powered-by.qbank.se\/educatius\/sts\/9c2bee71286d52b7611051a8229b911b_1-1-small.webp 800w, https:\/\/powered-by.qbank.se\/educatius\/sts\/9c2bee71286d52b7611051a8229b911b_1-1-medium.webp 1024w, https:\/\/powered-by.qbank.se\/educatius\/sts\/9c2bee71286d52b7611051a8229b911b_1-1-large.webp 1536w\" sizes=\"(max-width: 768px) 100vw, (max-width: 1200px) 100vw, 1200px\" type=\"image\/webp\"\/><source media=\"(min-width: 835px)\" srcset=\"https:\/\/powered-by.qbank.se\/educatius\/sts\/9c2bee71286d52b7611051a8229b911b_16-9-small.webp 800w, https:\/\/powered-by.qbank.se\/educatius\/sts\/9c2bee71286d52b7611051a8229b911b_16-9-medium.webp 1024w, https:\/\/powered-by.qbank.se\/educatius\/sts\/9c2bee71286d52b7611051a8229b911b_16-9-large.webp 1536w\" sizes=\"(max-width: 768px) 100vw, (max-width: 1200px) 100vw, 1200px\" type=\"image\/webp\"\/><img src=\"https:\/\/powered-by.qbank.se\/educatius\/sts\/9c2bee71286d52b7611051a8229b911b_1-1-thumb.webp\" alt=\"Marta valgte at studere i Tyskland\" loading=\"lazy\" decoding=\"async\" fetchpriority=\"low\" style=\"object-position:top\"\/><\/picture><\/div><\/div><\/figure>\n\n\n\n<div class=\"wp-block-sts-text sts-text-editor has-max-width-md\"><div class=\"sts-text-editor__content\"><div class=\"sts-text-editor__content-inner\">\n<p><em>Marta fra Italien tilbragte 3 m\u00e5neder i Tyskland.<\/em><\/p>\n<p>Jeg var i Tyskland som udvekslingsstudent i tre m\u00e5neder, en kort, men intens oplevelse, som gav mig mulighed for at vokse og l\u00e6re en masse. Jeg valgte denne oplevelse, fordi jeg gerne ville teste mig selv, komme ud af min komfortzone og udforske en ny kultur.<\/p>\n<\/div><\/div><\/div>\n\n\n\n<div class=\"wp-block-sts-text sts-text-editor has-max-width-md\"><div class=\"sts-text-editor__content\"><div class=\"sts-text-editor__content-inner\">\n<h2>Hvorfor Tyskland<\/h2>\n<p>Jeg valgte Tyskland, fordi jeg er fascineret af landets kultur, historie og sprog. Jeg ville ogs\u00e5 gerne forbedre mit tyske og opleve et helt andet skolemilj\u00f8.<\/p>\n<h2>Skole og venner<\/h2>\n<p>I skolen havde jeg det altid meget sjovt. I starten var jeg lidt fortabt, men l\u00e6rerne og eleverne var meget im\u00f8dekommende.<\/p>\n<p>Det var lidt sv\u00e6rt i starten, mest p\u00e5 grund af sproget, men jeg fandt ud af, at det hjalp mig meget at v\u00e6re nysgerrig og vise entusiasme. Med tiden har jeg f\u00e5et venner, som jeg h\u00e5ber vil vare for evigt.<\/p>\n<h2>At bo hos en v\u00e6rtsfamilie<\/h2>\n<p>Det var vidunderligt at bo hos min v\u00e6rtsfamilie. De fik mig til at f\u00f8le mig hjemme fra f\u00f8rste dag og hjalp mig gennem de f\u00f8rste vanskeligheder. Jeg elskede den tid, jeg tilbragte sammen med dem, og vi holder stadig kontakten, selv efter at jeg er taget af sted. Det bedste var deres tilg\u00e6ngelighed og varme. De fik mig til at f\u00f8le mig som en del af familien og l\u00e6rte mig en masse om tysk kultur, lige fra traditioner til sm\u00e5 hverdagsvaner.<\/p>\n<p>Et sjovt minde var, da jeg pr\u00f8vede at lave en typisk ret fra mit land til min v\u00e6rtsfamilie. Det blev ikke helt, som jeg havde h\u00e5bet, men vi grinte meget, og i sidste ende var det et dejligt \u00f8jeblik, hvor vi delte noget.<\/p>\n<h2>Hvad jeg har l\u00e6rt, og hvad udvekslingen har givet mig<\/h2>\n<ul><li>Jeg har l\u00e6rt at tilpasse mig nye situationer, at have mere tillid til mig selv og at se tingene fra et andet perspektiv. Jeg har forst\u00e5et, hvor vigtigt det er at v\u00e6re \u00e5ben og nysgerrig p\u00e5 verden.<\/li>\n<li>Et skole\u00e5r i udlandet er en livs\u00e6ndrende oplevelse. Det l\u00e6rer dig s\u00e5 meget og giver dig minder og venskaber, der varer for evigt. At studere i udlandet giver dig mulighed for at vokse som person. Det hj\u00e6lper dig med at udvikle uafh\u00e6ngighed, selvtillid og tilpasningsevne. Det giver dig ogs\u00e5 mulighed for at opleve en anden kultur, forbedre et fremmedsprog og skabe meningsfulde forbindelser med mennesker fra hele verden. Det er en unik oplevelse, som beriger dig p\u00e5 alle m\u00e5der.<\/li>\n<li>Jeg tror, at denne oplevelse har gjort mig mere selvsikker og \u00e5ben over for verden. Den har l\u00e6rt mig at h\u00e5ndtere nye situationer og arbejde med mennesker fra forskellige kulturer &#8211; egenskaber, der vil v\u00e6re nyttige i min karriere. Desuden kan et godt kendskab til tysk \u00e5bne op for nye professionelle muligheder for mig i fremtiden.<\/li><\/ul>\n<h2>Mit bedste r\u00e5d<\/h2>\n<p>Mit r\u00e5d er at g\u00e5 til oplevelsen med entusiasme og et \u00e5bent sind. Det er vigtigt ikke at v\u00e6re bange for at beg\u00e5 fejl og at udnytte enhver mulighed for at l\u00e6re. Hvis jeg kunne g\u00e5 tilbage, ville jeg fors\u00f8ge at v\u00e6re endnu mere modig fra starten, is\u00e6r n\u00e5r det g\u00e6lder om at tale sproget, uden at bekymre mig for meget om at beg\u00e5 fejl.<\/p>\n<h2>Find ud af mere!<\/h2>\n<ul><li>L\u00e6s flere <a href=\"https:\/\/www.sts-education.com\/dk\/high-school\/beretninger-fra-eleverne\/elevhistorier\/?hashtag=Tyskland\">elevhistorier fra Tyskland<\/a><\/li>\n<li>L\u00e6s mere om <a href=\"https:\/\/www.sts-education.com\/dk\/high-school\/programlande\/europa\/tyskland\/\">high school-udveksling i Tyskland<\/a><\/li>\n<li>Se alle vores <a href=\"\/dk\/high-school\/tripfinder\/\">destinationer for high school-udveksling<\/a><\/li><\/ul>\n<\/div><\/div><\/div>\n","protected":false},"excerpt":{"rendered":"","protected":false},"author":20,"featured_media":12808,"comment_status":"open","ping_status":"open","sticky":false,"template":"","format":"standard","meta":{"_acf_changed":false,"_yoast_wpseo_title":"Marta valgte at studere i Tyskland","_yoast_wpseo_metadesc":"Jeg valgte Tyskland, fordi jeg er fascineret af landets kultur, historie og sprog. Jeg ville ogs\u00e5 gerne forbedre mit tyske og opleve et helt andet skolemilj\u00f8.","footnotes":""},"categories":[305],"tags":[886],"wpw_post_folders":[],"class_list":["post-11421","post","type-post","status-publish","format-standard","has-post-thumbnail","hentry","category-uncategorized-da","tag-tyskland"],"acf":[],"yoast_head":"<!-- This site is optimized with the Yoast SEO Premium plugin v27.2 (Yoast SEO v27.2) - https:\/\/yoast.com\/product\/yoast-seo-premium-wordpress\/ -->\n<title>Marta valgte at studere i Tyskland<\/title>\n<meta name=\"description\" content=\"Jeg valgte Tyskland, fordi jeg er fascineret af landets kultur, historie og sprog. Jeg ville ogs\u00e5 gerne forbedre mit tyske og opleve et helt andet skolemilj\u00f8.\" \/>\n<meta name=\"robots\" content=\"index, follow, max-snippet:-1, max-image-preview:large, max-video-preview:-1\" \/>\n<link rel=\"canonical\" href=\"https:\/\/www.sts-education.com\/dk\/high-school\/beretninger-fra-eleverne\/elevhistorier\/marta-valgte-at-studere-i-tyskland\/\" \/>\n<meta property=\"og:locale\" content=\"da_DK\" \/>\n<meta property=\"og:type\" content=\"article\" \/>\n<meta property=\"og:title\" content=\"Marta Valgte At Studere I Tyskland\" \/>\n<meta property=\"og:description\" content=\"Jeg valgte Tyskland, fordi jeg er fascineret af landets kultur, historie og sprog. Jeg ville ogs\u00e5 gerne forbedre mit tyske og opleve et helt andet skolemilj\u00f8.\" \/>\n<meta property=\"og:url\" content=\"https:\/\/www.sts-education.com\/dk\/high-school\/beretninger-fra-eleverne\/elevhistorier\/marta-valgte-at-studere-i-tyskland\/\" \/>\n<meta property=\"og:site_name\" content=\"STS Education\" \/>\n<meta property=\"article:published_time\" content=\"2025-01-14T10:00:00+00:00\" \/>\n<meta property=\"article:modified_time\" content=\"2026-04-29T07:45:24+00:00\" \/>\n<meta property=\"og:image\" content=\"https:\/\/powered-by.qbank.se\/educatius\/sts\/\/9c2bee71286d52b7611051a8229b911b_1-1-thumb.webp\" \/>\n\t<meta property=\"og:image:width\" content=\"150\" \/>\n\t<meta property=\"og:image:height\" content=\"150\" \/>\n\t<meta property=\"og:image:type\" content=\"image\/png\" \/>\n<meta name=\"author\" content=\"syncreadwrite\" \/>\n<meta name=\"twitter:card\" content=\"summary_large_image\" \/>\n<meta name=\"twitter:label1\" content=\"Skrevet af\" \/>\n\t<meta name=\"twitter:data1\" content=\"syncreadwrite\" \/>\n\t<meta name=\"twitter:label2\" content=\"Estimeret l\u00e6setid\" \/>\n\t<meta name=\"twitter:data2\" content=\"3 minutter\" \/>\n<script type=\"application\/ld+json\" class=\"yoast-schema-graph\">{\"@context\":\"https:\/\/schema.org\",\"@graph\":[{\"@type\":\"Article\",\"@id\":\"https:\/\/www.sts-education.com\/dk\/high-school\/beretninger-fra-eleverne\/elevhistorier\/marta-valgte-at-studere-i-tyskland\/#article\",\"isPartOf\":{\"@id\":\"https:\/\/www.sts-education.com\/dk\/high-school\/beretninger-fra-eleverne\/elevhistorier\/marta-valgte-at-studere-i-tyskland\/\"},\"author\":{\"name\":\"syncreadwrite\",\"@id\":\"https:\/\/www.sts-education.com\/dk\/#\/schema\/person\/8b82f3a2e45f020b8f296d7a85d9a97c\"},\"headline\":\"Marta Valgte At Studere I Tyskland\",\"datePublished\":\"2025-01-14T10:00:00+00:00\",\"dateModified\":\"2026-04-29T07:45:24+00:00\",\"mainEntityOfPage\":{\"@id\":\"https:\/\/www.sts-education.com\/dk\/high-school\/beretninger-fra-eleverne\/elevhistorier\/marta-valgte-at-studere-i-tyskland\/\"},\"wordCount\":603,\"commentCount\":0,\"image\":{\"@id\":\"https:\/\/www.sts-education.com\/dk\/high-school\/beretninger-fra-eleverne\/elevhistorier\/marta-valgte-at-studere-i-tyskland\/#primaryimage\"},\"thumbnailUrl\":\"https:\/\/powered-by.qbank.se\/educatius\/sts\/\/9c2bee71286d52b7611051a8229b911b_1-1-thumb.webp\",\"keywords\":[\"Tyskland\"],\"articleSection\":[\"Uncategorized @da\"],\"inLanguage\":\"da-DK\",\"potentialAction\":[{\"@type\":\"CommentAction\",\"name\":\"Comment\",\"target\":[\"https:\/\/www.sts-education.com\/dk\/high-school\/beretninger-fra-eleverne\/elevhistorier\/marta-valgte-at-studere-i-tyskland\/#respond\"]}]},{\"@type\":\"WebPage\",\"@id\":\"https:\/\/www.sts-education.com\/dk\/high-school\/beretninger-fra-eleverne\/elevhistorier\/marta-valgte-at-studere-i-tyskland\/\",\"url\":\"https:\/\/www.sts-education.com\/dk\/high-school\/beretninger-fra-eleverne\/elevhistorier\/marta-valgte-at-studere-i-tyskland\/\",\"name\":\"Marta valgte at studere i Tyskland\",\"isPartOf\":{\"@id\":\"https:\/\/www.sts-education.com\/dk\/#website\"},\"primaryImageOfPage\":{\"@id\":\"https:\/\/www.sts-education.com\/dk\/high-school\/beretninger-fra-eleverne\/elevhistorier\/marta-valgte-at-studere-i-tyskland\/#primaryimage\"},\"image\":{\"@id\":\"https:\/\/www.sts-education.com\/dk\/high-school\/beretninger-fra-eleverne\/elevhistorier\/marta-valgte-at-studere-i-tyskland\/#primaryimage\"},\"thumbnailUrl\":\"https:\/\/powered-by.qbank.se\/educatius\/sts\/\/9c2bee71286d52b7611051a8229b911b_1-1-thumb.webp\",\"datePublished\":\"2025-01-14T10:00:00+00:00\",\"dateModified\":\"2026-04-29T07:45:24+00:00\",\"author\":{\"@id\":\"https:\/\/www.sts-education.com\/dk\/#\/schema\/person\/8b82f3a2e45f020b8f296d7a85d9a97c\"},\"description\":\"Jeg valgte Tyskland, fordi jeg er fascineret af landets kultur, historie og sprog. Jeg ville ogs\u00e5 gerne forbedre mit tyske og opleve et helt andet skolemilj\u00f8.\",\"breadcrumb\":{\"@id\":\"https:\/\/www.sts-education.com\/dk\/high-school\/beretninger-fra-eleverne\/elevhistorier\/marta-valgte-at-studere-i-tyskland\/#breadcrumb\"},\"inLanguage\":\"da-DK\",\"potentialAction\":[{\"@type\":\"ReadAction\",\"target\":[\"https:\/\/www.sts-education.com\/dk\/high-school\/beretninger-fra-eleverne\/elevhistorier\/marta-valgte-at-studere-i-tyskland\/\"]}]},{\"@type\":\"ImageObject\",\"inLanguage\":\"da-DK\",\"@id\":\"https:\/\/www.sts-education.com\/dk\/high-school\/beretninger-fra-eleverne\/elevhistorier\/marta-valgte-at-studere-i-tyskland\/#primaryimage\",\"url\":\"https:\/\/powered-by.qbank.se\/educatius\/sts\/\/9c2bee71286d52b7611051a8229b911b_1-1-thumb.webp\",\"contentUrl\":\"https:\/\/powered-by.qbank.se\/educatius\/sts\/\/9c2bee71286d52b7611051a8229b911b_1-1-thumb.webp\",\"width\":150,\"height\":150},{\"@type\":\"BreadcrumbList\",\"@id\":\"https:\/\/www.sts-education.com\/dk\/high-school\/beretninger-fra-eleverne\/elevhistorier\/marta-valgte-at-studere-i-tyskland\/#breadcrumb\",\"itemListElement\":[{\"@type\":\"ListItem\",\"position\":1,\"name\":\"Home\",\"item\":\"https:\/\/www.sts-education.com\/dk\/sample-page\/\"},{\"@type\":\"ListItem\",\"position\":2,\"name\":\"Marta Valgte At Studere I Tyskland\"}]},{\"@type\":\"WebSite\",\"@id\":\"https:\/\/www.sts-education.com\/dk\/#website\",\"url\":\"https:\/\/www.sts-education.com\/dk\/\",\"name\":\"STS Education\",\"description\":\"\",\"potentialAction\":[{\"@type\":\"SearchAction\",\"target\":{\"@type\":\"EntryPoint\",\"urlTemplate\":\"https:\/\/www.sts-education.com\/dk\/?s={search_term_string}\"},\"query-input\":{\"@type\":\"PropertyValueSpecification\",\"valueRequired\":true,\"valueName\":\"search_term_string\"}}],\"inLanguage\":\"da-DK\"},{\"@type\":\"Person\",\"@id\":\"https:\/\/www.sts-education.com\/dk\/#\/schema\/person\/8b82f3a2e45f020b8f296d7a85d9a97c\",\"name\":\"syncreadwrite\",\"image\":{\"@type\":\"ImageObject\",\"inLanguage\":\"da-DK\",\"@id\":\"https:\/\/secure.gravatar.com\/avatar\/6ed1007e4f6f43f22e3df41d9fce4365533cba47fef64bb359b8e629abbc2ea6?s=96&d=mm&r=g\",\"url\":\"https:\/\/secure.gravatar.com\/avatar\/6ed1007e4f6f43f22e3df41d9fce4365533cba47fef64bb359b8e629abbc2ea6?s=96&d=mm&r=g\",\"contentUrl\":\"https:\/\/secure.gravatar.com\/avatar\/6ed1007e4f6f43f22e3df41d9fce4365533cba47fef64bb359b8e629abbc2ea6?s=96&d=mm&r=g\",\"caption\":\"syncreadwrite\"},\"url\":\"https:\/\/www.sts-education.com\/dk\/author\/syncreadwrite\/\"}]}<\/script>\n<!-- \/ Yoast SEO Premium plugin. -->","yoast_head_json":{"title":"Marta valgte at studere i Tyskland","description":"Jeg valgte Tyskland, fordi jeg er fascineret af landets kultur, historie og sprog. Jeg ville ogs\u00e5 gerne forbedre mit tyske og opleve et helt andet skolemilj\u00f8.","robots":{"index":"index","follow":"follow","max-snippet":"max-snippet:-1","max-image-preview":"max-image-preview:large","max-video-preview":"max-video-preview:-1"},"canonical":"https:\/\/www.sts-education.com\/dk\/high-school\/beretninger-fra-eleverne\/elevhistorier\/marta-valgte-at-studere-i-tyskland\/","og_locale":"da_DK","og_type":"article","og_title":"Marta Valgte At Studere I Tyskland","og_description":"Jeg valgte Tyskland, fordi jeg er fascineret af landets kultur, historie og sprog. Jeg ville ogs\u00e5 gerne forbedre mit tyske og opleve et helt andet skolemilj\u00f8.","og_url":"https:\/\/www.sts-education.com\/dk\/high-school\/beretninger-fra-eleverne\/elevhistorier\/marta-valgte-at-studere-i-tyskland\/","og_site_name":"STS Education","article_published_time":"2025-01-14T10:00:00+00:00","article_modified_time":"2026-04-29T07:45:24+00:00","og_image":[{"width":150,"height":150,"url":"https:\/\/powered-by.qbank.se\/educatius\/sts\/\/9c2bee71286d52b7611051a8229b911b_1-1-thumb.webp","type":"image\/png"}],"author":"syncreadwrite","twitter_card":"summary_large_image","twitter_misc":{"Skrevet af":"syncreadwrite","Estimeret l\u00e6setid":"3 minutter"},"schema":{"@context":"https:\/\/schema.org","@graph":[{"@type":"Article","@id":"https:\/\/www.sts-education.com\/dk\/high-school\/beretninger-fra-eleverne\/elevhistorier\/marta-valgte-at-studere-i-tyskland\/#article","isPartOf":{"@id":"https:\/\/www.sts-education.com\/dk\/high-school\/beretninger-fra-eleverne\/elevhistorier\/marta-valgte-at-studere-i-tyskland\/"},"author":{"name":"syncreadwrite","@id":"https:\/\/www.sts-education.com\/dk\/#\/schema\/person\/8b82f3a2e45f020b8f296d7a85d9a97c"},"headline":"Marta Valgte At Studere I Tyskland","datePublished":"2025-01-14T10:00:00+00:00","dateModified":"2026-04-29T07:45:24+00:00","mainEntityOfPage":{"@id":"https:\/\/www.sts-education.com\/dk\/high-school\/beretninger-fra-eleverne\/elevhistorier\/marta-valgte-at-studere-i-tyskland\/"},"wordCount":603,"commentCount":0,"image":{"@id":"https:\/\/www.sts-education.com\/dk\/high-school\/beretninger-fra-eleverne\/elevhistorier\/marta-valgte-at-studere-i-tyskland\/#primaryimage"},"thumbnailUrl":"https:\/\/powered-by.qbank.se\/educatius\/sts\/\/9c2bee71286d52b7611051a8229b911b_1-1-thumb.webp","keywords":["Tyskland"],"articleSection":["Uncategorized @da"],"inLanguage":"da-DK","potentialAction":[{"@type":"CommentAction","name":"Comment","target":["https:\/\/www.sts-education.com\/dk\/high-school\/beretninger-fra-eleverne\/elevhistorier\/marta-valgte-at-studere-i-tyskland\/#respond"]}]},{"@type":"WebPage","@id":"https:\/\/www.sts-education.com\/dk\/high-school\/beretninger-fra-eleverne\/elevhistorier\/marta-valgte-at-studere-i-tyskland\/","url":"https:\/\/www.sts-education.com\/dk\/high-school\/beretninger-fra-eleverne\/elevhistorier\/marta-valgte-at-studere-i-tyskland\/","name":"Marta valgte at studere i Tyskland","isPartOf":{"@id":"https:\/\/www.sts-education.com\/dk\/#website"},"primaryImageOfPage":{"@id":"https:\/\/www.sts-education.com\/dk\/high-school\/beretninger-fra-eleverne\/elevhistorier\/marta-valgte-at-studere-i-tyskland\/#primaryimage"},"image":{"@id":"https:\/\/www.sts-education.com\/dk\/high-school\/beretninger-fra-eleverne\/elevhistorier\/marta-valgte-at-studere-i-tyskland\/#primaryimage"},"thumbnailUrl":"https:\/\/powered-by.qbank.se\/educatius\/sts\/\/9c2bee71286d52b7611051a8229b911b_1-1-thumb.webp","datePublished":"2025-01-14T10:00:00+00:00","dateModified":"2026-04-29T07:45:24+00:00","author":{"@id":"https:\/\/www.sts-education.com\/dk\/#\/schema\/person\/8b82f3a2e45f020b8f296d7a85d9a97c"},"description":"Jeg valgte Tyskland, fordi jeg er fascineret af landets kultur, historie og sprog. Jeg ville ogs\u00e5 gerne forbedre mit tyske og opleve et helt andet skolemilj\u00f8.","breadcrumb":{"@id":"https:\/\/www.sts-education.com\/dk\/high-school\/beretninger-fra-eleverne\/elevhistorier\/marta-valgte-at-studere-i-tyskland\/#breadcrumb"},"inLanguage":"da-DK","potentialAction":[{"@type":"ReadAction","target":["https:\/\/www.sts-education.com\/dk\/high-school\/beretninger-fra-eleverne\/elevhistorier\/marta-valgte-at-studere-i-tyskland\/"]}]},{"@type":"ImageObject","inLanguage":"da-DK","@id":"https:\/\/www.sts-education.com\/dk\/high-school\/beretninger-fra-eleverne\/elevhistorier\/marta-valgte-at-studere-i-tyskland\/#primaryimage","url":"https:\/\/powered-by.qbank.se\/educatius\/sts\/\/9c2bee71286d52b7611051a8229b911b_1-1-thumb.webp","contentUrl":"https:\/\/powered-by.qbank.se\/educatius\/sts\/\/9c2bee71286d52b7611051a8229b911b_1-1-thumb.webp","width":150,"height":150},{"@type":"BreadcrumbList","@id":"https:\/\/www.sts-education.com\/dk\/high-school\/beretninger-fra-eleverne\/elevhistorier\/marta-valgte-at-studere-i-tyskland\/#breadcrumb","itemListElement":[{"@type":"ListItem","position":1,"name":"Home","item":"https:\/\/www.sts-education.com\/dk\/sample-page\/"},{"@type":"ListItem","position":2,"name":"Marta Valgte At Studere I Tyskland"}]},{"@type":"WebSite","@id":"https:\/\/www.sts-education.com\/dk\/#website","url":"https:\/\/www.sts-education.com\/dk\/","name":"STS Education","description":"","potentialAction":[{"@type":"SearchAction","target":{"@type":"EntryPoint","urlTemplate":"https:\/\/www.sts-education.com\/dk\/?s={search_term_string}"},"query-input":{"@type":"PropertyValueSpecification","valueRequired":true,"valueName":"search_term_string"}}],"inLanguage":"da-DK"},{"@type":"Person","@id":"https:\/\/www.sts-education.com\/dk\/#\/schema\/person\/8b82f3a2e45f020b8f296d7a85d9a97c","name":"syncreadwrite","image":{"@type":"ImageObject","inLanguage":"da-DK","@id":"https:\/\/secure.gravatar.com\/avatar\/6ed1007e4f6f43f22e3df41d9fce4365533cba47fef64bb359b8e629abbc2ea6?s=96&d=mm&r=g","url":"https:\/\/secure.gravatar.com\/avatar\/6ed1007e4f6f43f22e3df41d9fce4365533cba47fef64bb359b8e629abbc2ea6?s=96&d=mm&r=g","contentUrl":"https:\/\/secure.gravatar.com\/avatar\/6ed1007e4f6f43f22e3df41d9fce4365533cba47fef64bb359b8e629abbc2ea6?s=96&d=mm&r=g","caption":"syncreadwrite"},"url":"https:\/\/www.sts-education.com\/dk\/author\/syncreadwrite\/"}]}},"_links":{"self":[{"href":"https:\/\/www.sts-education.com\/dk\/wp-json\/wp\/v2\/posts\/11421","targetHints":{"allow":["GET"]}}],"collection":[{"href":"https:\/\/www.sts-education.com\/dk\/wp-json\/wp\/v2\/posts"}],"about":[{"href":"https:\/\/www.sts-education.com\/dk\/wp-json\/wp\/v2\/types\/post"}],"author":[{"embeddable":true,"href":"https:\/\/www.sts-education.com\/dk\/wp-json\/wp\/v2\/users\/20"}],"replies":[{"embeddable":true,"href":"https:\/\/www.sts-education.com\/dk\/wp-json\/wp\/v2\/comments?post=11421"}],"version-history":[{"count":7,"href":"https:\/\/www.sts-education.com\/dk\/wp-json\/wp\/v2\/posts\/11421\/revisions"}],"predecessor-version":[{"id":43287,"href":"https:\/\/www.sts-education.com\/dk\/wp-json\/wp\/v2\/posts\/11421\/revisions\/43287"}],"wp:featuredmedia":[{"embeddable":true,"href":"https:\/\/www.sts-education.com\/dk\/wp-json\/wp\/v2\/media\/12808"}],"wp:attachment":[{"href":"https:\/\/www.sts-education.com\/dk\/wp-json\/wp\/v2\/media?parent=11421"}],"wp:term":[{"taxonomy":"category","embeddable":true,"href":"https:\/\/www.sts-education.com\/dk\/wp-json\/wp\/v2\/categories?post=11421"},{"taxonomy":"post_tag","embeddable":true,"href":"https:\/\/www.sts-education.com\/dk\/wp-json\/wp\/v2\/tags?post=11421"},{"taxonomy":"wpw_post_folders","embeddable":true,"href":"https:\/\/www.sts-education.com\/dk\/wp-json\/wp\/v2\/wpw_post_folders?post=11421"}],"curies":[{"name":"wp","href":"https:\/\/api.w.org\/{rel}","templated":true}]}}