{"id":11422,"date":"2024-12-10T13:00:00","date_gmt":"2024-12-10T11:00:00","guid":{"rendered":"https:\/\/preprod.sts-education.com\/blog\/2026\/03\/05\/teresa-studerede-i-udlandet-pa-irland\/"},"modified":"2026-04-29T09:45:49","modified_gmt":"2026-04-29T07:45:49","slug":"teresa-studerede-i-udlandet-pa-irland","status":"publish","type":"post","link":"https:\/\/www.sts-education.com\/dk\/high-school\/beretninger-fra-eleverne\/elevhistorier\/teresa-studerede-i-udlandet-pa-irland\/","title":{"rendered":"Teresa Studerede I Udlandet Pa Irland"},"content":{"rendered":"\n<div class=\"wp-block-sts-text sts-text-editor has-max-width-md\"><div class=\"sts-text-editor__content\"><div class=\"sts-text-editor__content-inner\">\n<h1 style=\"text-align:center\">Teresa studerede i udlandet p\u00e5 Irland<\/h1>\n<\/div><\/div><\/div>\n\n\n\n<figure class=\"wp-block-sts-image sts-block-image sts-block-image--count-1 has-max-width-lg\" data-count=\"1\"><div class=\"sts-block-image__grid\"><div class=\"sts-block-image__item\"><picture class=\"sts-responsive-image has-fit-cover has-pos-top is-skeleton\"><source media=\"(max-width: 834.98px)\" srcset=\"https:\/\/powered-by.qbank.se\/educatius\/sts\/f48f4aef984eb75cfa8c6782968a6639_1-1-thumb.webp 150w, https:\/\/powered-by.qbank.se\/educatius\/sts\/f48f4aef984eb75cfa8c6782968a6639_1-1-xsmall.webp 500w, https:\/\/powered-by.qbank.se\/educatius\/sts\/f48f4aef984eb75cfa8c6782968a6639_1-1-small.webp 800w, https:\/\/powered-by.qbank.se\/educatius\/sts\/f48f4aef984eb75cfa8c6782968a6639_1-1-medium.webp 1024w, https:\/\/powered-by.qbank.se\/educatius\/sts\/f48f4aef984eb75cfa8c6782968a6639_1-1-large.webp 1536w\" sizes=\"(max-width: 768px) 100vw, (max-width: 1200px) 100vw, 1200px\" type=\"image\/webp\"\/><source media=\"(min-width: 835px)\" srcset=\"https:\/\/powered-by.qbank.se\/educatius\/sts\/f48f4aef984eb75cfa8c6782968a6639_16-9-small.webp 800w, https:\/\/powered-by.qbank.se\/educatius\/sts\/f48f4aef984eb75cfa8c6782968a6639_16-9-medium.webp 1024w, https:\/\/powered-by.qbank.se\/educatius\/sts\/f48f4aef984eb75cfa8c6782968a6639_16-9-large.webp 1536w\" sizes=\"(max-width: 768px) 100vw, (max-width: 1200px) 100vw, 1200px\" type=\"image\/webp\"\/><img src=\"https:\/\/powered-by.qbank.se\/educatius\/sts\/f48f4aef984eb75cfa8c6782968a6639_1-1-thumb.webp\" alt=\"Teresa studerede i udlandet p\u00e5 Irland\" loading=\"lazy\" decoding=\"async\" fetchpriority=\"low\" style=\"object-position:top\"\/><\/picture><\/div><\/div><\/figure>\n\n\n\n<div class=\"wp-block-sts-text sts-text-editor has-max-width-md\"><div class=\"sts-text-editor__content\"><div class=\"sts-text-editor__content-inner\">\n<p><em>Teresa fra \u00d8strig var p\u00e5 udveksling p\u00e5 Irland.<\/em><\/p>\n<p>Da jeg var 17 \u00e5r, fik jeg den fantastiske mulighed at tilbringe fem m\u00e5neder p\u00e5 Irland, p\u00e5 udveksling med STS. Det var en omv\u00e6ltende oplevelse, som l\u00e6rte mig om en ny kultur, gav mig livslange venskaber og gav mig utallige uforglemmelige \u00f8jeblikke.<\/p>\n<\/div><\/div><\/div>\n\n\n\n<div class=\"wp-block-sts-text sts-text-editor has-max-width-md\"><div class=\"sts-text-editor__content\"><div class=\"sts-text-editor__content-inner\">\n<h2>Hvorfor Irland?<\/h2>\n<p>Jeg besluttede at tage til Irland, fordi det ikke er det typiske land, folk tager til p\u00e5 udveksling (som for eksempel USA). Derudover elsker jeg dyr og tanken om at v\u00e6re omgivet af f\u00e5r og k\u00f8er.<\/p>\n<h2>Livet i skolen<\/h2>\n<p>Jeg gik p\u00e5 en pigeskole med et helt andet skolesystem end det, jeg var vant til. L\u00e6rerne var fantastiske, da de kommunikerede med os p\u00e5 et personligt plan i stedet for at opretholde en streng og distanceret l\u00e6rerrolle. Det gjorde l\u00e6ringsmilj\u00f8et meget mere engagerende og behageligt.<\/p>\n<h2>Eventyr i fritiden<\/h2>\n<p>Der var altid noget at lave i min fritid. Jeg elskede at tage bussen til den n\u00e6rmeste store by for at shoppe eller hoppe p\u00e5 et tog for at udforske Dublin. Jeg boede ret langt v\u00e6k fra Dublin &#8211; 5 timer med toget &#8211; men det var stadig hyggeligt. Nogle gange gik jeg tur med hunden p\u00e5 stranden, og vi sv\u00f8mmede endda i havet, n\u00e5r det blev lidt varmere (det var stadig koldt \ud83d\ude0a). Jeg tog ogs\u00e5 ridetimer, hvilket var en vidunderlig m\u00e5de at komme i kontakt med Irlands rytterkultur p\u00e5. P\u00e5 mere rolige dage n\u00f8d jeg at bes\u00f8ge caf\u00e9er med venner, have varme drikke og gode samtaler.<\/p>\n<h2>Venskaber<\/h2>\n<p>Det var overraskende nemt at f\u00e5 venner. Det virkede lidt sv\u00e6rt i begyndelsen, men da jeg f\u00f8rst \u00e5bnede mig lidt, fik jeg mange t\u00e6tte venskaber.<\/p>\n<p>Jeg fik de fleste af mine venner i skolen. Der gik mange andre udvekslingsstuderende p\u00e5 min skole, og vi fik et t\u00e6t b\u00e5nd n\u00e6sten med det samme. Vi tilbragte n\u00e6sten hver weekend sammen, hvor vi udforskede og n\u00f8d, hvad Irland havde at byde p\u00e5.<\/p>\n<h2>Min v\u00e6rtsfamilie<\/h2>\n<p>Min v\u00e6rtsfamilie var fantastisk og bestod af to v\u00e6rtsfor\u00e6ldre, to unge v\u00e6rtsbr\u00f8dre ( 6 og 8 \u00e5r), en italiensk v\u00e6rtss\u00f8ster og en dejlig golden retriever. At bo i et landligt omr\u00e5de omgivet af k\u00f8er og heste var en fredfyldt flugt fra livets travlhed. Det var is\u00e6r sp\u00e6ndende for mig at v\u00e6re \u00bbstores\u00f8ster\u00ab for en gangs skyld, da jeg er den yngste i min \u00f8strigske familie. Min v\u00e6rtsfamilie fik mig til at f\u00f8le mig hjemme lige fra begyndelsen. Jeg tilbragte meget tid sammen med min v\u00e6rtsfamilie, hvilket tilf\u00f8jede endnu et lag af samh\u00f8righed og gl\u00e6de til min oplevelse.<\/p>\n<h2>Udfordringer og erfaringer<\/h2>\n<p>Der var mange forskelle at tilpasse sig, hvad enten det var skolesystemet, familiedynamikken eller den irske livsstil i det hele taget. Til tider var det overv\u00e6ldende, men jeg l\u00e6rte hurtigt, at den bedste tilgang var at omfavne disse \u00e6ndringer helhjertet. P\u00e5 den m\u00e5de kunne jeg nyde utallige vidunderlige oplevelser og vokse af udfordringerne.<\/p>\n<h2>Afsluttende tanker<\/h2>\n<p>Til alle, der overvejer at studere i udlandet, vil jeg helhjertet opfordre jer til at g\u00f8re det. Det er en mulighed for at skabe smukke minder, der vil vare hele livet, knytte t\u00e6tte venskaber og blive en del af en ny familie. Oplevelsen vil ikke kun udvide din horisont, men ogs\u00e5 efterlade dig med utallige historier, som du kan nyde for evigt.<\/p>\n<h2>Find ud af mere!<\/h2>\n<ul><li>L\u00e6s flere <a href=\"https:\/\/www.sts-education.com\/dk\/high-school\/beretninger-fra-eleverne\/elevhistorier\/?hashtag=Irland\">elevhistorier fra Irland<\/a><\/li>\n<li>L\u00e6s mere om <a href=\"https:\/\/www.sts-education.com\/dk\/high-school\/programlande\/europa\/irland\/\">high school-udveksling p\u00e5 Irland<\/a><\/li>\n<li>Se alle vores <a href=\"\/dk\/high-school\/tripfinder\/\">destinationer for high school-udveksling<\/a><\/li><\/ul>\n<\/div><\/div><\/div>\n","protected":false},"excerpt":{"rendered":"","protected":false},"author":20,"featured_media":12810,"comment_status":"open","ping_status":"open","sticky":false,"template":"","format":"standard","meta":{"_acf_changed":false,"_yoast_wpseo_title":"Teresa studerede i udlandet p\u00e5 Irland","_yoast_wpseo_metadesc":"Da jeg var 17 \u00e5r gammel, fik jeg den fantastiske mulighed at tilbringe fem m\u00e5neder p\u00e5 Irland, p\u00e5 udveksling med STS.","footnotes":""},"categories":[305],"tags":[887],"wpw_post_folders":[],"class_list":["post-11422","post","type-post","status-publish","format-standard","has-post-thumbnail","hentry","category-uncategorized-da","tag-irland"],"acf":[],"yoast_head":"<!-- This site is optimized with the Yoast SEO Premium plugin v27.2 (Yoast SEO v27.2) - https:\/\/yoast.com\/product\/yoast-seo-premium-wordpress\/ -->\n<title>Teresa studerede i udlandet p\u00e5 Irland<\/title>\n<meta name=\"description\" content=\"Da jeg var 17 \u00e5r gammel, fik jeg den fantastiske mulighed at tilbringe fem m\u00e5neder p\u00e5 Irland, p\u00e5 udveksling med STS.\" \/>\n<meta name=\"robots\" content=\"index, follow, max-snippet:-1, max-image-preview:large, max-video-preview:-1\" \/>\n<link rel=\"canonical\" href=\"https:\/\/www.sts-education.com\/dk\/high-school\/beretninger-fra-eleverne\/elevhistorier\/teresa-studerede-i-udlandet-pa-irland\/\" \/>\n<meta property=\"og:locale\" content=\"da_DK\" \/>\n<meta property=\"og:type\" content=\"article\" \/>\n<meta property=\"og:title\" content=\"Teresa Studerede I Udlandet Pa Irland\" \/>\n<meta property=\"og:description\" content=\"Da jeg var 17 \u00e5r gammel, fik jeg den fantastiske mulighed at tilbringe fem m\u00e5neder p\u00e5 Irland, p\u00e5 udveksling med STS.\" \/>\n<meta property=\"og:url\" content=\"https:\/\/www.sts-education.com\/dk\/high-school\/beretninger-fra-eleverne\/elevhistorier\/teresa-studerede-i-udlandet-pa-irland\/\" \/>\n<meta property=\"og:site_name\" content=\"STS Education\" \/>\n<meta property=\"article:published_time\" content=\"2024-12-10T11:00:00+00:00\" \/>\n<meta property=\"article:modified_time\" content=\"2026-04-29T07:45:49+00:00\" \/>\n<meta property=\"og:image\" content=\"https:\/\/powered-by.qbank.se\/educatius\/sts\/\/f48f4aef984eb75cfa8c6782968a6639_1-1-thumb.webp\" \/>\n\t<meta property=\"og:image:width\" content=\"150\" \/>\n\t<meta property=\"og:image:height\" content=\"150\" \/>\n\t<meta property=\"og:image:type\" content=\"image\/png\" \/>\n<meta name=\"author\" content=\"syncreadwrite\" \/>\n<meta name=\"twitter:card\" content=\"summary_large_image\" \/>\n<meta name=\"twitter:label1\" content=\"Skrevet af\" \/>\n\t<meta name=\"twitter:data1\" content=\"syncreadwrite\" \/>\n\t<meta name=\"twitter:label2\" content=\"Estimeret l\u00e6setid\" \/>\n\t<meta name=\"twitter:data2\" content=\"3 minutter\" \/>\n<script type=\"application\/ld+json\" class=\"yoast-schema-graph\">{\"@context\":\"https:\/\/schema.org\",\"@graph\":[{\"@type\":\"Article\",\"@id\":\"https:\/\/www.sts-education.com\/dk\/high-school\/beretninger-fra-eleverne\/elevhistorier\/teresa-studerede-i-udlandet-pa-irland\/#article\",\"isPartOf\":{\"@id\":\"https:\/\/www.sts-education.com\/dk\/high-school\/beretninger-fra-eleverne\/elevhistorier\/teresa-studerede-i-udlandet-pa-irland\/\"},\"author\":{\"name\":\"syncreadwrite\",\"@id\":\"https:\/\/www.sts-education.com\/dk\/#\/schema\/person\/8b82f3a2e45f020b8f296d7a85d9a97c\"},\"headline\":\"Teresa Studerede I Udlandet Pa Irland\",\"datePublished\":\"2024-12-10T11:00:00+00:00\",\"dateModified\":\"2026-04-29T07:45:49+00:00\",\"mainEntityOfPage\":{\"@id\":\"https:\/\/www.sts-education.com\/dk\/high-school\/beretninger-fra-eleverne\/elevhistorier\/teresa-studerede-i-udlandet-pa-irland\/\"},\"wordCount\":619,\"commentCount\":0,\"image\":{\"@id\":\"https:\/\/www.sts-education.com\/dk\/high-school\/beretninger-fra-eleverne\/elevhistorier\/teresa-studerede-i-udlandet-pa-irland\/#primaryimage\"},\"thumbnailUrl\":\"https:\/\/powered-by.qbank.se\/educatius\/sts\/\/f48f4aef984eb75cfa8c6782968a6639_1-1-thumb.webp\",\"keywords\":[\"Irland\"],\"articleSection\":[\"Uncategorized @da\"],\"inLanguage\":\"da-DK\",\"potentialAction\":[{\"@type\":\"CommentAction\",\"name\":\"Comment\",\"target\":[\"https:\/\/www.sts-education.com\/dk\/high-school\/beretninger-fra-eleverne\/elevhistorier\/teresa-studerede-i-udlandet-pa-irland\/#respond\"]}]},{\"@type\":\"WebPage\",\"@id\":\"https:\/\/www.sts-education.com\/dk\/high-school\/beretninger-fra-eleverne\/elevhistorier\/teresa-studerede-i-udlandet-pa-irland\/\",\"url\":\"https:\/\/www.sts-education.com\/dk\/high-school\/beretninger-fra-eleverne\/elevhistorier\/teresa-studerede-i-udlandet-pa-irland\/\",\"name\":\"Teresa studerede i udlandet p\u00e5 Irland\",\"isPartOf\":{\"@id\":\"https:\/\/www.sts-education.com\/dk\/#website\"},\"primaryImageOfPage\":{\"@id\":\"https:\/\/www.sts-education.com\/dk\/high-school\/beretninger-fra-eleverne\/elevhistorier\/teresa-studerede-i-udlandet-pa-irland\/#primaryimage\"},\"image\":{\"@id\":\"https:\/\/www.sts-education.com\/dk\/high-school\/beretninger-fra-eleverne\/elevhistorier\/teresa-studerede-i-udlandet-pa-irland\/#primaryimage\"},\"thumbnailUrl\":\"https:\/\/powered-by.qbank.se\/educatius\/sts\/\/f48f4aef984eb75cfa8c6782968a6639_1-1-thumb.webp\",\"datePublished\":\"2024-12-10T11:00:00+00:00\",\"dateModified\":\"2026-04-29T07:45:49+00:00\",\"author\":{\"@id\":\"https:\/\/www.sts-education.com\/dk\/#\/schema\/person\/8b82f3a2e45f020b8f296d7a85d9a97c\"},\"description\":\"Da jeg var 17 \u00e5r gammel, fik jeg den fantastiske mulighed at tilbringe fem m\u00e5neder p\u00e5 Irland, p\u00e5 udveksling med STS.\",\"breadcrumb\":{\"@id\":\"https:\/\/www.sts-education.com\/dk\/high-school\/beretninger-fra-eleverne\/elevhistorier\/teresa-studerede-i-udlandet-pa-irland\/#breadcrumb\"},\"inLanguage\":\"da-DK\",\"potentialAction\":[{\"@type\":\"ReadAction\",\"target\":[\"https:\/\/www.sts-education.com\/dk\/high-school\/beretninger-fra-eleverne\/elevhistorier\/teresa-studerede-i-udlandet-pa-irland\/\"]}]},{\"@type\":\"ImageObject\",\"inLanguage\":\"da-DK\",\"@id\":\"https:\/\/www.sts-education.com\/dk\/high-school\/beretninger-fra-eleverne\/elevhistorier\/teresa-studerede-i-udlandet-pa-irland\/#primaryimage\",\"url\":\"https:\/\/powered-by.qbank.se\/educatius\/sts\/\/f48f4aef984eb75cfa8c6782968a6639_1-1-thumb.webp\",\"contentUrl\":\"https:\/\/powered-by.qbank.se\/educatius\/sts\/\/f48f4aef984eb75cfa8c6782968a6639_1-1-thumb.webp\",\"width\":150,\"height\":150},{\"@type\":\"BreadcrumbList\",\"@id\":\"https:\/\/www.sts-education.com\/dk\/high-school\/beretninger-fra-eleverne\/elevhistorier\/teresa-studerede-i-udlandet-pa-irland\/#breadcrumb\",\"itemListElement\":[{\"@type\":\"ListItem\",\"position\":1,\"name\":\"Home\",\"item\":\"https:\/\/www.sts-education.com\/dk\/sample-page\/\"},{\"@type\":\"ListItem\",\"position\":2,\"name\":\"Teresa Studerede I Udlandet Pa Irland\"}]},{\"@type\":\"WebSite\",\"@id\":\"https:\/\/www.sts-education.com\/dk\/#website\",\"url\":\"https:\/\/www.sts-education.com\/dk\/\",\"name\":\"STS Education\",\"description\":\"\",\"potentialAction\":[{\"@type\":\"SearchAction\",\"target\":{\"@type\":\"EntryPoint\",\"urlTemplate\":\"https:\/\/www.sts-education.com\/dk\/?s={search_term_string}\"},\"query-input\":{\"@type\":\"PropertyValueSpecification\",\"valueRequired\":true,\"valueName\":\"search_term_string\"}}],\"inLanguage\":\"da-DK\"},{\"@type\":\"Person\",\"@id\":\"https:\/\/www.sts-education.com\/dk\/#\/schema\/person\/8b82f3a2e45f020b8f296d7a85d9a97c\",\"name\":\"syncreadwrite\",\"image\":{\"@type\":\"ImageObject\",\"inLanguage\":\"da-DK\",\"@id\":\"https:\/\/secure.gravatar.com\/avatar\/6ed1007e4f6f43f22e3df41d9fce4365533cba47fef64bb359b8e629abbc2ea6?s=96&d=mm&r=g\",\"url\":\"https:\/\/secure.gravatar.com\/avatar\/6ed1007e4f6f43f22e3df41d9fce4365533cba47fef64bb359b8e629abbc2ea6?s=96&d=mm&r=g\",\"contentUrl\":\"https:\/\/secure.gravatar.com\/avatar\/6ed1007e4f6f43f22e3df41d9fce4365533cba47fef64bb359b8e629abbc2ea6?s=96&d=mm&r=g\",\"caption\":\"syncreadwrite\"},\"url\":\"https:\/\/www.sts-education.com\/dk\/author\/syncreadwrite\/\"}]}<\/script>\n<!-- \/ Yoast SEO Premium plugin. -->","yoast_head_json":{"title":"Teresa studerede i udlandet p\u00e5 Irland","description":"Da jeg var 17 \u00e5r gammel, fik jeg den fantastiske mulighed at tilbringe fem m\u00e5neder p\u00e5 Irland, p\u00e5 udveksling med STS.","robots":{"index":"index","follow":"follow","max-snippet":"max-snippet:-1","max-image-preview":"max-image-preview:large","max-video-preview":"max-video-preview:-1"},"canonical":"https:\/\/www.sts-education.com\/dk\/high-school\/beretninger-fra-eleverne\/elevhistorier\/teresa-studerede-i-udlandet-pa-irland\/","og_locale":"da_DK","og_type":"article","og_title":"Teresa Studerede I Udlandet Pa Irland","og_description":"Da jeg var 17 \u00e5r gammel, fik jeg den fantastiske mulighed at tilbringe fem m\u00e5neder p\u00e5 Irland, p\u00e5 udveksling med STS.","og_url":"https:\/\/www.sts-education.com\/dk\/high-school\/beretninger-fra-eleverne\/elevhistorier\/teresa-studerede-i-udlandet-pa-irland\/","og_site_name":"STS Education","article_published_time":"2024-12-10T11:00:00+00:00","article_modified_time":"2026-04-29T07:45:49+00:00","og_image":[{"width":150,"height":150,"url":"https:\/\/powered-by.qbank.se\/educatius\/sts\/\/f48f4aef984eb75cfa8c6782968a6639_1-1-thumb.webp","type":"image\/png"}],"author":"syncreadwrite","twitter_card":"summary_large_image","twitter_misc":{"Skrevet af":"syncreadwrite","Estimeret l\u00e6setid":"3 minutter"},"schema":{"@context":"https:\/\/schema.org","@graph":[{"@type":"Article","@id":"https:\/\/www.sts-education.com\/dk\/high-school\/beretninger-fra-eleverne\/elevhistorier\/teresa-studerede-i-udlandet-pa-irland\/#article","isPartOf":{"@id":"https:\/\/www.sts-education.com\/dk\/high-school\/beretninger-fra-eleverne\/elevhistorier\/teresa-studerede-i-udlandet-pa-irland\/"},"author":{"name":"syncreadwrite","@id":"https:\/\/www.sts-education.com\/dk\/#\/schema\/person\/8b82f3a2e45f020b8f296d7a85d9a97c"},"headline":"Teresa Studerede I Udlandet Pa Irland","datePublished":"2024-12-10T11:00:00+00:00","dateModified":"2026-04-29T07:45:49+00:00","mainEntityOfPage":{"@id":"https:\/\/www.sts-education.com\/dk\/high-school\/beretninger-fra-eleverne\/elevhistorier\/teresa-studerede-i-udlandet-pa-irland\/"},"wordCount":619,"commentCount":0,"image":{"@id":"https:\/\/www.sts-education.com\/dk\/high-school\/beretninger-fra-eleverne\/elevhistorier\/teresa-studerede-i-udlandet-pa-irland\/#primaryimage"},"thumbnailUrl":"https:\/\/powered-by.qbank.se\/educatius\/sts\/\/f48f4aef984eb75cfa8c6782968a6639_1-1-thumb.webp","keywords":["Irland"],"articleSection":["Uncategorized @da"],"inLanguage":"da-DK","potentialAction":[{"@type":"CommentAction","name":"Comment","target":["https:\/\/www.sts-education.com\/dk\/high-school\/beretninger-fra-eleverne\/elevhistorier\/teresa-studerede-i-udlandet-pa-irland\/#respond"]}]},{"@type":"WebPage","@id":"https:\/\/www.sts-education.com\/dk\/high-school\/beretninger-fra-eleverne\/elevhistorier\/teresa-studerede-i-udlandet-pa-irland\/","url":"https:\/\/www.sts-education.com\/dk\/high-school\/beretninger-fra-eleverne\/elevhistorier\/teresa-studerede-i-udlandet-pa-irland\/","name":"Teresa studerede i udlandet p\u00e5 Irland","isPartOf":{"@id":"https:\/\/www.sts-education.com\/dk\/#website"},"primaryImageOfPage":{"@id":"https:\/\/www.sts-education.com\/dk\/high-school\/beretninger-fra-eleverne\/elevhistorier\/teresa-studerede-i-udlandet-pa-irland\/#primaryimage"},"image":{"@id":"https:\/\/www.sts-education.com\/dk\/high-school\/beretninger-fra-eleverne\/elevhistorier\/teresa-studerede-i-udlandet-pa-irland\/#primaryimage"},"thumbnailUrl":"https:\/\/powered-by.qbank.se\/educatius\/sts\/\/f48f4aef984eb75cfa8c6782968a6639_1-1-thumb.webp","datePublished":"2024-12-10T11:00:00+00:00","dateModified":"2026-04-29T07:45:49+00:00","author":{"@id":"https:\/\/www.sts-education.com\/dk\/#\/schema\/person\/8b82f3a2e45f020b8f296d7a85d9a97c"},"description":"Da jeg var 17 \u00e5r gammel, fik jeg den fantastiske mulighed at tilbringe fem m\u00e5neder p\u00e5 Irland, p\u00e5 udveksling med STS.","breadcrumb":{"@id":"https:\/\/www.sts-education.com\/dk\/high-school\/beretninger-fra-eleverne\/elevhistorier\/teresa-studerede-i-udlandet-pa-irland\/#breadcrumb"},"inLanguage":"da-DK","potentialAction":[{"@type":"ReadAction","target":["https:\/\/www.sts-education.com\/dk\/high-school\/beretninger-fra-eleverne\/elevhistorier\/teresa-studerede-i-udlandet-pa-irland\/"]}]},{"@type":"ImageObject","inLanguage":"da-DK","@id":"https:\/\/www.sts-education.com\/dk\/high-school\/beretninger-fra-eleverne\/elevhistorier\/teresa-studerede-i-udlandet-pa-irland\/#primaryimage","url":"https:\/\/powered-by.qbank.se\/educatius\/sts\/\/f48f4aef984eb75cfa8c6782968a6639_1-1-thumb.webp","contentUrl":"https:\/\/powered-by.qbank.se\/educatius\/sts\/\/f48f4aef984eb75cfa8c6782968a6639_1-1-thumb.webp","width":150,"height":150},{"@type":"BreadcrumbList","@id":"https:\/\/www.sts-education.com\/dk\/high-school\/beretninger-fra-eleverne\/elevhistorier\/teresa-studerede-i-udlandet-pa-irland\/#breadcrumb","itemListElement":[{"@type":"ListItem","position":1,"name":"Home","item":"https:\/\/www.sts-education.com\/dk\/sample-page\/"},{"@type":"ListItem","position":2,"name":"Teresa Studerede I Udlandet Pa Irland"}]},{"@type":"WebSite","@id":"https:\/\/www.sts-education.com\/dk\/#website","url":"https:\/\/www.sts-education.com\/dk\/","name":"STS Education","description":"","potentialAction":[{"@type":"SearchAction","target":{"@type":"EntryPoint","urlTemplate":"https:\/\/www.sts-education.com\/dk\/?s={search_term_string}"},"query-input":{"@type":"PropertyValueSpecification","valueRequired":true,"valueName":"search_term_string"}}],"inLanguage":"da-DK"},{"@type":"Person","@id":"https:\/\/www.sts-education.com\/dk\/#\/schema\/person\/8b82f3a2e45f020b8f296d7a85d9a97c","name":"syncreadwrite","image":{"@type":"ImageObject","inLanguage":"da-DK","@id":"https:\/\/secure.gravatar.com\/avatar\/6ed1007e4f6f43f22e3df41d9fce4365533cba47fef64bb359b8e629abbc2ea6?s=96&d=mm&r=g","url":"https:\/\/secure.gravatar.com\/avatar\/6ed1007e4f6f43f22e3df41d9fce4365533cba47fef64bb359b8e629abbc2ea6?s=96&d=mm&r=g","contentUrl":"https:\/\/secure.gravatar.com\/avatar\/6ed1007e4f6f43f22e3df41d9fce4365533cba47fef64bb359b8e629abbc2ea6?s=96&d=mm&r=g","caption":"syncreadwrite"},"url":"https:\/\/www.sts-education.com\/dk\/author\/syncreadwrite\/"}]}},"_links":{"self":[{"href":"https:\/\/www.sts-education.com\/dk\/wp-json\/wp\/v2\/posts\/11422","targetHints":{"allow":["GET"]}}],"collection":[{"href":"https:\/\/www.sts-education.com\/dk\/wp-json\/wp\/v2\/posts"}],"about":[{"href":"https:\/\/www.sts-education.com\/dk\/wp-json\/wp\/v2\/types\/post"}],"author":[{"embeddable":true,"href":"https:\/\/www.sts-education.com\/dk\/wp-json\/wp\/v2\/users\/20"}],"replies":[{"embeddable":true,"href":"https:\/\/www.sts-education.com\/dk\/wp-json\/wp\/v2\/comments?post=11422"}],"version-history":[{"count":7,"href":"https:\/\/www.sts-education.com\/dk\/wp-json\/wp\/v2\/posts\/11422\/revisions"}],"predecessor-version":[{"id":43299,"href":"https:\/\/www.sts-education.com\/dk\/wp-json\/wp\/v2\/posts\/11422\/revisions\/43299"}],"wp:featuredmedia":[{"embeddable":true,"href":"https:\/\/www.sts-education.com\/dk\/wp-json\/wp\/v2\/media\/12810"}],"wp:attachment":[{"href":"https:\/\/www.sts-education.com\/dk\/wp-json\/wp\/v2\/media?parent=11422"}],"wp:term":[{"taxonomy":"category","embeddable":true,"href":"https:\/\/www.sts-education.com\/dk\/wp-json\/wp\/v2\/categories?post=11422"},{"taxonomy":"post_tag","embeddable":true,"href":"https:\/\/www.sts-education.com\/dk\/wp-json\/wp\/v2\/tags?post=11422"},{"taxonomy":"wpw_post_folders","embeddable":true,"href":"https:\/\/www.sts-education.com\/dk\/wp-json\/wp\/v2\/wpw_post_folders?post=11422"}],"curies":[{"name":"wp","href":"https:\/\/api.w.org\/{rel}","templated":true}]}}