{"id":11426,"date":"2024-11-25T13:00:00","date_gmt":"2024-11-25T11:00:00","guid":{"rendered":"https:\/\/preprod.sts-education.com\/blog\/2026\/03\/05\/serena-var-pa-udvekslingsar-i-finland\/"},"modified":"2026-04-29T09:49:03","modified_gmt":"2026-04-29T07:49:03","slug":"serena-var-pa-udvekslingsar-i-finland","status":"publish","type":"post","link":"https:\/\/www.sts-education.com\/dk\/high-school\/beretninger-fra-eleverne\/elevhistorier\/serena-var-pa-udvekslingsar-i-finland\/","title":{"rendered":"Serena Var Pa Udvekslingsar I Finland"},"content":{"rendered":"\n<div class=\"wp-block-sts-text sts-text-editor has-max-width-md\"><div class=\"sts-text-editor__content\"><div class=\"sts-text-editor__content-inner\">\n<h1 style=\"text-align:center\">Serena var p\u00e5 udvekslings\u00e5r i Finland<\/h1>\n<\/div><\/div><\/div>\n\n\n\n<figure class=\"wp-block-sts-image sts-block-image sts-block-image--count-1 has-max-width-lg\" data-count=\"1\"><div class=\"sts-block-image__grid\"><div class=\"sts-block-image__item\"><picture class=\"sts-responsive-image has-fit-cover has-pos-top is-skeleton\"><source media=\"(max-width: 834.98px)\" srcset=\"https:\/\/powered-by.qbank.se\/educatius\/sts\/5629243ccf442de1a89a181a488bba6c_1-1-thumb.webp 150w, https:\/\/powered-by.qbank.se\/educatius\/sts\/5629243ccf442de1a89a181a488bba6c_1-1-xsmall.webp 500w, https:\/\/powered-by.qbank.se\/educatius\/sts\/5629243ccf442de1a89a181a488bba6c_1-1-small.webp 800w, https:\/\/powered-by.qbank.se\/educatius\/sts\/5629243ccf442de1a89a181a488bba6c_1-1-medium.webp 1024w, https:\/\/powered-by.qbank.se\/educatius\/sts\/5629243ccf442de1a89a181a488bba6c_1-1-large.webp 1536w\" sizes=\"(max-width: 768px) 100vw, (max-width: 1200px) 100vw, 1200px\" type=\"image\/webp\"\/><source media=\"(min-width: 835px)\" srcset=\"https:\/\/powered-by.qbank.se\/educatius\/sts\/5629243ccf442de1a89a181a488bba6c_16-9-small.webp 800w, https:\/\/powered-by.qbank.se\/educatius\/sts\/5629243ccf442de1a89a181a488bba6c_16-9-medium.webp 1024w, https:\/\/powered-by.qbank.se\/educatius\/sts\/5629243ccf442de1a89a181a488bba6c_16-9-large.webp 1536w\" sizes=\"(max-width: 768px) 100vw, (max-width: 1200px) 100vw, 1200px\" type=\"image\/webp\"\/><img src=\"https:\/\/powered-by.qbank.se\/educatius\/sts\/5629243ccf442de1a89a181a488bba6c_1-1-thumb.webp\" alt=\"Serena var p\u00e5 udvekslings\u00e5r i Finland\" loading=\"lazy\" decoding=\"async\" fetchpriority=\"low\" style=\"object-position:top\"\/><\/picture><\/div><\/div><\/figure>\n\n\n\n<div class=\"wp-block-sts-text sts-text-editor has-max-width-md\"><div class=\"sts-text-editor__content\"><div class=\"sts-text-editor__content-inner\">\n<p><em>Hej, jeg hedder Serena og kommer fra Italien!<\/em><\/p>\n<p>Jeg tilbragte mit udvekslings\u00e5r i Finland. Jeg valgte at g\u00f8re denne erfaring, fordi jeg gerne ville ud af min komfortzone og pr\u00f8ve nye ting, og jeg valgte Finland som destination, fordi jeg gerne ville have et europ\u00e6isk land, der havde en helt anden kultur end den italienske.<\/p>\n<\/div><\/div><\/div>\n\n\n\n<div class=\"wp-block-sts-text sts-text-editor has-max-width-md\"><div class=\"sts-text-editor__content\"><div class=\"sts-text-editor__content-inner\">\n<h2>Skolen i Finland<\/h2>\n<p>Skolen i Finland er helt anderledes end skolesystemet i Italien. P\u00e5 mange m\u00e5der synes jeg faktisk, at det minder mere om min m\u00e5de at v\u00e6re p\u00e5. I de finske skoler fungerer alting meget godt. Der er fuld kommunikation mellem elever og l\u00e6rere, som altid er opm\u00e6rksomme p\u00e5 dine fremskridt, men frem for alt p\u00e5 din mentale tilstand, som er et af de aspekter, der arbejdes meget med i det finske skolemilj\u00f8. Den skole, jeg blev placeret p\u00e5, var et meget stimulerende milj\u00f8 for studerende og udvekslingsstuderende. Det giver dig mulighed for at vokse som person og som individ, simpelthen ved at forblive den, du er, og arbejde med dit potentiale og hvordan du bedst f\u00e5r det frem.<\/p>\n<h2>Aktiviteter<\/h2>\n<p>Jeg pr\u00f8vede mange nye aktiviteter i l\u00f8bet af mit \u00e5r i udlandet. Jeg deltog i de teater- og musikkurser, som min skole gav eleverne mulighed for at deltage i. Jeg pr\u00f8vede at st\u00e5 p\u00e5 langrendsski for f\u00f8rste gang. Mine venner og jeg havde for vane, selv i kulden, at g\u00e5 ud for at studere p\u00e5 en caf\u00e9 og derefter m\u00f8des rundt omkring i byen for at tage billeder og bes\u00f8ge nye steder.<\/p>\n<h2>At f\u00e5 venner<\/h2>\n<p>Det var slet ikke sv\u00e6rt for mig at f\u00e5 venner. Jeg betragter mig selv som en meget \u00e5ben person, og derfor var jeg ikke bange for at f\u00e5 denne oplevelse. Jeg var s\u00e5 heldig at have mange udvekslingsstuderende omkring mig, som jeg kunne dele mine f\u00f8lelser med, og de var en stor st\u00f8tte for mig i sv\u00e6re tider. Jeg elsker dem stadig alle sammen. P\u00e5 den anden side m\u00f8dte jeg mange lokale, og selv om de har forskellige kulturer og m\u00e5der at g\u00f8re tingene p\u00e5, er finnerne meget \u00e5bne over for at m\u00f8de nye mennesker og dele de smukke ting, de har at sige om deres hjemland.<\/p>\n<h2>Min v\u00e6rtsfamilie<\/h2>\n<p>Et af de mest positive aspekter ved mit \u00e5r i udlandet var helt klart min v\u00e6rtsfamilie. I dag betragter jeg dem som en integreret del af mig og min familie, inklusive min italienske. Jeg havde det privilegium at have tre vidunderlige v\u00e6rtss\u00f8skende, og jeg var i stand til at forst\u00e5, hvad det vil sige at v\u00e6re stores\u00f8ster, og jeg h\u00e5ber, at jeg efterlod dem noget positivt til fremtiden. Min v\u00e6rtsfar er et af de s\u00f8deste og rareste mennesker i verden. Han har altid v\u00e6ret meget blid ved mig. Min v\u00e6rtsmor var som en bedste ven for mig, og jeg vil altid v\u00e6re taknemmelig for at have hende i mit liv. De var alle sammen, sammen med onkler, bedstefor\u00e6ldre og f\u00e6tre, en skulder at gr\u00e6de ud ved i sv\u00e6re \u00f8jeblikke og mine f\u00f8rste st\u00f8tter, klar til at gl\u00e6de sig med mig i gode \u00f8jeblikke. For mig vil de altid v\u00e6re min finske mor, far og s\u00f8skende,<\/p>\n<h2>Forskelle<\/h2>\n<p>Der er tusindvis af forskelle, som jeg kunne n\u00e6vne, som at skolesystemet er meget anderledes, og at Finland har 6 m\u00e5neders m\u00f8rke og meget kolde dage hvert \u00e5r (et klima, som en syditaliener som mig bestemt ikke er vant til &#8230;). Et af de sjoveste \u00f8jeblikke, jeg husker fra mit \u00e5r i udlandet, er, da det sneede s\u00e5 meget, at sneen nogle dage n\u00e5ede os til kn\u00e6ene, og mine venner og jeg legede, at vi kastede os ud i sneen og kom hjem helt v\u00e5de, hahaha.<\/p>\n<p>Hver gang jeg bem\u00e6rkede en forskel, is\u00e6r en sjov en, skrev jeg det ned i mine telefonnotater, og der kom en lang liste ud af det, som fungerede som udgangspunkt for at fort\u00e6lle min italienske familie om min oplevelse. Jeg r\u00e5der alle udvekslingsstuderende til at g\u00f8re det, for nogle gange er det virkelig sjovt at tale om det. Det var v\u00e6rd at leve alt det, jeg oplevede, og jeg er taknemmelig for at have haft mulighed for at opleve disse forskelle fuldt ud.<\/p>\n<h2>Forventninger<\/h2>\n<p>Mit \u00e5r i udlandet overgik alle mine forventninger. Jeg var allerede meget positiv i starten, men alt gik endnu bedre, end jeg havde forventet. Heldigvis havde jeg ikke mange vanskeligheder eller s\u00e6rligt sv\u00e6re \u00f8jeblikke. I de sv\u00e6re \u00f8jeblikke var jeg heldig at have folk ved min side, som gav mig mod, men det, jeg \u00f8nsker for alle fremtidige udvekslingsstuderende, er ikke at v\u00e6re bange for de sv\u00e6re \u00f8jeblikke, for de vil f\u00e5 dig til at vokse og forst\u00e5, hvem du er, mere end noget andet.<\/p>\n<h2>At l\u00e6re om sig selv<\/h2>\n<p>Mit \u00e5r i udlandet gav mig mulighed for at l\u00e6re mig selv bedre at kende og forst\u00e5, hvad mit potentiale er. Det hjalp mig til at v\u00e6re den, jeg er, og vide, hvordan jeg skal omg\u00e5s alle typer mennesker, selv dem, der ikke ligner mig i karakter. Jeg l\u00e6rte at tilpasse mig enhver situation og finde m\u00e5der at leve den fuldt ud p\u00e5.<\/p>\n<h2>Anbefalinger<\/h2>\n<p>Til alle, der overvejer at tage et \u00e5r i udlandet: G\u00f8r det!!! Det bliver den bedste oplevelse i dit liv. Mange \u00e5r senere ville jeg tage tilbage tusind gange og altid tr\u00e6ffe det samme valg om at tage af sted igen. Denne oplevelse vil give dig et \u00e5bent sind, som ingen anden oplevelse kan give dig. Hvis du har mulighed for det, s\u00e5 tag af sted og lev oplevelsen 100 %. Mit r\u00e5d er at acceptere alt, hvad der bliver foresl\u00e5et dig (inden for rammerne af reglerne selvf\u00f8lgelig, haha), selv de aktiviteter, der ikke synes at passe til dig. M\u00e5ske opdager du nye sider af dig selv og nye passioner, som du kan tage med dig hjem. Mange gange er det dem, der giver dig de mest uforglemmelige oplevelser.<\/p>\n<p>Under alle omst\u00e6ndigheder anbefaler jeg Finland som land eller de nordiske lande generelt, fordi de forst\u00e5r at byde dig velkommen samtidig med, at de l\u00e6rer dig s\u00e5 meget.<\/p>\n<h2>Hvorfor jeg valgte STS<\/h2>\n<p>Jeg valgte STS sammen med min familie. De mente, at det var det mest passende for min erfaring. Min storebror havde samme oplevelse i Finland med STS, og han havde ogs\u00e5 en fantastisk tid. De stod altid til r\u00e5dighed for enhver afklaring og hj\u00e6lp til mig, min familie eller min v\u00e6rtsfamilie.<\/p>\n<h2>Find ud af mere!<\/h2>\n<ul><li>L\u00e6s flere <a href=\"https:\/\/www.sts-education.com\/dk\/high-school\/beretninger-fra-eleverne\/elevhistorier\/?hashtag=Finland\">elevhistorier fra Finland<\/a><\/li>\n<li>L\u00e6s mere om <a href=\"https:\/\/www.sts-education.com\/dk\/high-school\/programlande\/europa\/finland\/\">high school-udveksling i Finland<\/a><\/li>\n<li>Se alle vores <a href=\"\/dk\/high-school\/tripfinder\/\">destinationer for high school-udveksling<\/a><\/li><\/ul>\n<\/div><\/div><\/div>\n","protected":false},"excerpt":{"rendered":"","protected":false},"author":20,"featured_media":12818,"comment_status":"open","ping_status":"open","sticky":false,"template":"","format":"standard","meta":{"_acf_changed":false,"_yoast_wpseo_title":"Serena var p\u00e5 udvekslings\u00e5r i Finland","_yoast_wpseo_metadesc":"Jeg valgte at g\u00f8re denne erfaring, fordi jeg gerne ville ud af min komfortzone og pr\u00f8ve nye ting, og jeg valgte Finland som destination, fordi jeg gerne ville have et europ\u00e6isk land, der havde en helt anden kultur end den italienske.","footnotes":""},"categories":[305],"tags":[884],"wpw_post_folders":[],"class_list":["post-11426","post","type-post","status-publish","format-standard","has-post-thumbnail","hentry","category-uncategorized-da","tag-finland"],"acf":[],"yoast_head":"<!-- This site is optimized with the Yoast SEO Premium plugin v27.2 (Yoast SEO v27.2) - https:\/\/yoast.com\/product\/yoast-seo-premium-wordpress\/ -->\n<title>Serena var p\u00e5 udvekslings\u00e5r i Finland<\/title>\n<meta name=\"description\" content=\"Jeg valgte at g\u00f8re denne erfaring, fordi jeg gerne ville ud af min komfortzone og pr\u00f8ve nye ting, og jeg valgte Finland som destination, fordi jeg gerne ville have et europ\u00e6isk land, der havde en helt anden kultur end den italienske.\" \/>\n<meta name=\"robots\" content=\"index, follow, max-snippet:-1, max-image-preview:large, max-video-preview:-1\" \/>\n<link rel=\"canonical\" href=\"https:\/\/www.sts-education.com\/dk\/high-school\/beretninger-fra-eleverne\/elevhistorier\/serena-var-pa-udvekslingsar-i-finland\/\" \/>\n<meta property=\"og:locale\" content=\"da_DK\" \/>\n<meta property=\"og:type\" content=\"article\" \/>\n<meta property=\"og:title\" content=\"Serena Var Pa Udvekslingsar I Finland\" \/>\n<meta property=\"og:description\" content=\"Jeg valgte at g\u00f8re denne erfaring, fordi jeg gerne ville ud af min komfortzone og pr\u00f8ve nye ting, og jeg valgte Finland som destination, fordi jeg gerne ville have et europ\u00e6isk land, der havde en helt anden kultur end den italienske.\" \/>\n<meta property=\"og:url\" content=\"https:\/\/www.sts-education.com\/dk\/high-school\/beretninger-fra-eleverne\/elevhistorier\/serena-var-pa-udvekslingsar-i-finland\/\" \/>\n<meta property=\"og:site_name\" content=\"STS Education\" \/>\n<meta property=\"article:published_time\" content=\"2024-11-25T11:00:00+00:00\" \/>\n<meta property=\"article:modified_time\" content=\"2026-04-29T07:49:03+00:00\" \/>\n<meta property=\"og:image\" content=\"https:\/\/powered-by.qbank.se\/educatius\/sts\/\/5629243ccf442de1a89a181a488bba6c_1-1-thumb.webp\" \/>\n\t<meta property=\"og:image:width\" content=\"150\" \/>\n\t<meta property=\"og:image:height\" content=\"150\" \/>\n\t<meta property=\"og:image:type\" content=\"image\/png\" \/>\n<meta name=\"author\" content=\"syncreadwrite\" \/>\n<meta name=\"twitter:card\" content=\"summary_large_image\" \/>\n<meta name=\"twitter:label1\" content=\"Skrevet af\" \/>\n\t<meta name=\"twitter:data1\" content=\"syncreadwrite\" \/>\n\t<meta name=\"twitter:label2\" content=\"Estimeret l\u00e6setid\" \/>\n\t<meta name=\"twitter:data2\" content=\"6 minutter\" \/>\n<script type=\"application\/ld+json\" class=\"yoast-schema-graph\">{\"@context\":\"https:\/\/schema.org\",\"@graph\":[{\"@type\":\"Article\",\"@id\":\"https:\/\/www.sts-education.com\/dk\/high-school\/beretninger-fra-eleverne\/elevhistorier\/serena-var-pa-udvekslingsar-i-finland\/#article\",\"isPartOf\":{\"@id\":\"https:\/\/www.sts-education.com\/dk\/high-school\/beretninger-fra-eleverne\/elevhistorier\/serena-var-pa-udvekslingsar-i-finland\/\"},\"author\":{\"name\":\"syncreadwrite\",\"@id\":\"https:\/\/www.sts-education.com\/dk\/#\/schema\/person\/8b82f3a2e45f020b8f296d7a85d9a97c\"},\"headline\":\"Serena Var Pa Udvekslingsar I Finland\",\"datePublished\":\"2024-11-25T11:00:00+00:00\",\"dateModified\":\"2026-04-29T07:49:03+00:00\",\"mainEntityOfPage\":{\"@id\":\"https:\/\/www.sts-education.com\/dk\/high-school\/beretninger-fra-eleverne\/elevhistorier\/serena-var-pa-udvekslingsar-i-finland\/\"},\"wordCount\":1166,\"commentCount\":0,\"image\":{\"@id\":\"https:\/\/www.sts-education.com\/dk\/high-school\/beretninger-fra-eleverne\/elevhistorier\/serena-var-pa-udvekslingsar-i-finland\/#primaryimage\"},\"thumbnailUrl\":\"https:\/\/powered-by.qbank.se\/educatius\/sts\/\/5629243ccf442de1a89a181a488bba6c_1-1-thumb.webp\",\"keywords\":[\"Finland\"],\"articleSection\":[\"Uncategorized @da\"],\"inLanguage\":\"da-DK\",\"potentialAction\":[{\"@type\":\"CommentAction\",\"name\":\"Comment\",\"target\":[\"https:\/\/www.sts-education.com\/dk\/high-school\/beretninger-fra-eleverne\/elevhistorier\/serena-var-pa-udvekslingsar-i-finland\/#respond\"]}]},{\"@type\":\"WebPage\",\"@id\":\"https:\/\/www.sts-education.com\/dk\/high-school\/beretninger-fra-eleverne\/elevhistorier\/serena-var-pa-udvekslingsar-i-finland\/\",\"url\":\"https:\/\/www.sts-education.com\/dk\/high-school\/beretninger-fra-eleverne\/elevhistorier\/serena-var-pa-udvekslingsar-i-finland\/\",\"name\":\"Serena var p\u00e5 udvekslings\u00e5r i Finland\",\"isPartOf\":{\"@id\":\"https:\/\/www.sts-education.com\/dk\/#website\"},\"primaryImageOfPage\":{\"@id\":\"https:\/\/www.sts-education.com\/dk\/high-school\/beretninger-fra-eleverne\/elevhistorier\/serena-var-pa-udvekslingsar-i-finland\/#primaryimage\"},\"image\":{\"@id\":\"https:\/\/www.sts-education.com\/dk\/high-school\/beretninger-fra-eleverne\/elevhistorier\/serena-var-pa-udvekslingsar-i-finland\/#primaryimage\"},\"thumbnailUrl\":\"https:\/\/powered-by.qbank.se\/educatius\/sts\/\/5629243ccf442de1a89a181a488bba6c_1-1-thumb.webp\",\"datePublished\":\"2024-11-25T11:00:00+00:00\",\"dateModified\":\"2026-04-29T07:49:03+00:00\",\"author\":{\"@id\":\"https:\/\/www.sts-education.com\/dk\/#\/schema\/person\/8b82f3a2e45f020b8f296d7a85d9a97c\"},\"description\":\"Jeg valgte at g\u00f8re denne erfaring, fordi jeg gerne ville ud af min komfortzone og pr\u00f8ve nye ting, og jeg valgte Finland som destination, fordi jeg gerne ville have et europ\u00e6isk land, der havde en helt anden kultur end den italienske.\",\"breadcrumb\":{\"@id\":\"https:\/\/www.sts-education.com\/dk\/high-school\/beretninger-fra-eleverne\/elevhistorier\/serena-var-pa-udvekslingsar-i-finland\/#breadcrumb\"},\"inLanguage\":\"da-DK\",\"potentialAction\":[{\"@type\":\"ReadAction\",\"target\":[\"https:\/\/www.sts-education.com\/dk\/high-school\/beretninger-fra-eleverne\/elevhistorier\/serena-var-pa-udvekslingsar-i-finland\/\"]}]},{\"@type\":\"ImageObject\",\"inLanguage\":\"da-DK\",\"@id\":\"https:\/\/www.sts-education.com\/dk\/high-school\/beretninger-fra-eleverne\/elevhistorier\/serena-var-pa-udvekslingsar-i-finland\/#primaryimage\",\"url\":\"https:\/\/powered-by.qbank.se\/educatius\/sts\/\/5629243ccf442de1a89a181a488bba6c_1-1-thumb.webp\",\"contentUrl\":\"https:\/\/powered-by.qbank.se\/educatius\/sts\/\/5629243ccf442de1a89a181a488bba6c_1-1-thumb.webp\",\"width\":150,\"height\":150},{\"@type\":\"BreadcrumbList\",\"@id\":\"https:\/\/www.sts-education.com\/dk\/high-school\/beretninger-fra-eleverne\/elevhistorier\/serena-var-pa-udvekslingsar-i-finland\/#breadcrumb\",\"itemListElement\":[{\"@type\":\"ListItem\",\"position\":1,\"name\":\"Home\",\"item\":\"https:\/\/www.sts-education.com\/dk\/sample-page\/\"},{\"@type\":\"ListItem\",\"position\":2,\"name\":\"Serena Var Pa Udvekslingsar I Finland\"}]},{\"@type\":\"WebSite\",\"@id\":\"https:\/\/www.sts-education.com\/dk\/#website\",\"url\":\"https:\/\/www.sts-education.com\/dk\/\",\"name\":\"STS Education\",\"description\":\"\",\"potentialAction\":[{\"@type\":\"SearchAction\",\"target\":{\"@type\":\"EntryPoint\",\"urlTemplate\":\"https:\/\/www.sts-education.com\/dk\/?s={search_term_string}\"},\"query-input\":{\"@type\":\"PropertyValueSpecification\",\"valueRequired\":true,\"valueName\":\"search_term_string\"}}],\"inLanguage\":\"da-DK\"},{\"@type\":\"Person\",\"@id\":\"https:\/\/www.sts-education.com\/dk\/#\/schema\/person\/8b82f3a2e45f020b8f296d7a85d9a97c\",\"name\":\"syncreadwrite\",\"image\":{\"@type\":\"ImageObject\",\"inLanguage\":\"da-DK\",\"@id\":\"https:\/\/secure.gravatar.com\/avatar\/6ed1007e4f6f43f22e3df41d9fce4365533cba47fef64bb359b8e629abbc2ea6?s=96&d=mm&r=g\",\"url\":\"https:\/\/secure.gravatar.com\/avatar\/6ed1007e4f6f43f22e3df41d9fce4365533cba47fef64bb359b8e629abbc2ea6?s=96&d=mm&r=g\",\"contentUrl\":\"https:\/\/secure.gravatar.com\/avatar\/6ed1007e4f6f43f22e3df41d9fce4365533cba47fef64bb359b8e629abbc2ea6?s=96&d=mm&r=g\",\"caption\":\"syncreadwrite\"},\"url\":\"https:\/\/www.sts-education.com\/dk\/author\/syncreadwrite\/\"}]}<\/script>\n<!-- \/ Yoast SEO Premium plugin. -->","yoast_head_json":{"title":"Serena var p\u00e5 udvekslings\u00e5r i Finland","description":"Jeg valgte at g\u00f8re denne erfaring, fordi jeg gerne ville ud af min komfortzone og pr\u00f8ve nye ting, og jeg valgte Finland som destination, fordi jeg gerne ville have et europ\u00e6isk land, der havde en helt anden kultur end den italienske.","robots":{"index":"index","follow":"follow","max-snippet":"max-snippet:-1","max-image-preview":"max-image-preview:large","max-video-preview":"max-video-preview:-1"},"canonical":"https:\/\/www.sts-education.com\/dk\/high-school\/beretninger-fra-eleverne\/elevhistorier\/serena-var-pa-udvekslingsar-i-finland\/","og_locale":"da_DK","og_type":"article","og_title":"Serena Var Pa Udvekslingsar I Finland","og_description":"Jeg valgte at g\u00f8re denne erfaring, fordi jeg gerne ville ud af min komfortzone og pr\u00f8ve nye ting, og jeg valgte Finland som destination, fordi jeg gerne ville have et europ\u00e6isk land, der havde en helt anden kultur end den italienske.","og_url":"https:\/\/www.sts-education.com\/dk\/high-school\/beretninger-fra-eleverne\/elevhistorier\/serena-var-pa-udvekslingsar-i-finland\/","og_site_name":"STS Education","article_published_time":"2024-11-25T11:00:00+00:00","article_modified_time":"2026-04-29T07:49:03+00:00","og_image":[{"width":150,"height":150,"url":"https:\/\/powered-by.qbank.se\/educatius\/sts\/\/5629243ccf442de1a89a181a488bba6c_1-1-thumb.webp","type":"image\/png"}],"author":"syncreadwrite","twitter_card":"summary_large_image","twitter_misc":{"Skrevet af":"syncreadwrite","Estimeret l\u00e6setid":"6 minutter"},"schema":{"@context":"https:\/\/schema.org","@graph":[{"@type":"Article","@id":"https:\/\/www.sts-education.com\/dk\/high-school\/beretninger-fra-eleverne\/elevhistorier\/serena-var-pa-udvekslingsar-i-finland\/#article","isPartOf":{"@id":"https:\/\/www.sts-education.com\/dk\/high-school\/beretninger-fra-eleverne\/elevhistorier\/serena-var-pa-udvekslingsar-i-finland\/"},"author":{"name":"syncreadwrite","@id":"https:\/\/www.sts-education.com\/dk\/#\/schema\/person\/8b82f3a2e45f020b8f296d7a85d9a97c"},"headline":"Serena Var Pa Udvekslingsar I Finland","datePublished":"2024-11-25T11:00:00+00:00","dateModified":"2026-04-29T07:49:03+00:00","mainEntityOfPage":{"@id":"https:\/\/www.sts-education.com\/dk\/high-school\/beretninger-fra-eleverne\/elevhistorier\/serena-var-pa-udvekslingsar-i-finland\/"},"wordCount":1166,"commentCount":0,"image":{"@id":"https:\/\/www.sts-education.com\/dk\/high-school\/beretninger-fra-eleverne\/elevhistorier\/serena-var-pa-udvekslingsar-i-finland\/#primaryimage"},"thumbnailUrl":"https:\/\/powered-by.qbank.se\/educatius\/sts\/\/5629243ccf442de1a89a181a488bba6c_1-1-thumb.webp","keywords":["Finland"],"articleSection":["Uncategorized @da"],"inLanguage":"da-DK","potentialAction":[{"@type":"CommentAction","name":"Comment","target":["https:\/\/www.sts-education.com\/dk\/high-school\/beretninger-fra-eleverne\/elevhistorier\/serena-var-pa-udvekslingsar-i-finland\/#respond"]}]},{"@type":"WebPage","@id":"https:\/\/www.sts-education.com\/dk\/high-school\/beretninger-fra-eleverne\/elevhistorier\/serena-var-pa-udvekslingsar-i-finland\/","url":"https:\/\/www.sts-education.com\/dk\/high-school\/beretninger-fra-eleverne\/elevhistorier\/serena-var-pa-udvekslingsar-i-finland\/","name":"Serena var p\u00e5 udvekslings\u00e5r i Finland","isPartOf":{"@id":"https:\/\/www.sts-education.com\/dk\/#website"},"primaryImageOfPage":{"@id":"https:\/\/www.sts-education.com\/dk\/high-school\/beretninger-fra-eleverne\/elevhistorier\/serena-var-pa-udvekslingsar-i-finland\/#primaryimage"},"image":{"@id":"https:\/\/www.sts-education.com\/dk\/high-school\/beretninger-fra-eleverne\/elevhistorier\/serena-var-pa-udvekslingsar-i-finland\/#primaryimage"},"thumbnailUrl":"https:\/\/powered-by.qbank.se\/educatius\/sts\/\/5629243ccf442de1a89a181a488bba6c_1-1-thumb.webp","datePublished":"2024-11-25T11:00:00+00:00","dateModified":"2026-04-29T07:49:03+00:00","author":{"@id":"https:\/\/www.sts-education.com\/dk\/#\/schema\/person\/8b82f3a2e45f020b8f296d7a85d9a97c"},"description":"Jeg valgte at g\u00f8re denne erfaring, fordi jeg gerne ville ud af min komfortzone og pr\u00f8ve nye ting, og jeg valgte Finland som destination, fordi jeg gerne ville have et europ\u00e6isk land, der havde en helt anden kultur end den italienske.","breadcrumb":{"@id":"https:\/\/www.sts-education.com\/dk\/high-school\/beretninger-fra-eleverne\/elevhistorier\/serena-var-pa-udvekslingsar-i-finland\/#breadcrumb"},"inLanguage":"da-DK","potentialAction":[{"@type":"ReadAction","target":["https:\/\/www.sts-education.com\/dk\/high-school\/beretninger-fra-eleverne\/elevhistorier\/serena-var-pa-udvekslingsar-i-finland\/"]}]},{"@type":"ImageObject","inLanguage":"da-DK","@id":"https:\/\/www.sts-education.com\/dk\/high-school\/beretninger-fra-eleverne\/elevhistorier\/serena-var-pa-udvekslingsar-i-finland\/#primaryimage","url":"https:\/\/powered-by.qbank.se\/educatius\/sts\/\/5629243ccf442de1a89a181a488bba6c_1-1-thumb.webp","contentUrl":"https:\/\/powered-by.qbank.se\/educatius\/sts\/\/5629243ccf442de1a89a181a488bba6c_1-1-thumb.webp","width":150,"height":150},{"@type":"BreadcrumbList","@id":"https:\/\/www.sts-education.com\/dk\/high-school\/beretninger-fra-eleverne\/elevhistorier\/serena-var-pa-udvekslingsar-i-finland\/#breadcrumb","itemListElement":[{"@type":"ListItem","position":1,"name":"Home","item":"https:\/\/www.sts-education.com\/dk\/sample-page\/"},{"@type":"ListItem","position":2,"name":"Serena Var Pa Udvekslingsar I Finland"}]},{"@type":"WebSite","@id":"https:\/\/www.sts-education.com\/dk\/#website","url":"https:\/\/www.sts-education.com\/dk\/","name":"STS Education","description":"","potentialAction":[{"@type":"SearchAction","target":{"@type":"EntryPoint","urlTemplate":"https:\/\/www.sts-education.com\/dk\/?s={search_term_string}"},"query-input":{"@type":"PropertyValueSpecification","valueRequired":true,"valueName":"search_term_string"}}],"inLanguage":"da-DK"},{"@type":"Person","@id":"https:\/\/www.sts-education.com\/dk\/#\/schema\/person\/8b82f3a2e45f020b8f296d7a85d9a97c","name":"syncreadwrite","image":{"@type":"ImageObject","inLanguage":"da-DK","@id":"https:\/\/secure.gravatar.com\/avatar\/6ed1007e4f6f43f22e3df41d9fce4365533cba47fef64bb359b8e629abbc2ea6?s=96&d=mm&r=g","url":"https:\/\/secure.gravatar.com\/avatar\/6ed1007e4f6f43f22e3df41d9fce4365533cba47fef64bb359b8e629abbc2ea6?s=96&d=mm&r=g","contentUrl":"https:\/\/secure.gravatar.com\/avatar\/6ed1007e4f6f43f22e3df41d9fce4365533cba47fef64bb359b8e629abbc2ea6?s=96&d=mm&r=g","caption":"syncreadwrite"},"url":"https:\/\/www.sts-education.com\/dk\/author\/syncreadwrite\/"}]}},"_links":{"self":[{"href":"https:\/\/www.sts-education.com\/dk\/wp-json\/wp\/v2\/posts\/11426","targetHints":{"allow":["GET"]}}],"collection":[{"href":"https:\/\/www.sts-education.com\/dk\/wp-json\/wp\/v2\/posts"}],"about":[{"href":"https:\/\/www.sts-education.com\/dk\/wp-json\/wp\/v2\/types\/post"}],"author":[{"embeddable":true,"href":"https:\/\/www.sts-education.com\/dk\/wp-json\/wp\/v2\/users\/20"}],"replies":[{"embeddable":true,"href":"https:\/\/www.sts-education.com\/dk\/wp-json\/wp\/v2\/comments?post=11426"}],"version-history":[{"count":7,"href":"https:\/\/www.sts-education.com\/dk\/wp-json\/wp\/v2\/posts\/11426\/revisions"}],"predecessor-version":[{"id":43347,"href":"https:\/\/www.sts-education.com\/dk\/wp-json\/wp\/v2\/posts\/11426\/revisions\/43347"}],"wp:featuredmedia":[{"embeddable":true,"href":"https:\/\/www.sts-education.com\/dk\/wp-json\/wp\/v2\/media\/12818"}],"wp:attachment":[{"href":"https:\/\/www.sts-education.com\/dk\/wp-json\/wp\/v2\/media?parent=11426"}],"wp:term":[{"taxonomy":"category","embeddable":true,"href":"https:\/\/www.sts-education.com\/dk\/wp-json\/wp\/v2\/categories?post=11426"},{"taxonomy":"post_tag","embeddable":true,"href":"https:\/\/www.sts-education.com\/dk\/wp-json\/wp\/v2\/tags?post=11426"},{"taxonomy":"wpw_post_folders","embeddable":true,"href":"https:\/\/www.sts-education.com\/dk\/wp-json\/wp\/v2\/wpw_post_folders?post=11426"}],"curies":[{"name":"wp","href":"https:\/\/api.w.org\/{rel}","templated":true}]}}