{"id":11427,"date":"2024-10-24T13:00:00","date_gmt":"2024-10-24T11:00:00","guid":{"rendered":"https:\/\/preprod.sts-education.com\/blog\/2026\/03\/05\/muki-valgte-at-studere-i-spanien\/"},"modified":"2026-04-29T09:49:30","modified_gmt":"2026-04-29T07:49:30","slug":"muki-valgte-at-studere-i-spanien","status":"publish","type":"post","link":"https:\/\/www.sts-education.com\/dk\/high-school\/beretninger-fra-eleverne\/elevhistorier\/muki-valgte-at-studere-i-spanien\/","title":{"rendered":"Muki Valgte At Studere I Spanien"},"content":{"rendered":"\n<div class=\"wp-block-sts-text sts-text-editor has-max-width-md\"><div class=\"sts-text-editor__content\"><div class=\"sts-text-editor__content-inner\">\n<h1 style=\"text-align:center\">Muki valgte at studere i Spanien<\/h1>\n<\/div><\/div><\/div>\n\n\n\n<figure class=\"wp-block-sts-image sts-block-image sts-block-image--count-1 has-max-width-lg\" data-count=\"1\"><div class=\"sts-block-image__grid\"><div class=\"sts-block-image__item\"><picture class=\"sts-responsive-image has-fit-cover has-pos-top is-skeleton\"><source media=\"(max-width: 834.98px)\" srcset=\"https:\/\/powered-by.qbank.se\/educatius\/sts\/450d86718b4b3697ccf2f66f3c051f56_1-1-thumb.webp 150w, https:\/\/powered-by.qbank.se\/educatius\/sts\/450d86718b4b3697ccf2f66f3c051f56_1-1-xsmall.webp 500w, https:\/\/powered-by.qbank.se\/educatius\/sts\/450d86718b4b3697ccf2f66f3c051f56_1-1-small.webp 800w, https:\/\/powered-by.qbank.se\/educatius\/sts\/450d86718b4b3697ccf2f66f3c051f56_1-1-medium.webp 1024w, https:\/\/powered-by.qbank.se\/educatius\/sts\/450d86718b4b3697ccf2f66f3c051f56_1-1-large.webp 1536w\" sizes=\"(max-width: 768px) 100vw, (max-width: 1200px) 100vw, 1200px\" type=\"image\/webp\"\/><source media=\"(min-width: 835px)\" srcset=\"https:\/\/powered-by.qbank.se\/educatius\/sts\/450d86718b4b3697ccf2f66f3c051f56_16-9-small.webp 800w, https:\/\/powered-by.qbank.se\/educatius\/sts\/450d86718b4b3697ccf2f66f3c051f56_16-9-medium.webp 1024w, https:\/\/powered-by.qbank.se\/educatius\/sts\/450d86718b4b3697ccf2f66f3c051f56_16-9-large.webp 1536w\" sizes=\"(max-width: 768px) 100vw, (max-width: 1200px) 100vw, 1200px\" type=\"image\/webp\"\/><img src=\"https:\/\/powered-by.qbank.se\/educatius\/sts\/450d86718b4b3697ccf2f66f3c051f56_1-1-thumb.webp\" alt=\"Muki valgte at studere i Spanien\" loading=\"lazy\" decoding=\"async\" fetchpriority=\"low\" style=\"object-position:top\"\/><\/picture><\/div><\/div><\/figure>\n\n\n\n<div class=\"wp-block-sts-text sts-text-editor has-max-width-md\"><div class=\"sts-text-editor__content\"><div class=\"sts-text-editor__content-inner\">\n<p><em>Mit navn er Muki, jeg er 16 \u00e5r gammel og kommer fra \u00d8strig. Jeg tilbringer lige nu 5 m\u00e5neder i Spanien i en mindre by i n\u00e6rheden af Madrid, der hedder Rivas Vaciamadrid.<\/em><\/p>\n<\/div><\/div><\/div>\n\n\n\n<div class=\"wp-block-sts-text sts-text-editor has-max-width-md\"><div class=\"sts-text-editor__content\"><div class=\"sts-text-editor__content-inner\">\n<p>Jeg har v\u00e6ret her i n\u00e6sten to m\u00e5neder nu, og det har v\u00e6ret helt fantastisk. Jeg havde n\u00e6sten ingen forventninger, men alle dem, jeg havde, blev overskredet. Jeg tror, det var den bedste beslutning at tr\u00e6de ud af min komfortzone og beslutte at bo i et fremmed land og en fremmed familie, hvor jeg absolut ikke kender nogen og ingenting. Jeg er allerede sikker p\u00e5, at jeg altid vil huske disse 5 m\u00e5neder som en fantastisk tid, hvis ikke den bedste.<\/p>\n<h2>Hvorfor Spanien?<\/h2>\n<p>Jeg elsker sommeren og alle de ting, man kan lave, n\u00e5r det er varmt, s\u00e5 det l\u00f8d fantastisk for mig at bo i et land, hvor det forbliver varmt og solrigt meget l\u00e6ngere, end det g\u00f8r hos mig. Det var nok en af hoved\u00e5rsagerne til, at jeg valgte at tage til Spanien.<\/p>\n<h2>Venner og skole<\/h2>\n<p>Fra den f\u00f8rste dag i Spanien med velkomstlejren til nu har hver dag v\u00e6ret fantastisk. Jeg m\u00f8dte ret hurtigt nye venner, b\u00e5de andre udvekslingsstuderende, der bor i min by, og lokale, is\u00e6r fra min skole. Skolen, mine klassekammerater og l\u00e6rere er alle s\u00f8de.<\/p>\n<h2>V\u00e6rtsfamilien<\/h2>\n<p>Min familie er rigtig s\u00f8d, og jeg elsker at tilbringe tid med mine tre v\u00e6rtss\u00f8skende og min hund. Jeg har et dejligt v\u00e6relse, og min familie bekymrer sig om mig. Jeg bor her, som om jeg var en del af deres familie.<\/p>\n<h2>Det spanske sprog<\/h2>\n<p>Mit spanske er blevet meget bedre! Jeg forst\u00e5r mere og mere hver dag. Nu, efter kun to m\u00e5neder, forst\u00e5r jeg meget og kan kommunikere ret godt.<\/p>\n<h2>Fritid<\/h2>\n<p>Om eftermiddagen g\u00e5r jeg for det meste i fitnesscenteret eller m\u00f8des med mine venner for at h\u00e6nge ud eller spille fodbold. I weekenden elsker vi at tage til Madrid, som ligger omkring 40 minutter v\u00e6k med metroen. Vi udforsker byen, shopper og har det sjovt. Det er nok min yndlingsaktivitet, og jeg ser altid frem til det. Jeg og mine venner er helt vilde med Madrid og alt det, man kan se og g\u00f8re der.<\/p>\n<h2>Min anbefaling<\/h2>\n<p>Jeg kan kun anbefale at tage p\u00e5 udveksling, og STS har v\u00e6ret fantastisk. Alt har v\u00e6ret godt og behageligt organiseret. Jeg har ikke noget at klage over! Hvis du selv beslutter dig for at tage p\u00e5 et udvekslings\u00e5r, er mit r\u00e5d at forvente s\u00e5 lidt som muligt, f\u00f8r du starter, og lade dig overraske af de ting, du oplever. S\u00e5 kan du ikke blive skuffet!<\/p>\n<h2>Find ud af mere!<\/h2>\n<ul><li>L\u00e6s flere <a href=\"https:\/\/www.sts-education.com\/dk\/high-school\/beretninger-fra-eleverne\/elevhistorier\/?hashtag=Spanien\">elevhistorier fra Spanien<\/a><\/li>\n<li>L\u00e6s mere om <a href=\"https:\/\/www.sts-education.com\/dk\/high-school\/programlande\/europa\/spanien\/\">high school-udveksling i Spanien<\/a><\/li>\n<li>Se alle vores <a href=\"\/dk\/high-school\/tripfinder\/\">destinationer for high school-udveksling<\/a><\/li><\/ul>\n<\/div><\/div><\/div>\n","protected":false},"excerpt":{"rendered":"","protected":false},"author":20,"featured_media":40536,"comment_status":"open","ping_status":"open","sticky":false,"template":"","format":"standard","meta":{"_acf_changed":false,"_yoast_wpseo_title":"Muki valgte at studere i Spanien","_yoast_wpseo_metadesc":"Jeg tror, det var den bedste beslutning at tr\u00e6de ud af min komfortzone og beslutte at bo i et fremmed land og en fremmed familie, hvor jeg absolut ikke kender nogen eller noget.","footnotes":""},"categories":[305],"tags":[893],"wpw_post_folders":[],"class_list":["post-11427","post","type-post","status-publish","format-standard","has-post-thumbnail","hentry","category-uncategorized-da","tag-spanien"],"acf":[],"yoast_head":"<!-- This site is optimized with the Yoast SEO Premium plugin v27.2 (Yoast SEO v27.2) - https:\/\/yoast.com\/product\/yoast-seo-premium-wordpress\/ -->\n<title>Muki valgte at studere i Spanien<\/title>\n<meta name=\"description\" content=\"Jeg tror, det var den bedste beslutning at tr\u00e6de ud af min komfortzone og beslutte at bo i et fremmed land og en fremmed familie, hvor jeg absolut ikke kender nogen eller noget.\" \/>\n<meta name=\"robots\" content=\"index, follow, max-snippet:-1, max-image-preview:large, max-video-preview:-1\" \/>\n<link rel=\"canonical\" href=\"https:\/\/www.sts-education.com\/dk\/high-school\/beretninger-fra-eleverne\/elevhistorier\/muki-valgte-at-studere-i-spanien\/\" \/>\n<meta property=\"og:locale\" content=\"da_DK\" \/>\n<meta property=\"og:type\" content=\"article\" \/>\n<meta property=\"og:title\" content=\"Muki Valgte At Studere I Spanien\" \/>\n<meta property=\"og:description\" content=\"Jeg tror, det var den bedste beslutning at tr\u00e6de ud af min komfortzone og beslutte at bo i et fremmed land og en fremmed familie, hvor jeg absolut ikke kender nogen eller noget.\" \/>\n<meta property=\"og:url\" content=\"https:\/\/www.sts-education.com\/dk\/high-school\/beretninger-fra-eleverne\/elevhistorier\/muki-valgte-at-studere-i-spanien\/\" \/>\n<meta property=\"og:site_name\" content=\"STS Education\" \/>\n<meta property=\"article:published_time\" content=\"2024-10-24T11:00:00+00:00\" \/>\n<meta property=\"article:modified_time\" content=\"2026-04-29T07:49:30+00:00\" \/>\n<meta property=\"og:image\" content=\"https:\/\/powered-by.qbank.se\/educatius\/sts\/\/450d86718b4b3697ccf2f66f3c051f56_1-1-thumb.webp\" \/>\n\t<meta property=\"og:image:width\" content=\"150\" \/>\n\t<meta property=\"og:image:height\" content=\"150\" \/>\n\t<meta property=\"og:image:type\" content=\"image\/png\" \/>\n<meta name=\"author\" content=\"syncreadwrite\" \/>\n<meta name=\"twitter:card\" content=\"summary_large_image\" \/>\n<meta name=\"twitter:label1\" content=\"Skrevet af\" \/>\n\t<meta name=\"twitter:data1\" content=\"syncreadwrite\" \/>\n\t<meta name=\"twitter:label2\" content=\"Estimeret l\u00e6setid\" \/>\n\t<meta name=\"twitter:data2\" content=\"2 minutter\" \/>\n<script type=\"application\/ld+json\" class=\"yoast-schema-graph\">{\"@context\":\"https:\/\/schema.org\",\"@graph\":[{\"@type\":\"Article\",\"@id\":\"https:\/\/www.sts-education.com\/dk\/high-school\/beretninger-fra-eleverne\/elevhistorier\/muki-valgte-at-studere-i-spanien\/#article\",\"isPartOf\":{\"@id\":\"https:\/\/www.sts-education.com\/dk\/high-school\/beretninger-fra-eleverne\/elevhistorier\/muki-valgte-at-studere-i-spanien\/\"},\"author\":{\"name\":\"syncreadwrite\",\"@id\":\"https:\/\/www.sts-education.com\/dk\/#\/schema\/person\/8b82f3a2e45f020b8f296d7a85d9a97c\"},\"headline\":\"Muki Valgte At Studere I Spanien\",\"datePublished\":\"2024-10-24T11:00:00+00:00\",\"dateModified\":\"2026-04-29T07:49:30+00:00\",\"mainEntityOfPage\":{\"@id\":\"https:\/\/www.sts-education.com\/dk\/high-school\/beretninger-fra-eleverne\/elevhistorier\/muki-valgte-at-studere-i-spanien\/\"},\"wordCount\":501,\"commentCount\":0,\"image\":{\"@id\":\"https:\/\/www.sts-education.com\/dk\/high-school\/beretninger-fra-eleverne\/elevhistorier\/muki-valgte-at-studere-i-spanien\/#primaryimage\"},\"thumbnailUrl\":\"https:\/\/powered-by.qbank.se\/educatius\/sts\/\/450d86718b4b3697ccf2f66f3c051f56_1-1-thumb.webp\",\"keywords\":[\"Spanien\"],\"articleSection\":[\"Uncategorized @da\"],\"inLanguage\":\"da-DK\",\"potentialAction\":[{\"@type\":\"CommentAction\",\"name\":\"Comment\",\"target\":[\"https:\/\/www.sts-education.com\/dk\/high-school\/beretninger-fra-eleverne\/elevhistorier\/muki-valgte-at-studere-i-spanien\/#respond\"]}]},{\"@type\":\"WebPage\",\"@id\":\"https:\/\/www.sts-education.com\/dk\/high-school\/beretninger-fra-eleverne\/elevhistorier\/muki-valgte-at-studere-i-spanien\/\",\"url\":\"https:\/\/www.sts-education.com\/dk\/high-school\/beretninger-fra-eleverne\/elevhistorier\/muki-valgte-at-studere-i-spanien\/\",\"name\":\"Muki valgte at studere i Spanien\",\"isPartOf\":{\"@id\":\"https:\/\/www.sts-education.com\/dk\/#website\"},\"primaryImageOfPage\":{\"@id\":\"https:\/\/www.sts-education.com\/dk\/high-school\/beretninger-fra-eleverne\/elevhistorier\/muki-valgte-at-studere-i-spanien\/#primaryimage\"},\"image\":{\"@id\":\"https:\/\/www.sts-education.com\/dk\/high-school\/beretninger-fra-eleverne\/elevhistorier\/muki-valgte-at-studere-i-spanien\/#primaryimage\"},\"thumbnailUrl\":\"https:\/\/powered-by.qbank.se\/educatius\/sts\/\/450d86718b4b3697ccf2f66f3c051f56_1-1-thumb.webp\",\"datePublished\":\"2024-10-24T11:00:00+00:00\",\"dateModified\":\"2026-04-29T07:49:30+00:00\",\"author\":{\"@id\":\"https:\/\/www.sts-education.com\/dk\/#\/schema\/person\/8b82f3a2e45f020b8f296d7a85d9a97c\"},\"description\":\"Jeg tror, det var den bedste beslutning at tr\u00e6de ud af min komfortzone og beslutte at bo i et fremmed land og en fremmed familie, hvor jeg absolut ikke kender nogen eller noget.\",\"breadcrumb\":{\"@id\":\"https:\/\/www.sts-education.com\/dk\/high-school\/beretninger-fra-eleverne\/elevhistorier\/muki-valgte-at-studere-i-spanien\/#breadcrumb\"},\"inLanguage\":\"da-DK\",\"potentialAction\":[{\"@type\":\"ReadAction\",\"target\":[\"https:\/\/www.sts-education.com\/dk\/high-school\/beretninger-fra-eleverne\/elevhistorier\/muki-valgte-at-studere-i-spanien\/\"]}]},{\"@type\":\"ImageObject\",\"inLanguage\":\"da-DK\",\"@id\":\"https:\/\/www.sts-education.com\/dk\/high-school\/beretninger-fra-eleverne\/elevhistorier\/muki-valgte-at-studere-i-spanien\/#primaryimage\",\"url\":\"https:\/\/powered-by.qbank.se\/educatius\/sts\/\/450d86718b4b3697ccf2f66f3c051f56_1-1-thumb.webp\",\"contentUrl\":\"https:\/\/powered-by.qbank.se\/educatius\/sts\/\/450d86718b4b3697ccf2f66f3c051f56_1-1-thumb.webp\",\"width\":150,\"height\":150},{\"@type\":\"BreadcrumbList\",\"@id\":\"https:\/\/www.sts-education.com\/dk\/high-school\/beretninger-fra-eleverne\/elevhistorier\/muki-valgte-at-studere-i-spanien\/#breadcrumb\",\"itemListElement\":[{\"@type\":\"ListItem\",\"position\":1,\"name\":\"Home\",\"item\":\"https:\/\/www.sts-education.com\/dk\/sample-page\/\"},{\"@type\":\"ListItem\",\"position\":2,\"name\":\"Muki Valgte At Studere I Spanien\"}]},{\"@type\":\"WebSite\",\"@id\":\"https:\/\/www.sts-education.com\/dk\/#website\",\"url\":\"https:\/\/www.sts-education.com\/dk\/\",\"name\":\"STS Education\",\"description\":\"\",\"potentialAction\":[{\"@type\":\"SearchAction\",\"target\":{\"@type\":\"EntryPoint\",\"urlTemplate\":\"https:\/\/www.sts-education.com\/dk\/?s={search_term_string}\"},\"query-input\":{\"@type\":\"PropertyValueSpecification\",\"valueRequired\":true,\"valueName\":\"search_term_string\"}}],\"inLanguage\":\"da-DK\"},{\"@type\":\"Person\",\"@id\":\"https:\/\/www.sts-education.com\/dk\/#\/schema\/person\/8b82f3a2e45f020b8f296d7a85d9a97c\",\"name\":\"syncreadwrite\",\"image\":{\"@type\":\"ImageObject\",\"inLanguage\":\"da-DK\",\"@id\":\"https:\/\/secure.gravatar.com\/avatar\/6ed1007e4f6f43f22e3df41d9fce4365533cba47fef64bb359b8e629abbc2ea6?s=96&d=mm&r=g\",\"url\":\"https:\/\/secure.gravatar.com\/avatar\/6ed1007e4f6f43f22e3df41d9fce4365533cba47fef64bb359b8e629abbc2ea6?s=96&d=mm&r=g\",\"contentUrl\":\"https:\/\/secure.gravatar.com\/avatar\/6ed1007e4f6f43f22e3df41d9fce4365533cba47fef64bb359b8e629abbc2ea6?s=96&d=mm&r=g\",\"caption\":\"syncreadwrite\"},\"url\":\"https:\/\/www.sts-education.com\/dk\/author\/syncreadwrite\/\"}]}<\/script>\n<!-- \/ Yoast SEO Premium plugin. -->","yoast_head_json":{"title":"Muki valgte at studere i Spanien","description":"Jeg tror, det var den bedste beslutning at tr\u00e6de ud af min komfortzone og beslutte at bo i et fremmed land og en fremmed familie, hvor jeg absolut ikke kender nogen eller noget.","robots":{"index":"index","follow":"follow","max-snippet":"max-snippet:-1","max-image-preview":"max-image-preview:large","max-video-preview":"max-video-preview:-1"},"canonical":"https:\/\/www.sts-education.com\/dk\/high-school\/beretninger-fra-eleverne\/elevhistorier\/muki-valgte-at-studere-i-spanien\/","og_locale":"da_DK","og_type":"article","og_title":"Muki Valgte At Studere I Spanien","og_description":"Jeg tror, det var den bedste beslutning at tr\u00e6de ud af min komfortzone og beslutte at bo i et fremmed land og en fremmed familie, hvor jeg absolut ikke kender nogen eller noget.","og_url":"https:\/\/www.sts-education.com\/dk\/high-school\/beretninger-fra-eleverne\/elevhistorier\/muki-valgte-at-studere-i-spanien\/","og_site_name":"STS Education","article_published_time":"2024-10-24T11:00:00+00:00","article_modified_time":"2026-04-29T07:49:30+00:00","og_image":[{"width":150,"height":150,"url":"https:\/\/powered-by.qbank.se\/educatius\/sts\/\/450d86718b4b3697ccf2f66f3c051f56_1-1-thumb.webp","type":"image\/png"}],"author":"syncreadwrite","twitter_card":"summary_large_image","twitter_misc":{"Skrevet af":"syncreadwrite","Estimeret l\u00e6setid":"2 minutter"},"schema":{"@context":"https:\/\/schema.org","@graph":[{"@type":"Article","@id":"https:\/\/www.sts-education.com\/dk\/high-school\/beretninger-fra-eleverne\/elevhistorier\/muki-valgte-at-studere-i-spanien\/#article","isPartOf":{"@id":"https:\/\/www.sts-education.com\/dk\/high-school\/beretninger-fra-eleverne\/elevhistorier\/muki-valgte-at-studere-i-spanien\/"},"author":{"name":"syncreadwrite","@id":"https:\/\/www.sts-education.com\/dk\/#\/schema\/person\/8b82f3a2e45f020b8f296d7a85d9a97c"},"headline":"Muki Valgte At Studere I Spanien","datePublished":"2024-10-24T11:00:00+00:00","dateModified":"2026-04-29T07:49:30+00:00","mainEntityOfPage":{"@id":"https:\/\/www.sts-education.com\/dk\/high-school\/beretninger-fra-eleverne\/elevhistorier\/muki-valgte-at-studere-i-spanien\/"},"wordCount":501,"commentCount":0,"image":{"@id":"https:\/\/www.sts-education.com\/dk\/high-school\/beretninger-fra-eleverne\/elevhistorier\/muki-valgte-at-studere-i-spanien\/#primaryimage"},"thumbnailUrl":"https:\/\/powered-by.qbank.se\/educatius\/sts\/\/450d86718b4b3697ccf2f66f3c051f56_1-1-thumb.webp","keywords":["Spanien"],"articleSection":["Uncategorized @da"],"inLanguage":"da-DK","potentialAction":[{"@type":"CommentAction","name":"Comment","target":["https:\/\/www.sts-education.com\/dk\/high-school\/beretninger-fra-eleverne\/elevhistorier\/muki-valgte-at-studere-i-spanien\/#respond"]}]},{"@type":"WebPage","@id":"https:\/\/www.sts-education.com\/dk\/high-school\/beretninger-fra-eleverne\/elevhistorier\/muki-valgte-at-studere-i-spanien\/","url":"https:\/\/www.sts-education.com\/dk\/high-school\/beretninger-fra-eleverne\/elevhistorier\/muki-valgte-at-studere-i-spanien\/","name":"Muki valgte at studere i Spanien","isPartOf":{"@id":"https:\/\/www.sts-education.com\/dk\/#website"},"primaryImageOfPage":{"@id":"https:\/\/www.sts-education.com\/dk\/high-school\/beretninger-fra-eleverne\/elevhistorier\/muki-valgte-at-studere-i-spanien\/#primaryimage"},"image":{"@id":"https:\/\/www.sts-education.com\/dk\/high-school\/beretninger-fra-eleverne\/elevhistorier\/muki-valgte-at-studere-i-spanien\/#primaryimage"},"thumbnailUrl":"https:\/\/powered-by.qbank.se\/educatius\/sts\/\/450d86718b4b3697ccf2f66f3c051f56_1-1-thumb.webp","datePublished":"2024-10-24T11:00:00+00:00","dateModified":"2026-04-29T07:49:30+00:00","author":{"@id":"https:\/\/www.sts-education.com\/dk\/#\/schema\/person\/8b82f3a2e45f020b8f296d7a85d9a97c"},"description":"Jeg tror, det var den bedste beslutning at tr\u00e6de ud af min komfortzone og beslutte at bo i et fremmed land og en fremmed familie, hvor jeg absolut ikke kender nogen eller noget.","breadcrumb":{"@id":"https:\/\/www.sts-education.com\/dk\/high-school\/beretninger-fra-eleverne\/elevhistorier\/muki-valgte-at-studere-i-spanien\/#breadcrumb"},"inLanguage":"da-DK","potentialAction":[{"@type":"ReadAction","target":["https:\/\/www.sts-education.com\/dk\/high-school\/beretninger-fra-eleverne\/elevhistorier\/muki-valgte-at-studere-i-spanien\/"]}]},{"@type":"ImageObject","inLanguage":"da-DK","@id":"https:\/\/www.sts-education.com\/dk\/high-school\/beretninger-fra-eleverne\/elevhistorier\/muki-valgte-at-studere-i-spanien\/#primaryimage","url":"https:\/\/powered-by.qbank.se\/educatius\/sts\/\/450d86718b4b3697ccf2f66f3c051f56_1-1-thumb.webp","contentUrl":"https:\/\/powered-by.qbank.se\/educatius\/sts\/\/450d86718b4b3697ccf2f66f3c051f56_1-1-thumb.webp","width":150,"height":150},{"@type":"BreadcrumbList","@id":"https:\/\/www.sts-education.com\/dk\/high-school\/beretninger-fra-eleverne\/elevhistorier\/muki-valgte-at-studere-i-spanien\/#breadcrumb","itemListElement":[{"@type":"ListItem","position":1,"name":"Home","item":"https:\/\/www.sts-education.com\/dk\/sample-page\/"},{"@type":"ListItem","position":2,"name":"Muki Valgte At Studere I Spanien"}]},{"@type":"WebSite","@id":"https:\/\/www.sts-education.com\/dk\/#website","url":"https:\/\/www.sts-education.com\/dk\/","name":"STS Education","description":"","potentialAction":[{"@type":"SearchAction","target":{"@type":"EntryPoint","urlTemplate":"https:\/\/www.sts-education.com\/dk\/?s={search_term_string}"},"query-input":{"@type":"PropertyValueSpecification","valueRequired":true,"valueName":"search_term_string"}}],"inLanguage":"da-DK"},{"@type":"Person","@id":"https:\/\/www.sts-education.com\/dk\/#\/schema\/person\/8b82f3a2e45f020b8f296d7a85d9a97c","name":"syncreadwrite","image":{"@type":"ImageObject","inLanguage":"da-DK","@id":"https:\/\/secure.gravatar.com\/avatar\/6ed1007e4f6f43f22e3df41d9fce4365533cba47fef64bb359b8e629abbc2ea6?s=96&d=mm&r=g","url":"https:\/\/secure.gravatar.com\/avatar\/6ed1007e4f6f43f22e3df41d9fce4365533cba47fef64bb359b8e629abbc2ea6?s=96&d=mm&r=g","contentUrl":"https:\/\/secure.gravatar.com\/avatar\/6ed1007e4f6f43f22e3df41d9fce4365533cba47fef64bb359b8e629abbc2ea6?s=96&d=mm&r=g","caption":"syncreadwrite"},"url":"https:\/\/www.sts-education.com\/dk\/author\/syncreadwrite\/"}]}},"_links":{"self":[{"href":"https:\/\/www.sts-education.com\/dk\/wp-json\/wp\/v2\/posts\/11427","targetHints":{"allow":["GET"]}}],"collection":[{"href":"https:\/\/www.sts-education.com\/dk\/wp-json\/wp\/v2\/posts"}],"about":[{"href":"https:\/\/www.sts-education.com\/dk\/wp-json\/wp\/v2\/types\/post"}],"author":[{"embeddable":true,"href":"https:\/\/www.sts-education.com\/dk\/wp-json\/wp\/v2\/users\/20"}],"replies":[{"embeddable":true,"href":"https:\/\/www.sts-education.com\/dk\/wp-json\/wp\/v2\/comments?post=11427"}],"version-history":[{"count":6,"href":"https:\/\/www.sts-education.com\/dk\/wp-json\/wp\/v2\/posts\/11427\/revisions"}],"predecessor-version":[{"id":43359,"href":"https:\/\/www.sts-education.com\/dk\/wp-json\/wp\/v2\/posts\/11427\/revisions\/43359"}],"wp:featuredmedia":[{"embeddable":true,"href":"https:\/\/www.sts-education.com\/dk\/wp-json\/wp\/v2\/media\/40536"}],"wp:attachment":[{"href":"https:\/\/www.sts-education.com\/dk\/wp-json\/wp\/v2\/media?parent=11427"}],"wp:term":[{"taxonomy":"category","embeddable":true,"href":"https:\/\/www.sts-education.com\/dk\/wp-json\/wp\/v2\/categories?post=11427"},{"taxonomy":"post_tag","embeddable":true,"href":"https:\/\/www.sts-education.com\/dk\/wp-json\/wp\/v2\/tags?post=11427"},{"taxonomy":"wpw_post_folders","embeddable":true,"href":"https:\/\/www.sts-education.com\/dk\/wp-json\/wp\/v2\/wpw_post_folders?post=11427"}],"curies":[{"name":"wp","href":"https:\/\/api.w.org\/{rel}","templated":true}]}}