{"id":11430,"date":"2024-10-21T14:00:00","date_gmt":"2024-10-21T14:00:00","guid":{"rendered":"https:\/\/preprod.sts-education.com\/blog\/2026\/03\/05\/matteo-var-pa-udveksling-i-tyskland\/"},"modified":"2026-04-15T09:50:18","modified_gmt":"2026-04-15T09:50:18","slug":"matteo-var-pa-udveksling-i-tyskland","status":"publish","type":"post","link":"https:\/\/www.sts-education.com\/dk\/high-school\/beretninger-fra-eleverne\/elevhistorier\/matteo-var-pa-udveksling-i-tyskland\/","title":{"rendered":"Matteo Var Pa Udveksling I Tyskland"},"content":{"rendered":"\n<div class=\"wp-block-sts-text sts-text-editor has-max-width-md\"><div class=\"sts-text-editor__content\"><div class=\"sts-text-editor__content-inner\">\n<h1 style=\"text-align:center\">Matteo var p\u00e5 udveksling i Tyskland<\/h1>\n<\/div><\/div><\/div>\n\n\n\n<figure class=\"wp-block-sts-image sts-block-image sts-block-image--count-1 has-max-width-md\" data-count=\"1\"><div class=\"sts-block-image__grid\"><div class=\"sts-block-image__item\"><picture class=\"sts-responsive-image has-fit-cover has-pos-top is-skeleton\"><img src=\"https:\/\/cdn.sts-education.com\/13343_hero_md.jpg\" alt=\"Matteo var p\u00e5 udveksling i Tyskland\" loading=\"lazy\" decoding=\"async\" fetchpriority=\"low\" sizes=\"(max-width: 736px) 100vw, 736px\"\/><\/picture><\/div><\/div><\/figure>\n\n\n\n<div class=\"wp-block-sts-text sts-text-editor has-max-width-md\"><div class=\"sts-text-editor__content\"><div class=\"sts-text-editor__content-inner\">\n<p><em>Hej! Jeg hedder Matteo, er fra Italien og er 19 \u00e5r. I august 2022 startede jeg mit udvekslingsophold i Tyskland. Jeg blev der indtil juni 2023, s\u00e5 det var et helt skole\u00e5r.<\/em><\/p>\n<\/div><\/div><\/div>\n\n\n\n<div class=\"wp-block-sts-text sts-text-editor has-max-width-md\"><div class=\"sts-text-editor__content\"><div class=\"sts-text-editor__content-inner\">\n<p>Jeg valgte Tyskland, fordi jeg studerede tysk som fremmedsprog i skolen, og udvekslingsprogrammet var den bedste mulighed for at forbedre mine sprogkundskaber og min selvst\u00e6ndighed.<\/p>\n<p>Den skole, jeg gik p\u00e5, var meget im\u00f8dekommende, og jeg f\u00f8lte mig straks som en del af den, selv om det ikke var let at f\u00e5 venner.<\/p>\n<p>Det bedste ved mit udvekslings\u00e5r var min v\u00e6rtsfamilie. Vi n\u00f8d vores tid sammen, og vi bes\u00f8gte nye steder og byer som Hamborg og Bremen. Et godt minde er den 18-\u00e5rs f\u00f8dselsdagsfest, de arrangerede for mig: Det fik mig til at f\u00f8le mig speciel.<\/p>\n<p>I begyndelsen var det meget sv\u00e6rt at tilpasse sig den tyske livsstil, fordi det kulturchok, jeg oplevede, var uventet, men takket v\u00e6re de ting, jeg har set og gjort, var det lettere at komme ind i den nye rutine.<\/p>\n<p>I slutningen af mit udvekslings\u00e5r f\u00f8lte jeg mig s\u00e5 tilfreds, og jeg vidste, at jeg var en bedre person, end jeg var f\u00f8r. S\u00e5 det er klart, at jeg vil anbefale at tage p\u00e5 high school-udveksling, for det er en fantastisk chance for at f\u00e5 et nyt perspektiv p\u00e5 livet og blive et modent menneske.<\/p>\n<p>Jeg vil altid v\u00e6re STS taknemmelig for at have ladet mig opleve alt dette. De var altid klar til at opfylde mine \u00f8nsker og f\u00e5 mig til at f\u00f8le mig hjemme (Welcome Camp var den bedste m\u00e5de at l\u00e6re andre udvekslingsstuderende at kende p\u00e5).<\/p>\n<p>Til dem, der l\u00e6ser med, vil jeg bare sige, at man ikke skal v\u00e6re bange for at pr\u00f8ve noget nyt, som udvekslings\u00e5ret er. G\u00f8r dig s\u00e5 mange erfaringer som muligt, for de vil v\u00e6re en del af din personlige v\u00e6kst, og de vil hj\u00e6lpe dig med at forst\u00e5, hvad du virkelig vil med dit liv.<\/p>\n<p>S\u00e5 kom nu, lad dit udvekslings\u00e5r begynde!<\/p>\n<h2>Find ud af mere!<\/h2>\n<ul><li>L\u00e6s flere <a href=\"https:\/\/www.sts-education.com\/dk\/high-school\/beretninger-fra-eleverne\/elevhistorier\/?hashtag=Tyskland\">elevhistorier fra Tyskland<\/a><\/li>\n<li>L\u00e6s mere om <a href=\"https:\/\/www.sts-education.com\/dk\/high-school\/programlande\/europa\/tyskland\/\">high school-udveksling i Tyskland<\/a><\/li>\n<li>Se alle vores <a href=\"\/dk\/high-school\/tripfinder\/\">destinationer for high school-udveksling<\/a><\/li><\/ul>\n<\/div><\/div><\/div>\n","protected":false},"excerpt":{"rendered":"","protected":false},"author":20,"featured_media":12826,"comment_status":"open","ping_status":"open","sticky":false,"template":"","format":"standard","meta":{"_acf_changed":false,"_yoast_wpseo_title":"Matteo var p\u00e5 udveksling i Tyskland","_yoast_wpseo_metadesc":"Det bedste ved mit udvekslings\u00e5r var min v\u00e6rtsfamilie. Vi n\u00f8d vores tid sammen, og vi bes\u00f8gte nye steder og byer som Hamborg og Bremen.","footnotes":""},"categories":[305],"tags":[886],"wpw_post_folders":[],"class_list":["post-11430","post","type-post","status-publish","format-standard","has-post-thumbnail","hentry","category-uncategorized-da","tag-tyskland"],"acf":[],"yoast_head":"<!-- This site is optimized with the Yoast SEO Premium plugin v27.2 (Yoast SEO v27.2) - https:\/\/yoast.com\/product\/yoast-seo-premium-wordpress\/ -->\n<title>Matteo var p\u00e5 udveksling i Tyskland<\/title>\n<meta name=\"description\" content=\"Det bedste ved mit udvekslings\u00e5r var min v\u00e6rtsfamilie. Vi n\u00f8d vores tid sammen, og vi bes\u00f8gte nye steder og byer som Hamborg og Bremen.\" \/>\n<meta name=\"robots\" content=\"index, follow, max-snippet:-1, max-image-preview:large, max-video-preview:-1\" \/>\n<link rel=\"canonical\" href=\"https:\/\/www.sts-education.com\/dk\/high-school\/beretninger-fra-eleverne\/elevhistorier\/matteo-var-pa-udveksling-i-tyskland\/\" \/>\n<meta property=\"og:locale\" content=\"da_DK\" \/>\n<meta property=\"og:type\" content=\"article\" \/>\n<meta property=\"og:title\" content=\"Matteo Var Pa Udveksling I Tyskland\" \/>\n<meta property=\"og:description\" content=\"Det bedste ved mit udvekslings\u00e5r var min v\u00e6rtsfamilie. Vi n\u00f8d vores tid sammen, og vi bes\u00f8gte nye steder og byer som Hamborg og Bremen.\" \/>\n<meta property=\"og:url\" content=\"https:\/\/www.sts-education.com\/dk\/high-school\/beretninger-fra-eleverne\/elevhistorier\/matteo-var-pa-udveksling-i-tyskland\/\" \/>\n<meta property=\"og:site_name\" content=\"STS Education\" \/>\n<meta property=\"article:published_time\" content=\"2024-10-21T14:00:00+00:00\" \/>\n<meta property=\"article:modified_time\" content=\"2026-04-15T09:50:18+00:00\" \/>\n<meta property=\"og:image\" content=\"https:\/\/powered-by.qbank.se\/educatius\/sts\/\/3ee9103dcaab55d5ff8d5a1bcc25b8d8_1-1-thumb.webp\" \/>\n\t<meta property=\"og:image:width\" content=\"150\" \/>\n\t<meta property=\"og:image:height\" content=\"150\" \/>\n\t<meta property=\"og:image:type\" content=\"image\/png\" \/>\n<meta name=\"author\" content=\"syncreadwrite\" \/>\n<meta name=\"twitter:card\" content=\"summary_large_image\" \/>\n<meta name=\"twitter:label1\" content=\"Skrevet af\" \/>\n\t<meta name=\"twitter:data1\" content=\"syncreadwrite\" \/>\n\t<meta name=\"twitter:label2\" content=\"Estimeret l\u00e6setid\" \/>\n\t<meta name=\"twitter:data2\" content=\"2 minutter\" \/>\n<script type=\"application\/ld+json\" class=\"yoast-schema-graph\">{\"@context\":\"https:\/\/schema.org\",\"@graph\":[{\"@type\":\"Article\",\"@id\":\"https:\/\/www.sts-education.com\/dk\/high-school\/beretninger-fra-eleverne\/elevhistorier\/matteo-var-pa-udveksling-i-tyskland\/#article\",\"isPartOf\":{\"@id\":\"https:\/\/www.sts-education.com\/dk\/high-school\/beretninger-fra-eleverne\/elevhistorier\/matteo-var-pa-udveksling-i-tyskland\/\"},\"author\":{\"name\":\"syncreadwrite\",\"@id\":\"https:\/\/www.sts-education.com\/dk\/#\/schema\/person\/8b82f3a2e45f020b8f296d7a85d9a97c\"},\"headline\":\"Matteo Var Pa Udveksling I Tyskland\",\"datePublished\":\"2024-10-21T14:00:00+00:00\",\"dateModified\":\"2026-04-15T09:50:18+00:00\",\"mainEntityOfPage\":{\"@id\":\"https:\/\/www.sts-education.com\/dk\/high-school\/beretninger-fra-eleverne\/elevhistorier\/matteo-var-pa-udveksling-i-tyskland\/\"},\"wordCount\":390,\"commentCount\":0,\"image\":{\"@id\":\"https:\/\/www.sts-education.com\/dk\/high-school\/beretninger-fra-eleverne\/elevhistorier\/matteo-var-pa-udveksling-i-tyskland\/#primaryimage\"},\"thumbnailUrl\":\"https:\/\/powered-by.qbank.se\/educatius\/sts\/\/3ee9103dcaab55d5ff8d5a1bcc25b8d8_1-1-thumb.webp\",\"keywords\":[\"Tyskland\"],\"articleSection\":[\"Uncategorized @da\"],\"inLanguage\":\"da-DK\",\"potentialAction\":[{\"@type\":\"CommentAction\",\"name\":\"Comment\",\"target\":[\"https:\/\/www.sts-education.com\/dk\/high-school\/beretninger-fra-eleverne\/elevhistorier\/matteo-var-pa-udveksling-i-tyskland\/#respond\"]}]},{\"@type\":\"WebPage\",\"@id\":\"https:\/\/www.sts-education.com\/dk\/high-school\/beretninger-fra-eleverne\/elevhistorier\/matteo-var-pa-udveksling-i-tyskland\/\",\"url\":\"https:\/\/www.sts-education.com\/dk\/high-school\/beretninger-fra-eleverne\/elevhistorier\/matteo-var-pa-udveksling-i-tyskland\/\",\"name\":\"Matteo var p\u00e5 udveksling i Tyskland\",\"isPartOf\":{\"@id\":\"https:\/\/www.sts-education.com\/dk\/#website\"},\"primaryImageOfPage\":{\"@id\":\"https:\/\/www.sts-education.com\/dk\/high-school\/beretninger-fra-eleverne\/elevhistorier\/matteo-var-pa-udveksling-i-tyskland\/#primaryimage\"},\"image\":{\"@id\":\"https:\/\/www.sts-education.com\/dk\/high-school\/beretninger-fra-eleverne\/elevhistorier\/matteo-var-pa-udveksling-i-tyskland\/#primaryimage\"},\"thumbnailUrl\":\"https:\/\/powered-by.qbank.se\/educatius\/sts\/\/3ee9103dcaab55d5ff8d5a1bcc25b8d8_1-1-thumb.webp\",\"datePublished\":\"2024-10-21T14:00:00+00:00\",\"dateModified\":\"2026-04-15T09:50:18+00:00\",\"author\":{\"@id\":\"https:\/\/www.sts-education.com\/dk\/#\/schema\/person\/8b82f3a2e45f020b8f296d7a85d9a97c\"},\"description\":\"Det bedste ved mit udvekslings\u00e5r var min v\u00e6rtsfamilie. Vi n\u00f8d vores tid sammen, og vi bes\u00f8gte nye steder og byer som Hamborg og Bremen.\",\"breadcrumb\":{\"@id\":\"https:\/\/www.sts-education.com\/dk\/high-school\/beretninger-fra-eleverne\/elevhistorier\/matteo-var-pa-udveksling-i-tyskland\/#breadcrumb\"},\"inLanguage\":\"da-DK\",\"potentialAction\":[{\"@type\":\"ReadAction\",\"target\":[\"https:\/\/www.sts-education.com\/dk\/high-school\/beretninger-fra-eleverne\/elevhistorier\/matteo-var-pa-udveksling-i-tyskland\/\"]}]},{\"@type\":\"ImageObject\",\"inLanguage\":\"da-DK\",\"@id\":\"https:\/\/www.sts-education.com\/dk\/high-school\/beretninger-fra-eleverne\/elevhistorier\/matteo-var-pa-udveksling-i-tyskland\/#primaryimage\",\"url\":\"https:\/\/powered-by.qbank.se\/educatius\/sts\/\/3ee9103dcaab55d5ff8d5a1bcc25b8d8_1-1-thumb.webp\",\"contentUrl\":\"https:\/\/powered-by.qbank.se\/educatius\/sts\/\/3ee9103dcaab55d5ff8d5a1bcc25b8d8_1-1-thumb.webp\",\"width\":150,\"height\":150},{\"@type\":\"BreadcrumbList\",\"@id\":\"https:\/\/www.sts-education.com\/dk\/high-school\/beretninger-fra-eleverne\/elevhistorier\/matteo-var-pa-udveksling-i-tyskland\/#breadcrumb\",\"itemListElement\":[{\"@type\":\"ListItem\",\"position\":1,\"name\":\"Home\",\"item\":\"https:\/\/www.sts-education.com\/dk\/sample-page\/\"},{\"@type\":\"ListItem\",\"position\":2,\"name\":\"Matteo Var Pa Udveksling I Tyskland\"}]},{\"@type\":\"WebSite\",\"@id\":\"https:\/\/www.sts-education.com\/dk\/#website\",\"url\":\"https:\/\/www.sts-education.com\/dk\/\",\"name\":\"STS Education\",\"description\":\"\",\"potentialAction\":[{\"@type\":\"SearchAction\",\"target\":{\"@type\":\"EntryPoint\",\"urlTemplate\":\"https:\/\/www.sts-education.com\/dk\/?s={search_term_string}\"},\"query-input\":{\"@type\":\"PropertyValueSpecification\",\"valueRequired\":true,\"valueName\":\"search_term_string\"}}],\"inLanguage\":\"da-DK\"},{\"@type\":\"Person\",\"@id\":\"https:\/\/www.sts-education.com\/dk\/#\/schema\/person\/8b82f3a2e45f020b8f296d7a85d9a97c\",\"name\":\"syncreadwrite\",\"image\":{\"@type\":\"ImageObject\",\"inLanguage\":\"da-DK\",\"@id\":\"https:\/\/secure.gravatar.com\/avatar\/6ed1007e4f6f43f22e3df41d9fce4365533cba47fef64bb359b8e629abbc2ea6?s=96&d=mm&r=g\",\"url\":\"https:\/\/secure.gravatar.com\/avatar\/6ed1007e4f6f43f22e3df41d9fce4365533cba47fef64bb359b8e629abbc2ea6?s=96&d=mm&r=g\",\"contentUrl\":\"https:\/\/secure.gravatar.com\/avatar\/6ed1007e4f6f43f22e3df41d9fce4365533cba47fef64bb359b8e629abbc2ea6?s=96&d=mm&r=g\",\"caption\":\"syncreadwrite\"},\"url\":\"https:\/\/www.sts-education.com\/dk\/author\/syncreadwrite\/\"}]}<\/script>\n<!-- \/ Yoast SEO Premium plugin. -->","yoast_head_json":{"title":"Matteo var p\u00e5 udveksling i Tyskland","description":"Det bedste ved mit udvekslings\u00e5r var min v\u00e6rtsfamilie. Vi n\u00f8d vores tid sammen, og vi bes\u00f8gte nye steder og byer som Hamborg og Bremen.","robots":{"index":"index","follow":"follow","max-snippet":"max-snippet:-1","max-image-preview":"max-image-preview:large","max-video-preview":"max-video-preview:-1"},"canonical":"https:\/\/www.sts-education.com\/dk\/high-school\/beretninger-fra-eleverne\/elevhistorier\/matteo-var-pa-udveksling-i-tyskland\/","og_locale":"da_DK","og_type":"article","og_title":"Matteo Var Pa Udveksling I Tyskland","og_description":"Det bedste ved mit udvekslings\u00e5r var min v\u00e6rtsfamilie. Vi n\u00f8d vores tid sammen, og vi bes\u00f8gte nye steder og byer som Hamborg og Bremen.","og_url":"https:\/\/www.sts-education.com\/dk\/high-school\/beretninger-fra-eleverne\/elevhistorier\/matteo-var-pa-udveksling-i-tyskland\/","og_site_name":"STS Education","article_published_time":"2024-10-21T14:00:00+00:00","article_modified_time":"2026-04-15T09:50:18+00:00","og_image":[{"width":150,"height":150,"url":"https:\/\/powered-by.qbank.se\/educatius\/sts\/\/3ee9103dcaab55d5ff8d5a1bcc25b8d8_1-1-thumb.webp","type":"image\/png"}],"author":"syncreadwrite","twitter_card":"summary_large_image","twitter_misc":{"Skrevet af":"syncreadwrite","Estimeret l\u00e6setid":"2 minutter"},"schema":{"@context":"https:\/\/schema.org","@graph":[{"@type":"Article","@id":"https:\/\/www.sts-education.com\/dk\/high-school\/beretninger-fra-eleverne\/elevhistorier\/matteo-var-pa-udveksling-i-tyskland\/#article","isPartOf":{"@id":"https:\/\/www.sts-education.com\/dk\/high-school\/beretninger-fra-eleverne\/elevhistorier\/matteo-var-pa-udveksling-i-tyskland\/"},"author":{"name":"syncreadwrite","@id":"https:\/\/www.sts-education.com\/dk\/#\/schema\/person\/8b82f3a2e45f020b8f296d7a85d9a97c"},"headline":"Matteo Var Pa Udveksling I Tyskland","datePublished":"2024-10-21T14:00:00+00:00","dateModified":"2026-04-15T09:50:18+00:00","mainEntityOfPage":{"@id":"https:\/\/www.sts-education.com\/dk\/high-school\/beretninger-fra-eleverne\/elevhistorier\/matteo-var-pa-udveksling-i-tyskland\/"},"wordCount":390,"commentCount":0,"image":{"@id":"https:\/\/www.sts-education.com\/dk\/high-school\/beretninger-fra-eleverne\/elevhistorier\/matteo-var-pa-udveksling-i-tyskland\/#primaryimage"},"thumbnailUrl":"https:\/\/powered-by.qbank.se\/educatius\/sts\/\/3ee9103dcaab55d5ff8d5a1bcc25b8d8_1-1-thumb.webp","keywords":["Tyskland"],"articleSection":["Uncategorized @da"],"inLanguage":"da-DK","potentialAction":[{"@type":"CommentAction","name":"Comment","target":["https:\/\/www.sts-education.com\/dk\/high-school\/beretninger-fra-eleverne\/elevhistorier\/matteo-var-pa-udveksling-i-tyskland\/#respond"]}]},{"@type":"WebPage","@id":"https:\/\/www.sts-education.com\/dk\/high-school\/beretninger-fra-eleverne\/elevhistorier\/matteo-var-pa-udveksling-i-tyskland\/","url":"https:\/\/www.sts-education.com\/dk\/high-school\/beretninger-fra-eleverne\/elevhistorier\/matteo-var-pa-udveksling-i-tyskland\/","name":"Matteo var p\u00e5 udveksling i Tyskland","isPartOf":{"@id":"https:\/\/www.sts-education.com\/dk\/#website"},"primaryImageOfPage":{"@id":"https:\/\/www.sts-education.com\/dk\/high-school\/beretninger-fra-eleverne\/elevhistorier\/matteo-var-pa-udveksling-i-tyskland\/#primaryimage"},"image":{"@id":"https:\/\/www.sts-education.com\/dk\/high-school\/beretninger-fra-eleverne\/elevhistorier\/matteo-var-pa-udveksling-i-tyskland\/#primaryimage"},"thumbnailUrl":"https:\/\/powered-by.qbank.se\/educatius\/sts\/\/3ee9103dcaab55d5ff8d5a1bcc25b8d8_1-1-thumb.webp","datePublished":"2024-10-21T14:00:00+00:00","dateModified":"2026-04-15T09:50:18+00:00","author":{"@id":"https:\/\/www.sts-education.com\/dk\/#\/schema\/person\/8b82f3a2e45f020b8f296d7a85d9a97c"},"description":"Det bedste ved mit udvekslings\u00e5r var min v\u00e6rtsfamilie. Vi n\u00f8d vores tid sammen, og vi bes\u00f8gte nye steder og byer som Hamborg og Bremen.","breadcrumb":{"@id":"https:\/\/www.sts-education.com\/dk\/high-school\/beretninger-fra-eleverne\/elevhistorier\/matteo-var-pa-udveksling-i-tyskland\/#breadcrumb"},"inLanguage":"da-DK","potentialAction":[{"@type":"ReadAction","target":["https:\/\/www.sts-education.com\/dk\/high-school\/beretninger-fra-eleverne\/elevhistorier\/matteo-var-pa-udveksling-i-tyskland\/"]}]},{"@type":"ImageObject","inLanguage":"da-DK","@id":"https:\/\/www.sts-education.com\/dk\/high-school\/beretninger-fra-eleverne\/elevhistorier\/matteo-var-pa-udveksling-i-tyskland\/#primaryimage","url":"https:\/\/powered-by.qbank.se\/educatius\/sts\/\/3ee9103dcaab55d5ff8d5a1bcc25b8d8_1-1-thumb.webp","contentUrl":"https:\/\/powered-by.qbank.se\/educatius\/sts\/\/3ee9103dcaab55d5ff8d5a1bcc25b8d8_1-1-thumb.webp","width":150,"height":150},{"@type":"BreadcrumbList","@id":"https:\/\/www.sts-education.com\/dk\/high-school\/beretninger-fra-eleverne\/elevhistorier\/matteo-var-pa-udveksling-i-tyskland\/#breadcrumb","itemListElement":[{"@type":"ListItem","position":1,"name":"Home","item":"https:\/\/www.sts-education.com\/dk\/sample-page\/"},{"@type":"ListItem","position":2,"name":"Matteo Var Pa Udveksling I Tyskland"}]},{"@type":"WebSite","@id":"https:\/\/www.sts-education.com\/dk\/#website","url":"https:\/\/www.sts-education.com\/dk\/","name":"STS Education","description":"","potentialAction":[{"@type":"SearchAction","target":{"@type":"EntryPoint","urlTemplate":"https:\/\/www.sts-education.com\/dk\/?s={search_term_string}"},"query-input":{"@type":"PropertyValueSpecification","valueRequired":true,"valueName":"search_term_string"}}],"inLanguage":"da-DK"},{"@type":"Person","@id":"https:\/\/www.sts-education.com\/dk\/#\/schema\/person\/8b82f3a2e45f020b8f296d7a85d9a97c","name":"syncreadwrite","image":{"@type":"ImageObject","inLanguage":"da-DK","@id":"https:\/\/secure.gravatar.com\/avatar\/6ed1007e4f6f43f22e3df41d9fce4365533cba47fef64bb359b8e629abbc2ea6?s=96&d=mm&r=g","url":"https:\/\/secure.gravatar.com\/avatar\/6ed1007e4f6f43f22e3df41d9fce4365533cba47fef64bb359b8e629abbc2ea6?s=96&d=mm&r=g","contentUrl":"https:\/\/secure.gravatar.com\/avatar\/6ed1007e4f6f43f22e3df41d9fce4365533cba47fef64bb359b8e629abbc2ea6?s=96&d=mm&r=g","caption":"syncreadwrite"},"url":"https:\/\/www.sts-education.com\/dk\/author\/syncreadwrite\/"}]}},"_links":{"self":[{"href":"https:\/\/www.sts-education.com\/dk\/wp-json\/wp\/v2\/posts\/11430","targetHints":{"allow":["GET"]}}],"collection":[{"href":"https:\/\/www.sts-education.com\/dk\/wp-json\/wp\/v2\/posts"}],"about":[{"href":"https:\/\/www.sts-education.com\/dk\/wp-json\/wp\/v2\/types\/post"}],"author":[{"embeddable":true,"href":"https:\/\/www.sts-education.com\/dk\/wp-json\/wp\/v2\/users\/20"}],"replies":[{"embeddable":true,"href":"https:\/\/www.sts-education.com\/dk\/wp-json\/wp\/v2\/comments?post=11430"}],"version-history":[{"count":5,"href":"https:\/\/www.sts-education.com\/dk\/wp-json\/wp\/v2\/posts\/11430\/revisions"}],"predecessor-version":[{"id":36207,"href":"https:\/\/www.sts-education.com\/dk\/wp-json\/wp\/v2\/posts\/11430\/revisions\/36207"}],"wp:featuredmedia":[{"embeddable":true,"href":"https:\/\/www.sts-education.com\/dk\/wp-json\/wp\/v2\/media\/12826"}],"wp:attachment":[{"href":"https:\/\/www.sts-education.com\/dk\/wp-json\/wp\/v2\/media?parent=11430"}],"wp:term":[{"taxonomy":"category","embeddable":true,"href":"https:\/\/www.sts-education.com\/dk\/wp-json\/wp\/v2\/categories?post=11430"},{"taxonomy":"post_tag","embeddable":true,"href":"https:\/\/www.sts-education.com\/dk\/wp-json\/wp\/v2\/tags?post=11430"},{"taxonomy":"wpw_post_folders","embeddable":true,"href":"https:\/\/www.sts-education.com\/dk\/wp-json\/wp\/v2\/wpw_post_folders?post=11430"}],"curies":[{"name":"wp","href":"https:\/\/api.w.org\/{rel}","templated":true}]}}