{"id":11436,"date":"2024-09-16T15:00:00","date_gmt":"2024-09-16T15:00:00","guid":{"rendered":"https:\/\/preprod.sts-education.com\/blog\/2026\/03\/05\/celina-tog-pa-high-school-udveksling-til-tyskland\/"},"modified":"2026-04-15T09:50:25","modified_gmt":"2026-04-15T09:50:25","slug":"celina-tog-pa-high-school-udveksling-til-tyskland","status":"publish","type":"post","link":"https:\/\/www.sts-education.com\/dk\/high-school\/beretninger-fra-eleverne\/elevhistorier\/celina-tog-pa-high-school-udveksling-til-tyskland\/","title":{"rendered":"Celina Tog Pa High School Udveksling Til Tyskland"},"content":{"rendered":"\n<div class=\"wp-block-sts-text sts-text-editor has-max-width-md\"><div class=\"sts-text-editor__content\"><div class=\"sts-text-editor__content-inner\">\n<h1 style=\"text-align:center\">Celina tog p\u00e5 high school-udveksling til Tyskland<\/h1>\n<\/div><\/div><\/div>\n\n\n\n<figure class=\"wp-block-sts-image sts-block-image sts-block-image--count-1 has-max-width-md\" data-count=\"1\"><div class=\"sts-block-image__grid\"><div class=\"sts-block-image__item\"><picture class=\"sts-responsive-image has-fit-cover has-pos-top is-skeleton\"><img src=\"https:\/\/cdn.sts-education.com\/13178_hero_md.jpg\" alt=\"Celina tog p\u00e5 high school-udveksling til Tyskland\" loading=\"lazy\" decoding=\"async\" fetchpriority=\"low\" sizes=\"(max-width: 736px) 100vw, 736px\"\/><\/picture><\/div><\/div><\/figure>\n\n\n\n<div class=\"wp-block-sts-text sts-text-editor has-max-width-md\"><div class=\"sts-text-editor__content\"><div class=\"sts-text-editor__content-inner\">\n<p><em>Celina fra Brasilien tilbragte et skole\u00e5r i Tyskland.<\/em><\/p>\n<\/div><\/div><\/div>\n\n\n\n<div class=\"wp-block-sts-text sts-text-editor has-max-width-md\"><div class=\"sts-text-editor__content\"><div class=\"sts-text-editor__content-inner\">\n<p>Jeg var p\u00e5 udveksling i Tyskland i ti m\u00e5neder. Jeg valgte Tyskland, fordi det er en s\u00e5 anderledes kultur end i Brasilien.<\/p>\n<h2>Skole og venner<\/h2>\n<p>Min tyske skole var meget im\u00f8dekommende. Det var ret nemt at f\u00e5 nye venner i Tyskland, selv om de var lidt reserverede i starten. Men med tiden kom vi godt ud af det med hinanden.<\/p>\n<h2>Min v\u00e6rtsfamilie<\/h2>\n<p>Min v\u00e6rtsfamilie og jeg kom godt ud af det med hinanden, og de kom tilmed over til Brasilien i \u00e5r. De fik mig til at f\u00f8le mig som en del af familien. Mine v\u00e6rtsfor\u00e6ldre er meget t\u00e5lmodige, og da jeg havde to v\u00e6rtsbr\u00f8dre, som ogs\u00e5 har v\u00e6ret p\u00e5 udveksling, kom vi godt ud af det med hinanden og blev venner p\u00e5 ingen tid.<\/p>\n<h2>L\u00e6ring<\/h2>\n<p>Som brasilianer er min vigtigste l\u00e6ring fra mit udlandsophold at v\u00e6re punktlig og at v\u00e6re meget organiseret med min tid. Den forskel mellem Brasilien og Tyskland, der p\u00e5virkede mig mest, og som jeg havde flest problemer med, var vejret. Jeg havde mentalt forberedt mig p\u00e5 kulden, men vinden var brutal!<\/p>\n<h2>Mine forventninger blev alle overg\u00e5et<\/h2>\n<p>Jeg havde h\u00f8je forventninger til mit udvekslings\u00e5r, og de blev alle overg\u00e5et. Jeg f\u00f8lte, at STS-teamet virkelig holdt af mig, og at de gjorde deres bedste for, at jeg kunne f\u00e5 et fantastisk \u00e5r!<\/p>\n<p>Alt i alt var mit \u00e5r fantastisk, og jeg fik venner fra hele verden. Jeg fik ogs\u00e5 masser af fantastiske minder. Et af dem, der stikker mest ud, var min f\u00f8rste gang, jeg malede p\u00e5ske\u00e6g. De blev ikke s\u00e6rlig p\u00e6ne, men jeg havde det sjovt.<\/p>\n<h2>Anbefalinger<\/h2>\n<p>Jeg vil anbefale alle at tage til udlandet, det \u00e6ndrer dit verdensbillede, og det kan \u00e5bne mange d\u00f8re i fremtiden. Et godt r\u00e5d til dem, der skal af sted, er at pr\u00f8ve lidt af hvert og ikke v\u00e6re bange for at tage af sted. Kast dig ud i den nye kultur, tro mig, du vil l\u00e6re en masse af det!<\/p>\n<h2>Find ud af mere!<\/h2>\n<ul><li>L\u00e6s flere <a href=\"https:\/\/www.sts-education.com\/dk\/high-school\/beretninger-fra-eleverne\/elevhistorier\/?hashtag=Tyskland\">elevhistorier fra Tyskland<\/a><\/li>\n<li>L\u00e6s mere om <a href=\"https:\/\/www.sts-education.com\/dk\/high-school\/programlande\/europa\/tyskland\/\">high school-udveksling i Tyskland<\/a><\/li>\n<li>Se alle vores <a href=\"\/dk\/high-school\/tripfinder\/\">destinationer for high school-udveksling<\/a><\/li><\/ul>\n<\/div><\/div><\/div>\n","protected":false},"excerpt":{"rendered":"","protected":false},"author":20,"featured_media":12838,"comment_status":"open","ping_status":"open","sticky":false,"template":"","format":"standard","meta":{"_acf_changed":false,"_yoast_wpseo_title":"Celina tog p\u00e5 high school-udveksling til Tyskland","_yoast_wpseo_metadesc":"Min tyske skole var meget im\u00f8dekommende. Det var ret nemt at f\u00e5 nye venner i Tyskland, selv om de var lidt reserverede i starten. Men med tiden kom vi godt ud af det med hinanden.","footnotes":""},"categories":[305],"tags":[886],"wpw_post_folders":[],"class_list":["post-11436","post","type-post","status-publish","format-standard","has-post-thumbnail","hentry","category-uncategorized-da","tag-tyskland"],"acf":[],"yoast_head":"<!-- This site is optimized with the Yoast SEO Premium plugin v27.2 (Yoast SEO v27.2) - https:\/\/yoast.com\/product\/yoast-seo-premium-wordpress\/ -->\n<title>Celina tog p\u00e5 high school-udveksling til Tyskland<\/title>\n<meta name=\"description\" content=\"Min tyske skole var meget im\u00f8dekommende. Det var ret nemt at f\u00e5 nye venner i Tyskland, selv om de var lidt reserverede i starten. Men med tiden kom vi godt ud af det med hinanden.\" \/>\n<meta name=\"robots\" content=\"index, follow, max-snippet:-1, max-image-preview:large, max-video-preview:-1\" \/>\n<link rel=\"canonical\" href=\"https:\/\/www.sts-education.com\/dk\/high-school\/beretninger-fra-eleverne\/elevhistorier\/celina-tog-pa-high-school-udveksling-til-tyskland\/\" \/>\n<meta property=\"og:locale\" content=\"da_DK\" \/>\n<meta property=\"og:type\" content=\"article\" \/>\n<meta property=\"og:title\" content=\"Celina Tog Pa High School Udveksling Til Tyskland\" \/>\n<meta property=\"og:description\" content=\"Min tyske skole var meget im\u00f8dekommende. Det var ret nemt at f\u00e5 nye venner i Tyskland, selv om de var lidt reserverede i starten. Men med tiden kom vi godt ud af det med hinanden.\" \/>\n<meta property=\"og:url\" content=\"https:\/\/www.sts-education.com\/dk\/high-school\/beretninger-fra-eleverne\/elevhistorier\/celina-tog-pa-high-school-udveksling-til-tyskland\/\" \/>\n<meta property=\"og:site_name\" content=\"STS Education\" \/>\n<meta property=\"article:published_time\" content=\"2024-09-16T15:00:00+00:00\" \/>\n<meta property=\"article:modified_time\" content=\"2026-04-15T09:50:25+00:00\" \/>\n<meta property=\"og:image\" content=\"https:\/\/powered-by.qbank.se\/educatius\/sts\/\/28bde6c83b6239dbd65137fe015fbf21_1-1-thumb.webp\" \/>\n\t<meta property=\"og:image:width\" content=\"150\" \/>\n\t<meta property=\"og:image:height\" content=\"150\" \/>\n\t<meta property=\"og:image:type\" content=\"image\/jpeg\" \/>\n<meta name=\"author\" content=\"syncreadwrite\" \/>\n<meta name=\"twitter:card\" content=\"summary_large_image\" \/>\n<meta name=\"twitter:label1\" content=\"Skrevet af\" \/>\n\t<meta name=\"twitter:data1\" content=\"syncreadwrite\" \/>\n\t<meta name=\"twitter:label2\" content=\"Estimeret l\u00e6setid\" \/>\n\t<meta name=\"twitter:data2\" content=\"2 minutter\" \/>\n<script type=\"application\/ld+json\" class=\"yoast-schema-graph\">{\"@context\":\"https:\/\/schema.org\",\"@graph\":[{\"@type\":\"Article\",\"@id\":\"https:\/\/www.sts-education.com\/dk\/high-school\/beretninger-fra-eleverne\/elevhistorier\/celina-tog-pa-high-school-udveksling-til-tyskland\/#article\",\"isPartOf\":{\"@id\":\"https:\/\/www.sts-education.com\/dk\/high-school\/beretninger-fra-eleverne\/elevhistorier\/celina-tog-pa-high-school-udveksling-til-tyskland\/\"},\"author\":{\"name\":\"syncreadwrite\",\"@id\":\"https:\/\/www.sts-education.com\/dk\/#\/schema\/person\/8b82f3a2e45f020b8f296d7a85d9a97c\"},\"headline\":\"Celina Tog Pa High School Udveksling Til Tyskland\",\"datePublished\":\"2024-09-16T15:00:00+00:00\",\"dateModified\":\"2026-04-15T09:50:25+00:00\",\"mainEntityOfPage\":{\"@id\":\"https:\/\/www.sts-education.com\/dk\/high-school\/beretninger-fra-eleverne\/elevhistorier\/celina-tog-pa-high-school-udveksling-til-tyskland\/\"},\"wordCount\":401,\"commentCount\":0,\"image\":{\"@id\":\"https:\/\/www.sts-education.com\/dk\/high-school\/beretninger-fra-eleverne\/elevhistorier\/celina-tog-pa-high-school-udveksling-til-tyskland\/#primaryimage\"},\"thumbnailUrl\":\"https:\/\/powered-by.qbank.se\/educatius\/sts\/\/28bde6c83b6239dbd65137fe015fbf21_1-1-thumb.webp\",\"keywords\":[\"Tyskland\"],\"articleSection\":[\"Uncategorized @da\"],\"inLanguage\":\"da-DK\",\"potentialAction\":[{\"@type\":\"CommentAction\",\"name\":\"Comment\",\"target\":[\"https:\/\/www.sts-education.com\/dk\/high-school\/beretninger-fra-eleverne\/elevhistorier\/celina-tog-pa-high-school-udveksling-til-tyskland\/#respond\"]}]},{\"@type\":\"WebPage\",\"@id\":\"https:\/\/www.sts-education.com\/dk\/high-school\/beretninger-fra-eleverne\/elevhistorier\/celina-tog-pa-high-school-udveksling-til-tyskland\/\",\"url\":\"https:\/\/www.sts-education.com\/dk\/high-school\/beretninger-fra-eleverne\/elevhistorier\/celina-tog-pa-high-school-udveksling-til-tyskland\/\",\"name\":\"Celina tog p\u00e5 high school-udveksling til Tyskland\",\"isPartOf\":{\"@id\":\"https:\/\/www.sts-education.com\/dk\/#website\"},\"primaryImageOfPage\":{\"@id\":\"https:\/\/www.sts-education.com\/dk\/high-school\/beretninger-fra-eleverne\/elevhistorier\/celina-tog-pa-high-school-udveksling-til-tyskland\/#primaryimage\"},\"image\":{\"@id\":\"https:\/\/www.sts-education.com\/dk\/high-school\/beretninger-fra-eleverne\/elevhistorier\/celina-tog-pa-high-school-udveksling-til-tyskland\/#primaryimage\"},\"thumbnailUrl\":\"https:\/\/powered-by.qbank.se\/educatius\/sts\/\/28bde6c83b6239dbd65137fe015fbf21_1-1-thumb.webp\",\"datePublished\":\"2024-09-16T15:00:00+00:00\",\"dateModified\":\"2026-04-15T09:50:25+00:00\",\"author\":{\"@id\":\"https:\/\/www.sts-education.com\/dk\/#\/schema\/person\/8b82f3a2e45f020b8f296d7a85d9a97c\"},\"description\":\"Min tyske skole var meget im\u00f8dekommende. Det var ret nemt at f\u00e5 nye venner i Tyskland, selv om de var lidt reserverede i starten. Men med tiden kom vi godt ud af det med hinanden.\",\"breadcrumb\":{\"@id\":\"https:\/\/www.sts-education.com\/dk\/high-school\/beretninger-fra-eleverne\/elevhistorier\/celina-tog-pa-high-school-udveksling-til-tyskland\/#breadcrumb\"},\"inLanguage\":\"da-DK\",\"potentialAction\":[{\"@type\":\"ReadAction\",\"target\":[\"https:\/\/www.sts-education.com\/dk\/high-school\/beretninger-fra-eleverne\/elevhistorier\/celina-tog-pa-high-school-udveksling-til-tyskland\/\"]}]},{\"@type\":\"ImageObject\",\"inLanguage\":\"da-DK\",\"@id\":\"https:\/\/www.sts-education.com\/dk\/high-school\/beretninger-fra-eleverne\/elevhistorier\/celina-tog-pa-high-school-udveksling-til-tyskland\/#primaryimage\",\"url\":\"https:\/\/powered-by.qbank.se\/educatius\/sts\/\/28bde6c83b6239dbd65137fe015fbf21_1-1-thumb.webp\",\"contentUrl\":\"https:\/\/powered-by.qbank.se\/educatius\/sts\/\/28bde6c83b6239dbd65137fe015fbf21_1-1-thumb.webp\",\"width\":150,\"height\":150},{\"@type\":\"BreadcrumbList\",\"@id\":\"https:\/\/www.sts-education.com\/dk\/high-school\/beretninger-fra-eleverne\/elevhistorier\/celina-tog-pa-high-school-udveksling-til-tyskland\/#breadcrumb\",\"itemListElement\":[{\"@type\":\"ListItem\",\"position\":1,\"name\":\"Home\",\"item\":\"https:\/\/www.sts-education.com\/dk\/sample-page\/\"},{\"@type\":\"ListItem\",\"position\":2,\"name\":\"Celina Tog Pa High School Udveksling Til Tyskland\"}]},{\"@type\":\"WebSite\",\"@id\":\"https:\/\/www.sts-education.com\/dk\/#website\",\"url\":\"https:\/\/www.sts-education.com\/dk\/\",\"name\":\"STS Education\",\"description\":\"\",\"potentialAction\":[{\"@type\":\"SearchAction\",\"target\":{\"@type\":\"EntryPoint\",\"urlTemplate\":\"https:\/\/www.sts-education.com\/dk\/?s={search_term_string}\"},\"query-input\":{\"@type\":\"PropertyValueSpecification\",\"valueRequired\":true,\"valueName\":\"search_term_string\"}}],\"inLanguage\":\"da-DK\"},{\"@type\":\"Person\",\"@id\":\"https:\/\/www.sts-education.com\/dk\/#\/schema\/person\/8b82f3a2e45f020b8f296d7a85d9a97c\",\"name\":\"syncreadwrite\",\"image\":{\"@type\":\"ImageObject\",\"inLanguage\":\"da-DK\",\"@id\":\"https:\/\/secure.gravatar.com\/avatar\/6ed1007e4f6f43f22e3df41d9fce4365533cba47fef64bb359b8e629abbc2ea6?s=96&d=mm&r=g\",\"url\":\"https:\/\/secure.gravatar.com\/avatar\/6ed1007e4f6f43f22e3df41d9fce4365533cba47fef64bb359b8e629abbc2ea6?s=96&d=mm&r=g\",\"contentUrl\":\"https:\/\/secure.gravatar.com\/avatar\/6ed1007e4f6f43f22e3df41d9fce4365533cba47fef64bb359b8e629abbc2ea6?s=96&d=mm&r=g\",\"caption\":\"syncreadwrite\"},\"url\":\"https:\/\/www.sts-education.com\/dk\/author\/syncreadwrite\/\"}]}<\/script>\n<!-- \/ Yoast SEO Premium plugin. -->","yoast_head_json":{"title":"Celina tog p\u00e5 high school-udveksling til Tyskland","description":"Min tyske skole var meget im\u00f8dekommende. Det var ret nemt at f\u00e5 nye venner i Tyskland, selv om de var lidt reserverede i starten. Men med tiden kom vi godt ud af det med hinanden.","robots":{"index":"index","follow":"follow","max-snippet":"max-snippet:-1","max-image-preview":"max-image-preview:large","max-video-preview":"max-video-preview:-1"},"canonical":"https:\/\/www.sts-education.com\/dk\/high-school\/beretninger-fra-eleverne\/elevhistorier\/celina-tog-pa-high-school-udveksling-til-tyskland\/","og_locale":"da_DK","og_type":"article","og_title":"Celina Tog Pa High School Udveksling Til Tyskland","og_description":"Min tyske skole var meget im\u00f8dekommende. Det var ret nemt at f\u00e5 nye venner i Tyskland, selv om de var lidt reserverede i starten. Men med tiden kom vi godt ud af det med hinanden.","og_url":"https:\/\/www.sts-education.com\/dk\/high-school\/beretninger-fra-eleverne\/elevhistorier\/celina-tog-pa-high-school-udveksling-til-tyskland\/","og_site_name":"STS Education","article_published_time":"2024-09-16T15:00:00+00:00","article_modified_time":"2026-04-15T09:50:25+00:00","og_image":[{"width":150,"height":150,"url":"https:\/\/powered-by.qbank.se\/educatius\/sts\/\/28bde6c83b6239dbd65137fe015fbf21_1-1-thumb.webp","type":"image\/jpeg"}],"author":"syncreadwrite","twitter_card":"summary_large_image","twitter_misc":{"Skrevet af":"syncreadwrite","Estimeret l\u00e6setid":"2 minutter"},"schema":{"@context":"https:\/\/schema.org","@graph":[{"@type":"Article","@id":"https:\/\/www.sts-education.com\/dk\/high-school\/beretninger-fra-eleverne\/elevhistorier\/celina-tog-pa-high-school-udveksling-til-tyskland\/#article","isPartOf":{"@id":"https:\/\/www.sts-education.com\/dk\/high-school\/beretninger-fra-eleverne\/elevhistorier\/celina-tog-pa-high-school-udveksling-til-tyskland\/"},"author":{"name":"syncreadwrite","@id":"https:\/\/www.sts-education.com\/dk\/#\/schema\/person\/8b82f3a2e45f020b8f296d7a85d9a97c"},"headline":"Celina Tog Pa High School Udveksling Til Tyskland","datePublished":"2024-09-16T15:00:00+00:00","dateModified":"2026-04-15T09:50:25+00:00","mainEntityOfPage":{"@id":"https:\/\/www.sts-education.com\/dk\/high-school\/beretninger-fra-eleverne\/elevhistorier\/celina-tog-pa-high-school-udveksling-til-tyskland\/"},"wordCount":401,"commentCount":0,"image":{"@id":"https:\/\/www.sts-education.com\/dk\/high-school\/beretninger-fra-eleverne\/elevhistorier\/celina-tog-pa-high-school-udveksling-til-tyskland\/#primaryimage"},"thumbnailUrl":"https:\/\/powered-by.qbank.se\/educatius\/sts\/\/28bde6c83b6239dbd65137fe015fbf21_1-1-thumb.webp","keywords":["Tyskland"],"articleSection":["Uncategorized @da"],"inLanguage":"da-DK","potentialAction":[{"@type":"CommentAction","name":"Comment","target":["https:\/\/www.sts-education.com\/dk\/high-school\/beretninger-fra-eleverne\/elevhistorier\/celina-tog-pa-high-school-udveksling-til-tyskland\/#respond"]}]},{"@type":"WebPage","@id":"https:\/\/www.sts-education.com\/dk\/high-school\/beretninger-fra-eleverne\/elevhistorier\/celina-tog-pa-high-school-udveksling-til-tyskland\/","url":"https:\/\/www.sts-education.com\/dk\/high-school\/beretninger-fra-eleverne\/elevhistorier\/celina-tog-pa-high-school-udveksling-til-tyskland\/","name":"Celina tog p\u00e5 high school-udveksling til Tyskland","isPartOf":{"@id":"https:\/\/www.sts-education.com\/dk\/#website"},"primaryImageOfPage":{"@id":"https:\/\/www.sts-education.com\/dk\/high-school\/beretninger-fra-eleverne\/elevhistorier\/celina-tog-pa-high-school-udveksling-til-tyskland\/#primaryimage"},"image":{"@id":"https:\/\/www.sts-education.com\/dk\/high-school\/beretninger-fra-eleverne\/elevhistorier\/celina-tog-pa-high-school-udveksling-til-tyskland\/#primaryimage"},"thumbnailUrl":"https:\/\/powered-by.qbank.se\/educatius\/sts\/\/28bde6c83b6239dbd65137fe015fbf21_1-1-thumb.webp","datePublished":"2024-09-16T15:00:00+00:00","dateModified":"2026-04-15T09:50:25+00:00","author":{"@id":"https:\/\/www.sts-education.com\/dk\/#\/schema\/person\/8b82f3a2e45f020b8f296d7a85d9a97c"},"description":"Min tyske skole var meget im\u00f8dekommende. Det var ret nemt at f\u00e5 nye venner i Tyskland, selv om de var lidt reserverede i starten. Men med tiden kom vi godt ud af det med hinanden.","breadcrumb":{"@id":"https:\/\/www.sts-education.com\/dk\/high-school\/beretninger-fra-eleverne\/elevhistorier\/celina-tog-pa-high-school-udveksling-til-tyskland\/#breadcrumb"},"inLanguage":"da-DK","potentialAction":[{"@type":"ReadAction","target":["https:\/\/www.sts-education.com\/dk\/high-school\/beretninger-fra-eleverne\/elevhistorier\/celina-tog-pa-high-school-udveksling-til-tyskland\/"]}]},{"@type":"ImageObject","inLanguage":"da-DK","@id":"https:\/\/www.sts-education.com\/dk\/high-school\/beretninger-fra-eleverne\/elevhistorier\/celina-tog-pa-high-school-udveksling-til-tyskland\/#primaryimage","url":"https:\/\/powered-by.qbank.se\/educatius\/sts\/\/28bde6c83b6239dbd65137fe015fbf21_1-1-thumb.webp","contentUrl":"https:\/\/powered-by.qbank.se\/educatius\/sts\/\/28bde6c83b6239dbd65137fe015fbf21_1-1-thumb.webp","width":150,"height":150},{"@type":"BreadcrumbList","@id":"https:\/\/www.sts-education.com\/dk\/high-school\/beretninger-fra-eleverne\/elevhistorier\/celina-tog-pa-high-school-udveksling-til-tyskland\/#breadcrumb","itemListElement":[{"@type":"ListItem","position":1,"name":"Home","item":"https:\/\/www.sts-education.com\/dk\/sample-page\/"},{"@type":"ListItem","position":2,"name":"Celina Tog Pa High School Udveksling Til Tyskland"}]},{"@type":"WebSite","@id":"https:\/\/www.sts-education.com\/dk\/#website","url":"https:\/\/www.sts-education.com\/dk\/","name":"STS Education","description":"","potentialAction":[{"@type":"SearchAction","target":{"@type":"EntryPoint","urlTemplate":"https:\/\/www.sts-education.com\/dk\/?s={search_term_string}"},"query-input":{"@type":"PropertyValueSpecification","valueRequired":true,"valueName":"search_term_string"}}],"inLanguage":"da-DK"},{"@type":"Person","@id":"https:\/\/www.sts-education.com\/dk\/#\/schema\/person\/8b82f3a2e45f020b8f296d7a85d9a97c","name":"syncreadwrite","image":{"@type":"ImageObject","inLanguage":"da-DK","@id":"https:\/\/secure.gravatar.com\/avatar\/6ed1007e4f6f43f22e3df41d9fce4365533cba47fef64bb359b8e629abbc2ea6?s=96&d=mm&r=g","url":"https:\/\/secure.gravatar.com\/avatar\/6ed1007e4f6f43f22e3df41d9fce4365533cba47fef64bb359b8e629abbc2ea6?s=96&d=mm&r=g","contentUrl":"https:\/\/secure.gravatar.com\/avatar\/6ed1007e4f6f43f22e3df41d9fce4365533cba47fef64bb359b8e629abbc2ea6?s=96&d=mm&r=g","caption":"syncreadwrite"},"url":"https:\/\/www.sts-education.com\/dk\/author\/syncreadwrite\/"}]}},"_links":{"self":[{"href":"https:\/\/www.sts-education.com\/dk\/wp-json\/wp\/v2\/posts\/11436","targetHints":{"allow":["GET"]}}],"collection":[{"href":"https:\/\/www.sts-education.com\/dk\/wp-json\/wp\/v2\/posts"}],"about":[{"href":"https:\/\/www.sts-education.com\/dk\/wp-json\/wp\/v2\/types\/post"}],"author":[{"embeddable":true,"href":"https:\/\/www.sts-education.com\/dk\/wp-json\/wp\/v2\/users\/20"}],"replies":[{"embeddable":true,"href":"https:\/\/www.sts-education.com\/dk\/wp-json\/wp\/v2\/comments?post=11436"}],"version-history":[{"count":5,"href":"https:\/\/www.sts-education.com\/dk\/wp-json\/wp\/v2\/posts\/11436\/revisions"}],"predecessor-version":[{"id":36212,"href":"https:\/\/www.sts-education.com\/dk\/wp-json\/wp\/v2\/posts\/11436\/revisions\/36212"}],"wp:featuredmedia":[{"embeddable":true,"href":"https:\/\/www.sts-education.com\/dk\/wp-json\/wp\/v2\/media\/12838"}],"wp:attachment":[{"href":"https:\/\/www.sts-education.com\/dk\/wp-json\/wp\/v2\/media?parent=11436"}],"wp:term":[{"taxonomy":"category","embeddable":true,"href":"https:\/\/www.sts-education.com\/dk\/wp-json\/wp\/v2\/categories?post=11436"},{"taxonomy":"post_tag","embeddable":true,"href":"https:\/\/www.sts-education.com\/dk\/wp-json\/wp\/v2\/tags?post=11436"},{"taxonomy":"wpw_post_folders","embeddable":true,"href":"https:\/\/www.sts-education.com\/dk\/wp-json\/wp\/v2\/wpw_post_folders?post=11436"}],"curies":[{"name":"wp","href":"https:\/\/api.w.org\/{rel}","templated":true}]}}