{"id":11437,"date":"2024-09-10T15:00:00","date_gmt":"2024-09-10T13:00:00","guid":{"rendered":"https:\/\/preprod.sts-education.com\/blog\/2026\/03\/05\/elena-var-pa-udvekslingsar-i-italien\/"},"modified":"2026-04-29T09:53:57","modified_gmt":"2026-04-29T07:53:57","slug":"elena-var-pa-udvekslingsar-i-italien","status":"publish","type":"post","link":"https:\/\/www.sts-education.com\/dk\/high-school\/beretninger-fra-eleverne\/elevhistorier\/elena-var-pa-udvekslingsar-i-italien\/","title":{"rendered":"Elena Var Pa Udvekslingsar I Italien"},"content":{"rendered":"\n<div class=\"wp-block-sts-text sts-text-editor has-max-width-md\"><div class=\"sts-text-editor__content\"><div class=\"sts-text-editor__content-inner\">\n<h1 style=\"text-align:center\">Elena var p\u00e5 udvekslings\u00e5r i Italien<\/h1>\n<\/div><\/div><\/div>\n\n\n\n<figure class=\"wp-block-sts-image sts-block-image sts-block-image--count-1 has-max-width-lg\" data-count=\"1\"><div class=\"sts-block-image__grid\"><div class=\"sts-block-image__item\"><picture class=\"sts-responsive-image has-fit-cover has-pos-top is-skeleton\"><source media=\"(max-width: 834.98px)\" srcset=\"https:\/\/powered-by.qbank.se\/educatius\/sts\/f2be8a092d43c526b10b8ed00c07f614_1-1-thumb.webp 150w, https:\/\/powered-by.qbank.se\/educatius\/sts\/f2be8a092d43c526b10b8ed00c07f614_1-1-xsmall.webp 500w, https:\/\/powered-by.qbank.se\/educatius\/sts\/f2be8a092d43c526b10b8ed00c07f614_1-1-small.webp 800w, https:\/\/powered-by.qbank.se\/educatius\/sts\/f2be8a092d43c526b10b8ed00c07f614_1-1-medium.webp 1024w, https:\/\/powered-by.qbank.se\/educatius\/sts\/f2be8a092d43c526b10b8ed00c07f614_1-1-large.webp 1536w\" sizes=\"(max-width: 768px) 100vw, (max-width: 1200px) 100vw, 1200px\" type=\"image\/webp\"\/><source media=\"(min-width: 835px)\" srcset=\"https:\/\/powered-by.qbank.se\/educatius\/sts\/f2be8a092d43c526b10b8ed00c07f614_16-9-small.webp 800w, https:\/\/powered-by.qbank.se\/educatius\/sts\/f2be8a092d43c526b10b8ed00c07f614_16-9-medium.webp 1024w, https:\/\/powered-by.qbank.se\/educatius\/sts\/f2be8a092d43c526b10b8ed00c07f614_16-9-large.webp 1536w\" sizes=\"(max-width: 768px) 100vw, (max-width: 1200px) 100vw, 1200px\" type=\"image\/webp\"\/><img src=\"https:\/\/powered-by.qbank.se\/educatius\/sts\/f2be8a092d43c526b10b8ed00c07f614_1-1-thumb.webp\" alt=\"Elena var p\u00e5 udvekslings\u00e5r i Italien\" loading=\"lazy\" decoding=\"async\" fetchpriority=\"low\" style=\"object-position:top\"\/><\/picture><\/div><\/div><\/figure>\n\n\n\n<div class=\"wp-block-sts-text sts-text-editor has-max-width-md\"><div class=\"sts-text-editor__content\"><div class=\"sts-text-editor__content-inner\">\n<p><em>Elena fra \u00d8strig tog til Italien i et \u00e5r.<\/em><\/p>\n<\/div><\/div><\/div>\n\n\n\n<div class=\"wp-block-sts-text sts-text-editor has-max-width-md\"><div class=\"sts-text-editor__content\"><div class=\"sts-text-editor__content-inner\">\n<p>Fra jeg var 13 \u00e5r, var jeg meget opsat p\u00e5 at tage et udvekslings\u00e5r.<\/p>\n<p>F\u00f8rst t\u00e6nkte jeg p\u00e5 det oplagte valg, USA. Men efter nogle overvejelser besluttede jeg, at selv om det helt sikkert ville have v\u00e6ret en vidunderlig oplevelse, ville jeg ogs\u00e5 gerne l\u00e6re et nyt sprog.<\/p>\n<p>Lige siden jeg var lille, har min familie og jeg ofte v\u00e6ret p\u00e5 ferie i Norditalien. Men det lykkedes mig aldrig at l\u00e6re sproget. S\u00e5 da muligheden b\u00f8d sig, besluttede jeg at tage den og rejse til Italien i et \u00e5r.<\/p>\n<h2>Den sproglige barriere<\/h2>\n<p>I starten var sprogbarrieren en stor udfordring, is\u00e6r i forhold til min v\u00e6rtsfamilie. Men efter to m\u00e5neder begyndte det at blive lettere dag for dag. Jeg vil sige, at omkring juletid begyndte jeg faktisk at tale italiensk og f\u00e5 rigtige venner.<\/p>\n<h2>Et h\u00f8jdepunkt<\/h2>\n<p>Et h\u00f8jdepunkt var mini FN-arrangementet, som jeg fik lov til at deltage i. Jeg fik mine bedste venner p\u00e5 busturen dertil. Fra da af hang jeg ud med dem hver l\u00f8rdag aften og n\u00f8d at v\u00e6re i udlandet endnu mere. Efter mit \u00e5r kom de faktisk og bes\u00f8gte mig i Wien, min hjemby i \u00d8strig.<\/p>\n<h2>At sige farvel<\/h2>\n<p>Det var meget sv\u00e6rt at sige farvel til alle, og jeg savner stadig alle mine nyfundne venner hver dag. Forh\u00e5bentlig kan jeg snart bes\u00f8ge dem igen.<\/p>\n<h2>Det vil v\u00e6re det v\u00e6rd!<\/h2>\n<p>Alt i alt m\u00e5 jeg sige, at det er noget af en udfordring at flytte til udlandet, men minderne, oplevelserne og de venner, du f\u00e5r, g\u00f8r det helt sikkert det hele v\u00e6rd.<\/p>\n<h2>Find ud af mere!<\/h2>\n<ul><li>L\u00e6s flere <a href=\"https:\/\/www.sts-education.com\/dk\/high-school\/beretninger-fra-eleverne\/elevhistorier\/?hashtag=Italien\">elevhistorier fra Italien<\/a><\/li>\n<li>L\u00e6s mere om <a href=\"https:\/\/www.sts-education.com\/dk\/high-school\/programlande\/europa\/italien\/\">high school-udveksling i Italien<\/a><\/li>\n<li>Se alle vores <a href=\"\/dk\/high-school\/tripfinder\/\">destinationer for high school-udveksling<\/a><\/li><\/ul>\n<\/div><\/div><\/div>\n","protected":false},"excerpt":{"rendered":"","protected":false},"author":20,"featured_media":12840,"comment_status":"open","ping_status":"open","sticky":false,"template":"","format":"standard","meta":{"_acf_changed":false,"_yoast_wpseo_title":"Elena var p\u00e5 udvekslings\u00e5r i Italien","_yoast_wpseo_metadesc":"F\u00f8rst t\u00e6nkte jeg p\u00e5 det oplagte valg, USA. Men efter nogle overvejelser besluttede jeg, at selv om det helt sikkert ville have v\u00e6ret en vidunderlig oplevelse, ville jeg ogs\u00e5 gerne l\u00e6re et nyt sprog.","footnotes":""},"categories":[305],"tags":[888],"wpw_post_folders":[],"class_list":["post-11437","post","type-post","status-publish","format-standard","has-post-thumbnail","hentry","category-uncategorized-da","tag-italien"],"acf":[],"yoast_head":"<!-- This site is optimized with the Yoast SEO Premium plugin v27.2 (Yoast SEO v27.2) - https:\/\/yoast.com\/product\/yoast-seo-premium-wordpress\/ -->\n<title>Elena var p\u00e5 udvekslings\u00e5r i Italien<\/title>\n<meta name=\"description\" content=\"F\u00f8rst t\u00e6nkte jeg p\u00e5 det oplagte valg, USA. Men efter nogle overvejelser besluttede jeg, at selv om det helt sikkert ville have v\u00e6ret en vidunderlig oplevelse, ville jeg ogs\u00e5 gerne l\u00e6re et nyt sprog.\" \/>\n<meta name=\"robots\" content=\"index, follow, max-snippet:-1, max-image-preview:large, max-video-preview:-1\" \/>\n<link rel=\"canonical\" href=\"https:\/\/www.sts-education.com\/dk\/high-school\/beretninger-fra-eleverne\/elevhistorier\/elena-var-pa-udvekslingsar-i-italien\/\" \/>\n<meta property=\"og:locale\" content=\"da_DK\" \/>\n<meta property=\"og:type\" content=\"article\" \/>\n<meta property=\"og:title\" content=\"Elena Var Pa Udvekslingsar I Italien\" \/>\n<meta property=\"og:description\" content=\"F\u00f8rst t\u00e6nkte jeg p\u00e5 det oplagte valg, USA. Men efter nogle overvejelser besluttede jeg, at selv om det helt sikkert ville have v\u00e6ret en vidunderlig oplevelse, ville jeg ogs\u00e5 gerne l\u00e6re et nyt sprog.\" \/>\n<meta property=\"og:url\" content=\"https:\/\/www.sts-education.com\/dk\/high-school\/beretninger-fra-eleverne\/elevhistorier\/elena-var-pa-udvekslingsar-i-italien\/\" \/>\n<meta property=\"og:site_name\" content=\"STS Education\" \/>\n<meta property=\"article:published_time\" content=\"2024-09-10T13:00:00+00:00\" \/>\n<meta property=\"article:modified_time\" content=\"2026-04-29T07:53:57+00:00\" \/>\n<meta property=\"og:image\" content=\"https:\/\/powered-by.qbank.se\/educatius\/sts\/\/f2be8a092d43c526b10b8ed00c07f614_1-1-thumb.webp\" \/>\n\t<meta property=\"og:image:width\" content=\"150\" \/>\n\t<meta property=\"og:image:height\" content=\"150\" \/>\n\t<meta property=\"og:image:type\" content=\"image\/jpeg\" \/>\n<meta name=\"author\" content=\"syncreadwrite\" \/>\n<meta name=\"twitter:card\" content=\"summary_large_image\" \/>\n<meta name=\"twitter:label1\" content=\"Skrevet af\" \/>\n\t<meta name=\"twitter:data1\" content=\"syncreadwrite\" \/>\n\t<meta name=\"twitter:label2\" content=\"Estimeret l\u00e6setid\" \/>\n\t<meta name=\"twitter:data2\" content=\"2 minutter\" \/>\n<script type=\"application\/ld+json\" class=\"yoast-schema-graph\">{\"@context\":\"https:\/\/schema.org\",\"@graph\":[{\"@type\":\"Article\",\"@id\":\"https:\/\/www.sts-education.com\/dk\/high-school\/beretninger-fra-eleverne\/elevhistorier\/elena-var-pa-udvekslingsar-i-italien\/#article\",\"isPartOf\":{\"@id\":\"https:\/\/www.sts-education.com\/dk\/high-school\/beretninger-fra-eleverne\/elevhistorier\/elena-var-pa-udvekslingsar-i-italien\/\"},\"author\":{\"name\":\"syncreadwrite\",\"@id\":\"https:\/\/www.sts-education.com\/dk\/#\/schema\/person\/8b82f3a2e45f020b8f296d7a85d9a97c\"},\"headline\":\"Elena Var Pa Udvekslingsar I Italien\",\"datePublished\":\"2024-09-10T13:00:00+00:00\",\"dateModified\":\"2026-04-29T07:53:57+00:00\",\"mainEntityOfPage\":{\"@id\":\"https:\/\/www.sts-education.com\/dk\/high-school\/beretninger-fra-eleverne\/elevhistorier\/elena-var-pa-udvekslingsar-i-italien\/\"},\"wordCount\":327,\"commentCount\":0,\"image\":{\"@id\":\"https:\/\/www.sts-education.com\/dk\/high-school\/beretninger-fra-eleverne\/elevhistorier\/elena-var-pa-udvekslingsar-i-italien\/#primaryimage\"},\"thumbnailUrl\":\"https:\/\/powered-by.qbank.se\/educatius\/sts\/\/f2be8a092d43c526b10b8ed00c07f614_1-1-thumb.webp\",\"keywords\":[\"Italien\"],\"articleSection\":[\"Uncategorized @da\"],\"inLanguage\":\"da-DK\",\"potentialAction\":[{\"@type\":\"CommentAction\",\"name\":\"Comment\",\"target\":[\"https:\/\/www.sts-education.com\/dk\/high-school\/beretninger-fra-eleverne\/elevhistorier\/elena-var-pa-udvekslingsar-i-italien\/#respond\"]}]},{\"@type\":\"WebPage\",\"@id\":\"https:\/\/www.sts-education.com\/dk\/high-school\/beretninger-fra-eleverne\/elevhistorier\/elena-var-pa-udvekslingsar-i-italien\/\",\"url\":\"https:\/\/www.sts-education.com\/dk\/high-school\/beretninger-fra-eleverne\/elevhistorier\/elena-var-pa-udvekslingsar-i-italien\/\",\"name\":\"Elena var p\u00e5 udvekslings\u00e5r i Italien\",\"isPartOf\":{\"@id\":\"https:\/\/www.sts-education.com\/dk\/#website\"},\"primaryImageOfPage\":{\"@id\":\"https:\/\/www.sts-education.com\/dk\/high-school\/beretninger-fra-eleverne\/elevhistorier\/elena-var-pa-udvekslingsar-i-italien\/#primaryimage\"},\"image\":{\"@id\":\"https:\/\/www.sts-education.com\/dk\/high-school\/beretninger-fra-eleverne\/elevhistorier\/elena-var-pa-udvekslingsar-i-italien\/#primaryimage\"},\"thumbnailUrl\":\"https:\/\/powered-by.qbank.se\/educatius\/sts\/\/f2be8a092d43c526b10b8ed00c07f614_1-1-thumb.webp\",\"datePublished\":\"2024-09-10T13:00:00+00:00\",\"dateModified\":\"2026-04-29T07:53:57+00:00\",\"author\":{\"@id\":\"https:\/\/www.sts-education.com\/dk\/#\/schema\/person\/8b82f3a2e45f020b8f296d7a85d9a97c\"},\"description\":\"F\u00f8rst t\u00e6nkte jeg p\u00e5 det oplagte valg, USA. Men efter nogle overvejelser besluttede jeg, at selv om det helt sikkert ville have v\u00e6ret en vidunderlig oplevelse, ville jeg ogs\u00e5 gerne l\u00e6re et nyt sprog.\",\"breadcrumb\":{\"@id\":\"https:\/\/www.sts-education.com\/dk\/high-school\/beretninger-fra-eleverne\/elevhistorier\/elena-var-pa-udvekslingsar-i-italien\/#breadcrumb\"},\"inLanguage\":\"da-DK\",\"potentialAction\":[{\"@type\":\"ReadAction\",\"target\":[\"https:\/\/www.sts-education.com\/dk\/high-school\/beretninger-fra-eleverne\/elevhistorier\/elena-var-pa-udvekslingsar-i-italien\/\"]}]},{\"@type\":\"ImageObject\",\"inLanguage\":\"da-DK\",\"@id\":\"https:\/\/www.sts-education.com\/dk\/high-school\/beretninger-fra-eleverne\/elevhistorier\/elena-var-pa-udvekslingsar-i-italien\/#primaryimage\",\"url\":\"https:\/\/powered-by.qbank.se\/educatius\/sts\/\/f2be8a092d43c526b10b8ed00c07f614_1-1-thumb.webp\",\"contentUrl\":\"https:\/\/powered-by.qbank.se\/educatius\/sts\/\/f2be8a092d43c526b10b8ed00c07f614_1-1-thumb.webp\",\"width\":150,\"height\":150},{\"@type\":\"BreadcrumbList\",\"@id\":\"https:\/\/www.sts-education.com\/dk\/high-school\/beretninger-fra-eleverne\/elevhistorier\/elena-var-pa-udvekslingsar-i-italien\/#breadcrumb\",\"itemListElement\":[{\"@type\":\"ListItem\",\"position\":1,\"name\":\"Home\",\"item\":\"https:\/\/www.sts-education.com\/dk\/sample-page\/\"},{\"@type\":\"ListItem\",\"position\":2,\"name\":\"Elena Var Pa Udvekslingsar I Italien\"}]},{\"@type\":\"WebSite\",\"@id\":\"https:\/\/www.sts-education.com\/dk\/#website\",\"url\":\"https:\/\/www.sts-education.com\/dk\/\",\"name\":\"STS Education\",\"description\":\"\",\"potentialAction\":[{\"@type\":\"SearchAction\",\"target\":{\"@type\":\"EntryPoint\",\"urlTemplate\":\"https:\/\/www.sts-education.com\/dk\/?s={search_term_string}\"},\"query-input\":{\"@type\":\"PropertyValueSpecification\",\"valueRequired\":true,\"valueName\":\"search_term_string\"}}],\"inLanguage\":\"da-DK\"},{\"@type\":\"Person\",\"@id\":\"https:\/\/www.sts-education.com\/dk\/#\/schema\/person\/8b82f3a2e45f020b8f296d7a85d9a97c\",\"name\":\"syncreadwrite\",\"image\":{\"@type\":\"ImageObject\",\"inLanguage\":\"da-DK\",\"@id\":\"https:\/\/secure.gravatar.com\/avatar\/6ed1007e4f6f43f22e3df41d9fce4365533cba47fef64bb359b8e629abbc2ea6?s=96&d=mm&r=g\",\"url\":\"https:\/\/secure.gravatar.com\/avatar\/6ed1007e4f6f43f22e3df41d9fce4365533cba47fef64bb359b8e629abbc2ea6?s=96&d=mm&r=g\",\"contentUrl\":\"https:\/\/secure.gravatar.com\/avatar\/6ed1007e4f6f43f22e3df41d9fce4365533cba47fef64bb359b8e629abbc2ea6?s=96&d=mm&r=g\",\"caption\":\"syncreadwrite\"},\"url\":\"https:\/\/www.sts-education.com\/dk\/author\/syncreadwrite\/\"}]}<\/script>\n<!-- \/ Yoast SEO Premium plugin. -->","yoast_head_json":{"title":"Elena var p\u00e5 udvekslings\u00e5r i Italien","description":"F\u00f8rst t\u00e6nkte jeg p\u00e5 det oplagte valg, USA. Men efter nogle overvejelser besluttede jeg, at selv om det helt sikkert ville have v\u00e6ret en vidunderlig oplevelse, ville jeg ogs\u00e5 gerne l\u00e6re et nyt sprog.","robots":{"index":"index","follow":"follow","max-snippet":"max-snippet:-1","max-image-preview":"max-image-preview:large","max-video-preview":"max-video-preview:-1"},"canonical":"https:\/\/www.sts-education.com\/dk\/high-school\/beretninger-fra-eleverne\/elevhistorier\/elena-var-pa-udvekslingsar-i-italien\/","og_locale":"da_DK","og_type":"article","og_title":"Elena Var Pa Udvekslingsar I Italien","og_description":"F\u00f8rst t\u00e6nkte jeg p\u00e5 det oplagte valg, USA. Men efter nogle overvejelser besluttede jeg, at selv om det helt sikkert ville have v\u00e6ret en vidunderlig oplevelse, ville jeg ogs\u00e5 gerne l\u00e6re et nyt sprog.","og_url":"https:\/\/www.sts-education.com\/dk\/high-school\/beretninger-fra-eleverne\/elevhistorier\/elena-var-pa-udvekslingsar-i-italien\/","og_site_name":"STS Education","article_published_time":"2024-09-10T13:00:00+00:00","article_modified_time":"2026-04-29T07:53:57+00:00","og_image":[{"width":150,"height":150,"url":"https:\/\/powered-by.qbank.se\/educatius\/sts\/\/f2be8a092d43c526b10b8ed00c07f614_1-1-thumb.webp","type":"image\/jpeg"}],"author":"syncreadwrite","twitter_card":"summary_large_image","twitter_misc":{"Skrevet af":"syncreadwrite","Estimeret l\u00e6setid":"2 minutter"},"schema":{"@context":"https:\/\/schema.org","@graph":[{"@type":"Article","@id":"https:\/\/www.sts-education.com\/dk\/high-school\/beretninger-fra-eleverne\/elevhistorier\/elena-var-pa-udvekslingsar-i-italien\/#article","isPartOf":{"@id":"https:\/\/www.sts-education.com\/dk\/high-school\/beretninger-fra-eleverne\/elevhistorier\/elena-var-pa-udvekslingsar-i-italien\/"},"author":{"name":"syncreadwrite","@id":"https:\/\/www.sts-education.com\/dk\/#\/schema\/person\/8b82f3a2e45f020b8f296d7a85d9a97c"},"headline":"Elena Var Pa Udvekslingsar I Italien","datePublished":"2024-09-10T13:00:00+00:00","dateModified":"2026-04-29T07:53:57+00:00","mainEntityOfPage":{"@id":"https:\/\/www.sts-education.com\/dk\/high-school\/beretninger-fra-eleverne\/elevhistorier\/elena-var-pa-udvekslingsar-i-italien\/"},"wordCount":327,"commentCount":0,"image":{"@id":"https:\/\/www.sts-education.com\/dk\/high-school\/beretninger-fra-eleverne\/elevhistorier\/elena-var-pa-udvekslingsar-i-italien\/#primaryimage"},"thumbnailUrl":"https:\/\/powered-by.qbank.se\/educatius\/sts\/\/f2be8a092d43c526b10b8ed00c07f614_1-1-thumb.webp","keywords":["Italien"],"articleSection":["Uncategorized @da"],"inLanguage":"da-DK","potentialAction":[{"@type":"CommentAction","name":"Comment","target":["https:\/\/www.sts-education.com\/dk\/high-school\/beretninger-fra-eleverne\/elevhistorier\/elena-var-pa-udvekslingsar-i-italien\/#respond"]}]},{"@type":"WebPage","@id":"https:\/\/www.sts-education.com\/dk\/high-school\/beretninger-fra-eleverne\/elevhistorier\/elena-var-pa-udvekslingsar-i-italien\/","url":"https:\/\/www.sts-education.com\/dk\/high-school\/beretninger-fra-eleverne\/elevhistorier\/elena-var-pa-udvekslingsar-i-italien\/","name":"Elena var p\u00e5 udvekslings\u00e5r i Italien","isPartOf":{"@id":"https:\/\/www.sts-education.com\/dk\/#website"},"primaryImageOfPage":{"@id":"https:\/\/www.sts-education.com\/dk\/high-school\/beretninger-fra-eleverne\/elevhistorier\/elena-var-pa-udvekslingsar-i-italien\/#primaryimage"},"image":{"@id":"https:\/\/www.sts-education.com\/dk\/high-school\/beretninger-fra-eleverne\/elevhistorier\/elena-var-pa-udvekslingsar-i-italien\/#primaryimage"},"thumbnailUrl":"https:\/\/powered-by.qbank.se\/educatius\/sts\/\/f2be8a092d43c526b10b8ed00c07f614_1-1-thumb.webp","datePublished":"2024-09-10T13:00:00+00:00","dateModified":"2026-04-29T07:53:57+00:00","author":{"@id":"https:\/\/www.sts-education.com\/dk\/#\/schema\/person\/8b82f3a2e45f020b8f296d7a85d9a97c"},"description":"F\u00f8rst t\u00e6nkte jeg p\u00e5 det oplagte valg, USA. Men efter nogle overvejelser besluttede jeg, at selv om det helt sikkert ville have v\u00e6ret en vidunderlig oplevelse, ville jeg ogs\u00e5 gerne l\u00e6re et nyt sprog.","breadcrumb":{"@id":"https:\/\/www.sts-education.com\/dk\/high-school\/beretninger-fra-eleverne\/elevhistorier\/elena-var-pa-udvekslingsar-i-italien\/#breadcrumb"},"inLanguage":"da-DK","potentialAction":[{"@type":"ReadAction","target":["https:\/\/www.sts-education.com\/dk\/high-school\/beretninger-fra-eleverne\/elevhistorier\/elena-var-pa-udvekslingsar-i-italien\/"]}]},{"@type":"ImageObject","inLanguage":"da-DK","@id":"https:\/\/www.sts-education.com\/dk\/high-school\/beretninger-fra-eleverne\/elevhistorier\/elena-var-pa-udvekslingsar-i-italien\/#primaryimage","url":"https:\/\/powered-by.qbank.se\/educatius\/sts\/\/f2be8a092d43c526b10b8ed00c07f614_1-1-thumb.webp","contentUrl":"https:\/\/powered-by.qbank.se\/educatius\/sts\/\/f2be8a092d43c526b10b8ed00c07f614_1-1-thumb.webp","width":150,"height":150},{"@type":"BreadcrumbList","@id":"https:\/\/www.sts-education.com\/dk\/high-school\/beretninger-fra-eleverne\/elevhistorier\/elena-var-pa-udvekslingsar-i-italien\/#breadcrumb","itemListElement":[{"@type":"ListItem","position":1,"name":"Home","item":"https:\/\/www.sts-education.com\/dk\/sample-page\/"},{"@type":"ListItem","position":2,"name":"Elena Var Pa Udvekslingsar I Italien"}]},{"@type":"WebSite","@id":"https:\/\/www.sts-education.com\/dk\/#website","url":"https:\/\/www.sts-education.com\/dk\/","name":"STS Education","description":"","potentialAction":[{"@type":"SearchAction","target":{"@type":"EntryPoint","urlTemplate":"https:\/\/www.sts-education.com\/dk\/?s={search_term_string}"},"query-input":{"@type":"PropertyValueSpecification","valueRequired":true,"valueName":"search_term_string"}}],"inLanguage":"da-DK"},{"@type":"Person","@id":"https:\/\/www.sts-education.com\/dk\/#\/schema\/person\/8b82f3a2e45f020b8f296d7a85d9a97c","name":"syncreadwrite","image":{"@type":"ImageObject","inLanguage":"da-DK","@id":"https:\/\/secure.gravatar.com\/avatar\/6ed1007e4f6f43f22e3df41d9fce4365533cba47fef64bb359b8e629abbc2ea6?s=96&d=mm&r=g","url":"https:\/\/secure.gravatar.com\/avatar\/6ed1007e4f6f43f22e3df41d9fce4365533cba47fef64bb359b8e629abbc2ea6?s=96&d=mm&r=g","contentUrl":"https:\/\/secure.gravatar.com\/avatar\/6ed1007e4f6f43f22e3df41d9fce4365533cba47fef64bb359b8e629abbc2ea6?s=96&d=mm&r=g","caption":"syncreadwrite"},"url":"https:\/\/www.sts-education.com\/dk\/author\/syncreadwrite\/"}]}},"_links":{"self":[{"href":"https:\/\/www.sts-education.com\/dk\/wp-json\/wp\/v2\/posts\/11437","targetHints":{"allow":["GET"]}}],"collection":[{"href":"https:\/\/www.sts-education.com\/dk\/wp-json\/wp\/v2\/posts"}],"about":[{"href":"https:\/\/www.sts-education.com\/dk\/wp-json\/wp\/v2\/types\/post"}],"author":[{"embeddable":true,"href":"https:\/\/www.sts-education.com\/dk\/wp-json\/wp\/v2\/users\/20"}],"replies":[{"embeddable":true,"href":"https:\/\/www.sts-education.com\/dk\/wp-json\/wp\/v2\/comments?post=11437"}],"version-history":[{"count":6,"href":"https:\/\/www.sts-education.com\/dk\/wp-json\/wp\/v2\/posts\/11437\/revisions"}],"predecessor-version":[{"id":43478,"href":"https:\/\/www.sts-education.com\/dk\/wp-json\/wp\/v2\/posts\/11437\/revisions\/43478"}],"wp:featuredmedia":[{"embeddable":true,"href":"https:\/\/www.sts-education.com\/dk\/wp-json\/wp\/v2\/media\/12840"}],"wp:attachment":[{"href":"https:\/\/www.sts-education.com\/dk\/wp-json\/wp\/v2\/media?parent=11437"}],"wp:term":[{"taxonomy":"category","embeddable":true,"href":"https:\/\/www.sts-education.com\/dk\/wp-json\/wp\/v2\/categories?post=11437"},{"taxonomy":"post_tag","embeddable":true,"href":"https:\/\/www.sts-education.com\/dk\/wp-json\/wp\/v2\/tags?post=11437"},{"taxonomy":"wpw_post_folders","embeddable":true,"href":"https:\/\/www.sts-education.com\/dk\/wp-json\/wp\/v2\/wpw_post_folders?post=11437"}],"curies":[{"name":"wp","href":"https:\/\/api.w.org\/{rel}","templated":true}]}}