{"id":11439,"date":"2024-09-09T15:00:00","date_gmt":"2024-09-09T13:00:00","guid":{"rendered":"https:\/\/preprod.sts-education.com\/blog\/2026\/03\/05\/grace-studerede-i-udlandet-i-holland\/"},"modified":"2026-04-29T09:56:40","modified_gmt":"2026-04-29T07:56:40","slug":"grace-studerede-i-udlandet-i-holland","status":"publish","type":"post","link":"https:\/\/www.sts-education.com\/dk\/high-school\/beretninger-fra-eleverne\/elevhistorier\/grace-studerede-i-udlandet-i-holland\/","title":{"rendered":"Grace Studerede I Udlandet I Holland"},"content":{"rendered":"\n<div class=\"wp-block-sts-text sts-text-editor has-max-width-md\"><div class=\"sts-text-editor__content\"><div class=\"sts-text-editor__content-inner\">\n<h1 style=\"text-align:center\">Grace studerede i udlandet i Holland<\/h1>\n<\/div><\/div><\/div>\n\n\n\n<figure class=\"wp-block-sts-image sts-block-image sts-block-image--count-1 has-max-width-lg\" data-count=\"1\"><div class=\"sts-block-image__grid\"><div class=\"sts-block-image__item\"><picture class=\"sts-responsive-image has-fit-cover has-pos-top is-skeleton\"><source media=\"(max-width: 834.98px)\" srcset=\"https:\/\/powered-by.qbank.se\/educatius\/sts\/92fb1a68b412d1f8a31b1dd8c8e2ef16_1-1-thumb.webp 150w, https:\/\/powered-by.qbank.se\/educatius\/sts\/92fb1a68b412d1f8a31b1dd8c8e2ef16_1-1-xsmall.webp 500w, https:\/\/powered-by.qbank.se\/educatius\/sts\/92fb1a68b412d1f8a31b1dd8c8e2ef16_1-1-small.webp 800w, https:\/\/powered-by.qbank.se\/educatius\/sts\/92fb1a68b412d1f8a31b1dd8c8e2ef16_1-1-medium.webp 1024w, https:\/\/powered-by.qbank.se\/educatius\/sts\/92fb1a68b412d1f8a31b1dd8c8e2ef16_1-1-large.webp 1536w\" sizes=\"(max-width: 768px) 100vw, (max-width: 1200px) 100vw, 1200px\" type=\"image\/webp\"\/><source media=\"(min-width: 835px)\" srcset=\"https:\/\/powered-by.qbank.se\/educatius\/sts\/92fb1a68b412d1f8a31b1dd8c8e2ef16_16-9-small.webp 800w, https:\/\/powered-by.qbank.se\/educatius\/sts\/92fb1a68b412d1f8a31b1dd8c8e2ef16_16-9-medium.webp 1024w, https:\/\/powered-by.qbank.se\/educatius\/sts\/92fb1a68b412d1f8a31b1dd8c8e2ef16_16-9-large.webp 1536w\" sizes=\"(max-width: 768px) 100vw, (max-width: 1200px) 100vw, 1200px\" type=\"image\/webp\"\/><img src=\"https:\/\/powered-by.qbank.se\/educatius\/sts\/92fb1a68b412d1f8a31b1dd8c8e2ef16_1-1-thumb.webp\" alt=\"Grace studerede i udlandet i Holland\" loading=\"lazy\" decoding=\"async\" fetchpriority=\"low\" style=\"object-position:top\"\/><\/picture><\/div><\/div><\/figure>\n\n\n\n<div class=\"wp-block-sts-text sts-text-editor has-max-width-md\"><div class=\"sts-text-editor__content\"><div class=\"sts-text-editor__content-inner\">\n<p><em>Grace fra New Zealand var p\u00e5 udveksling i Holland.<\/em><\/p>\n<\/div><\/div><\/div>\n\n\n\n<div class=\"wp-block-sts-text sts-text-editor has-max-width-md\"><div class=\"sts-text-editor__content\"><div class=\"sts-text-editor__content-inner\">\n<p>Jeg valgte at tage til Holland, fordi min familie oprindeligt kommer herfra. Jeg t\u00e6nkte, at det ville v\u00e6re fantastisk at l\u00e6re sproget, l\u00e6re om historien, bygningerne og opleve al maden. Jeg elsker maden! Is\u00e6r bitterballen, pindakaas og oliebollen.<\/p>\n<p>Folk har v\u00e6ret meget im\u00f8dekommende. Skolen er meget st\u00f8rre, end jeg er vant til, l\u00e6rerne er s\u00f8de og afslappede, eleverne er ivrige efter at l\u00e6re, og alle taler godt engelsk. Jeg har engelsk, historie, hollandsk, matematik, idr\u00e6t, religion og kunst. Det er interessant at se klassedynamikken. Jeg har bem\u00e6rket, at klassekammeraterne her har en tendens til at v\u00e6re meget t\u00e6ttere end i NZ.<\/p>\n<p>Min v\u00e6rtsfamilie har v\u00e6ret fantastisk. Jeg er is\u00e6r t\u00e6t p\u00e5 min v\u00e6rtss\u00f8ster; vi har de samme interesser og laver mange ting sammen. Mine v\u00e6rtsfor\u00e6ldre elsker at rejse rundt i landet og vise mig nye ting, og det s\u00e6tter jeg stor pris p\u00e5. Som familie har vi ogs\u00e5 en br\u00e6tspilsaften hver uge, hvilket jeg elsker. Matchet med dem har v\u00e6ret perfekt, og jeg er 100% sikker p\u00e5, at vi vil holde kontakten og forh\u00e5bentlig se hinanden snart igen!<\/p>\n<p>Hvis jeg skulle give fremtidige v\u00e6rtsfamilier et r\u00e5d, ville jeg sige: Opmuntr din student til at pr\u00f8ve alt. De vil m\u00e5ske ikke elske alt, men i sidste ende vil de v\u00e6re taknemmelige for, at de har pr\u00f8vet noget nyt.<\/p>\n<h2>Find ud af mere!<\/h2>\n<ul><li>L\u00e6s flere <a href=\"https:\/\/www.sts-education.com\/dk\/high-school\/beretninger-fra-eleverne\/elevhistorier\/?hashtag=Holland\">elevhistorier fra Holland<\/a><\/li>\n<li>L\u00e6s mere om <a href=\"https:\/\/www.sts-education.com\/dk\/high-school\/programlande\/europa\/holland\/\">high school-udveksling i Holland<\/a><\/li>\n<li>Se alle vores <a href=\"\/dk\/high-school\/tripfinder\/\">destinationer for high school-udveksling<\/a><\/li><\/ul>\n<\/div><\/div><\/div>\n","protected":false},"excerpt":{"rendered":"","protected":false},"author":20,"featured_media":12844,"comment_status":"open","ping_status":"open","sticky":false,"template":"","format":"standard","meta":{"_acf_changed":false,"_yoast_wpseo_title":"Grace studerede i udlandet i Holland","_yoast_wpseo_metadesc":"Folk har v\u00e6ret meget im\u00f8dekommende. Skolen er meget st\u00f8rre, end jeg er vant til, l\u00e6rerne er s\u00f8de og afslappede, eleverne er ivrige efter at l\u00e6re, og alle taler godt engelsk.","footnotes":""},"categories":[305],"tags":[890],"wpw_post_folders":[],"class_list":["post-11439","post","type-post","status-publish","format-standard","has-post-thumbnail","hentry","category-uncategorized-da","tag-holland"],"acf":[],"yoast_head":"<!-- This site is optimized with the Yoast SEO Premium plugin v27.2 (Yoast SEO v27.2) - https:\/\/yoast.com\/product\/yoast-seo-premium-wordpress\/ -->\n<title>Grace studerede i udlandet i Holland<\/title>\n<meta name=\"description\" content=\"Folk har v\u00e6ret meget im\u00f8dekommende. Skolen er meget st\u00f8rre, end jeg er vant til, l\u00e6rerne er s\u00f8de og afslappede, eleverne er ivrige efter at l\u00e6re, og alle taler godt engelsk.\" \/>\n<meta name=\"robots\" content=\"index, follow, max-snippet:-1, max-image-preview:large, max-video-preview:-1\" \/>\n<link rel=\"canonical\" href=\"https:\/\/www.sts-education.com\/dk\/high-school\/beretninger-fra-eleverne\/elevhistorier\/grace-studerede-i-udlandet-i-holland\/\" \/>\n<meta property=\"og:locale\" content=\"da_DK\" \/>\n<meta property=\"og:type\" content=\"article\" \/>\n<meta property=\"og:title\" content=\"Grace Studerede I Udlandet I Holland\" \/>\n<meta property=\"og:description\" content=\"Folk har v\u00e6ret meget im\u00f8dekommende. Skolen er meget st\u00f8rre, end jeg er vant til, l\u00e6rerne er s\u00f8de og afslappede, eleverne er ivrige efter at l\u00e6re, og alle taler godt engelsk.\" \/>\n<meta property=\"og:url\" content=\"https:\/\/www.sts-education.com\/dk\/high-school\/beretninger-fra-eleverne\/elevhistorier\/grace-studerede-i-udlandet-i-holland\/\" \/>\n<meta property=\"og:site_name\" content=\"STS Education\" \/>\n<meta property=\"article:published_time\" content=\"2024-09-09T13:00:00+00:00\" \/>\n<meta property=\"article:modified_time\" content=\"2026-04-29T07:56:40+00:00\" \/>\n<meta property=\"og:image\" content=\"https:\/\/powered-by.qbank.se\/educatius\/sts\/\/92fb1a68b412d1f8a31b1dd8c8e2ef16_1-1-thumb.webp\" \/>\n\t<meta property=\"og:image:width\" content=\"150\" \/>\n\t<meta property=\"og:image:height\" content=\"150\" \/>\n\t<meta property=\"og:image:type\" content=\"image\/jpeg\" \/>\n<meta name=\"author\" content=\"syncreadwrite\" \/>\n<meta name=\"twitter:card\" content=\"summary_large_image\" \/>\n<meta name=\"twitter:label1\" content=\"Skrevet af\" \/>\n\t<meta name=\"twitter:data1\" content=\"syncreadwrite\" \/>\n\t<meta name=\"twitter:label2\" content=\"Estimeret l\u00e6setid\" \/>\n\t<meta name=\"twitter:data2\" content=\"1 minut\" \/>\n<script type=\"application\/ld+json\" class=\"yoast-schema-graph\">{\"@context\":\"https:\/\/schema.org\",\"@graph\":[{\"@type\":\"Article\",\"@id\":\"https:\/\/www.sts-education.com\/dk\/high-school\/beretninger-fra-eleverne\/elevhistorier\/grace-studerede-i-udlandet-i-holland\/#article\",\"isPartOf\":{\"@id\":\"https:\/\/www.sts-education.com\/dk\/high-school\/beretninger-fra-eleverne\/elevhistorier\/grace-studerede-i-udlandet-i-holland\/\"},\"author\":{\"name\":\"syncreadwrite\",\"@id\":\"https:\/\/www.sts-education.com\/dk\/#\/schema\/person\/8b82f3a2e45f020b8f296d7a85d9a97c\"},\"headline\":\"Grace Studerede I Udlandet I Holland\",\"datePublished\":\"2024-09-09T13:00:00+00:00\",\"dateModified\":\"2026-04-29T07:56:40+00:00\",\"mainEntityOfPage\":{\"@id\":\"https:\/\/www.sts-education.com\/dk\/high-school\/beretninger-fra-eleverne\/elevhistorier\/grace-studerede-i-udlandet-i-holland\/\"},\"wordCount\":295,\"commentCount\":0,\"image\":{\"@id\":\"https:\/\/www.sts-education.com\/dk\/high-school\/beretninger-fra-eleverne\/elevhistorier\/grace-studerede-i-udlandet-i-holland\/#primaryimage\"},\"thumbnailUrl\":\"https:\/\/powered-by.qbank.se\/educatius\/sts\/\/92fb1a68b412d1f8a31b1dd8c8e2ef16_1-1-thumb.webp\",\"keywords\":[\"Holland\"],\"articleSection\":[\"Uncategorized @da\"],\"inLanguage\":\"da-DK\",\"potentialAction\":[{\"@type\":\"CommentAction\",\"name\":\"Comment\",\"target\":[\"https:\/\/www.sts-education.com\/dk\/high-school\/beretninger-fra-eleverne\/elevhistorier\/grace-studerede-i-udlandet-i-holland\/#respond\"]}]},{\"@type\":\"WebPage\",\"@id\":\"https:\/\/www.sts-education.com\/dk\/high-school\/beretninger-fra-eleverne\/elevhistorier\/grace-studerede-i-udlandet-i-holland\/\",\"url\":\"https:\/\/www.sts-education.com\/dk\/high-school\/beretninger-fra-eleverne\/elevhistorier\/grace-studerede-i-udlandet-i-holland\/\",\"name\":\"Grace studerede i udlandet i Holland\",\"isPartOf\":{\"@id\":\"https:\/\/www.sts-education.com\/dk\/#website\"},\"primaryImageOfPage\":{\"@id\":\"https:\/\/www.sts-education.com\/dk\/high-school\/beretninger-fra-eleverne\/elevhistorier\/grace-studerede-i-udlandet-i-holland\/#primaryimage\"},\"image\":{\"@id\":\"https:\/\/www.sts-education.com\/dk\/high-school\/beretninger-fra-eleverne\/elevhistorier\/grace-studerede-i-udlandet-i-holland\/#primaryimage\"},\"thumbnailUrl\":\"https:\/\/powered-by.qbank.se\/educatius\/sts\/\/92fb1a68b412d1f8a31b1dd8c8e2ef16_1-1-thumb.webp\",\"datePublished\":\"2024-09-09T13:00:00+00:00\",\"dateModified\":\"2026-04-29T07:56:40+00:00\",\"author\":{\"@id\":\"https:\/\/www.sts-education.com\/dk\/#\/schema\/person\/8b82f3a2e45f020b8f296d7a85d9a97c\"},\"description\":\"Folk har v\u00e6ret meget im\u00f8dekommende. Skolen er meget st\u00f8rre, end jeg er vant til, l\u00e6rerne er s\u00f8de og afslappede, eleverne er ivrige efter at l\u00e6re, og alle taler godt engelsk.\",\"breadcrumb\":{\"@id\":\"https:\/\/www.sts-education.com\/dk\/high-school\/beretninger-fra-eleverne\/elevhistorier\/grace-studerede-i-udlandet-i-holland\/#breadcrumb\"},\"inLanguage\":\"da-DK\",\"potentialAction\":[{\"@type\":\"ReadAction\",\"target\":[\"https:\/\/www.sts-education.com\/dk\/high-school\/beretninger-fra-eleverne\/elevhistorier\/grace-studerede-i-udlandet-i-holland\/\"]}]},{\"@type\":\"ImageObject\",\"inLanguage\":\"da-DK\",\"@id\":\"https:\/\/www.sts-education.com\/dk\/high-school\/beretninger-fra-eleverne\/elevhistorier\/grace-studerede-i-udlandet-i-holland\/#primaryimage\",\"url\":\"https:\/\/powered-by.qbank.se\/educatius\/sts\/\/92fb1a68b412d1f8a31b1dd8c8e2ef16_1-1-thumb.webp\",\"contentUrl\":\"https:\/\/powered-by.qbank.se\/educatius\/sts\/\/92fb1a68b412d1f8a31b1dd8c8e2ef16_1-1-thumb.webp\",\"width\":150,\"height\":150},{\"@type\":\"BreadcrumbList\",\"@id\":\"https:\/\/www.sts-education.com\/dk\/high-school\/beretninger-fra-eleverne\/elevhistorier\/grace-studerede-i-udlandet-i-holland\/#breadcrumb\",\"itemListElement\":[{\"@type\":\"ListItem\",\"position\":1,\"name\":\"Home\",\"item\":\"https:\/\/www.sts-education.com\/dk\/sample-page\/\"},{\"@type\":\"ListItem\",\"position\":2,\"name\":\"Grace Studerede I Udlandet I Holland\"}]},{\"@type\":\"WebSite\",\"@id\":\"https:\/\/www.sts-education.com\/dk\/#website\",\"url\":\"https:\/\/www.sts-education.com\/dk\/\",\"name\":\"STS Education\",\"description\":\"\",\"potentialAction\":[{\"@type\":\"SearchAction\",\"target\":{\"@type\":\"EntryPoint\",\"urlTemplate\":\"https:\/\/www.sts-education.com\/dk\/?s={search_term_string}\"},\"query-input\":{\"@type\":\"PropertyValueSpecification\",\"valueRequired\":true,\"valueName\":\"search_term_string\"}}],\"inLanguage\":\"da-DK\"},{\"@type\":\"Person\",\"@id\":\"https:\/\/www.sts-education.com\/dk\/#\/schema\/person\/8b82f3a2e45f020b8f296d7a85d9a97c\",\"name\":\"syncreadwrite\",\"image\":{\"@type\":\"ImageObject\",\"inLanguage\":\"da-DK\",\"@id\":\"https:\/\/secure.gravatar.com\/avatar\/6ed1007e4f6f43f22e3df41d9fce4365533cba47fef64bb359b8e629abbc2ea6?s=96&d=mm&r=g\",\"url\":\"https:\/\/secure.gravatar.com\/avatar\/6ed1007e4f6f43f22e3df41d9fce4365533cba47fef64bb359b8e629abbc2ea6?s=96&d=mm&r=g\",\"contentUrl\":\"https:\/\/secure.gravatar.com\/avatar\/6ed1007e4f6f43f22e3df41d9fce4365533cba47fef64bb359b8e629abbc2ea6?s=96&d=mm&r=g\",\"caption\":\"syncreadwrite\"},\"url\":\"https:\/\/www.sts-education.com\/dk\/author\/syncreadwrite\/\"}]}<\/script>\n<!-- \/ Yoast SEO Premium plugin. -->","yoast_head_json":{"title":"Grace studerede i udlandet i Holland","description":"Folk har v\u00e6ret meget im\u00f8dekommende. Skolen er meget st\u00f8rre, end jeg er vant til, l\u00e6rerne er s\u00f8de og afslappede, eleverne er ivrige efter at l\u00e6re, og alle taler godt engelsk.","robots":{"index":"index","follow":"follow","max-snippet":"max-snippet:-1","max-image-preview":"max-image-preview:large","max-video-preview":"max-video-preview:-1"},"canonical":"https:\/\/www.sts-education.com\/dk\/high-school\/beretninger-fra-eleverne\/elevhistorier\/grace-studerede-i-udlandet-i-holland\/","og_locale":"da_DK","og_type":"article","og_title":"Grace Studerede I Udlandet I Holland","og_description":"Folk har v\u00e6ret meget im\u00f8dekommende. Skolen er meget st\u00f8rre, end jeg er vant til, l\u00e6rerne er s\u00f8de og afslappede, eleverne er ivrige efter at l\u00e6re, og alle taler godt engelsk.","og_url":"https:\/\/www.sts-education.com\/dk\/high-school\/beretninger-fra-eleverne\/elevhistorier\/grace-studerede-i-udlandet-i-holland\/","og_site_name":"STS Education","article_published_time":"2024-09-09T13:00:00+00:00","article_modified_time":"2026-04-29T07:56:40+00:00","og_image":[{"width":150,"height":150,"url":"https:\/\/powered-by.qbank.se\/educatius\/sts\/\/92fb1a68b412d1f8a31b1dd8c8e2ef16_1-1-thumb.webp","type":"image\/jpeg"}],"author":"syncreadwrite","twitter_card":"summary_large_image","twitter_misc":{"Skrevet af":"syncreadwrite","Estimeret l\u00e6setid":"1 minut"},"schema":{"@context":"https:\/\/schema.org","@graph":[{"@type":"Article","@id":"https:\/\/www.sts-education.com\/dk\/high-school\/beretninger-fra-eleverne\/elevhistorier\/grace-studerede-i-udlandet-i-holland\/#article","isPartOf":{"@id":"https:\/\/www.sts-education.com\/dk\/high-school\/beretninger-fra-eleverne\/elevhistorier\/grace-studerede-i-udlandet-i-holland\/"},"author":{"name":"syncreadwrite","@id":"https:\/\/www.sts-education.com\/dk\/#\/schema\/person\/8b82f3a2e45f020b8f296d7a85d9a97c"},"headline":"Grace Studerede I Udlandet I Holland","datePublished":"2024-09-09T13:00:00+00:00","dateModified":"2026-04-29T07:56:40+00:00","mainEntityOfPage":{"@id":"https:\/\/www.sts-education.com\/dk\/high-school\/beretninger-fra-eleverne\/elevhistorier\/grace-studerede-i-udlandet-i-holland\/"},"wordCount":295,"commentCount":0,"image":{"@id":"https:\/\/www.sts-education.com\/dk\/high-school\/beretninger-fra-eleverne\/elevhistorier\/grace-studerede-i-udlandet-i-holland\/#primaryimage"},"thumbnailUrl":"https:\/\/powered-by.qbank.se\/educatius\/sts\/\/92fb1a68b412d1f8a31b1dd8c8e2ef16_1-1-thumb.webp","keywords":["Holland"],"articleSection":["Uncategorized @da"],"inLanguage":"da-DK","potentialAction":[{"@type":"CommentAction","name":"Comment","target":["https:\/\/www.sts-education.com\/dk\/high-school\/beretninger-fra-eleverne\/elevhistorier\/grace-studerede-i-udlandet-i-holland\/#respond"]}]},{"@type":"WebPage","@id":"https:\/\/www.sts-education.com\/dk\/high-school\/beretninger-fra-eleverne\/elevhistorier\/grace-studerede-i-udlandet-i-holland\/","url":"https:\/\/www.sts-education.com\/dk\/high-school\/beretninger-fra-eleverne\/elevhistorier\/grace-studerede-i-udlandet-i-holland\/","name":"Grace studerede i udlandet i Holland","isPartOf":{"@id":"https:\/\/www.sts-education.com\/dk\/#website"},"primaryImageOfPage":{"@id":"https:\/\/www.sts-education.com\/dk\/high-school\/beretninger-fra-eleverne\/elevhistorier\/grace-studerede-i-udlandet-i-holland\/#primaryimage"},"image":{"@id":"https:\/\/www.sts-education.com\/dk\/high-school\/beretninger-fra-eleverne\/elevhistorier\/grace-studerede-i-udlandet-i-holland\/#primaryimage"},"thumbnailUrl":"https:\/\/powered-by.qbank.se\/educatius\/sts\/\/92fb1a68b412d1f8a31b1dd8c8e2ef16_1-1-thumb.webp","datePublished":"2024-09-09T13:00:00+00:00","dateModified":"2026-04-29T07:56:40+00:00","author":{"@id":"https:\/\/www.sts-education.com\/dk\/#\/schema\/person\/8b82f3a2e45f020b8f296d7a85d9a97c"},"description":"Folk har v\u00e6ret meget im\u00f8dekommende. Skolen er meget st\u00f8rre, end jeg er vant til, l\u00e6rerne er s\u00f8de og afslappede, eleverne er ivrige efter at l\u00e6re, og alle taler godt engelsk.","breadcrumb":{"@id":"https:\/\/www.sts-education.com\/dk\/high-school\/beretninger-fra-eleverne\/elevhistorier\/grace-studerede-i-udlandet-i-holland\/#breadcrumb"},"inLanguage":"da-DK","potentialAction":[{"@type":"ReadAction","target":["https:\/\/www.sts-education.com\/dk\/high-school\/beretninger-fra-eleverne\/elevhistorier\/grace-studerede-i-udlandet-i-holland\/"]}]},{"@type":"ImageObject","inLanguage":"da-DK","@id":"https:\/\/www.sts-education.com\/dk\/high-school\/beretninger-fra-eleverne\/elevhistorier\/grace-studerede-i-udlandet-i-holland\/#primaryimage","url":"https:\/\/powered-by.qbank.se\/educatius\/sts\/\/92fb1a68b412d1f8a31b1dd8c8e2ef16_1-1-thumb.webp","contentUrl":"https:\/\/powered-by.qbank.se\/educatius\/sts\/\/92fb1a68b412d1f8a31b1dd8c8e2ef16_1-1-thumb.webp","width":150,"height":150},{"@type":"BreadcrumbList","@id":"https:\/\/www.sts-education.com\/dk\/high-school\/beretninger-fra-eleverne\/elevhistorier\/grace-studerede-i-udlandet-i-holland\/#breadcrumb","itemListElement":[{"@type":"ListItem","position":1,"name":"Home","item":"https:\/\/www.sts-education.com\/dk\/sample-page\/"},{"@type":"ListItem","position":2,"name":"Grace Studerede I Udlandet I Holland"}]},{"@type":"WebSite","@id":"https:\/\/www.sts-education.com\/dk\/#website","url":"https:\/\/www.sts-education.com\/dk\/","name":"STS Education","description":"","potentialAction":[{"@type":"SearchAction","target":{"@type":"EntryPoint","urlTemplate":"https:\/\/www.sts-education.com\/dk\/?s={search_term_string}"},"query-input":{"@type":"PropertyValueSpecification","valueRequired":true,"valueName":"search_term_string"}}],"inLanguage":"da-DK"},{"@type":"Person","@id":"https:\/\/www.sts-education.com\/dk\/#\/schema\/person\/8b82f3a2e45f020b8f296d7a85d9a97c","name":"syncreadwrite","image":{"@type":"ImageObject","inLanguage":"da-DK","@id":"https:\/\/secure.gravatar.com\/avatar\/6ed1007e4f6f43f22e3df41d9fce4365533cba47fef64bb359b8e629abbc2ea6?s=96&d=mm&r=g","url":"https:\/\/secure.gravatar.com\/avatar\/6ed1007e4f6f43f22e3df41d9fce4365533cba47fef64bb359b8e629abbc2ea6?s=96&d=mm&r=g","contentUrl":"https:\/\/secure.gravatar.com\/avatar\/6ed1007e4f6f43f22e3df41d9fce4365533cba47fef64bb359b8e629abbc2ea6?s=96&d=mm&r=g","caption":"syncreadwrite"},"url":"https:\/\/www.sts-education.com\/dk\/author\/syncreadwrite\/"}]}},"_links":{"self":[{"href":"https:\/\/www.sts-education.com\/dk\/wp-json\/wp\/v2\/posts\/11439","targetHints":{"allow":["GET"]}}],"collection":[{"href":"https:\/\/www.sts-education.com\/dk\/wp-json\/wp\/v2\/posts"}],"about":[{"href":"https:\/\/www.sts-education.com\/dk\/wp-json\/wp\/v2\/types\/post"}],"author":[{"embeddable":true,"href":"https:\/\/www.sts-education.com\/dk\/wp-json\/wp\/v2\/users\/20"}],"replies":[{"embeddable":true,"href":"https:\/\/www.sts-education.com\/dk\/wp-json\/wp\/v2\/comments?post=11439"}],"version-history":[{"count":6,"href":"https:\/\/www.sts-education.com\/dk\/wp-json\/wp\/v2\/posts\/11439\/revisions"}],"predecessor-version":[{"id":43502,"href":"https:\/\/www.sts-education.com\/dk\/wp-json\/wp\/v2\/posts\/11439\/revisions\/43502"}],"wp:featuredmedia":[{"embeddable":true,"href":"https:\/\/www.sts-education.com\/dk\/wp-json\/wp\/v2\/media\/12844"}],"wp:attachment":[{"href":"https:\/\/www.sts-education.com\/dk\/wp-json\/wp\/v2\/media?parent=11439"}],"wp:term":[{"taxonomy":"category","embeddable":true,"href":"https:\/\/www.sts-education.com\/dk\/wp-json\/wp\/v2\/categories?post=11439"},{"taxonomy":"post_tag","embeddable":true,"href":"https:\/\/www.sts-education.com\/dk\/wp-json\/wp\/v2\/tags?post=11439"},{"taxonomy":"wpw_post_folders","embeddable":true,"href":"https:\/\/www.sts-education.com\/dk\/wp-json\/wp\/v2\/wpw_post_folders?post=11439"}],"curies":[{"name":"wp","href":"https:\/\/api.w.org\/{rel}","templated":true}]}}