{"id":11440,"date":"2024-09-05T15:00:00","date_gmt":"2024-09-05T13:00:00","guid":{"rendered":"https:\/\/preprod.sts-education.com\/blog\/2026\/03\/05\/andrea-valgte-at-studere-i-holland\/"},"modified":"2026-04-29T09:58:53","modified_gmt":"2026-04-29T07:58:53","slug":"andrea-valgte-at-studere-i-holland","status":"publish","type":"post","link":"https:\/\/www.sts-education.com\/dk\/high-school\/beretninger-fra-eleverne\/elevhistorier\/andrea-valgte-at-studere-i-holland\/","title":{"rendered":"Andrea Valgte At Studere I Holland"},"content":{"rendered":"\n<div class=\"wp-block-sts-text sts-text-editor has-max-width-md\"><div class=\"sts-text-editor__content\"><div class=\"sts-text-editor__content-inner\">\n<h1 style=\"text-align:center\">Andrea valgte at studere i Holland<\/h1>\n<\/div><\/div><\/div>\n\n\n\n<figure class=\"wp-block-sts-image sts-block-image sts-block-image--count-1 has-max-width-lg\" data-count=\"1\"><div class=\"sts-block-image__grid\"><div class=\"sts-block-image__item\"><picture class=\"sts-responsive-image has-fit-cover has-pos-top is-skeleton\"><source media=\"(max-width: 834.98px)\" srcset=\"https:\/\/powered-by.qbank.se\/educatius\/sts\/fb4bddd74502198a99fe32baa1ad7557_1-1-thumb.webp 150w, https:\/\/powered-by.qbank.se\/educatius\/sts\/fb4bddd74502198a99fe32baa1ad7557_1-1-xsmall.webp 500w, https:\/\/powered-by.qbank.se\/educatius\/sts\/fb4bddd74502198a99fe32baa1ad7557_1-1-small.webp 800w, https:\/\/powered-by.qbank.se\/educatius\/sts\/fb4bddd74502198a99fe32baa1ad7557_1-1-medium.webp 1024w, https:\/\/powered-by.qbank.se\/educatius\/sts\/fb4bddd74502198a99fe32baa1ad7557_1-1-large.webp 1536w\" sizes=\"(max-width: 768px) 100vw, (max-width: 1200px) 100vw, 1200px\" type=\"image\/webp\"\/><source media=\"(min-width: 835px)\" srcset=\"https:\/\/powered-by.qbank.se\/educatius\/sts\/fb4bddd74502198a99fe32baa1ad7557_16-9-small.webp 800w, https:\/\/powered-by.qbank.se\/educatius\/sts\/fb4bddd74502198a99fe32baa1ad7557_16-9-medium.webp 1024w, https:\/\/powered-by.qbank.se\/educatius\/sts\/fb4bddd74502198a99fe32baa1ad7557_16-9-large.webp 1536w\" sizes=\"(max-width: 768px) 100vw, (max-width: 1200px) 100vw, 1200px\" type=\"image\/webp\"\/><img src=\"https:\/\/powered-by.qbank.se\/educatius\/sts\/fb4bddd74502198a99fe32baa1ad7557_1-1-thumb.webp\" alt=\"Andrea valgte at studere i Holland\" loading=\"lazy\" decoding=\"async\" fetchpriority=\"low\" style=\"object-position:top\"\/><\/picture><\/div><\/div><\/figure>\n\n\n\n<div class=\"wp-block-sts-text sts-text-editor has-max-width-md\"><div class=\"sts-text-editor__content\"><div class=\"sts-text-editor__content-inner\">\n<p><em>Andrea fra Italien var p\u00e5 udveksling i Holland.<\/em><\/p>\n<\/div><\/div><\/div>\n\n\n\n<div class=\"wp-block-sts-text sts-text-editor has-max-width-md\"><div class=\"sts-text-editor__content\"><div class=\"sts-text-editor__content-inner\">\n<p>Da jeg var lille, rejste jeg meget med min familie. Da vi bes\u00f8gte Holland, f\u00f8lte jeg mig trukket til dette land. Jeg kunne virkelig se mig selv bo der, n\u00e5r jeg blev \u00e6ldre, s\u00e5 jeg besluttede mig for at tage p\u00e5 high school-udveksling til Holland.<\/p>\n<p>Min v\u00e6rtsfamilie var fantastisk! De var s\u00e5 s\u00f8de og hjalp mig med alt. Efter kun to uger begyndte jeg allerede at f\u00f8le mig hjemme! Jeg elskede at holde jul med dem, fejre f\u00f8dselsdage, tage p\u00e5 ture og spise familiemiddage.<\/p>\n<p>Skolen var nogle gange sv\u00e6r, men l\u00e6rerne var \u00e5bne for at hj\u00e6lpe og forventede ikke, at jeg skulle v\u00e6re p\u00e5 samme niveau som de andre elever med det samme, da jeg f\u00f8rst skulle v\u00e6nne mig til det hollandske sprog.<\/p>\n<p>Det var nemt at f\u00e5 venner i skolen! Folk i Brabant er bare meget im\u00f8dekommende over for udvekslingsstuderende.<\/p>\n<h2>Find ud af mere!<\/h2>\n<ul><li>L\u00e6s flere <a href=\"https:\/\/www.sts-education.com\/dk\/high-school\/beretninger-fra-eleverne\/elevhistorier\/?hashtag=Holland\">elevhistorier fra Holland<\/a><\/li>\n<li>L\u00e6s mere om <a href=\"https:\/\/www.sts-education.com\/dk\/high-school\/programlande\/europa\/holland\/\">high school-udveksling i Holland<\/a><\/li>\n<li>Se alle vores <a href=\"\/dk\/high-school\/tripfinder\/\">destinationer for high school-udveksling<\/a><\/li><\/ul>\n<\/div><\/div><\/div>\n","protected":false},"excerpt":{"rendered":"","protected":false},"author":20,"featured_media":12846,"comment_status":"open","ping_status":"open","sticky":false,"template":"","format":"standard","meta":{"_acf_changed":false,"_yoast_wpseo_title":"Andrea valgte at studere i Holland","_yoast_wpseo_metadesc":"Min v\u00e6rtsfamilie var fantastisk! De var s\u00e5 s\u00f8de og hjalp mig med alt. Efter kun to uger begyndte jeg allerede at f\u00f8le mig hjemme!","footnotes":""},"categories":[305],"tags":[890],"wpw_post_folders":[],"class_list":["post-11440","post","type-post","status-publish","format-standard","has-post-thumbnail","hentry","category-uncategorized-da","tag-holland"],"acf":[],"yoast_head":"<!-- This site is optimized with the Yoast SEO Premium plugin v27.2 (Yoast SEO v27.2) - https:\/\/yoast.com\/product\/yoast-seo-premium-wordpress\/ -->\n<title>Andrea valgte at studere i Holland<\/title>\n<meta name=\"description\" content=\"Min v\u00e6rtsfamilie var fantastisk! De var s\u00e5 s\u00f8de og hjalp mig med alt. Efter kun to uger begyndte jeg allerede at f\u00f8le mig hjemme!\" \/>\n<meta name=\"robots\" content=\"index, follow, max-snippet:-1, max-image-preview:large, max-video-preview:-1\" \/>\n<link rel=\"canonical\" href=\"https:\/\/www.sts-education.com\/dk\/high-school\/beretninger-fra-eleverne\/elevhistorier\/andrea-valgte-at-studere-i-holland\/\" \/>\n<meta property=\"og:locale\" content=\"da_DK\" \/>\n<meta property=\"og:type\" content=\"article\" \/>\n<meta property=\"og:title\" content=\"Andrea Valgte At Studere I Holland\" \/>\n<meta property=\"og:description\" content=\"Min v\u00e6rtsfamilie var fantastisk! De var s\u00e5 s\u00f8de og hjalp mig med alt. Efter kun to uger begyndte jeg allerede at f\u00f8le mig hjemme!\" \/>\n<meta property=\"og:url\" content=\"https:\/\/www.sts-education.com\/dk\/high-school\/beretninger-fra-eleverne\/elevhistorier\/andrea-valgte-at-studere-i-holland\/\" \/>\n<meta property=\"og:site_name\" content=\"STS Education\" \/>\n<meta property=\"article:published_time\" content=\"2024-09-05T13:00:00+00:00\" \/>\n<meta property=\"article:modified_time\" content=\"2026-04-29T07:58:53+00:00\" \/>\n<meta property=\"og:image\" content=\"https:\/\/powered-by.qbank.se\/educatius\/sts\/\/fb4bddd74502198a99fe32baa1ad7557_1-1-thumb.webp\" \/>\n\t<meta property=\"og:image:width\" content=\"150\" \/>\n\t<meta property=\"og:image:height\" content=\"150\" \/>\n\t<meta property=\"og:image:type\" content=\"image\/jpeg\" \/>\n<meta name=\"author\" content=\"syncreadwrite\" \/>\n<meta name=\"twitter:card\" content=\"summary_large_image\" \/>\n<meta name=\"twitter:label1\" content=\"Skrevet af\" \/>\n\t<meta name=\"twitter:data1\" content=\"syncreadwrite\" \/>\n\t<meta name=\"twitter:label2\" content=\"Estimeret l\u00e6setid\" \/>\n\t<meta name=\"twitter:data2\" content=\"1 minut\" \/>\n<script type=\"application\/ld+json\" class=\"yoast-schema-graph\">{\"@context\":\"https:\/\/schema.org\",\"@graph\":[{\"@type\":\"Article\",\"@id\":\"https:\/\/www.sts-education.com\/dk\/high-school\/beretninger-fra-eleverne\/elevhistorier\/andrea-valgte-at-studere-i-holland\/#article\",\"isPartOf\":{\"@id\":\"https:\/\/www.sts-education.com\/dk\/high-school\/beretninger-fra-eleverne\/elevhistorier\/andrea-valgte-at-studere-i-holland\/\"},\"author\":{\"name\":\"syncreadwrite\",\"@id\":\"https:\/\/www.sts-education.com\/dk\/#\/schema\/person\/8b82f3a2e45f020b8f296d7a85d9a97c\"},\"headline\":\"Andrea Valgte At Studere I Holland\",\"datePublished\":\"2024-09-05T13:00:00+00:00\",\"dateModified\":\"2026-04-29T07:58:53+00:00\",\"mainEntityOfPage\":{\"@id\":\"https:\/\/www.sts-education.com\/dk\/high-school\/beretninger-fra-eleverne\/elevhistorier\/andrea-valgte-at-studere-i-holland\/\"},\"wordCount\":200,\"commentCount\":0,\"image\":{\"@id\":\"https:\/\/www.sts-education.com\/dk\/high-school\/beretninger-fra-eleverne\/elevhistorier\/andrea-valgte-at-studere-i-holland\/#primaryimage\"},\"thumbnailUrl\":\"https:\/\/powered-by.qbank.se\/educatius\/sts\/\/fb4bddd74502198a99fe32baa1ad7557_1-1-thumb.webp\",\"keywords\":[\"Holland\"],\"articleSection\":[\"Uncategorized @da\"],\"inLanguage\":\"da-DK\",\"potentialAction\":[{\"@type\":\"CommentAction\",\"name\":\"Comment\",\"target\":[\"https:\/\/www.sts-education.com\/dk\/high-school\/beretninger-fra-eleverne\/elevhistorier\/andrea-valgte-at-studere-i-holland\/#respond\"]}]},{\"@type\":\"WebPage\",\"@id\":\"https:\/\/www.sts-education.com\/dk\/high-school\/beretninger-fra-eleverne\/elevhistorier\/andrea-valgte-at-studere-i-holland\/\",\"url\":\"https:\/\/www.sts-education.com\/dk\/high-school\/beretninger-fra-eleverne\/elevhistorier\/andrea-valgte-at-studere-i-holland\/\",\"name\":\"Andrea valgte at studere i Holland\",\"isPartOf\":{\"@id\":\"https:\/\/www.sts-education.com\/dk\/#website\"},\"primaryImageOfPage\":{\"@id\":\"https:\/\/www.sts-education.com\/dk\/high-school\/beretninger-fra-eleverne\/elevhistorier\/andrea-valgte-at-studere-i-holland\/#primaryimage\"},\"image\":{\"@id\":\"https:\/\/www.sts-education.com\/dk\/high-school\/beretninger-fra-eleverne\/elevhistorier\/andrea-valgte-at-studere-i-holland\/#primaryimage\"},\"thumbnailUrl\":\"https:\/\/powered-by.qbank.se\/educatius\/sts\/\/fb4bddd74502198a99fe32baa1ad7557_1-1-thumb.webp\",\"datePublished\":\"2024-09-05T13:00:00+00:00\",\"dateModified\":\"2026-04-29T07:58:53+00:00\",\"author\":{\"@id\":\"https:\/\/www.sts-education.com\/dk\/#\/schema\/person\/8b82f3a2e45f020b8f296d7a85d9a97c\"},\"description\":\"Min v\u00e6rtsfamilie var fantastisk! De var s\u00e5 s\u00f8de og hjalp mig med alt. Efter kun to uger begyndte jeg allerede at f\u00f8le mig hjemme!\",\"breadcrumb\":{\"@id\":\"https:\/\/www.sts-education.com\/dk\/high-school\/beretninger-fra-eleverne\/elevhistorier\/andrea-valgte-at-studere-i-holland\/#breadcrumb\"},\"inLanguage\":\"da-DK\",\"potentialAction\":[{\"@type\":\"ReadAction\",\"target\":[\"https:\/\/www.sts-education.com\/dk\/high-school\/beretninger-fra-eleverne\/elevhistorier\/andrea-valgte-at-studere-i-holland\/\"]}]},{\"@type\":\"ImageObject\",\"inLanguage\":\"da-DK\",\"@id\":\"https:\/\/www.sts-education.com\/dk\/high-school\/beretninger-fra-eleverne\/elevhistorier\/andrea-valgte-at-studere-i-holland\/#primaryimage\",\"url\":\"https:\/\/powered-by.qbank.se\/educatius\/sts\/\/fb4bddd74502198a99fe32baa1ad7557_1-1-thumb.webp\",\"contentUrl\":\"https:\/\/powered-by.qbank.se\/educatius\/sts\/\/fb4bddd74502198a99fe32baa1ad7557_1-1-thumb.webp\",\"width\":150,\"height\":150},{\"@type\":\"BreadcrumbList\",\"@id\":\"https:\/\/www.sts-education.com\/dk\/high-school\/beretninger-fra-eleverne\/elevhistorier\/andrea-valgte-at-studere-i-holland\/#breadcrumb\",\"itemListElement\":[{\"@type\":\"ListItem\",\"position\":1,\"name\":\"Home\",\"item\":\"https:\/\/www.sts-education.com\/dk\/sample-page\/\"},{\"@type\":\"ListItem\",\"position\":2,\"name\":\"Andrea Valgte At Studere I Holland\"}]},{\"@type\":\"WebSite\",\"@id\":\"https:\/\/www.sts-education.com\/dk\/#website\",\"url\":\"https:\/\/www.sts-education.com\/dk\/\",\"name\":\"STS Education\",\"description\":\"\",\"potentialAction\":[{\"@type\":\"SearchAction\",\"target\":{\"@type\":\"EntryPoint\",\"urlTemplate\":\"https:\/\/www.sts-education.com\/dk\/?s={search_term_string}\"},\"query-input\":{\"@type\":\"PropertyValueSpecification\",\"valueRequired\":true,\"valueName\":\"search_term_string\"}}],\"inLanguage\":\"da-DK\"},{\"@type\":\"Person\",\"@id\":\"https:\/\/www.sts-education.com\/dk\/#\/schema\/person\/8b82f3a2e45f020b8f296d7a85d9a97c\",\"name\":\"syncreadwrite\",\"image\":{\"@type\":\"ImageObject\",\"inLanguage\":\"da-DK\",\"@id\":\"https:\/\/secure.gravatar.com\/avatar\/6ed1007e4f6f43f22e3df41d9fce4365533cba47fef64bb359b8e629abbc2ea6?s=96&d=mm&r=g\",\"url\":\"https:\/\/secure.gravatar.com\/avatar\/6ed1007e4f6f43f22e3df41d9fce4365533cba47fef64bb359b8e629abbc2ea6?s=96&d=mm&r=g\",\"contentUrl\":\"https:\/\/secure.gravatar.com\/avatar\/6ed1007e4f6f43f22e3df41d9fce4365533cba47fef64bb359b8e629abbc2ea6?s=96&d=mm&r=g\",\"caption\":\"syncreadwrite\"},\"url\":\"https:\/\/www.sts-education.com\/dk\/author\/syncreadwrite\/\"}]}<\/script>\n<!-- \/ Yoast SEO Premium plugin. -->","yoast_head_json":{"title":"Andrea valgte at studere i Holland","description":"Min v\u00e6rtsfamilie var fantastisk! De var s\u00e5 s\u00f8de og hjalp mig med alt. Efter kun to uger begyndte jeg allerede at f\u00f8le mig hjemme!","robots":{"index":"index","follow":"follow","max-snippet":"max-snippet:-1","max-image-preview":"max-image-preview:large","max-video-preview":"max-video-preview:-1"},"canonical":"https:\/\/www.sts-education.com\/dk\/high-school\/beretninger-fra-eleverne\/elevhistorier\/andrea-valgte-at-studere-i-holland\/","og_locale":"da_DK","og_type":"article","og_title":"Andrea Valgte At Studere I Holland","og_description":"Min v\u00e6rtsfamilie var fantastisk! De var s\u00e5 s\u00f8de og hjalp mig med alt. Efter kun to uger begyndte jeg allerede at f\u00f8le mig hjemme!","og_url":"https:\/\/www.sts-education.com\/dk\/high-school\/beretninger-fra-eleverne\/elevhistorier\/andrea-valgte-at-studere-i-holland\/","og_site_name":"STS Education","article_published_time":"2024-09-05T13:00:00+00:00","article_modified_time":"2026-04-29T07:58:53+00:00","og_image":[{"width":150,"height":150,"url":"https:\/\/powered-by.qbank.se\/educatius\/sts\/\/fb4bddd74502198a99fe32baa1ad7557_1-1-thumb.webp","type":"image\/jpeg"}],"author":"syncreadwrite","twitter_card":"summary_large_image","twitter_misc":{"Skrevet af":"syncreadwrite","Estimeret l\u00e6setid":"1 minut"},"schema":{"@context":"https:\/\/schema.org","@graph":[{"@type":"Article","@id":"https:\/\/www.sts-education.com\/dk\/high-school\/beretninger-fra-eleverne\/elevhistorier\/andrea-valgte-at-studere-i-holland\/#article","isPartOf":{"@id":"https:\/\/www.sts-education.com\/dk\/high-school\/beretninger-fra-eleverne\/elevhistorier\/andrea-valgte-at-studere-i-holland\/"},"author":{"name":"syncreadwrite","@id":"https:\/\/www.sts-education.com\/dk\/#\/schema\/person\/8b82f3a2e45f020b8f296d7a85d9a97c"},"headline":"Andrea Valgte At Studere I Holland","datePublished":"2024-09-05T13:00:00+00:00","dateModified":"2026-04-29T07:58:53+00:00","mainEntityOfPage":{"@id":"https:\/\/www.sts-education.com\/dk\/high-school\/beretninger-fra-eleverne\/elevhistorier\/andrea-valgte-at-studere-i-holland\/"},"wordCount":200,"commentCount":0,"image":{"@id":"https:\/\/www.sts-education.com\/dk\/high-school\/beretninger-fra-eleverne\/elevhistorier\/andrea-valgte-at-studere-i-holland\/#primaryimage"},"thumbnailUrl":"https:\/\/powered-by.qbank.se\/educatius\/sts\/\/fb4bddd74502198a99fe32baa1ad7557_1-1-thumb.webp","keywords":["Holland"],"articleSection":["Uncategorized @da"],"inLanguage":"da-DK","potentialAction":[{"@type":"CommentAction","name":"Comment","target":["https:\/\/www.sts-education.com\/dk\/high-school\/beretninger-fra-eleverne\/elevhistorier\/andrea-valgte-at-studere-i-holland\/#respond"]}]},{"@type":"WebPage","@id":"https:\/\/www.sts-education.com\/dk\/high-school\/beretninger-fra-eleverne\/elevhistorier\/andrea-valgte-at-studere-i-holland\/","url":"https:\/\/www.sts-education.com\/dk\/high-school\/beretninger-fra-eleverne\/elevhistorier\/andrea-valgte-at-studere-i-holland\/","name":"Andrea valgte at studere i Holland","isPartOf":{"@id":"https:\/\/www.sts-education.com\/dk\/#website"},"primaryImageOfPage":{"@id":"https:\/\/www.sts-education.com\/dk\/high-school\/beretninger-fra-eleverne\/elevhistorier\/andrea-valgte-at-studere-i-holland\/#primaryimage"},"image":{"@id":"https:\/\/www.sts-education.com\/dk\/high-school\/beretninger-fra-eleverne\/elevhistorier\/andrea-valgte-at-studere-i-holland\/#primaryimage"},"thumbnailUrl":"https:\/\/powered-by.qbank.se\/educatius\/sts\/\/fb4bddd74502198a99fe32baa1ad7557_1-1-thumb.webp","datePublished":"2024-09-05T13:00:00+00:00","dateModified":"2026-04-29T07:58:53+00:00","author":{"@id":"https:\/\/www.sts-education.com\/dk\/#\/schema\/person\/8b82f3a2e45f020b8f296d7a85d9a97c"},"description":"Min v\u00e6rtsfamilie var fantastisk! De var s\u00e5 s\u00f8de og hjalp mig med alt. Efter kun to uger begyndte jeg allerede at f\u00f8le mig hjemme!","breadcrumb":{"@id":"https:\/\/www.sts-education.com\/dk\/high-school\/beretninger-fra-eleverne\/elevhistorier\/andrea-valgte-at-studere-i-holland\/#breadcrumb"},"inLanguage":"da-DK","potentialAction":[{"@type":"ReadAction","target":["https:\/\/www.sts-education.com\/dk\/high-school\/beretninger-fra-eleverne\/elevhistorier\/andrea-valgte-at-studere-i-holland\/"]}]},{"@type":"ImageObject","inLanguage":"da-DK","@id":"https:\/\/www.sts-education.com\/dk\/high-school\/beretninger-fra-eleverne\/elevhistorier\/andrea-valgte-at-studere-i-holland\/#primaryimage","url":"https:\/\/powered-by.qbank.se\/educatius\/sts\/\/fb4bddd74502198a99fe32baa1ad7557_1-1-thumb.webp","contentUrl":"https:\/\/powered-by.qbank.se\/educatius\/sts\/\/fb4bddd74502198a99fe32baa1ad7557_1-1-thumb.webp","width":150,"height":150},{"@type":"BreadcrumbList","@id":"https:\/\/www.sts-education.com\/dk\/high-school\/beretninger-fra-eleverne\/elevhistorier\/andrea-valgte-at-studere-i-holland\/#breadcrumb","itemListElement":[{"@type":"ListItem","position":1,"name":"Home","item":"https:\/\/www.sts-education.com\/dk\/sample-page\/"},{"@type":"ListItem","position":2,"name":"Andrea Valgte At Studere I Holland"}]},{"@type":"WebSite","@id":"https:\/\/www.sts-education.com\/dk\/#website","url":"https:\/\/www.sts-education.com\/dk\/","name":"STS Education","description":"","potentialAction":[{"@type":"SearchAction","target":{"@type":"EntryPoint","urlTemplate":"https:\/\/www.sts-education.com\/dk\/?s={search_term_string}"},"query-input":{"@type":"PropertyValueSpecification","valueRequired":true,"valueName":"search_term_string"}}],"inLanguage":"da-DK"},{"@type":"Person","@id":"https:\/\/www.sts-education.com\/dk\/#\/schema\/person\/8b82f3a2e45f020b8f296d7a85d9a97c","name":"syncreadwrite","image":{"@type":"ImageObject","inLanguage":"da-DK","@id":"https:\/\/secure.gravatar.com\/avatar\/6ed1007e4f6f43f22e3df41d9fce4365533cba47fef64bb359b8e629abbc2ea6?s=96&d=mm&r=g","url":"https:\/\/secure.gravatar.com\/avatar\/6ed1007e4f6f43f22e3df41d9fce4365533cba47fef64bb359b8e629abbc2ea6?s=96&d=mm&r=g","contentUrl":"https:\/\/secure.gravatar.com\/avatar\/6ed1007e4f6f43f22e3df41d9fce4365533cba47fef64bb359b8e629abbc2ea6?s=96&d=mm&r=g","caption":"syncreadwrite"},"url":"https:\/\/www.sts-education.com\/dk\/author\/syncreadwrite\/"}]}},"_links":{"self":[{"href":"https:\/\/www.sts-education.com\/dk\/wp-json\/wp\/v2\/posts\/11440","targetHints":{"allow":["GET"]}}],"collection":[{"href":"https:\/\/www.sts-education.com\/dk\/wp-json\/wp\/v2\/posts"}],"about":[{"href":"https:\/\/www.sts-education.com\/dk\/wp-json\/wp\/v2\/types\/post"}],"author":[{"embeddable":true,"href":"https:\/\/www.sts-education.com\/dk\/wp-json\/wp\/v2\/users\/20"}],"replies":[{"embeddable":true,"href":"https:\/\/www.sts-education.com\/dk\/wp-json\/wp\/v2\/comments?post=11440"}],"version-history":[{"count":6,"href":"https:\/\/www.sts-education.com\/dk\/wp-json\/wp\/v2\/posts\/11440\/revisions"}],"predecessor-version":[{"id":43514,"href":"https:\/\/www.sts-education.com\/dk\/wp-json\/wp\/v2\/posts\/11440\/revisions\/43514"}],"wp:featuredmedia":[{"embeddable":true,"href":"https:\/\/www.sts-education.com\/dk\/wp-json\/wp\/v2\/media\/12846"}],"wp:attachment":[{"href":"https:\/\/www.sts-education.com\/dk\/wp-json\/wp\/v2\/media?parent=11440"}],"wp:term":[{"taxonomy":"category","embeddable":true,"href":"https:\/\/www.sts-education.com\/dk\/wp-json\/wp\/v2\/categories?post=11440"},{"taxonomy":"post_tag","embeddable":true,"href":"https:\/\/www.sts-education.com\/dk\/wp-json\/wp\/v2\/tags?post=11440"},{"taxonomy":"wpw_post_folders","embeddable":true,"href":"https:\/\/www.sts-education.com\/dk\/wp-json\/wp\/v2\/wpw_post_folders?post=11440"}],"curies":[{"name":"wp","href":"https:\/\/api.w.org\/{rel}","templated":true}]}}