{"id":11444,"date":"2024-08-05T15:00:00","date_gmt":"2024-08-05T13:00:00","guid":{"rendered":"https:\/\/preprod.sts-education.com\/blog\/2026\/03\/05\/alejandro-valgte-at-studere-i-ostrig\/"},"modified":"2026-04-29T10:00:37","modified_gmt":"2026-04-29T08:00:37","slug":"alejandro-valgte-at-studere-i-ostrig","status":"publish","type":"post","link":"https:\/\/www.sts-education.com\/dk\/high-school\/beretninger-fra-eleverne\/elevhistorier\/alejandro-valgte-at-studere-i-ostrig\/","title":{"rendered":"Alejandro Valgte At Studere I Ostrig"},"content":{"rendered":"\n<div class=\"wp-block-sts-text sts-text-editor has-max-width-md\"><div class=\"sts-text-editor__content\"><div class=\"sts-text-editor__content-inner\">\n<h1 style=\"text-align:center\">Alejandro valgte at studere i \u00d8strig<\/h1>\n<\/div><\/div><\/div>\n\n\n\n<figure class=\"wp-block-sts-image sts-block-image sts-block-image--count-1 has-max-width-lg\" data-count=\"1\"><div class=\"sts-block-image__grid\"><div class=\"sts-block-image__item\"><picture class=\"sts-responsive-image has-fit-cover has-pos-top is-skeleton\"><source media=\"(max-width: 834.98px)\" srcset=\"https:\/\/powered-by.qbank.se\/educatius\/sts\/7566e16caca64683927ae8657adbf956_1-1-thumb.webp 150w, https:\/\/powered-by.qbank.se\/educatius\/sts\/7566e16caca64683927ae8657adbf956_1-1-xsmall.webp 500w, https:\/\/powered-by.qbank.se\/educatius\/sts\/7566e16caca64683927ae8657adbf956_1-1-small.webp 800w, https:\/\/powered-by.qbank.se\/educatius\/sts\/7566e16caca64683927ae8657adbf956_1-1-medium.webp 1024w, https:\/\/powered-by.qbank.se\/educatius\/sts\/7566e16caca64683927ae8657adbf956_1-1-large.webp 1536w\" sizes=\"(max-width: 768px) 100vw, (max-width: 1200px) 100vw, 1200px\" type=\"image\/webp\"\/><source media=\"(min-width: 835px)\" srcset=\"https:\/\/powered-by.qbank.se\/educatius\/sts\/7566e16caca64683927ae8657adbf956_16-9-small.webp 800w, https:\/\/powered-by.qbank.se\/educatius\/sts\/7566e16caca64683927ae8657adbf956_16-9-medium.webp 1024w, https:\/\/powered-by.qbank.se\/educatius\/sts\/7566e16caca64683927ae8657adbf956_16-9-large.webp 1536w\" sizes=\"(max-width: 768px) 100vw, (max-width: 1200px) 100vw, 1200px\" type=\"image\/webp\"\/><img src=\"https:\/\/powered-by.qbank.se\/educatius\/sts\/7566e16caca64683927ae8657adbf956_1-1-thumb.webp\" alt=\"Alejandro valgte at studere i \u00d8strig\" loading=\"lazy\" decoding=\"async\" fetchpriority=\"low\" style=\"object-position:top\"\/><\/picture><\/div><\/div><\/figure>\n\n\n\n<div class=\"wp-block-sts-text sts-text-editor has-max-width-md\"><div class=\"sts-text-editor__content\"><div class=\"sts-text-editor__content-inner\">\n<p><em>Alejandro fra Monterrey i Mexico tog p\u00e5 udveksling til \u00d8strig.<\/em><\/p>\n<h2>Hvorfor besluttede du dig for at tage p\u00e5 udveksling?<\/h2>\n<p>Jeg besluttede at komme til \u00d8strig som udvekslingsstudent i et \u00e5r, fordi det virkede meget sjovt og sp\u00e6ndende. Nu har jeg v\u00e6ret i \u00d8strig i n\u00e6sten et \u00e5r, og om mindre end to uger rejser jeg endelig hjem til min familie.<\/p>\n<\/div><\/div><\/div>\n\n\n\n<div class=\"wp-block-sts-text sts-text-editor has-max-width-md\"><div class=\"sts-text-editor__content\"><div class=\"sts-text-editor__content-inner\">\n<h2>Nye erfaringer<\/h2>\n<p>Dette \u00e5r har v\u00e6ret meget interessant og sjovt. Jeg har l\u00e6rt en masse nye ting og m\u00f8dt mange nye mennesker. Skolen var rigtig god, og jeg fik ogs\u00e5 hurtigt mange nye venner. I l\u00f8bet af \u00e5ret stod jeg over for mange udfordringer &#8211; nogle lette og nogle meget sv\u00e6re &#8211; men det var sjovt, for hver gang l\u00e6rte jeg noget nyt.<\/p>\n<h2>De bedste minder<\/h2>\n<p>I l\u00f8bet af \u00e5ret havde jeg det ogs\u00e5 meget sjovt med at st\u00e5 p\u00e5 ski med mine venner om vinteren, g\u00e5 til poolparty om sommeren og deltage i mange \u00f8strigske festivaler. Jeg vil aldrig glemme f\u00f8lelsen af at spise en schnitzel p\u00e5 toppen af et bjerg med min v\u00e6rtsfamilie og blive en bedre skik\u00f8rer. Det var ogs\u00e5 meget sjovt at g\u00e5 ud med vennerne, for der var n\u00e6sten altid noget sp\u00e6ndende at lave. De \u00f8strigske festivaler var fantastiske; de l\u00e6rte mig en masse om kulturen og folket.<\/p>\n<h2>Find ud af mere!<\/h2>\n<ul><li>L\u00e6s flere <a href=\"https:\/\/www.sts-education.com\/dk\/high-school\/beretninger-fra-eleverne\/elevhistorier\/?hashtag=%c3%98strig\">elevhistorier fra \u00d8strig<\/a><\/li>\n<li>L\u00e6s mere om <a href=\"https:\/\/www.sts-education.com\/dk\/high-school\/programlande\/europa\/ostrig\/\">high school-udveksling i \u00d8strig<\/a><\/li>\n<li>Se alle vores <a href=\"\/dk\/high-school\/tripfinder\/\">destinationer for high school-udveksling<\/a><\/li><\/ul>\n<\/div><\/div><\/div>\n","protected":false},"excerpt":{"rendered":"","protected":false},"author":20,"featured_media":12854,"comment_status":"open","ping_status":"open","sticky":false,"template":"","format":"standard","meta":{"_acf_changed":false,"_yoast_wpseo_title":"Alejandro valgte at studere i \u00d8strig","_yoast_wpseo_metadesc":"Jeg besluttede at komme til \u00d8strig som udvekslingsstudent i et \u00e5r, fordi det virkede meget sjovt og sp\u00e6ndende. Nu har jeg v\u00e6ret i \u00d8strig i n\u00e6sten et \u00e5r.","footnotes":""},"categories":[305],"tags":[879],"wpw_post_folders":[],"class_list":["post-11444","post","type-post","status-publish","format-standard","has-post-thumbnail","hentry","category-uncategorized-da","tag-strig"],"acf":[],"yoast_head":"<!-- This site is optimized with the Yoast SEO Premium plugin v27.2 (Yoast SEO v27.2) - https:\/\/yoast.com\/product\/yoast-seo-premium-wordpress\/ -->\n<title>Alejandro valgte at studere i \u00d8strig<\/title>\n<meta name=\"description\" content=\"Jeg besluttede at komme til \u00d8strig som udvekslingsstudent i et \u00e5r, fordi det virkede meget sjovt og sp\u00e6ndende. Nu har jeg v\u00e6ret i \u00d8strig i n\u00e6sten et \u00e5r.\" \/>\n<meta name=\"robots\" content=\"index, follow, max-snippet:-1, max-image-preview:large, max-video-preview:-1\" \/>\n<link rel=\"canonical\" href=\"https:\/\/www.sts-education.com\/dk\/high-school\/beretninger-fra-eleverne\/elevhistorier\/alejandro-valgte-at-studere-i-ostrig\/\" \/>\n<meta property=\"og:locale\" content=\"da_DK\" \/>\n<meta property=\"og:type\" content=\"article\" \/>\n<meta property=\"og:title\" content=\"Alejandro Valgte At Studere I Ostrig\" \/>\n<meta property=\"og:description\" content=\"Jeg besluttede at komme til \u00d8strig som udvekslingsstudent i et \u00e5r, fordi det virkede meget sjovt og sp\u00e6ndende. Nu har jeg v\u00e6ret i \u00d8strig i n\u00e6sten et \u00e5r.\" \/>\n<meta property=\"og:url\" content=\"https:\/\/www.sts-education.com\/dk\/high-school\/beretninger-fra-eleverne\/elevhistorier\/alejandro-valgte-at-studere-i-ostrig\/\" \/>\n<meta property=\"og:site_name\" content=\"STS Education\" \/>\n<meta property=\"article:published_time\" content=\"2024-08-05T13:00:00+00:00\" \/>\n<meta property=\"article:modified_time\" content=\"2026-04-29T08:00:37+00:00\" \/>\n<meta property=\"og:image\" content=\"https:\/\/powered-by.qbank.se\/educatius\/sts\/\/7566e16caca64683927ae8657adbf956_1-1-thumb.webp\" \/>\n\t<meta property=\"og:image:width\" content=\"150\" \/>\n\t<meta property=\"og:image:height\" content=\"150\" \/>\n\t<meta property=\"og:image:type\" content=\"image\/png\" \/>\n<meta name=\"author\" content=\"syncreadwrite\" \/>\n<meta name=\"twitter:card\" content=\"summary_large_image\" \/>\n<meta name=\"twitter:label1\" content=\"Skrevet af\" \/>\n\t<meta name=\"twitter:data1\" content=\"syncreadwrite\" \/>\n\t<meta name=\"twitter:label2\" content=\"Estimeret l\u00e6setid\" \/>\n\t<meta name=\"twitter:data2\" content=\"1 minut\" \/>\n<script type=\"application\/ld+json\" class=\"yoast-schema-graph\">{\"@context\":\"https:\/\/schema.org\",\"@graph\":[{\"@type\":\"Article\",\"@id\":\"https:\/\/www.sts-education.com\/dk\/high-school\/beretninger-fra-eleverne\/elevhistorier\/alejandro-valgte-at-studere-i-ostrig\/#article\",\"isPartOf\":{\"@id\":\"https:\/\/www.sts-education.com\/dk\/high-school\/beretninger-fra-eleverne\/elevhistorier\/alejandro-valgte-at-studere-i-ostrig\/\"},\"author\":{\"name\":\"syncreadwrite\",\"@id\":\"https:\/\/www.sts-education.com\/dk\/#\/schema\/person\/8b82f3a2e45f020b8f296d7a85d9a97c\"},\"headline\":\"Alejandro Valgte At Studere I Ostrig\",\"datePublished\":\"2024-08-05T13:00:00+00:00\",\"dateModified\":\"2026-04-29T08:00:37+00:00\",\"mainEntityOfPage\":{\"@id\":\"https:\/\/www.sts-education.com\/dk\/high-school\/beretninger-fra-eleverne\/elevhistorier\/alejandro-valgte-at-studere-i-ostrig\/\"},\"wordCount\":266,\"commentCount\":0,\"image\":{\"@id\":\"https:\/\/www.sts-education.com\/dk\/high-school\/beretninger-fra-eleverne\/elevhistorier\/alejandro-valgte-at-studere-i-ostrig\/#primaryimage\"},\"thumbnailUrl\":\"https:\/\/powered-by.qbank.se\/educatius\/sts\/\/7566e16caca64683927ae8657adbf956_1-1-thumb.webp\",\"keywords\":[\"\u00d8strig\"],\"articleSection\":[\"Uncategorized @da\"],\"inLanguage\":\"da-DK\",\"potentialAction\":[{\"@type\":\"CommentAction\",\"name\":\"Comment\",\"target\":[\"https:\/\/www.sts-education.com\/dk\/high-school\/beretninger-fra-eleverne\/elevhistorier\/alejandro-valgte-at-studere-i-ostrig\/#respond\"]}]},{\"@type\":\"WebPage\",\"@id\":\"https:\/\/www.sts-education.com\/dk\/high-school\/beretninger-fra-eleverne\/elevhistorier\/alejandro-valgte-at-studere-i-ostrig\/\",\"url\":\"https:\/\/www.sts-education.com\/dk\/high-school\/beretninger-fra-eleverne\/elevhistorier\/alejandro-valgte-at-studere-i-ostrig\/\",\"name\":\"Alejandro valgte at studere i \u00d8strig\",\"isPartOf\":{\"@id\":\"https:\/\/www.sts-education.com\/dk\/#website\"},\"primaryImageOfPage\":{\"@id\":\"https:\/\/www.sts-education.com\/dk\/high-school\/beretninger-fra-eleverne\/elevhistorier\/alejandro-valgte-at-studere-i-ostrig\/#primaryimage\"},\"image\":{\"@id\":\"https:\/\/www.sts-education.com\/dk\/high-school\/beretninger-fra-eleverne\/elevhistorier\/alejandro-valgte-at-studere-i-ostrig\/#primaryimage\"},\"thumbnailUrl\":\"https:\/\/powered-by.qbank.se\/educatius\/sts\/\/7566e16caca64683927ae8657adbf956_1-1-thumb.webp\",\"datePublished\":\"2024-08-05T13:00:00+00:00\",\"dateModified\":\"2026-04-29T08:00:37+00:00\",\"author\":{\"@id\":\"https:\/\/www.sts-education.com\/dk\/#\/schema\/person\/8b82f3a2e45f020b8f296d7a85d9a97c\"},\"description\":\"Jeg besluttede at komme til \u00d8strig som udvekslingsstudent i et \u00e5r, fordi det virkede meget sjovt og sp\u00e6ndende. Nu har jeg v\u00e6ret i \u00d8strig i n\u00e6sten et \u00e5r.\",\"breadcrumb\":{\"@id\":\"https:\/\/www.sts-education.com\/dk\/high-school\/beretninger-fra-eleverne\/elevhistorier\/alejandro-valgte-at-studere-i-ostrig\/#breadcrumb\"},\"inLanguage\":\"da-DK\",\"potentialAction\":[{\"@type\":\"ReadAction\",\"target\":[\"https:\/\/www.sts-education.com\/dk\/high-school\/beretninger-fra-eleverne\/elevhistorier\/alejandro-valgte-at-studere-i-ostrig\/\"]}]},{\"@type\":\"ImageObject\",\"inLanguage\":\"da-DK\",\"@id\":\"https:\/\/www.sts-education.com\/dk\/high-school\/beretninger-fra-eleverne\/elevhistorier\/alejandro-valgte-at-studere-i-ostrig\/#primaryimage\",\"url\":\"https:\/\/powered-by.qbank.se\/educatius\/sts\/\/7566e16caca64683927ae8657adbf956_1-1-thumb.webp\",\"contentUrl\":\"https:\/\/powered-by.qbank.se\/educatius\/sts\/\/7566e16caca64683927ae8657adbf956_1-1-thumb.webp\",\"width\":150,\"height\":150},{\"@type\":\"BreadcrumbList\",\"@id\":\"https:\/\/www.sts-education.com\/dk\/high-school\/beretninger-fra-eleverne\/elevhistorier\/alejandro-valgte-at-studere-i-ostrig\/#breadcrumb\",\"itemListElement\":[{\"@type\":\"ListItem\",\"position\":1,\"name\":\"Home\",\"item\":\"https:\/\/www.sts-education.com\/dk\/sample-page\/\"},{\"@type\":\"ListItem\",\"position\":2,\"name\":\"Alejandro Valgte At Studere I Ostrig\"}]},{\"@type\":\"WebSite\",\"@id\":\"https:\/\/www.sts-education.com\/dk\/#website\",\"url\":\"https:\/\/www.sts-education.com\/dk\/\",\"name\":\"STS Education\",\"description\":\"\",\"potentialAction\":[{\"@type\":\"SearchAction\",\"target\":{\"@type\":\"EntryPoint\",\"urlTemplate\":\"https:\/\/www.sts-education.com\/dk\/?s={search_term_string}\"},\"query-input\":{\"@type\":\"PropertyValueSpecification\",\"valueRequired\":true,\"valueName\":\"search_term_string\"}}],\"inLanguage\":\"da-DK\"},{\"@type\":\"Person\",\"@id\":\"https:\/\/www.sts-education.com\/dk\/#\/schema\/person\/8b82f3a2e45f020b8f296d7a85d9a97c\",\"name\":\"syncreadwrite\",\"image\":{\"@type\":\"ImageObject\",\"inLanguage\":\"da-DK\",\"@id\":\"https:\/\/secure.gravatar.com\/avatar\/6ed1007e4f6f43f22e3df41d9fce4365533cba47fef64bb359b8e629abbc2ea6?s=96&d=mm&r=g\",\"url\":\"https:\/\/secure.gravatar.com\/avatar\/6ed1007e4f6f43f22e3df41d9fce4365533cba47fef64bb359b8e629abbc2ea6?s=96&d=mm&r=g\",\"contentUrl\":\"https:\/\/secure.gravatar.com\/avatar\/6ed1007e4f6f43f22e3df41d9fce4365533cba47fef64bb359b8e629abbc2ea6?s=96&d=mm&r=g\",\"caption\":\"syncreadwrite\"},\"url\":\"https:\/\/www.sts-education.com\/dk\/author\/syncreadwrite\/\"}]}<\/script>\n<!-- \/ Yoast SEO Premium plugin. -->","yoast_head_json":{"title":"Alejandro valgte at studere i \u00d8strig","description":"Jeg besluttede at komme til \u00d8strig som udvekslingsstudent i et \u00e5r, fordi det virkede meget sjovt og sp\u00e6ndende. Nu har jeg v\u00e6ret i \u00d8strig i n\u00e6sten et \u00e5r.","robots":{"index":"index","follow":"follow","max-snippet":"max-snippet:-1","max-image-preview":"max-image-preview:large","max-video-preview":"max-video-preview:-1"},"canonical":"https:\/\/www.sts-education.com\/dk\/high-school\/beretninger-fra-eleverne\/elevhistorier\/alejandro-valgte-at-studere-i-ostrig\/","og_locale":"da_DK","og_type":"article","og_title":"Alejandro Valgte At Studere I Ostrig","og_description":"Jeg besluttede at komme til \u00d8strig som udvekslingsstudent i et \u00e5r, fordi det virkede meget sjovt og sp\u00e6ndende. Nu har jeg v\u00e6ret i \u00d8strig i n\u00e6sten et \u00e5r.","og_url":"https:\/\/www.sts-education.com\/dk\/high-school\/beretninger-fra-eleverne\/elevhistorier\/alejandro-valgte-at-studere-i-ostrig\/","og_site_name":"STS Education","article_published_time":"2024-08-05T13:00:00+00:00","article_modified_time":"2026-04-29T08:00:37+00:00","og_image":[{"width":150,"height":150,"url":"https:\/\/powered-by.qbank.se\/educatius\/sts\/\/7566e16caca64683927ae8657adbf956_1-1-thumb.webp","type":"image\/png"}],"author":"syncreadwrite","twitter_card":"summary_large_image","twitter_misc":{"Skrevet af":"syncreadwrite","Estimeret l\u00e6setid":"1 minut"},"schema":{"@context":"https:\/\/schema.org","@graph":[{"@type":"Article","@id":"https:\/\/www.sts-education.com\/dk\/high-school\/beretninger-fra-eleverne\/elevhistorier\/alejandro-valgte-at-studere-i-ostrig\/#article","isPartOf":{"@id":"https:\/\/www.sts-education.com\/dk\/high-school\/beretninger-fra-eleverne\/elevhistorier\/alejandro-valgte-at-studere-i-ostrig\/"},"author":{"name":"syncreadwrite","@id":"https:\/\/www.sts-education.com\/dk\/#\/schema\/person\/8b82f3a2e45f020b8f296d7a85d9a97c"},"headline":"Alejandro Valgte At Studere I Ostrig","datePublished":"2024-08-05T13:00:00+00:00","dateModified":"2026-04-29T08:00:37+00:00","mainEntityOfPage":{"@id":"https:\/\/www.sts-education.com\/dk\/high-school\/beretninger-fra-eleverne\/elevhistorier\/alejandro-valgte-at-studere-i-ostrig\/"},"wordCount":266,"commentCount":0,"image":{"@id":"https:\/\/www.sts-education.com\/dk\/high-school\/beretninger-fra-eleverne\/elevhistorier\/alejandro-valgte-at-studere-i-ostrig\/#primaryimage"},"thumbnailUrl":"https:\/\/powered-by.qbank.se\/educatius\/sts\/\/7566e16caca64683927ae8657adbf956_1-1-thumb.webp","keywords":["\u00d8strig"],"articleSection":["Uncategorized @da"],"inLanguage":"da-DK","potentialAction":[{"@type":"CommentAction","name":"Comment","target":["https:\/\/www.sts-education.com\/dk\/high-school\/beretninger-fra-eleverne\/elevhistorier\/alejandro-valgte-at-studere-i-ostrig\/#respond"]}]},{"@type":"WebPage","@id":"https:\/\/www.sts-education.com\/dk\/high-school\/beretninger-fra-eleverne\/elevhistorier\/alejandro-valgte-at-studere-i-ostrig\/","url":"https:\/\/www.sts-education.com\/dk\/high-school\/beretninger-fra-eleverne\/elevhistorier\/alejandro-valgte-at-studere-i-ostrig\/","name":"Alejandro valgte at studere i \u00d8strig","isPartOf":{"@id":"https:\/\/www.sts-education.com\/dk\/#website"},"primaryImageOfPage":{"@id":"https:\/\/www.sts-education.com\/dk\/high-school\/beretninger-fra-eleverne\/elevhistorier\/alejandro-valgte-at-studere-i-ostrig\/#primaryimage"},"image":{"@id":"https:\/\/www.sts-education.com\/dk\/high-school\/beretninger-fra-eleverne\/elevhistorier\/alejandro-valgte-at-studere-i-ostrig\/#primaryimage"},"thumbnailUrl":"https:\/\/powered-by.qbank.se\/educatius\/sts\/\/7566e16caca64683927ae8657adbf956_1-1-thumb.webp","datePublished":"2024-08-05T13:00:00+00:00","dateModified":"2026-04-29T08:00:37+00:00","author":{"@id":"https:\/\/www.sts-education.com\/dk\/#\/schema\/person\/8b82f3a2e45f020b8f296d7a85d9a97c"},"description":"Jeg besluttede at komme til \u00d8strig som udvekslingsstudent i et \u00e5r, fordi det virkede meget sjovt og sp\u00e6ndende. Nu har jeg v\u00e6ret i \u00d8strig i n\u00e6sten et \u00e5r.","breadcrumb":{"@id":"https:\/\/www.sts-education.com\/dk\/high-school\/beretninger-fra-eleverne\/elevhistorier\/alejandro-valgte-at-studere-i-ostrig\/#breadcrumb"},"inLanguage":"da-DK","potentialAction":[{"@type":"ReadAction","target":["https:\/\/www.sts-education.com\/dk\/high-school\/beretninger-fra-eleverne\/elevhistorier\/alejandro-valgte-at-studere-i-ostrig\/"]}]},{"@type":"ImageObject","inLanguage":"da-DK","@id":"https:\/\/www.sts-education.com\/dk\/high-school\/beretninger-fra-eleverne\/elevhistorier\/alejandro-valgte-at-studere-i-ostrig\/#primaryimage","url":"https:\/\/powered-by.qbank.se\/educatius\/sts\/\/7566e16caca64683927ae8657adbf956_1-1-thumb.webp","contentUrl":"https:\/\/powered-by.qbank.se\/educatius\/sts\/\/7566e16caca64683927ae8657adbf956_1-1-thumb.webp","width":150,"height":150},{"@type":"BreadcrumbList","@id":"https:\/\/www.sts-education.com\/dk\/high-school\/beretninger-fra-eleverne\/elevhistorier\/alejandro-valgte-at-studere-i-ostrig\/#breadcrumb","itemListElement":[{"@type":"ListItem","position":1,"name":"Home","item":"https:\/\/www.sts-education.com\/dk\/sample-page\/"},{"@type":"ListItem","position":2,"name":"Alejandro Valgte At Studere I Ostrig"}]},{"@type":"WebSite","@id":"https:\/\/www.sts-education.com\/dk\/#website","url":"https:\/\/www.sts-education.com\/dk\/","name":"STS Education","description":"","potentialAction":[{"@type":"SearchAction","target":{"@type":"EntryPoint","urlTemplate":"https:\/\/www.sts-education.com\/dk\/?s={search_term_string}"},"query-input":{"@type":"PropertyValueSpecification","valueRequired":true,"valueName":"search_term_string"}}],"inLanguage":"da-DK"},{"@type":"Person","@id":"https:\/\/www.sts-education.com\/dk\/#\/schema\/person\/8b82f3a2e45f020b8f296d7a85d9a97c","name":"syncreadwrite","image":{"@type":"ImageObject","inLanguage":"da-DK","@id":"https:\/\/secure.gravatar.com\/avatar\/6ed1007e4f6f43f22e3df41d9fce4365533cba47fef64bb359b8e629abbc2ea6?s=96&d=mm&r=g","url":"https:\/\/secure.gravatar.com\/avatar\/6ed1007e4f6f43f22e3df41d9fce4365533cba47fef64bb359b8e629abbc2ea6?s=96&d=mm&r=g","contentUrl":"https:\/\/secure.gravatar.com\/avatar\/6ed1007e4f6f43f22e3df41d9fce4365533cba47fef64bb359b8e629abbc2ea6?s=96&d=mm&r=g","caption":"syncreadwrite"},"url":"https:\/\/www.sts-education.com\/dk\/author\/syncreadwrite\/"}]}},"_links":{"self":[{"href":"https:\/\/www.sts-education.com\/dk\/wp-json\/wp\/v2\/posts\/11444","targetHints":{"allow":["GET"]}}],"collection":[{"href":"https:\/\/www.sts-education.com\/dk\/wp-json\/wp\/v2\/posts"}],"about":[{"href":"https:\/\/www.sts-education.com\/dk\/wp-json\/wp\/v2\/types\/post"}],"author":[{"embeddable":true,"href":"https:\/\/www.sts-education.com\/dk\/wp-json\/wp\/v2\/users\/20"}],"replies":[{"embeddable":true,"href":"https:\/\/www.sts-education.com\/dk\/wp-json\/wp\/v2\/comments?post=11444"}],"version-history":[{"count":6,"href":"https:\/\/www.sts-education.com\/dk\/wp-json\/wp\/v2\/posts\/11444\/revisions"}],"predecessor-version":[{"id":43562,"href":"https:\/\/www.sts-education.com\/dk\/wp-json\/wp\/v2\/posts\/11444\/revisions\/43562"}],"wp:featuredmedia":[{"embeddable":true,"href":"https:\/\/www.sts-education.com\/dk\/wp-json\/wp\/v2\/media\/12854"}],"wp:attachment":[{"href":"https:\/\/www.sts-education.com\/dk\/wp-json\/wp\/v2\/media?parent=11444"}],"wp:term":[{"taxonomy":"category","embeddable":true,"href":"https:\/\/www.sts-education.com\/dk\/wp-json\/wp\/v2\/categories?post=11444"},{"taxonomy":"post_tag","embeddable":true,"href":"https:\/\/www.sts-education.com\/dk\/wp-json\/wp\/v2\/tags?post=11444"},{"taxonomy":"wpw_post_folders","embeddable":true,"href":"https:\/\/www.sts-education.com\/dk\/wp-json\/wp\/v2\/wpw_post_folders?post=11444"}],"curies":[{"name":"wp","href":"https:\/\/api.w.org\/{rel}","templated":true}]}}