{"id":11445,"date":"2024-08-05T16:00:00","date_gmt":"2024-08-05T14:00:00","guid":{"rendered":"https:\/\/preprod.sts-education.com\/blog\/2026\/03\/05\/mauricio-studerede-pa-high-school-i-ostrig\/"},"modified":"2026-04-29T10:02:34","modified_gmt":"2026-04-29T08:02:34","slug":"mauricio-studerede-pa-high-school-i-ostrig","status":"publish","type":"post","link":"https:\/\/www.sts-education.com\/dk\/high-school\/beretninger-fra-eleverne\/elevhistorier\/mauricio-studerede-pa-high-school-i-ostrig\/","title":{"rendered":"Mauricio Studerede Pa High School I Ostrig"},"content":{"rendered":"\n<div class=\"wp-block-sts-text sts-text-editor has-max-width-md\"><div class=\"sts-text-editor__content\"><div class=\"sts-text-editor__content-inner\">\n<h1 style=\"text-align:center\">Mauricio studerede p\u00e5 high school i \u00d8strig<\/h1>\n<\/div><\/div><\/div>\n\n\n\n<figure class=\"wp-block-sts-image sts-block-image sts-block-image--count-1 has-max-width-lg\" data-count=\"1\"><div class=\"sts-block-image__grid\"><div class=\"sts-block-image__item\"><picture class=\"sts-responsive-image has-fit-cover has-pos-top is-skeleton\"><source media=\"(max-width: 834.98px)\" srcset=\"https:\/\/powered-by.qbank.se\/educatius\/sts\/86754fe3e63a20d8f832b9e46dd1519e_1-1-thumb.webp 150w, https:\/\/powered-by.qbank.se\/educatius\/sts\/86754fe3e63a20d8f832b9e46dd1519e_1-1-xsmall.webp 500w, https:\/\/powered-by.qbank.se\/educatius\/sts\/86754fe3e63a20d8f832b9e46dd1519e_1-1-small.webp 800w, https:\/\/powered-by.qbank.se\/educatius\/sts\/86754fe3e63a20d8f832b9e46dd1519e_1-1-medium.webp 1024w, https:\/\/powered-by.qbank.se\/educatius\/sts\/86754fe3e63a20d8f832b9e46dd1519e_1-1-large.webp 1536w\" sizes=\"(max-width: 768px) 100vw, (max-width: 1200px) 100vw, 1200px\" type=\"image\/webp\"\/><source media=\"(min-width: 835px)\" srcset=\"https:\/\/powered-by.qbank.se\/educatius\/sts\/86754fe3e63a20d8f832b9e46dd1519e_16-9-small.webp 800w, https:\/\/powered-by.qbank.se\/educatius\/sts\/86754fe3e63a20d8f832b9e46dd1519e_16-9-medium.webp 1024w, https:\/\/powered-by.qbank.se\/educatius\/sts\/86754fe3e63a20d8f832b9e46dd1519e_16-9-large.webp 1536w\" sizes=\"(max-width: 768px) 100vw, (max-width: 1200px) 100vw, 1200px\" type=\"image\/webp\"\/><img src=\"https:\/\/powered-by.qbank.se\/educatius\/sts\/86754fe3e63a20d8f832b9e46dd1519e_1-1-thumb.webp\" alt=\"Mauricio studerede p\u00e5 high school i \u00d8strig\" loading=\"lazy\" decoding=\"async\" fetchpriority=\"low\" style=\"object-position:top\"\/><\/picture><\/div><\/div><\/figure>\n\n\n\n<div class=\"wp-block-sts-text sts-text-editor has-max-width-md\"><div class=\"sts-text-editor__content\"><div class=\"sts-text-editor__content-inner\">\n<p><em>Mauricio fra Mexico tog p\u00e5 udveksling til \u00d8strig.<\/em><\/p>\n<\/div><\/div><\/div>\n\n\n\n<div class=\"wp-block-sts-text sts-text-editor has-max-width-md\"><div class=\"sts-text-editor__content\"><div class=\"sts-text-editor__content-inner\">\n<h2>Beslutningen at tage p\u00e5 udveksling med STS<\/h2>\n<p>I \u00e5r havde jeg den utrolige mulighed at tilbringe et \u00e5r p\u00e5 udveksling i \u00d8strig. Det var en uforglemmelig oplevelse, som varede et helt skole\u00e5r, fra september til juni. Jeg valgte at tage p\u00e5 udveksling, fordi jeg ville opleve noget anderledes, inden jeg afsluttede high school, noget, der ville give mig mulighed for at vokse b\u00e5de personligt og fagligt. Min bror p\u00e5virkede ogs\u00e5 min beslutning om udvekslings\u00e5ret, da han ogs\u00e5 var p\u00e5 et af dem.<\/p>\n<p>Jeg valgte \u00d8strig af flere grunde. Jeg har altid v\u00e6ret fascineret af kulturen, historien og selvf\u00f8lgelig de fantastiske alpelandskaber. Derudover ville jeg gerne l\u00e6re tysk og fordybe mig i en europ\u00e6isk kultur, der var anderledes end min egen.<\/p>\n<p>Jeg valgte STS, fordi de havde gode anbefalinger og en organiseret proces. Desuden var min bror p\u00e5 udveksling tre \u00e5r f\u00f8r mig. Jeg er meget tilfreds med dem; de gjorde hele processen smidig og stod til r\u00e5dighed for eventuelle sp\u00f8rgsm\u00e5l eller problemer, der opstod.<\/p>\n<p>Jeg fandt ogs\u00e5 skolen ret let takket v\u00e6re hj\u00e6lp fra STS, den udvekslingsorganisation, jeg rejste med. De tog sig af alt, lige fra ans\u00f8gning til at finde en v\u00e6rtsfamilie.<\/p>\n<h2>At finde nye hobbyer<\/h2>\n<p>I min fritid opdagede jeg, hvor meget jeg holder af at tr\u00e6ne og passe p\u00e5 min krop, og jeg dyrkede mange aktiviteter som l\u00f8b, klatring og vandring. Jeg l\u00e6rte at st\u00e5 p\u00e5 ski i Alperne, noget jeg aldrig havde gjort f\u00f8r. Jeg tog ogs\u00e5 surfingkurser og l\u00e6rte en masse om kulturen og maden.<\/p>\n<h2>At skabe nye venskaber<\/h2>\n<p>At f\u00e5 venner var en blanding af let og sv\u00e6rt. I starten var sprogbarrieren en udfordring, men med tiden og med en masse \u00f8velse blev mit tyske bedre, og jeg kunne kommunikere bedre. Mine klassekammerater var meget venlige og hjalp mig meget. Jeg m\u00f8dte ogs\u00e5 andre venner fra mit hjemland, som kom til at st\u00e5 mig s\u00e5 n\u00e6r, at det var sv\u00e6rt at sige farvel.<\/p>\n<h2>Kulturelle forskelle &#8211; \u00d8strig vs. Mexico<\/h2>\n<p>Forskellene mellem \u00d8strig og Mexico var betydelige. Livstempoet, maden, skikkene og selvf\u00f8lgelig sproget var meget forskelligt. Men det var netop disse forskelle, der gjorde oplevelsen s\u00e5 berigende.<\/p>\n<h2>Forventninger<\/h2>\n<p>Mit udvekslings\u00e5r var ikke helt, som jeg havde forventet; det var meget bedre. Der var udfordringer, som at tilpasse sig sproget og klimaet, men jeg overvandt dem med t\u00e5lmodighed og indsats. Jeg l\u00e6rte at v\u00e6re mere selvst\u00e6ndig og at tilpasse mig nye og ukendte situationer.<\/p>\n<h2>De positive aspekter ved at tage p\u00e5 udveksling<\/h2>\n<p>Det bedste ved udvekslingen var de venskaber, jeg fik, de nye f\u00e6rdigheder, jeg tilegnede mig, og de unikke oplevelser, jeg havde.<\/p>\n<p>Jeg kan absolut anbefale at tage p\u00e5 en high school-udveksling. At studere i udlandet \u00e5bner dit sind, udfordrer dig og giver dig mulighed for at vokse p\u00e5 m\u00e5der, du aldrig havde forestillet dig. Hvis nogen spurgte mig til r\u00e5ds, ville jeg sige, at de skulle forberede sig p\u00e5 udfordringer, men nyde hvert \u00f8jeblik. Jeg skulle m\u00e5ske have l\u00e6st mere tysk, f\u00f8r jeg tog af sted, men jeg er glad for, hvordan det hele endte.<\/p>\n<p>Jeg er sikker p\u00e5, at min udveksling vil p\u00e5virke min fremtid positivt. Jeg har f\u00e5et selvtillid, interkulturelle f\u00e6rdigheder og et tredje sprog, som helt sikkert vil gavne mig i mit professionelle og personlige liv.<\/p>\n<p>Kort sagt var mit udvekslings\u00e5r i \u00d8strig med STS en transformerende og st\u00e6rkt anbefalelsesv\u00e6rdig oplevelse. Hvis du har chancen, s\u00e5 t\u00f8v ikke og vov at opleve s\u00e5dan et eventyr!<\/p>\n<h2>Find ud af mere!<\/h2>\n<ul><li>L\u00e6s flere <a href=\"https:\/\/www.sts-education.com\/dk\/high-school\/beretninger-fra-eleverne\/elevhistorier\/?hashtag=%c3%98strig\">elevhistorier fra \u00d8strig<\/a><\/li>\n<li>L\u00e6s mere om <a href=\"https:\/\/www.sts-education.com\/dk\/high-school\/programlande\/europa\/ostrig\/\">high school-udveksling i \u00d8strig<\/a><\/li>\n<li>Se alle vores <a href=\"\/dk\/high-school\/tripfinder\/\">destinationer for high school-udveksling<\/a><\/li><\/ul>\n<\/div><\/div><\/div>\n","protected":false},"excerpt":{"rendered":"","protected":false},"author":20,"featured_media":12856,"comment_status":"open","ping_status":"open","sticky":false,"template":"","format":"standard","meta":{"_acf_changed":false,"_yoast_wpseo_title":"Mauricio studerede p\u00e5 high school i \u00d8strig","_yoast_wpseo_metadesc":"I \u00e5r havde jeg den utrolige mulighed at tilbringe et \u00e5r p\u00e5 udveksling i \u00d8strig. Det var en uforglemmelig oplevelse, som varede et helt skole\u00e5r, fra september til juni.","footnotes":""},"categories":[305],"tags":[879],"wpw_post_folders":[],"class_list":["post-11445","post","type-post","status-publish","format-standard","has-post-thumbnail","hentry","category-uncategorized-da","tag-strig"],"acf":[],"yoast_head":"<!-- This site is optimized with the Yoast SEO Premium plugin v27.2 (Yoast SEO v27.2) - https:\/\/yoast.com\/product\/yoast-seo-premium-wordpress\/ -->\n<title>Mauricio studerede p\u00e5 high school i \u00d8strig<\/title>\n<meta name=\"description\" content=\"I \u00e5r havde jeg den utrolige mulighed at tilbringe et \u00e5r p\u00e5 udveksling i \u00d8strig. Det var en uforglemmelig oplevelse, som varede et helt skole\u00e5r, fra september til juni.\" \/>\n<meta name=\"robots\" content=\"index, follow, max-snippet:-1, max-image-preview:large, max-video-preview:-1\" \/>\n<link rel=\"canonical\" href=\"https:\/\/www.sts-education.com\/dk\/high-school\/beretninger-fra-eleverne\/elevhistorier\/mauricio-studerede-pa-high-school-i-ostrig\/\" \/>\n<meta property=\"og:locale\" content=\"da_DK\" \/>\n<meta property=\"og:type\" content=\"article\" \/>\n<meta property=\"og:title\" content=\"Mauricio Studerede Pa High School I Ostrig\" \/>\n<meta property=\"og:description\" content=\"I \u00e5r havde jeg den utrolige mulighed at tilbringe et \u00e5r p\u00e5 udveksling i \u00d8strig. Det var en uforglemmelig oplevelse, som varede et helt skole\u00e5r, fra september til juni.\" \/>\n<meta property=\"og:url\" content=\"https:\/\/www.sts-education.com\/dk\/high-school\/beretninger-fra-eleverne\/elevhistorier\/mauricio-studerede-pa-high-school-i-ostrig\/\" \/>\n<meta property=\"og:site_name\" content=\"STS Education\" \/>\n<meta property=\"article:published_time\" content=\"2024-08-05T14:00:00+00:00\" \/>\n<meta property=\"article:modified_time\" content=\"2026-04-29T08:02:34+00:00\" \/>\n<meta property=\"og:image\" content=\"https:\/\/powered-by.qbank.se\/educatius\/sts\/\/86754fe3e63a20d8f832b9e46dd1519e_1-1-thumb.webp\" \/>\n\t<meta property=\"og:image:width\" content=\"150\" \/>\n\t<meta property=\"og:image:height\" content=\"150\" \/>\n\t<meta property=\"og:image:type\" content=\"image\/png\" \/>\n<meta name=\"author\" content=\"syncreadwrite\" \/>\n<meta name=\"twitter:card\" content=\"summary_large_image\" \/>\n<meta name=\"twitter:label1\" content=\"Skrevet af\" \/>\n\t<meta name=\"twitter:data1\" content=\"syncreadwrite\" \/>\n\t<meta name=\"twitter:label2\" content=\"Estimeret l\u00e6setid\" \/>\n\t<meta name=\"twitter:data2\" content=\"3 minutter\" \/>\n<script type=\"application\/ld+json\" class=\"yoast-schema-graph\">{\"@context\":\"https:\/\/schema.org\",\"@graph\":[{\"@type\":\"Article\",\"@id\":\"https:\/\/www.sts-education.com\/dk\/high-school\/beretninger-fra-eleverne\/elevhistorier\/mauricio-studerede-pa-high-school-i-ostrig\/#article\",\"isPartOf\":{\"@id\":\"https:\/\/www.sts-education.com\/dk\/high-school\/beretninger-fra-eleverne\/elevhistorier\/mauricio-studerede-pa-high-school-i-ostrig\/\"},\"author\":{\"name\":\"syncreadwrite\",\"@id\":\"https:\/\/www.sts-education.com\/dk\/#\/schema\/person\/8b82f3a2e45f020b8f296d7a85d9a97c\"},\"headline\":\"Mauricio Studerede Pa High School I Ostrig\",\"datePublished\":\"2024-08-05T14:00:00+00:00\",\"dateModified\":\"2026-04-29T08:02:34+00:00\",\"mainEntityOfPage\":{\"@id\":\"https:\/\/www.sts-education.com\/dk\/high-school\/beretninger-fra-eleverne\/elevhistorier\/mauricio-studerede-pa-high-school-i-ostrig\/\"},\"wordCount\":656,\"commentCount\":0,\"image\":{\"@id\":\"https:\/\/www.sts-education.com\/dk\/high-school\/beretninger-fra-eleverne\/elevhistorier\/mauricio-studerede-pa-high-school-i-ostrig\/#primaryimage\"},\"thumbnailUrl\":\"https:\/\/powered-by.qbank.se\/educatius\/sts\/\/86754fe3e63a20d8f832b9e46dd1519e_1-1-thumb.webp\",\"keywords\":[\"\u00d8strig\"],\"articleSection\":[\"Uncategorized @da\"],\"inLanguage\":\"da-DK\",\"potentialAction\":[{\"@type\":\"CommentAction\",\"name\":\"Comment\",\"target\":[\"https:\/\/www.sts-education.com\/dk\/high-school\/beretninger-fra-eleverne\/elevhistorier\/mauricio-studerede-pa-high-school-i-ostrig\/#respond\"]}]},{\"@type\":\"WebPage\",\"@id\":\"https:\/\/www.sts-education.com\/dk\/high-school\/beretninger-fra-eleverne\/elevhistorier\/mauricio-studerede-pa-high-school-i-ostrig\/\",\"url\":\"https:\/\/www.sts-education.com\/dk\/high-school\/beretninger-fra-eleverne\/elevhistorier\/mauricio-studerede-pa-high-school-i-ostrig\/\",\"name\":\"Mauricio studerede p\u00e5 high school i \u00d8strig\",\"isPartOf\":{\"@id\":\"https:\/\/www.sts-education.com\/dk\/#website\"},\"primaryImageOfPage\":{\"@id\":\"https:\/\/www.sts-education.com\/dk\/high-school\/beretninger-fra-eleverne\/elevhistorier\/mauricio-studerede-pa-high-school-i-ostrig\/#primaryimage\"},\"image\":{\"@id\":\"https:\/\/www.sts-education.com\/dk\/high-school\/beretninger-fra-eleverne\/elevhistorier\/mauricio-studerede-pa-high-school-i-ostrig\/#primaryimage\"},\"thumbnailUrl\":\"https:\/\/powered-by.qbank.se\/educatius\/sts\/\/86754fe3e63a20d8f832b9e46dd1519e_1-1-thumb.webp\",\"datePublished\":\"2024-08-05T14:00:00+00:00\",\"dateModified\":\"2026-04-29T08:02:34+00:00\",\"author\":{\"@id\":\"https:\/\/www.sts-education.com\/dk\/#\/schema\/person\/8b82f3a2e45f020b8f296d7a85d9a97c\"},\"description\":\"I \u00e5r havde jeg den utrolige mulighed at tilbringe et \u00e5r p\u00e5 udveksling i \u00d8strig. Det var en uforglemmelig oplevelse, som varede et helt skole\u00e5r, fra september til juni.\",\"breadcrumb\":{\"@id\":\"https:\/\/www.sts-education.com\/dk\/high-school\/beretninger-fra-eleverne\/elevhistorier\/mauricio-studerede-pa-high-school-i-ostrig\/#breadcrumb\"},\"inLanguage\":\"da-DK\",\"potentialAction\":[{\"@type\":\"ReadAction\",\"target\":[\"https:\/\/www.sts-education.com\/dk\/high-school\/beretninger-fra-eleverne\/elevhistorier\/mauricio-studerede-pa-high-school-i-ostrig\/\"]}]},{\"@type\":\"ImageObject\",\"inLanguage\":\"da-DK\",\"@id\":\"https:\/\/www.sts-education.com\/dk\/high-school\/beretninger-fra-eleverne\/elevhistorier\/mauricio-studerede-pa-high-school-i-ostrig\/#primaryimage\",\"url\":\"https:\/\/powered-by.qbank.se\/educatius\/sts\/\/86754fe3e63a20d8f832b9e46dd1519e_1-1-thumb.webp\",\"contentUrl\":\"https:\/\/powered-by.qbank.se\/educatius\/sts\/\/86754fe3e63a20d8f832b9e46dd1519e_1-1-thumb.webp\",\"width\":150,\"height\":150},{\"@type\":\"BreadcrumbList\",\"@id\":\"https:\/\/www.sts-education.com\/dk\/high-school\/beretninger-fra-eleverne\/elevhistorier\/mauricio-studerede-pa-high-school-i-ostrig\/#breadcrumb\",\"itemListElement\":[{\"@type\":\"ListItem\",\"position\":1,\"name\":\"Home\",\"item\":\"https:\/\/www.sts-education.com\/dk\/sample-page\/\"},{\"@type\":\"ListItem\",\"position\":2,\"name\":\"Mauricio Studerede Pa High School I Ostrig\"}]},{\"@type\":\"WebSite\",\"@id\":\"https:\/\/www.sts-education.com\/dk\/#website\",\"url\":\"https:\/\/www.sts-education.com\/dk\/\",\"name\":\"STS Education\",\"description\":\"\",\"potentialAction\":[{\"@type\":\"SearchAction\",\"target\":{\"@type\":\"EntryPoint\",\"urlTemplate\":\"https:\/\/www.sts-education.com\/dk\/?s={search_term_string}\"},\"query-input\":{\"@type\":\"PropertyValueSpecification\",\"valueRequired\":true,\"valueName\":\"search_term_string\"}}],\"inLanguage\":\"da-DK\"},{\"@type\":\"Person\",\"@id\":\"https:\/\/www.sts-education.com\/dk\/#\/schema\/person\/8b82f3a2e45f020b8f296d7a85d9a97c\",\"name\":\"syncreadwrite\",\"image\":{\"@type\":\"ImageObject\",\"inLanguage\":\"da-DK\",\"@id\":\"https:\/\/secure.gravatar.com\/avatar\/6ed1007e4f6f43f22e3df41d9fce4365533cba47fef64bb359b8e629abbc2ea6?s=96&d=mm&r=g\",\"url\":\"https:\/\/secure.gravatar.com\/avatar\/6ed1007e4f6f43f22e3df41d9fce4365533cba47fef64bb359b8e629abbc2ea6?s=96&d=mm&r=g\",\"contentUrl\":\"https:\/\/secure.gravatar.com\/avatar\/6ed1007e4f6f43f22e3df41d9fce4365533cba47fef64bb359b8e629abbc2ea6?s=96&d=mm&r=g\",\"caption\":\"syncreadwrite\"},\"url\":\"https:\/\/www.sts-education.com\/dk\/author\/syncreadwrite\/\"}]}<\/script>\n<!-- \/ Yoast SEO Premium plugin. -->","yoast_head_json":{"title":"Mauricio studerede p\u00e5 high school i \u00d8strig","description":"I \u00e5r havde jeg den utrolige mulighed at tilbringe et \u00e5r p\u00e5 udveksling i \u00d8strig. Det var en uforglemmelig oplevelse, som varede et helt skole\u00e5r, fra september til juni.","robots":{"index":"index","follow":"follow","max-snippet":"max-snippet:-1","max-image-preview":"max-image-preview:large","max-video-preview":"max-video-preview:-1"},"canonical":"https:\/\/www.sts-education.com\/dk\/high-school\/beretninger-fra-eleverne\/elevhistorier\/mauricio-studerede-pa-high-school-i-ostrig\/","og_locale":"da_DK","og_type":"article","og_title":"Mauricio Studerede Pa High School I Ostrig","og_description":"I \u00e5r havde jeg den utrolige mulighed at tilbringe et \u00e5r p\u00e5 udveksling i \u00d8strig. Det var en uforglemmelig oplevelse, som varede et helt skole\u00e5r, fra september til juni.","og_url":"https:\/\/www.sts-education.com\/dk\/high-school\/beretninger-fra-eleverne\/elevhistorier\/mauricio-studerede-pa-high-school-i-ostrig\/","og_site_name":"STS Education","article_published_time":"2024-08-05T14:00:00+00:00","article_modified_time":"2026-04-29T08:02:34+00:00","og_image":[{"width":150,"height":150,"url":"https:\/\/powered-by.qbank.se\/educatius\/sts\/\/86754fe3e63a20d8f832b9e46dd1519e_1-1-thumb.webp","type":"image\/png"}],"author":"syncreadwrite","twitter_card":"summary_large_image","twitter_misc":{"Skrevet af":"syncreadwrite","Estimeret l\u00e6setid":"3 minutter"},"schema":{"@context":"https:\/\/schema.org","@graph":[{"@type":"Article","@id":"https:\/\/www.sts-education.com\/dk\/high-school\/beretninger-fra-eleverne\/elevhistorier\/mauricio-studerede-pa-high-school-i-ostrig\/#article","isPartOf":{"@id":"https:\/\/www.sts-education.com\/dk\/high-school\/beretninger-fra-eleverne\/elevhistorier\/mauricio-studerede-pa-high-school-i-ostrig\/"},"author":{"name":"syncreadwrite","@id":"https:\/\/www.sts-education.com\/dk\/#\/schema\/person\/8b82f3a2e45f020b8f296d7a85d9a97c"},"headline":"Mauricio Studerede Pa High School I Ostrig","datePublished":"2024-08-05T14:00:00+00:00","dateModified":"2026-04-29T08:02:34+00:00","mainEntityOfPage":{"@id":"https:\/\/www.sts-education.com\/dk\/high-school\/beretninger-fra-eleverne\/elevhistorier\/mauricio-studerede-pa-high-school-i-ostrig\/"},"wordCount":656,"commentCount":0,"image":{"@id":"https:\/\/www.sts-education.com\/dk\/high-school\/beretninger-fra-eleverne\/elevhistorier\/mauricio-studerede-pa-high-school-i-ostrig\/#primaryimage"},"thumbnailUrl":"https:\/\/powered-by.qbank.se\/educatius\/sts\/\/86754fe3e63a20d8f832b9e46dd1519e_1-1-thumb.webp","keywords":["\u00d8strig"],"articleSection":["Uncategorized @da"],"inLanguage":"da-DK","potentialAction":[{"@type":"CommentAction","name":"Comment","target":["https:\/\/www.sts-education.com\/dk\/high-school\/beretninger-fra-eleverne\/elevhistorier\/mauricio-studerede-pa-high-school-i-ostrig\/#respond"]}]},{"@type":"WebPage","@id":"https:\/\/www.sts-education.com\/dk\/high-school\/beretninger-fra-eleverne\/elevhistorier\/mauricio-studerede-pa-high-school-i-ostrig\/","url":"https:\/\/www.sts-education.com\/dk\/high-school\/beretninger-fra-eleverne\/elevhistorier\/mauricio-studerede-pa-high-school-i-ostrig\/","name":"Mauricio studerede p\u00e5 high school i \u00d8strig","isPartOf":{"@id":"https:\/\/www.sts-education.com\/dk\/#website"},"primaryImageOfPage":{"@id":"https:\/\/www.sts-education.com\/dk\/high-school\/beretninger-fra-eleverne\/elevhistorier\/mauricio-studerede-pa-high-school-i-ostrig\/#primaryimage"},"image":{"@id":"https:\/\/www.sts-education.com\/dk\/high-school\/beretninger-fra-eleverne\/elevhistorier\/mauricio-studerede-pa-high-school-i-ostrig\/#primaryimage"},"thumbnailUrl":"https:\/\/powered-by.qbank.se\/educatius\/sts\/\/86754fe3e63a20d8f832b9e46dd1519e_1-1-thumb.webp","datePublished":"2024-08-05T14:00:00+00:00","dateModified":"2026-04-29T08:02:34+00:00","author":{"@id":"https:\/\/www.sts-education.com\/dk\/#\/schema\/person\/8b82f3a2e45f020b8f296d7a85d9a97c"},"description":"I \u00e5r havde jeg den utrolige mulighed at tilbringe et \u00e5r p\u00e5 udveksling i \u00d8strig. Det var en uforglemmelig oplevelse, som varede et helt skole\u00e5r, fra september til juni.","breadcrumb":{"@id":"https:\/\/www.sts-education.com\/dk\/high-school\/beretninger-fra-eleverne\/elevhistorier\/mauricio-studerede-pa-high-school-i-ostrig\/#breadcrumb"},"inLanguage":"da-DK","potentialAction":[{"@type":"ReadAction","target":["https:\/\/www.sts-education.com\/dk\/high-school\/beretninger-fra-eleverne\/elevhistorier\/mauricio-studerede-pa-high-school-i-ostrig\/"]}]},{"@type":"ImageObject","inLanguage":"da-DK","@id":"https:\/\/www.sts-education.com\/dk\/high-school\/beretninger-fra-eleverne\/elevhistorier\/mauricio-studerede-pa-high-school-i-ostrig\/#primaryimage","url":"https:\/\/powered-by.qbank.se\/educatius\/sts\/\/86754fe3e63a20d8f832b9e46dd1519e_1-1-thumb.webp","contentUrl":"https:\/\/powered-by.qbank.se\/educatius\/sts\/\/86754fe3e63a20d8f832b9e46dd1519e_1-1-thumb.webp","width":150,"height":150},{"@type":"BreadcrumbList","@id":"https:\/\/www.sts-education.com\/dk\/high-school\/beretninger-fra-eleverne\/elevhistorier\/mauricio-studerede-pa-high-school-i-ostrig\/#breadcrumb","itemListElement":[{"@type":"ListItem","position":1,"name":"Home","item":"https:\/\/www.sts-education.com\/dk\/sample-page\/"},{"@type":"ListItem","position":2,"name":"Mauricio Studerede Pa High School I Ostrig"}]},{"@type":"WebSite","@id":"https:\/\/www.sts-education.com\/dk\/#website","url":"https:\/\/www.sts-education.com\/dk\/","name":"STS Education","description":"","potentialAction":[{"@type":"SearchAction","target":{"@type":"EntryPoint","urlTemplate":"https:\/\/www.sts-education.com\/dk\/?s={search_term_string}"},"query-input":{"@type":"PropertyValueSpecification","valueRequired":true,"valueName":"search_term_string"}}],"inLanguage":"da-DK"},{"@type":"Person","@id":"https:\/\/www.sts-education.com\/dk\/#\/schema\/person\/8b82f3a2e45f020b8f296d7a85d9a97c","name":"syncreadwrite","image":{"@type":"ImageObject","inLanguage":"da-DK","@id":"https:\/\/secure.gravatar.com\/avatar\/6ed1007e4f6f43f22e3df41d9fce4365533cba47fef64bb359b8e629abbc2ea6?s=96&d=mm&r=g","url":"https:\/\/secure.gravatar.com\/avatar\/6ed1007e4f6f43f22e3df41d9fce4365533cba47fef64bb359b8e629abbc2ea6?s=96&d=mm&r=g","contentUrl":"https:\/\/secure.gravatar.com\/avatar\/6ed1007e4f6f43f22e3df41d9fce4365533cba47fef64bb359b8e629abbc2ea6?s=96&d=mm&r=g","caption":"syncreadwrite"},"url":"https:\/\/www.sts-education.com\/dk\/author\/syncreadwrite\/"}]}},"_links":{"self":[{"href":"https:\/\/www.sts-education.com\/dk\/wp-json\/wp\/v2\/posts\/11445","targetHints":{"allow":["GET"]}}],"collection":[{"href":"https:\/\/www.sts-education.com\/dk\/wp-json\/wp\/v2\/posts"}],"about":[{"href":"https:\/\/www.sts-education.com\/dk\/wp-json\/wp\/v2\/types\/post"}],"author":[{"embeddable":true,"href":"https:\/\/www.sts-education.com\/dk\/wp-json\/wp\/v2\/users\/20"}],"replies":[{"embeddable":true,"href":"https:\/\/www.sts-education.com\/dk\/wp-json\/wp\/v2\/comments?post=11445"}],"version-history":[{"count":6,"href":"https:\/\/www.sts-education.com\/dk\/wp-json\/wp\/v2\/posts\/11445\/revisions"}],"predecessor-version":[{"id":43574,"href":"https:\/\/www.sts-education.com\/dk\/wp-json\/wp\/v2\/posts\/11445\/revisions\/43574"}],"wp:featuredmedia":[{"embeddable":true,"href":"https:\/\/www.sts-education.com\/dk\/wp-json\/wp\/v2\/media\/12856"}],"wp:attachment":[{"href":"https:\/\/www.sts-education.com\/dk\/wp-json\/wp\/v2\/media?parent=11445"}],"wp:term":[{"taxonomy":"category","embeddable":true,"href":"https:\/\/www.sts-education.com\/dk\/wp-json\/wp\/v2\/categories?post=11445"},{"taxonomy":"post_tag","embeddable":true,"href":"https:\/\/www.sts-education.com\/dk\/wp-json\/wp\/v2\/tags?post=11445"},{"taxonomy":"wpw_post_folders","embeddable":true,"href":"https:\/\/www.sts-education.com\/dk\/wp-json\/wp\/v2\/wpw_post_folders?post=11445"}],"curies":[{"name":"wp","href":"https:\/\/api.w.org\/{rel}","templated":true}]}}