{"id":11448,"date":"2024-07-26T08:00:00","date_gmt":"2024-07-26T06:00:00","guid":{"rendered":"https:\/\/preprod.sts-education.com\/blog\/2026\/03\/05\/eline-tilbrakte-et-skolesemester-i-osterrike\/"},"modified":"2026-04-29T10:03:55","modified_gmt":"2026-04-29T08:03:55","slug":"eline-tilbrakte-et-skolesemester-i-osterrike","status":"publish","type":"post","link":"https:\/\/www.sts-education.com\/dk\/high-school\/beretninger-fra-eleverne\/elevhistorier\/eline-tilbrakte-et-skolesemester-i-osterrike\/","title":{"rendered":"Eline Tilbrakte Et Skolesemester I Osterrike"},"content":{"rendered":"\n<div class=\"wp-block-sts-text sts-text-editor has-max-width-md\"><div class=\"sts-text-editor__content\"><div class=\"sts-text-editor__content-inner\">\n<h1 style=\"text-align:center\">Eline tilbrakte et udvekslingshalv\u00e5r i \u00d8strig<\/h1>\n<\/div><\/div><\/div>\n\n\n\n<figure class=\"wp-block-sts-image sts-block-image sts-block-image--count-1 has-max-width-lg\" data-count=\"1\"><div class=\"sts-block-image__grid\"><div class=\"sts-block-image__item\"><picture class=\"sts-responsive-image has-fit-cover has-pos-top is-skeleton\"><source media=\"(max-width: 834.98px)\" srcset=\"https:\/\/powered-by.qbank.se\/educatius\/sts\/a52123d1a17710351a6a1c66dde6b8ee_1-1-thumb.webp 150w, https:\/\/powered-by.qbank.se\/educatius\/sts\/a52123d1a17710351a6a1c66dde6b8ee_1-1-xsmall.webp 500w, https:\/\/powered-by.qbank.se\/educatius\/sts\/a52123d1a17710351a6a1c66dde6b8ee_1-1-small.webp 800w, https:\/\/powered-by.qbank.se\/educatius\/sts\/a52123d1a17710351a6a1c66dde6b8ee_1-1-medium.webp 1024w, https:\/\/powered-by.qbank.se\/educatius\/sts\/a52123d1a17710351a6a1c66dde6b8ee_1-1-large.webp 1536w\" sizes=\"(max-width: 768px) 100vw, (max-width: 1200px) 100vw, 1200px\" type=\"image\/webp\"\/><source media=\"(min-width: 835px)\" srcset=\"https:\/\/powered-by.qbank.se\/educatius\/sts\/a52123d1a17710351a6a1c66dde6b8ee_16-9-small.webp 800w, https:\/\/powered-by.qbank.se\/educatius\/sts\/a52123d1a17710351a6a1c66dde6b8ee_16-9-medium.webp 1024w, https:\/\/powered-by.qbank.se\/educatius\/sts\/a52123d1a17710351a6a1c66dde6b8ee_16-9-large.webp 1536w\" sizes=\"(max-width: 768px) 100vw, (max-width: 1200px) 100vw, 1200px\" type=\"image\/webp\"\/><img src=\"https:\/\/powered-by.qbank.se\/educatius\/sts\/a52123d1a17710351a6a1c66dde6b8ee_1-1-thumb.webp\" alt=\"Eline tilbrakte et udvekslingshalv\u00e5r i \u00d8strig\" loading=\"lazy\" decoding=\"async\" fetchpriority=\"low\" style=\"object-position:top\"\/><\/picture><\/div><\/div><\/figure>\n\n\n\n<div class=\"wp-block-sts-text sts-text-editor has-max-width-md\"><div class=\"sts-text-editor__content\"><div class=\"sts-text-editor__content-inner\">\n<p><em>Eline fra Nederlandene tilbragte et udvekslingshalv\u00e5r i \u00d8strig.<\/em><\/p>\n<p>Jeg tilbragte mit udvekslingshalv\u00e5r i \u00d8strig. Jeg tog til \u00d8strig, fordi jeg gerne ville l\u00e6re tysk. Jeg begyndte at l\u00e6re tysk i skolen og kunne virkelig godt lide sproget, men jeg kunne ikke rigtig lide at l\u00e6se det i en bog. Jeg ville gerne l\u00e6re et sprog ved at bruge det, og det var pr\u00e6cis, hvad der skete i l\u00f8bet af mit efter\u00e5rsophold.<\/p>\n<\/div><\/div><\/div>\n\n\n\n<div class=\"wp-block-sts-text sts-text-editor has-max-width-md\"><div class=\"sts-text-editor__content\"><div class=\"sts-text-editor__content-inner\">\n<h2>At finde sig til rette i skolelivet<\/h2>\n<p>Jeg kunne virkelig godt lide at g\u00e5 i skole. Mine klassekammerater var meget im\u00f8dekommende og forst\u00e5ende og t\u00f8vede aldrig med at hj\u00e6lpe mig, n\u00e5r jeg havde brug for det. Mine l\u00e6rere var ogs\u00e5 s\u00f8de. Nogle gange var det sv\u00e6rt at g\u00e5 i skole, fordi det hele foregik p\u00e5 tysk, men det blev nemmere, da jeg blev bedre til tysk.<\/p>\n<h2>At bo hos en v\u00e6rtsfamilie<\/h2>\n<p>Jeg kunne virkelig godt lide mine v\u00e6rtsfor\u00e6ldre; de var s\u00f8de og hj\u00e6lpsomme. De talte med en smule accent, hvilket er normalt i \u00d8strig. Det var til tider udfordrende, men gjorde det ogs\u00e5 sjovere, fordi nogle ord er anderledes p\u00e5 \u00f8strigsk tysk.<\/p>\n<h2>Kulturelle forskelle<\/h2>\n<p>Jeg havde nogle kulturelle chok, men de var mindre, fordi jeg havde v\u00e6ret i \u00d8strig flere gange f\u00f8r, og det er lidt ligesom Holland. Men noget, jeg skulle v\u00e6nne mig til, var manglen p\u00e5 cykling.<\/p>\n<h2>\u00c5rets bedste minder<\/h2>\n<p>Et af mine bedste minder er, da jeg gik i biografen med mine venner. Vi var de eneste, der var der, og vi kunne bare joke og tale om filmen uden at genere nogen. Det var en tysk film, og det var ogs\u00e5 rart at kunne sp\u00f8rge mine venner, n\u00e5r jeg ikke forstod noget.<\/p>\n<p>Jeg tog ret ofte til Wien. Jeg tog med STS, min v\u00e6rtsmor og venner, jeg havde f\u00e5et gennem STS. Jeg bes\u00f8gte ogs\u00e5 julemarkeder og stod p\u00e5 sk\u00f8jter p\u00e5 Rathausplatz, hvilket var sjovt. Mit r\u00e5d er: Glem ikke at tage p\u00e5 julemarked!<\/p>\n<h2>R\u00e5d til fremtidige udvekslingsstuderende<\/h2>\n<p>Hvis du overvejer, om du skal tage p\u00e5 udveksling, s\u00e5 g\u00f8r det! Det var noget af det bedste, jeg nogensinde har gjort. Det er en livs\u00e6ndrende oplevelse, som vil \u00e6ndre din fremtid. Du l\u00e6rer s\u00e5 meget! Og det bedste af det hele er, at du l\u00e6rer et andet sprog p\u00e5 en supersjov m\u00e5de.<\/p>\n<h2>Find ud af mere!<\/h2>\n<ul><li>L\u00e6s flere <a href=\"https:\/\/www.sts-education.com\/dk\/high-school\/beretninger-fra-eleverne\/elevhistorier\/?hashtag=%c3%98strig\">elevhistorier fra \u00d8strig<\/a><\/li>\n<li>L\u00e6s mere om <a href=\"https:\/\/www.sts-education.com\/dk\/high-school\/programlande\/europa\/ostrig\/\">high school-udveksling i \u00d8strig<\/a><\/li>\n<li>Se alle vores <a href=\"\/dk\/high-school\/tripfinder\/\">destinationer for high school-udveksling<\/a><\/li><\/ul>\n<\/div><\/div><\/div>\n","protected":false},"excerpt":{"rendered":"","protected":false},"author":20,"featured_media":12862,"comment_status":"open","ping_status":"open","sticky":false,"template":"","format":"standard","meta":{"_acf_changed":false,"_yoast_wpseo_title":"Eline tilbrakte et udvekslingshalv\u00e5r i \u00d8strig","_yoast_wpseo_metadesc":"Jeg tog til \u00d8strig, fordi jeg gerne ville l\u00e6re tysk. Jeg ville gerne l\u00e6re et sprog ved at bruge det, og det var pr\u00e6cis, hvad der skete i l\u00f8bet af mit efter\u00e5rsophold.","footnotes":""},"categories":[305],"tags":[879],"wpw_post_folders":[],"class_list":["post-11448","post","type-post","status-publish","format-standard","has-post-thumbnail","hentry","category-uncategorized-da","tag-strig"],"acf":[],"yoast_head":"<!-- This site is optimized with the Yoast SEO Premium plugin v27.2 (Yoast SEO v27.2) - https:\/\/yoast.com\/product\/yoast-seo-premium-wordpress\/ -->\n<title>Eline tilbrakte et udvekslingshalv\u00e5r i \u00d8strig<\/title>\n<meta name=\"description\" content=\"Jeg tog til \u00d8strig, fordi jeg gerne ville l\u00e6re tysk. Jeg ville gerne l\u00e6re et sprog ved at bruge det, og det var pr\u00e6cis, hvad der skete i l\u00f8bet af mit efter\u00e5rsophold.\" \/>\n<meta name=\"robots\" content=\"index, follow, max-snippet:-1, max-image-preview:large, max-video-preview:-1\" \/>\n<link rel=\"canonical\" href=\"https:\/\/www.sts-education.com\/dk\/high-school\/beretninger-fra-eleverne\/elevhistorier\/eline-tilbrakte-et-skolesemester-i-osterrike\/\" \/>\n<meta property=\"og:locale\" content=\"da_DK\" \/>\n<meta property=\"og:type\" content=\"article\" \/>\n<meta property=\"og:title\" content=\"Eline Tilbrakte Et Skolesemester I Osterrike\" \/>\n<meta property=\"og:description\" content=\"Jeg tog til \u00d8strig, fordi jeg gerne ville l\u00e6re tysk. Jeg ville gerne l\u00e6re et sprog ved at bruge det, og det var pr\u00e6cis, hvad der skete i l\u00f8bet af mit efter\u00e5rsophold.\" \/>\n<meta property=\"og:url\" content=\"https:\/\/www.sts-education.com\/dk\/high-school\/beretninger-fra-eleverne\/elevhistorier\/eline-tilbrakte-et-skolesemester-i-osterrike\/\" \/>\n<meta property=\"og:site_name\" content=\"STS Education\" \/>\n<meta property=\"article:published_time\" content=\"2024-07-26T06:00:00+00:00\" \/>\n<meta property=\"article:modified_time\" content=\"2026-04-29T08:03:55+00:00\" \/>\n<meta property=\"og:image\" content=\"https:\/\/powered-by.qbank.se\/educatius\/sts\/\/a52123d1a17710351a6a1c66dde6b8ee_1-1-thumb.webp\" \/>\n\t<meta property=\"og:image:width\" content=\"150\" \/>\n\t<meta property=\"og:image:height\" content=\"150\" \/>\n\t<meta property=\"og:image:type\" content=\"image\/png\" \/>\n<meta name=\"author\" content=\"syncreadwrite\" \/>\n<meta name=\"twitter:card\" content=\"summary_large_image\" \/>\n<meta name=\"twitter:label1\" content=\"Skrevet af\" \/>\n\t<meta name=\"twitter:data1\" content=\"syncreadwrite\" \/>\n\t<meta name=\"twitter:label2\" content=\"Estimeret l\u00e6setid\" \/>\n\t<meta name=\"twitter:data2\" content=\"2 minutter\" \/>\n<script type=\"application\/ld+json\" class=\"yoast-schema-graph\">{\"@context\":\"https:\/\/schema.org\",\"@graph\":[{\"@type\":\"Article\",\"@id\":\"https:\/\/www.sts-education.com\/dk\/high-school\/beretninger-fra-eleverne\/elevhistorier\/eline-tilbrakte-et-skolesemester-i-osterrike\/#article\",\"isPartOf\":{\"@id\":\"https:\/\/www.sts-education.com\/dk\/high-school\/beretninger-fra-eleverne\/elevhistorier\/eline-tilbrakte-et-skolesemester-i-osterrike\/\"},\"author\":{\"name\":\"syncreadwrite\",\"@id\":\"https:\/\/www.sts-education.com\/dk\/#\/schema\/person\/8b82f3a2e45f020b8f296d7a85d9a97c\"},\"headline\":\"Eline Tilbrakte Et Skolesemester I Osterrike\",\"datePublished\":\"2024-07-26T06:00:00+00:00\",\"dateModified\":\"2026-04-29T08:03:55+00:00\",\"mainEntityOfPage\":{\"@id\":\"https:\/\/www.sts-education.com\/dk\/high-school\/beretninger-fra-eleverne\/elevhistorier\/eline-tilbrakte-et-skolesemester-i-osterrike\/\"},\"wordCount\":451,\"commentCount\":0,\"image\":{\"@id\":\"https:\/\/www.sts-education.com\/dk\/high-school\/beretninger-fra-eleverne\/elevhistorier\/eline-tilbrakte-et-skolesemester-i-osterrike\/#primaryimage\"},\"thumbnailUrl\":\"https:\/\/powered-by.qbank.se\/educatius\/sts\/\/a52123d1a17710351a6a1c66dde6b8ee_1-1-thumb.webp\",\"keywords\":[\"\u00d8strig\"],\"articleSection\":[\"Uncategorized @da\"],\"inLanguage\":\"da-DK\",\"potentialAction\":[{\"@type\":\"CommentAction\",\"name\":\"Comment\",\"target\":[\"https:\/\/www.sts-education.com\/dk\/high-school\/beretninger-fra-eleverne\/elevhistorier\/eline-tilbrakte-et-skolesemester-i-osterrike\/#respond\"]}]},{\"@type\":\"WebPage\",\"@id\":\"https:\/\/www.sts-education.com\/dk\/high-school\/beretninger-fra-eleverne\/elevhistorier\/eline-tilbrakte-et-skolesemester-i-osterrike\/\",\"url\":\"https:\/\/www.sts-education.com\/dk\/high-school\/beretninger-fra-eleverne\/elevhistorier\/eline-tilbrakte-et-skolesemester-i-osterrike\/\",\"name\":\"Eline tilbrakte et udvekslingshalv\u00e5r i \u00d8strig\",\"isPartOf\":{\"@id\":\"https:\/\/www.sts-education.com\/dk\/#website\"},\"primaryImageOfPage\":{\"@id\":\"https:\/\/www.sts-education.com\/dk\/high-school\/beretninger-fra-eleverne\/elevhistorier\/eline-tilbrakte-et-skolesemester-i-osterrike\/#primaryimage\"},\"image\":{\"@id\":\"https:\/\/www.sts-education.com\/dk\/high-school\/beretninger-fra-eleverne\/elevhistorier\/eline-tilbrakte-et-skolesemester-i-osterrike\/#primaryimage\"},\"thumbnailUrl\":\"https:\/\/powered-by.qbank.se\/educatius\/sts\/\/a52123d1a17710351a6a1c66dde6b8ee_1-1-thumb.webp\",\"datePublished\":\"2024-07-26T06:00:00+00:00\",\"dateModified\":\"2026-04-29T08:03:55+00:00\",\"author\":{\"@id\":\"https:\/\/www.sts-education.com\/dk\/#\/schema\/person\/8b82f3a2e45f020b8f296d7a85d9a97c\"},\"description\":\"Jeg tog til \u00d8strig, fordi jeg gerne ville l\u00e6re tysk. Jeg ville gerne l\u00e6re et sprog ved at bruge det, og det var pr\u00e6cis, hvad der skete i l\u00f8bet af mit efter\u00e5rsophold.\",\"breadcrumb\":{\"@id\":\"https:\/\/www.sts-education.com\/dk\/high-school\/beretninger-fra-eleverne\/elevhistorier\/eline-tilbrakte-et-skolesemester-i-osterrike\/#breadcrumb\"},\"inLanguage\":\"da-DK\",\"potentialAction\":[{\"@type\":\"ReadAction\",\"target\":[\"https:\/\/www.sts-education.com\/dk\/high-school\/beretninger-fra-eleverne\/elevhistorier\/eline-tilbrakte-et-skolesemester-i-osterrike\/\"]}]},{\"@type\":\"ImageObject\",\"inLanguage\":\"da-DK\",\"@id\":\"https:\/\/www.sts-education.com\/dk\/high-school\/beretninger-fra-eleverne\/elevhistorier\/eline-tilbrakte-et-skolesemester-i-osterrike\/#primaryimage\",\"url\":\"https:\/\/powered-by.qbank.se\/educatius\/sts\/\/a52123d1a17710351a6a1c66dde6b8ee_1-1-thumb.webp\",\"contentUrl\":\"https:\/\/powered-by.qbank.se\/educatius\/sts\/\/a52123d1a17710351a6a1c66dde6b8ee_1-1-thumb.webp\",\"width\":150,\"height\":150},{\"@type\":\"BreadcrumbList\",\"@id\":\"https:\/\/www.sts-education.com\/dk\/high-school\/beretninger-fra-eleverne\/elevhistorier\/eline-tilbrakte-et-skolesemester-i-osterrike\/#breadcrumb\",\"itemListElement\":[{\"@type\":\"ListItem\",\"position\":1,\"name\":\"Home\",\"item\":\"https:\/\/www.sts-education.com\/dk\/sample-page\/\"},{\"@type\":\"ListItem\",\"position\":2,\"name\":\"Eline Tilbrakte Et Skolesemester I Osterrike\"}]},{\"@type\":\"WebSite\",\"@id\":\"https:\/\/www.sts-education.com\/dk\/#website\",\"url\":\"https:\/\/www.sts-education.com\/dk\/\",\"name\":\"STS Education\",\"description\":\"\",\"potentialAction\":[{\"@type\":\"SearchAction\",\"target\":{\"@type\":\"EntryPoint\",\"urlTemplate\":\"https:\/\/www.sts-education.com\/dk\/?s={search_term_string}\"},\"query-input\":{\"@type\":\"PropertyValueSpecification\",\"valueRequired\":true,\"valueName\":\"search_term_string\"}}],\"inLanguage\":\"da-DK\"},{\"@type\":\"Person\",\"@id\":\"https:\/\/www.sts-education.com\/dk\/#\/schema\/person\/8b82f3a2e45f020b8f296d7a85d9a97c\",\"name\":\"syncreadwrite\",\"image\":{\"@type\":\"ImageObject\",\"inLanguage\":\"da-DK\",\"@id\":\"https:\/\/secure.gravatar.com\/avatar\/6ed1007e4f6f43f22e3df41d9fce4365533cba47fef64bb359b8e629abbc2ea6?s=96&d=mm&r=g\",\"url\":\"https:\/\/secure.gravatar.com\/avatar\/6ed1007e4f6f43f22e3df41d9fce4365533cba47fef64bb359b8e629abbc2ea6?s=96&d=mm&r=g\",\"contentUrl\":\"https:\/\/secure.gravatar.com\/avatar\/6ed1007e4f6f43f22e3df41d9fce4365533cba47fef64bb359b8e629abbc2ea6?s=96&d=mm&r=g\",\"caption\":\"syncreadwrite\"},\"url\":\"https:\/\/www.sts-education.com\/dk\/author\/syncreadwrite\/\"}]}<\/script>\n<!-- \/ Yoast SEO Premium plugin. -->","yoast_head_json":{"title":"Eline tilbrakte et udvekslingshalv\u00e5r i \u00d8strig","description":"Jeg tog til \u00d8strig, fordi jeg gerne ville l\u00e6re tysk. Jeg ville gerne l\u00e6re et sprog ved at bruge det, og det var pr\u00e6cis, hvad der skete i l\u00f8bet af mit efter\u00e5rsophold.","robots":{"index":"index","follow":"follow","max-snippet":"max-snippet:-1","max-image-preview":"max-image-preview:large","max-video-preview":"max-video-preview:-1"},"canonical":"https:\/\/www.sts-education.com\/dk\/high-school\/beretninger-fra-eleverne\/elevhistorier\/eline-tilbrakte-et-skolesemester-i-osterrike\/","og_locale":"da_DK","og_type":"article","og_title":"Eline Tilbrakte Et Skolesemester I Osterrike","og_description":"Jeg tog til \u00d8strig, fordi jeg gerne ville l\u00e6re tysk. Jeg ville gerne l\u00e6re et sprog ved at bruge det, og det var pr\u00e6cis, hvad der skete i l\u00f8bet af mit efter\u00e5rsophold.","og_url":"https:\/\/www.sts-education.com\/dk\/high-school\/beretninger-fra-eleverne\/elevhistorier\/eline-tilbrakte-et-skolesemester-i-osterrike\/","og_site_name":"STS Education","article_published_time":"2024-07-26T06:00:00+00:00","article_modified_time":"2026-04-29T08:03:55+00:00","og_image":[{"width":150,"height":150,"url":"https:\/\/powered-by.qbank.se\/educatius\/sts\/\/a52123d1a17710351a6a1c66dde6b8ee_1-1-thumb.webp","type":"image\/png"}],"author":"syncreadwrite","twitter_card":"summary_large_image","twitter_misc":{"Skrevet af":"syncreadwrite","Estimeret l\u00e6setid":"2 minutter"},"schema":{"@context":"https:\/\/schema.org","@graph":[{"@type":"Article","@id":"https:\/\/www.sts-education.com\/dk\/high-school\/beretninger-fra-eleverne\/elevhistorier\/eline-tilbrakte-et-skolesemester-i-osterrike\/#article","isPartOf":{"@id":"https:\/\/www.sts-education.com\/dk\/high-school\/beretninger-fra-eleverne\/elevhistorier\/eline-tilbrakte-et-skolesemester-i-osterrike\/"},"author":{"name":"syncreadwrite","@id":"https:\/\/www.sts-education.com\/dk\/#\/schema\/person\/8b82f3a2e45f020b8f296d7a85d9a97c"},"headline":"Eline Tilbrakte Et Skolesemester I Osterrike","datePublished":"2024-07-26T06:00:00+00:00","dateModified":"2026-04-29T08:03:55+00:00","mainEntityOfPage":{"@id":"https:\/\/www.sts-education.com\/dk\/high-school\/beretninger-fra-eleverne\/elevhistorier\/eline-tilbrakte-et-skolesemester-i-osterrike\/"},"wordCount":451,"commentCount":0,"image":{"@id":"https:\/\/www.sts-education.com\/dk\/high-school\/beretninger-fra-eleverne\/elevhistorier\/eline-tilbrakte-et-skolesemester-i-osterrike\/#primaryimage"},"thumbnailUrl":"https:\/\/powered-by.qbank.se\/educatius\/sts\/\/a52123d1a17710351a6a1c66dde6b8ee_1-1-thumb.webp","keywords":["\u00d8strig"],"articleSection":["Uncategorized @da"],"inLanguage":"da-DK","potentialAction":[{"@type":"CommentAction","name":"Comment","target":["https:\/\/www.sts-education.com\/dk\/high-school\/beretninger-fra-eleverne\/elevhistorier\/eline-tilbrakte-et-skolesemester-i-osterrike\/#respond"]}]},{"@type":"WebPage","@id":"https:\/\/www.sts-education.com\/dk\/high-school\/beretninger-fra-eleverne\/elevhistorier\/eline-tilbrakte-et-skolesemester-i-osterrike\/","url":"https:\/\/www.sts-education.com\/dk\/high-school\/beretninger-fra-eleverne\/elevhistorier\/eline-tilbrakte-et-skolesemester-i-osterrike\/","name":"Eline tilbrakte et udvekslingshalv\u00e5r i \u00d8strig","isPartOf":{"@id":"https:\/\/www.sts-education.com\/dk\/#website"},"primaryImageOfPage":{"@id":"https:\/\/www.sts-education.com\/dk\/high-school\/beretninger-fra-eleverne\/elevhistorier\/eline-tilbrakte-et-skolesemester-i-osterrike\/#primaryimage"},"image":{"@id":"https:\/\/www.sts-education.com\/dk\/high-school\/beretninger-fra-eleverne\/elevhistorier\/eline-tilbrakte-et-skolesemester-i-osterrike\/#primaryimage"},"thumbnailUrl":"https:\/\/powered-by.qbank.se\/educatius\/sts\/\/a52123d1a17710351a6a1c66dde6b8ee_1-1-thumb.webp","datePublished":"2024-07-26T06:00:00+00:00","dateModified":"2026-04-29T08:03:55+00:00","author":{"@id":"https:\/\/www.sts-education.com\/dk\/#\/schema\/person\/8b82f3a2e45f020b8f296d7a85d9a97c"},"description":"Jeg tog til \u00d8strig, fordi jeg gerne ville l\u00e6re tysk. Jeg ville gerne l\u00e6re et sprog ved at bruge det, og det var pr\u00e6cis, hvad der skete i l\u00f8bet af mit efter\u00e5rsophold.","breadcrumb":{"@id":"https:\/\/www.sts-education.com\/dk\/high-school\/beretninger-fra-eleverne\/elevhistorier\/eline-tilbrakte-et-skolesemester-i-osterrike\/#breadcrumb"},"inLanguage":"da-DK","potentialAction":[{"@type":"ReadAction","target":["https:\/\/www.sts-education.com\/dk\/high-school\/beretninger-fra-eleverne\/elevhistorier\/eline-tilbrakte-et-skolesemester-i-osterrike\/"]}]},{"@type":"ImageObject","inLanguage":"da-DK","@id":"https:\/\/www.sts-education.com\/dk\/high-school\/beretninger-fra-eleverne\/elevhistorier\/eline-tilbrakte-et-skolesemester-i-osterrike\/#primaryimage","url":"https:\/\/powered-by.qbank.se\/educatius\/sts\/\/a52123d1a17710351a6a1c66dde6b8ee_1-1-thumb.webp","contentUrl":"https:\/\/powered-by.qbank.se\/educatius\/sts\/\/a52123d1a17710351a6a1c66dde6b8ee_1-1-thumb.webp","width":150,"height":150},{"@type":"BreadcrumbList","@id":"https:\/\/www.sts-education.com\/dk\/high-school\/beretninger-fra-eleverne\/elevhistorier\/eline-tilbrakte-et-skolesemester-i-osterrike\/#breadcrumb","itemListElement":[{"@type":"ListItem","position":1,"name":"Home","item":"https:\/\/www.sts-education.com\/dk\/sample-page\/"},{"@type":"ListItem","position":2,"name":"Eline Tilbrakte Et Skolesemester I Osterrike"}]},{"@type":"WebSite","@id":"https:\/\/www.sts-education.com\/dk\/#website","url":"https:\/\/www.sts-education.com\/dk\/","name":"STS Education","description":"","potentialAction":[{"@type":"SearchAction","target":{"@type":"EntryPoint","urlTemplate":"https:\/\/www.sts-education.com\/dk\/?s={search_term_string}"},"query-input":{"@type":"PropertyValueSpecification","valueRequired":true,"valueName":"search_term_string"}}],"inLanguage":"da-DK"},{"@type":"Person","@id":"https:\/\/www.sts-education.com\/dk\/#\/schema\/person\/8b82f3a2e45f020b8f296d7a85d9a97c","name":"syncreadwrite","image":{"@type":"ImageObject","inLanguage":"da-DK","@id":"https:\/\/secure.gravatar.com\/avatar\/6ed1007e4f6f43f22e3df41d9fce4365533cba47fef64bb359b8e629abbc2ea6?s=96&d=mm&r=g","url":"https:\/\/secure.gravatar.com\/avatar\/6ed1007e4f6f43f22e3df41d9fce4365533cba47fef64bb359b8e629abbc2ea6?s=96&d=mm&r=g","contentUrl":"https:\/\/secure.gravatar.com\/avatar\/6ed1007e4f6f43f22e3df41d9fce4365533cba47fef64bb359b8e629abbc2ea6?s=96&d=mm&r=g","caption":"syncreadwrite"},"url":"https:\/\/www.sts-education.com\/dk\/author\/syncreadwrite\/"}]}},"_links":{"self":[{"href":"https:\/\/www.sts-education.com\/dk\/wp-json\/wp\/v2\/posts\/11448","targetHints":{"allow":["GET"]}}],"collection":[{"href":"https:\/\/www.sts-education.com\/dk\/wp-json\/wp\/v2\/posts"}],"about":[{"href":"https:\/\/www.sts-education.com\/dk\/wp-json\/wp\/v2\/types\/post"}],"author":[{"embeddable":true,"href":"https:\/\/www.sts-education.com\/dk\/wp-json\/wp\/v2\/users\/20"}],"replies":[{"embeddable":true,"href":"https:\/\/www.sts-education.com\/dk\/wp-json\/wp\/v2\/comments?post=11448"}],"version-history":[{"count":6,"href":"https:\/\/www.sts-education.com\/dk\/wp-json\/wp\/v2\/posts\/11448\/revisions"}],"predecessor-version":[{"id":43610,"href":"https:\/\/www.sts-education.com\/dk\/wp-json\/wp\/v2\/posts\/11448\/revisions\/43610"}],"wp:featuredmedia":[{"embeddable":true,"href":"https:\/\/www.sts-education.com\/dk\/wp-json\/wp\/v2\/media\/12862"}],"wp:attachment":[{"href":"https:\/\/www.sts-education.com\/dk\/wp-json\/wp\/v2\/media?parent=11448"}],"wp:term":[{"taxonomy":"category","embeddable":true,"href":"https:\/\/www.sts-education.com\/dk\/wp-json\/wp\/v2\/categories?post=11448"},{"taxonomy":"post_tag","embeddable":true,"href":"https:\/\/www.sts-education.com\/dk\/wp-json\/wp\/v2\/tags?post=11448"},{"taxonomy":"wpw_post_folders","embeddable":true,"href":"https:\/\/www.sts-education.com\/dk\/wp-json\/wp\/v2\/wpw_post_folders?post=11448"}],"curies":[{"name":"wp","href":"https:\/\/api.w.org\/{rel}","templated":true}]}}