{"id":11449,"date":"2024-07-26T08:00:00","date_gmt":"2024-07-26T06:00:00","guid":{"rendered":"https:\/\/preprod.sts-education.com\/blog\/2026\/03\/05\/jaqueline-var-pa-udvekslingsar-i-ostrig\/"},"modified":"2026-04-29T10:05:52","modified_gmt":"2026-04-29T08:05:52","slug":"jaqueline-var-pa-udvekslingsar-i-ostrig","status":"publish","type":"post","link":"https:\/\/www.sts-education.com\/dk\/high-school\/beretninger-fra-eleverne\/elevhistorier\/jaqueline-var-pa-udvekslingsar-i-ostrig\/","title":{"rendered":"Jaqueline Var Pa Udvekslingsar I Ostrig"},"content":{"rendered":"\n<div class=\"wp-block-sts-text sts-text-editor has-max-width-md\"><div class=\"sts-text-editor__content\"><div class=\"sts-text-editor__content-inner\">\n<h1 style=\"text-align:center\">Jaqueline var p\u00e5 udvekslings\u00e5r i \u00d8strig<\/h1>\n<\/div><\/div><\/div>\n\n\n\n<figure class=\"wp-block-sts-image sts-block-image sts-block-image--count-1 has-max-width-lg\" data-count=\"1\"><div class=\"sts-block-image__grid\"><div class=\"sts-block-image__item\"><picture class=\"sts-responsive-image has-fit-cover has-pos-top is-skeleton\"><source media=\"(max-width: 834.98px)\" srcset=\"https:\/\/powered-by.qbank.se\/educatius\/sts\/fe085328875680ff4f8791c4b2e8b45b_1-1-thumb.webp 150w, https:\/\/powered-by.qbank.se\/educatius\/sts\/fe085328875680ff4f8791c4b2e8b45b_1-1-xsmall.webp 500w, https:\/\/powered-by.qbank.se\/educatius\/sts\/fe085328875680ff4f8791c4b2e8b45b_1-1-small.webp 800w, https:\/\/powered-by.qbank.se\/educatius\/sts\/fe085328875680ff4f8791c4b2e8b45b_1-1-medium.webp 1024w, https:\/\/powered-by.qbank.se\/educatius\/sts\/fe085328875680ff4f8791c4b2e8b45b_1-1-large.webp 1536w\" sizes=\"(max-width: 768px) 100vw, (max-width: 1200px) 100vw, 1200px\" type=\"image\/webp\"\/><source media=\"(min-width: 835px)\" srcset=\"https:\/\/powered-by.qbank.se\/educatius\/sts\/fe085328875680ff4f8791c4b2e8b45b_16-9-small.webp 800w, https:\/\/powered-by.qbank.se\/educatius\/sts\/fe085328875680ff4f8791c4b2e8b45b_16-9-medium.webp 1024w, https:\/\/powered-by.qbank.se\/educatius\/sts\/fe085328875680ff4f8791c4b2e8b45b_16-9-large.webp 1536w\" sizes=\"(max-width: 768px) 100vw, (max-width: 1200px) 100vw, 1200px\" type=\"image\/webp\"\/><img src=\"https:\/\/powered-by.qbank.se\/educatius\/sts\/fe085328875680ff4f8791c4b2e8b45b_1-1-thumb.webp\" alt=\"Jaqueline var p\u00e5 udvekslings\u00e5r i \u00d8strig\" loading=\"lazy\" decoding=\"async\" fetchpriority=\"low\" style=\"object-position:top\"\/><\/picture><\/div><\/div><\/figure>\n\n\n\n<div class=\"wp-block-sts-text sts-text-editor has-max-width-md\"><div class=\"sts-text-editor__content\"><div class=\"sts-text-editor__content-inner\">\n<p><em>Jaqueline fra Mexico var p\u00e5 udveksling i \u00d8strig.<\/em><\/p>\n<p>Jeg h\u00e5ber, at denne historie kan inspirere nogen til at tage et udvekslings\u00e5r og f\u00e5 en lige s\u00e5 fantastisk oplevelse som mig. Jeg har v\u00e6ret i \u00d8strig som udvekslingsstudent i 11 m\u00e5neder.<\/p>\n<\/div><\/div><\/div>\n\n\n\n<div class=\"wp-block-sts-text sts-text-editor has-max-width-md\"><div class=\"sts-text-editor__content\"><div class=\"sts-text-editor__content-inner\">\n<h2>Hvorfor besluttede du dig for at tage p\u00e5 high school-udveksling?<\/h2>\n<p>Jeg gjorde det, fordi jeg altid gerne har villet l\u00e6re tysk og bo i et andet land, og mine for\u00e6ldre har altid st\u00f8ttet mig i det. I starten kan det v\u00e6re skr\u00e6mmende, men det er 100% v\u00e6rd at tage chancen og g\u00f8re det.<\/p>\n<h2>Livet i udlandet<\/h2>\n<p>Det kan lyde sv\u00e6rt at bo i et andet land, fordi det ikke er dit sprog, du kender ikke nogen, og alt er bogstaveligt talt anderledes. Men alle vil v\u00e6re s\u00f8de. De forst\u00e5r alle, at du ikke taler sproget, og det er helt i orden. Du f\u00e5r hurtigt venner og v\u00e6nner dig til stedet. Og det er fint at beg\u00e5 fejl, jeg missede to tog og steg ind i tre forkerte busser i begyndelsen, og jeg overlevede stadig, det er bare en del af processen.<\/p>\n<h2>Mine yndlingsminder<\/h2>\n<p>Jeg elskede om noget at opdage nye ting p\u00e5 egen h\u00e5nd. Det f\u00f8ltes fantastisk at opn\u00e5 sm\u00e5 ting som at v\u00e6re alene i byen eller at forst\u00e5 nogen p\u00e5 det sprog, jeg var ved at l\u00e6re. Og det er jeg mine venner mest taknemmelig for. De var altid t\u00e5lmodige med mig og inspirerede mig altid til at blive ved med at l\u00e6re. I dag kan jeg kommunikere perfekt og flydende p\u00e5 deres sprog, hvilket jeg slet ikke kunne i begyndelsen. Det var ogs\u00e5 dejligt at lave og distrahere mig selv med aktiviteter. Jeg elskede at l\u00f8be en tur eller bare g\u00e5 en tur gennem byen, og der er uendelige muligheder for aktiviteter eller m\u00e5der at bruge tiden p\u00e5. For eksempel elskede jeg bare at tage en bog med og l\u00e6se i en park eller spise frokost med vennerne.<\/p>\n<h2>At v\u00e6re v\u00e6k fra sin familie<\/h2>\n<p>Det vil altid v\u00e6re sv\u00e6rt at v\u00e6re v\u00e6k fra sin familie, men med de rigtige mennesker vil man altid f\u00f8le sig hjemme. Det er p\u00e5 den m\u00e5de, det er sv\u00e6rest at komme til enden. Der er mange modsatrettede f\u00f8lelser, man gl\u00e6der sig til at se sin familie igen, men man ved ogs\u00e5, at man skal forlade alt. Og at forlade de mennesker, jeg har det privilegium at kalde min familie nu, er det sv\u00e6reste nogensinde, efter al deres k\u00e6rlighed og st\u00f8tte. Men jeg er glad for, at jeg levede det og n\u00f8d det, mens jeg kunne.<\/p>\n<p>S\u00e5 hvis dette kan hj\u00e6lpe nogen med at beslutte, om de vil tage et udvekslings\u00e5r eller ej, s\u00e5 h\u00e5ber jeg, at de g\u00f8r det. For det er en tid fuld af nye ting, som du aldrig i dit liv kommer til at opleve igen. Du vil m\u00f8de mennesker, som altid vil have dig i deres hjerter. Det er en tid, hvor du kan opleve alt, det gode, det d\u00e5rlige, det sjove og det skr\u00e6mmende, og det er alt sammen en del af det. S\u00e5 ja, jeg vil anbefale alle, der har mulighed for det, at tage et udvekslings\u00e5r og skabe s\u00e5 mange minder som muligt.<\/p>\n<h2>Find ud af mere!<\/h2>\n<ul><li>L\u00e6s flere <a href=\"https:\/\/www.sts-education.com\/dk\/high-school\/beretninger-fra-eleverne\/elevhistorier\/?hashtag=%c3%98strig\">elevhistorier fra \u00d8strig<\/a><\/li>\n<li>L\u00e6s mere om <a href=\"https:\/\/www.sts-education.com\/dk\/high-school\/programlande\/europa\/ostrig\/\">high school-udveksling i \u00d8strig<\/a><\/li>\n<li>Se alle vores <a href=\"\/dk\/high-school\/tripfinder\/\">destinationer for high school-udveksling<\/a><\/li><\/ul>\n<\/div><\/div><\/div>\n","protected":false},"excerpt":{"rendered":"","protected":false},"author":20,"featured_media":12864,"comment_status":"open","ping_status":"open","sticky":false,"template":"","format":"standard","meta":{"_acf_changed":false,"_yoast_wpseo_title":"Jaqueline var p\u00e5 udvekslings\u00e5r i \u00d8strig","_yoast_wpseo_metadesc":"Jeg h\u00e5ber, at denne historie kan inspirere nogen til at tage et udvekslings\u00e5r og f\u00e5 en lige s\u00e5 fantastisk oplevelse som mig.","footnotes":""},"categories":[305],"tags":[879],"wpw_post_folders":[],"class_list":["post-11449","post","type-post","status-publish","format-standard","has-post-thumbnail","hentry","category-uncategorized-da","tag-strig"],"acf":[],"yoast_head":"<!-- This site is optimized with the Yoast SEO Premium plugin v27.2 (Yoast SEO v27.2) - https:\/\/yoast.com\/product\/yoast-seo-premium-wordpress\/ -->\n<title>Jaqueline var p\u00e5 udvekslings\u00e5r i \u00d8strig<\/title>\n<meta name=\"description\" content=\"Jeg h\u00e5ber, at denne historie kan inspirere nogen til at tage et udvekslings\u00e5r og f\u00e5 en lige s\u00e5 fantastisk oplevelse som mig.\" \/>\n<meta name=\"robots\" content=\"index, follow, max-snippet:-1, max-image-preview:large, max-video-preview:-1\" \/>\n<link rel=\"canonical\" href=\"https:\/\/www.sts-education.com\/dk\/high-school\/beretninger-fra-eleverne\/elevhistorier\/jaqueline-var-pa-udvekslingsar-i-ostrig\/\" \/>\n<meta property=\"og:locale\" content=\"da_DK\" \/>\n<meta property=\"og:type\" content=\"article\" \/>\n<meta property=\"og:title\" content=\"Jaqueline Var Pa Udvekslingsar I Ostrig\" \/>\n<meta property=\"og:description\" content=\"Jeg h\u00e5ber, at denne historie kan inspirere nogen til at tage et udvekslings\u00e5r og f\u00e5 en lige s\u00e5 fantastisk oplevelse som mig.\" \/>\n<meta property=\"og:url\" content=\"https:\/\/www.sts-education.com\/dk\/high-school\/beretninger-fra-eleverne\/elevhistorier\/jaqueline-var-pa-udvekslingsar-i-ostrig\/\" \/>\n<meta property=\"og:site_name\" content=\"STS Education\" \/>\n<meta property=\"article:published_time\" content=\"2024-07-26T06:00:00+00:00\" \/>\n<meta property=\"article:modified_time\" content=\"2026-04-29T08:05:52+00:00\" \/>\n<meta property=\"og:image\" content=\"https:\/\/powered-by.qbank.se\/educatius\/sts\/\/fe085328875680ff4f8791c4b2e8b45b_1-1-thumb.webp\" \/>\n\t<meta property=\"og:image:width\" content=\"150\" \/>\n\t<meta property=\"og:image:height\" content=\"150\" \/>\n\t<meta property=\"og:image:type\" content=\"image\/png\" \/>\n<meta name=\"author\" content=\"syncreadwrite\" \/>\n<meta name=\"twitter:card\" content=\"summary_large_image\" \/>\n<meta name=\"twitter:label1\" content=\"Skrevet af\" \/>\n\t<meta name=\"twitter:data1\" content=\"syncreadwrite\" \/>\n\t<meta name=\"twitter:label2\" content=\"Estimeret l\u00e6setid\" \/>\n\t<meta name=\"twitter:data2\" content=\"3 minutter\" \/>\n<script type=\"application\/ld+json\" class=\"yoast-schema-graph\">{\"@context\":\"https:\/\/schema.org\",\"@graph\":[{\"@type\":\"Article\",\"@id\":\"https:\/\/www.sts-education.com\/dk\/high-school\/beretninger-fra-eleverne\/elevhistorier\/jaqueline-var-pa-udvekslingsar-i-ostrig\/#article\",\"isPartOf\":{\"@id\":\"https:\/\/www.sts-education.com\/dk\/high-school\/beretninger-fra-eleverne\/elevhistorier\/jaqueline-var-pa-udvekslingsar-i-ostrig\/\"},\"author\":{\"name\":\"syncreadwrite\",\"@id\":\"https:\/\/www.sts-education.com\/dk\/#\/schema\/person\/8b82f3a2e45f020b8f296d7a85d9a97c\"},\"headline\":\"Jaqueline Var Pa Udvekslingsar I Ostrig\",\"datePublished\":\"2024-07-26T06:00:00+00:00\",\"dateModified\":\"2026-04-29T08:05:52+00:00\",\"mainEntityOfPage\":{\"@id\":\"https:\/\/www.sts-education.com\/dk\/high-school\/beretninger-fra-eleverne\/elevhistorier\/jaqueline-var-pa-udvekslingsar-i-ostrig\/\"},\"wordCount\":613,\"commentCount\":0,\"image\":{\"@id\":\"https:\/\/www.sts-education.com\/dk\/high-school\/beretninger-fra-eleverne\/elevhistorier\/jaqueline-var-pa-udvekslingsar-i-ostrig\/#primaryimage\"},\"thumbnailUrl\":\"https:\/\/powered-by.qbank.se\/educatius\/sts\/\/fe085328875680ff4f8791c4b2e8b45b_1-1-thumb.webp\",\"keywords\":[\"\u00d8strig\"],\"articleSection\":[\"Uncategorized @da\"],\"inLanguage\":\"da-DK\",\"potentialAction\":[{\"@type\":\"CommentAction\",\"name\":\"Comment\",\"target\":[\"https:\/\/www.sts-education.com\/dk\/high-school\/beretninger-fra-eleverne\/elevhistorier\/jaqueline-var-pa-udvekslingsar-i-ostrig\/#respond\"]}]},{\"@type\":\"WebPage\",\"@id\":\"https:\/\/www.sts-education.com\/dk\/high-school\/beretninger-fra-eleverne\/elevhistorier\/jaqueline-var-pa-udvekslingsar-i-ostrig\/\",\"url\":\"https:\/\/www.sts-education.com\/dk\/high-school\/beretninger-fra-eleverne\/elevhistorier\/jaqueline-var-pa-udvekslingsar-i-ostrig\/\",\"name\":\"Jaqueline var p\u00e5 udvekslings\u00e5r i \u00d8strig\",\"isPartOf\":{\"@id\":\"https:\/\/www.sts-education.com\/dk\/#website\"},\"primaryImageOfPage\":{\"@id\":\"https:\/\/www.sts-education.com\/dk\/high-school\/beretninger-fra-eleverne\/elevhistorier\/jaqueline-var-pa-udvekslingsar-i-ostrig\/#primaryimage\"},\"image\":{\"@id\":\"https:\/\/www.sts-education.com\/dk\/high-school\/beretninger-fra-eleverne\/elevhistorier\/jaqueline-var-pa-udvekslingsar-i-ostrig\/#primaryimage\"},\"thumbnailUrl\":\"https:\/\/powered-by.qbank.se\/educatius\/sts\/\/fe085328875680ff4f8791c4b2e8b45b_1-1-thumb.webp\",\"datePublished\":\"2024-07-26T06:00:00+00:00\",\"dateModified\":\"2026-04-29T08:05:52+00:00\",\"author\":{\"@id\":\"https:\/\/www.sts-education.com\/dk\/#\/schema\/person\/8b82f3a2e45f020b8f296d7a85d9a97c\"},\"description\":\"Jeg h\u00e5ber, at denne historie kan inspirere nogen til at tage et udvekslings\u00e5r og f\u00e5 en lige s\u00e5 fantastisk oplevelse som mig.\",\"breadcrumb\":{\"@id\":\"https:\/\/www.sts-education.com\/dk\/high-school\/beretninger-fra-eleverne\/elevhistorier\/jaqueline-var-pa-udvekslingsar-i-ostrig\/#breadcrumb\"},\"inLanguage\":\"da-DK\",\"potentialAction\":[{\"@type\":\"ReadAction\",\"target\":[\"https:\/\/www.sts-education.com\/dk\/high-school\/beretninger-fra-eleverne\/elevhistorier\/jaqueline-var-pa-udvekslingsar-i-ostrig\/\"]}]},{\"@type\":\"ImageObject\",\"inLanguage\":\"da-DK\",\"@id\":\"https:\/\/www.sts-education.com\/dk\/high-school\/beretninger-fra-eleverne\/elevhistorier\/jaqueline-var-pa-udvekslingsar-i-ostrig\/#primaryimage\",\"url\":\"https:\/\/powered-by.qbank.se\/educatius\/sts\/\/fe085328875680ff4f8791c4b2e8b45b_1-1-thumb.webp\",\"contentUrl\":\"https:\/\/powered-by.qbank.se\/educatius\/sts\/\/fe085328875680ff4f8791c4b2e8b45b_1-1-thumb.webp\",\"width\":150,\"height\":150},{\"@type\":\"BreadcrumbList\",\"@id\":\"https:\/\/www.sts-education.com\/dk\/high-school\/beretninger-fra-eleverne\/elevhistorier\/jaqueline-var-pa-udvekslingsar-i-ostrig\/#breadcrumb\",\"itemListElement\":[{\"@type\":\"ListItem\",\"position\":1,\"name\":\"Home\",\"item\":\"https:\/\/www.sts-education.com\/dk\/sample-page\/\"},{\"@type\":\"ListItem\",\"position\":2,\"name\":\"Jaqueline Var Pa Udvekslingsar I Ostrig\"}]},{\"@type\":\"WebSite\",\"@id\":\"https:\/\/www.sts-education.com\/dk\/#website\",\"url\":\"https:\/\/www.sts-education.com\/dk\/\",\"name\":\"STS Education\",\"description\":\"\",\"potentialAction\":[{\"@type\":\"SearchAction\",\"target\":{\"@type\":\"EntryPoint\",\"urlTemplate\":\"https:\/\/www.sts-education.com\/dk\/?s={search_term_string}\"},\"query-input\":{\"@type\":\"PropertyValueSpecification\",\"valueRequired\":true,\"valueName\":\"search_term_string\"}}],\"inLanguage\":\"da-DK\"},{\"@type\":\"Person\",\"@id\":\"https:\/\/www.sts-education.com\/dk\/#\/schema\/person\/8b82f3a2e45f020b8f296d7a85d9a97c\",\"name\":\"syncreadwrite\",\"image\":{\"@type\":\"ImageObject\",\"inLanguage\":\"da-DK\",\"@id\":\"https:\/\/secure.gravatar.com\/avatar\/6ed1007e4f6f43f22e3df41d9fce4365533cba47fef64bb359b8e629abbc2ea6?s=96&d=mm&r=g\",\"url\":\"https:\/\/secure.gravatar.com\/avatar\/6ed1007e4f6f43f22e3df41d9fce4365533cba47fef64bb359b8e629abbc2ea6?s=96&d=mm&r=g\",\"contentUrl\":\"https:\/\/secure.gravatar.com\/avatar\/6ed1007e4f6f43f22e3df41d9fce4365533cba47fef64bb359b8e629abbc2ea6?s=96&d=mm&r=g\",\"caption\":\"syncreadwrite\"},\"url\":\"https:\/\/www.sts-education.com\/dk\/author\/syncreadwrite\/\"}]}<\/script>\n<!-- \/ Yoast SEO Premium plugin. -->","yoast_head_json":{"title":"Jaqueline var p\u00e5 udvekslings\u00e5r i \u00d8strig","description":"Jeg h\u00e5ber, at denne historie kan inspirere nogen til at tage et udvekslings\u00e5r og f\u00e5 en lige s\u00e5 fantastisk oplevelse som mig.","robots":{"index":"index","follow":"follow","max-snippet":"max-snippet:-1","max-image-preview":"max-image-preview:large","max-video-preview":"max-video-preview:-1"},"canonical":"https:\/\/www.sts-education.com\/dk\/high-school\/beretninger-fra-eleverne\/elevhistorier\/jaqueline-var-pa-udvekslingsar-i-ostrig\/","og_locale":"da_DK","og_type":"article","og_title":"Jaqueline Var Pa Udvekslingsar I Ostrig","og_description":"Jeg h\u00e5ber, at denne historie kan inspirere nogen til at tage et udvekslings\u00e5r og f\u00e5 en lige s\u00e5 fantastisk oplevelse som mig.","og_url":"https:\/\/www.sts-education.com\/dk\/high-school\/beretninger-fra-eleverne\/elevhistorier\/jaqueline-var-pa-udvekslingsar-i-ostrig\/","og_site_name":"STS Education","article_published_time":"2024-07-26T06:00:00+00:00","article_modified_time":"2026-04-29T08:05:52+00:00","og_image":[{"width":150,"height":150,"url":"https:\/\/powered-by.qbank.se\/educatius\/sts\/\/fe085328875680ff4f8791c4b2e8b45b_1-1-thumb.webp","type":"image\/png"}],"author":"syncreadwrite","twitter_card":"summary_large_image","twitter_misc":{"Skrevet af":"syncreadwrite","Estimeret l\u00e6setid":"3 minutter"},"schema":{"@context":"https:\/\/schema.org","@graph":[{"@type":"Article","@id":"https:\/\/www.sts-education.com\/dk\/high-school\/beretninger-fra-eleverne\/elevhistorier\/jaqueline-var-pa-udvekslingsar-i-ostrig\/#article","isPartOf":{"@id":"https:\/\/www.sts-education.com\/dk\/high-school\/beretninger-fra-eleverne\/elevhistorier\/jaqueline-var-pa-udvekslingsar-i-ostrig\/"},"author":{"name":"syncreadwrite","@id":"https:\/\/www.sts-education.com\/dk\/#\/schema\/person\/8b82f3a2e45f020b8f296d7a85d9a97c"},"headline":"Jaqueline Var Pa Udvekslingsar I Ostrig","datePublished":"2024-07-26T06:00:00+00:00","dateModified":"2026-04-29T08:05:52+00:00","mainEntityOfPage":{"@id":"https:\/\/www.sts-education.com\/dk\/high-school\/beretninger-fra-eleverne\/elevhistorier\/jaqueline-var-pa-udvekslingsar-i-ostrig\/"},"wordCount":613,"commentCount":0,"image":{"@id":"https:\/\/www.sts-education.com\/dk\/high-school\/beretninger-fra-eleverne\/elevhistorier\/jaqueline-var-pa-udvekslingsar-i-ostrig\/#primaryimage"},"thumbnailUrl":"https:\/\/powered-by.qbank.se\/educatius\/sts\/\/fe085328875680ff4f8791c4b2e8b45b_1-1-thumb.webp","keywords":["\u00d8strig"],"articleSection":["Uncategorized @da"],"inLanguage":"da-DK","potentialAction":[{"@type":"CommentAction","name":"Comment","target":["https:\/\/www.sts-education.com\/dk\/high-school\/beretninger-fra-eleverne\/elevhistorier\/jaqueline-var-pa-udvekslingsar-i-ostrig\/#respond"]}]},{"@type":"WebPage","@id":"https:\/\/www.sts-education.com\/dk\/high-school\/beretninger-fra-eleverne\/elevhistorier\/jaqueline-var-pa-udvekslingsar-i-ostrig\/","url":"https:\/\/www.sts-education.com\/dk\/high-school\/beretninger-fra-eleverne\/elevhistorier\/jaqueline-var-pa-udvekslingsar-i-ostrig\/","name":"Jaqueline var p\u00e5 udvekslings\u00e5r i \u00d8strig","isPartOf":{"@id":"https:\/\/www.sts-education.com\/dk\/#website"},"primaryImageOfPage":{"@id":"https:\/\/www.sts-education.com\/dk\/high-school\/beretninger-fra-eleverne\/elevhistorier\/jaqueline-var-pa-udvekslingsar-i-ostrig\/#primaryimage"},"image":{"@id":"https:\/\/www.sts-education.com\/dk\/high-school\/beretninger-fra-eleverne\/elevhistorier\/jaqueline-var-pa-udvekslingsar-i-ostrig\/#primaryimage"},"thumbnailUrl":"https:\/\/powered-by.qbank.se\/educatius\/sts\/\/fe085328875680ff4f8791c4b2e8b45b_1-1-thumb.webp","datePublished":"2024-07-26T06:00:00+00:00","dateModified":"2026-04-29T08:05:52+00:00","author":{"@id":"https:\/\/www.sts-education.com\/dk\/#\/schema\/person\/8b82f3a2e45f020b8f296d7a85d9a97c"},"description":"Jeg h\u00e5ber, at denne historie kan inspirere nogen til at tage et udvekslings\u00e5r og f\u00e5 en lige s\u00e5 fantastisk oplevelse som mig.","breadcrumb":{"@id":"https:\/\/www.sts-education.com\/dk\/high-school\/beretninger-fra-eleverne\/elevhistorier\/jaqueline-var-pa-udvekslingsar-i-ostrig\/#breadcrumb"},"inLanguage":"da-DK","potentialAction":[{"@type":"ReadAction","target":["https:\/\/www.sts-education.com\/dk\/high-school\/beretninger-fra-eleverne\/elevhistorier\/jaqueline-var-pa-udvekslingsar-i-ostrig\/"]}]},{"@type":"ImageObject","inLanguage":"da-DK","@id":"https:\/\/www.sts-education.com\/dk\/high-school\/beretninger-fra-eleverne\/elevhistorier\/jaqueline-var-pa-udvekslingsar-i-ostrig\/#primaryimage","url":"https:\/\/powered-by.qbank.se\/educatius\/sts\/\/fe085328875680ff4f8791c4b2e8b45b_1-1-thumb.webp","contentUrl":"https:\/\/powered-by.qbank.se\/educatius\/sts\/\/fe085328875680ff4f8791c4b2e8b45b_1-1-thumb.webp","width":150,"height":150},{"@type":"BreadcrumbList","@id":"https:\/\/www.sts-education.com\/dk\/high-school\/beretninger-fra-eleverne\/elevhistorier\/jaqueline-var-pa-udvekslingsar-i-ostrig\/#breadcrumb","itemListElement":[{"@type":"ListItem","position":1,"name":"Home","item":"https:\/\/www.sts-education.com\/dk\/sample-page\/"},{"@type":"ListItem","position":2,"name":"Jaqueline Var Pa Udvekslingsar I Ostrig"}]},{"@type":"WebSite","@id":"https:\/\/www.sts-education.com\/dk\/#website","url":"https:\/\/www.sts-education.com\/dk\/","name":"STS Education","description":"","potentialAction":[{"@type":"SearchAction","target":{"@type":"EntryPoint","urlTemplate":"https:\/\/www.sts-education.com\/dk\/?s={search_term_string}"},"query-input":{"@type":"PropertyValueSpecification","valueRequired":true,"valueName":"search_term_string"}}],"inLanguage":"da-DK"},{"@type":"Person","@id":"https:\/\/www.sts-education.com\/dk\/#\/schema\/person\/8b82f3a2e45f020b8f296d7a85d9a97c","name":"syncreadwrite","image":{"@type":"ImageObject","inLanguage":"da-DK","@id":"https:\/\/secure.gravatar.com\/avatar\/6ed1007e4f6f43f22e3df41d9fce4365533cba47fef64bb359b8e629abbc2ea6?s=96&d=mm&r=g","url":"https:\/\/secure.gravatar.com\/avatar\/6ed1007e4f6f43f22e3df41d9fce4365533cba47fef64bb359b8e629abbc2ea6?s=96&d=mm&r=g","contentUrl":"https:\/\/secure.gravatar.com\/avatar\/6ed1007e4f6f43f22e3df41d9fce4365533cba47fef64bb359b8e629abbc2ea6?s=96&d=mm&r=g","caption":"syncreadwrite"},"url":"https:\/\/www.sts-education.com\/dk\/author\/syncreadwrite\/"}]}},"_links":{"self":[{"href":"https:\/\/www.sts-education.com\/dk\/wp-json\/wp\/v2\/posts\/11449","targetHints":{"allow":["GET"]}}],"collection":[{"href":"https:\/\/www.sts-education.com\/dk\/wp-json\/wp\/v2\/posts"}],"about":[{"href":"https:\/\/www.sts-education.com\/dk\/wp-json\/wp\/v2\/types\/post"}],"author":[{"embeddable":true,"href":"https:\/\/www.sts-education.com\/dk\/wp-json\/wp\/v2\/users\/20"}],"replies":[{"embeddable":true,"href":"https:\/\/www.sts-education.com\/dk\/wp-json\/wp\/v2\/comments?post=11449"}],"version-history":[{"count":6,"href":"https:\/\/www.sts-education.com\/dk\/wp-json\/wp\/v2\/posts\/11449\/revisions"}],"predecessor-version":[{"id":43622,"href":"https:\/\/www.sts-education.com\/dk\/wp-json\/wp\/v2\/posts\/11449\/revisions\/43622"}],"wp:featuredmedia":[{"embeddable":true,"href":"https:\/\/www.sts-education.com\/dk\/wp-json\/wp\/v2\/media\/12864"}],"wp:attachment":[{"href":"https:\/\/www.sts-education.com\/dk\/wp-json\/wp\/v2\/media?parent=11449"}],"wp:term":[{"taxonomy":"category","embeddable":true,"href":"https:\/\/www.sts-education.com\/dk\/wp-json\/wp\/v2\/categories?post=11449"},{"taxonomy":"post_tag","embeddable":true,"href":"https:\/\/www.sts-education.com\/dk\/wp-json\/wp\/v2\/tags?post=11449"},{"taxonomy":"wpw_post_folders","embeddable":true,"href":"https:\/\/www.sts-education.com\/dk\/wp-json\/wp\/v2\/wpw_post_folders?post=11449"}],"curies":[{"name":"wp","href":"https:\/\/api.w.org\/{rel}","templated":true}]}}