{"id":11453,"date":"2024-05-13T09:00:00","date_gmt":"2024-05-13T09:00:00","guid":{"rendered":"https:\/\/preprod.sts-education.com\/blog\/2026\/03\/05\/petra-var-pa-udvekslingsar-i-usa\/"},"modified":"2026-04-15T09:50:53","modified_gmt":"2026-04-15T09:50:53","slug":"petra-var-pa-udvekslingsar-i-usa","status":"publish","type":"post","link":"https:\/\/www.sts-education.com\/dk\/high-school\/beretninger-fra-eleverne\/elevhistorier\/petra-var-pa-udvekslingsar-i-usa\/","title":{"rendered":"Petra Var Pa Udvekslingsar I Usa"},"content":{"rendered":"\n<div class=\"wp-block-sts-text sts-text-editor has-max-width-md\"><div class=\"sts-text-editor__content\"><div class=\"sts-text-editor__content-inner\">\n<h1 style=\"text-align:center\">Petra var p\u00e5 udvekslings\u00e5r i USA<\/h1>\n<\/div><\/div><\/div>\n\n\n\n<div class=\"wp-block-sts-text sts-text-editor has-max-width-md\"><div class=\"sts-text-editor__content\"><div class=\"sts-text-editor__content-inner\">\n<p>Petra, 41, fra Holland er tidligere STS-udvekslingsstudent.<\/p>\n<p>Her deler hun sin udvekslingshistorie:<\/p>\n<p>&quot;Da jeg var 17 \u00e5r, tilbragte jeg skole\u00e5ret 2000-2001 som udvekslingsstudent i den lille by North Fond du Lac i Wisconsin, USA. Efter at have afsluttet high school i Holland var jeg ikke sikker p\u00e5, hvilket college jeg ville g\u00e5 p\u00e5. Men p\u00e5 en messe h\u00f8rte jeg om STS. Jeg s\u00f8gte og blev til sidst optaget p\u00e5 et high school-\u00e5r i USA.<\/p>\n<p>Vi var en gruppe p\u00e5 omkring 20 elever, som tog af sted fra Amsterdam den 18. august 2000 til USA. Den sidste del af rejsen, fra Chicago til Milwaukee, var jeg alene. Da jeg n\u00e5ede min endelige destination, b\u00f8d min v\u00e6rtsfamilie mig velkommen ved porten med et hollandsk flag og et skilt, hvor der stod &quot;Velkommen Petra&quot;. Det var s\u00e5 dejligt.<\/p>\n<p>Min fantastiske v\u00e6rtsfamilie bestod af en mor og en far og to v\u00e6rtss\u00f8skende: en bror p\u00e5 21 \u00e5r og en s\u00f8ster p\u00e5 samme alder som mig. Vi fik en fantastisk start og fik et godt forhold med det samme. De tog mig med til familiesammenkomster, middage, indk\u00f8bscentre, biografer og f\u00f8dselsdagsfejringer.<\/p>\n<p>Ogs\u00e5 i skolen kom jeg godt ud af det med de fleste, hvis ikke alle elever. De ville gerne l\u00e6re mig at kende, og jeg var interesseret i dem. Jeg hang meget ud med min s\u00f8ster og hendes venner, og jeg spillede volleyball om efter\u00e5ret og fodbold om for\u00e5ret.<\/p>\n<p>Min lokale koordinator Calla var altid til r\u00e5dighed, hvis nogen af de udvekslingsstuderende havde brug for hende, og hun fors\u00f8gte altid at finde de bedste l\u00f8sninger p\u00e5 eventuelle problemer, hvis der var nogen. Jeg s\u00e5 hende kun ved gode lejligheder og havde det sjovt sammen med hende. Calla tog ogs\u00e5 os udvekslingsstuderende med p\u00e5 fantastiske ture og l\u00e6rte os en masse om amerikansk kultur.<\/p>\n<p>Jeg elskede hvert sekund af mit \u00e5r i USA, og derfor var det ret h\u00e5rdt at tage af sted den 15. juni 2001. Jeg havde opbygget et liv i Wisconsin og var s\u00e5 ked af at efterlade alle og ikke vide, om jeg nogensinde ville se dem igen.<\/p>\n<p>Men min v\u00e6rtss\u00f8ster bes\u00f8gte mig samme sommer, og jeg bes\u00f8gte dem igen i sommeren 2002. Selv nu, over 20 \u00e5r senere, har vi stadig kontakt, og jeg har bes\u00f8gt dem mange gange til high school-reunions (2006, 2011, 2016) og til min v\u00e6rtss\u00f8sters bryllup i 2008. Mine v\u00e6rtsfor\u00e6ldre bes\u00f8gte mig endda i Holland i 2006, og min v\u00e6rtss\u00f8ster og hendes mand kom igen i 2019. Nogle gymnasievenner bes\u00f8gte mig ogs\u00e5, og jeg har vist dem rundt i Holland, hvilket har v\u00e6ret fantastisk.<\/p>\n<p>Efter min udveksling f\u00f8lte jeg, at jeg havde l\u00e6rt mig selv bedre at kende som person, og at jeg var klar til at indtage verden. Jeg er fortsat med at rejse, og jeg var i praktik i Spanien i l\u00f8bet af mine college\u00e5r. P\u00e5 grund af mit forbedrede engelsk fik jeg ogs\u00e5 n\u00e6re venner i England, Ungarn og Spanien.<\/p>\n<p>Min high school-udveksling er noget, jeg stadig v\u00e6rds\u00e6tter hver dag. I l\u00f8bet af min tid i USA f\u00f8rte jeg dagbog, som jeg nogle gange stadig l\u00e6ser og griner af alle de eventyr, jeg havde. Det er vildt at t\u00e6nke p\u00e5, at der er g\u00e5et s\u00e5 lang tid; det f\u00f8les som i g\u00e5r. Hele oplevelsen l\u00e6rte mig en masse, jeg fik en anden familie og venskaber for livet, og jeg havde et eventyr, jeg aldrig vil glemme. En oplevelse, der har gavnet mig lige siden!<\/p>\n<p>Hvis du har chancen for at g\u00f8re det, s\u00e5 tag den!<\/p>\n<h2>Find ud af mere!<\/h2>\n<ul><li>L\u00e6s flere <a href=\"https:\/\/www.sts-education.com\/dk\/high-school\/beretninger-fra-eleverne\/elevhistorier\/?hashtag=USA\">elevhistorier fra USA<\/a><\/li>\n<li>L\u00e6s mere om <a href=\"https:\/\/www.sts-education.com\/dk\/high-school\/programlande\/nordamerika\/usa\/\">high school-udveksling i USA<\/a><\/li>\n<li>Se alle vores <a href=\"\/dk\/high-school\/tripfinder\/\">destinationer for high school-udveksling<\/a><\/li><\/ul>\n<\/div><\/div><\/div>\n","protected":false},"excerpt":{"rendered":"","protected":false},"author":20,"featured_media":12872,"comment_status":"open","ping_status":"open","sticky":false,"template":"","format":"standard","meta":{"_acf_changed":false,"_yoast_wpseo_title":"Petra var p\u00e5 udvekslings\u00e5r i USA","_yoast_wpseo_metadesc":"Da jeg var 17 \u00e5r, tilbragte jeg skole\u00e5ret 2000-2001 som udvekslingsstudent i den lille by North Fond du Lac i Wisconsin, USA.","footnotes":""},"categories":[305],"tags":[895],"wpw_post_folders":[],"class_list":["post-11453","post","type-post","status-publish","format-standard","has-post-thumbnail","hentry","category-uncategorized-da","tag-usa"],"acf":[],"yoast_head":"<!-- This site is optimized with the Yoast SEO Premium plugin v27.2 (Yoast SEO v27.2) - https:\/\/yoast.com\/product\/yoast-seo-premium-wordpress\/ -->\n<title>Petra var p\u00e5 udvekslings\u00e5r i USA<\/title>\n<meta name=\"description\" content=\"Da jeg var 17 \u00e5r, tilbragte jeg skole\u00e5ret 2000-2001 som udvekslingsstudent i den lille by North Fond du Lac i Wisconsin, USA.\" \/>\n<meta name=\"robots\" content=\"index, follow, max-snippet:-1, max-image-preview:large, max-video-preview:-1\" \/>\n<link rel=\"canonical\" href=\"https:\/\/www.sts-education.com\/dk\/high-school\/beretninger-fra-eleverne\/elevhistorier\/petra-var-pa-udvekslingsar-i-usa\/\" \/>\n<meta property=\"og:locale\" content=\"da_DK\" \/>\n<meta property=\"og:type\" content=\"article\" \/>\n<meta property=\"og:title\" content=\"Petra Var Pa Udvekslingsar I Usa\" \/>\n<meta property=\"og:description\" content=\"Da jeg var 17 \u00e5r, tilbragte jeg skole\u00e5ret 2000-2001 som udvekslingsstudent i den lille by North Fond du Lac i Wisconsin, USA.\" \/>\n<meta property=\"og:url\" content=\"https:\/\/www.sts-education.com\/dk\/high-school\/beretninger-fra-eleverne\/elevhistorier\/petra-var-pa-udvekslingsar-i-usa\/\" \/>\n<meta property=\"og:site_name\" content=\"STS Education\" \/>\n<meta property=\"article:published_time\" content=\"2024-05-13T09:00:00+00:00\" \/>\n<meta property=\"article:modified_time\" content=\"2026-04-15T09:50:53+00:00\" \/>\n<meta property=\"og:image\" content=\"https:\/\/powered-by.qbank.se\/educatius\/sts\/\/d641a61027e21d4a41dc2e2e8f16d0b7_1-1-thumb.webp\" \/>\n\t<meta property=\"og:image:width\" content=\"150\" \/>\n\t<meta property=\"og:image:height\" content=\"150\" \/>\n\t<meta property=\"og:image:type\" content=\"image\/jpeg\" \/>\n<meta name=\"author\" content=\"syncreadwrite\" \/>\n<meta name=\"twitter:card\" content=\"summary_large_image\" \/>\n<meta name=\"twitter:label1\" content=\"Skrevet af\" \/>\n\t<meta name=\"twitter:data1\" content=\"syncreadwrite\" \/>\n\t<meta name=\"twitter:label2\" content=\"Estimeret l\u00e6setid\" \/>\n\t<meta name=\"twitter:data2\" content=\"3 minutter\" \/>\n<script type=\"application\/ld+json\" class=\"yoast-schema-graph\">{\"@context\":\"https:\/\/schema.org\",\"@graph\":[{\"@type\":\"Article\",\"@id\":\"https:\/\/www.sts-education.com\/dk\/high-school\/beretninger-fra-eleverne\/elevhistorier\/petra-var-pa-udvekslingsar-i-usa\/#article\",\"isPartOf\":{\"@id\":\"https:\/\/www.sts-education.com\/dk\/high-school\/beretninger-fra-eleverne\/elevhistorier\/petra-var-pa-udvekslingsar-i-usa\/\"},\"author\":{\"name\":\"syncreadwrite\",\"@id\":\"https:\/\/www.sts-education.com\/dk\/#\/schema\/person\/8b82f3a2e45f020b8f296d7a85d9a97c\"},\"headline\":\"Petra Var Pa Udvekslingsar I Usa\",\"datePublished\":\"2024-05-13T09:00:00+00:00\",\"dateModified\":\"2026-04-15T09:50:53+00:00\",\"mainEntityOfPage\":{\"@id\":\"https:\/\/www.sts-education.com\/dk\/high-school\/beretninger-fra-eleverne\/elevhistorier\/petra-var-pa-udvekslingsar-i-usa\/\"},\"wordCount\":658,\"commentCount\":0,\"image\":{\"@id\":\"https:\/\/www.sts-education.com\/dk\/high-school\/beretninger-fra-eleverne\/elevhistorier\/petra-var-pa-udvekslingsar-i-usa\/#primaryimage\"},\"thumbnailUrl\":\"https:\/\/powered-by.qbank.se\/educatius\/sts\/\/d641a61027e21d4a41dc2e2e8f16d0b7_1-1-thumb.webp\",\"keywords\":[\"USA\"],\"articleSection\":[\"Uncategorized @da\"],\"inLanguage\":\"da-DK\",\"potentialAction\":[{\"@type\":\"CommentAction\",\"name\":\"Comment\",\"target\":[\"https:\/\/www.sts-education.com\/dk\/high-school\/beretninger-fra-eleverne\/elevhistorier\/petra-var-pa-udvekslingsar-i-usa\/#respond\"]}]},{\"@type\":\"WebPage\",\"@id\":\"https:\/\/www.sts-education.com\/dk\/high-school\/beretninger-fra-eleverne\/elevhistorier\/petra-var-pa-udvekslingsar-i-usa\/\",\"url\":\"https:\/\/www.sts-education.com\/dk\/high-school\/beretninger-fra-eleverne\/elevhistorier\/petra-var-pa-udvekslingsar-i-usa\/\",\"name\":\"Petra var p\u00e5 udvekslings\u00e5r i USA\",\"isPartOf\":{\"@id\":\"https:\/\/www.sts-education.com\/dk\/#website\"},\"primaryImageOfPage\":{\"@id\":\"https:\/\/www.sts-education.com\/dk\/high-school\/beretninger-fra-eleverne\/elevhistorier\/petra-var-pa-udvekslingsar-i-usa\/#primaryimage\"},\"image\":{\"@id\":\"https:\/\/www.sts-education.com\/dk\/high-school\/beretninger-fra-eleverne\/elevhistorier\/petra-var-pa-udvekslingsar-i-usa\/#primaryimage\"},\"thumbnailUrl\":\"https:\/\/powered-by.qbank.se\/educatius\/sts\/\/d641a61027e21d4a41dc2e2e8f16d0b7_1-1-thumb.webp\",\"datePublished\":\"2024-05-13T09:00:00+00:00\",\"dateModified\":\"2026-04-15T09:50:53+00:00\",\"author\":{\"@id\":\"https:\/\/www.sts-education.com\/dk\/#\/schema\/person\/8b82f3a2e45f020b8f296d7a85d9a97c\"},\"description\":\"Da jeg var 17 \u00e5r, tilbragte jeg skole\u00e5ret 2000-2001 som udvekslingsstudent i den lille by North Fond du Lac i Wisconsin, USA.\",\"breadcrumb\":{\"@id\":\"https:\/\/www.sts-education.com\/dk\/high-school\/beretninger-fra-eleverne\/elevhistorier\/petra-var-pa-udvekslingsar-i-usa\/#breadcrumb\"},\"inLanguage\":\"da-DK\",\"potentialAction\":[{\"@type\":\"ReadAction\",\"target\":[\"https:\/\/www.sts-education.com\/dk\/high-school\/beretninger-fra-eleverne\/elevhistorier\/petra-var-pa-udvekslingsar-i-usa\/\"]}]},{\"@type\":\"ImageObject\",\"inLanguage\":\"da-DK\",\"@id\":\"https:\/\/www.sts-education.com\/dk\/high-school\/beretninger-fra-eleverne\/elevhistorier\/petra-var-pa-udvekslingsar-i-usa\/#primaryimage\",\"url\":\"https:\/\/powered-by.qbank.se\/educatius\/sts\/\/d641a61027e21d4a41dc2e2e8f16d0b7_1-1-thumb.webp\",\"contentUrl\":\"https:\/\/powered-by.qbank.se\/educatius\/sts\/\/d641a61027e21d4a41dc2e2e8f16d0b7_1-1-thumb.webp\",\"width\":150,\"height\":150},{\"@type\":\"BreadcrumbList\",\"@id\":\"https:\/\/www.sts-education.com\/dk\/high-school\/beretninger-fra-eleverne\/elevhistorier\/petra-var-pa-udvekslingsar-i-usa\/#breadcrumb\",\"itemListElement\":[{\"@type\":\"ListItem\",\"position\":1,\"name\":\"Home\",\"item\":\"https:\/\/www.sts-education.com\/dk\/sample-page\/\"},{\"@type\":\"ListItem\",\"position\":2,\"name\":\"Petra Var Pa Udvekslingsar I Usa\"}]},{\"@type\":\"WebSite\",\"@id\":\"https:\/\/www.sts-education.com\/dk\/#website\",\"url\":\"https:\/\/www.sts-education.com\/dk\/\",\"name\":\"STS Education\",\"description\":\"\",\"potentialAction\":[{\"@type\":\"SearchAction\",\"target\":{\"@type\":\"EntryPoint\",\"urlTemplate\":\"https:\/\/www.sts-education.com\/dk\/?s={search_term_string}\"},\"query-input\":{\"@type\":\"PropertyValueSpecification\",\"valueRequired\":true,\"valueName\":\"search_term_string\"}}],\"inLanguage\":\"da-DK\"},{\"@type\":\"Person\",\"@id\":\"https:\/\/www.sts-education.com\/dk\/#\/schema\/person\/8b82f3a2e45f020b8f296d7a85d9a97c\",\"name\":\"syncreadwrite\",\"image\":{\"@type\":\"ImageObject\",\"inLanguage\":\"da-DK\",\"@id\":\"https:\/\/secure.gravatar.com\/avatar\/6ed1007e4f6f43f22e3df41d9fce4365533cba47fef64bb359b8e629abbc2ea6?s=96&d=mm&r=g\",\"url\":\"https:\/\/secure.gravatar.com\/avatar\/6ed1007e4f6f43f22e3df41d9fce4365533cba47fef64bb359b8e629abbc2ea6?s=96&d=mm&r=g\",\"contentUrl\":\"https:\/\/secure.gravatar.com\/avatar\/6ed1007e4f6f43f22e3df41d9fce4365533cba47fef64bb359b8e629abbc2ea6?s=96&d=mm&r=g\",\"caption\":\"syncreadwrite\"},\"url\":\"https:\/\/www.sts-education.com\/dk\/author\/syncreadwrite\/\"}]}<\/script>\n<!-- \/ Yoast SEO Premium plugin. -->","yoast_head_json":{"title":"Petra var p\u00e5 udvekslings\u00e5r i USA","description":"Da jeg var 17 \u00e5r, tilbragte jeg skole\u00e5ret 2000-2001 som udvekslingsstudent i den lille by North Fond du Lac i Wisconsin, USA.","robots":{"index":"index","follow":"follow","max-snippet":"max-snippet:-1","max-image-preview":"max-image-preview:large","max-video-preview":"max-video-preview:-1"},"canonical":"https:\/\/www.sts-education.com\/dk\/high-school\/beretninger-fra-eleverne\/elevhistorier\/petra-var-pa-udvekslingsar-i-usa\/","og_locale":"da_DK","og_type":"article","og_title":"Petra Var Pa Udvekslingsar I Usa","og_description":"Da jeg var 17 \u00e5r, tilbragte jeg skole\u00e5ret 2000-2001 som udvekslingsstudent i den lille by North Fond du Lac i Wisconsin, USA.","og_url":"https:\/\/www.sts-education.com\/dk\/high-school\/beretninger-fra-eleverne\/elevhistorier\/petra-var-pa-udvekslingsar-i-usa\/","og_site_name":"STS Education","article_published_time":"2024-05-13T09:00:00+00:00","article_modified_time":"2026-04-15T09:50:53+00:00","og_image":[{"width":150,"height":150,"url":"https:\/\/powered-by.qbank.se\/educatius\/sts\/\/d641a61027e21d4a41dc2e2e8f16d0b7_1-1-thumb.webp","type":"image\/jpeg"}],"author":"syncreadwrite","twitter_card":"summary_large_image","twitter_misc":{"Skrevet af":"syncreadwrite","Estimeret l\u00e6setid":"3 minutter"},"schema":{"@context":"https:\/\/schema.org","@graph":[{"@type":"Article","@id":"https:\/\/www.sts-education.com\/dk\/high-school\/beretninger-fra-eleverne\/elevhistorier\/petra-var-pa-udvekslingsar-i-usa\/#article","isPartOf":{"@id":"https:\/\/www.sts-education.com\/dk\/high-school\/beretninger-fra-eleverne\/elevhistorier\/petra-var-pa-udvekslingsar-i-usa\/"},"author":{"name":"syncreadwrite","@id":"https:\/\/www.sts-education.com\/dk\/#\/schema\/person\/8b82f3a2e45f020b8f296d7a85d9a97c"},"headline":"Petra Var Pa Udvekslingsar I Usa","datePublished":"2024-05-13T09:00:00+00:00","dateModified":"2026-04-15T09:50:53+00:00","mainEntityOfPage":{"@id":"https:\/\/www.sts-education.com\/dk\/high-school\/beretninger-fra-eleverne\/elevhistorier\/petra-var-pa-udvekslingsar-i-usa\/"},"wordCount":658,"commentCount":0,"image":{"@id":"https:\/\/www.sts-education.com\/dk\/high-school\/beretninger-fra-eleverne\/elevhistorier\/petra-var-pa-udvekslingsar-i-usa\/#primaryimage"},"thumbnailUrl":"https:\/\/powered-by.qbank.se\/educatius\/sts\/\/d641a61027e21d4a41dc2e2e8f16d0b7_1-1-thumb.webp","keywords":["USA"],"articleSection":["Uncategorized @da"],"inLanguage":"da-DK","potentialAction":[{"@type":"CommentAction","name":"Comment","target":["https:\/\/www.sts-education.com\/dk\/high-school\/beretninger-fra-eleverne\/elevhistorier\/petra-var-pa-udvekslingsar-i-usa\/#respond"]}]},{"@type":"WebPage","@id":"https:\/\/www.sts-education.com\/dk\/high-school\/beretninger-fra-eleverne\/elevhistorier\/petra-var-pa-udvekslingsar-i-usa\/","url":"https:\/\/www.sts-education.com\/dk\/high-school\/beretninger-fra-eleverne\/elevhistorier\/petra-var-pa-udvekslingsar-i-usa\/","name":"Petra var p\u00e5 udvekslings\u00e5r i USA","isPartOf":{"@id":"https:\/\/www.sts-education.com\/dk\/#website"},"primaryImageOfPage":{"@id":"https:\/\/www.sts-education.com\/dk\/high-school\/beretninger-fra-eleverne\/elevhistorier\/petra-var-pa-udvekslingsar-i-usa\/#primaryimage"},"image":{"@id":"https:\/\/www.sts-education.com\/dk\/high-school\/beretninger-fra-eleverne\/elevhistorier\/petra-var-pa-udvekslingsar-i-usa\/#primaryimage"},"thumbnailUrl":"https:\/\/powered-by.qbank.se\/educatius\/sts\/\/d641a61027e21d4a41dc2e2e8f16d0b7_1-1-thumb.webp","datePublished":"2024-05-13T09:00:00+00:00","dateModified":"2026-04-15T09:50:53+00:00","author":{"@id":"https:\/\/www.sts-education.com\/dk\/#\/schema\/person\/8b82f3a2e45f020b8f296d7a85d9a97c"},"description":"Da jeg var 17 \u00e5r, tilbragte jeg skole\u00e5ret 2000-2001 som udvekslingsstudent i den lille by North Fond du Lac i Wisconsin, USA.","breadcrumb":{"@id":"https:\/\/www.sts-education.com\/dk\/high-school\/beretninger-fra-eleverne\/elevhistorier\/petra-var-pa-udvekslingsar-i-usa\/#breadcrumb"},"inLanguage":"da-DK","potentialAction":[{"@type":"ReadAction","target":["https:\/\/www.sts-education.com\/dk\/high-school\/beretninger-fra-eleverne\/elevhistorier\/petra-var-pa-udvekslingsar-i-usa\/"]}]},{"@type":"ImageObject","inLanguage":"da-DK","@id":"https:\/\/www.sts-education.com\/dk\/high-school\/beretninger-fra-eleverne\/elevhistorier\/petra-var-pa-udvekslingsar-i-usa\/#primaryimage","url":"https:\/\/powered-by.qbank.se\/educatius\/sts\/\/d641a61027e21d4a41dc2e2e8f16d0b7_1-1-thumb.webp","contentUrl":"https:\/\/powered-by.qbank.se\/educatius\/sts\/\/d641a61027e21d4a41dc2e2e8f16d0b7_1-1-thumb.webp","width":150,"height":150},{"@type":"BreadcrumbList","@id":"https:\/\/www.sts-education.com\/dk\/high-school\/beretninger-fra-eleverne\/elevhistorier\/petra-var-pa-udvekslingsar-i-usa\/#breadcrumb","itemListElement":[{"@type":"ListItem","position":1,"name":"Home","item":"https:\/\/www.sts-education.com\/dk\/sample-page\/"},{"@type":"ListItem","position":2,"name":"Petra Var Pa Udvekslingsar I Usa"}]},{"@type":"WebSite","@id":"https:\/\/www.sts-education.com\/dk\/#website","url":"https:\/\/www.sts-education.com\/dk\/","name":"STS Education","description":"","potentialAction":[{"@type":"SearchAction","target":{"@type":"EntryPoint","urlTemplate":"https:\/\/www.sts-education.com\/dk\/?s={search_term_string}"},"query-input":{"@type":"PropertyValueSpecification","valueRequired":true,"valueName":"search_term_string"}}],"inLanguage":"da-DK"},{"@type":"Person","@id":"https:\/\/www.sts-education.com\/dk\/#\/schema\/person\/8b82f3a2e45f020b8f296d7a85d9a97c","name":"syncreadwrite","image":{"@type":"ImageObject","inLanguage":"da-DK","@id":"https:\/\/secure.gravatar.com\/avatar\/6ed1007e4f6f43f22e3df41d9fce4365533cba47fef64bb359b8e629abbc2ea6?s=96&d=mm&r=g","url":"https:\/\/secure.gravatar.com\/avatar\/6ed1007e4f6f43f22e3df41d9fce4365533cba47fef64bb359b8e629abbc2ea6?s=96&d=mm&r=g","contentUrl":"https:\/\/secure.gravatar.com\/avatar\/6ed1007e4f6f43f22e3df41d9fce4365533cba47fef64bb359b8e629abbc2ea6?s=96&d=mm&r=g","caption":"syncreadwrite"},"url":"https:\/\/www.sts-education.com\/dk\/author\/syncreadwrite\/"}]}},"_links":{"self":[{"href":"https:\/\/www.sts-education.com\/dk\/wp-json\/wp\/v2\/posts\/11453","targetHints":{"allow":["GET"]}}],"collection":[{"href":"https:\/\/www.sts-education.com\/dk\/wp-json\/wp\/v2\/posts"}],"about":[{"href":"https:\/\/www.sts-education.com\/dk\/wp-json\/wp\/v2\/types\/post"}],"author":[{"embeddable":true,"href":"https:\/\/www.sts-education.com\/dk\/wp-json\/wp\/v2\/users\/20"}],"replies":[{"embeddable":true,"href":"https:\/\/www.sts-education.com\/dk\/wp-json\/wp\/v2\/comments?post=11453"}],"version-history":[{"count":5,"href":"https:\/\/www.sts-education.com\/dk\/wp-json\/wp\/v2\/posts\/11453\/revisions"}],"predecessor-version":[{"id":36230,"href":"https:\/\/www.sts-education.com\/dk\/wp-json\/wp\/v2\/posts\/11453\/revisions\/36230"}],"wp:featuredmedia":[{"embeddable":true,"href":"https:\/\/www.sts-education.com\/dk\/wp-json\/wp\/v2\/media\/12872"}],"wp:attachment":[{"href":"https:\/\/www.sts-education.com\/dk\/wp-json\/wp\/v2\/media?parent=11453"}],"wp:term":[{"taxonomy":"category","embeddable":true,"href":"https:\/\/www.sts-education.com\/dk\/wp-json\/wp\/v2\/categories?post=11453"},{"taxonomy":"post_tag","embeddable":true,"href":"https:\/\/www.sts-education.com\/dk\/wp-json\/wp\/v2\/tags?post=11453"},{"taxonomy":"wpw_post_folders","embeddable":true,"href":"https:\/\/www.sts-education.com\/dk\/wp-json\/wp\/v2\/wpw_post_folders?post=11453"}],"curies":[{"name":"wp","href":"https:\/\/api.w.org\/{rel}","templated":true}]}}