{"id":11462,"date":"2024-09-02T09:00:00","date_gmt":"2024-09-02T09:00:00","guid":{"rendered":"https:\/\/preprod.sts-education.com\/blog\/2026\/03\/05\/mirja-tilbragte-et-ar-i-udlandet-i-tyskland\/"},"modified":"2026-04-15T09:50:35","modified_gmt":"2026-04-15T09:50:35","slug":"mirja-tilbragte-et-ar-i-udlandet-i-tyskland","status":"publish","type":"post","link":"https:\/\/www.sts-education.com\/dk\/high-school\/beretninger-fra-eleverne\/elevhistorier\/mirja-tilbragte-et-ar-i-udlandet-i-tyskland\/","title":{"rendered":"Mirja Tilbragte Et Ar I Udlandet I Tyskland"},"content":{"rendered":"\n<div class=\"wp-block-sts-text sts-text-editor has-max-width-md\"><div class=\"sts-text-editor__content\"><div class=\"sts-text-editor__content-inner\">\n<h1 style=\"text-align:center\">Mirja tilbragte et \u00e5r i udlandet i Tyskland<\/h1>\n<\/div><\/div><\/div>\n\n\n\n<div class=\"wp-block-sts-text sts-text-editor has-max-width-md\"><div class=\"sts-text-editor__content\"><div class=\"sts-text-editor__content-inner\">\n<p><em>Mirja fra Montenegro tilbragte sit udvekslingsophold i Hamburg, Tyskland.<\/em><\/p>\n<p>Det var min store dr\u00f8m at bo i Tyskland. Sproget har spillet en stor rolle. Man siger, at tysk er et af de sv\u00e6reste sprog at l\u00e6re, og derfor er der ikke mange, der taler det. S\u00e5 det er en fordel, n\u00e5r man kan sproget. Jeg l\u00e6rte tysk i skolen, f\u00f8r jeg tog p\u00e5 udveksling, men jeg var ikke s\u00e5 god til det. Det var mit \u00f8nske at blive rigtig god til at tale flydende tysk. N\u00e5r man bor p\u00e5 landet og er sammen med tyskere og sproget hver dag, er det meget nemmere!<\/p>\n<p>I begyndelsen var sproget en udfordring. Jeg var lidt genert over at tale tysk. Det er ogs\u00e5 normalt, n\u00e5r man bor sammen i en familie, at ikke alle dage er perfekte. Med min familie derhjemme har vi sm\u00e5 sk\u00e6nderier hele tiden. Det vigtige er at tale om det og at v\u00e6re \u00e5bne og tilgivende over for hinanden.<\/p>\n<p>Mit r\u00e5d til fremtidige udvekslingsstudenter er: Tal med din v\u00e6rtsfamilie om alt, hvad der sker, de gode ting, de d\u00e5rlige eller almindelige ting, det er lige meget. Bare tal om alt. Det er din familie i n\u00e6sten et \u00e5r. Tal om, hvad du har lavet i skolen, din familie derhjemme, hvad der sker i dit hjemland. Dine ideer og planer, hvor du gerne vil hen, hvad du gerne vil opleve. N\u00f8glen er bare god kommunikation, at v\u00e6re \u00e5ben og have interesse i hinandens liv.<\/p>\n<p>Min tid i Tyskland var virkelig, virkelig smuk. Jeg kunne ikke have dr\u00f8mt om det bedre. Jeg tror, at jeg er et bedre menneske nu og mere \u00e5bensindet end f\u00f8r. Om min v\u00e6rtsfamilie kan jeg kun sige de bedste ting. De har den her store k\u00e6rlighed. Familieritualerne i Tyskland er helt anderledes end i Syd\u00f8steuropa. Vi kunne rigtig godt lide at spille br\u00e6t- og kortspil sammen og grillede meget i haven.<\/p>\n<p>Fordi dette \u00e5r var s\u00e5 godt, vil jeg gerne til udlandet igen for at studere og g\u00e5 p\u00e5 universitetet. Jeg ved godt, at jeg ikke vil blive i mit land, men jeg kan selvf\u00f8lgelig altid vende tilbage.<\/p>\n<p>Men det n\u00e6ste skridt er, at min v\u00e6rtsfamilie kommer og bes\u00f8ger mig i Montenegro.<\/p>\n<h2>Find ud af mere!<\/h2>\n<ul><li>L\u00e6s flere <a href=\"https:\/\/www.sts-education.com\/dk\/high-school\/beretninger-fra-eleverne\/elevhistorier\/?hashtag=Tyskland\">elevhistorier fra Tyskland<\/a><\/li>\n<li>L\u00e6s mere om <a href=\"https:\/\/www.sts-education.com\/dk\/high-school\/programlande\/europa\/tyskland\/\">high school-udveksling i Tyskland<\/a><\/li>\n<li>Se alle vores <a href=\"\/dk\/high-school\/tripfinder\/\">destinationer for high school-udveksling<\/a><\/li><\/ul>\n<\/div><\/div><\/div>\n","protected":false},"excerpt":{"rendered":"","protected":false},"author":20,"featured_media":12890,"comment_status":"open","ping_status":"open","sticky":false,"template":"","format":"standard","meta":{"_acf_changed":false,"_yoast_wpseo_title":"Mirja tilbragte et \u00e5r i udlandet i Tyskland","_yoast_wpseo_metadesc":"Det var min store dr\u00f8m at bo i Tyskland. Man siger, at tysk er et af de sv\u00e6reste sprog at l\u00e6re, og derfor er der ikke mange, der taler det.","footnotes":""},"categories":[305],"tags":[886],"wpw_post_folders":[],"class_list":["post-11462","post","type-post","status-publish","format-standard","has-post-thumbnail","hentry","category-uncategorized-da","tag-tyskland"],"acf":[],"yoast_head":"<!-- This site is optimized with the Yoast SEO Premium plugin v27.2 (Yoast SEO v27.2) - https:\/\/yoast.com\/product\/yoast-seo-premium-wordpress\/ -->\n<title>Mirja tilbragte et \u00e5r i udlandet i Tyskland<\/title>\n<meta name=\"description\" content=\"Det var min store dr\u00f8m at bo i Tyskland. Man siger, at tysk er et af de sv\u00e6reste sprog at l\u00e6re, og derfor er der ikke mange, der taler det.\" \/>\n<meta name=\"robots\" content=\"index, follow, max-snippet:-1, max-image-preview:large, max-video-preview:-1\" \/>\n<link rel=\"canonical\" href=\"https:\/\/www.sts-education.com\/dk\/high-school\/beretninger-fra-eleverne\/elevhistorier\/mirja-tilbragte-et-ar-i-udlandet-i-tyskland\/\" \/>\n<meta property=\"og:locale\" content=\"da_DK\" \/>\n<meta property=\"og:type\" content=\"article\" \/>\n<meta property=\"og:title\" content=\"Mirja Tilbragte Et Ar I Udlandet I Tyskland\" \/>\n<meta property=\"og:description\" content=\"Det var min store dr\u00f8m at bo i Tyskland. Man siger, at tysk er et af de sv\u00e6reste sprog at l\u00e6re, og derfor er der ikke mange, der taler det.\" \/>\n<meta property=\"og:url\" content=\"https:\/\/www.sts-education.com\/dk\/high-school\/beretninger-fra-eleverne\/elevhistorier\/mirja-tilbragte-et-ar-i-udlandet-i-tyskland\/\" \/>\n<meta property=\"og:site_name\" content=\"STS Education\" \/>\n<meta property=\"article:published_time\" content=\"2024-09-02T09:00:00+00:00\" \/>\n<meta property=\"article:modified_time\" content=\"2026-04-15T09:50:35+00:00\" \/>\n<meta property=\"og:image\" content=\"https:\/\/powered-by.qbank.se\/educatius\/sts\/\/1344f704baffe0712e9cd1d2131fe26b_1-1-thumb.webp\" \/>\n\t<meta property=\"og:image:width\" content=\"150\" \/>\n\t<meta property=\"og:image:height\" content=\"150\" \/>\n\t<meta property=\"og:image:type\" content=\"image\/jpeg\" \/>\n<meta name=\"author\" content=\"syncreadwrite\" \/>\n<meta name=\"twitter:card\" content=\"summary_large_image\" \/>\n<meta name=\"twitter:label1\" content=\"Skrevet af\" \/>\n\t<meta name=\"twitter:data1\" content=\"syncreadwrite\" \/>\n\t<meta name=\"twitter:label2\" content=\"Estimeret l\u00e6setid\" \/>\n\t<meta name=\"twitter:data2\" content=\"2 minutter\" \/>\n<script type=\"application\/ld+json\" class=\"yoast-schema-graph\">{\"@context\":\"https:\/\/schema.org\",\"@graph\":[{\"@type\":\"Article\",\"@id\":\"https:\/\/www.sts-education.com\/dk\/high-school\/beretninger-fra-eleverne\/elevhistorier\/mirja-tilbragte-et-ar-i-udlandet-i-tyskland\/#article\",\"isPartOf\":{\"@id\":\"https:\/\/www.sts-education.com\/dk\/high-school\/beretninger-fra-eleverne\/elevhistorier\/mirja-tilbragte-et-ar-i-udlandet-i-tyskland\/\"},\"author\":{\"name\":\"syncreadwrite\",\"@id\":\"https:\/\/www.sts-education.com\/dk\/#\/schema\/person\/8b82f3a2e45f020b8f296d7a85d9a97c\"},\"headline\":\"Mirja Tilbragte Et Ar I Udlandet I Tyskland\",\"datePublished\":\"2024-09-02T09:00:00+00:00\",\"dateModified\":\"2026-04-15T09:50:35+00:00\",\"mainEntityOfPage\":{\"@id\":\"https:\/\/www.sts-education.com\/dk\/high-school\/beretninger-fra-eleverne\/elevhistorier\/mirja-tilbragte-et-ar-i-udlandet-i-tyskland\/\"},\"wordCount\":433,\"commentCount\":0,\"image\":{\"@id\":\"https:\/\/www.sts-education.com\/dk\/high-school\/beretninger-fra-eleverne\/elevhistorier\/mirja-tilbragte-et-ar-i-udlandet-i-tyskland\/#primaryimage\"},\"thumbnailUrl\":\"https:\/\/powered-by.qbank.se\/educatius\/sts\/\/1344f704baffe0712e9cd1d2131fe26b_1-1-thumb.webp\",\"keywords\":[\"Tyskland\"],\"articleSection\":[\"Uncategorized @da\"],\"inLanguage\":\"da-DK\",\"potentialAction\":[{\"@type\":\"CommentAction\",\"name\":\"Comment\",\"target\":[\"https:\/\/www.sts-education.com\/dk\/high-school\/beretninger-fra-eleverne\/elevhistorier\/mirja-tilbragte-et-ar-i-udlandet-i-tyskland\/#respond\"]}]},{\"@type\":\"WebPage\",\"@id\":\"https:\/\/www.sts-education.com\/dk\/high-school\/beretninger-fra-eleverne\/elevhistorier\/mirja-tilbragte-et-ar-i-udlandet-i-tyskland\/\",\"url\":\"https:\/\/www.sts-education.com\/dk\/high-school\/beretninger-fra-eleverne\/elevhistorier\/mirja-tilbragte-et-ar-i-udlandet-i-tyskland\/\",\"name\":\"Mirja tilbragte et \u00e5r i udlandet i Tyskland\",\"isPartOf\":{\"@id\":\"https:\/\/www.sts-education.com\/dk\/#website\"},\"primaryImageOfPage\":{\"@id\":\"https:\/\/www.sts-education.com\/dk\/high-school\/beretninger-fra-eleverne\/elevhistorier\/mirja-tilbragte-et-ar-i-udlandet-i-tyskland\/#primaryimage\"},\"image\":{\"@id\":\"https:\/\/www.sts-education.com\/dk\/high-school\/beretninger-fra-eleverne\/elevhistorier\/mirja-tilbragte-et-ar-i-udlandet-i-tyskland\/#primaryimage\"},\"thumbnailUrl\":\"https:\/\/powered-by.qbank.se\/educatius\/sts\/\/1344f704baffe0712e9cd1d2131fe26b_1-1-thumb.webp\",\"datePublished\":\"2024-09-02T09:00:00+00:00\",\"dateModified\":\"2026-04-15T09:50:35+00:00\",\"author\":{\"@id\":\"https:\/\/www.sts-education.com\/dk\/#\/schema\/person\/8b82f3a2e45f020b8f296d7a85d9a97c\"},\"description\":\"Det var min store dr\u00f8m at bo i Tyskland. Man siger, at tysk er et af de sv\u00e6reste sprog at l\u00e6re, og derfor er der ikke mange, der taler det.\",\"breadcrumb\":{\"@id\":\"https:\/\/www.sts-education.com\/dk\/high-school\/beretninger-fra-eleverne\/elevhistorier\/mirja-tilbragte-et-ar-i-udlandet-i-tyskland\/#breadcrumb\"},\"inLanguage\":\"da-DK\",\"potentialAction\":[{\"@type\":\"ReadAction\",\"target\":[\"https:\/\/www.sts-education.com\/dk\/high-school\/beretninger-fra-eleverne\/elevhistorier\/mirja-tilbragte-et-ar-i-udlandet-i-tyskland\/\"]}]},{\"@type\":\"ImageObject\",\"inLanguage\":\"da-DK\",\"@id\":\"https:\/\/www.sts-education.com\/dk\/high-school\/beretninger-fra-eleverne\/elevhistorier\/mirja-tilbragte-et-ar-i-udlandet-i-tyskland\/#primaryimage\",\"url\":\"https:\/\/powered-by.qbank.se\/educatius\/sts\/\/1344f704baffe0712e9cd1d2131fe26b_1-1-thumb.webp\",\"contentUrl\":\"https:\/\/powered-by.qbank.se\/educatius\/sts\/\/1344f704baffe0712e9cd1d2131fe26b_1-1-thumb.webp\",\"width\":150,\"height\":150},{\"@type\":\"BreadcrumbList\",\"@id\":\"https:\/\/www.sts-education.com\/dk\/high-school\/beretninger-fra-eleverne\/elevhistorier\/mirja-tilbragte-et-ar-i-udlandet-i-tyskland\/#breadcrumb\",\"itemListElement\":[{\"@type\":\"ListItem\",\"position\":1,\"name\":\"Home\",\"item\":\"https:\/\/www.sts-education.com\/dk\/sample-page\/\"},{\"@type\":\"ListItem\",\"position\":2,\"name\":\"Mirja Tilbragte Et Ar I Udlandet I Tyskland\"}]},{\"@type\":\"WebSite\",\"@id\":\"https:\/\/www.sts-education.com\/dk\/#website\",\"url\":\"https:\/\/www.sts-education.com\/dk\/\",\"name\":\"STS Education\",\"description\":\"\",\"potentialAction\":[{\"@type\":\"SearchAction\",\"target\":{\"@type\":\"EntryPoint\",\"urlTemplate\":\"https:\/\/www.sts-education.com\/dk\/?s={search_term_string}\"},\"query-input\":{\"@type\":\"PropertyValueSpecification\",\"valueRequired\":true,\"valueName\":\"search_term_string\"}}],\"inLanguage\":\"da-DK\"},{\"@type\":\"Person\",\"@id\":\"https:\/\/www.sts-education.com\/dk\/#\/schema\/person\/8b82f3a2e45f020b8f296d7a85d9a97c\",\"name\":\"syncreadwrite\",\"image\":{\"@type\":\"ImageObject\",\"inLanguage\":\"da-DK\",\"@id\":\"https:\/\/secure.gravatar.com\/avatar\/6ed1007e4f6f43f22e3df41d9fce4365533cba47fef64bb359b8e629abbc2ea6?s=96&d=mm&r=g\",\"url\":\"https:\/\/secure.gravatar.com\/avatar\/6ed1007e4f6f43f22e3df41d9fce4365533cba47fef64bb359b8e629abbc2ea6?s=96&d=mm&r=g\",\"contentUrl\":\"https:\/\/secure.gravatar.com\/avatar\/6ed1007e4f6f43f22e3df41d9fce4365533cba47fef64bb359b8e629abbc2ea6?s=96&d=mm&r=g\",\"caption\":\"syncreadwrite\"},\"url\":\"https:\/\/www.sts-education.com\/dk\/author\/syncreadwrite\/\"}]}<\/script>\n<!-- \/ Yoast SEO Premium plugin. -->","yoast_head_json":{"title":"Mirja tilbragte et \u00e5r i udlandet i Tyskland","description":"Det var min store dr\u00f8m at bo i Tyskland. Man siger, at tysk er et af de sv\u00e6reste sprog at l\u00e6re, og derfor er der ikke mange, der taler det.","robots":{"index":"index","follow":"follow","max-snippet":"max-snippet:-1","max-image-preview":"max-image-preview:large","max-video-preview":"max-video-preview:-1"},"canonical":"https:\/\/www.sts-education.com\/dk\/high-school\/beretninger-fra-eleverne\/elevhistorier\/mirja-tilbragte-et-ar-i-udlandet-i-tyskland\/","og_locale":"da_DK","og_type":"article","og_title":"Mirja Tilbragte Et Ar I Udlandet I Tyskland","og_description":"Det var min store dr\u00f8m at bo i Tyskland. Man siger, at tysk er et af de sv\u00e6reste sprog at l\u00e6re, og derfor er der ikke mange, der taler det.","og_url":"https:\/\/www.sts-education.com\/dk\/high-school\/beretninger-fra-eleverne\/elevhistorier\/mirja-tilbragte-et-ar-i-udlandet-i-tyskland\/","og_site_name":"STS Education","article_published_time":"2024-09-02T09:00:00+00:00","article_modified_time":"2026-04-15T09:50:35+00:00","og_image":[{"width":150,"height":150,"url":"https:\/\/powered-by.qbank.se\/educatius\/sts\/\/1344f704baffe0712e9cd1d2131fe26b_1-1-thumb.webp","type":"image\/jpeg"}],"author":"syncreadwrite","twitter_card":"summary_large_image","twitter_misc":{"Skrevet af":"syncreadwrite","Estimeret l\u00e6setid":"2 minutter"},"schema":{"@context":"https:\/\/schema.org","@graph":[{"@type":"Article","@id":"https:\/\/www.sts-education.com\/dk\/high-school\/beretninger-fra-eleverne\/elevhistorier\/mirja-tilbragte-et-ar-i-udlandet-i-tyskland\/#article","isPartOf":{"@id":"https:\/\/www.sts-education.com\/dk\/high-school\/beretninger-fra-eleverne\/elevhistorier\/mirja-tilbragte-et-ar-i-udlandet-i-tyskland\/"},"author":{"name":"syncreadwrite","@id":"https:\/\/www.sts-education.com\/dk\/#\/schema\/person\/8b82f3a2e45f020b8f296d7a85d9a97c"},"headline":"Mirja Tilbragte Et Ar I Udlandet I Tyskland","datePublished":"2024-09-02T09:00:00+00:00","dateModified":"2026-04-15T09:50:35+00:00","mainEntityOfPage":{"@id":"https:\/\/www.sts-education.com\/dk\/high-school\/beretninger-fra-eleverne\/elevhistorier\/mirja-tilbragte-et-ar-i-udlandet-i-tyskland\/"},"wordCount":433,"commentCount":0,"image":{"@id":"https:\/\/www.sts-education.com\/dk\/high-school\/beretninger-fra-eleverne\/elevhistorier\/mirja-tilbragte-et-ar-i-udlandet-i-tyskland\/#primaryimage"},"thumbnailUrl":"https:\/\/powered-by.qbank.se\/educatius\/sts\/\/1344f704baffe0712e9cd1d2131fe26b_1-1-thumb.webp","keywords":["Tyskland"],"articleSection":["Uncategorized @da"],"inLanguage":"da-DK","potentialAction":[{"@type":"CommentAction","name":"Comment","target":["https:\/\/www.sts-education.com\/dk\/high-school\/beretninger-fra-eleverne\/elevhistorier\/mirja-tilbragte-et-ar-i-udlandet-i-tyskland\/#respond"]}]},{"@type":"WebPage","@id":"https:\/\/www.sts-education.com\/dk\/high-school\/beretninger-fra-eleverne\/elevhistorier\/mirja-tilbragte-et-ar-i-udlandet-i-tyskland\/","url":"https:\/\/www.sts-education.com\/dk\/high-school\/beretninger-fra-eleverne\/elevhistorier\/mirja-tilbragte-et-ar-i-udlandet-i-tyskland\/","name":"Mirja tilbragte et \u00e5r i udlandet i Tyskland","isPartOf":{"@id":"https:\/\/www.sts-education.com\/dk\/#website"},"primaryImageOfPage":{"@id":"https:\/\/www.sts-education.com\/dk\/high-school\/beretninger-fra-eleverne\/elevhistorier\/mirja-tilbragte-et-ar-i-udlandet-i-tyskland\/#primaryimage"},"image":{"@id":"https:\/\/www.sts-education.com\/dk\/high-school\/beretninger-fra-eleverne\/elevhistorier\/mirja-tilbragte-et-ar-i-udlandet-i-tyskland\/#primaryimage"},"thumbnailUrl":"https:\/\/powered-by.qbank.se\/educatius\/sts\/\/1344f704baffe0712e9cd1d2131fe26b_1-1-thumb.webp","datePublished":"2024-09-02T09:00:00+00:00","dateModified":"2026-04-15T09:50:35+00:00","author":{"@id":"https:\/\/www.sts-education.com\/dk\/#\/schema\/person\/8b82f3a2e45f020b8f296d7a85d9a97c"},"description":"Det var min store dr\u00f8m at bo i Tyskland. Man siger, at tysk er et af de sv\u00e6reste sprog at l\u00e6re, og derfor er der ikke mange, der taler det.","breadcrumb":{"@id":"https:\/\/www.sts-education.com\/dk\/high-school\/beretninger-fra-eleverne\/elevhistorier\/mirja-tilbragte-et-ar-i-udlandet-i-tyskland\/#breadcrumb"},"inLanguage":"da-DK","potentialAction":[{"@type":"ReadAction","target":["https:\/\/www.sts-education.com\/dk\/high-school\/beretninger-fra-eleverne\/elevhistorier\/mirja-tilbragte-et-ar-i-udlandet-i-tyskland\/"]}]},{"@type":"ImageObject","inLanguage":"da-DK","@id":"https:\/\/www.sts-education.com\/dk\/high-school\/beretninger-fra-eleverne\/elevhistorier\/mirja-tilbragte-et-ar-i-udlandet-i-tyskland\/#primaryimage","url":"https:\/\/powered-by.qbank.se\/educatius\/sts\/\/1344f704baffe0712e9cd1d2131fe26b_1-1-thumb.webp","contentUrl":"https:\/\/powered-by.qbank.se\/educatius\/sts\/\/1344f704baffe0712e9cd1d2131fe26b_1-1-thumb.webp","width":150,"height":150},{"@type":"BreadcrumbList","@id":"https:\/\/www.sts-education.com\/dk\/high-school\/beretninger-fra-eleverne\/elevhistorier\/mirja-tilbragte-et-ar-i-udlandet-i-tyskland\/#breadcrumb","itemListElement":[{"@type":"ListItem","position":1,"name":"Home","item":"https:\/\/www.sts-education.com\/dk\/sample-page\/"},{"@type":"ListItem","position":2,"name":"Mirja Tilbragte Et Ar I Udlandet I Tyskland"}]},{"@type":"WebSite","@id":"https:\/\/www.sts-education.com\/dk\/#website","url":"https:\/\/www.sts-education.com\/dk\/","name":"STS Education","description":"","potentialAction":[{"@type":"SearchAction","target":{"@type":"EntryPoint","urlTemplate":"https:\/\/www.sts-education.com\/dk\/?s={search_term_string}"},"query-input":{"@type":"PropertyValueSpecification","valueRequired":true,"valueName":"search_term_string"}}],"inLanguage":"da-DK"},{"@type":"Person","@id":"https:\/\/www.sts-education.com\/dk\/#\/schema\/person\/8b82f3a2e45f020b8f296d7a85d9a97c","name":"syncreadwrite","image":{"@type":"ImageObject","inLanguage":"da-DK","@id":"https:\/\/secure.gravatar.com\/avatar\/6ed1007e4f6f43f22e3df41d9fce4365533cba47fef64bb359b8e629abbc2ea6?s=96&d=mm&r=g","url":"https:\/\/secure.gravatar.com\/avatar\/6ed1007e4f6f43f22e3df41d9fce4365533cba47fef64bb359b8e629abbc2ea6?s=96&d=mm&r=g","contentUrl":"https:\/\/secure.gravatar.com\/avatar\/6ed1007e4f6f43f22e3df41d9fce4365533cba47fef64bb359b8e629abbc2ea6?s=96&d=mm&r=g","caption":"syncreadwrite"},"url":"https:\/\/www.sts-education.com\/dk\/author\/syncreadwrite\/"}]}},"_links":{"self":[{"href":"https:\/\/www.sts-education.com\/dk\/wp-json\/wp\/v2\/posts\/11462","targetHints":{"allow":["GET"]}}],"collection":[{"href":"https:\/\/www.sts-education.com\/dk\/wp-json\/wp\/v2\/posts"}],"about":[{"href":"https:\/\/www.sts-education.com\/dk\/wp-json\/wp\/v2\/types\/post"}],"author":[{"embeddable":true,"href":"https:\/\/www.sts-education.com\/dk\/wp-json\/wp\/v2\/users\/20"}],"replies":[{"embeddable":true,"href":"https:\/\/www.sts-education.com\/dk\/wp-json\/wp\/v2\/comments?post=11462"}],"version-history":[{"count":5,"href":"https:\/\/www.sts-education.com\/dk\/wp-json\/wp\/v2\/posts\/11462\/revisions"}],"predecessor-version":[{"id":36219,"href":"https:\/\/www.sts-education.com\/dk\/wp-json\/wp\/v2\/posts\/11462\/revisions\/36219"}],"wp:featuredmedia":[{"embeddable":true,"href":"https:\/\/www.sts-education.com\/dk\/wp-json\/wp\/v2\/media\/12890"}],"wp:attachment":[{"href":"https:\/\/www.sts-education.com\/dk\/wp-json\/wp\/v2\/media?parent=11462"}],"wp:term":[{"taxonomy":"category","embeddable":true,"href":"https:\/\/www.sts-education.com\/dk\/wp-json\/wp\/v2\/categories?post=11462"},{"taxonomy":"post_tag","embeddable":true,"href":"https:\/\/www.sts-education.com\/dk\/wp-json\/wp\/v2\/tags?post=11462"},{"taxonomy":"wpw_post_folders","embeddable":true,"href":"https:\/\/www.sts-education.com\/dk\/wp-json\/wp\/v2\/wpw_post_folders?post=11462"}],"curies":[{"name":"wp","href":"https:\/\/api.w.org\/{rel}","templated":true}]}}