{"id":11467,"date":"2023-05-02T10:00:00","date_gmt":"2023-05-02T10:00:00","guid":{"rendered":"https:\/\/preprod.sts-education.com\/blog\/2026\/03\/05\/emilia-var-pa-udvekslingsar-i-canada\/"},"modified":"2026-04-15T09:51:14","modified_gmt":"2026-04-15T09:51:14","slug":"emilia-var-pa-udvekslingsar-i-canada","status":"publish","type":"post","link":"https:\/\/www.sts-education.com\/dk\/high-school\/beretninger-fra-eleverne\/elevhistorier\/emilia-var-pa-udvekslingsar-i-canada\/","title":{"rendered":"Emilia Var Pa Udvekslingsar I Canada"},"content":{"rendered":"\n<div class=\"wp-block-sts-text sts-text-editor has-max-width-md\"><div class=\"sts-text-editor__content\"><div class=\"sts-text-editor__content-inner\">\n<h1 style=\"text-align:center\">Emilia var p\u00e5 udvekslings\u00e5r i Canada<\/h1>\n<\/div><\/div><\/div>\n\n\n\n<div class=\"wp-block-sts-text sts-text-editor has-max-width-md\"><div class=\"sts-text-editor__content\"><div class=\"sts-text-editor__content-inner\">\n<p><em>Emilia fra \u00d8strig tog p\u00e5 udveksling til Vancouver i Canada.<\/em><\/p>\n<h2>Hvorfor Canada og Vancouver?<\/h2>\n<p>Fordi det er den &quot;st\u00f8rre version af min hjemby i \u00d8strig&quot; &#8211; hav, s\u00f8er, bjerge og by kombineret. Der er utroligt mange aktiviteter: skil\u00f8b, sv\u00f8mning, beachvolley, vandreture og udforskning af forskellige mad- og shoppingsteder. Det var det optimale sted for mig at komme ud af min komfortzone og forbedre mit engelsk, selvom det bestemt ikke var den st\u00f8rste motivation.<\/p>\n<h2>Hvordan var det at bo hos en v\u00e6rtsfamilie?<\/h2>\n<p>I begyndelsen havde jeg nogle problemer med min v\u00e6rtsfamilie, men det l\u00f8ste sig i l\u00f8bet af f\u00e5 uger. Jeg kom til at bo hos en vidunderlig, omsorgsfuld familie. I starten virker det sv\u00e6rt at finde sig til rette i en ny husstand, men det er bestemt det hele v\u00e6rd. Man opbygger livslange forbindelser der.<\/p>\n<h2>Hvad lavede du i din fritid? Havde du nogen nye hobbyer?<\/h2>\n<p>Efter skole gik jeg altid ud med mine venner og udforskede forskellige kvarterer i Vancouver. Jeg meldte mig ogs\u00e5 ind i en volleyballklub og kom med til mange turneringer i Vancouver. At blive medlem af denne klub og v\u00e6re en del af dette fantastiske, motiverede hold var en af de bedste muligheder, jeg fik der.<\/p>\n<h2>Hvad var en stor udfordring for dig? Hvordan overvandt du den?<\/h2>\n<p>I starten er det lidt sv\u00e6rt at opbygge sociale relationer, men det udvikler sig. Man skal bare tage sig god tid og &quot;stole p\u00e5 processen&quot;. Min st\u00f8rste udfordring var v\u00e6rtsfamilien, men som sagt blev det l\u00f8st med hj\u00e6lp fra min lokale koordinator.<\/p>\n<h2>Hvad er dit bedste minde?<\/h2>\n<p>De absolut bedste \u00f8jeblikke var, da jeg tog med p\u00e5 en tur til Rocky Mountains sammen med flere andre internationale. Vi fik udforsket alle de smukke turiststeder, og jeg m\u00f8dte mennesker der, som blev (p\u00e5 fire dage!) s\u00e5 t\u00e6tte p\u00e5 mig, som om jeg havde kendt dem i en menneskealder.<\/p>\n<h2>Kan du anbefale at tage af sted?<\/h2>\n<p>Mit liv blev vendt p\u00e5 hovedet for en stund. Det var n\u00f8dvendigt at tr\u00e6de ud af min komfortzone. Men hvis jeg kunne g\u00f8re det, kan du ogs\u00e5 g\u00f8re det! Hvis du har mulighed for det og st\u00f8tte fra dine for\u00e6ldre, s\u00e5 tag af sted!<\/p>\n<p>Bare et tip: Hvis du tager af sted, s\u00e5 glem aldrig at s\u00e6tte pris p\u00e5 det. Det er en oplevelse, som ikke mange f\u00e5r chancen for at g\u00f8re.<\/p>\n<h2>Kan du anbefale et udvekslingsophold i Canada?<\/h2>\n<p>Ja, det kan jeg! Is\u00e6r hvis du kan lide natur og skil\u00f8b. Folk siger, at Canadas natur er fantastisk &#8230; og de kunne ikke have mere ret. Og med endel\u00f8se skove og bjerge var skil\u00f8b en af de mest fantastiske aktiviteter der.<\/p>\n<h2>Dit bedste r\u00e5d?<\/h2>\n<p>Selvom man l\u00e6rer en masse om nye mennesker, en ny livsstil og naturligvis et nyt sprog, er det afg\u00f8rende at forst\u00e5, at den vigtigste l\u00e6ring er ens evne til at tilpasse sig andre. Intet sker af sig selv; det er dit ansvar at g\u00f8re udvekslingen til en uforglemmelig del af dit liv. Du kan ikke forvente, at andre g\u00f8r det p\u00e5 den m\u00e5de. Lad ikke m\u00e5nederne g\u00e5, men det er stadig vigtigt at give sig selv tid, da det er en enorm udfordring.<\/p>\n<h2>Hvorfor valgte du STS?<\/h2>\n<p>Jeg valgte STS, fordi det er en virksomhed, der har eksisteret i \u00e5rtier og derfor har meget erfaring. Dern\u00e6st tilb\u00f8d de en masse forskellige lande, hvilket er rart i starten, hvis man ikke har nogen id\u00e9 om, hvor man skal hen endnu. Fra Costa Rica til USA og Australien kan du finde alt.<\/p>\n<h2>Var du tilfreds med STS?<\/h2>\n<p>Hvad ang\u00e5r STS, kan jeg med gl\u00e6de sige, at det var hver en euro v\u00e6rd at v\u00e6lge denne organisation. Fra forberedelsesdagene i mit hjemland til velkomstlejren og den lokale st\u00f8tte i mit v\u00e6rtsland, alt fungerede altid godt.<\/p>\n<h2>Hvad er dine vigtigste erfaringer?<\/h2>\n<p>Selvom jeg har v\u00e6ret en ret udadvendt person, f\u00f8r jeg kom hertil, kan jeg stadig sige, at det gjorde mig endnu mere udadvendt og \u00e5ben over for nye ting. Men det har ogs\u00e5 udvidet min horisont, da jeg har oplevet den nordamerikanske livsstil, som er meget forskellig fra den europ\u00e6iske.<\/p>\n<h2>Hvordan vil dit udvekslingsophold p\u00e5virke din fremtid?<\/h2>\n<p>Jeg vil vende tilbage med et \u00e5bent sind. Med en f\u00f8lelse af, at resten af verden venter p\u00e5 at blive udforsket af mig. At dette bare var begyndelsen, den store \u00e5bning.<\/p>\n<h2>Find ud af mere!<\/h2>\n<ul><li>L\u00e6s flere <a href=\"https:\/\/www.sts-education.com\/dk\/high-school\/beretninger-fra-eleverne\/elevhistorier\/?hashtag=Canada\">elevhistorier fra Canada<\/a><\/li>\n<li>L\u00e6s mere om <a href=\"https:\/\/www.sts-education.com\/dk\/high-school\/programlande\/nordamerika\/canada\/\">high school-udveksling i Canada<\/a><\/li>\n<li>Se alle vores <a href=\"\/dk\/high-school\/tripfinder\/\">destinationer for high school-udveksling<\/a><\/li><\/ul>\n<\/div><\/div><\/div>\n","protected":false},"excerpt":{"rendered":"","protected":false},"author":20,"featured_media":12900,"comment_status":"open","ping_status":"open","sticky":false,"template":"","format":"standard","meta":{"_acf_changed":false,"_yoast_wpseo_title":"Emilia var p\u00e5 udvekslings\u00e5r i Canada","_yoast_wpseo_metadesc":"Hvorfor Canada og Vancouver? Fordi det er den \"st\u00f8rre version af min hjemby i \u00d8strig\" - hav, s\u00f8er, bjerge og by kombineret.","footnotes":""},"categories":[305],"tags":[880],"wpw_post_folders":[],"class_list":["post-11467","post","type-post","status-publish","format-standard","has-post-thumbnail","hentry","category-uncategorized-da","tag-canada"],"acf":[],"yoast_head":"<!-- This site is optimized with the Yoast SEO Premium plugin v27.2 (Yoast SEO v27.2) - https:\/\/yoast.com\/product\/yoast-seo-premium-wordpress\/ -->\n<title>Emilia var p\u00e5 udvekslings\u00e5r i Canada<\/title>\n<meta name=\"description\" content=\"Hvorfor Canada og Vancouver? Fordi det er den &quot;st\u00f8rre version af min hjemby i \u00d8strig&quot; - hav, s\u00f8er, bjerge og by kombineret.\" \/>\n<meta name=\"robots\" content=\"index, follow, max-snippet:-1, max-image-preview:large, max-video-preview:-1\" \/>\n<link rel=\"canonical\" href=\"https:\/\/www.sts-education.com\/dk\/high-school\/beretninger-fra-eleverne\/elevhistorier\/emilia-var-pa-udvekslingsar-i-canada\/\" \/>\n<meta property=\"og:locale\" content=\"da_DK\" \/>\n<meta property=\"og:type\" content=\"article\" \/>\n<meta property=\"og:title\" content=\"Emilia Var Pa Udvekslingsar I Canada\" \/>\n<meta property=\"og:description\" content=\"Hvorfor Canada og Vancouver? Fordi det er den &quot;st\u00f8rre version af min hjemby i \u00d8strig&quot; - hav, s\u00f8er, bjerge og by kombineret.\" \/>\n<meta property=\"og:url\" content=\"https:\/\/www.sts-education.com\/dk\/high-school\/beretninger-fra-eleverne\/elevhistorier\/emilia-var-pa-udvekslingsar-i-canada\/\" \/>\n<meta property=\"og:site_name\" content=\"STS Education\" \/>\n<meta property=\"article:published_time\" content=\"2023-05-02T10:00:00+00:00\" \/>\n<meta property=\"article:modified_time\" content=\"2026-04-15T09:51:14+00:00\" \/>\n<meta property=\"og:image\" content=\"https:\/\/powered-by.qbank.se\/educatius\/sts\/\/2daf64162521b454bbf048f88fecc0a5_1-1-thumb.webp\" \/>\n\t<meta property=\"og:image:width\" content=\"150\" \/>\n\t<meta property=\"og:image:height\" content=\"150\" \/>\n\t<meta property=\"og:image:type\" content=\"image\/jpeg\" \/>\n<meta name=\"author\" content=\"syncreadwrite\" \/>\n<meta name=\"twitter:card\" content=\"summary_large_image\" \/>\n<meta name=\"twitter:label1\" content=\"Skrevet af\" \/>\n\t<meta name=\"twitter:data1\" content=\"syncreadwrite\" \/>\n\t<meta name=\"twitter:label2\" content=\"Estimeret l\u00e6setid\" \/>\n\t<meta name=\"twitter:data2\" content=\"4 minutter\" \/>\n<script type=\"application\/ld+json\" class=\"yoast-schema-graph\">{\"@context\":\"https:\/\/schema.org\",\"@graph\":[{\"@type\":\"Article\",\"@id\":\"https:\/\/www.sts-education.com\/dk\/high-school\/beretninger-fra-eleverne\/elevhistorier\/emilia-var-pa-udvekslingsar-i-canada\/#article\",\"isPartOf\":{\"@id\":\"https:\/\/www.sts-education.com\/dk\/high-school\/beretninger-fra-eleverne\/elevhistorier\/emilia-var-pa-udvekslingsar-i-canada\/\"},\"author\":{\"name\":\"syncreadwrite\",\"@id\":\"https:\/\/www.sts-education.com\/dk\/#\/schema\/person\/8b82f3a2e45f020b8f296d7a85d9a97c\"},\"headline\":\"Emilia Var Pa Udvekslingsar I Canada\",\"datePublished\":\"2023-05-02T10:00:00+00:00\",\"dateModified\":\"2026-04-15T09:51:14+00:00\",\"mainEntityOfPage\":{\"@id\":\"https:\/\/www.sts-education.com\/dk\/high-school\/beretninger-fra-eleverne\/elevhistorier\/emilia-var-pa-udvekslingsar-i-canada\/\"},\"wordCount\":809,\"commentCount\":0,\"image\":{\"@id\":\"https:\/\/www.sts-education.com\/dk\/high-school\/beretninger-fra-eleverne\/elevhistorier\/emilia-var-pa-udvekslingsar-i-canada\/#primaryimage\"},\"thumbnailUrl\":\"https:\/\/powered-by.qbank.se\/educatius\/sts\/\/2daf64162521b454bbf048f88fecc0a5_1-1-thumb.webp\",\"keywords\":[\"Canada\"],\"articleSection\":[\"Uncategorized @da\"],\"inLanguage\":\"da-DK\",\"potentialAction\":[{\"@type\":\"CommentAction\",\"name\":\"Comment\",\"target\":[\"https:\/\/www.sts-education.com\/dk\/high-school\/beretninger-fra-eleverne\/elevhistorier\/emilia-var-pa-udvekslingsar-i-canada\/#respond\"]}]},{\"@type\":\"WebPage\",\"@id\":\"https:\/\/www.sts-education.com\/dk\/high-school\/beretninger-fra-eleverne\/elevhistorier\/emilia-var-pa-udvekslingsar-i-canada\/\",\"url\":\"https:\/\/www.sts-education.com\/dk\/high-school\/beretninger-fra-eleverne\/elevhistorier\/emilia-var-pa-udvekslingsar-i-canada\/\",\"name\":\"Emilia var p\u00e5 udvekslings\u00e5r i Canada\",\"isPartOf\":{\"@id\":\"https:\/\/www.sts-education.com\/dk\/#website\"},\"primaryImageOfPage\":{\"@id\":\"https:\/\/www.sts-education.com\/dk\/high-school\/beretninger-fra-eleverne\/elevhistorier\/emilia-var-pa-udvekslingsar-i-canada\/#primaryimage\"},\"image\":{\"@id\":\"https:\/\/www.sts-education.com\/dk\/high-school\/beretninger-fra-eleverne\/elevhistorier\/emilia-var-pa-udvekslingsar-i-canada\/#primaryimage\"},\"thumbnailUrl\":\"https:\/\/powered-by.qbank.se\/educatius\/sts\/\/2daf64162521b454bbf048f88fecc0a5_1-1-thumb.webp\",\"datePublished\":\"2023-05-02T10:00:00+00:00\",\"dateModified\":\"2026-04-15T09:51:14+00:00\",\"author\":{\"@id\":\"https:\/\/www.sts-education.com\/dk\/#\/schema\/person\/8b82f3a2e45f020b8f296d7a85d9a97c\"},\"description\":\"Hvorfor Canada og Vancouver? Fordi det er den \\\"st\u00f8rre version af min hjemby i \u00d8strig\\\" - hav, s\u00f8er, bjerge og by kombineret.\",\"breadcrumb\":{\"@id\":\"https:\/\/www.sts-education.com\/dk\/high-school\/beretninger-fra-eleverne\/elevhistorier\/emilia-var-pa-udvekslingsar-i-canada\/#breadcrumb\"},\"inLanguage\":\"da-DK\",\"potentialAction\":[{\"@type\":\"ReadAction\",\"target\":[\"https:\/\/www.sts-education.com\/dk\/high-school\/beretninger-fra-eleverne\/elevhistorier\/emilia-var-pa-udvekslingsar-i-canada\/\"]}]},{\"@type\":\"ImageObject\",\"inLanguage\":\"da-DK\",\"@id\":\"https:\/\/www.sts-education.com\/dk\/high-school\/beretninger-fra-eleverne\/elevhistorier\/emilia-var-pa-udvekslingsar-i-canada\/#primaryimage\",\"url\":\"https:\/\/powered-by.qbank.se\/educatius\/sts\/\/2daf64162521b454bbf048f88fecc0a5_1-1-thumb.webp\",\"contentUrl\":\"https:\/\/powered-by.qbank.se\/educatius\/sts\/\/2daf64162521b454bbf048f88fecc0a5_1-1-thumb.webp\",\"width\":150,\"height\":150},{\"@type\":\"BreadcrumbList\",\"@id\":\"https:\/\/www.sts-education.com\/dk\/high-school\/beretninger-fra-eleverne\/elevhistorier\/emilia-var-pa-udvekslingsar-i-canada\/#breadcrumb\",\"itemListElement\":[{\"@type\":\"ListItem\",\"position\":1,\"name\":\"Home\",\"item\":\"https:\/\/www.sts-education.com\/dk\/sample-page\/\"},{\"@type\":\"ListItem\",\"position\":2,\"name\":\"Emilia Var Pa Udvekslingsar I Canada\"}]},{\"@type\":\"WebSite\",\"@id\":\"https:\/\/www.sts-education.com\/dk\/#website\",\"url\":\"https:\/\/www.sts-education.com\/dk\/\",\"name\":\"STS Education\",\"description\":\"\",\"potentialAction\":[{\"@type\":\"SearchAction\",\"target\":{\"@type\":\"EntryPoint\",\"urlTemplate\":\"https:\/\/www.sts-education.com\/dk\/?s={search_term_string}\"},\"query-input\":{\"@type\":\"PropertyValueSpecification\",\"valueRequired\":true,\"valueName\":\"search_term_string\"}}],\"inLanguage\":\"da-DK\"},{\"@type\":\"Person\",\"@id\":\"https:\/\/www.sts-education.com\/dk\/#\/schema\/person\/8b82f3a2e45f020b8f296d7a85d9a97c\",\"name\":\"syncreadwrite\",\"image\":{\"@type\":\"ImageObject\",\"inLanguage\":\"da-DK\",\"@id\":\"https:\/\/secure.gravatar.com\/avatar\/6ed1007e4f6f43f22e3df41d9fce4365533cba47fef64bb359b8e629abbc2ea6?s=96&d=mm&r=g\",\"url\":\"https:\/\/secure.gravatar.com\/avatar\/6ed1007e4f6f43f22e3df41d9fce4365533cba47fef64bb359b8e629abbc2ea6?s=96&d=mm&r=g\",\"contentUrl\":\"https:\/\/secure.gravatar.com\/avatar\/6ed1007e4f6f43f22e3df41d9fce4365533cba47fef64bb359b8e629abbc2ea6?s=96&d=mm&r=g\",\"caption\":\"syncreadwrite\"},\"url\":\"https:\/\/www.sts-education.com\/dk\/author\/syncreadwrite\/\"}]}<\/script>\n<!-- \/ Yoast SEO Premium plugin. -->","yoast_head_json":{"title":"Emilia var p\u00e5 udvekslings\u00e5r i Canada","description":"Hvorfor Canada og Vancouver? Fordi det er den \"st\u00f8rre version af min hjemby i \u00d8strig\" - hav, s\u00f8er, bjerge og by kombineret.","robots":{"index":"index","follow":"follow","max-snippet":"max-snippet:-1","max-image-preview":"max-image-preview:large","max-video-preview":"max-video-preview:-1"},"canonical":"https:\/\/www.sts-education.com\/dk\/high-school\/beretninger-fra-eleverne\/elevhistorier\/emilia-var-pa-udvekslingsar-i-canada\/","og_locale":"da_DK","og_type":"article","og_title":"Emilia Var Pa Udvekslingsar I Canada","og_description":"Hvorfor Canada og Vancouver? Fordi det er den \"st\u00f8rre version af min hjemby i \u00d8strig\" - hav, s\u00f8er, bjerge og by kombineret.","og_url":"https:\/\/www.sts-education.com\/dk\/high-school\/beretninger-fra-eleverne\/elevhistorier\/emilia-var-pa-udvekslingsar-i-canada\/","og_site_name":"STS Education","article_published_time":"2023-05-02T10:00:00+00:00","article_modified_time":"2026-04-15T09:51:14+00:00","og_image":[{"width":150,"height":150,"url":"https:\/\/powered-by.qbank.se\/educatius\/sts\/\/2daf64162521b454bbf048f88fecc0a5_1-1-thumb.webp","type":"image\/jpeg"}],"author":"syncreadwrite","twitter_card":"summary_large_image","twitter_misc":{"Skrevet af":"syncreadwrite","Estimeret l\u00e6setid":"4 minutter"},"schema":{"@context":"https:\/\/schema.org","@graph":[{"@type":"Article","@id":"https:\/\/www.sts-education.com\/dk\/high-school\/beretninger-fra-eleverne\/elevhistorier\/emilia-var-pa-udvekslingsar-i-canada\/#article","isPartOf":{"@id":"https:\/\/www.sts-education.com\/dk\/high-school\/beretninger-fra-eleverne\/elevhistorier\/emilia-var-pa-udvekslingsar-i-canada\/"},"author":{"name":"syncreadwrite","@id":"https:\/\/www.sts-education.com\/dk\/#\/schema\/person\/8b82f3a2e45f020b8f296d7a85d9a97c"},"headline":"Emilia Var Pa Udvekslingsar I Canada","datePublished":"2023-05-02T10:00:00+00:00","dateModified":"2026-04-15T09:51:14+00:00","mainEntityOfPage":{"@id":"https:\/\/www.sts-education.com\/dk\/high-school\/beretninger-fra-eleverne\/elevhistorier\/emilia-var-pa-udvekslingsar-i-canada\/"},"wordCount":809,"commentCount":0,"image":{"@id":"https:\/\/www.sts-education.com\/dk\/high-school\/beretninger-fra-eleverne\/elevhistorier\/emilia-var-pa-udvekslingsar-i-canada\/#primaryimage"},"thumbnailUrl":"https:\/\/powered-by.qbank.se\/educatius\/sts\/\/2daf64162521b454bbf048f88fecc0a5_1-1-thumb.webp","keywords":["Canada"],"articleSection":["Uncategorized @da"],"inLanguage":"da-DK","potentialAction":[{"@type":"CommentAction","name":"Comment","target":["https:\/\/www.sts-education.com\/dk\/high-school\/beretninger-fra-eleverne\/elevhistorier\/emilia-var-pa-udvekslingsar-i-canada\/#respond"]}]},{"@type":"WebPage","@id":"https:\/\/www.sts-education.com\/dk\/high-school\/beretninger-fra-eleverne\/elevhistorier\/emilia-var-pa-udvekslingsar-i-canada\/","url":"https:\/\/www.sts-education.com\/dk\/high-school\/beretninger-fra-eleverne\/elevhistorier\/emilia-var-pa-udvekslingsar-i-canada\/","name":"Emilia var p\u00e5 udvekslings\u00e5r i Canada","isPartOf":{"@id":"https:\/\/www.sts-education.com\/dk\/#website"},"primaryImageOfPage":{"@id":"https:\/\/www.sts-education.com\/dk\/high-school\/beretninger-fra-eleverne\/elevhistorier\/emilia-var-pa-udvekslingsar-i-canada\/#primaryimage"},"image":{"@id":"https:\/\/www.sts-education.com\/dk\/high-school\/beretninger-fra-eleverne\/elevhistorier\/emilia-var-pa-udvekslingsar-i-canada\/#primaryimage"},"thumbnailUrl":"https:\/\/powered-by.qbank.se\/educatius\/sts\/\/2daf64162521b454bbf048f88fecc0a5_1-1-thumb.webp","datePublished":"2023-05-02T10:00:00+00:00","dateModified":"2026-04-15T09:51:14+00:00","author":{"@id":"https:\/\/www.sts-education.com\/dk\/#\/schema\/person\/8b82f3a2e45f020b8f296d7a85d9a97c"},"description":"Hvorfor Canada og Vancouver? Fordi det er den \"st\u00f8rre version af min hjemby i \u00d8strig\" - hav, s\u00f8er, bjerge og by kombineret.","breadcrumb":{"@id":"https:\/\/www.sts-education.com\/dk\/high-school\/beretninger-fra-eleverne\/elevhistorier\/emilia-var-pa-udvekslingsar-i-canada\/#breadcrumb"},"inLanguage":"da-DK","potentialAction":[{"@type":"ReadAction","target":["https:\/\/www.sts-education.com\/dk\/high-school\/beretninger-fra-eleverne\/elevhistorier\/emilia-var-pa-udvekslingsar-i-canada\/"]}]},{"@type":"ImageObject","inLanguage":"da-DK","@id":"https:\/\/www.sts-education.com\/dk\/high-school\/beretninger-fra-eleverne\/elevhistorier\/emilia-var-pa-udvekslingsar-i-canada\/#primaryimage","url":"https:\/\/powered-by.qbank.se\/educatius\/sts\/\/2daf64162521b454bbf048f88fecc0a5_1-1-thumb.webp","contentUrl":"https:\/\/powered-by.qbank.se\/educatius\/sts\/\/2daf64162521b454bbf048f88fecc0a5_1-1-thumb.webp","width":150,"height":150},{"@type":"BreadcrumbList","@id":"https:\/\/www.sts-education.com\/dk\/high-school\/beretninger-fra-eleverne\/elevhistorier\/emilia-var-pa-udvekslingsar-i-canada\/#breadcrumb","itemListElement":[{"@type":"ListItem","position":1,"name":"Home","item":"https:\/\/www.sts-education.com\/dk\/sample-page\/"},{"@type":"ListItem","position":2,"name":"Emilia Var Pa Udvekslingsar I Canada"}]},{"@type":"WebSite","@id":"https:\/\/www.sts-education.com\/dk\/#website","url":"https:\/\/www.sts-education.com\/dk\/","name":"STS Education","description":"","potentialAction":[{"@type":"SearchAction","target":{"@type":"EntryPoint","urlTemplate":"https:\/\/www.sts-education.com\/dk\/?s={search_term_string}"},"query-input":{"@type":"PropertyValueSpecification","valueRequired":true,"valueName":"search_term_string"}}],"inLanguage":"da-DK"},{"@type":"Person","@id":"https:\/\/www.sts-education.com\/dk\/#\/schema\/person\/8b82f3a2e45f020b8f296d7a85d9a97c","name":"syncreadwrite","image":{"@type":"ImageObject","inLanguage":"da-DK","@id":"https:\/\/secure.gravatar.com\/avatar\/6ed1007e4f6f43f22e3df41d9fce4365533cba47fef64bb359b8e629abbc2ea6?s=96&d=mm&r=g","url":"https:\/\/secure.gravatar.com\/avatar\/6ed1007e4f6f43f22e3df41d9fce4365533cba47fef64bb359b8e629abbc2ea6?s=96&d=mm&r=g","contentUrl":"https:\/\/secure.gravatar.com\/avatar\/6ed1007e4f6f43f22e3df41d9fce4365533cba47fef64bb359b8e629abbc2ea6?s=96&d=mm&r=g","caption":"syncreadwrite"},"url":"https:\/\/www.sts-education.com\/dk\/author\/syncreadwrite\/"}]}},"_links":{"self":[{"href":"https:\/\/www.sts-education.com\/dk\/wp-json\/wp\/v2\/posts\/11467","targetHints":{"allow":["GET"]}}],"collection":[{"href":"https:\/\/www.sts-education.com\/dk\/wp-json\/wp\/v2\/posts"}],"about":[{"href":"https:\/\/www.sts-education.com\/dk\/wp-json\/wp\/v2\/types\/post"}],"author":[{"embeddable":true,"href":"https:\/\/www.sts-education.com\/dk\/wp-json\/wp\/v2\/users\/20"}],"replies":[{"embeddable":true,"href":"https:\/\/www.sts-education.com\/dk\/wp-json\/wp\/v2\/comments?post=11467"}],"version-history":[{"count":5,"href":"https:\/\/www.sts-education.com\/dk\/wp-json\/wp\/v2\/posts\/11467\/revisions"}],"predecessor-version":[{"id":36245,"href":"https:\/\/www.sts-education.com\/dk\/wp-json\/wp\/v2\/posts\/11467\/revisions\/36245"}],"wp:featuredmedia":[{"embeddable":true,"href":"https:\/\/www.sts-education.com\/dk\/wp-json\/wp\/v2\/media\/12900"}],"wp:attachment":[{"href":"https:\/\/www.sts-education.com\/dk\/wp-json\/wp\/v2\/media?parent=11467"}],"wp:term":[{"taxonomy":"category","embeddable":true,"href":"https:\/\/www.sts-education.com\/dk\/wp-json\/wp\/v2\/categories?post=11467"},{"taxonomy":"post_tag","embeddable":true,"href":"https:\/\/www.sts-education.com\/dk\/wp-json\/wp\/v2\/tags?post=11467"},{"taxonomy":"wpw_post_folders","embeddable":true,"href":"https:\/\/www.sts-education.com\/dk\/wp-json\/wp\/v2\/wpw_post_folders?post=11467"}],"curies":[{"name":"wp","href":"https:\/\/api.w.org\/{rel}","templated":true}]}}