{"id":11468,"date":"2023-05-02T10:00:00","date_gmt":"2023-05-02T10:00:00","guid":{"rendered":"https:\/\/preprod.sts-education.com\/blog\/2026\/03\/05\/vittoria-tog-pa-high-school-udveksling-til-tyskland\/"},"modified":"2026-04-15T09:51:13","modified_gmt":"2026-04-15T09:51:13","slug":"vittoria-tog-pa-high-school-udveksling-til-tyskland","status":"publish","type":"post","link":"https:\/\/www.sts-education.com\/dk\/high-school\/beretninger-fra-eleverne\/elevhistorier\/vittoria-tog-pa-high-school-udveksling-til-tyskland\/","title":{"rendered":"Vittoria Tog Pa High School Udveksling Til Tyskland"},"content":{"rendered":"\n<div class=\"wp-block-sts-text sts-text-editor has-max-width-md\"><div class=\"sts-text-editor__content\"><div class=\"sts-text-editor__content-inner\">\n<h1 style=\"text-align:center\">Vittoria tog p\u00e5 high school-udveksling til Tyskland<\/h1>\n<\/div><\/div><\/div>\n\n\n\n<div class=\"wp-block-sts-text sts-text-editor has-max-width-md\"><div class=\"sts-text-editor__content\"><div class=\"sts-text-editor__content-inner\">\n<p><em>Vittoria fra Italien tilbragte sit udvekslingsophold i Tyskland.<\/em><\/p>\n<h2>Hvor tog du hen?<\/h2>\n<p>Jeg tilbragte 11 m\u00e5neder i Starnberg, en lille by 30 minutter fra M\u00fcnchen i Bayern. Denne oplevelse var den bedste i mit liv indtil videre.<\/p>\n<h2>Hvorfor Tyskland?<\/h2>\n<p>Jeg g\u00e5r p\u00e5 et sprogligt gymnasium, og da jeg valgte Tyskland, havde jeg allerede studeret tysk i tre \u00e5r. Jeg var ikke s\u00e6rlig god til tysk, jeg kunne slet ikke lide det. S\u00e5 jeg t\u00e6nkte, at den bedste m\u00e5de at overvinde denne forhindring p\u00e5 var at tage dertil og forbedre sproget.<\/p>\n<h2>Hvordan var det at bo hos en v\u00e6rtsfamilie?<\/h2>\n<p>Min oplevelse med v\u00e6rtsfamilien var speciel. Faktisk havde jeg to v\u00e6rtsfamilier. Efter de f\u00f8rste tre m\u00e5neder sammen inds\u00e5 min f\u00f8rste v\u00e6rtsfamilie og jeg, at det ikke var det rigtige match. Inden for to uger lykkedes det STS at finde en anden v\u00e6rtsfamilie til mig: den bedste familie, jeg nogensinde har m\u00f8dt! Jeg fik s\u00e5 mange nye oplevelser sammen med dem. Jeg stod p\u00e5 ski for f\u00f8rste gang i mit liv, de viste mig rundt i M\u00fcnchen og mange andre steder i Tyskland. At bo i en familie, der ikke er ens egen, kan v\u00e6re sv\u00e6rt i starten, men med tiden l\u00e6rer man hinanden at kende og etablerer et \u00e6gte forhold med tillid og k\u00e6rlighed. Jeg er nu p\u00e5 god fod med begge familier og bes\u00f8gte dem endda efter mit \u00e5r i udlandet.<\/p>\n<h2>Var det nemt\/sv\u00e6rt at f\u00e5 venner?<\/h2>\n<p>Ligesom min v\u00e6rtsfamilie var mine venner ogs\u00e5 en vigtig del af dette \u00e5r i udlandet. Jeg havde ingen s\u00e6rlige problemer med at f\u00e5 venner; jeg er en meget udadvendt person, som altid er \u00e5ben for nye venskaber. Jeg var ogs\u00e5 heldig, fordi de mennesker, jeg m\u00f8dte, var meget venlige fra starten. De hjalp mig med at blive integreret i skolen, og is\u00e6r i timerne opmuntrede de mig virkelig til at tale tysk og l\u00e6re dette sprog, som altid havde v\u00e6ret forf\u00e6rdeligt for mig.<\/p>\n<h2>Hvordan var skolen?<\/h2>\n<p>Systemet er meget anderledes end det, jeg er vant til i Italien. Det var en superorganiseret skole. Den gav mig mulighed for at lave s\u00e5 mange aktiviteter: forskellige sportsgrene, sprogkurser, praktiske workshops i journalistik, fotografi, kunst, matematik og geografi, muligheden for at optr\u00e6de ved \u00e5rets afslutningskoncert ved at deltage i sang- og musikundervisning og s\u00e5 meget mere! Jeg deltog i journalistikkurset og fotokurset, og jeg deltog ogs\u00e5 i volleyball- og dansetimer.<\/p>\n<h2>Hvad er dit bedste minde?<\/h2>\n<p>Hvis jeg skulle tale om de bedste minder fra mit \u00e5r i udlandet, ville jeg v\u00e6re n\u00f8dt til at lave en meget lang liste. Jeg kunne tale om skolerejsen til Berlin med min klasse, ferien i Berlin med min v\u00e6rtsfamilie eller STS-lejren i Paris. Et af de \u00f8jeblikke, der har br\u00e6ndt sig mest fast i mit hjerte, var min 18-\u00e5rs f\u00f8dselsdag. Jeg var lidt ked af det, for i Italien er det en meget vigtig fest, og jeg savnede mine venner og is\u00e6r min familie. Men takket v\u00e6re mine venner og min fantastiske v\u00e6rtsfamilie fik jeg den f\u00f8dselsdagsfest, jeg altid havde \u00f8nsket mig, med de mennesker, jeg holdt allermest af.<\/p>\n<h2>Hvordan vil dit udvekslingsophold p\u00e5virke din fremtid?<\/h2>\n<p>Takket v\u00e6re dette \u00e5r i udlandet har jeg genopdaget mig selv og forst\u00e5et, hvad jeg gerne vil i fremtiden. Da jeg kom tilbage fra Tyskland, begyndte jeg p\u00e5 mit sidste \u00e5r i gymnasiet, jeg tog B1- og B2-sprogcertifikaterne i tysk med Goethe-instituttet, og om mindre end to m\u00e5neder er jeg f\u00e6rdiguddannet. I september vender jeg tilbage til Tyskland, hvor jeg skal v\u00e6re au pair i et \u00e5r. I mellemtiden vil jeg l\u00e6se til det tyske C1-certifikat, som vil hj\u00e6lpe mig med at komme ind p\u00e5 det universitet, jeg gerne vil g\u00e5 p\u00e5 i M\u00fcnchen. Jeg er superfast besluttet p\u00e5 at n\u00e5 dette m\u00e5l, og hvis jeg er n\u00e5et hertil nu, er det prim\u00e6rt takket v\u00e6re min familie og alle de ansatte p\u00e5 STS, som har gjort min st\u00f8rste dr\u00f8m til virkelighed og altid har st\u00f8ttet mig.<\/p>\n<h2>Dit bedste r\u00e5d?<\/h2>\n<ol><li>Dette er en oplevelse, man kun f\u00e5r \u00e9n gang i livet, s\u00e5 g\u00f8r det! V\u00e6r ikke bange, tag det fly og forf\u00f8lg din dr\u00f8m. Det vil f\u00e5 dig til at vokse; du vil blive mere moden og ansvarlig, l\u00e6re at leve og respektere vaner og traditioner, der er anderledes end dine egne, f\u00e5 en anden familie og masser af nye venner. Jeg er nu forelsket i Tyskland og savner det mere og mere for hver dag, der g\u00e5r, siden jeg rejste.<\/li>\n<li>Jeg kan varmt anbefale fremtidige udvekslingsstuderende at tage aktiv del i skolens aktiviteter, is\u00e6r hvis skolepr\u00e6stationen ikke kan v\u00e6re h\u00f8j p\u00e5 grund af sprogvanskeligheder. Deltagelse og interesse vil helt sikkert blive v\u00e6rdsat og bel\u00f8nnet!<\/li>\n<li>Se ikke afslutningen p\u00e5 dit udvekslings\u00e5r som en trist ting, men v\u00e6rds\u00e6t denne oplevelse, som helt sikkert vil \u00e5bne op for mange muligheder for dig i fremtiden!<\/li><\/ol>\n<h2>Find ud af mere!<\/h2>\n<ul><li>L\u00e6s flere <a href=\"https:\/\/www.sts-education.com\/dk\/high-school\/beretninger-fra-eleverne\/elevhistorier\/?hashtag=Tyskland\">elevhistorier fra Tyskland<\/a><\/li>\n<li>L\u00e6s mere om <a href=\"https:\/\/www.sts-education.com\/dk\/high-school\/programlande\/europa\/tyskland\/\">high school-udveksling i Tyskland<\/a><\/li>\n<li>Se alle vores <a href=\"\/dk\/high-school\/tripfinder\/\">destinationer for high school-udveksling<\/a><\/li><\/ul>\n<\/div><\/div><\/div>\n","protected":false},"excerpt":{"rendered":"","protected":false},"author":20,"featured_media":12902,"comment_status":"open","ping_status":"open","sticky":false,"template":"","format":"standard","meta":{"_acf_changed":false,"_yoast_wpseo_title":"Vittoria tog p\u00e5 high school-udveksling til Tyskland","_yoast_wpseo_metadesc":"Jeg tilbragte 11 m\u00e5neder i Starnberg, en lille by 30 minutter fra M\u00fcnchen i Bayern. Denne oplevelse var den bedste i mit liv indtil videre.","footnotes":""},"categories":[305],"tags":[886],"wpw_post_folders":[],"class_list":["post-11468","post","type-post","status-publish","format-standard","has-post-thumbnail","hentry","category-uncategorized-da","tag-tyskland"],"acf":[],"yoast_head":"<!-- This site is optimized with the Yoast SEO Premium plugin v27.2 (Yoast SEO v27.2) - https:\/\/yoast.com\/product\/yoast-seo-premium-wordpress\/ -->\n<title>Vittoria tog p\u00e5 high school-udveksling til Tyskland<\/title>\n<meta name=\"description\" content=\"Jeg tilbragte 11 m\u00e5neder i Starnberg, en lille by 30 minutter fra M\u00fcnchen i Bayern. Denne oplevelse var den bedste i mit liv indtil videre.\" \/>\n<meta name=\"robots\" content=\"index, follow, max-snippet:-1, max-image-preview:large, max-video-preview:-1\" \/>\n<link rel=\"canonical\" href=\"https:\/\/www.sts-education.com\/dk\/high-school\/beretninger-fra-eleverne\/elevhistorier\/vittoria-tog-pa-high-school-udveksling-til-tyskland\/\" \/>\n<meta property=\"og:locale\" content=\"da_DK\" \/>\n<meta property=\"og:type\" content=\"article\" \/>\n<meta property=\"og:title\" content=\"Vittoria Tog Pa High School Udveksling Til Tyskland\" \/>\n<meta property=\"og:description\" content=\"Jeg tilbragte 11 m\u00e5neder i Starnberg, en lille by 30 minutter fra M\u00fcnchen i Bayern. Denne oplevelse var den bedste i mit liv indtil videre.\" \/>\n<meta property=\"og:url\" content=\"https:\/\/www.sts-education.com\/dk\/high-school\/beretninger-fra-eleverne\/elevhistorier\/vittoria-tog-pa-high-school-udveksling-til-tyskland\/\" \/>\n<meta property=\"og:site_name\" content=\"STS Education\" \/>\n<meta property=\"article:published_time\" content=\"2023-05-02T10:00:00+00:00\" \/>\n<meta property=\"article:modified_time\" content=\"2026-04-15T09:51:13+00:00\" \/>\n<meta property=\"og:image\" content=\"https:\/\/powered-by.qbank.se\/educatius\/sts\/\/ca9fb1d01fb6c899ef4095abc2d3ea13_1-1-thumb.webp\" \/>\n\t<meta property=\"og:image:width\" content=\"150\" \/>\n\t<meta property=\"og:image:height\" content=\"150\" \/>\n\t<meta property=\"og:image:type\" content=\"image\/jpeg\" \/>\n<meta name=\"author\" content=\"syncreadwrite\" \/>\n<meta name=\"twitter:card\" content=\"summary_large_image\" \/>\n<meta name=\"twitter:label1\" content=\"Skrevet af\" \/>\n\t<meta name=\"twitter:data1\" content=\"syncreadwrite\" \/>\n\t<meta name=\"twitter:label2\" content=\"Estimeret l\u00e6setid\" \/>\n\t<meta name=\"twitter:data2\" content=\"5 minutter\" \/>\n<script type=\"application\/ld+json\" class=\"yoast-schema-graph\">{\"@context\":\"https:\/\/schema.org\",\"@graph\":[{\"@type\":\"Article\",\"@id\":\"https:\/\/www.sts-education.com\/dk\/high-school\/beretninger-fra-eleverne\/elevhistorier\/vittoria-tog-pa-high-school-udveksling-til-tyskland\/#article\",\"isPartOf\":{\"@id\":\"https:\/\/www.sts-education.com\/dk\/high-school\/beretninger-fra-eleverne\/elevhistorier\/vittoria-tog-pa-high-school-udveksling-til-tyskland\/\"},\"author\":{\"name\":\"syncreadwrite\",\"@id\":\"https:\/\/www.sts-education.com\/dk\/#\/schema\/person\/8b82f3a2e45f020b8f296d7a85d9a97c\"},\"headline\":\"Vittoria Tog Pa High School Udveksling Til Tyskland\",\"datePublished\":\"2023-05-02T10:00:00+00:00\",\"dateModified\":\"2026-04-15T09:51:13+00:00\",\"mainEntityOfPage\":{\"@id\":\"https:\/\/www.sts-education.com\/dk\/high-school\/beretninger-fra-eleverne\/elevhistorier\/vittoria-tog-pa-high-school-udveksling-til-tyskland\/\"},\"wordCount\":912,\"commentCount\":0,\"image\":{\"@id\":\"https:\/\/www.sts-education.com\/dk\/high-school\/beretninger-fra-eleverne\/elevhistorier\/vittoria-tog-pa-high-school-udveksling-til-tyskland\/#primaryimage\"},\"thumbnailUrl\":\"https:\/\/powered-by.qbank.se\/educatius\/sts\/\/ca9fb1d01fb6c899ef4095abc2d3ea13_1-1-thumb.webp\",\"keywords\":[\"Tyskland\"],\"articleSection\":[\"Uncategorized @da\"],\"inLanguage\":\"da-DK\",\"potentialAction\":[{\"@type\":\"CommentAction\",\"name\":\"Comment\",\"target\":[\"https:\/\/www.sts-education.com\/dk\/high-school\/beretninger-fra-eleverne\/elevhistorier\/vittoria-tog-pa-high-school-udveksling-til-tyskland\/#respond\"]}]},{\"@type\":\"WebPage\",\"@id\":\"https:\/\/www.sts-education.com\/dk\/high-school\/beretninger-fra-eleverne\/elevhistorier\/vittoria-tog-pa-high-school-udveksling-til-tyskland\/\",\"url\":\"https:\/\/www.sts-education.com\/dk\/high-school\/beretninger-fra-eleverne\/elevhistorier\/vittoria-tog-pa-high-school-udveksling-til-tyskland\/\",\"name\":\"Vittoria tog p\u00e5 high school-udveksling til Tyskland\",\"isPartOf\":{\"@id\":\"https:\/\/www.sts-education.com\/dk\/#website\"},\"primaryImageOfPage\":{\"@id\":\"https:\/\/www.sts-education.com\/dk\/high-school\/beretninger-fra-eleverne\/elevhistorier\/vittoria-tog-pa-high-school-udveksling-til-tyskland\/#primaryimage\"},\"image\":{\"@id\":\"https:\/\/www.sts-education.com\/dk\/high-school\/beretninger-fra-eleverne\/elevhistorier\/vittoria-tog-pa-high-school-udveksling-til-tyskland\/#primaryimage\"},\"thumbnailUrl\":\"https:\/\/powered-by.qbank.se\/educatius\/sts\/\/ca9fb1d01fb6c899ef4095abc2d3ea13_1-1-thumb.webp\",\"datePublished\":\"2023-05-02T10:00:00+00:00\",\"dateModified\":\"2026-04-15T09:51:13+00:00\",\"author\":{\"@id\":\"https:\/\/www.sts-education.com\/dk\/#\/schema\/person\/8b82f3a2e45f020b8f296d7a85d9a97c\"},\"description\":\"Jeg tilbragte 11 m\u00e5neder i Starnberg, en lille by 30 minutter fra M\u00fcnchen i Bayern. Denne oplevelse var den bedste i mit liv indtil videre.\",\"breadcrumb\":{\"@id\":\"https:\/\/www.sts-education.com\/dk\/high-school\/beretninger-fra-eleverne\/elevhistorier\/vittoria-tog-pa-high-school-udveksling-til-tyskland\/#breadcrumb\"},\"inLanguage\":\"da-DK\",\"potentialAction\":[{\"@type\":\"ReadAction\",\"target\":[\"https:\/\/www.sts-education.com\/dk\/high-school\/beretninger-fra-eleverne\/elevhistorier\/vittoria-tog-pa-high-school-udveksling-til-tyskland\/\"]}]},{\"@type\":\"ImageObject\",\"inLanguage\":\"da-DK\",\"@id\":\"https:\/\/www.sts-education.com\/dk\/high-school\/beretninger-fra-eleverne\/elevhistorier\/vittoria-tog-pa-high-school-udveksling-til-tyskland\/#primaryimage\",\"url\":\"https:\/\/powered-by.qbank.se\/educatius\/sts\/\/ca9fb1d01fb6c899ef4095abc2d3ea13_1-1-thumb.webp\",\"contentUrl\":\"https:\/\/powered-by.qbank.se\/educatius\/sts\/\/ca9fb1d01fb6c899ef4095abc2d3ea13_1-1-thumb.webp\",\"width\":150,\"height\":150},{\"@type\":\"BreadcrumbList\",\"@id\":\"https:\/\/www.sts-education.com\/dk\/high-school\/beretninger-fra-eleverne\/elevhistorier\/vittoria-tog-pa-high-school-udveksling-til-tyskland\/#breadcrumb\",\"itemListElement\":[{\"@type\":\"ListItem\",\"position\":1,\"name\":\"Home\",\"item\":\"https:\/\/www.sts-education.com\/dk\/sample-page\/\"},{\"@type\":\"ListItem\",\"position\":2,\"name\":\"Vittoria Tog Pa High School Udveksling Til Tyskland\"}]},{\"@type\":\"WebSite\",\"@id\":\"https:\/\/www.sts-education.com\/dk\/#website\",\"url\":\"https:\/\/www.sts-education.com\/dk\/\",\"name\":\"STS Education\",\"description\":\"\",\"potentialAction\":[{\"@type\":\"SearchAction\",\"target\":{\"@type\":\"EntryPoint\",\"urlTemplate\":\"https:\/\/www.sts-education.com\/dk\/?s={search_term_string}\"},\"query-input\":{\"@type\":\"PropertyValueSpecification\",\"valueRequired\":true,\"valueName\":\"search_term_string\"}}],\"inLanguage\":\"da-DK\"},{\"@type\":\"Person\",\"@id\":\"https:\/\/www.sts-education.com\/dk\/#\/schema\/person\/8b82f3a2e45f020b8f296d7a85d9a97c\",\"name\":\"syncreadwrite\",\"image\":{\"@type\":\"ImageObject\",\"inLanguage\":\"da-DK\",\"@id\":\"https:\/\/secure.gravatar.com\/avatar\/6ed1007e4f6f43f22e3df41d9fce4365533cba47fef64bb359b8e629abbc2ea6?s=96&d=mm&r=g\",\"url\":\"https:\/\/secure.gravatar.com\/avatar\/6ed1007e4f6f43f22e3df41d9fce4365533cba47fef64bb359b8e629abbc2ea6?s=96&d=mm&r=g\",\"contentUrl\":\"https:\/\/secure.gravatar.com\/avatar\/6ed1007e4f6f43f22e3df41d9fce4365533cba47fef64bb359b8e629abbc2ea6?s=96&d=mm&r=g\",\"caption\":\"syncreadwrite\"},\"url\":\"https:\/\/www.sts-education.com\/dk\/author\/syncreadwrite\/\"}]}<\/script>\n<!-- \/ Yoast SEO Premium plugin. -->","yoast_head_json":{"title":"Vittoria tog p\u00e5 high school-udveksling til Tyskland","description":"Jeg tilbragte 11 m\u00e5neder i Starnberg, en lille by 30 minutter fra M\u00fcnchen i Bayern. Denne oplevelse var den bedste i mit liv indtil videre.","robots":{"index":"index","follow":"follow","max-snippet":"max-snippet:-1","max-image-preview":"max-image-preview:large","max-video-preview":"max-video-preview:-1"},"canonical":"https:\/\/www.sts-education.com\/dk\/high-school\/beretninger-fra-eleverne\/elevhistorier\/vittoria-tog-pa-high-school-udveksling-til-tyskland\/","og_locale":"da_DK","og_type":"article","og_title":"Vittoria Tog Pa High School Udveksling Til Tyskland","og_description":"Jeg tilbragte 11 m\u00e5neder i Starnberg, en lille by 30 minutter fra M\u00fcnchen i Bayern. Denne oplevelse var den bedste i mit liv indtil videre.","og_url":"https:\/\/www.sts-education.com\/dk\/high-school\/beretninger-fra-eleverne\/elevhistorier\/vittoria-tog-pa-high-school-udveksling-til-tyskland\/","og_site_name":"STS Education","article_published_time":"2023-05-02T10:00:00+00:00","article_modified_time":"2026-04-15T09:51:13+00:00","og_image":[{"width":150,"height":150,"url":"https:\/\/powered-by.qbank.se\/educatius\/sts\/\/ca9fb1d01fb6c899ef4095abc2d3ea13_1-1-thumb.webp","type":"image\/jpeg"}],"author":"syncreadwrite","twitter_card":"summary_large_image","twitter_misc":{"Skrevet af":"syncreadwrite","Estimeret l\u00e6setid":"5 minutter"},"schema":{"@context":"https:\/\/schema.org","@graph":[{"@type":"Article","@id":"https:\/\/www.sts-education.com\/dk\/high-school\/beretninger-fra-eleverne\/elevhistorier\/vittoria-tog-pa-high-school-udveksling-til-tyskland\/#article","isPartOf":{"@id":"https:\/\/www.sts-education.com\/dk\/high-school\/beretninger-fra-eleverne\/elevhistorier\/vittoria-tog-pa-high-school-udveksling-til-tyskland\/"},"author":{"name":"syncreadwrite","@id":"https:\/\/www.sts-education.com\/dk\/#\/schema\/person\/8b82f3a2e45f020b8f296d7a85d9a97c"},"headline":"Vittoria Tog Pa High School Udveksling Til Tyskland","datePublished":"2023-05-02T10:00:00+00:00","dateModified":"2026-04-15T09:51:13+00:00","mainEntityOfPage":{"@id":"https:\/\/www.sts-education.com\/dk\/high-school\/beretninger-fra-eleverne\/elevhistorier\/vittoria-tog-pa-high-school-udveksling-til-tyskland\/"},"wordCount":912,"commentCount":0,"image":{"@id":"https:\/\/www.sts-education.com\/dk\/high-school\/beretninger-fra-eleverne\/elevhistorier\/vittoria-tog-pa-high-school-udveksling-til-tyskland\/#primaryimage"},"thumbnailUrl":"https:\/\/powered-by.qbank.se\/educatius\/sts\/\/ca9fb1d01fb6c899ef4095abc2d3ea13_1-1-thumb.webp","keywords":["Tyskland"],"articleSection":["Uncategorized @da"],"inLanguage":"da-DK","potentialAction":[{"@type":"CommentAction","name":"Comment","target":["https:\/\/www.sts-education.com\/dk\/high-school\/beretninger-fra-eleverne\/elevhistorier\/vittoria-tog-pa-high-school-udveksling-til-tyskland\/#respond"]}]},{"@type":"WebPage","@id":"https:\/\/www.sts-education.com\/dk\/high-school\/beretninger-fra-eleverne\/elevhistorier\/vittoria-tog-pa-high-school-udveksling-til-tyskland\/","url":"https:\/\/www.sts-education.com\/dk\/high-school\/beretninger-fra-eleverne\/elevhistorier\/vittoria-tog-pa-high-school-udveksling-til-tyskland\/","name":"Vittoria tog p\u00e5 high school-udveksling til Tyskland","isPartOf":{"@id":"https:\/\/www.sts-education.com\/dk\/#website"},"primaryImageOfPage":{"@id":"https:\/\/www.sts-education.com\/dk\/high-school\/beretninger-fra-eleverne\/elevhistorier\/vittoria-tog-pa-high-school-udveksling-til-tyskland\/#primaryimage"},"image":{"@id":"https:\/\/www.sts-education.com\/dk\/high-school\/beretninger-fra-eleverne\/elevhistorier\/vittoria-tog-pa-high-school-udveksling-til-tyskland\/#primaryimage"},"thumbnailUrl":"https:\/\/powered-by.qbank.se\/educatius\/sts\/\/ca9fb1d01fb6c899ef4095abc2d3ea13_1-1-thumb.webp","datePublished":"2023-05-02T10:00:00+00:00","dateModified":"2026-04-15T09:51:13+00:00","author":{"@id":"https:\/\/www.sts-education.com\/dk\/#\/schema\/person\/8b82f3a2e45f020b8f296d7a85d9a97c"},"description":"Jeg tilbragte 11 m\u00e5neder i Starnberg, en lille by 30 minutter fra M\u00fcnchen i Bayern. Denne oplevelse var den bedste i mit liv indtil videre.","breadcrumb":{"@id":"https:\/\/www.sts-education.com\/dk\/high-school\/beretninger-fra-eleverne\/elevhistorier\/vittoria-tog-pa-high-school-udveksling-til-tyskland\/#breadcrumb"},"inLanguage":"da-DK","potentialAction":[{"@type":"ReadAction","target":["https:\/\/www.sts-education.com\/dk\/high-school\/beretninger-fra-eleverne\/elevhistorier\/vittoria-tog-pa-high-school-udveksling-til-tyskland\/"]}]},{"@type":"ImageObject","inLanguage":"da-DK","@id":"https:\/\/www.sts-education.com\/dk\/high-school\/beretninger-fra-eleverne\/elevhistorier\/vittoria-tog-pa-high-school-udveksling-til-tyskland\/#primaryimage","url":"https:\/\/powered-by.qbank.se\/educatius\/sts\/\/ca9fb1d01fb6c899ef4095abc2d3ea13_1-1-thumb.webp","contentUrl":"https:\/\/powered-by.qbank.se\/educatius\/sts\/\/ca9fb1d01fb6c899ef4095abc2d3ea13_1-1-thumb.webp","width":150,"height":150},{"@type":"BreadcrumbList","@id":"https:\/\/www.sts-education.com\/dk\/high-school\/beretninger-fra-eleverne\/elevhistorier\/vittoria-tog-pa-high-school-udveksling-til-tyskland\/#breadcrumb","itemListElement":[{"@type":"ListItem","position":1,"name":"Home","item":"https:\/\/www.sts-education.com\/dk\/sample-page\/"},{"@type":"ListItem","position":2,"name":"Vittoria Tog Pa High School Udveksling Til Tyskland"}]},{"@type":"WebSite","@id":"https:\/\/www.sts-education.com\/dk\/#website","url":"https:\/\/www.sts-education.com\/dk\/","name":"STS Education","description":"","potentialAction":[{"@type":"SearchAction","target":{"@type":"EntryPoint","urlTemplate":"https:\/\/www.sts-education.com\/dk\/?s={search_term_string}"},"query-input":{"@type":"PropertyValueSpecification","valueRequired":true,"valueName":"search_term_string"}}],"inLanguage":"da-DK"},{"@type":"Person","@id":"https:\/\/www.sts-education.com\/dk\/#\/schema\/person\/8b82f3a2e45f020b8f296d7a85d9a97c","name":"syncreadwrite","image":{"@type":"ImageObject","inLanguage":"da-DK","@id":"https:\/\/secure.gravatar.com\/avatar\/6ed1007e4f6f43f22e3df41d9fce4365533cba47fef64bb359b8e629abbc2ea6?s=96&d=mm&r=g","url":"https:\/\/secure.gravatar.com\/avatar\/6ed1007e4f6f43f22e3df41d9fce4365533cba47fef64bb359b8e629abbc2ea6?s=96&d=mm&r=g","contentUrl":"https:\/\/secure.gravatar.com\/avatar\/6ed1007e4f6f43f22e3df41d9fce4365533cba47fef64bb359b8e629abbc2ea6?s=96&d=mm&r=g","caption":"syncreadwrite"},"url":"https:\/\/www.sts-education.com\/dk\/author\/syncreadwrite\/"}]}},"_links":{"self":[{"href":"https:\/\/www.sts-education.com\/dk\/wp-json\/wp\/v2\/posts\/11468","targetHints":{"allow":["GET"]}}],"collection":[{"href":"https:\/\/www.sts-education.com\/dk\/wp-json\/wp\/v2\/posts"}],"about":[{"href":"https:\/\/www.sts-education.com\/dk\/wp-json\/wp\/v2\/types\/post"}],"author":[{"embeddable":true,"href":"https:\/\/www.sts-education.com\/dk\/wp-json\/wp\/v2\/users\/20"}],"replies":[{"embeddable":true,"href":"https:\/\/www.sts-education.com\/dk\/wp-json\/wp\/v2\/comments?post=11468"}],"version-history":[{"count":5,"href":"https:\/\/www.sts-education.com\/dk\/wp-json\/wp\/v2\/posts\/11468\/revisions"}],"predecessor-version":[{"id":36244,"href":"https:\/\/www.sts-education.com\/dk\/wp-json\/wp\/v2\/posts\/11468\/revisions\/36244"}],"wp:featuredmedia":[{"embeddable":true,"href":"https:\/\/www.sts-education.com\/dk\/wp-json\/wp\/v2\/media\/12902"}],"wp:attachment":[{"href":"https:\/\/www.sts-education.com\/dk\/wp-json\/wp\/v2\/media?parent=11468"}],"wp:term":[{"taxonomy":"category","embeddable":true,"href":"https:\/\/www.sts-education.com\/dk\/wp-json\/wp\/v2\/categories?post=11468"},{"taxonomy":"post_tag","embeddable":true,"href":"https:\/\/www.sts-education.com\/dk\/wp-json\/wp\/v2\/tags?post=11468"},{"taxonomy":"wpw_post_folders","embeddable":true,"href":"https:\/\/www.sts-education.com\/dk\/wp-json\/wp\/v2\/wpw_post_folders?post=11468"}],"curies":[{"name":"wp","href":"https:\/\/api.w.org\/{rel}","templated":true}]}}