{"id":11469,"date":"2023-05-02T10:00:00","date_gmt":"2023-05-02T10:00:00","guid":{"rendered":"https:\/\/preprod.sts-education.com\/blog\/2026\/03\/05\/jenny-valgte-at-studere-i-costa-rica\/"},"modified":"2026-04-15T09:51:11","modified_gmt":"2026-04-15T09:51:11","slug":"jenny-valgte-at-studere-i-costa-rica","status":"publish","type":"post","link":"https:\/\/www.sts-education.com\/dk\/high-school\/beretninger-fra-eleverne\/elevhistorier\/jenny-valgte-at-studere-i-costa-rica\/","title":{"rendered":"Jenny Valgte At Studere I Costa Rica"},"content":{"rendered":"\n<div class=\"wp-block-sts-text sts-text-editor has-max-width-md\"><div class=\"sts-text-editor__content\"><div class=\"sts-text-editor__content-inner\">\n<h1 style=\"text-align:center\">Jenny valgte at studere i Costa Rica<\/h1>\n<\/div><\/div><\/div>\n\n\n\n<div class=\"wp-block-sts-text sts-text-editor has-max-width-md\"><div class=\"sts-text-editor__content\"><div class=\"sts-text-editor__content-inner\">\n<p><em>Jenny fra Norge tog p\u00e5 udveksling til Costa Rica. Vi har spurgt hende om hendes oplevelse.<\/em><\/p>\n<h2>Hvorfor tog du p\u00e5 udveksling?<\/h2>\n<p>Jeg har altid \u00f8nsket at tage p\u00e5 udveksling, det startede, da jeg var lille. Mine s\u00f8stre fortalte mig om deres udvekslingsophold og oplevelser med at rejse rundt i verden. Min dr\u00f8m har altid v\u00e6ret at rejse, og et udvekslings\u00e5r er den perfekte m\u00e5de at g\u00f8re det p\u00e5. Det gav mig ogs\u00e5 mulighed for at se, hvordan high school er i et andet land, og hvor forskellige liv andre teenagere har. Et udvekslings\u00e5r l\u00e6rte mig om verden p\u00e5 en anden m\u00e5de end at sidde p\u00e5 skoleb\u00e6nken i Norge.<\/p>\n<h2>Hvor tog du hen og hvorfor?<\/h2>\n<p>Jeg tog til Costa Rica, fordi jeg gerne ville l\u00e6re spansk, p\u00e5 grund af den smukke natur, og fordi kulturen er s\u00e5 anderledes end i mit hjemland (Norge).<\/p>\n<h2>Hvordan var det at bo hos en v\u00e6rtsfamilie?<\/h2>\n<p>Min v\u00e6rtsfamilie var meget stor og gav mig en varm velkomst. Jeg har stadig kontakt med dem, og vi planl\u00e6gger, at jeg skal bes\u00f8ge dem. Selvf\u00f8lgelig havde vi vores uoverensstemmelser p\u00e5 grund af de store kulturelle forskelle, men generelt gik det godt, og jeg er meget taknemmelig for, at jeg havde denne v\u00e6rtsfamilie.<\/p>\n<h2>Hvordan var det i skolen?<\/h2>\n<p>Skolen var meget sjov! Min skole havde en masse dyr, alt fra krokodiller til vaskebj\u00f8rne. Jeg kom i den bedste klasse nogensinde, og mine klassekammerater blev mine bedste venner. Alle var meget im\u00f8dekommende og inkluderende, og jeg l\u00e6rte meget spansk i skolen. Jeg gik i offentlig skole, og uddannelsesniveauet var ikke s\u00e6rlig h\u00f8jt, men jeg l\u00e6rte en masse spansk, en masse om landet og om de mennesker, der bor der.<\/p>\n<h2>Hvad lavede du i din fritid? Nogen nye hobbyer?<\/h2>\n<p>Jeg pr\u00f8vede en masse aktiviteter i min fritid, s\u00e5som sv\u00f8mning og Tae Bo. Jeg hjalp ogs\u00e5 mine v\u00e6rtsfor\u00e6ldre med at tage sig af b\u00f8rnene og tilbragte meget tid sammen med familien. Nogle gange tog jeg hjem til min ven for at l\u00e6se, da vi n\u00e6sten var naboer.<\/p>\n<h2>Var det nemt\/sv\u00e6rt at f\u00e5 venner?<\/h2>\n<p>For mig var det meget nemt at f\u00e5 venner. Jeg var heldig at komme i en god klasse, og mine klassekammerater var meget inkluderende. Det var lidt sv\u00e6rt at skabe dybe forbindelser p\u00e5 grund af sprogbarrieren. Men det blev nemmere efter et par m\u00e5neder, og jeg havde aldrig nogen reelle problemer med at f\u00e5 venner.<\/p>\n<h2>Hvad var en stor udfordring for dig? Hvordan overvandt du den?<\/h2>\n<p>Den st\u00f8rste udfordring for mig var sproget, men lidt efter lidt l\u00e6rte jeg spansk. Min v\u00e6rtsfamilie og mine venner kunne ikke engelsk, hvilket &quot;tvang&quot; mig til at l\u00e6re sproget, fordi der ikke var andre muligheder. Jeg er meget stolt over at have l\u00e6rt sproget p\u00e5 10 m\u00e5neder, og nu er mit spanske bedre end mit engelske.<\/p>\n<h2>Hvad var det bedste ved dit udvekslings\u00e5r?<\/h2>\n<p>Det bedste ved mit udvekslings\u00e5r var at vokse som person og l\u00e6re om verden p\u00e5 en ny m\u00e5de.<\/p>\n<h2>Hvad er dit bedste minde?<\/h2>\n<p>Mit bedste minde var min f\u00f8rste tur med de andre udvekslingsstuderende. Vi tog til Ostional i Guanacaste, som er et af de smukkeste steder i landet. Vi v\u00e5gnede kl. 4 om morgenen for at se babyskildpadderne g\u00e5 i havet. Det var den bedste tur, jeg nogensinde har haft.<\/p>\n<h2>Hvad er det vigtigste, du har l\u00e6rt?<\/h2>\n<p>Det vigtigste, jeg har l\u00e6rt, er sproget, og at folk er forskellige, og det er okay. Det kan v\u00e6re sv\u00e6rt at diskutere med folk, is\u00e6r den \u00e6ldre generation, som har en tendens til at v\u00e6re mere traditionel og ikke \u00f8nsker at h\u00f8re andre meninger. Jeg l\u00e6rte, at det ikke er n\u00f8dvendigt at diskutere med alle, at ikke alle \u00f8nsker at se dit synspunkt, og at det er okay.<\/p>\n<h2>Kan du anbefale at tage af sted?<\/h2>\n<p>Ja, helt klart. En udveksling er fantastisk for n\u00e6sten alle, men jeg anbefaler Costa Rica til folk, der er t\u00e5lmodige og forsigtige. Costa Rica er et smukt land, men det er ekstremt vigtigt at v\u00e6re forsigtig og f\u00f8lge sikkerhedsforanstaltningerne. Folk kan ogs\u00e5 have meget anderledes meninger end dig, og de kulturelle forskelle kan v\u00e6re meget store.<\/p>\n<h2>Hvorfor skal man tage p\u00e5 udveksling?<\/h2>\n<p>En udveksling hj\u00e6lper dig med at f\u00e5 en bedre forst\u00e5else af verden, den viser dig smukke steder, og du vil m\u00f8de fantastiske mennesker. Man l\u00e6rer om verden, og det er en oplevelse, man kun f\u00e5r \u00e9n gang i livet.<\/p>\n<h2>Har du nogle gode r\u00e5d?<\/h2>\n<p>Lyt til din v\u00e6rtsfamilie og deres r\u00e5d. De kender landet og ved, hvad der er sikkert, og hvad der ikke er.<\/p>\n<h2>Hvordan vil dit udvekslingsophold p\u00e5virke din fremtid?<\/h2>\n<p>Jeg er lige kommet tilbage fra min 2 m\u00e5neders Erasmus-udveksling til Spanien. Jeg tror ikke, det ville v\u00e6re sket uden min tid i Costa Rica! Nu er jeg i Norge i tre m\u00e5neder for at tage mine eksamener og blive f\u00e6rdig. N\u00e5r jeg er f\u00e6rdiguddannet i juni, tager jeg tilbage til Costa Rica.<\/p>\n<p>Mit udvekslingsophold har modnet mig som person og bragt mig i kontakt med s\u00e5 mange mennesker, som jeg ikke kan vente med at m\u00f8de igen. Min udveksling gav mig ogs\u00e5 en f\u00f8lelse af uafh\u00e6ngighed, og jeg f\u00f8ler mig meget mere selvsikker.<\/p>\n<h2>Hvorfor valgte du STS?<\/h2>\n<p>Jeg valgte STS, fordi de havde en masse lande at v\u00e6lge imellem, de var meget venlige omkring Covid-19-situationen og lod mig aflyse og stadig f\u00e5 mine penge tilbage, hvilket andre organisationer ikke lod mig g\u00f8re. Jeg fik ogs\u00e5 et meget godt indtryk af STS i mit interview. Min s\u00f8ster rejste ogs\u00e5 med STS og havde en god oplevelse.<\/p>\n<h2>Var du tilfreds med STS?<\/h2>\n<p>Jeg var meget tilfreds med STS, s\u00e5 tilfreds, at vi nu er v\u00e6rt for en STS-udvekslingsstudent fra Mexico.<\/p>\n<h2>Find ud af mere!<\/h2>\n<ul><li>L\u00e6s flere <a href=\"https:\/\/www.sts-education.com\/dk\/high-school\/beretninger-fra-eleverne\/elevhistorier\/?hashtag=Costa+Rica\">elevhistorier fra Costa Rica<\/a><\/li>\n<li>L\u00e6s mere om <a href=\"https:\/\/www.sts-education.com\/dk\/high-school\/programlande\/syd-og-mellemamerika\/costa-rica\/\">high school-udveksling i Costa Rica<\/a><\/li>\n<li>Se alle vores <a href=\"\/dk\/high-school\/tripfinder\/\">destinationer for high school-udveksling<\/a><\/li><\/ul>\n<\/div><\/div><\/div>\n","protected":false},"excerpt":{"rendered":"","protected":false},"author":20,"featured_media":12904,"comment_status":"open","ping_status":"open","sticky":false,"template":"","format":"standard","meta":{"_acf_changed":false,"_yoast_wpseo_title":"Jenny valgte at studere i Costa Rica","_yoast_wpseo_metadesc":"Jeg har altid \u00f8nsket at tage p\u00e5 udveksling, det startede, da jeg var lille. Mine s\u00f8stre fortalte mig om deres udvekslingsophold og oplevelser med at rejse rundt i verden.","footnotes":""},"categories":[305],"tags":[882],"wpw_post_folders":[],"class_list":["post-11469","post","type-post","status-publish","format-standard","has-post-thumbnail","hentry","category-uncategorized-da","tag-costa-rica"],"acf":[],"yoast_head":"<!-- This site is optimized with the Yoast SEO Premium plugin v27.2 (Yoast SEO v27.2) - https:\/\/yoast.com\/product\/yoast-seo-premium-wordpress\/ -->\n<title>Jenny valgte at studere i Costa Rica<\/title>\n<meta name=\"description\" content=\"Jeg har altid \u00f8nsket at tage p\u00e5 udveksling, det startede, da jeg var lille. Mine s\u00f8stre fortalte mig om deres udvekslingsophold og oplevelser med at rejse rundt i verden.\" \/>\n<meta name=\"robots\" content=\"index, follow, max-snippet:-1, max-image-preview:large, max-video-preview:-1\" \/>\n<link rel=\"canonical\" href=\"https:\/\/www.sts-education.com\/dk\/high-school\/beretninger-fra-eleverne\/elevhistorier\/jenny-valgte-at-studere-i-costa-rica\/\" \/>\n<meta property=\"og:locale\" content=\"da_DK\" \/>\n<meta property=\"og:type\" content=\"article\" \/>\n<meta property=\"og:title\" content=\"Jenny Valgte At Studere I Costa Rica\" \/>\n<meta property=\"og:description\" content=\"Jeg har altid \u00f8nsket at tage p\u00e5 udveksling, det startede, da jeg var lille. Mine s\u00f8stre fortalte mig om deres udvekslingsophold og oplevelser med at rejse rundt i verden.\" \/>\n<meta property=\"og:url\" content=\"https:\/\/www.sts-education.com\/dk\/high-school\/beretninger-fra-eleverne\/elevhistorier\/jenny-valgte-at-studere-i-costa-rica\/\" \/>\n<meta property=\"og:site_name\" content=\"STS Education\" \/>\n<meta property=\"article:published_time\" content=\"2023-05-02T10:00:00+00:00\" \/>\n<meta property=\"article:modified_time\" content=\"2026-04-15T09:51:11+00:00\" \/>\n<meta property=\"og:image\" content=\"https:\/\/powered-by.qbank.se\/educatius\/sts\/\/c05556c0b8b22d19da665af35946abf7_1-1-thumb.webp\" \/>\n\t<meta property=\"og:image:width\" content=\"150\" \/>\n\t<meta property=\"og:image:height\" content=\"150\" \/>\n\t<meta property=\"og:image:type\" content=\"image\/jpeg\" \/>\n<meta name=\"author\" content=\"syncreadwrite\" \/>\n<meta name=\"twitter:card\" content=\"summary_large_image\" \/>\n<meta name=\"twitter:label1\" content=\"Skrevet af\" \/>\n\t<meta name=\"twitter:data1\" content=\"syncreadwrite\" \/>\n\t<meta name=\"twitter:label2\" content=\"Estimeret l\u00e6setid\" \/>\n\t<meta name=\"twitter:data2\" content=\"5 minutter\" \/>\n<script type=\"application\/ld+json\" class=\"yoast-schema-graph\">{\"@context\":\"https:\/\/schema.org\",\"@graph\":[{\"@type\":\"Article\",\"@id\":\"https:\/\/www.sts-education.com\/dk\/high-school\/beretninger-fra-eleverne\/elevhistorier\/jenny-valgte-at-studere-i-costa-rica\/#article\",\"isPartOf\":{\"@id\":\"https:\/\/www.sts-education.com\/dk\/high-school\/beretninger-fra-eleverne\/elevhistorier\/jenny-valgte-at-studere-i-costa-rica\/\"},\"author\":{\"name\":\"syncreadwrite\",\"@id\":\"https:\/\/www.sts-education.com\/dk\/#\/schema\/person\/8b82f3a2e45f020b8f296d7a85d9a97c\"},\"headline\":\"Jenny Valgte At Studere I Costa Rica\",\"datePublished\":\"2023-05-02T10:00:00+00:00\",\"dateModified\":\"2026-04-15T09:51:11+00:00\",\"mainEntityOfPage\":{\"@id\":\"https:\/\/www.sts-education.com\/dk\/high-school\/beretninger-fra-eleverne\/elevhistorier\/jenny-valgte-at-studere-i-costa-rica\/\"},\"wordCount\":1060,\"commentCount\":0,\"image\":{\"@id\":\"https:\/\/www.sts-education.com\/dk\/high-school\/beretninger-fra-eleverne\/elevhistorier\/jenny-valgte-at-studere-i-costa-rica\/#primaryimage\"},\"thumbnailUrl\":\"https:\/\/powered-by.qbank.se\/educatius\/sts\/\/c05556c0b8b22d19da665af35946abf7_1-1-thumb.webp\",\"keywords\":[\"Costa Rica\"],\"articleSection\":[\"Uncategorized @da\"],\"inLanguage\":\"da-DK\",\"potentialAction\":[{\"@type\":\"CommentAction\",\"name\":\"Comment\",\"target\":[\"https:\/\/www.sts-education.com\/dk\/high-school\/beretninger-fra-eleverne\/elevhistorier\/jenny-valgte-at-studere-i-costa-rica\/#respond\"]}]},{\"@type\":\"WebPage\",\"@id\":\"https:\/\/www.sts-education.com\/dk\/high-school\/beretninger-fra-eleverne\/elevhistorier\/jenny-valgte-at-studere-i-costa-rica\/\",\"url\":\"https:\/\/www.sts-education.com\/dk\/high-school\/beretninger-fra-eleverne\/elevhistorier\/jenny-valgte-at-studere-i-costa-rica\/\",\"name\":\"Jenny valgte at studere i Costa Rica\",\"isPartOf\":{\"@id\":\"https:\/\/www.sts-education.com\/dk\/#website\"},\"primaryImageOfPage\":{\"@id\":\"https:\/\/www.sts-education.com\/dk\/high-school\/beretninger-fra-eleverne\/elevhistorier\/jenny-valgte-at-studere-i-costa-rica\/#primaryimage\"},\"image\":{\"@id\":\"https:\/\/www.sts-education.com\/dk\/high-school\/beretninger-fra-eleverne\/elevhistorier\/jenny-valgte-at-studere-i-costa-rica\/#primaryimage\"},\"thumbnailUrl\":\"https:\/\/powered-by.qbank.se\/educatius\/sts\/\/c05556c0b8b22d19da665af35946abf7_1-1-thumb.webp\",\"datePublished\":\"2023-05-02T10:00:00+00:00\",\"dateModified\":\"2026-04-15T09:51:11+00:00\",\"author\":{\"@id\":\"https:\/\/www.sts-education.com\/dk\/#\/schema\/person\/8b82f3a2e45f020b8f296d7a85d9a97c\"},\"description\":\"Jeg har altid \u00f8nsket at tage p\u00e5 udveksling, det startede, da jeg var lille. Mine s\u00f8stre fortalte mig om deres udvekslingsophold og oplevelser med at rejse rundt i verden.\",\"breadcrumb\":{\"@id\":\"https:\/\/www.sts-education.com\/dk\/high-school\/beretninger-fra-eleverne\/elevhistorier\/jenny-valgte-at-studere-i-costa-rica\/#breadcrumb\"},\"inLanguage\":\"da-DK\",\"potentialAction\":[{\"@type\":\"ReadAction\",\"target\":[\"https:\/\/www.sts-education.com\/dk\/high-school\/beretninger-fra-eleverne\/elevhistorier\/jenny-valgte-at-studere-i-costa-rica\/\"]}]},{\"@type\":\"ImageObject\",\"inLanguage\":\"da-DK\",\"@id\":\"https:\/\/www.sts-education.com\/dk\/high-school\/beretninger-fra-eleverne\/elevhistorier\/jenny-valgte-at-studere-i-costa-rica\/#primaryimage\",\"url\":\"https:\/\/powered-by.qbank.se\/educatius\/sts\/\/c05556c0b8b22d19da665af35946abf7_1-1-thumb.webp\",\"contentUrl\":\"https:\/\/powered-by.qbank.se\/educatius\/sts\/\/c05556c0b8b22d19da665af35946abf7_1-1-thumb.webp\",\"width\":150,\"height\":150},{\"@type\":\"BreadcrumbList\",\"@id\":\"https:\/\/www.sts-education.com\/dk\/high-school\/beretninger-fra-eleverne\/elevhistorier\/jenny-valgte-at-studere-i-costa-rica\/#breadcrumb\",\"itemListElement\":[{\"@type\":\"ListItem\",\"position\":1,\"name\":\"Home\",\"item\":\"https:\/\/www.sts-education.com\/dk\/sample-page\/\"},{\"@type\":\"ListItem\",\"position\":2,\"name\":\"Jenny Valgte At Studere I Costa Rica\"}]},{\"@type\":\"WebSite\",\"@id\":\"https:\/\/www.sts-education.com\/dk\/#website\",\"url\":\"https:\/\/www.sts-education.com\/dk\/\",\"name\":\"STS Education\",\"description\":\"\",\"potentialAction\":[{\"@type\":\"SearchAction\",\"target\":{\"@type\":\"EntryPoint\",\"urlTemplate\":\"https:\/\/www.sts-education.com\/dk\/?s={search_term_string}\"},\"query-input\":{\"@type\":\"PropertyValueSpecification\",\"valueRequired\":true,\"valueName\":\"search_term_string\"}}],\"inLanguage\":\"da-DK\"},{\"@type\":\"Person\",\"@id\":\"https:\/\/www.sts-education.com\/dk\/#\/schema\/person\/8b82f3a2e45f020b8f296d7a85d9a97c\",\"name\":\"syncreadwrite\",\"image\":{\"@type\":\"ImageObject\",\"inLanguage\":\"da-DK\",\"@id\":\"https:\/\/secure.gravatar.com\/avatar\/6ed1007e4f6f43f22e3df41d9fce4365533cba47fef64bb359b8e629abbc2ea6?s=96&d=mm&r=g\",\"url\":\"https:\/\/secure.gravatar.com\/avatar\/6ed1007e4f6f43f22e3df41d9fce4365533cba47fef64bb359b8e629abbc2ea6?s=96&d=mm&r=g\",\"contentUrl\":\"https:\/\/secure.gravatar.com\/avatar\/6ed1007e4f6f43f22e3df41d9fce4365533cba47fef64bb359b8e629abbc2ea6?s=96&d=mm&r=g\",\"caption\":\"syncreadwrite\"},\"url\":\"https:\/\/www.sts-education.com\/dk\/author\/syncreadwrite\/\"}]}<\/script>\n<!-- \/ Yoast SEO Premium plugin. -->","yoast_head_json":{"title":"Jenny valgte at studere i Costa Rica","description":"Jeg har altid \u00f8nsket at tage p\u00e5 udveksling, det startede, da jeg var lille. Mine s\u00f8stre fortalte mig om deres udvekslingsophold og oplevelser med at rejse rundt i verden.","robots":{"index":"index","follow":"follow","max-snippet":"max-snippet:-1","max-image-preview":"max-image-preview:large","max-video-preview":"max-video-preview:-1"},"canonical":"https:\/\/www.sts-education.com\/dk\/high-school\/beretninger-fra-eleverne\/elevhistorier\/jenny-valgte-at-studere-i-costa-rica\/","og_locale":"da_DK","og_type":"article","og_title":"Jenny Valgte At Studere I Costa Rica","og_description":"Jeg har altid \u00f8nsket at tage p\u00e5 udveksling, det startede, da jeg var lille. Mine s\u00f8stre fortalte mig om deres udvekslingsophold og oplevelser med at rejse rundt i verden.","og_url":"https:\/\/www.sts-education.com\/dk\/high-school\/beretninger-fra-eleverne\/elevhistorier\/jenny-valgte-at-studere-i-costa-rica\/","og_site_name":"STS Education","article_published_time":"2023-05-02T10:00:00+00:00","article_modified_time":"2026-04-15T09:51:11+00:00","og_image":[{"width":150,"height":150,"url":"https:\/\/powered-by.qbank.se\/educatius\/sts\/\/c05556c0b8b22d19da665af35946abf7_1-1-thumb.webp","type":"image\/jpeg"}],"author":"syncreadwrite","twitter_card":"summary_large_image","twitter_misc":{"Skrevet af":"syncreadwrite","Estimeret l\u00e6setid":"5 minutter"},"schema":{"@context":"https:\/\/schema.org","@graph":[{"@type":"Article","@id":"https:\/\/www.sts-education.com\/dk\/high-school\/beretninger-fra-eleverne\/elevhistorier\/jenny-valgte-at-studere-i-costa-rica\/#article","isPartOf":{"@id":"https:\/\/www.sts-education.com\/dk\/high-school\/beretninger-fra-eleverne\/elevhistorier\/jenny-valgte-at-studere-i-costa-rica\/"},"author":{"name":"syncreadwrite","@id":"https:\/\/www.sts-education.com\/dk\/#\/schema\/person\/8b82f3a2e45f020b8f296d7a85d9a97c"},"headline":"Jenny Valgte At Studere I Costa Rica","datePublished":"2023-05-02T10:00:00+00:00","dateModified":"2026-04-15T09:51:11+00:00","mainEntityOfPage":{"@id":"https:\/\/www.sts-education.com\/dk\/high-school\/beretninger-fra-eleverne\/elevhistorier\/jenny-valgte-at-studere-i-costa-rica\/"},"wordCount":1060,"commentCount":0,"image":{"@id":"https:\/\/www.sts-education.com\/dk\/high-school\/beretninger-fra-eleverne\/elevhistorier\/jenny-valgte-at-studere-i-costa-rica\/#primaryimage"},"thumbnailUrl":"https:\/\/powered-by.qbank.se\/educatius\/sts\/\/c05556c0b8b22d19da665af35946abf7_1-1-thumb.webp","keywords":["Costa Rica"],"articleSection":["Uncategorized @da"],"inLanguage":"da-DK","potentialAction":[{"@type":"CommentAction","name":"Comment","target":["https:\/\/www.sts-education.com\/dk\/high-school\/beretninger-fra-eleverne\/elevhistorier\/jenny-valgte-at-studere-i-costa-rica\/#respond"]}]},{"@type":"WebPage","@id":"https:\/\/www.sts-education.com\/dk\/high-school\/beretninger-fra-eleverne\/elevhistorier\/jenny-valgte-at-studere-i-costa-rica\/","url":"https:\/\/www.sts-education.com\/dk\/high-school\/beretninger-fra-eleverne\/elevhistorier\/jenny-valgte-at-studere-i-costa-rica\/","name":"Jenny valgte at studere i Costa Rica","isPartOf":{"@id":"https:\/\/www.sts-education.com\/dk\/#website"},"primaryImageOfPage":{"@id":"https:\/\/www.sts-education.com\/dk\/high-school\/beretninger-fra-eleverne\/elevhistorier\/jenny-valgte-at-studere-i-costa-rica\/#primaryimage"},"image":{"@id":"https:\/\/www.sts-education.com\/dk\/high-school\/beretninger-fra-eleverne\/elevhistorier\/jenny-valgte-at-studere-i-costa-rica\/#primaryimage"},"thumbnailUrl":"https:\/\/powered-by.qbank.se\/educatius\/sts\/\/c05556c0b8b22d19da665af35946abf7_1-1-thumb.webp","datePublished":"2023-05-02T10:00:00+00:00","dateModified":"2026-04-15T09:51:11+00:00","author":{"@id":"https:\/\/www.sts-education.com\/dk\/#\/schema\/person\/8b82f3a2e45f020b8f296d7a85d9a97c"},"description":"Jeg har altid \u00f8nsket at tage p\u00e5 udveksling, det startede, da jeg var lille. Mine s\u00f8stre fortalte mig om deres udvekslingsophold og oplevelser med at rejse rundt i verden.","breadcrumb":{"@id":"https:\/\/www.sts-education.com\/dk\/high-school\/beretninger-fra-eleverne\/elevhistorier\/jenny-valgte-at-studere-i-costa-rica\/#breadcrumb"},"inLanguage":"da-DK","potentialAction":[{"@type":"ReadAction","target":["https:\/\/www.sts-education.com\/dk\/high-school\/beretninger-fra-eleverne\/elevhistorier\/jenny-valgte-at-studere-i-costa-rica\/"]}]},{"@type":"ImageObject","inLanguage":"da-DK","@id":"https:\/\/www.sts-education.com\/dk\/high-school\/beretninger-fra-eleverne\/elevhistorier\/jenny-valgte-at-studere-i-costa-rica\/#primaryimage","url":"https:\/\/powered-by.qbank.se\/educatius\/sts\/\/c05556c0b8b22d19da665af35946abf7_1-1-thumb.webp","contentUrl":"https:\/\/powered-by.qbank.se\/educatius\/sts\/\/c05556c0b8b22d19da665af35946abf7_1-1-thumb.webp","width":150,"height":150},{"@type":"BreadcrumbList","@id":"https:\/\/www.sts-education.com\/dk\/high-school\/beretninger-fra-eleverne\/elevhistorier\/jenny-valgte-at-studere-i-costa-rica\/#breadcrumb","itemListElement":[{"@type":"ListItem","position":1,"name":"Home","item":"https:\/\/www.sts-education.com\/dk\/sample-page\/"},{"@type":"ListItem","position":2,"name":"Jenny Valgte At Studere I Costa Rica"}]},{"@type":"WebSite","@id":"https:\/\/www.sts-education.com\/dk\/#website","url":"https:\/\/www.sts-education.com\/dk\/","name":"STS Education","description":"","potentialAction":[{"@type":"SearchAction","target":{"@type":"EntryPoint","urlTemplate":"https:\/\/www.sts-education.com\/dk\/?s={search_term_string}"},"query-input":{"@type":"PropertyValueSpecification","valueRequired":true,"valueName":"search_term_string"}}],"inLanguage":"da-DK"},{"@type":"Person","@id":"https:\/\/www.sts-education.com\/dk\/#\/schema\/person\/8b82f3a2e45f020b8f296d7a85d9a97c","name":"syncreadwrite","image":{"@type":"ImageObject","inLanguage":"da-DK","@id":"https:\/\/secure.gravatar.com\/avatar\/6ed1007e4f6f43f22e3df41d9fce4365533cba47fef64bb359b8e629abbc2ea6?s=96&d=mm&r=g","url":"https:\/\/secure.gravatar.com\/avatar\/6ed1007e4f6f43f22e3df41d9fce4365533cba47fef64bb359b8e629abbc2ea6?s=96&d=mm&r=g","contentUrl":"https:\/\/secure.gravatar.com\/avatar\/6ed1007e4f6f43f22e3df41d9fce4365533cba47fef64bb359b8e629abbc2ea6?s=96&d=mm&r=g","caption":"syncreadwrite"},"url":"https:\/\/www.sts-education.com\/dk\/author\/syncreadwrite\/"}]}},"_links":{"self":[{"href":"https:\/\/www.sts-education.com\/dk\/wp-json\/wp\/v2\/posts\/11469","targetHints":{"allow":["GET"]}}],"collection":[{"href":"https:\/\/www.sts-education.com\/dk\/wp-json\/wp\/v2\/posts"}],"about":[{"href":"https:\/\/www.sts-education.com\/dk\/wp-json\/wp\/v2\/types\/post"}],"author":[{"embeddable":true,"href":"https:\/\/www.sts-education.com\/dk\/wp-json\/wp\/v2\/users\/20"}],"replies":[{"embeddable":true,"href":"https:\/\/www.sts-education.com\/dk\/wp-json\/wp\/v2\/comments?post=11469"}],"version-history":[{"count":5,"href":"https:\/\/www.sts-education.com\/dk\/wp-json\/wp\/v2\/posts\/11469\/revisions"}],"predecessor-version":[{"id":36243,"href":"https:\/\/www.sts-education.com\/dk\/wp-json\/wp\/v2\/posts\/11469\/revisions\/36243"}],"wp:featuredmedia":[{"embeddable":true,"href":"https:\/\/www.sts-education.com\/dk\/wp-json\/wp\/v2\/media\/12904"}],"wp:attachment":[{"href":"https:\/\/www.sts-education.com\/dk\/wp-json\/wp\/v2\/media?parent=11469"}],"wp:term":[{"taxonomy":"category","embeddable":true,"href":"https:\/\/www.sts-education.com\/dk\/wp-json\/wp\/v2\/categories?post=11469"},{"taxonomy":"post_tag","embeddable":true,"href":"https:\/\/www.sts-education.com\/dk\/wp-json\/wp\/v2\/tags?post=11469"},{"taxonomy":"wpw_post_folders","embeddable":true,"href":"https:\/\/www.sts-education.com\/dk\/wp-json\/wp\/v2\/wpw_post_folders?post=11469"}],"curies":[{"name":"wp","href":"https:\/\/api.w.org\/{rel}","templated":true}]}}