{"id":11472,"date":"2023-04-26T11:00:00","date_gmt":"2023-04-26T11:00:00","guid":{"rendered":"https:\/\/preprod.sts-education.com\/blog\/2026\/03\/05\/cedric-tilbragte-et-ar-i-udlandet-i-canada\/"},"modified":"2026-04-15T09:51:16","modified_gmt":"2026-04-15T09:51:16","slug":"cedric-tilbragte-et-ar-i-udlandet-i-canada","status":"publish","type":"post","link":"https:\/\/www.sts-education.com\/dk\/high-school\/beretninger-fra-eleverne\/elevhistorier\/cedric-tilbragte-et-ar-i-udlandet-i-canada\/","title":{"rendered":"Cedric Tilbragte Et Ar I Udlandet I Canada"},"content":{"rendered":"\n<div class=\"wp-block-sts-text sts-text-editor has-max-width-md\"><div class=\"sts-text-editor__content\"><div class=\"sts-text-editor__content-inner\">\n<h1 style=\"text-align:center\">Cedric tilbragte et \u00e5r i udlandet i Canada<\/h1>\n<\/div><\/div><\/div>\n\n\n\n<div class=\"wp-block-sts-text sts-text-editor has-max-width-md\"><div class=\"sts-text-editor__content\"><div class=\"sts-text-editor__content-inner\">\n<p><em>Cedric fra Schweiz var p\u00e5 udveksling i Canada.<\/em><\/p>\n<h2>Hvor tog du hen og hvorfor?<\/h2>\n<p>Jeg tog til Canada, mest fordi mine for\u00e6ldre ans\u00e5 det for at v\u00e6re et mere sikkert alternativ til USA, hvor jeg oprindeligt ville hen. Jeg fortryder dog ikke, at jeg tog til Canada. Det er meget lig USA.<\/p>\n<h2>Hvorfor tog du p\u00e5 udveksling?<\/h2>\n<p>Mest fordi jeg gerne ville opleve mere af, hvad verden har at byde p\u00e5, mens jeg stadig er ung, og ogs\u00e5 for at forbedre mit engelsk.<\/p>\n<h2>Hvordan var det at bo hos en v\u00e6rtsfamilie?<\/h2>\n<p>Det var en ret fed oplevelse! Hvis du er t\u00e6t p\u00e5 din v\u00e6rtsfamilie, er det som at bo i et hus med dine bedste venner. Jeg savnede dog min schweiziske familie.<\/p>\n<h2>Hvordan var det i skolen?<\/h2>\n<p>Skolen var meget interessant. Det er meget nemmere end i Schweiz, da man kan lave sit eget skema efter sine interesser. Pr\u00f8verne er ikke s\u00e5 sv\u00e6re, og du har mere fritid, hvilket giver dig mulighed for at udforske landet og dets kultur.<\/p>\n<h2>Hvad lavede du i din fritid? Havde du nogen nye hobbyer?<\/h2>\n<p>Da jeg boede ret afsides, begyndte jeg at vandre. Jeg gik timelange ture i naturen. Sammen med mine venner tog jeg ofte ind til byen for at g\u00e5 i indk\u00f8bscenter eller ud at spise.<\/p>\n<h2>Var det nemt\/sv\u00e6rt at f\u00e5 venner?<\/h2>\n<p>Det var meget nemt for mig at finde venner, da jeg er en udadvendt person. Canadiere er i forvejen meget venlige, s\u00e5 n\u00e5r jeg henvendte mig til folk og startede en samtale, opstod der ofte nye venskaber.<\/p>\n<h2>Hvad var en stor udfordring for dig? Hvordan overvandt du den?<\/h2>\n<p>En stor udfordring for mig var at bo s\u00e5 afsides. Der var ikke rigtig noget inden for g\u00e5afstand. Byen l\u00e5 kun 30 minutter v\u00e6k i bil, men da der ikke var nogen offentlig transport, var jeg altid n\u00f8dt til at f\u00e5 mine venner eller min v\u00e6rtsfamilie til at k\u00f8re mig. Da alle mine venner gik i 12. klasse, var det ikke noget problem, for de k\u00f8rte alle sammen. Men det var lidt af en udfordring, da jeg f\u00f8rst ankom og ikke havde f\u00e5et s\u00e5 mange venner endnu. En anden udfordring var det ekstremt kolde vejr. Nogle gange l\u00e5ste vejret os inde i dagevis, fordi vejene var s\u00e5 d\u00e5rlige, at de var n\u00f8dt til at aflyse skolen.<\/p>\n<h2>Hvad var det bedste ved dit udvekslingsophold?<\/h2>\n<p>Det bedste fra mit udvekslings\u00e5r er alle de venner, jeg fik. Jeg er stadig i kontakt med dem og skal bes\u00f8ge dem til sommer.<\/p>\n<h2>Hvad er dit bedste minde?<\/h2>\n<p>Mit bedste minde er Canada Day, den 1. juli. Det var den sidste aften, jeg tilbragte i Canada, og jeg var sammen med alle mine venner og fik sagt farvel til dem. Det var utroligt trist, men ogs\u00e5 meget smukt, da der var fyrv\u00e6rkeri og generelt en fantastisk atmosf\u00e6re.<\/p>\n<h2>Hvad er det vigtigste, du har l\u00e6rt?<\/h2>\n<p>Man skal aldrig sige nej til nye oplevelser, og et farvel varer ikke evigt.<\/p>\n<h2>Kan du anbefale at tage af sted?<\/h2>\n<p>Ja, absolut!<\/p>\n<h2>Hvorfor skal man tage p\u00e5 udveksling?<\/h2>\n<p>For at opleve mere af, hvad verden har at byde p\u00e5, og for at l\u00e6re fremmedsprog.<\/p>\n<h2>Dit bedste r\u00e5d?<\/h2>\n<ol><li>Lad v\u00e6re med at pr\u00f8ve at f\u00e5 en k\u00e6reste, da det vil v\u00e6re slut, s\u00e5 snart du rejser, hvilket er uundg\u00e5eligt.<\/li>\n<li>Tilbring s\u00e5 meget tid som muligt med dine venner og v\u00e6rtsfamilie.<\/li>\n<li>L\u00e6g telefonen fra dig.<\/li><\/ol>\n<h2>Hvorfor valgte du STS?<\/h2>\n<p>Fordi mine venner anbefalede STS, og de tilb\u00f8d high school-udveksling i Canada.<\/p>\n<h2>Var du tilfreds med STS?<\/h2>\n<p>Ja, meget. Alle mine sp\u00f8rgsm\u00e5l blev altid besvaret, og alt blev h\u00e5ndteret professionelt.<\/p>\n<h2>Hvad laver du nu?<\/h2>\n<p>Jeg g\u00e5r stadig i skole i Schweiz og bliver f\u00e6rdiguddannet i sommeren 2024.<\/p>\n<h2>Hvordan vil dit udvekslingsophold p\u00e5virke din fremtid?<\/h2>\n<p>P\u00e5 et par m\u00e5der. Jeg har forbedret mit engelsk, hvilket er meget vigtigt for det, jeg gerne vil lave i fremtiden. Jeg har ogs\u00e5 f\u00e5et nogle venner, som jeg nok vil beholde resten af livet. Det har ogs\u00e5 gjort mig meget mere moden, fordi man ikke har sine for\u00e6ldre omkring sig hele tiden.<\/p>\n<h2>Find ud af mere!<\/h2>\n<ul><li>L\u00e6s flere <a href=\"https:\/\/www.sts-education.com\/dk\/high-school\/beretninger-fra-eleverne\/elevhistorier\/?hashtag=Canada\">elevhistorier fra Canada<\/a><\/li>\n<li>L\u00e6s mere om <a href=\"https:\/\/www.sts-education.com\/dk\/high-school\/programlande\/nordamerika\/canada\/\">high school-udveksling i Canada<\/a><\/li>\n<li>Se alle vores <a href=\"\/dk\/high-school\/tripfinder\/\">destinationer for high school-udveksling<\/a><\/li><\/ul>\n<\/div><\/div><\/div>\n","protected":false},"excerpt":{"rendered":"","protected":false},"author":20,"featured_media":12910,"comment_status":"open","ping_status":"open","sticky":false,"template":"","format":"standard","meta":{"_acf_changed":false,"_yoast_wpseo_title":"Cedric tilbragte et \u00e5r i udlandet i Canada","_yoast_wpseo_metadesc":"Jeg tog til Canada, mest fordi mine for\u00e6ldre ans\u00e5 det for at v\u00e6re et mere sikkert alternativ til USA, hvor jeg oprindeligt ville hen.","footnotes":""},"categories":[305],"tags":[880],"wpw_post_folders":[],"class_list":["post-11472","post","type-post","status-publish","format-standard","has-post-thumbnail","hentry","category-uncategorized-da","tag-canada"],"acf":[],"yoast_head":"<!-- This site is optimized with the Yoast SEO Premium plugin v27.2 (Yoast SEO v27.2) - https:\/\/yoast.com\/product\/yoast-seo-premium-wordpress\/ -->\n<title>Cedric tilbragte et \u00e5r i udlandet i Canada<\/title>\n<meta name=\"description\" content=\"Jeg tog til Canada, mest fordi mine for\u00e6ldre ans\u00e5 det for at v\u00e6re et mere sikkert alternativ til USA, hvor jeg oprindeligt ville hen.\" \/>\n<meta name=\"robots\" content=\"index, follow, max-snippet:-1, max-image-preview:large, max-video-preview:-1\" \/>\n<link rel=\"canonical\" href=\"https:\/\/www.sts-education.com\/dk\/high-school\/beretninger-fra-eleverne\/elevhistorier\/cedric-tilbragte-et-ar-i-udlandet-i-canada\/\" \/>\n<meta property=\"og:locale\" content=\"da_DK\" \/>\n<meta property=\"og:type\" content=\"article\" \/>\n<meta property=\"og:title\" content=\"Cedric Tilbragte Et Ar I Udlandet I Canada\" \/>\n<meta property=\"og:description\" content=\"Jeg tog til Canada, mest fordi mine for\u00e6ldre ans\u00e5 det for at v\u00e6re et mere sikkert alternativ til USA, hvor jeg oprindeligt ville hen.\" \/>\n<meta property=\"og:url\" content=\"https:\/\/www.sts-education.com\/dk\/high-school\/beretninger-fra-eleverne\/elevhistorier\/cedric-tilbragte-et-ar-i-udlandet-i-canada\/\" \/>\n<meta property=\"og:site_name\" content=\"STS Education\" \/>\n<meta property=\"article:published_time\" content=\"2023-04-26T11:00:00+00:00\" \/>\n<meta property=\"article:modified_time\" content=\"2026-04-15T09:51:16+00:00\" \/>\n<meta property=\"og:image\" content=\"https:\/\/powered-by.qbank.se\/educatius\/sts\/\/3d2c58b49ad56f76a00a991fdb283798_1-1-thumb.webp\" \/>\n\t<meta property=\"og:image:width\" content=\"150\" \/>\n\t<meta property=\"og:image:height\" content=\"150\" \/>\n\t<meta property=\"og:image:type\" content=\"image\/jpeg\" \/>\n<meta name=\"author\" content=\"syncreadwrite\" \/>\n<meta name=\"twitter:card\" content=\"summary_large_image\" \/>\n<meta name=\"twitter:label1\" content=\"Skrevet af\" \/>\n\t<meta name=\"twitter:data1\" content=\"syncreadwrite\" \/>\n\t<meta name=\"twitter:label2\" content=\"Estimeret l\u00e6setid\" \/>\n\t<meta name=\"twitter:data2\" content=\"4 minutter\" \/>\n<script type=\"application\/ld+json\" class=\"yoast-schema-graph\">{\"@context\":\"https:\/\/schema.org\",\"@graph\":[{\"@type\":\"Article\",\"@id\":\"https:\/\/www.sts-education.com\/dk\/high-school\/beretninger-fra-eleverne\/elevhistorier\/cedric-tilbragte-et-ar-i-udlandet-i-canada\/#article\",\"isPartOf\":{\"@id\":\"https:\/\/www.sts-education.com\/dk\/high-school\/beretninger-fra-eleverne\/elevhistorier\/cedric-tilbragte-et-ar-i-udlandet-i-canada\/\"},\"author\":{\"name\":\"syncreadwrite\",\"@id\":\"https:\/\/www.sts-education.com\/dk\/#\/schema\/person\/8b82f3a2e45f020b8f296d7a85d9a97c\"},\"headline\":\"Cedric Tilbragte Et Ar I Udlandet I Canada\",\"datePublished\":\"2023-04-26T11:00:00+00:00\",\"dateModified\":\"2026-04-15T09:51:16+00:00\",\"mainEntityOfPage\":{\"@id\":\"https:\/\/www.sts-education.com\/dk\/high-school\/beretninger-fra-eleverne\/elevhistorier\/cedric-tilbragte-et-ar-i-udlandet-i-canada\/\"},\"wordCount\":754,\"commentCount\":0,\"image\":{\"@id\":\"https:\/\/www.sts-education.com\/dk\/high-school\/beretninger-fra-eleverne\/elevhistorier\/cedric-tilbragte-et-ar-i-udlandet-i-canada\/#primaryimage\"},\"thumbnailUrl\":\"https:\/\/powered-by.qbank.se\/educatius\/sts\/\/3d2c58b49ad56f76a00a991fdb283798_1-1-thumb.webp\",\"keywords\":[\"Canada\"],\"articleSection\":[\"Uncategorized @da\"],\"inLanguage\":\"da-DK\",\"potentialAction\":[{\"@type\":\"CommentAction\",\"name\":\"Comment\",\"target\":[\"https:\/\/www.sts-education.com\/dk\/high-school\/beretninger-fra-eleverne\/elevhistorier\/cedric-tilbragte-et-ar-i-udlandet-i-canada\/#respond\"]}]},{\"@type\":\"WebPage\",\"@id\":\"https:\/\/www.sts-education.com\/dk\/high-school\/beretninger-fra-eleverne\/elevhistorier\/cedric-tilbragte-et-ar-i-udlandet-i-canada\/\",\"url\":\"https:\/\/www.sts-education.com\/dk\/high-school\/beretninger-fra-eleverne\/elevhistorier\/cedric-tilbragte-et-ar-i-udlandet-i-canada\/\",\"name\":\"Cedric tilbragte et \u00e5r i udlandet i Canada\",\"isPartOf\":{\"@id\":\"https:\/\/www.sts-education.com\/dk\/#website\"},\"primaryImageOfPage\":{\"@id\":\"https:\/\/www.sts-education.com\/dk\/high-school\/beretninger-fra-eleverne\/elevhistorier\/cedric-tilbragte-et-ar-i-udlandet-i-canada\/#primaryimage\"},\"image\":{\"@id\":\"https:\/\/www.sts-education.com\/dk\/high-school\/beretninger-fra-eleverne\/elevhistorier\/cedric-tilbragte-et-ar-i-udlandet-i-canada\/#primaryimage\"},\"thumbnailUrl\":\"https:\/\/powered-by.qbank.se\/educatius\/sts\/\/3d2c58b49ad56f76a00a991fdb283798_1-1-thumb.webp\",\"datePublished\":\"2023-04-26T11:00:00+00:00\",\"dateModified\":\"2026-04-15T09:51:16+00:00\",\"author\":{\"@id\":\"https:\/\/www.sts-education.com\/dk\/#\/schema\/person\/8b82f3a2e45f020b8f296d7a85d9a97c\"},\"description\":\"Jeg tog til Canada, mest fordi mine for\u00e6ldre ans\u00e5 det for at v\u00e6re et mere sikkert alternativ til USA, hvor jeg oprindeligt ville hen.\",\"breadcrumb\":{\"@id\":\"https:\/\/www.sts-education.com\/dk\/high-school\/beretninger-fra-eleverne\/elevhistorier\/cedric-tilbragte-et-ar-i-udlandet-i-canada\/#breadcrumb\"},\"inLanguage\":\"da-DK\",\"potentialAction\":[{\"@type\":\"ReadAction\",\"target\":[\"https:\/\/www.sts-education.com\/dk\/high-school\/beretninger-fra-eleverne\/elevhistorier\/cedric-tilbragte-et-ar-i-udlandet-i-canada\/\"]}]},{\"@type\":\"ImageObject\",\"inLanguage\":\"da-DK\",\"@id\":\"https:\/\/www.sts-education.com\/dk\/high-school\/beretninger-fra-eleverne\/elevhistorier\/cedric-tilbragte-et-ar-i-udlandet-i-canada\/#primaryimage\",\"url\":\"https:\/\/powered-by.qbank.se\/educatius\/sts\/\/3d2c58b49ad56f76a00a991fdb283798_1-1-thumb.webp\",\"contentUrl\":\"https:\/\/powered-by.qbank.se\/educatius\/sts\/\/3d2c58b49ad56f76a00a991fdb283798_1-1-thumb.webp\",\"width\":150,\"height\":150},{\"@type\":\"BreadcrumbList\",\"@id\":\"https:\/\/www.sts-education.com\/dk\/high-school\/beretninger-fra-eleverne\/elevhistorier\/cedric-tilbragte-et-ar-i-udlandet-i-canada\/#breadcrumb\",\"itemListElement\":[{\"@type\":\"ListItem\",\"position\":1,\"name\":\"Home\",\"item\":\"https:\/\/www.sts-education.com\/dk\/sample-page\/\"},{\"@type\":\"ListItem\",\"position\":2,\"name\":\"Cedric Tilbragte Et Ar I Udlandet I Canada\"}]},{\"@type\":\"WebSite\",\"@id\":\"https:\/\/www.sts-education.com\/dk\/#website\",\"url\":\"https:\/\/www.sts-education.com\/dk\/\",\"name\":\"STS Education\",\"description\":\"\",\"potentialAction\":[{\"@type\":\"SearchAction\",\"target\":{\"@type\":\"EntryPoint\",\"urlTemplate\":\"https:\/\/www.sts-education.com\/dk\/?s={search_term_string}\"},\"query-input\":{\"@type\":\"PropertyValueSpecification\",\"valueRequired\":true,\"valueName\":\"search_term_string\"}}],\"inLanguage\":\"da-DK\"},{\"@type\":\"Person\",\"@id\":\"https:\/\/www.sts-education.com\/dk\/#\/schema\/person\/8b82f3a2e45f020b8f296d7a85d9a97c\",\"name\":\"syncreadwrite\",\"image\":{\"@type\":\"ImageObject\",\"inLanguage\":\"da-DK\",\"@id\":\"https:\/\/secure.gravatar.com\/avatar\/6ed1007e4f6f43f22e3df41d9fce4365533cba47fef64bb359b8e629abbc2ea6?s=96&d=mm&r=g\",\"url\":\"https:\/\/secure.gravatar.com\/avatar\/6ed1007e4f6f43f22e3df41d9fce4365533cba47fef64bb359b8e629abbc2ea6?s=96&d=mm&r=g\",\"contentUrl\":\"https:\/\/secure.gravatar.com\/avatar\/6ed1007e4f6f43f22e3df41d9fce4365533cba47fef64bb359b8e629abbc2ea6?s=96&d=mm&r=g\",\"caption\":\"syncreadwrite\"},\"url\":\"https:\/\/www.sts-education.com\/dk\/author\/syncreadwrite\/\"}]}<\/script>\n<!-- \/ Yoast SEO Premium plugin. -->","yoast_head_json":{"title":"Cedric tilbragte et \u00e5r i udlandet i Canada","description":"Jeg tog til Canada, mest fordi mine for\u00e6ldre ans\u00e5 det for at v\u00e6re et mere sikkert alternativ til USA, hvor jeg oprindeligt ville hen.","robots":{"index":"index","follow":"follow","max-snippet":"max-snippet:-1","max-image-preview":"max-image-preview:large","max-video-preview":"max-video-preview:-1"},"canonical":"https:\/\/www.sts-education.com\/dk\/high-school\/beretninger-fra-eleverne\/elevhistorier\/cedric-tilbragte-et-ar-i-udlandet-i-canada\/","og_locale":"da_DK","og_type":"article","og_title":"Cedric Tilbragte Et Ar I Udlandet I Canada","og_description":"Jeg tog til Canada, mest fordi mine for\u00e6ldre ans\u00e5 det for at v\u00e6re et mere sikkert alternativ til USA, hvor jeg oprindeligt ville hen.","og_url":"https:\/\/www.sts-education.com\/dk\/high-school\/beretninger-fra-eleverne\/elevhistorier\/cedric-tilbragte-et-ar-i-udlandet-i-canada\/","og_site_name":"STS Education","article_published_time":"2023-04-26T11:00:00+00:00","article_modified_time":"2026-04-15T09:51:16+00:00","og_image":[{"width":150,"height":150,"url":"https:\/\/powered-by.qbank.se\/educatius\/sts\/\/3d2c58b49ad56f76a00a991fdb283798_1-1-thumb.webp","type":"image\/jpeg"}],"author":"syncreadwrite","twitter_card":"summary_large_image","twitter_misc":{"Skrevet af":"syncreadwrite","Estimeret l\u00e6setid":"4 minutter"},"schema":{"@context":"https:\/\/schema.org","@graph":[{"@type":"Article","@id":"https:\/\/www.sts-education.com\/dk\/high-school\/beretninger-fra-eleverne\/elevhistorier\/cedric-tilbragte-et-ar-i-udlandet-i-canada\/#article","isPartOf":{"@id":"https:\/\/www.sts-education.com\/dk\/high-school\/beretninger-fra-eleverne\/elevhistorier\/cedric-tilbragte-et-ar-i-udlandet-i-canada\/"},"author":{"name":"syncreadwrite","@id":"https:\/\/www.sts-education.com\/dk\/#\/schema\/person\/8b82f3a2e45f020b8f296d7a85d9a97c"},"headline":"Cedric Tilbragte Et Ar I Udlandet I Canada","datePublished":"2023-04-26T11:00:00+00:00","dateModified":"2026-04-15T09:51:16+00:00","mainEntityOfPage":{"@id":"https:\/\/www.sts-education.com\/dk\/high-school\/beretninger-fra-eleverne\/elevhistorier\/cedric-tilbragte-et-ar-i-udlandet-i-canada\/"},"wordCount":754,"commentCount":0,"image":{"@id":"https:\/\/www.sts-education.com\/dk\/high-school\/beretninger-fra-eleverne\/elevhistorier\/cedric-tilbragte-et-ar-i-udlandet-i-canada\/#primaryimage"},"thumbnailUrl":"https:\/\/powered-by.qbank.se\/educatius\/sts\/\/3d2c58b49ad56f76a00a991fdb283798_1-1-thumb.webp","keywords":["Canada"],"articleSection":["Uncategorized @da"],"inLanguage":"da-DK","potentialAction":[{"@type":"CommentAction","name":"Comment","target":["https:\/\/www.sts-education.com\/dk\/high-school\/beretninger-fra-eleverne\/elevhistorier\/cedric-tilbragte-et-ar-i-udlandet-i-canada\/#respond"]}]},{"@type":"WebPage","@id":"https:\/\/www.sts-education.com\/dk\/high-school\/beretninger-fra-eleverne\/elevhistorier\/cedric-tilbragte-et-ar-i-udlandet-i-canada\/","url":"https:\/\/www.sts-education.com\/dk\/high-school\/beretninger-fra-eleverne\/elevhistorier\/cedric-tilbragte-et-ar-i-udlandet-i-canada\/","name":"Cedric tilbragte et \u00e5r i udlandet i Canada","isPartOf":{"@id":"https:\/\/www.sts-education.com\/dk\/#website"},"primaryImageOfPage":{"@id":"https:\/\/www.sts-education.com\/dk\/high-school\/beretninger-fra-eleverne\/elevhistorier\/cedric-tilbragte-et-ar-i-udlandet-i-canada\/#primaryimage"},"image":{"@id":"https:\/\/www.sts-education.com\/dk\/high-school\/beretninger-fra-eleverne\/elevhistorier\/cedric-tilbragte-et-ar-i-udlandet-i-canada\/#primaryimage"},"thumbnailUrl":"https:\/\/powered-by.qbank.se\/educatius\/sts\/\/3d2c58b49ad56f76a00a991fdb283798_1-1-thumb.webp","datePublished":"2023-04-26T11:00:00+00:00","dateModified":"2026-04-15T09:51:16+00:00","author":{"@id":"https:\/\/www.sts-education.com\/dk\/#\/schema\/person\/8b82f3a2e45f020b8f296d7a85d9a97c"},"description":"Jeg tog til Canada, mest fordi mine for\u00e6ldre ans\u00e5 det for at v\u00e6re et mere sikkert alternativ til USA, hvor jeg oprindeligt ville hen.","breadcrumb":{"@id":"https:\/\/www.sts-education.com\/dk\/high-school\/beretninger-fra-eleverne\/elevhistorier\/cedric-tilbragte-et-ar-i-udlandet-i-canada\/#breadcrumb"},"inLanguage":"da-DK","potentialAction":[{"@type":"ReadAction","target":["https:\/\/www.sts-education.com\/dk\/high-school\/beretninger-fra-eleverne\/elevhistorier\/cedric-tilbragte-et-ar-i-udlandet-i-canada\/"]}]},{"@type":"ImageObject","inLanguage":"da-DK","@id":"https:\/\/www.sts-education.com\/dk\/high-school\/beretninger-fra-eleverne\/elevhistorier\/cedric-tilbragte-et-ar-i-udlandet-i-canada\/#primaryimage","url":"https:\/\/powered-by.qbank.se\/educatius\/sts\/\/3d2c58b49ad56f76a00a991fdb283798_1-1-thumb.webp","contentUrl":"https:\/\/powered-by.qbank.se\/educatius\/sts\/\/3d2c58b49ad56f76a00a991fdb283798_1-1-thumb.webp","width":150,"height":150},{"@type":"BreadcrumbList","@id":"https:\/\/www.sts-education.com\/dk\/high-school\/beretninger-fra-eleverne\/elevhistorier\/cedric-tilbragte-et-ar-i-udlandet-i-canada\/#breadcrumb","itemListElement":[{"@type":"ListItem","position":1,"name":"Home","item":"https:\/\/www.sts-education.com\/dk\/sample-page\/"},{"@type":"ListItem","position":2,"name":"Cedric Tilbragte Et Ar I Udlandet I Canada"}]},{"@type":"WebSite","@id":"https:\/\/www.sts-education.com\/dk\/#website","url":"https:\/\/www.sts-education.com\/dk\/","name":"STS Education","description":"","potentialAction":[{"@type":"SearchAction","target":{"@type":"EntryPoint","urlTemplate":"https:\/\/www.sts-education.com\/dk\/?s={search_term_string}"},"query-input":{"@type":"PropertyValueSpecification","valueRequired":true,"valueName":"search_term_string"}}],"inLanguage":"da-DK"},{"@type":"Person","@id":"https:\/\/www.sts-education.com\/dk\/#\/schema\/person\/8b82f3a2e45f020b8f296d7a85d9a97c","name":"syncreadwrite","image":{"@type":"ImageObject","inLanguage":"da-DK","@id":"https:\/\/secure.gravatar.com\/avatar\/6ed1007e4f6f43f22e3df41d9fce4365533cba47fef64bb359b8e629abbc2ea6?s=96&d=mm&r=g","url":"https:\/\/secure.gravatar.com\/avatar\/6ed1007e4f6f43f22e3df41d9fce4365533cba47fef64bb359b8e629abbc2ea6?s=96&d=mm&r=g","contentUrl":"https:\/\/secure.gravatar.com\/avatar\/6ed1007e4f6f43f22e3df41d9fce4365533cba47fef64bb359b8e629abbc2ea6?s=96&d=mm&r=g","caption":"syncreadwrite"},"url":"https:\/\/www.sts-education.com\/dk\/author\/syncreadwrite\/"}]}},"_links":{"self":[{"href":"https:\/\/www.sts-education.com\/dk\/wp-json\/wp\/v2\/posts\/11472","targetHints":{"allow":["GET"]}}],"collection":[{"href":"https:\/\/www.sts-education.com\/dk\/wp-json\/wp\/v2\/posts"}],"about":[{"href":"https:\/\/www.sts-education.com\/dk\/wp-json\/wp\/v2\/types\/post"}],"author":[{"embeddable":true,"href":"https:\/\/www.sts-education.com\/dk\/wp-json\/wp\/v2\/users\/20"}],"replies":[{"embeddable":true,"href":"https:\/\/www.sts-education.com\/dk\/wp-json\/wp\/v2\/comments?post=11472"}],"version-history":[{"count":5,"href":"https:\/\/www.sts-education.com\/dk\/wp-json\/wp\/v2\/posts\/11472\/revisions"}],"predecessor-version":[{"id":36246,"href":"https:\/\/www.sts-education.com\/dk\/wp-json\/wp\/v2\/posts\/11472\/revisions\/36246"}],"wp:featuredmedia":[{"embeddable":true,"href":"https:\/\/www.sts-education.com\/dk\/wp-json\/wp\/v2\/media\/12910"}],"wp:attachment":[{"href":"https:\/\/www.sts-education.com\/dk\/wp-json\/wp\/v2\/media?parent=11472"}],"wp:term":[{"taxonomy":"category","embeddable":true,"href":"https:\/\/www.sts-education.com\/dk\/wp-json\/wp\/v2\/categories?post=11472"},{"taxonomy":"post_tag","embeddable":true,"href":"https:\/\/www.sts-education.com\/dk\/wp-json\/wp\/v2\/tags?post=11472"},{"taxonomy":"wpw_post_folders","embeddable":true,"href":"https:\/\/www.sts-education.com\/dk\/wp-json\/wp\/v2\/wpw_post_folders?post=11472"}],"curies":[{"name":"wp","href":"https:\/\/api.w.org\/{rel}","templated":true}]}}