{"id":11475,"date":"2023-03-30T12:00:00","date_gmt":"2023-03-30T10:00:00","guid":{"rendered":"https:\/\/preprod.sts-education.com\/blog\/2026\/03\/05\/johan-valgte-at-studere-i-japan\/"},"modified":"2026-04-15T09:51:27","modified_gmt":"2026-04-15T09:51:27","slug":"johan-valgte-at-studere-i-japan","status":"publish","type":"post","link":"https:\/\/www.sts-education.com\/dk\/high-school\/beretninger-fra-eleverne\/elevhistorier\/johan-valgte-at-studere-i-japan\/","title":{"rendered":"Johan Valgte At Studere I Japan"},"content":{"rendered":"\n<div class=\"wp-block-sts-text sts-text-editor has-max-width-md\"><div class=\"sts-text-editor__content\"><div class=\"sts-text-editor__content-inner\">\n<h1 style=\"text-align:center\">Johan valgte at studere i Japan<\/h1>\n<\/div><\/div><\/div>\n\n\n\n<div class=\"wp-block-sts-text sts-text-editor has-max-width-md\"><div class=\"sts-text-editor__content\"><div class=\"sts-text-editor__content-inner\">\n<p><em>Johan fra Norge er p\u00e5 high school-udveksling i Tokyo, Japan. Her er hans historie.<\/em><\/p>\n<h2>Jeg var ikke forberedt p\u00e5 at f\u00e5 s\u00e5 dyb en forst\u00e5else<\/h2>\n<p>Jeg forlod Norge med en vag id\u00e9 om, hvad jeg ville l\u00e6re og opleve. Jeg havde h\u00f8rt historier fra andre udvekslingsstuderende om, at man vokser og f\u00e5r en masse venner, men jeg var ikke forberedt p\u00e5 at f\u00e5 en s\u00e5 dyb forst\u00e5else af den japanske kultur, folket og mig selv. Jeg er vokset, har l\u00e6rt og opn\u00e5et mere i l\u00f8bet af de sidste 6 m\u00e5neder, end jeg har gjort p\u00e5 3 \u00e5r derhjemme. Indtil denne del af min rejse har jeg delt tonsvis af fantastiske, gode, d\u00e5rlige og triste minder med mennesker, som jeg altid vil huske. Jeg har f\u00e5et venner for livet; mennesker, som jeg nu kan kalde en del af min familie.<\/p>\n<h2>Japanerne har virkelig \u00e6ndret min m\u00e5de at t\u00e6nke p\u00e5<\/h2>\n<p>Da jeg f\u00f8rst kom til Japan, lovede jeg mig selv at pr\u00f8ve at g\u00f8re ting uden for min komfortzone. Hver dag forlader jeg huset for at bes\u00f8ge en ny og anderledes restaurant eller en ber\u00f8mt bygning, m\u00f8de nogen eller arbejde med sm\u00e5jobs som at undervise i engelsk, arbejde p\u00e5 en druefarm eller hj\u00e6lpe til p\u00e5 en japansk festival. Japanerne har virkelig \u00e6ndret min m\u00e5de at t\u00e6nke p\u00e5 inden for en masse forskellige omr\u00e5der. Deres tanker om lykke, skole, frihed, hvordan man opf\u00f8rer sig over for andre og meget mere er ekstremt fascinerende og har fuldst\u00e6ndig forandret mig. Det er selvf\u00f8lgelig ikke altid let at bo alene i et fremmed land, og jeg har v\u00e6ret igennem mange pr\u00f8velser. Men med t\u00e5lmodighed og st\u00f8tte har jeg k\u00e6mpet mig igennem det og er vokset p\u00e5 grund af det.<\/p>\n<p>Folk i andre kulturer har ofte en anden m\u00e5de at t\u00e6nke p\u00e5, end man selv har. Mit r\u00e5d til fremtidige udvekslingsstuderende er at l\u00e6re at forst\u00e5, hvad den m\u00e5de at t\u00e6nke p\u00e5 er, l\u00e6re om mennesker, om mennesker, og du vil vokse meget.<\/p>\n<h2>Jeg er s\u00e5 glad for, at jeg kunne tage p\u00e5 denne udveksling<\/h2>\n<p>Hvis jeg rejste tilbage i tiden og fortalte mig selv for to \u00e5r siden, at jeg i dag ville v\u00e6re p\u00e5 udveksling i Japan, et eventyr for livet, kunne tale japansk, have fantastiske venner, have en dr\u00f8m, som jeg g\u00f8r mit bedste for at opn\u00e5, mens jeg f\u00f8ler en dyb taknemmelighed og k\u00e6rlighed til min familie og mine venner, ville jeg ikke tro p\u00e5, hvad der lige kom ud af min mund. Jeg er s\u00e5 glad for, at jeg var i stand til at tage p\u00e5 denne udveksling. Dette fascinerende sted p\u00e5 jorden, med en kultur, en m\u00e5de at t\u00e6nke p\u00e5 og et sprog, der er helt anderledes end mit, har \u00e6ndret mit liv til det bedre.<\/p>\n<p><strong>Tusind tak for det.<\/strong><\/p>\n<h2>Find ud af mere!<\/h2>\n<ul><li>L\u00e6s flere <a href=\"https:\/\/www.sts-education.com\/dk\/high-school\/beretninger-fra-eleverne\/elevhistorier\/?hashtag=Japan\">elevhistorier fra Japan<\/a><\/li>\n<li>L\u00e6s mere om <a href=\"https:\/\/www.sts-education.com\/dk\/high-school\/programlande\/asien\/japan\/\">high school-udveksling i Japan<\/a><\/li>\n<li>Se alle vores <a href=\"\/dk\/high-school\/tripfinder\/\">destinationer for high school-udveksling<\/a><\/li><\/ul>\n<\/div><\/div><\/div>\n","protected":false},"excerpt":{"rendered":"","protected":false},"author":20,"featured_media":12916,"comment_status":"open","ping_status":"open","sticky":false,"template":"","format":"standard","meta":{"_acf_changed":false,"_yoast_wpseo_title":"Johan valgte at studere i Japan","_yoast_wpseo_metadesc":"Jeg havde h\u00f8rt historier om, at man vokser og f\u00e5r en masse venner, men jeg var ikke forberedt p\u00e5 at f\u00e5 en s\u00e5 dyb forst\u00e5else af den japanske kultur, folket og mig selv.","footnotes":""},"categories":[305],"tags":[889],"wpw_post_folders":[],"class_list":["post-11475","post","type-post","status-publish","format-standard","has-post-thumbnail","hentry","category-uncategorized-da","tag-japan"],"acf":[],"yoast_head":"<!-- This site is optimized with the Yoast SEO Premium plugin v27.2 (Yoast SEO v27.2) - https:\/\/yoast.com\/product\/yoast-seo-premium-wordpress\/ -->\n<title>Johan valgte at studere i Japan<\/title>\n<meta name=\"description\" content=\"Jeg havde h\u00f8rt historier om, at man vokser og f\u00e5r en masse venner, men jeg var ikke forberedt p\u00e5 at f\u00e5 en s\u00e5 dyb forst\u00e5else af den japanske kultur, folket og mig selv.\" \/>\n<meta name=\"robots\" content=\"index, follow, max-snippet:-1, max-image-preview:large, max-video-preview:-1\" \/>\n<link rel=\"canonical\" href=\"https:\/\/www.sts-education.com\/dk\/high-school\/beretninger-fra-eleverne\/elevhistorier\/johan-valgte-at-studere-i-japan\/\" \/>\n<meta property=\"og:locale\" content=\"da_DK\" \/>\n<meta property=\"og:type\" content=\"article\" \/>\n<meta property=\"og:title\" content=\"Johan Valgte At Studere I Japan\" \/>\n<meta property=\"og:description\" content=\"Jeg havde h\u00f8rt historier om, at man vokser og f\u00e5r en masse venner, men jeg var ikke forberedt p\u00e5 at f\u00e5 en s\u00e5 dyb forst\u00e5else af den japanske kultur, folket og mig selv.\" \/>\n<meta property=\"og:url\" content=\"https:\/\/www.sts-education.com\/dk\/high-school\/beretninger-fra-eleverne\/elevhistorier\/johan-valgte-at-studere-i-japan\/\" \/>\n<meta property=\"og:site_name\" content=\"STS Education\" \/>\n<meta property=\"article:published_time\" content=\"2023-03-30T10:00:00+00:00\" \/>\n<meta property=\"article:modified_time\" content=\"2026-04-15T09:51:27+00:00\" \/>\n<meta property=\"og:image\" content=\"https:\/\/powered-by.qbank.se\/educatius\/sts\/\/d668b2ff5c6d1765a4a8eaa31e665e8d_1-1-thumb.webp\" \/>\n\t<meta property=\"og:image:width\" content=\"150\" \/>\n\t<meta property=\"og:image:height\" content=\"150\" \/>\n\t<meta property=\"og:image:type\" content=\"image\/jpeg\" \/>\n<meta name=\"author\" content=\"syncreadwrite\" \/>\n<meta name=\"twitter:card\" content=\"summary_large_image\" \/>\n<meta name=\"twitter:label1\" content=\"Skrevet af\" \/>\n\t<meta name=\"twitter:data1\" content=\"syncreadwrite\" \/>\n\t<meta name=\"twitter:label2\" content=\"Estimeret l\u00e6setid\" \/>\n\t<meta name=\"twitter:data2\" content=\"3 minutter\" \/>\n<script type=\"application\/ld+json\" class=\"yoast-schema-graph\">{\"@context\":\"https:\/\/schema.org\",\"@graph\":[{\"@type\":\"Article\",\"@id\":\"https:\/\/www.sts-education.com\/dk\/high-school\/beretninger-fra-eleverne\/elevhistorier\/johan-valgte-at-studere-i-japan\/#article\",\"isPartOf\":{\"@id\":\"https:\/\/www.sts-education.com\/dk\/high-school\/beretninger-fra-eleverne\/elevhistorier\/johan-valgte-at-studere-i-japan\/\"},\"author\":{\"name\":\"syncreadwrite\",\"@id\":\"https:\/\/www.sts-education.com\/dk\/#\/schema\/person\/8b82f3a2e45f020b8f296d7a85d9a97c\"},\"headline\":\"Johan Valgte At Studere I Japan\",\"datePublished\":\"2023-03-30T10:00:00+00:00\",\"dateModified\":\"2026-04-15T09:51:27+00:00\",\"mainEntityOfPage\":{\"@id\":\"https:\/\/www.sts-education.com\/dk\/high-school\/beretninger-fra-eleverne\/elevhistorier\/johan-valgte-at-studere-i-japan\/\"},\"wordCount\":540,\"commentCount\":0,\"image\":{\"@id\":\"https:\/\/www.sts-education.com\/dk\/high-school\/beretninger-fra-eleverne\/elevhistorier\/johan-valgte-at-studere-i-japan\/#primaryimage\"},\"thumbnailUrl\":\"https:\/\/powered-by.qbank.se\/educatius\/sts\/\/d668b2ff5c6d1765a4a8eaa31e665e8d_1-1-thumb.webp\",\"keywords\":[\"Japan\"],\"articleSection\":[\"Uncategorized @da\"],\"inLanguage\":\"da-DK\",\"potentialAction\":[{\"@type\":\"CommentAction\",\"name\":\"Comment\",\"target\":[\"https:\/\/www.sts-education.com\/dk\/high-school\/beretninger-fra-eleverne\/elevhistorier\/johan-valgte-at-studere-i-japan\/#respond\"]}]},{\"@type\":\"WebPage\",\"@id\":\"https:\/\/www.sts-education.com\/dk\/high-school\/beretninger-fra-eleverne\/elevhistorier\/johan-valgte-at-studere-i-japan\/\",\"url\":\"https:\/\/www.sts-education.com\/dk\/high-school\/beretninger-fra-eleverne\/elevhistorier\/johan-valgte-at-studere-i-japan\/\",\"name\":\"Johan valgte at studere i Japan\",\"isPartOf\":{\"@id\":\"https:\/\/www.sts-education.com\/dk\/#website\"},\"primaryImageOfPage\":{\"@id\":\"https:\/\/www.sts-education.com\/dk\/high-school\/beretninger-fra-eleverne\/elevhistorier\/johan-valgte-at-studere-i-japan\/#primaryimage\"},\"image\":{\"@id\":\"https:\/\/www.sts-education.com\/dk\/high-school\/beretninger-fra-eleverne\/elevhistorier\/johan-valgte-at-studere-i-japan\/#primaryimage\"},\"thumbnailUrl\":\"https:\/\/powered-by.qbank.se\/educatius\/sts\/\/d668b2ff5c6d1765a4a8eaa31e665e8d_1-1-thumb.webp\",\"datePublished\":\"2023-03-30T10:00:00+00:00\",\"dateModified\":\"2026-04-15T09:51:27+00:00\",\"author\":{\"@id\":\"https:\/\/www.sts-education.com\/dk\/#\/schema\/person\/8b82f3a2e45f020b8f296d7a85d9a97c\"},\"description\":\"Jeg havde h\u00f8rt historier om, at man vokser og f\u00e5r en masse venner, men jeg var ikke forberedt p\u00e5 at f\u00e5 en s\u00e5 dyb forst\u00e5else af den japanske kultur, folket og mig selv.\",\"breadcrumb\":{\"@id\":\"https:\/\/www.sts-education.com\/dk\/high-school\/beretninger-fra-eleverne\/elevhistorier\/johan-valgte-at-studere-i-japan\/#breadcrumb\"},\"inLanguage\":\"da-DK\",\"potentialAction\":[{\"@type\":\"ReadAction\",\"target\":[\"https:\/\/www.sts-education.com\/dk\/high-school\/beretninger-fra-eleverne\/elevhistorier\/johan-valgte-at-studere-i-japan\/\"]}]},{\"@type\":\"ImageObject\",\"inLanguage\":\"da-DK\",\"@id\":\"https:\/\/www.sts-education.com\/dk\/high-school\/beretninger-fra-eleverne\/elevhistorier\/johan-valgte-at-studere-i-japan\/#primaryimage\",\"url\":\"https:\/\/powered-by.qbank.se\/educatius\/sts\/\/d668b2ff5c6d1765a4a8eaa31e665e8d_1-1-thumb.webp\",\"contentUrl\":\"https:\/\/powered-by.qbank.se\/educatius\/sts\/\/d668b2ff5c6d1765a4a8eaa31e665e8d_1-1-thumb.webp\",\"width\":150,\"height\":150},{\"@type\":\"BreadcrumbList\",\"@id\":\"https:\/\/www.sts-education.com\/dk\/high-school\/beretninger-fra-eleverne\/elevhistorier\/johan-valgte-at-studere-i-japan\/#breadcrumb\",\"itemListElement\":[{\"@type\":\"ListItem\",\"position\":1,\"name\":\"Home\",\"item\":\"https:\/\/www.sts-education.com\/dk\/sample-page\/\"},{\"@type\":\"ListItem\",\"position\":2,\"name\":\"Johan Valgte At Studere I Japan\"}]},{\"@type\":\"WebSite\",\"@id\":\"https:\/\/www.sts-education.com\/dk\/#website\",\"url\":\"https:\/\/www.sts-education.com\/dk\/\",\"name\":\"STS Education\",\"description\":\"\",\"potentialAction\":[{\"@type\":\"SearchAction\",\"target\":{\"@type\":\"EntryPoint\",\"urlTemplate\":\"https:\/\/www.sts-education.com\/dk\/?s={search_term_string}\"},\"query-input\":{\"@type\":\"PropertyValueSpecification\",\"valueRequired\":true,\"valueName\":\"search_term_string\"}}],\"inLanguage\":\"da-DK\"},{\"@type\":\"Person\",\"@id\":\"https:\/\/www.sts-education.com\/dk\/#\/schema\/person\/8b82f3a2e45f020b8f296d7a85d9a97c\",\"name\":\"syncreadwrite\",\"image\":{\"@type\":\"ImageObject\",\"inLanguage\":\"da-DK\",\"@id\":\"https:\/\/secure.gravatar.com\/avatar\/6ed1007e4f6f43f22e3df41d9fce4365533cba47fef64bb359b8e629abbc2ea6?s=96&d=mm&r=g\",\"url\":\"https:\/\/secure.gravatar.com\/avatar\/6ed1007e4f6f43f22e3df41d9fce4365533cba47fef64bb359b8e629abbc2ea6?s=96&d=mm&r=g\",\"contentUrl\":\"https:\/\/secure.gravatar.com\/avatar\/6ed1007e4f6f43f22e3df41d9fce4365533cba47fef64bb359b8e629abbc2ea6?s=96&d=mm&r=g\",\"caption\":\"syncreadwrite\"},\"url\":\"https:\/\/www.sts-education.com\/dk\/author\/syncreadwrite\/\"}]}<\/script>\n<!-- \/ Yoast SEO Premium plugin. -->","yoast_head_json":{"title":"Johan valgte at studere i Japan","description":"Jeg havde h\u00f8rt historier om, at man vokser og f\u00e5r en masse venner, men jeg var ikke forberedt p\u00e5 at f\u00e5 en s\u00e5 dyb forst\u00e5else af den japanske kultur, folket og mig selv.","robots":{"index":"index","follow":"follow","max-snippet":"max-snippet:-1","max-image-preview":"max-image-preview:large","max-video-preview":"max-video-preview:-1"},"canonical":"https:\/\/www.sts-education.com\/dk\/high-school\/beretninger-fra-eleverne\/elevhistorier\/johan-valgte-at-studere-i-japan\/","og_locale":"da_DK","og_type":"article","og_title":"Johan Valgte At Studere I Japan","og_description":"Jeg havde h\u00f8rt historier om, at man vokser og f\u00e5r en masse venner, men jeg var ikke forberedt p\u00e5 at f\u00e5 en s\u00e5 dyb forst\u00e5else af den japanske kultur, folket og mig selv.","og_url":"https:\/\/www.sts-education.com\/dk\/high-school\/beretninger-fra-eleverne\/elevhistorier\/johan-valgte-at-studere-i-japan\/","og_site_name":"STS Education","article_published_time":"2023-03-30T10:00:00+00:00","article_modified_time":"2026-04-15T09:51:27+00:00","og_image":[{"width":150,"height":150,"url":"https:\/\/powered-by.qbank.se\/educatius\/sts\/\/d668b2ff5c6d1765a4a8eaa31e665e8d_1-1-thumb.webp","type":"image\/jpeg"}],"author":"syncreadwrite","twitter_card":"summary_large_image","twitter_misc":{"Skrevet af":"syncreadwrite","Estimeret l\u00e6setid":"3 minutter"},"schema":{"@context":"https:\/\/schema.org","@graph":[{"@type":"Article","@id":"https:\/\/www.sts-education.com\/dk\/high-school\/beretninger-fra-eleverne\/elevhistorier\/johan-valgte-at-studere-i-japan\/#article","isPartOf":{"@id":"https:\/\/www.sts-education.com\/dk\/high-school\/beretninger-fra-eleverne\/elevhistorier\/johan-valgte-at-studere-i-japan\/"},"author":{"name":"syncreadwrite","@id":"https:\/\/www.sts-education.com\/dk\/#\/schema\/person\/8b82f3a2e45f020b8f296d7a85d9a97c"},"headline":"Johan Valgte At Studere I Japan","datePublished":"2023-03-30T10:00:00+00:00","dateModified":"2026-04-15T09:51:27+00:00","mainEntityOfPage":{"@id":"https:\/\/www.sts-education.com\/dk\/high-school\/beretninger-fra-eleverne\/elevhistorier\/johan-valgte-at-studere-i-japan\/"},"wordCount":540,"commentCount":0,"image":{"@id":"https:\/\/www.sts-education.com\/dk\/high-school\/beretninger-fra-eleverne\/elevhistorier\/johan-valgte-at-studere-i-japan\/#primaryimage"},"thumbnailUrl":"https:\/\/powered-by.qbank.se\/educatius\/sts\/\/d668b2ff5c6d1765a4a8eaa31e665e8d_1-1-thumb.webp","keywords":["Japan"],"articleSection":["Uncategorized @da"],"inLanguage":"da-DK","potentialAction":[{"@type":"CommentAction","name":"Comment","target":["https:\/\/www.sts-education.com\/dk\/high-school\/beretninger-fra-eleverne\/elevhistorier\/johan-valgte-at-studere-i-japan\/#respond"]}]},{"@type":"WebPage","@id":"https:\/\/www.sts-education.com\/dk\/high-school\/beretninger-fra-eleverne\/elevhistorier\/johan-valgte-at-studere-i-japan\/","url":"https:\/\/www.sts-education.com\/dk\/high-school\/beretninger-fra-eleverne\/elevhistorier\/johan-valgte-at-studere-i-japan\/","name":"Johan valgte at studere i Japan","isPartOf":{"@id":"https:\/\/www.sts-education.com\/dk\/#website"},"primaryImageOfPage":{"@id":"https:\/\/www.sts-education.com\/dk\/high-school\/beretninger-fra-eleverne\/elevhistorier\/johan-valgte-at-studere-i-japan\/#primaryimage"},"image":{"@id":"https:\/\/www.sts-education.com\/dk\/high-school\/beretninger-fra-eleverne\/elevhistorier\/johan-valgte-at-studere-i-japan\/#primaryimage"},"thumbnailUrl":"https:\/\/powered-by.qbank.se\/educatius\/sts\/\/d668b2ff5c6d1765a4a8eaa31e665e8d_1-1-thumb.webp","datePublished":"2023-03-30T10:00:00+00:00","dateModified":"2026-04-15T09:51:27+00:00","author":{"@id":"https:\/\/www.sts-education.com\/dk\/#\/schema\/person\/8b82f3a2e45f020b8f296d7a85d9a97c"},"description":"Jeg havde h\u00f8rt historier om, at man vokser og f\u00e5r en masse venner, men jeg var ikke forberedt p\u00e5 at f\u00e5 en s\u00e5 dyb forst\u00e5else af den japanske kultur, folket og mig selv.","breadcrumb":{"@id":"https:\/\/www.sts-education.com\/dk\/high-school\/beretninger-fra-eleverne\/elevhistorier\/johan-valgte-at-studere-i-japan\/#breadcrumb"},"inLanguage":"da-DK","potentialAction":[{"@type":"ReadAction","target":["https:\/\/www.sts-education.com\/dk\/high-school\/beretninger-fra-eleverne\/elevhistorier\/johan-valgte-at-studere-i-japan\/"]}]},{"@type":"ImageObject","inLanguage":"da-DK","@id":"https:\/\/www.sts-education.com\/dk\/high-school\/beretninger-fra-eleverne\/elevhistorier\/johan-valgte-at-studere-i-japan\/#primaryimage","url":"https:\/\/powered-by.qbank.se\/educatius\/sts\/\/d668b2ff5c6d1765a4a8eaa31e665e8d_1-1-thumb.webp","contentUrl":"https:\/\/powered-by.qbank.se\/educatius\/sts\/\/d668b2ff5c6d1765a4a8eaa31e665e8d_1-1-thumb.webp","width":150,"height":150},{"@type":"BreadcrumbList","@id":"https:\/\/www.sts-education.com\/dk\/high-school\/beretninger-fra-eleverne\/elevhistorier\/johan-valgte-at-studere-i-japan\/#breadcrumb","itemListElement":[{"@type":"ListItem","position":1,"name":"Home","item":"https:\/\/www.sts-education.com\/dk\/sample-page\/"},{"@type":"ListItem","position":2,"name":"Johan Valgte At Studere I Japan"}]},{"@type":"WebSite","@id":"https:\/\/www.sts-education.com\/dk\/#website","url":"https:\/\/www.sts-education.com\/dk\/","name":"STS Education","description":"","potentialAction":[{"@type":"SearchAction","target":{"@type":"EntryPoint","urlTemplate":"https:\/\/www.sts-education.com\/dk\/?s={search_term_string}"},"query-input":{"@type":"PropertyValueSpecification","valueRequired":true,"valueName":"search_term_string"}}],"inLanguage":"da-DK"},{"@type":"Person","@id":"https:\/\/www.sts-education.com\/dk\/#\/schema\/person\/8b82f3a2e45f020b8f296d7a85d9a97c","name":"syncreadwrite","image":{"@type":"ImageObject","inLanguage":"da-DK","@id":"https:\/\/secure.gravatar.com\/avatar\/6ed1007e4f6f43f22e3df41d9fce4365533cba47fef64bb359b8e629abbc2ea6?s=96&d=mm&r=g","url":"https:\/\/secure.gravatar.com\/avatar\/6ed1007e4f6f43f22e3df41d9fce4365533cba47fef64bb359b8e629abbc2ea6?s=96&d=mm&r=g","contentUrl":"https:\/\/secure.gravatar.com\/avatar\/6ed1007e4f6f43f22e3df41d9fce4365533cba47fef64bb359b8e629abbc2ea6?s=96&d=mm&r=g","caption":"syncreadwrite"},"url":"https:\/\/www.sts-education.com\/dk\/author\/syncreadwrite\/"}]}},"_links":{"self":[{"href":"https:\/\/www.sts-education.com\/dk\/wp-json\/wp\/v2\/posts\/11475","targetHints":{"allow":["GET"]}}],"collection":[{"href":"https:\/\/www.sts-education.com\/dk\/wp-json\/wp\/v2\/posts"}],"about":[{"href":"https:\/\/www.sts-education.com\/dk\/wp-json\/wp\/v2\/types\/post"}],"author":[{"embeddable":true,"href":"https:\/\/www.sts-education.com\/dk\/wp-json\/wp\/v2\/users\/20"}],"replies":[{"embeddable":true,"href":"https:\/\/www.sts-education.com\/dk\/wp-json\/wp\/v2\/comments?post=11475"}],"version-history":[{"count":5,"href":"https:\/\/www.sts-education.com\/dk\/wp-json\/wp\/v2\/posts\/11475\/revisions"}],"predecessor-version":[{"id":36254,"href":"https:\/\/www.sts-education.com\/dk\/wp-json\/wp\/v2\/posts\/11475\/revisions\/36254"}],"wp:featuredmedia":[{"embeddable":true,"href":"https:\/\/www.sts-education.com\/dk\/wp-json\/wp\/v2\/media\/12916"}],"wp:attachment":[{"href":"https:\/\/www.sts-education.com\/dk\/wp-json\/wp\/v2\/media?parent=11475"}],"wp:term":[{"taxonomy":"category","embeddable":true,"href":"https:\/\/www.sts-education.com\/dk\/wp-json\/wp\/v2\/categories?post=11475"},{"taxonomy":"post_tag","embeddable":true,"href":"https:\/\/www.sts-education.com\/dk\/wp-json\/wp\/v2\/tags?post=11475"},{"taxonomy":"wpw_post_folders","embeddable":true,"href":"https:\/\/www.sts-education.com\/dk\/wp-json\/wp\/v2\/wpw_post_folders?post=11475"}],"curies":[{"name":"wp","href":"https:\/\/api.w.org\/{rel}","templated":true}]}}