{"id":11477,"date":"2023-03-30T12:00:00","date_gmt":"2023-03-30T10:00:00","guid":{"rendered":"https:\/\/preprod.sts-education.com\/blog\/2026\/03\/05\/barbara-var-pa-udvekslingsar-i-costa-rica\/"},"modified":"2026-04-15T09:51:24","modified_gmt":"2026-04-15T09:51:24","slug":"barbara-var-pa-udvekslingsar-i-costa-rica","status":"publish","type":"post","link":"https:\/\/www.sts-education.com\/dk\/high-school\/beretninger-fra-eleverne\/elevhistorier\/barbara-var-pa-udvekslingsar-i-costa-rica\/","title":{"rendered":"Barbara Var Pa Udvekslingsar I Costa Rica"},"content":{"rendered":"\n<div class=\"wp-block-sts-text sts-text-editor has-max-width-md\"><div class=\"sts-text-editor__content\"><div class=\"sts-text-editor__content-inner\">\n<h1 style=\"text-align:center\">Barbara var p\u00e5 udvekslings\u00e5r i Costa Rica<\/h1>\n<\/div><\/div><\/div>\n\n\n\n<div class=\"wp-block-sts-text sts-text-editor has-max-width-md\"><div class=\"sts-text-editor__content\"><div class=\"sts-text-editor__content-inner\">\n<p><em>Barbara fra Italien tog p\u00e5 udveksling til Costa Rica.<\/em><\/p>\n<h2>Hvorfor tog du p\u00e5 udveksling?<\/h2>\n<p>Jeg besluttede at tage et udvekslings\u00e5r, fordi jeg gerne ville udfordre mig selv, og jeg valgte Costa Rica for at l\u00e6re en anden del af verden at kende.<\/p>\n<h2>Hvordan var det at bo hos en v\u00e6rtsfamilie?<\/h2>\n<p>Jeg fik chancen for at bo hos en fantastisk v\u00e6rtsfamilie med tre s\u00f8stre (en af dem er en anden udvekslingsstudent fra Sverige), og vi kommer overens som rigtige s\u00f8stre. Jeg kunne ikke \u00f8nsket mig en bedre familie. De tager sig af mig og er her altid for at hj\u00e6lpe mig.<\/p>\n<h2>Hvordan var det i skolen?<\/h2>\n<p>Skolen er der, hvor man f\u00e5r venner. Alle er virkelig super s\u00f8de. Skolen kan ogs\u00e5 v\u00e6re ret udfordrende nogle gange p\u00e5 grund af sprogbarrieren. Men med daglig \u00f8velse bliver det lettere, og du vil g\u00f8re hurtige fremskridt. Det er det fantastiske ved et udvekslings\u00e5r, at man bliver udfordret hver dag. Du g\u00f8r ting, der f\u00e5r dig ud af din komfortzone, og du vokser som person. Du kommer til at opleve helt andre ting end i dit hjemland,<\/p>\n<h2>Har du et s\u00e6rligt minde?<\/h2>\n<p>P\u00e5 uafh\u00e6ngighedsdagen den 15. september g\u00e5r alle skoler sammen i en stor parade. Hver skole opf\u00f8rer en dans med skolebandet. Jeg sluttede mig til danserne, og jeg l\u00e6rte dansen. Det er noget, jeg aldrig havde troet, jeg ville g\u00f8re &#8211; jeg er ikke danser. Men jeg er s\u00e5 glad for, at jeg gjorde det. Den m\u00e5de, min v\u00e6rtsfamilie var s\u00e5 stolt af mig p\u00e5, og at de kaldte mig deres datter, smeltede mit hjerte.<\/p>\n<h2>Kan du anbefale at tage p\u00e5 udveksling?<\/h2>\n<p>Ja, det vil virkelig \u00e6ndre din m\u00e5de at t\u00e6nke p\u00e5 og f\u00e5 dig til at s\u00e6tte pris p\u00e5 livet i dets fulde udstr\u00e6kning og nyde hvert \u00f8jeblik. Du er m\u00e5ske i tvivl om, hvorvidt en udveksling er det rigtige valg for dig. Jeg kan kun sige: Udfordr dig selv og tag p\u00e5 et udvekslings\u00e5r, og forbered dig p\u00e5 den bedste tid i dit liv. Du vil ikke fortryde det, og det vil ogs\u00e5 hj\u00e6lpe dig med at f\u00e5 et klarere billede af, hvad du vil opn\u00e5 i din fremtid.<\/p>\n<h2>Kan du anbefale STS?<\/h2>\n<p>Ja, jeg har aldrig haft problemer med noget, og de giver dig chancer for at opleve alle mulige fantastiske ting. Du vil altid have nogen at tale med og f\u00e5 r\u00e5d fra.<\/p>\n<h2>Find ud af mere!<\/h2>\n<ul><li>L\u00e6s flere <a href=\"https:\/\/www.sts-education.com\/dk\/high-school\/beretninger-fra-eleverne\/elevhistorier\/?hashtag=Costa+Rica\">elevhistorier fra Costa Rica<\/a><\/li>\n<li>L\u00e6s mere om <a href=\"https:\/\/www.sts-education.com\/dk\/high-school\/programlande\/syd-og-mellemamerika\/costa-rica\/\">high school-udveksling i Costa Rica<\/a><\/li>\n<li>Se alle vores <a href=\"\/dk\/high-school\/tripfinder\/\">destinationer for high school-udveksling<\/a><\/li><\/ul>\n<\/div><\/div><\/div>\n","protected":false},"excerpt":{"rendered":"","protected":false},"author":20,"featured_media":12920,"comment_status":"open","ping_status":"open","sticky":false,"template":"","format":"standard","meta":{"_acf_changed":false,"_yoast_wpseo_title":"Barbara var p\u00e5 udvekslings\u00e5r i Costa Rica","_yoast_wpseo_metadesc":"Jeg besluttede at tage et udvekslings\u00e5r, fordi jeg gerne ville udfordre mig selv, og jeg valgte Costa Rica for at l\u00e6re en anden del af verden at kende.","footnotes":""},"categories":[305],"tags":[882],"wpw_post_folders":[],"class_list":["post-11477","post","type-post","status-publish","format-standard","has-post-thumbnail","hentry","category-uncategorized-da","tag-costa-rica"],"acf":[],"yoast_head":"<!-- This site is optimized with the Yoast SEO Premium plugin v27.2 (Yoast SEO v27.2) - https:\/\/yoast.com\/product\/yoast-seo-premium-wordpress\/ -->\n<title>Barbara var p\u00e5 udvekslings\u00e5r i Costa Rica<\/title>\n<meta name=\"description\" content=\"Jeg besluttede at tage et udvekslings\u00e5r, fordi jeg gerne ville udfordre mig selv, og jeg valgte Costa Rica for at l\u00e6re en anden del af verden at kende.\" \/>\n<meta name=\"robots\" content=\"index, follow, max-snippet:-1, max-image-preview:large, max-video-preview:-1\" \/>\n<link rel=\"canonical\" href=\"https:\/\/www.sts-education.com\/dk\/high-school\/beretninger-fra-eleverne\/elevhistorier\/barbara-var-pa-udvekslingsar-i-costa-rica\/\" \/>\n<meta property=\"og:locale\" content=\"da_DK\" \/>\n<meta property=\"og:type\" content=\"article\" \/>\n<meta property=\"og:title\" content=\"Barbara Var Pa Udvekslingsar I Costa Rica\" \/>\n<meta property=\"og:description\" content=\"Jeg besluttede at tage et udvekslings\u00e5r, fordi jeg gerne ville udfordre mig selv, og jeg valgte Costa Rica for at l\u00e6re en anden del af verden at kende.\" \/>\n<meta property=\"og:url\" content=\"https:\/\/www.sts-education.com\/dk\/high-school\/beretninger-fra-eleverne\/elevhistorier\/barbara-var-pa-udvekslingsar-i-costa-rica\/\" \/>\n<meta property=\"og:site_name\" content=\"STS Education\" \/>\n<meta property=\"article:published_time\" content=\"2023-03-30T10:00:00+00:00\" \/>\n<meta property=\"article:modified_time\" content=\"2026-04-15T09:51:24+00:00\" \/>\n<meta property=\"og:image\" content=\"https:\/\/powered-by.qbank.se\/educatius\/sts\/\/2d8d607eebaed8ebe7ab545194237fae_1-1-thumb.webp\" \/>\n\t<meta property=\"og:image:width\" content=\"150\" \/>\n\t<meta property=\"og:image:height\" content=\"150\" \/>\n\t<meta property=\"og:image:type\" content=\"image\/jpeg\" \/>\n<meta name=\"author\" content=\"syncreadwrite\" \/>\n<meta name=\"twitter:card\" content=\"summary_large_image\" \/>\n<meta name=\"twitter:label1\" content=\"Skrevet af\" \/>\n\t<meta name=\"twitter:data1\" content=\"syncreadwrite\" \/>\n\t<meta name=\"twitter:label2\" content=\"Estimeret l\u00e6setid\" \/>\n\t<meta name=\"twitter:data2\" content=\"2 minutter\" \/>\n<script type=\"application\/ld+json\" class=\"yoast-schema-graph\">{\"@context\":\"https:\/\/schema.org\",\"@graph\":[{\"@type\":\"Article\",\"@id\":\"https:\/\/www.sts-education.com\/dk\/high-school\/beretninger-fra-eleverne\/elevhistorier\/barbara-var-pa-udvekslingsar-i-costa-rica\/#article\",\"isPartOf\":{\"@id\":\"https:\/\/www.sts-education.com\/dk\/high-school\/beretninger-fra-eleverne\/elevhistorier\/barbara-var-pa-udvekslingsar-i-costa-rica\/\"},\"author\":{\"name\":\"syncreadwrite\",\"@id\":\"https:\/\/www.sts-education.com\/dk\/#\/schema\/person\/8b82f3a2e45f020b8f296d7a85d9a97c\"},\"headline\":\"Barbara Var Pa Udvekslingsar I Costa Rica\",\"datePublished\":\"2023-03-30T10:00:00+00:00\",\"dateModified\":\"2026-04-15T09:51:24+00:00\",\"mainEntityOfPage\":{\"@id\":\"https:\/\/www.sts-education.com\/dk\/high-school\/beretninger-fra-eleverne\/elevhistorier\/barbara-var-pa-udvekslingsar-i-costa-rica\/\"},\"wordCount\":464,\"commentCount\":0,\"image\":{\"@id\":\"https:\/\/www.sts-education.com\/dk\/high-school\/beretninger-fra-eleverne\/elevhistorier\/barbara-var-pa-udvekslingsar-i-costa-rica\/#primaryimage\"},\"thumbnailUrl\":\"https:\/\/powered-by.qbank.se\/educatius\/sts\/\/2d8d607eebaed8ebe7ab545194237fae_1-1-thumb.webp\",\"keywords\":[\"Costa Rica\"],\"articleSection\":[\"Uncategorized @da\"],\"inLanguage\":\"da-DK\",\"potentialAction\":[{\"@type\":\"CommentAction\",\"name\":\"Comment\",\"target\":[\"https:\/\/www.sts-education.com\/dk\/high-school\/beretninger-fra-eleverne\/elevhistorier\/barbara-var-pa-udvekslingsar-i-costa-rica\/#respond\"]}]},{\"@type\":\"WebPage\",\"@id\":\"https:\/\/www.sts-education.com\/dk\/high-school\/beretninger-fra-eleverne\/elevhistorier\/barbara-var-pa-udvekslingsar-i-costa-rica\/\",\"url\":\"https:\/\/www.sts-education.com\/dk\/high-school\/beretninger-fra-eleverne\/elevhistorier\/barbara-var-pa-udvekslingsar-i-costa-rica\/\",\"name\":\"Barbara var p\u00e5 udvekslings\u00e5r i Costa Rica\",\"isPartOf\":{\"@id\":\"https:\/\/www.sts-education.com\/dk\/#website\"},\"primaryImageOfPage\":{\"@id\":\"https:\/\/www.sts-education.com\/dk\/high-school\/beretninger-fra-eleverne\/elevhistorier\/barbara-var-pa-udvekslingsar-i-costa-rica\/#primaryimage\"},\"image\":{\"@id\":\"https:\/\/www.sts-education.com\/dk\/high-school\/beretninger-fra-eleverne\/elevhistorier\/barbara-var-pa-udvekslingsar-i-costa-rica\/#primaryimage\"},\"thumbnailUrl\":\"https:\/\/powered-by.qbank.se\/educatius\/sts\/\/2d8d607eebaed8ebe7ab545194237fae_1-1-thumb.webp\",\"datePublished\":\"2023-03-30T10:00:00+00:00\",\"dateModified\":\"2026-04-15T09:51:24+00:00\",\"author\":{\"@id\":\"https:\/\/www.sts-education.com\/dk\/#\/schema\/person\/8b82f3a2e45f020b8f296d7a85d9a97c\"},\"description\":\"Jeg besluttede at tage et udvekslings\u00e5r, fordi jeg gerne ville udfordre mig selv, og jeg valgte Costa Rica for at l\u00e6re en anden del af verden at kende.\",\"breadcrumb\":{\"@id\":\"https:\/\/www.sts-education.com\/dk\/high-school\/beretninger-fra-eleverne\/elevhistorier\/barbara-var-pa-udvekslingsar-i-costa-rica\/#breadcrumb\"},\"inLanguage\":\"da-DK\",\"potentialAction\":[{\"@type\":\"ReadAction\",\"target\":[\"https:\/\/www.sts-education.com\/dk\/high-school\/beretninger-fra-eleverne\/elevhistorier\/barbara-var-pa-udvekslingsar-i-costa-rica\/\"]}]},{\"@type\":\"ImageObject\",\"inLanguage\":\"da-DK\",\"@id\":\"https:\/\/www.sts-education.com\/dk\/high-school\/beretninger-fra-eleverne\/elevhistorier\/barbara-var-pa-udvekslingsar-i-costa-rica\/#primaryimage\",\"url\":\"https:\/\/powered-by.qbank.se\/educatius\/sts\/\/2d8d607eebaed8ebe7ab545194237fae_1-1-thumb.webp\",\"contentUrl\":\"https:\/\/powered-by.qbank.se\/educatius\/sts\/\/2d8d607eebaed8ebe7ab545194237fae_1-1-thumb.webp\",\"width\":150,\"height\":150},{\"@type\":\"BreadcrumbList\",\"@id\":\"https:\/\/www.sts-education.com\/dk\/high-school\/beretninger-fra-eleverne\/elevhistorier\/barbara-var-pa-udvekslingsar-i-costa-rica\/#breadcrumb\",\"itemListElement\":[{\"@type\":\"ListItem\",\"position\":1,\"name\":\"Home\",\"item\":\"https:\/\/www.sts-education.com\/dk\/sample-page\/\"},{\"@type\":\"ListItem\",\"position\":2,\"name\":\"Barbara Var Pa Udvekslingsar I Costa Rica\"}]},{\"@type\":\"WebSite\",\"@id\":\"https:\/\/www.sts-education.com\/dk\/#website\",\"url\":\"https:\/\/www.sts-education.com\/dk\/\",\"name\":\"STS Education\",\"description\":\"\",\"potentialAction\":[{\"@type\":\"SearchAction\",\"target\":{\"@type\":\"EntryPoint\",\"urlTemplate\":\"https:\/\/www.sts-education.com\/dk\/?s={search_term_string}\"},\"query-input\":{\"@type\":\"PropertyValueSpecification\",\"valueRequired\":true,\"valueName\":\"search_term_string\"}}],\"inLanguage\":\"da-DK\"},{\"@type\":\"Person\",\"@id\":\"https:\/\/www.sts-education.com\/dk\/#\/schema\/person\/8b82f3a2e45f020b8f296d7a85d9a97c\",\"name\":\"syncreadwrite\",\"image\":{\"@type\":\"ImageObject\",\"inLanguage\":\"da-DK\",\"@id\":\"https:\/\/secure.gravatar.com\/avatar\/6ed1007e4f6f43f22e3df41d9fce4365533cba47fef64bb359b8e629abbc2ea6?s=96&d=mm&r=g\",\"url\":\"https:\/\/secure.gravatar.com\/avatar\/6ed1007e4f6f43f22e3df41d9fce4365533cba47fef64bb359b8e629abbc2ea6?s=96&d=mm&r=g\",\"contentUrl\":\"https:\/\/secure.gravatar.com\/avatar\/6ed1007e4f6f43f22e3df41d9fce4365533cba47fef64bb359b8e629abbc2ea6?s=96&d=mm&r=g\",\"caption\":\"syncreadwrite\"},\"url\":\"https:\/\/www.sts-education.com\/dk\/author\/syncreadwrite\/\"}]}<\/script>\n<!-- \/ Yoast SEO Premium plugin. -->","yoast_head_json":{"title":"Barbara var p\u00e5 udvekslings\u00e5r i Costa Rica","description":"Jeg besluttede at tage et udvekslings\u00e5r, fordi jeg gerne ville udfordre mig selv, og jeg valgte Costa Rica for at l\u00e6re en anden del af verden at kende.","robots":{"index":"index","follow":"follow","max-snippet":"max-snippet:-1","max-image-preview":"max-image-preview:large","max-video-preview":"max-video-preview:-1"},"canonical":"https:\/\/www.sts-education.com\/dk\/high-school\/beretninger-fra-eleverne\/elevhistorier\/barbara-var-pa-udvekslingsar-i-costa-rica\/","og_locale":"da_DK","og_type":"article","og_title":"Barbara Var Pa Udvekslingsar I Costa Rica","og_description":"Jeg besluttede at tage et udvekslings\u00e5r, fordi jeg gerne ville udfordre mig selv, og jeg valgte Costa Rica for at l\u00e6re en anden del af verden at kende.","og_url":"https:\/\/www.sts-education.com\/dk\/high-school\/beretninger-fra-eleverne\/elevhistorier\/barbara-var-pa-udvekslingsar-i-costa-rica\/","og_site_name":"STS Education","article_published_time":"2023-03-30T10:00:00+00:00","article_modified_time":"2026-04-15T09:51:24+00:00","og_image":[{"width":150,"height":150,"url":"https:\/\/powered-by.qbank.se\/educatius\/sts\/\/2d8d607eebaed8ebe7ab545194237fae_1-1-thumb.webp","type":"image\/jpeg"}],"author":"syncreadwrite","twitter_card":"summary_large_image","twitter_misc":{"Skrevet af":"syncreadwrite","Estimeret l\u00e6setid":"2 minutter"},"schema":{"@context":"https:\/\/schema.org","@graph":[{"@type":"Article","@id":"https:\/\/www.sts-education.com\/dk\/high-school\/beretninger-fra-eleverne\/elevhistorier\/barbara-var-pa-udvekslingsar-i-costa-rica\/#article","isPartOf":{"@id":"https:\/\/www.sts-education.com\/dk\/high-school\/beretninger-fra-eleverne\/elevhistorier\/barbara-var-pa-udvekslingsar-i-costa-rica\/"},"author":{"name":"syncreadwrite","@id":"https:\/\/www.sts-education.com\/dk\/#\/schema\/person\/8b82f3a2e45f020b8f296d7a85d9a97c"},"headline":"Barbara Var Pa Udvekslingsar I Costa Rica","datePublished":"2023-03-30T10:00:00+00:00","dateModified":"2026-04-15T09:51:24+00:00","mainEntityOfPage":{"@id":"https:\/\/www.sts-education.com\/dk\/high-school\/beretninger-fra-eleverne\/elevhistorier\/barbara-var-pa-udvekslingsar-i-costa-rica\/"},"wordCount":464,"commentCount":0,"image":{"@id":"https:\/\/www.sts-education.com\/dk\/high-school\/beretninger-fra-eleverne\/elevhistorier\/barbara-var-pa-udvekslingsar-i-costa-rica\/#primaryimage"},"thumbnailUrl":"https:\/\/powered-by.qbank.se\/educatius\/sts\/\/2d8d607eebaed8ebe7ab545194237fae_1-1-thumb.webp","keywords":["Costa Rica"],"articleSection":["Uncategorized @da"],"inLanguage":"da-DK","potentialAction":[{"@type":"CommentAction","name":"Comment","target":["https:\/\/www.sts-education.com\/dk\/high-school\/beretninger-fra-eleverne\/elevhistorier\/barbara-var-pa-udvekslingsar-i-costa-rica\/#respond"]}]},{"@type":"WebPage","@id":"https:\/\/www.sts-education.com\/dk\/high-school\/beretninger-fra-eleverne\/elevhistorier\/barbara-var-pa-udvekslingsar-i-costa-rica\/","url":"https:\/\/www.sts-education.com\/dk\/high-school\/beretninger-fra-eleverne\/elevhistorier\/barbara-var-pa-udvekslingsar-i-costa-rica\/","name":"Barbara var p\u00e5 udvekslings\u00e5r i Costa Rica","isPartOf":{"@id":"https:\/\/www.sts-education.com\/dk\/#website"},"primaryImageOfPage":{"@id":"https:\/\/www.sts-education.com\/dk\/high-school\/beretninger-fra-eleverne\/elevhistorier\/barbara-var-pa-udvekslingsar-i-costa-rica\/#primaryimage"},"image":{"@id":"https:\/\/www.sts-education.com\/dk\/high-school\/beretninger-fra-eleverne\/elevhistorier\/barbara-var-pa-udvekslingsar-i-costa-rica\/#primaryimage"},"thumbnailUrl":"https:\/\/powered-by.qbank.se\/educatius\/sts\/\/2d8d607eebaed8ebe7ab545194237fae_1-1-thumb.webp","datePublished":"2023-03-30T10:00:00+00:00","dateModified":"2026-04-15T09:51:24+00:00","author":{"@id":"https:\/\/www.sts-education.com\/dk\/#\/schema\/person\/8b82f3a2e45f020b8f296d7a85d9a97c"},"description":"Jeg besluttede at tage et udvekslings\u00e5r, fordi jeg gerne ville udfordre mig selv, og jeg valgte Costa Rica for at l\u00e6re en anden del af verden at kende.","breadcrumb":{"@id":"https:\/\/www.sts-education.com\/dk\/high-school\/beretninger-fra-eleverne\/elevhistorier\/barbara-var-pa-udvekslingsar-i-costa-rica\/#breadcrumb"},"inLanguage":"da-DK","potentialAction":[{"@type":"ReadAction","target":["https:\/\/www.sts-education.com\/dk\/high-school\/beretninger-fra-eleverne\/elevhistorier\/barbara-var-pa-udvekslingsar-i-costa-rica\/"]}]},{"@type":"ImageObject","inLanguage":"da-DK","@id":"https:\/\/www.sts-education.com\/dk\/high-school\/beretninger-fra-eleverne\/elevhistorier\/barbara-var-pa-udvekslingsar-i-costa-rica\/#primaryimage","url":"https:\/\/powered-by.qbank.se\/educatius\/sts\/\/2d8d607eebaed8ebe7ab545194237fae_1-1-thumb.webp","contentUrl":"https:\/\/powered-by.qbank.se\/educatius\/sts\/\/2d8d607eebaed8ebe7ab545194237fae_1-1-thumb.webp","width":150,"height":150},{"@type":"BreadcrumbList","@id":"https:\/\/www.sts-education.com\/dk\/high-school\/beretninger-fra-eleverne\/elevhistorier\/barbara-var-pa-udvekslingsar-i-costa-rica\/#breadcrumb","itemListElement":[{"@type":"ListItem","position":1,"name":"Home","item":"https:\/\/www.sts-education.com\/dk\/sample-page\/"},{"@type":"ListItem","position":2,"name":"Barbara Var Pa Udvekslingsar I Costa Rica"}]},{"@type":"WebSite","@id":"https:\/\/www.sts-education.com\/dk\/#website","url":"https:\/\/www.sts-education.com\/dk\/","name":"STS Education","description":"","potentialAction":[{"@type":"SearchAction","target":{"@type":"EntryPoint","urlTemplate":"https:\/\/www.sts-education.com\/dk\/?s={search_term_string}"},"query-input":{"@type":"PropertyValueSpecification","valueRequired":true,"valueName":"search_term_string"}}],"inLanguage":"da-DK"},{"@type":"Person","@id":"https:\/\/www.sts-education.com\/dk\/#\/schema\/person\/8b82f3a2e45f020b8f296d7a85d9a97c","name":"syncreadwrite","image":{"@type":"ImageObject","inLanguage":"da-DK","@id":"https:\/\/secure.gravatar.com\/avatar\/6ed1007e4f6f43f22e3df41d9fce4365533cba47fef64bb359b8e629abbc2ea6?s=96&d=mm&r=g","url":"https:\/\/secure.gravatar.com\/avatar\/6ed1007e4f6f43f22e3df41d9fce4365533cba47fef64bb359b8e629abbc2ea6?s=96&d=mm&r=g","contentUrl":"https:\/\/secure.gravatar.com\/avatar\/6ed1007e4f6f43f22e3df41d9fce4365533cba47fef64bb359b8e629abbc2ea6?s=96&d=mm&r=g","caption":"syncreadwrite"},"url":"https:\/\/www.sts-education.com\/dk\/author\/syncreadwrite\/"}]}},"_links":{"self":[{"href":"https:\/\/www.sts-education.com\/dk\/wp-json\/wp\/v2\/posts\/11477","targetHints":{"allow":["GET"]}}],"collection":[{"href":"https:\/\/www.sts-education.com\/dk\/wp-json\/wp\/v2\/posts"}],"about":[{"href":"https:\/\/www.sts-education.com\/dk\/wp-json\/wp\/v2\/types\/post"}],"author":[{"embeddable":true,"href":"https:\/\/www.sts-education.com\/dk\/wp-json\/wp\/v2\/users\/20"}],"replies":[{"embeddable":true,"href":"https:\/\/www.sts-education.com\/dk\/wp-json\/wp\/v2\/comments?post=11477"}],"version-history":[{"count":5,"href":"https:\/\/www.sts-education.com\/dk\/wp-json\/wp\/v2\/posts\/11477\/revisions"}],"predecessor-version":[{"id":36252,"href":"https:\/\/www.sts-education.com\/dk\/wp-json\/wp\/v2\/posts\/11477\/revisions\/36252"}],"wp:featuredmedia":[{"embeddable":true,"href":"https:\/\/www.sts-education.com\/dk\/wp-json\/wp\/v2\/media\/12920"}],"wp:attachment":[{"href":"https:\/\/www.sts-education.com\/dk\/wp-json\/wp\/v2\/media?parent=11477"}],"wp:term":[{"taxonomy":"category","embeddable":true,"href":"https:\/\/www.sts-education.com\/dk\/wp-json\/wp\/v2\/categories?post=11477"},{"taxonomy":"post_tag","embeddable":true,"href":"https:\/\/www.sts-education.com\/dk\/wp-json\/wp\/v2\/tags?post=11477"},{"taxonomy":"wpw_post_folders","embeddable":true,"href":"https:\/\/www.sts-education.com\/dk\/wp-json\/wp\/v2\/wpw_post_folders?post=11477"}],"curies":[{"name":"wp","href":"https:\/\/api.w.org\/{rel}","templated":true}]}}