{"id":11539,"date":"2024-11-25T13:00:00","date_gmt":"2024-11-25T11:00:00","guid":{"rendered":"https:\/\/preprod.sts-education.com\/blog\/2026\/03\/05\/serena-vietti-vaihtovuoden-suomessa\/"},"modified":"2026-04-29T09:49:08","modified_gmt":"2026-04-29T07:49:08","slug":"serena-vietti-vaihtovuoden-suomessa","status":"publish","type":"post","link":"https:\/\/www.sts-education.com\/fi\/vaihto-oppilas\/vaihto-oppilaamme\/oppilaskertomukset\/serena-vietti-vaihtovuoden-suomessa\/","title":{"rendered":"Serena Vietti Vaihtovuoden Suomessa"},"content":{"rendered":"\n<div class=\"wp-block-sts-text sts-text-editor has-max-width-md\"><div class=\"sts-text-editor__content\"><div class=\"sts-text-editor__content-inner\">\n<h1 style=\"text-align:center\">Serena vietti vaihtovuoden Suomessa<\/h1>\n<\/div><\/div><\/div>\n\n\n\n<figure class=\"wp-block-sts-image sts-block-image sts-block-image--count-1 has-max-width-lg\" data-count=\"1\"><div class=\"sts-block-image__grid\"><div class=\"sts-block-image__item\"><picture class=\"sts-responsive-image has-fit-cover has-pos-top is-skeleton\"><source media=\"(max-width: 834.98px)\" srcset=\"https:\/\/powered-by.qbank.se\/educatius\/sts\/5629243ccf442de1a89a181a488bba6c_1-1-thumb.webp 150w, https:\/\/powered-by.qbank.se\/educatius\/sts\/5629243ccf442de1a89a181a488bba6c_1-1-xsmall.webp 500w, https:\/\/powered-by.qbank.se\/educatius\/sts\/5629243ccf442de1a89a181a488bba6c_1-1-small.webp 800w, https:\/\/powered-by.qbank.se\/educatius\/sts\/5629243ccf442de1a89a181a488bba6c_1-1-medium.webp 1024w, https:\/\/powered-by.qbank.se\/educatius\/sts\/5629243ccf442de1a89a181a488bba6c_1-1-large.webp 1536w\" sizes=\"(max-width: 768px) 100vw, (max-width: 1200px) 100vw, 1200px\" type=\"image\/webp\"\/><source media=\"(min-width: 835px)\" srcset=\"https:\/\/powered-by.qbank.se\/educatius\/sts\/5629243ccf442de1a89a181a488bba6c_16-9-small.webp 800w, https:\/\/powered-by.qbank.se\/educatius\/sts\/5629243ccf442de1a89a181a488bba6c_16-9-medium.webp 1024w, https:\/\/powered-by.qbank.se\/educatius\/sts\/5629243ccf442de1a89a181a488bba6c_16-9-large.webp 1536w\" sizes=\"(max-width: 768px) 100vw, (max-width: 1200px) 100vw, 1200px\" type=\"image\/webp\"\/><img src=\"https:\/\/powered-by.qbank.se\/educatius\/sts\/5629243ccf442de1a89a181a488bba6c_1-1-thumb.webp\" alt=\"Serena vietti vaihtovuoden Suomessa\" loading=\"lazy\" decoding=\"async\" fetchpriority=\"low\" style=\"object-position:top\"\/><\/picture><\/div><\/div><\/figure>\n\n\n\n<div class=\"wp-block-sts-text sts-text-editor has-max-width-md\"><div class=\"sts-text-editor__content\"><div class=\"sts-text-editor__content-inner\">\n<p><em>Hei, olen Serena Italiasta!<\/em><\/p>\n<p>Vietin vaihtovuoden Suomessa. L\u00e4hdin vaihtoon, koska halusin p\u00e4\u00e4st\u00e4 pois mukavuusalueeltani ja kokeilla uusia asioita. Valitsin Suomen vaihtomaaksi, koska halusin asua eurooppalaisessa maassa, jonka kulttuuri eroaa Italiasta t\u00e4ysin.<\/p>\n<\/div><\/div><\/div>\n\n\n\n<div class=\"wp-block-sts-text sts-text-editor has-max-width-md\"><div class=\"sts-text-editor__content\"><div class=\"sts-text-editor__content-inner\">\n<h2>Koulu Suomessa<\/h2>\n<p>Suomessa koulu on t\u00e4ysin erilainen kuin Italian kouluj\u00e4rjestelm\u00e4. Monella tapaa se itse asiassa muistutti enemm\u00e4n omaa tapaani olla. Suomalaisissa kouluissa kaikki palvelut toimivat eritt\u00e4in hyvin. Oppilaat ja opettajat kommunikoivat avoimesti kesken\u00e4\u00e4n. Opettajat seuraavat tarkasti opiskelun etenemist\u00e4 ja pit\u00e4v\u00e4t ennen kaikkea huolta psyykkisest\u00e4 jaksamisesta, joka on yksi niist\u00e4 asioista, joihin suomalaisessa kouluymp\u00e4rist\u00f6ss\u00e4 panostetaan paljon. Minulle osoitetussa koulussa oli eritt\u00e4in innostava ymp\u00e4rist\u00f6 opiskelijoille ja vaihto-opiskelijoille. Siell\u00e4 oli mahdollista kasvaa ihmisen\u00e4 ja yksil\u00f6n\u00e4 yksinkertaisesti olemalla oma itsens\u00e4 ja kehitt\u00e4m\u00e4ll\u00e4 potentiaaliaan ja sit\u00e4, miten sen saa parhaiten esiin.<\/p>\n<h2>Harrastukset<\/h2>\n<p>Kokeilin monia uusia juttuja vaihtovuoteni aikana. K\u00e4vin teatteri- ja musiikkitunneilla, joihin kouluni oppilaat saivat osallistua. Kokeilin hiiht\u00e4mist\u00e4 ensimm\u00e4ist\u00e4 kertaa. Minulla ja yst\u00e4vill\u00e4ni oli jopa kylm\u00e4ll\u00e4 s\u00e4\u00e4ll\u00e4 tapana menn\u00e4 opiskelemaan kahvilaan ja sitten k\u00e4vell\u00e4 ymp\u00e4ri kaupunkia ottamassa kuvia ja tutustumassa uusiin paikkoihin.<\/p>\n<h2>Uusien yst\u00e4vien saaminen<\/h2>\n<p>Minun ei ollut lainkaan vaikea saada yst\u00e4vi\u00e4. Olen omasta mielest\u00e4ni hyvin avoin ihminen, mink\u00e4 vuoksi vaihtoon l\u00e4hteminen ei pelottanut minua. Minulla oli onneksi ymp\u00e4rill\u00e4ni monia vaihto-opiskelijoita, joiden kanssa pystyin puhumaan tunteistani ja jotka tukivat minua vaikeina aikoina. Rakastan edelleen heit\u00e4 kaikkia. Tutustuin my\u00f6s moniin suomalaisiin, ja vaikka heill\u00e4 on erilainen kulttuuri ja erilaisia tapoja tehd\u00e4 asioita, suomalaiset ovat hyvin avoimia tutustumaan uusiin ihmisiin ja kertovat mielell\u00e4\u00e4n omasta kotimaastaan muille.<\/p>\n<h2>Is\u00e4nt\u00e4perheeni<\/h2>\n<p>Yksi my\u00f6nteisimmist\u00e4 asioista vaihtovuodessani oli ehdottomasti is\u00e4nt\u00e4perheeni. Nyky\u00e4\u00e4n pid\u00e4n heit\u00e4 olennaisena osana itse\u00e4ni ja perhett\u00e4ni, my\u00f6s italialaista perhett\u00e4ni. Minulla oli is\u00e4nt\u00e4perheess\u00e4 kolme ihanaa sisarusta, ja pystyin ymm\u00e4rt\u00e4m\u00e4\u00e4n, mit\u00e4 tarkoittaa olla isosisko. Toivon, ett\u00e4 annoin heille jotain positiivista tulevaisuutta varten. Is\u00e4nt\u00e4perheeni is\u00e4 on yksi maailman mukavimmista ja yst\u00e4v\u00e4llisimmist\u00e4 ihmisist\u00e4. H\u00e4n oli minulle aina todella kiltti. Is\u00e4nt\u00e4perheeni \u00e4iti oli kuin paras yst\u00e4v\u00e4ni, ja tulen aina olemaan kiitollinen siit\u00e4, ett\u00e4 h\u00e4n oli el\u00e4m\u00e4ss\u00e4ni. Kaikki he, yhdess\u00e4 setien, isovanhempien ja serkkujen kanssa, olivat olkap\u00e4\u00e4, jota vasten itke\u00e4 vaikeina hetkin\u00e4. He tukivat minua aina ja olivat valmiita iloitsemaan kanssani hyvin\u00e4 hetkin\u00e4. Minulle he ovat aina suomalaiset \u00e4itini, is\u00e4ni ja sisarukseni.<\/p>\n<h2>Erot<\/h2>\n<p>Voisin luetella tuhansia eroja, kuten sen, ett\u00e4 kouluj\u00e4rjestelm\u00e4 on hyvin erilainen ja ett\u00e4 Suomessa on puoli vuotta pime\u00e4\u00e4 ja hyvin kylmi\u00e4 p\u00e4ivi\u00e4 joka vuosi (siihen ilmastoon kaltaiseni etel\u00e4italialainen ei todellakaan ole tottunut&#8230;). Yksi hauskimmista hetkist\u00e4 vaihtovuoden aikana oli se, kun lunta satoi niin paljon, ett\u00e4 joinakin p\u00e4ivin\u00e4 lumi ulottui polviin asti, ja min\u00e4 ja yst\u00e4v\u00e4ni py\u00f6riskelimme lumessa ja palasimme kotiin l\u00e4pim\u00e4rkin\u00e4, heh heh.<\/p>\n<p>Aina kun huomasin jonkin eron, varsinkin hauskan, kirjoitin sen puhelimeni muistiinpanoihin. Tuloksena oli pitk\u00e4 lista, jonka pohjalta kerroin italialaiselle perheelleni kokemuksistani. Neuvon kaikkia vaihto-opiskelijoita tekem\u00e4\u00e4n niin, se on hauska keskustelun aihe. Kaikki kokemani oli mahtavaa, ja olen kiitollinen siit\u00e4, ett\u00e4 minulla oli tilaisuus kokea kaikki n\u00e4m\u00e4 erot.<\/p>\n<h2>Odotukset<\/h2>\n<p>Vuosi ulkomailla ylitti kaikki odotukseni. Olin hyvin positiivinen jo alussa, mutta kaikki meni viel\u00e4 paremmin kuin odotin. Onneksi minulla ei ollut paljon vaikeuksia tai erityisen vaikeita hetki\u00e4. Vaikeina hetkin\u00e4 minulla oli onneksi rinnallani ihmisi\u00e4, jotka antoivat minulle rohkeutta. Toivottavasti tulevat vaihto-opiskelijat eiv\u00e4t pelk\u00e4\u00e4 n\u00e4it\u00e4 vaikeita hetki\u00e4, koska juuri ne kasvattavat ja auttavat ymm\u00e4rt\u00e4m\u00e4\u00e4n, keit\u00e4 he ovat.<\/p>\n<h2>Itseens\u00e4 tutustuminen<\/h2>\n<p>Vaihtovuoteni ansiosta opin tuntemaan itseni syv\u00e4llisesti ja ymm\u00e4rt\u00e4m\u00e4\u00e4n, mink\u00e4lainen potentiaali minulla on. Se auttoi minua olemaan oma itseni ja opetti tulemaan toimeen kaikentyyppisten ihmisten kanssa, jopa niiden, jotka eiv\u00e4t olleet luonteeltaan samanlaisia kuin min\u00e4. Opin sopeutumaan kaikkiin tilanteisiin ja l\u00f6yt\u00e4m\u00e4\u00e4n keinoja el\u00e4\u00e4 niit\u00e4 t\u00e4ysill\u00e4.<\/p>\n<h2>Suosituksia<\/h2>\n<p>Kaikille, jotka harkitsevat vaihtovuotta ulkomailla: tee se! Siit\u00e4 tulee el\u00e4m\u00e4si paras kokemus. Kun mietin asiaa vuosia my\u00f6hemmin, tekisin saman p\u00e4\u00e4t\u00f6ksen ja l\u00e4htisin ep\u00e4r\u00f6im\u00e4tt\u00e4 vaihtoon. Vaihtokokemus avartaa mielt\u00e4 tavalla, johon mik\u00e4\u00e4n muu kokemus ei pysty. Jos sinulla on siihen mahdollisuus, l\u00e4hde vaihtoon ja koe se 100-prosenttisesti. Neuvoni on l\u00e4hte\u00e4 mukaan kaikkeen, mit\u00e4 sinulle ehdotetaan (tietenkin s\u00e4\u00e4nt\u00f6jen rajoissa, heh heh), jopa niihin juttuihin, jotka eiv\u00e4t tunnu sopivan sinulle. Saatat l\u00f6yt\u00e4\u00e4 itsest\u00e4si uusia puolia ja uusia intohimoja, jotka voit sitten ottaa mukaasi kotiin. Usein juuri ne tarjoavat sinulle unohtumattomimmat kokemukset.<\/p>\n<p>Suosittelen joka tapauksessa Suomea tai Pohjoismaita yleens\u00e4, koska n\u00e4m\u00e4 maat osaavat ottaa sinut avosylin vastaan ja opettavat sinulle samalla paljon.<\/p>\n<h2>Miksi valitsin STS:n<\/h2>\n<p>Valitsin STS:n perheeni kanssa. He uskoivat, ett\u00e4 STS tarjoaisi minulle parhaan kokemuksen. Isoveljeni oli vaihdossa Suomessa STS:n kautta, ja my\u00f6s h\u00e4nell\u00e4 oli hauskaa. STS oli aina tavoitettavissa, kun min\u00e4, perheeni tai is\u00e4nt\u00e4perheeni tarvitsimme selvennyksi\u00e4 tai apua.<\/p>\n<h2>Lue lis\u00e4\u00e4<\/h2>\n<ul><li>Lue lis\u00e4\u00e4 <a href=\"https:\/\/www.sts-education.com\/fi\/vaihto-oppilas\/vaihto-oppilaamme\/oppilaskertomukset\/?hashtag=Suomi\">opiskelijoiden tarinoita Suomesta<\/a><\/li>\n<li>Katso <a href=\"\/fi\/vaihto-oppilas\/tripfinder\/\">kaikki lukiovaihtokohteemm<\/a><\/li><\/ul>\n<\/div><\/div><\/div>\n","protected":false},"excerpt":{"rendered":"","protected":false},"author":20,"featured_media":13332,"comment_status":"open","ping_status":"open","sticky":false,"template":"","format":"standard","meta":{"_acf_changed":false,"_yoast_wpseo_title":"Serena vietti vaihtovuoden Suomessa","_yoast_wpseo_metadesc":"Vietin vaihtovuoden Suomessa. Valitsin Suomen vaihtomaaksi, koska halusin asua eurooppalaisessa maassa, jonka kulttuuri eroaa Italiasta t\u00e4ysin.","footnotes":""},"categories":[306],"tags":[923],"wpw_post_folders":[],"class_list":["post-11539","post","type-post","status-publish","format-standard","has-post-thumbnail","hentry","category-uncategorized-fi","tag-suomi"],"acf":[],"yoast_head":"<!-- This site is optimized with the Yoast SEO Premium plugin v27.2 (Yoast SEO v27.2) - https:\/\/yoast.com\/product\/yoast-seo-premium-wordpress\/ -->\n<title>Serena vietti vaihtovuoden Suomessa<\/title>\n<meta name=\"description\" content=\"Vietin vaihtovuoden Suomessa. Valitsin Suomen vaihtomaaksi, koska halusin asua eurooppalaisessa maassa, jonka kulttuuri eroaa Italiasta t\u00e4ysin.\" \/>\n<meta name=\"robots\" content=\"index, follow, max-snippet:-1, max-image-preview:large, max-video-preview:-1\" \/>\n<link rel=\"canonical\" href=\"https:\/\/www.sts-education.com\/fi\/vaihto-oppilas\/vaihto-oppilaamme\/oppilaskertomukset\/serena-vietti-vaihtovuoden-suomessa\/\" \/>\n<meta property=\"og:locale\" content=\"fi_FI\" \/>\n<meta property=\"og:type\" content=\"article\" \/>\n<meta property=\"og:title\" content=\"Serena Vietti Vaihtovuoden Suomessa\" \/>\n<meta property=\"og:description\" content=\"Vietin vaihtovuoden Suomessa. Valitsin Suomen vaihtomaaksi, koska halusin asua eurooppalaisessa maassa, jonka kulttuuri eroaa Italiasta t\u00e4ysin.\" \/>\n<meta property=\"og:url\" content=\"https:\/\/www.sts-education.com\/fi\/vaihto-oppilas\/vaihto-oppilaamme\/oppilaskertomukset\/serena-vietti-vaihtovuoden-suomessa\/\" \/>\n<meta property=\"og:site_name\" content=\"STS Education\" \/>\n<meta property=\"article:published_time\" content=\"2024-11-25T11:00:00+00:00\" \/>\n<meta property=\"article:modified_time\" content=\"2026-04-29T07:49:08+00:00\" \/>\n<meta property=\"og:image\" content=\"https:\/\/powered-by.qbank.se\/educatius\/sts\/\/5629243ccf442de1a89a181a488bba6c_1-1-thumb.webp\" \/>\n\t<meta property=\"og:image:width\" content=\"150\" \/>\n\t<meta property=\"og:image:height\" content=\"150\" \/>\n\t<meta property=\"og:image:type\" content=\"image\/png\" \/>\n<meta name=\"author\" content=\"syncreadwrite\" \/>\n<meta name=\"twitter:card\" content=\"summary_large_image\" \/>\n<meta name=\"twitter:label1\" content=\"Kirjoittanut\" \/>\n\t<meta name=\"twitter:data1\" content=\"syncreadwrite\" \/>\n\t<meta name=\"twitter:label2\" content=\"Arvioitu lukuaika\" \/>\n\t<meta name=\"twitter:data2\" content=\"4 minuuttia\" \/>\n<script type=\"application\/ld+json\" class=\"yoast-schema-graph\">{\"@context\":\"https:\/\/schema.org\",\"@graph\":[{\"@type\":\"Article\",\"@id\":\"https:\/\/www.sts-education.com\/fi\/vaihto-oppilas\/vaihto-oppilaamme\/oppilaskertomukset\/serena-vietti-vaihtovuoden-suomessa\/#article\",\"isPartOf\":{\"@id\":\"https:\/\/www.sts-education.com\/fi\/vaihto-oppilas\/vaihto-oppilaamme\/oppilaskertomukset\/serena-vietti-vaihtovuoden-suomessa\/\"},\"author\":{\"name\":\"syncreadwrite\",\"@id\":\"https:\/\/www.sts-education.com\/fi\/#\/schema\/person\/8b82f3a2e45f020b8f296d7a85d9a97c\"},\"headline\":\"Serena Vietti Vaihtovuoden Suomessa\",\"datePublished\":\"2024-11-25T11:00:00+00:00\",\"dateModified\":\"2026-04-29T07:49:08+00:00\",\"mainEntityOfPage\":{\"@id\":\"https:\/\/www.sts-education.com\/fi\/vaihto-oppilas\/vaihto-oppilaamme\/oppilaskertomukset\/serena-vietti-vaihtovuoden-suomessa\/\"},\"wordCount\":831,\"commentCount\":0,\"image\":{\"@id\":\"https:\/\/www.sts-education.com\/fi\/vaihto-oppilas\/vaihto-oppilaamme\/oppilaskertomukset\/serena-vietti-vaihtovuoden-suomessa\/#primaryimage\"},\"thumbnailUrl\":\"https:\/\/powered-by.qbank.se\/educatius\/sts\/\/5629243ccf442de1a89a181a488bba6c_1-1-thumb.webp\",\"keywords\":[\"Suomi\"],\"articleSection\":[\"Uncategorized @fi\"],\"inLanguage\":\"fi\",\"potentialAction\":[{\"@type\":\"CommentAction\",\"name\":\"Comment\",\"target\":[\"https:\/\/www.sts-education.com\/fi\/vaihto-oppilas\/vaihto-oppilaamme\/oppilaskertomukset\/serena-vietti-vaihtovuoden-suomessa\/#respond\"]}]},{\"@type\":\"WebPage\",\"@id\":\"https:\/\/www.sts-education.com\/fi\/vaihto-oppilas\/vaihto-oppilaamme\/oppilaskertomukset\/serena-vietti-vaihtovuoden-suomessa\/\",\"url\":\"https:\/\/www.sts-education.com\/fi\/vaihto-oppilas\/vaihto-oppilaamme\/oppilaskertomukset\/serena-vietti-vaihtovuoden-suomessa\/\",\"name\":\"Serena vietti vaihtovuoden Suomessa\",\"isPartOf\":{\"@id\":\"https:\/\/www.sts-education.com\/fi\/#website\"},\"primaryImageOfPage\":{\"@id\":\"https:\/\/www.sts-education.com\/fi\/vaihto-oppilas\/vaihto-oppilaamme\/oppilaskertomukset\/serena-vietti-vaihtovuoden-suomessa\/#primaryimage\"},\"image\":{\"@id\":\"https:\/\/www.sts-education.com\/fi\/vaihto-oppilas\/vaihto-oppilaamme\/oppilaskertomukset\/serena-vietti-vaihtovuoden-suomessa\/#primaryimage\"},\"thumbnailUrl\":\"https:\/\/powered-by.qbank.se\/educatius\/sts\/\/5629243ccf442de1a89a181a488bba6c_1-1-thumb.webp\",\"datePublished\":\"2024-11-25T11:00:00+00:00\",\"dateModified\":\"2026-04-29T07:49:08+00:00\",\"author\":{\"@id\":\"https:\/\/www.sts-education.com\/fi\/#\/schema\/person\/8b82f3a2e45f020b8f296d7a85d9a97c\"},\"description\":\"Vietin vaihtovuoden Suomessa. Valitsin Suomen vaihtomaaksi, koska halusin asua eurooppalaisessa maassa, jonka kulttuuri eroaa Italiasta t\u00e4ysin.\",\"breadcrumb\":{\"@id\":\"https:\/\/www.sts-education.com\/fi\/vaihto-oppilas\/vaihto-oppilaamme\/oppilaskertomukset\/serena-vietti-vaihtovuoden-suomessa\/#breadcrumb\"},\"inLanguage\":\"fi\",\"potentialAction\":[{\"@type\":\"ReadAction\",\"target\":[\"https:\/\/www.sts-education.com\/fi\/vaihto-oppilas\/vaihto-oppilaamme\/oppilaskertomukset\/serena-vietti-vaihtovuoden-suomessa\/\"]}]},{\"@type\":\"ImageObject\",\"inLanguage\":\"fi\",\"@id\":\"https:\/\/www.sts-education.com\/fi\/vaihto-oppilas\/vaihto-oppilaamme\/oppilaskertomukset\/serena-vietti-vaihtovuoden-suomessa\/#primaryimage\",\"url\":\"https:\/\/powered-by.qbank.se\/educatius\/sts\/\/5629243ccf442de1a89a181a488bba6c_1-1-thumb.webp\",\"contentUrl\":\"https:\/\/powered-by.qbank.se\/educatius\/sts\/\/5629243ccf442de1a89a181a488bba6c_1-1-thumb.webp\",\"width\":150,\"height\":150},{\"@type\":\"BreadcrumbList\",\"@id\":\"https:\/\/www.sts-education.com\/fi\/vaihto-oppilas\/vaihto-oppilaamme\/oppilaskertomukset\/serena-vietti-vaihtovuoden-suomessa\/#breadcrumb\",\"itemListElement\":[{\"@type\":\"ListItem\",\"position\":1,\"name\":\"Home\",\"item\":\"https:\/\/www.sts-education.com\/fi\/\"},{\"@type\":\"ListItem\",\"position\":2,\"name\":\"Serena Vietti Vaihtovuoden Suomessa\"}]},{\"@type\":\"WebSite\",\"@id\":\"https:\/\/www.sts-education.com\/fi\/#website\",\"url\":\"https:\/\/www.sts-education.com\/fi\/\",\"name\":\"STS Education\",\"description\":\"\",\"potentialAction\":[{\"@type\":\"SearchAction\",\"target\":{\"@type\":\"EntryPoint\",\"urlTemplate\":\"https:\/\/www.sts-education.com\/fi\/?s={search_term_string}\"},\"query-input\":{\"@type\":\"PropertyValueSpecification\",\"valueRequired\":true,\"valueName\":\"search_term_string\"}}],\"inLanguage\":\"fi\"},{\"@type\":\"Person\",\"@id\":\"https:\/\/www.sts-education.com\/fi\/#\/schema\/person\/8b82f3a2e45f020b8f296d7a85d9a97c\",\"name\":\"syncreadwrite\",\"image\":{\"@type\":\"ImageObject\",\"inLanguage\":\"fi\",\"@id\":\"https:\/\/secure.gravatar.com\/avatar\/6ed1007e4f6f43f22e3df41d9fce4365533cba47fef64bb359b8e629abbc2ea6?s=96&d=mm&r=g\",\"url\":\"https:\/\/secure.gravatar.com\/avatar\/6ed1007e4f6f43f22e3df41d9fce4365533cba47fef64bb359b8e629abbc2ea6?s=96&d=mm&r=g\",\"contentUrl\":\"https:\/\/secure.gravatar.com\/avatar\/6ed1007e4f6f43f22e3df41d9fce4365533cba47fef64bb359b8e629abbc2ea6?s=96&d=mm&r=g\",\"caption\":\"syncreadwrite\"},\"url\":\"https:\/\/www.sts-education.com\/fi\/author\/syncreadwrite\/\"}]}<\/script>\n<!-- \/ Yoast SEO Premium plugin. -->","yoast_head_json":{"title":"Serena vietti vaihtovuoden Suomessa","description":"Vietin vaihtovuoden Suomessa. Valitsin Suomen vaihtomaaksi, koska halusin asua eurooppalaisessa maassa, jonka kulttuuri eroaa Italiasta t\u00e4ysin.","robots":{"index":"index","follow":"follow","max-snippet":"max-snippet:-1","max-image-preview":"max-image-preview:large","max-video-preview":"max-video-preview:-1"},"canonical":"https:\/\/www.sts-education.com\/fi\/vaihto-oppilas\/vaihto-oppilaamme\/oppilaskertomukset\/serena-vietti-vaihtovuoden-suomessa\/","og_locale":"fi_FI","og_type":"article","og_title":"Serena Vietti Vaihtovuoden Suomessa","og_description":"Vietin vaihtovuoden Suomessa. Valitsin Suomen vaihtomaaksi, koska halusin asua eurooppalaisessa maassa, jonka kulttuuri eroaa Italiasta t\u00e4ysin.","og_url":"https:\/\/www.sts-education.com\/fi\/vaihto-oppilas\/vaihto-oppilaamme\/oppilaskertomukset\/serena-vietti-vaihtovuoden-suomessa\/","og_site_name":"STS Education","article_published_time":"2024-11-25T11:00:00+00:00","article_modified_time":"2026-04-29T07:49:08+00:00","og_image":[{"width":150,"height":150,"url":"https:\/\/powered-by.qbank.se\/educatius\/sts\/\/5629243ccf442de1a89a181a488bba6c_1-1-thumb.webp","type":"image\/png"}],"author":"syncreadwrite","twitter_card":"summary_large_image","twitter_misc":{"Kirjoittanut":"syncreadwrite","Arvioitu lukuaika":"4 minuuttia"},"schema":{"@context":"https:\/\/schema.org","@graph":[{"@type":"Article","@id":"https:\/\/www.sts-education.com\/fi\/vaihto-oppilas\/vaihto-oppilaamme\/oppilaskertomukset\/serena-vietti-vaihtovuoden-suomessa\/#article","isPartOf":{"@id":"https:\/\/www.sts-education.com\/fi\/vaihto-oppilas\/vaihto-oppilaamme\/oppilaskertomukset\/serena-vietti-vaihtovuoden-suomessa\/"},"author":{"name":"syncreadwrite","@id":"https:\/\/www.sts-education.com\/fi\/#\/schema\/person\/8b82f3a2e45f020b8f296d7a85d9a97c"},"headline":"Serena Vietti Vaihtovuoden Suomessa","datePublished":"2024-11-25T11:00:00+00:00","dateModified":"2026-04-29T07:49:08+00:00","mainEntityOfPage":{"@id":"https:\/\/www.sts-education.com\/fi\/vaihto-oppilas\/vaihto-oppilaamme\/oppilaskertomukset\/serena-vietti-vaihtovuoden-suomessa\/"},"wordCount":831,"commentCount":0,"image":{"@id":"https:\/\/www.sts-education.com\/fi\/vaihto-oppilas\/vaihto-oppilaamme\/oppilaskertomukset\/serena-vietti-vaihtovuoden-suomessa\/#primaryimage"},"thumbnailUrl":"https:\/\/powered-by.qbank.se\/educatius\/sts\/\/5629243ccf442de1a89a181a488bba6c_1-1-thumb.webp","keywords":["Suomi"],"articleSection":["Uncategorized @fi"],"inLanguage":"fi","potentialAction":[{"@type":"CommentAction","name":"Comment","target":["https:\/\/www.sts-education.com\/fi\/vaihto-oppilas\/vaihto-oppilaamme\/oppilaskertomukset\/serena-vietti-vaihtovuoden-suomessa\/#respond"]}]},{"@type":"WebPage","@id":"https:\/\/www.sts-education.com\/fi\/vaihto-oppilas\/vaihto-oppilaamme\/oppilaskertomukset\/serena-vietti-vaihtovuoden-suomessa\/","url":"https:\/\/www.sts-education.com\/fi\/vaihto-oppilas\/vaihto-oppilaamme\/oppilaskertomukset\/serena-vietti-vaihtovuoden-suomessa\/","name":"Serena vietti vaihtovuoden Suomessa","isPartOf":{"@id":"https:\/\/www.sts-education.com\/fi\/#website"},"primaryImageOfPage":{"@id":"https:\/\/www.sts-education.com\/fi\/vaihto-oppilas\/vaihto-oppilaamme\/oppilaskertomukset\/serena-vietti-vaihtovuoden-suomessa\/#primaryimage"},"image":{"@id":"https:\/\/www.sts-education.com\/fi\/vaihto-oppilas\/vaihto-oppilaamme\/oppilaskertomukset\/serena-vietti-vaihtovuoden-suomessa\/#primaryimage"},"thumbnailUrl":"https:\/\/powered-by.qbank.se\/educatius\/sts\/\/5629243ccf442de1a89a181a488bba6c_1-1-thumb.webp","datePublished":"2024-11-25T11:00:00+00:00","dateModified":"2026-04-29T07:49:08+00:00","author":{"@id":"https:\/\/www.sts-education.com\/fi\/#\/schema\/person\/8b82f3a2e45f020b8f296d7a85d9a97c"},"description":"Vietin vaihtovuoden Suomessa. Valitsin Suomen vaihtomaaksi, koska halusin asua eurooppalaisessa maassa, jonka kulttuuri eroaa Italiasta t\u00e4ysin.","breadcrumb":{"@id":"https:\/\/www.sts-education.com\/fi\/vaihto-oppilas\/vaihto-oppilaamme\/oppilaskertomukset\/serena-vietti-vaihtovuoden-suomessa\/#breadcrumb"},"inLanguage":"fi","potentialAction":[{"@type":"ReadAction","target":["https:\/\/www.sts-education.com\/fi\/vaihto-oppilas\/vaihto-oppilaamme\/oppilaskertomukset\/serena-vietti-vaihtovuoden-suomessa\/"]}]},{"@type":"ImageObject","inLanguage":"fi","@id":"https:\/\/www.sts-education.com\/fi\/vaihto-oppilas\/vaihto-oppilaamme\/oppilaskertomukset\/serena-vietti-vaihtovuoden-suomessa\/#primaryimage","url":"https:\/\/powered-by.qbank.se\/educatius\/sts\/\/5629243ccf442de1a89a181a488bba6c_1-1-thumb.webp","contentUrl":"https:\/\/powered-by.qbank.se\/educatius\/sts\/\/5629243ccf442de1a89a181a488bba6c_1-1-thumb.webp","width":150,"height":150},{"@type":"BreadcrumbList","@id":"https:\/\/www.sts-education.com\/fi\/vaihto-oppilas\/vaihto-oppilaamme\/oppilaskertomukset\/serena-vietti-vaihtovuoden-suomessa\/#breadcrumb","itemListElement":[{"@type":"ListItem","position":1,"name":"Home","item":"https:\/\/www.sts-education.com\/fi\/"},{"@type":"ListItem","position":2,"name":"Serena Vietti Vaihtovuoden Suomessa"}]},{"@type":"WebSite","@id":"https:\/\/www.sts-education.com\/fi\/#website","url":"https:\/\/www.sts-education.com\/fi\/","name":"STS Education","description":"","potentialAction":[{"@type":"SearchAction","target":{"@type":"EntryPoint","urlTemplate":"https:\/\/www.sts-education.com\/fi\/?s={search_term_string}"},"query-input":{"@type":"PropertyValueSpecification","valueRequired":true,"valueName":"search_term_string"}}],"inLanguage":"fi"},{"@type":"Person","@id":"https:\/\/www.sts-education.com\/fi\/#\/schema\/person\/8b82f3a2e45f020b8f296d7a85d9a97c","name":"syncreadwrite","image":{"@type":"ImageObject","inLanguage":"fi","@id":"https:\/\/secure.gravatar.com\/avatar\/6ed1007e4f6f43f22e3df41d9fce4365533cba47fef64bb359b8e629abbc2ea6?s=96&d=mm&r=g","url":"https:\/\/secure.gravatar.com\/avatar\/6ed1007e4f6f43f22e3df41d9fce4365533cba47fef64bb359b8e629abbc2ea6?s=96&d=mm&r=g","contentUrl":"https:\/\/secure.gravatar.com\/avatar\/6ed1007e4f6f43f22e3df41d9fce4365533cba47fef64bb359b8e629abbc2ea6?s=96&d=mm&r=g","caption":"syncreadwrite"},"url":"https:\/\/www.sts-education.com\/fi\/author\/syncreadwrite\/"}]}},"_links":{"self":[{"href":"https:\/\/www.sts-education.com\/fi\/wp-json\/wp\/v2\/posts\/11539","targetHints":{"allow":["GET"]}}],"collection":[{"href":"https:\/\/www.sts-education.com\/fi\/wp-json\/wp\/v2\/posts"}],"about":[{"href":"https:\/\/www.sts-education.com\/fi\/wp-json\/wp\/v2\/types\/post"}],"author":[{"embeddable":true,"href":"https:\/\/www.sts-education.com\/fi\/wp-json\/wp\/v2\/users\/20"}],"replies":[{"embeddable":true,"href":"https:\/\/www.sts-education.com\/fi\/wp-json\/wp\/v2\/comments?post=11539"}],"version-history":[{"count":5,"href":"https:\/\/www.sts-education.com\/fi\/wp-json\/wp\/v2\/posts\/11539\/revisions"}],"predecessor-version":[{"id":43349,"href":"https:\/\/www.sts-education.com\/fi\/wp-json\/wp\/v2\/posts\/11539\/revisions\/43349"}],"wp:featuredmedia":[{"embeddable":true,"href":"https:\/\/www.sts-education.com\/fi\/wp-json\/wp\/v2\/media\/13332"}],"wp:attachment":[{"href":"https:\/\/www.sts-education.com\/fi\/wp-json\/wp\/v2\/media?parent=11539"}],"wp:term":[{"taxonomy":"category","embeddable":true,"href":"https:\/\/www.sts-education.com\/fi\/wp-json\/wp\/v2\/categories?post=11539"},{"taxonomy":"post_tag","embeddable":true,"href":"https:\/\/www.sts-education.com\/fi\/wp-json\/wp\/v2\/tags?post=11539"},{"taxonomy":"wpw_post_folders","embeddable":true,"href":"https:\/\/www.sts-education.com\/fi\/wp-json\/wp\/v2\/wpw_post_folders?post=11539"}],"curies":[{"name":"wp","href":"https:\/\/api.w.org\/{rel}","templated":true}]}}