{"id":11543,"date":"2024-10-21T14:00:00","date_gmt":"2024-10-21T14:00:00","guid":{"rendered":"https:\/\/preprod.sts-education.com\/blog\/2026\/03\/05\/matteo-oli-vaihdossa-saksassa\/"},"modified":"2026-04-14T10:12:47","modified_gmt":"2026-04-14T10:12:47","slug":"matteo-oli-vaihdossa-saksassa","status":"publish","type":"post","link":"https:\/\/www.sts-education.com\/fi\/vaihto-oppilas\/vaihto-oppilaamme\/oppilaskertomukset\/matteo-oli-vaihdossa-saksassa\/","title":{"rendered":"Matteo Oli Vaihdossa Saksassa"},"content":{"rendered":"\n<div class=\"wp-block-sts-text sts-text-editor has-max-width-md\"><div class=\"sts-text-editor__content\"><div class=\"sts-text-editor__content-inner\">\n<h1 style=\"text-align:center\">Matteo oli vaihdossa Saksassa<\/h1>\n<\/div><\/div><\/div>\n\n\n\n<figure class=\"wp-block-sts-image sts-block-image sts-block-image--count-1 has-max-width-md\" data-count=\"1\"><div class=\"sts-block-image__grid\"><div class=\"sts-block-image__item\"><picture class=\"sts-responsive-image has-fit-cover has-pos-top is-skeleton\"><img src=\"https:\/\/cdn.sts-education.com\/13343_hero_md.jpg\" alt=\"Matteo oli vaihdossa Saksassa\" loading=\"lazy\" decoding=\"async\" fetchpriority=\"low\" sizes=\"(max-width: 736px) 100vw, 736px\"\/><\/picture><\/div><\/div><\/figure>\n\n\n\n<div class=\"wp-block-sts-text sts-text-editor has-max-width-md\"><div class=\"sts-text-editor__content\"><div class=\"sts-text-editor__content-inner\">\n<p><em>Hei! Olen Matteo Italiasta ja 19-vuotias. Aloitin vaihtovuoteni Saksassa elokuussa 2022. L\u00e4hdin kes\u00e4kuussa 2023, eli vietin siell\u00e4 kokonaisen lukuvuoden.<\/em><\/p>\n<\/div><\/div><\/div>\n\n\n\n<div class=\"wp-block-sts-text sts-text-editor has-max-width-md\"><div class=\"sts-text-editor__content\"><div class=\"sts-text-editor__content-inner\">\n<p>Valitsin Saksan, koska opiskelin koulussa saksaa vieraana kielen\u00e4 ja vaihto-ohjelma oli paras tilaisuus parantaa kielitaitoani ja itsen\u00e4isty\u00e4.<\/p>\n<p>Koulussani minut otettiin hyvin vastaan, ja tunsin heti olevani osa porukkaa, vaikka yst\u00e4vien saaminen ei ollutkaan helppoa.<\/p>\n<p>Parasta vaihtovuodessani oli is\u00e4nt\u00e4perheeni. Vietimme yhdess\u00e4 aikaa ja vierailimme uusissa paikoissa ja kaupungeissa, kuten Hampurissa ja Bremeniss\u00e4. Eritt\u00e4in mukava muisto olivat 18-vuotisjuhlat, jotka he j\u00e4rjestiv\u00e4t minulle: se sai minut tuntemaan itseni erityiseksi.<\/p>\n<p>Aivan alussa oli hyvin vaikeaa sopeutua saksalaiseen el\u00e4m\u00e4ntapaan, koska en ollut odottanut sellaista kulttuurishokkia. N\u00e4kemist\u00e4 ja tekemist\u00e4 oli kuitenkin paljon, joten uuteen arkeen sopeutuminen oli helpompaa.<\/p>\n<p>Vaihtovuoden lopussa tunsin itseni kokonaiseksi ja tiesin olevani parempi ihminen kuin ennen. On siis selv\u00e4\u00e4, ett\u00e4 suosittelen lukiovaihtoon l\u00e4htemist\u00e4, koska se on uskomaton tilaisuus saada uutta n\u00e4k\u00f6kulmaa el\u00e4m\u00e4\u00e4n ja tulla kypsemm\u00e4ksi ihmiseksi.<\/p>\n<p>Tulen aina olemaan kiitollinen STS:lle siit\u00e4, ett\u00e4 sain kokea kaiken t\u00e4m\u00e4n. He olivat aina valmiita t\u00e4ytt\u00e4m\u00e4\u00e4n toiveeni ja saivat minut tuntemaan oloni kotoisaksi (tervetuliaisjuhla oli paras tapa tutustua muihin vaihto-oppilaisiin).<\/p>\n<p>Lukijoille haluan vain sanoa, ett\u00e4 \u00e4l\u00e4 pelk\u00e4\u00e4 kokeilla jotain uutta, kuten vaihtovuotta. Hanki mahdollisimman paljon kokemuksia, sill\u00e4 ne ovat osa henkil\u00f6kohtaista kasvuasi ja auttavat sinua ymm\u00e4rt\u00e4m\u00e4\u00e4n, mit\u00e4 todella haluat tehd\u00e4 el\u00e4m\u00e4ll\u00e4si.<\/p>\n<p>Joten anna vaihtovuoden alkaa!<\/p>\n<h2>Lue lis\u00e4\u00e4<\/h2>\n<ul><li>Lue lis\u00e4\u00e4 <a href=\"https:\/\/www.sts-education.com\/fi\/vaihto-oppilas\/vaihto-oppilaamme\/oppilaskertomukset\/?hashtag=Saksa\">opiskelijoiden tarinoita Saksasta<\/a><\/li>\n<li>Lue lis\u00e4\u00e4 <a href=\"https:\/\/www.sts-education.com\/fi\/vaihto-oppilas\/kohdemaat\/eurooppa\/saksa\/\">lukiovaihdosta Saksassa<\/a><\/li>\n<li>Katso <a href=\"\/fi\/vaihto-oppilas\/tripfinder\/\">kaikki lukiovaihtokohteemm<\/a><\/li><\/ul>\n<\/div><\/div><\/div>\n","protected":false},"excerpt":{"rendered":"","protected":false},"author":20,"featured_media":13340,"comment_status":"open","ping_status":"open","sticky":false,"template":"","format":"standard","meta":{"_acf_changed":false,"_yoast_wpseo_title":"Matteo oli vaihdossa Saksassa","_yoast_wpseo_metadesc":"Parasta vaihtovuodessani oli is\u00e4nt\u00e4perheeni. Vietimme yhdess\u00e4 aikaa ja vierailimme uusissa paikoissa ja kaupungeissa, kuten Hampurissa ja Bremeniss\u00e4.","footnotes":""},"categories":[306],"tags":[925],"wpw_post_folders":[],"class_list":["post-11543","post","type-post","status-publish","format-standard","has-post-thumbnail","hentry","category-uncategorized-fi","tag-saksa"],"acf":[],"yoast_head":"<!-- This site is optimized with the Yoast SEO Premium plugin v27.2 (Yoast SEO v27.2) - https:\/\/yoast.com\/product\/yoast-seo-premium-wordpress\/ -->\n<title>Matteo oli vaihdossa Saksassa<\/title>\n<meta name=\"description\" content=\"Parasta vaihtovuodessani oli is\u00e4nt\u00e4perheeni. Vietimme yhdess\u00e4 aikaa ja vierailimme uusissa paikoissa ja kaupungeissa, kuten Hampurissa ja Bremeniss\u00e4.\" \/>\n<meta name=\"robots\" content=\"index, follow, max-snippet:-1, max-image-preview:large, max-video-preview:-1\" \/>\n<link rel=\"canonical\" href=\"https:\/\/www.sts-education.com\/fi\/vaihto-oppilas\/vaihto-oppilaamme\/oppilaskertomukset\/matteo-oli-vaihdossa-saksassa\/\" \/>\n<meta property=\"og:locale\" content=\"fi_FI\" \/>\n<meta property=\"og:type\" content=\"article\" \/>\n<meta property=\"og:title\" content=\"Matteo Oli Vaihdossa Saksassa\" \/>\n<meta property=\"og:description\" content=\"Parasta vaihtovuodessani oli is\u00e4nt\u00e4perheeni. Vietimme yhdess\u00e4 aikaa ja vierailimme uusissa paikoissa ja kaupungeissa, kuten Hampurissa ja Bremeniss\u00e4.\" \/>\n<meta property=\"og:url\" content=\"https:\/\/www.sts-education.com\/fi\/vaihto-oppilas\/vaihto-oppilaamme\/oppilaskertomukset\/matteo-oli-vaihdossa-saksassa\/\" \/>\n<meta property=\"og:site_name\" content=\"STS Education\" \/>\n<meta property=\"article:published_time\" content=\"2024-10-21T14:00:00+00:00\" \/>\n<meta property=\"article:modified_time\" content=\"2026-04-14T10:12:47+00:00\" \/>\n<meta property=\"og:image\" content=\"https:\/\/powered-by.qbank.se\/educatius\/sts\/\/3ee9103dcaab55d5ff8d5a1bcc25b8d8_1-1-thumb.webp\" \/>\n\t<meta property=\"og:image:width\" content=\"150\" \/>\n\t<meta property=\"og:image:height\" content=\"150\" \/>\n\t<meta property=\"og:image:type\" content=\"image\/png\" \/>\n<meta name=\"author\" content=\"syncreadwrite\" \/>\n<meta name=\"twitter:card\" content=\"summary_large_image\" \/>\n<meta name=\"twitter:label1\" content=\"Kirjoittanut\" \/>\n\t<meta name=\"twitter:data1\" content=\"syncreadwrite\" \/>\n\t<meta name=\"twitter:label2\" content=\"Arvioitu lukuaika\" \/>\n\t<meta name=\"twitter:data2\" content=\"1 minuutti\" \/>\n<script type=\"application\/ld+json\" class=\"yoast-schema-graph\">{\"@context\":\"https:\/\/schema.org\",\"@graph\":[{\"@type\":\"Article\",\"@id\":\"https:\/\/www.sts-education.com\/fi\/vaihto-oppilas\/vaihto-oppilaamme\/oppilaskertomukset\/matteo-oli-vaihdossa-saksassa\/#article\",\"isPartOf\":{\"@id\":\"https:\/\/www.sts-education.com\/fi\/vaihto-oppilas\/vaihto-oppilaamme\/oppilaskertomukset\/matteo-oli-vaihdossa-saksassa\/\"},\"author\":{\"name\":\"syncreadwrite\",\"@id\":\"https:\/\/www.sts-education.com\/fi\/#\/schema\/person\/8b82f3a2e45f020b8f296d7a85d9a97c\"},\"headline\":\"Matteo Oli Vaihdossa Saksassa\",\"datePublished\":\"2024-10-21T14:00:00+00:00\",\"dateModified\":\"2026-04-14T10:12:47+00:00\",\"mainEntityOfPage\":{\"@id\":\"https:\/\/www.sts-education.com\/fi\/vaihto-oppilas\/vaihto-oppilaamme\/oppilaskertomukset\/matteo-oli-vaihdossa-saksassa\/\"},\"wordCount\":259,\"commentCount\":0,\"image\":{\"@id\":\"https:\/\/www.sts-education.com\/fi\/vaihto-oppilas\/vaihto-oppilaamme\/oppilaskertomukset\/matteo-oli-vaihdossa-saksassa\/#primaryimage\"},\"thumbnailUrl\":\"https:\/\/powered-by.qbank.se\/educatius\/sts\/\/3ee9103dcaab55d5ff8d5a1bcc25b8d8_1-1-thumb.webp\",\"keywords\":[\"Saksa\"],\"articleSection\":[\"Uncategorized @fi\"],\"inLanguage\":\"fi\",\"potentialAction\":[{\"@type\":\"CommentAction\",\"name\":\"Comment\",\"target\":[\"https:\/\/www.sts-education.com\/fi\/vaihto-oppilas\/vaihto-oppilaamme\/oppilaskertomukset\/matteo-oli-vaihdossa-saksassa\/#respond\"]}]},{\"@type\":\"WebPage\",\"@id\":\"https:\/\/www.sts-education.com\/fi\/vaihto-oppilas\/vaihto-oppilaamme\/oppilaskertomukset\/matteo-oli-vaihdossa-saksassa\/\",\"url\":\"https:\/\/www.sts-education.com\/fi\/vaihto-oppilas\/vaihto-oppilaamme\/oppilaskertomukset\/matteo-oli-vaihdossa-saksassa\/\",\"name\":\"Matteo oli vaihdossa Saksassa\",\"isPartOf\":{\"@id\":\"https:\/\/www.sts-education.com\/fi\/#website\"},\"primaryImageOfPage\":{\"@id\":\"https:\/\/www.sts-education.com\/fi\/vaihto-oppilas\/vaihto-oppilaamme\/oppilaskertomukset\/matteo-oli-vaihdossa-saksassa\/#primaryimage\"},\"image\":{\"@id\":\"https:\/\/www.sts-education.com\/fi\/vaihto-oppilas\/vaihto-oppilaamme\/oppilaskertomukset\/matteo-oli-vaihdossa-saksassa\/#primaryimage\"},\"thumbnailUrl\":\"https:\/\/powered-by.qbank.se\/educatius\/sts\/\/3ee9103dcaab55d5ff8d5a1bcc25b8d8_1-1-thumb.webp\",\"datePublished\":\"2024-10-21T14:00:00+00:00\",\"dateModified\":\"2026-04-14T10:12:47+00:00\",\"author\":{\"@id\":\"https:\/\/www.sts-education.com\/fi\/#\/schema\/person\/8b82f3a2e45f020b8f296d7a85d9a97c\"},\"description\":\"Parasta vaihtovuodessani oli is\u00e4nt\u00e4perheeni. Vietimme yhdess\u00e4 aikaa ja vierailimme uusissa paikoissa ja kaupungeissa, kuten Hampurissa ja Bremeniss\u00e4.\",\"breadcrumb\":{\"@id\":\"https:\/\/www.sts-education.com\/fi\/vaihto-oppilas\/vaihto-oppilaamme\/oppilaskertomukset\/matteo-oli-vaihdossa-saksassa\/#breadcrumb\"},\"inLanguage\":\"fi\",\"potentialAction\":[{\"@type\":\"ReadAction\",\"target\":[\"https:\/\/www.sts-education.com\/fi\/vaihto-oppilas\/vaihto-oppilaamme\/oppilaskertomukset\/matteo-oli-vaihdossa-saksassa\/\"]}]},{\"@type\":\"ImageObject\",\"inLanguage\":\"fi\",\"@id\":\"https:\/\/www.sts-education.com\/fi\/vaihto-oppilas\/vaihto-oppilaamme\/oppilaskertomukset\/matteo-oli-vaihdossa-saksassa\/#primaryimage\",\"url\":\"https:\/\/powered-by.qbank.se\/educatius\/sts\/\/3ee9103dcaab55d5ff8d5a1bcc25b8d8_1-1-thumb.webp\",\"contentUrl\":\"https:\/\/powered-by.qbank.se\/educatius\/sts\/\/3ee9103dcaab55d5ff8d5a1bcc25b8d8_1-1-thumb.webp\",\"width\":150,\"height\":150},{\"@type\":\"BreadcrumbList\",\"@id\":\"https:\/\/www.sts-education.com\/fi\/vaihto-oppilas\/vaihto-oppilaamme\/oppilaskertomukset\/matteo-oli-vaihdossa-saksassa\/#breadcrumb\",\"itemListElement\":[{\"@type\":\"ListItem\",\"position\":1,\"name\":\"Home\",\"item\":\"https:\/\/www.sts-education.com\/fi\/\"},{\"@type\":\"ListItem\",\"position\":2,\"name\":\"Matteo Oli Vaihdossa Saksassa\"}]},{\"@type\":\"WebSite\",\"@id\":\"https:\/\/www.sts-education.com\/fi\/#website\",\"url\":\"https:\/\/www.sts-education.com\/fi\/\",\"name\":\"STS Education\",\"description\":\"\",\"potentialAction\":[{\"@type\":\"SearchAction\",\"target\":{\"@type\":\"EntryPoint\",\"urlTemplate\":\"https:\/\/www.sts-education.com\/fi\/?s={search_term_string}\"},\"query-input\":{\"@type\":\"PropertyValueSpecification\",\"valueRequired\":true,\"valueName\":\"search_term_string\"}}],\"inLanguage\":\"fi\"},{\"@type\":\"Person\",\"@id\":\"https:\/\/www.sts-education.com\/fi\/#\/schema\/person\/8b82f3a2e45f020b8f296d7a85d9a97c\",\"name\":\"syncreadwrite\",\"image\":{\"@type\":\"ImageObject\",\"inLanguage\":\"fi\",\"@id\":\"https:\/\/secure.gravatar.com\/avatar\/6ed1007e4f6f43f22e3df41d9fce4365533cba47fef64bb359b8e629abbc2ea6?s=96&d=mm&r=g\",\"url\":\"https:\/\/secure.gravatar.com\/avatar\/6ed1007e4f6f43f22e3df41d9fce4365533cba47fef64bb359b8e629abbc2ea6?s=96&d=mm&r=g\",\"contentUrl\":\"https:\/\/secure.gravatar.com\/avatar\/6ed1007e4f6f43f22e3df41d9fce4365533cba47fef64bb359b8e629abbc2ea6?s=96&d=mm&r=g\",\"caption\":\"syncreadwrite\"},\"url\":\"https:\/\/www.sts-education.com\/fi\/author\/syncreadwrite\/\"}]}<\/script>\n<!-- \/ Yoast SEO Premium plugin. -->","yoast_head_json":{"title":"Matteo oli vaihdossa Saksassa","description":"Parasta vaihtovuodessani oli is\u00e4nt\u00e4perheeni. Vietimme yhdess\u00e4 aikaa ja vierailimme uusissa paikoissa ja kaupungeissa, kuten Hampurissa ja Bremeniss\u00e4.","robots":{"index":"index","follow":"follow","max-snippet":"max-snippet:-1","max-image-preview":"max-image-preview:large","max-video-preview":"max-video-preview:-1"},"canonical":"https:\/\/www.sts-education.com\/fi\/vaihto-oppilas\/vaihto-oppilaamme\/oppilaskertomukset\/matteo-oli-vaihdossa-saksassa\/","og_locale":"fi_FI","og_type":"article","og_title":"Matteo Oli Vaihdossa Saksassa","og_description":"Parasta vaihtovuodessani oli is\u00e4nt\u00e4perheeni. Vietimme yhdess\u00e4 aikaa ja vierailimme uusissa paikoissa ja kaupungeissa, kuten Hampurissa ja Bremeniss\u00e4.","og_url":"https:\/\/www.sts-education.com\/fi\/vaihto-oppilas\/vaihto-oppilaamme\/oppilaskertomukset\/matteo-oli-vaihdossa-saksassa\/","og_site_name":"STS Education","article_published_time":"2024-10-21T14:00:00+00:00","article_modified_time":"2026-04-14T10:12:47+00:00","og_image":[{"width":150,"height":150,"url":"https:\/\/powered-by.qbank.se\/educatius\/sts\/\/3ee9103dcaab55d5ff8d5a1bcc25b8d8_1-1-thumb.webp","type":"image\/png"}],"author":"syncreadwrite","twitter_card":"summary_large_image","twitter_misc":{"Kirjoittanut":"syncreadwrite","Arvioitu lukuaika":"1 minuutti"},"schema":{"@context":"https:\/\/schema.org","@graph":[{"@type":"Article","@id":"https:\/\/www.sts-education.com\/fi\/vaihto-oppilas\/vaihto-oppilaamme\/oppilaskertomukset\/matteo-oli-vaihdossa-saksassa\/#article","isPartOf":{"@id":"https:\/\/www.sts-education.com\/fi\/vaihto-oppilas\/vaihto-oppilaamme\/oppilaskertomukset\/matteo-oli-vaihdossa-saksassa\/"},"author":{"name":"syncreadwrite","@id":"https:\/\/www.sts-education.com\/fi\/#\/schema\/person\/8b82f3a2e45f020b8f296d7a85d9a97c"},"headline":"Matteo Oli Vaihdossa Saksassa","datePublished":"2024-10-21T14:00:00+00:00","dateModified":"2026-04-14T10:12:47+00:00","mainEntityOfPage":{"@id":"https:\/\/www.sts-education.com\/fi\/vaihto-oppilas\/vaihto-oppilaamme\/oppilaskertomukset\/matteo-oli-vaihdossa-saksassa\/"},"wordCount":259,"commentCount":0,"image":{"@id":"https:\/\/www.sts-education.com\/fi\/vaihto-oppilas\/vaihto-oppilaamme\/oppilaskertomukset\/matteo-oli-vaihdossa-saksassa\/#primaryimage"},"thumbnailUrl":"https:\/\/powered-by.qbank.se\/educatius\/sts\/\/3ee9103dcaab55d5ff8d5a1bcc25b8d8_1-1-thumb.webp","keywords":["Saksa"],"articleSection":["Uncategorized @fi"],"inLanguage":"fi","potentialAction":[{"@type":"CommentAction","name":"Comment","target":["https:\/\/www.sts-education.com\/fi\/vaihto-oppilas\/vaihto-oppilaamme\/oppilaskertomukset\/matteo-oli-vaihdossa-saksassa\/#respond"]}]},{"@type":"WebPage","@id":"https:\/\/www.sts-education.com\/fi\/vaihto-oppilas\/vaihto-oppilaamme\/oppilaskertomukset\/matteo-oli-vaihdossa-saksassa\/","url":"https:\/\/www.sts-education.com\/fi\/vaihto-oppilas\/vaihto-oppilaamme\/oppilaskertomukset\/matteo-oli-vaihdossa-saksassa\/","name":"Matteo oli vaihdossa Saksassa","isPartOf":{"@id":"https:\/\/www.sts-education.com\/fi\/#website"},"primaryImageOfPage":{"@id":"https:\/\/www.sts-education.com\/fi\/vaihto-oppilas\/vaihto-oppilaamme\/oppilaskertomukset\/matteo-oli-vaihdossa-saksassa\/#primaryimage"},"image":{"@id":"https:\/\/www.sts-education.com\/fi\/vaihto-oppilas\/vaihto-oppilaamme\/oppilaskertomukset\/matteo-oli-vaihdossa-saksassa\/#primaryimage"},"thumbnailUrl":"https:\/\/powered-by.qbank.se\/educatius\/sts\/\/3ee9103dcaab55d5ff8d5a1bcc25b8d8_1-1-thumb.webp","datePublished":"2024-10-21T14:00:00+00:00","dateModified":"2026-04-14T10:12:47+00:00","author":{"@id":"https:\/\/www.sts-education.com\/fi\/#\/schema\/person\/8b82f3a2e45f020b8f296d7a85d9a97c"},"description":"Parasta vaihtovuodessani oli is\u00e4nt\u00e4perheeni. Vietimme yhdess\u00e4 aikaa ja vierailimme uusissa paikoissa ja kaupungeissa, kuten Hampurissa ja Bremeniss\u00e4.","breadcrumb":{"@id":"https:\/\/www.sts-education.com\/fi\/vaihto-oppilas\/vaihto-oppilaamme\/oppilaskertomukset\/matteo-oli-vaihdossa-saksassa\/#breadcrumb"},"inLanguage":"fi","potentialAction":[{"@type":"ReadAction","target":["https:\/\/www.sts-education.com\/fi\/vaihto-oppilas\/vaihto-oppilaamme\/oppilaskertomukset\/matteo-oli-vaihdossa-saksassa\/"]}]},{"@type":"ImageObject","inLanguage":"fi","@id":"https:\/\/www.sts-education.com\/fi\/vaihto-oppilas\/vaihto-oppilaamme\/oppilaskertomukset\/matteo-oli-vaihdossa-saksassa\/#primaryimage","url":"https:\/\/powered-by.qbank.se\/educatius\/sts\/\/3ee9103dcaab55d5ff8d5a1bcc25b8d8_1-1-thumb.webp","contentUrl":"https:\/\/powered-by.qbank.se\/educatius\/sts\/\/3ee9103dcaab55d5ff8d5a1bcc25b8d8_1-1-thumb.webp","width":150,"height":150},{"@type":"BreadcrumbList","@id":"https:\/\/www.sts-education.com\/fi\/vaihto-oppilas\/vaihto-oppilaamme\/oppilaskertomukset\/matteo-oli-vaihdossa-saksassa\/#breadcrumb","itemListElement":[{"@type":"ListItem","position":1,"name":"Home","item":"https:\/\/www.sts-education.com\/fi\/"},{"@type":"ListItem","position":2,"name":"Matteo Oli Vaihdossa Saksassa"}]},{"@type":"WebSite","@id":"https:\/\/www.sts-education.com\/fi\/#website","url":"https:\/\/www.sts-education.com\/fi\/","name":"STS Education","description":"","potentialAction":[{"@type":"SearchAction","target":{"@type":"EntryPoint","urlTemplate":"https:\/\/www.sts-education.com\/fi\/?s={search_term_string}"},"query-input":{"@type":"PropertyValueSpecification","valueRequired":true,"valueName":"search_term_string"}}],"inLanguage":"fi"},{"@type":"Person","@id":"https:\/\/www.sts-education.com\/fi\/#\/schema\/person\/8b82f3a2e45f020b8f296d7a85d9a97c","name":"syncreadwrite","image":{"@type":"ImageObject","inLanguage":"fi","@id":"https:\/\/secure.gravatar.com\/avatar\/6ed1007e4f6f43f22e3df41d9fce4365533cba47fef64bb359b8e629abbc2ea6?s=96&d=mm&r=g","url":"https:\/\/secure.gravatar.com\/avatar\/6ed1007e4f6f43f22e3df41d9fce4365533cba47fef64bb359b8e629abbc2ea6?s=96&d=mm&r=g","contentUrl":"https:\/\/secure.gravatar.com\/avatar\/6ed1007e4f6f43f22e3df41d9fce4365533cba47fef64bb359b8e629abbc2ea6?s=96&d=mm&r=g","caption":"syncreadwrite"},"url":"https:\/\/www.sts-education.com\/fi\/author\/syncreadwrite\/"}]}},"_links":{"self":[{"href":"https:\/\/www.sts-education.com\/fi\/wp-json\/wp\/v2\/posts\/11543","targetHints":{"allow":["GET"]}}],"collection":[{"href":"https:\/\/www.sts-education.com\/fi\/wp-json\/wp\/v2\/posts"}],"about":[{"href":"https:\/\/www.sts-education.com\/fi\/wp-json\/wp\/v2\/types\/post"}],"author":[{"embeddable":true,"href":"https:\/\/www.sts-education.com\/fi\/wp-json\/wp\/v2\/users\/20"}],"replies":[{"embeddable":true,"href":"https:\/\/www.sts-education.com\/fi\/wp-json\/wp\/v2\/comments?post=11543"}],"version-history":[{"count":4,"href":"https:\/\/www.sts-education.com\/fi\/wp-json\/wp\/v2\/posts\/11543\/revisions"}],"predecessor-version":[{"id":33971,"href":"https:\/\/www.sts-education.com\/fi\/wp-json\/wp\/v2\/posts\/11543\/revisions\/33971"}],"wp:featuredmedia":[{"embeddable":true,"href":"https:\/\/www.sts-education.com\/fi\/wp-json\/wp\/v2\/media\/13340"}],"wp:attachment":[{"href":"https:\/\/www.sts-education.com\/fi\/wp-json\/wp\/v2\/media?parent=11543"}],"wp:term":[{"taxonomy":"category","embeddable":true,"href":"https:\/\/www.sts-education.com\/fi\/wp-json\/wp\/v2\/categories?post=11543"},{"taxonomy":"post_tag","embeddable":true,"href":"https:\/\/www.sts-education.com\/fi\/wp-json\/wp\/v2\/tags?post=11543"},{"taxonomy":"wpw_post_folders","embeddable":true,"href":"https:\/\/www.sts-education.com\/fi\/wp-json\/wp\/v2\/wpw_post_folders?post=11543"}],"curies":[{"name":"wp","href":"https:\/\/api.w.org\/{rel}","templated":true}]}}