{"id":11556,"date":"2024-08-19T15:00:00","date_gmt":"2024-08-19T13:00:00","guid":{"rendered":"https:\/\/preprod.sts-education.com\/blog\/2026\/03\/05\/nele-vietti-vaihtovuoden-norjassa\/"},"modified":"2026-04-29T10:00:15","modified_gmt":"2026-04-29T08:00:15","slug":"nele-vietti-vaihtovuoden-norjassa","status":"publish","type":"post","link":"https:\/\/www.sts-education.com\/fi\/vaihto-oppilas\/vaihto-oppilaamme\/oppilaskertomukset\/nele-vietti-vaihtovuoden-norjassa\/","title":{"rendered":"Nele Vietti Vaihtovuoden Norjassa"},"content":{"rendered":"\n<div class=\"wp-block-sts-text sts-text-editor has-max-width-md\"><div class=\"sts-text-editor__content\"><div class=\"sts-text-editor__content-inner\">\n<h1 style=\"text-align:center\">Nele vietti vaihtovuoden Norjassa<\/h1>\n<\/div><\/div><\/div>\n\n\n\n<figure class=\"wp-block-sts-image sts-block-image sts-block-image--count-1 has-max-width-lg\" data-count=\"1\"><div class=\"sts-block-image__grid\"><div class=\"sts-block-image__item\"><picture class=\"sts-responsive-image has-fit-cover has-pos-top is-skeleton\"><source media=\"(max-width: 834.98px)\" srcset=\"https:\/\/powered-by.qbank.se\/educatius\/sts\/cfea3b6ea2c1a82ef50e42e6a7c66ac5_1-1-thumb.webp 150w, https:\/\/powered-by.qbank.se\/educatius\/sts\/cfea3b6ea2c1a82ef50e42e6a7c66ac5_1-1-xsmall.webp 500w, https:\/\/powered-by.qbank.se\/educatius\/sts\/cfea3b6ea2c1a82ef50e42e6a7c66ac5_1-1-small.webp 800w, https:\/\/powered-by.qbank.se\/educatius\/sts\/cfea3b6ea2c1a82ef50e42e6a7c66ac5_1-1-medium.webp 1024w, https:\/\/powered-by.qbank.se\/educatius\/sts\/cfea3b6ea2c1a82ef50e42e6a7c66ac5_1-1-large.webp 1536w\" sizes=\"(max-width: 768px) 100vw, (max-width: 1200px) 100vw, 1200px\" type=\"image\/webp\"\/><source media=\"(min-width: 835px)\" srcset=\"https:\/\/powered-by.qbank.se\/educatius\/sts\/cfea3b6ea2c1a82ef50e42e6a7c66ac5_16-9-small.webp 800w, https:\/\/powered-by.qbank.se\/educatius\/sts\/cfea3b6ea2c1a82ef50e42e6a7c66ac5_16-9-medium.webp 1024w, https:\/\/powered-by.qbank.se\/educatius\/sts\/cfea3b6ea2c1a82ef50e42e6a7c66ac5_16-9-large.webp 1536w\" sizes=\"(max-width: 768px) 100vw, (max-width: 1200px) 100vw, 1200px\" type=\"image\/webp\"\/><img src=\"https:\/\/powered-by.qbank.se\/educatius\/sts\/cfea3b6ea2c1a82ef50e42e6a7c66ac5_1-1-thumb.webp\" alt=\"Nele vietti vaihtovuoden Norjassa\" loading=\"lazy\" decoding=\"async\" fetchpriority=\"low\" style=\"object-position:top\"\/><\/picture><\/div><\/div><\/figure>\n\n\n\n<div class=\"wp-block-sts-text sts-text-editor has-max-width-md\"><div class=\"sts-text-editor__content\"><div class=\"sts-text-editor__content-inner\">\n<p><em>Saksalainen Nele l\u00e4hti vaihtoon Norjaan.<\/em><\/p>\n<\/div><\/div><\/div>\n\n\n\n<div class=\"wp-block-sts-text sts-text-editor has-max-width-md\"><div class=\"sts-text-editor__content\"><div class=\"sts-text-editor__content-inner\">\n<h2>Milloin olit vaihdossa ja kuinka kauan?<\/h2>\n<p>Olin vaihdossa Norjassa elokuusta 2023 kes\u00e4kuuhun 2024. Asuin Oslossa 10 kuukautta.<\/p>\n<h2>Miten l\u00f6ysit koulun?<\/h2>\n<p>Norjassa koulunk\u00e4ynti on helpompaa ja rennompaa kuin Saksassa. Teht\u00e4v\u00e4t olivat melko helppoja, eik\u00e4 kotiteht\u00e4vi\u00e4 tullut paljonkaan. En opiskellut hirve\u00e4sti, mutta sain enimm\u00e4kseen erinomaisia ja kiitett\u00e4vi\u00e4. Opettajat eiv\u00e4t olleet yht\u00e4 tiukkoja, ja opiskelijan ja opettajan suhde oli tuttavallisempi eik\u00e4 niin muodollinen kuin Saksassa. Puhuimme opettajien kanssa usein yksityisasioista, kuten harrastuksista ja lemmikeist\u00e4. Se tuntui aluksi oudolta, mutta kun olin tottunut siihen, se oli mukavaa. Se helpotti kysymysten esitt\u00e4mist\u00e4 ja luokassa puhumista.<\/p>\n<h2>Miten p\u00e4rj\u00e4sit kielen (norjan) kanssa?<\/h2>\n<p>Varsinkin alussa norjan puhuminen tuntui hankalalta. Kaikki olivat kuitenkin eritt\u00e4in kannustavia ja k\u00e4rsiv\u00e4llisi\u00e4 minua kohtaan. Se auttoi minua poistumaan mukavuusalueeltani ja puhumaan norjaa julkisesti. Lopulta puhuin ihan sujuvasti norjaa.<\/p>\n<h2>Mit\u00e4 teit vapaa-ajallasi? Saitko uusia harrastuksia?<\/h2>\n<p>Ennen vaihtoon l\u00e4ht\u00f6\u00e4 pelasin k\u00e4sipalloa, ja halusin jatkaa sit\u00e4 my\u00f6s vaihtovuoteni aikana. Sain todella hyvi\u00e4 yst\u00e4vi\u00e4 k\u00e4sipallojoukkueessani. Oli mukavaa kokea, miten k\u00e4sipalloa treenataan eri maassa ja saada inspiraatiota.<\/p>\n<p>Minulla oli paljon vapaa-aikaa, koska minun ei tarvinnut tehd\u00e4 hirve\u00e4sti t\u00f6it\u00e4 koulun eteen. Niinp\u00e4 aloin uida, joogata, neuloa ja ulkoilutin paljon is\u00e4nt\u00e4perheen koiraa. Oli ihanaa, kun ei tarvinnut keskitty\u00e4 liikaa kouluun ja sai kokeilla uusia asioita.<\/p>\n<h2>Mit\u00e4 neuvoja antaisit tuleville opiskelijoille?<\/h2>\n<p>\u00c4l\u00e4 stressaa liikaa yst\u00e4vien saamisesta! Useimmat ihmiset, min\u00e4 mukaan lukien, ovat huolissaan t\u00e4st\u00e4 ennen vaihtoon l\u00e4ht\u00f6\u00e4. Itse kamppailin asian kanssa, varsinkin ensimm\u00e4isin\u00e4 viikkoina, koska en ymm\u00e4rt\u00e4nyt mit\u00e4\u00e4n, eik\u00e4 luokkani ottanut minua mukaan.<\/p>\n<p>Lis\u00e4ksi minua stressasi kuulla muilta vaihto-oppilailta, ett\u00e4 he saivat paljon uusia yst\u00e4vi\u00e4 vaihdon aikana. Se aiheutti paineita. Mutta kun olin voittanut kielimuurin, sain hyvi\u00e4 yst\u00e4vi\u00e4 koulusta ja k\u00e4sipallojoukkueesta. Se vain vei jonkin verran aikaa. \u00c4l\u00e4 siis aseta itsellesi liikaa paineita ensimm\u00e4isten viikkojen aikana. Kest\u00e4\u00e4 jonkin aikaa tutustua ihmisiin ja saada heihin aito yhteys.<\/p>\n<p>Suosittelen urheiluharrastusta vaihdon aikana. Ihmisiin on helpompi tutustua, kun on jotain yhteist\u00e4.<\/p>\n<h2>Lue lis\u00e4\u00e4<\/h2>\n<ul><li>Lue lis\u00e4\u00e4 <a href=\"https:\/\/www.sts-education.com\/fi\/vaihto-oppilas\/vaihto-oppilaamme\/oppilaskertomukset\/?hashtag=Norja\">opiskelijoiden tarinoita Norjasta<\/a><\/li>\n<li>Lue lis\u00e4\u00e4 <a href=\"https:\/\/www.sts-education.com\/fi\/vaihto-oppilas\/kohdemaat\/eurooppa\/norja\/\">lukiovaihdosta Norjassa<\/a><\/li>\n<li>Katso <a href=\"\/fi\/vaihto-oppilas\/tripfinder\/\">kaikki lukiovaihtokohteemm<\/a><\/li><\/ul>\n<\/div><\/div><\/div>\n","protected":false},"excerpt":{"rendered":"","protected":false},"author":20,"featured_media":13366,"comment_status":"open","ping_status":"open","sticky":false,"template":"","format":"standard","meta":{"_acf_changed":false,"_yoast_wpseo_title":"Nele vietti vaihtovuoden Norjassa","_yoast_wpseo_metadesc":"Olin vaihdossa Norjassa elokuusta 2023 kes\u00e4kuuhun 2024. Norjassa koulunk\u00e4ynti on helpompaa ja rennompaa kuin Saksassa.","footnotes":""},"categories":[306],"tags":[931],"wpw_post_folders":[],"class_list":["post-11556","post","type-post","status-publish","format-standard","has-post-thumbnail","hentry","category-uncategorized-fi","tag-norja"],"acf":[],"yoast_head":"<!-- This site is optimized with the Yoast SEO Premium plugin v27.2 (Yoast SEO v27.2) - https:\/\/yoast.com\/product\/yoast-seo-premium-wordpress\/ -->\n<title>Nele vietti vaihtovuoden Norjassa<\/title>\n<meta name=\"description\" content=\"Olin vaihdossa Norjassa elokuusta 2023 kes\u00e4kuuhun 2024. Norjassa koulunk\u00e4ynti on helpompaa ja rennompaa kuin Saksassa.\" \/>\n<meta name=\"robots\" content=\"index, follow, max-snippet:-1, max-image-preview:large, max-video-preview:-1\" \/>\n<link rel=\"canonical\" href=\"https:\/\/www.sts-education.com\/fi\/vaihto-oppilas\/vaihto-oppilaamme\/oppilaskertomukset\/nele-vietti-vaihtovuoden-norjassa\/\" \/>\n<meta property=\"og:locale\" content=\"fi_FI\" \/>\n<meta property=\"og:type\" content=\"article\" \/>\n<meta property=\"og:title\" content=\"Nele Vietti Vaihtovuoden Norjassa\" \/>\n<meta property=\"og:description\" content=\"Olin vaihdossa Norjassa elokuusta 2023 kes\u00e4kuuhun 2024. Norjassa koulunk\u00e4ynti on helpompaa ja rennompaa kuin Saksassa.\" \/>\n<meta property=\"og:url\" content=\"https:\/\/www.sts-education.com\/fi\/vaihto-oppilas\/vaihto-oppilaamme\/oppilaskertomukset\/nele-vietti-vaihtovuoden-norjassa\/\" \/>\n<meta property=\"og:site_name\" content=\"STS Education\" \/>\n<meta property=\"article:published_time\" content=\"2024-08-19T13:00:00+00:00\" \/>\n<meta property=\"article:modified_time\" content=\"2026-04-29T08:00:15+00:00\" \/>\n<meta property=\"og:image\" content=\"https:\/\/powered-by.qbank.se\/educatius\/sts\/\/cfea3b6ea2c1a82ef50e42e6a7c66ac5_1-1-thumb.webp\" \/>\n\t<meta property=\"og:image:width\" content=\"150\" \/>\n\t<meta property=\"og:image:height\" content=\"150\" \/>\n\t<meta property=\"og:image:type\" content=\"image\/png\" \/>\n<meta name=\"author\" content=\"syncreadwrite\" \/>\n<meta name=\"twitter:card\" content=\"summary_large_image\" \/>\n<meta name=\"twitter:label1\" content=\"Kirjoittanut\" \/>\n\t<meta name=\"twitter:data1\" content=\"syncreadwrite\" \/>\n\t<meta name=\"twitter:label2\" content=\"Arvioitu lukuaika\" \/>\n\t<meta name=\"twitter:data2\" content=\"2 minuuttia\" \/>\n<script type=\"application\/ld+json\" class=\"yoast-schema-graph\">{\"@context\":\"https:\/\/schema.org\",\"@graph\":[{\"@type\":\"Article\",\"@id\":\"https:\/\/www.sts-education.com\/fi\/vaihto-oppilas\/vaihto-oppilaamme\/oppilaskertomukset\/nele-vietti-vaihtovuoden-norjassa\/#article\",\"isPartOf\":{\"@id\":\"https:\/\/www.sts-education.com\/fi\/vaihto-oppilas\/vaihto-oppilaamme\/oppilaskertomukset\/nele-vietti-vaihtovuoden-norjassa\/\"},\"author\":{\"name\":\"syncreadwrite\",\"@id\":\"https:\/\/www.sts-education.com\/fi\/#\/schema\/person\/8b82f3a2e45f020b8f296d7a85d9a97c\"},\"headline\":\"Nele Vietti Vaihtovuoden Norjassa\",\"datePublished\":\"2024-08-19T13:00:00+00:00\",\"dateModified\":\"2026-04-29T08:00:15+00:00\",\"mainEntityOfPage\":{\"@id\":\"https:\/\/www.sts-education.com\/fi\/vaihto-oppilas\/vaihto-oppilaamme\/oppilaskertomukset\/nele-vietti-vaihtovuoden-norjassa\/\"},\"wordCount\":359,\"commentCount\":0,\"image\":{\"@id\":\"https:\/\/www.sts-education.com\/fi\/vaihto-oppilas\/vaihto-oppilaamme\/oppilaskertomukset\/nele-vietti-vaihtovuoden-norjassa\/#primaryimage\"},\"thumbnailUrl\":\"https:\/\/powered-by.qbank.se\/educatius\/sts\/\/cfea3b6ea2c1a82ef50e42e6a7c66ac5_1-1-thumb.webp\",\"keywords\":[\"Norja\"],\"articleSection\":[\"Uncategorized @fi\"],\"inLanguage\":\"fi\",\"potentialAction\":[{\"@type\":\"CommentAction\",\"name\":\"Comment\",\"target\":[\"https:\/\/www.sts-education.com\/fi\/vaihto-oppilas\/vaihto-oppilaamme\/oppilaskertomukset\/nele-vietti-vaihtovuoden-norjassa\/#respond\"]}]},{\"@type\":\"WebPage\",\"@id\":\"https:\/\/www.sts-education.com\/fi\/vaihto-oppilas\/vaihto-oppilaamme\/oppilaskertomukset\/nele-vietti-vaihtovuoden-norjassa\/\",\"url\":\"https:\/\/www.sts-education.com\/fi\/vaihto-oppilas\/vaihto-oppilaamme\/oppilaskertomukset\/nele-vietti-vaihtovuoden-norjassa\/\",\"name\":\"Nele vietti vaihtovuoden Norjassa\",\"isPartOf\":{\"@id\":\"https:\/\/www.sts-education.com\/fi\/#website\"},\"primaryImageOfPage\":{\"@id\":\"https:\/\/www.sts-education.com\/fi\/vaihto-oppilas\/vaihto-oppilaamme\/oppilaskertomukset\/nele-vietti-vaihtovuoden-norjassa\/#primaryimage\"},\"image\":{\"@id\":\"https:\/\/www.sts-education.com\/fi\/vaihto-oppilas\/vaihto-oppilaamme\/oppilaskertomukset\/nele-vietti-vaihtovuoden-norjassa\/#primaryimage\"},\"thumbnailUrl\":\"https:\/\/powered-by.qbank.se\/educatius\/sts\/\/cfea3b6ea2c1a82ef50e42e6a7c66ac5_1-1-thumb.webp\",\"datePublished\":\"2024-08-19T13:00:00+00:00\",\"dateModified\":\"2026-04-29T08:00:15+00:00\",\"author\":{\"@id\":\"https:\/\/www.sts-education.com\/fi\/#\/schema\/person\/8b82f3a2e45f020b8f296d7a85d9a97c\"},\"description\":\"Olin vaihdossa Norjassa elokuusta 2023 kes\u00e4kuuhun 2024. Norjassa koulunk\u00e4ynti on helpompaa ja rennompaa kuin Saksassa.\",\"breadcrumb\":{\"@id\":\"https:\/\/www.sts-education.com\/fi\/vaihto-oppilas\/vaihto-oppilaamme\/oppilaskertomukset\/nele-vietti-vaihtovuoden-norjassa\/#breadcrumb\"},\"inLanguage\":\"fi\",\"potentialAction\":[{\"@type\":\"ReadAction\",\"target\":[\"https:\/\/www.sts-education.com\/fi\/vaihto-oppilas\/vaihto-oppilaamme\/oppilaskertomukset\/nele-vietti-vaihtovuoden-norjassa\/\"]}]},{\"@type\":\"ImageObject\",\"inLanguage\":\"fi\",\"@id\":\"https:\/\/www.sts-education.com\/fi\/vaihto-oppilas\/vaihto-oppilaamme\/oppilaskertomukset\/nele-vietti-vaihtovuoden-norjassa\/#primaryimage\",\"url\":\"https:\/\/powered-by.qbank.se\/educatius\/sts\/\/cfea3b6ea2c1a82ef50e42e6a7c66ac5_1-1-thumb.webp\",\"contentUrl\":\"https:\/\/powered-by.qbank.se\/educatius\/sts\/\/cfea3b6ea2c1a82ef50e42e6a7c66ac5_1-1-thumb.webp\",\"width\":150,\"height\":150},{\"@type\":\"BreadcrumbList\",\"@id\":\"https:\/\/www.sts-education.com\/fi\/vaihto-oppilas\/vaihto-oppilaamme\/oppilaskertomukset\/nele-vietti-vaihtovuoden-norjassa\/#breadcrumb\",\"itemListElement\":[{\"@type\":\"ListItem\",\"position\":1,\"name\":\"Home\",\"item\":\"https:\/\/www.sts-education.com\/fi\/\"},{\"@type\":\"ListItem\",\"position\":2,\"name\":\"Nele Vietti Vaihtovuoden Norjassa\"}]},{\"@type\":\"WebSite\",\"@id\":\"https:\/\/www.sts-education.com\/fi\/#website\",\"url\":\"https:\/\/www.sts-education.com\/fi\/\",\"name\":\"STS Education\",\"description\":\"\",\"potentialAction\":[{\"@type\":\"SearchAction\",\"target\":{\"@type\":\"EntryPoint\",\"urlTemplate\":\"https:\/\/www.sts-education.com\/fi\/?s={search_term_string}\"},\"query-input\":{\"@type\":\"PropertyValueSpecification\",\"valueRequired\":true,\"valueName\":\"search_term_string\"}}],\"inLanguage\":\"fi\"},{\"@type\":\"Person\",\"@id\":\"https:\/\/www.sts-education.com\/fi\/#\/schema\/person\/8b82f3a2e45f020b8f296d7a85d9a97c\",\"name\":\"syncreadwrite\",\"image\":{\"@type\":\"ImageObject\",\"inLanguage\":\"fi\",\"@id\":\"https:\/\/secure.gravatar.com\/avatar\/6ed1007e4f6f43f22e3df41d9fce4365533cba47fef64bb359b8e629abbc2ea6?s=96&d=mm&r=g\",\"url\":\"https:\/\/secure.gravatar.com\/avatar\/6ed1007e4f6f43f22e3df41d9fce4365533cba47fef64bb359b8e629abbc2ea6?s=96&d=mm&r=g\",\"contentUrl\":\"https:\/\/secure.gravatar.com\/avatar\/6ed1007e4f6f43f22e3df41d9fce4365533cba47fef64bb359b8e629abbc2ea6?s=96&d=mm&r=g\",\"caption\":\"syncreadwrite\"},\"url\":\"https:\/\/www.sts-education.com\/fi\/author\/syncreadwrite\/\"}]}<\/script>\n<!-- \/ Yoast SEO Premium plugin. -->","yoast_head_json":{"title":"Nele vietti vaihtovuoden Norjassa","description":"Olin vaihdossa Norjassa elokuusta 2023 kes\u00e4kuuhun 2024. Norjassa koulunk\u00e4ynti on helpompaa ja rennompaa kuin Saksassa.","robots":{"index":"index","follow":"follow","max-snippet":"max-snippet:-1","max-image-preview":"max-image-preview:large","max-video-preview":"max-video-preview:-1"},"canonical":"https:\/\/www.sts-education.com\/fi\/vaihto-oppilas\/vaihto-oppilaamme\/oppilaskertomukset\/nele-vietti-vaihtovuoden-norjassa\/","og_locale":"fi_FI","og_type":"article","og_title":"Nele Vietti Vaihtovuoden Norjassa","og_description":"Olin vaihdossa Norjassa elokuusta 2023 kes\u00e4kuuhun 2024. Norjassa koulunk\u00e4ynti on helpompaa ja rennompaa kuin Saksassa.","og_url":"https:\/\/www.sts-education.com\/fi\/vaihto-oppilas\/vaihto-oppilaamme\/oppilaskertomukset\/nele-vietti-vaihtovuoden-norjassa\/","og_site_name":"STS Education","article_published_time":"2024-08-19T13:00:00+00:00","article_modified_time":"2026-04-29T08:00:15+00:00","og_image":[{"width":150,"height":150,"url":"https:\/\/powered-by.qbank.se\/educatius\/sts\/\/cfea3b6ea2c1a82ef50e42e6a7c66ac5_1-1-thumb.webp","type":"image\/png"}],"author":"syncreadwrite","twitter_card":"summary_large_image","twitter_misc":{"Kirjoittanut":"syncreadwrite","Arvioitu lukuaika":"2 minuuttia"},"schema":{"@context":"https:\/\/schema.org","@graph":[{"@type":"Article","@id":"https:\/\/www.sts-education.com\/fi\/vaihto-oppilas\/vaihto-oppilaamme\/oppilaskertomukset\/nele-vietti-vaihtovuoden-norjassa\/#article","isPartOf":{"@id":"https:\/\/www.sts-education.com\/fi\/vaihto-oppilas\/vaihto-oppilaamme\/oppilaskertomukset\/nele-vietti-vaihtovuoden-norjassa\/"},"author":{"name":"syncreadwrite","@id":"https:\/\/www.sts-education.com\/fi\/#\/schema\/person\/8b82f3a2e45f020b8f296d7a85d9a97c"},"headline":"Nele Vietti Vaihtovuoden Norjassa","datePublished":"2024-08-19T13:00:00+00:00","dateModified":"2026-04-29T08:00:15+00:00","mainEntityOfPage":{"@id":"https:\/\/www.sts-education.com\/fi\/vaihto-oppilas\/vaihto-oppilaamme\/oppilaskertomukset\/nele-vietti-vaihtovuoden-norjassa\/"},"wordCount":359,"commentCount":0,"image":{"@id":"https:\/\/www.sts-education.com\/fi\/vaihto-oppilas\/vaihto-oppilaamme\/oppilaskertomukset\/nele-vietti-vaihtovuoden-norjassa\/#primaryimage"},"thumbnailUrl":"https:\/\/powered-by.qbank.se\/educatius\/sts\/\/cfea3b6ea2c1a82ef50e42e6a7c66ac5_1-1-thumb.webp","keywords":["Norja"],"articleSection":["Uncategorized @fi"],"inLanguage":"fi","potentialAction":[{"@type":"CommentAction","name":"Comment","target":["https:\/\/www.sts-education.com\/fi\/vaihto-oppilas\/vaihto-oppilaamme\/oppilaskertomukset\/nele-vietti-vaihtovuoden-norjassa\/#respond"]}]},{"@type":"WebPage","@id":"https:\/\/www.sts-education.com\/fi\/vaihto-oppilas\/vaihto-oppilaamme\/oppilaskertomukset\/nele-vietti-vaihtovuoden-norjassa\/","url":"https:\/\/www.sts-education.com\/fi\/vaihto-oppilas\/vaihto-oppilaamme\/oppilaskertomukset\/nele-vietti-vaihtovuoden-norjassa\/","name":"Nele vietti vaihtovuoden Norjassa","isPartOf":{"@id":"https:\/\/www.sts-education.com\/fi\/#website"},"primaryImageOfPage":{"@id":"https:\/\/www.sts-education.com\/fi\/vaihto-oppilas\/vaihto-oppilaamme\/oppilaskertomukset\/nele-vietti-vaihtovuoden-norjassa\/#primaryimage"},"image":{"@id":"https:\/\/www.sts-education.com\/fi\/vaihto-oppilas\/vaihto-oppilaamme\/oppilaskertomukset\/nele-vietti-vaihtovuoden-norjassa\/#primaryimage"},"thumbnailUrl":"https:\/\/powered-by.qbank.se\/educatius\/sts\/\/cfea3b6ea2c1a82ef50e42e6a7c66ac5_1-1-thumb.webp","datePublished":"2024-08-19T13:00:00+00:00","dateModified":"2026-04-29T08:00:15+00:00","author":{"@id":"https:\/\/www.sts-education.com\/fi\/#\/schema\/person\/8b82f3a2e45f020b8f296d7a85d9a97c"},"description":"Olin vaihdossa Norjassa elokuusta 2023 kes\u00e4kuuhun 2024. Norjassa koulunk\u00e4ynti on helpompaa ja rennompaa kuin Saksassa.","breadcrumb":{"@id":"https:\/\/www.sts-education.com\/fi\/vaihto-oppilas\/vaihto-oppilaamme\/oppilaskertomukset\/nele-vietti-vaihtovuoden-norjassa\/#breadcrumb"},"inLanguage":"fi","potentialAction":[{"@type":"ReadAction","target":["https:\/\/www.sts-education.com\/fi\/vaihto-oppilas\/vaihto-oppilaamme\/oppilaskertomukset\/nele-vietti-vaihtovuoden-norjassa\/"]}]},{"@type":"ImageObject","inLanguage":"fi","@id":"https:\/\/www.sts-education.com\/fi\/vaihto-oppilas\/vaihto-oppilaamme\/oppilaskertomukset\/nele-vietti-vaihtovuoden-norjassa\/#primaryimage","url":"https:\/\/powered-by.qbank.se\/educatius\/sts\/\/cfea3b6ea2c1a82ef50e42e6a7c66ac5_1-1-thumb.webp","contentUrl":"https:\/\/powered-by.qbank.se\/educatius\/sts\/\/cfea3b6ea2c1a82ef50e42e6a7c66ac5_1-1-thumb.webp","width":150,"height":150},{"@type":"BreadcrumbList","@id":"https:\/\/www.sts-education.com\/fi\/vaihto-oppilas\/vaihto-oppilaamme\/oppilaskertomukset\/nele-vietti-vaihtovuoden-norjassa\/#breadcrumb","itemListElement":[{"@type":"ListItem","position":1,"name":"Home","item":"https:\/\/www.sts-education.com\/fi\/"},{"@type":"ListItem","position":2,"name":"Nele Vietti Vaihtovuoden Norjassa"}]},{"@type":"WebSite","@id":"https:\/\/www.sts-education.com\/fi\/#website","url":"https:\/\/www.sts-education.com\/fi\/","name":"STS Education","description":"","potentialAction":[{"@type":"SearchAction","target":{"@type":"EntryPoint","urlTemplate":"https:\/\/www.sts-education.com\/fi\/?s={search_term_string}"},"query-input":{"@type":"PropertyValueSpecification","valueRequired":true,"valueName":"search_term_string"}}],"inLanguage":"fi"},{"@type":"Person","@id":"https:\/\/www.sts-education.com\/fi\/#\/schema\/person\/8b82f3a2e45f020b8f296d7a85d9a97c","name":"syncreadwrite","image":{"@type":"ImageObject","inLanguage":"fi","@id":"https:\/\/secure.gravatar.com\/avatar\/6ed1007e4f6f43f22e3df41d9fce4365533cba47fef64bb359b8e629abbc2ea6?s=96&d=mm&r=g","url":"https:\/\/secure.gravatar.com\/avatar\/6ed1007e4f6f43f22e3df41d9fce4365533cba47fef64bb359b8e629abbc2ea6?s=96&d=mm&r=g","contentUrl":"https:\/\/secure.gravatar.com\/avatar\/6ed1007e4f6f43f22e3df41d9fce4365533cba47fef64bb359b8e629abbc2ea6?s=96&d=mm&r=g","caption":"syncreadwrite"},"url":"https:\/\/www.sts-education.com\/fi\/author\/syncreadwrite\/"}]}},"_links":{"self":[{"href":"https:\/\/www.sts-education.com\/fi\/wp-json\/wp\/v2\/posts\/11556","targetHints":{"allow":["GET"]}}],"collection":[{"href":"https:\/\/www.sts-education.com\/fi\/wp-json\/wp\/v2\/posts"}],"about":[{"href":"https:\/\/www.sts-education.com\/fi\/wp-json\/wp\/v2\/types\/post"}],"author":[{"embeddable":true,"href":"https:\/\/www.sts-education.com\/fi\/wp-json\/wp\/v2\/users\/20"}],"replies":[{"embeddable":true,"href":"https:\/\/www.sts-education.com\/fi\/wp-json\/wp\/v2\/comments?post=11556"}],"version-history":[{"count":5,"href":"https:\/\/www.sts-education.com\/fi\/wp-json\/wp\/v2\/posts\/11556\/revisions"}],"predecessor-version":[{"id":43552,"href":"https:\/\/www.sts-education.com\/fi\/wp-json\/wp\/v2\/posts\/11556\/revisions\/43552"}],"wp:featuredmedia":[{"embeddable":true,"href":"https:\/\/www.sts-education.com\/fi\/wp-json\/wp\/v2\/media\/13366"}],"wp:attachment":[{"href":"https:\/\/www.sts-education.com\/fi\/wp-json\/wp\/v2\/media?parent=11556"}],"wp:term":[{"taxonomy":"category","embeddable":true,"href":"https:\/\/www.sts-education.com\/fi\/wp-json\/wp\/v2\/categories?post=11556"},{"taxonomy":"post_tag","embeddable":true,"href":"https:\/\/www.sts-education.com\/fi\/wp-json\/wp\/v2\/tags?post=11556"},{"taxonomy":"wpw_post_folders","embeddable":true,"href":"https:\/\/www.sts-education.com\/fi\/wp-json\/wp\/v2\/wpw_post_folders?post=11556"}],"curies":[{"name":"wp","href":"https:\/\/api.w.org\/{rel}","templated":true}]}}