{"id":11558,"date":"2024-08-05T16:00:00","date_gmt":"2024-08-05T14:00:00","guid":{"rendered":"https:\/\/preprod.sts-education.com\/blog\/2026\/03\/05\/mauricio-opiskeli-lukiossa-itavallassa\/"},"modified":"2026-04-29T10:02:38","modified_gmt":"2026-04-29T08:02:38","slug":"mauricio-opiskeli-lukiossa-itavallassa","status":"publish","type":"post","link":"https:\/\/www.sts-education.com\/fi\/vaihto-oppilas\/vaihto-oppilaamme\/oppilaskertomukset\/mauricio-opiskeli-lukiossa-itavallassa\/","title":{"rendered":"Mauricio Opiskeli Lukiossa Itavallassa"},"content":{"rendered":"\n<div class=\"wp-block-sts-text sts-text-editor has-max-width-md\"><div class=\"sts-text-editor__content\"><div class=\"sts-text-editor__content-inner\">\n<h1 style=\"text-align:center\">Mauricio opiskeli lukiossa It\u00e4vallassa<\/h1>\n<\/div><\/div><\/div>\n\n\n\n<figure class=\"wp-block-sts-image sts-block-image sts-block-image--count-1 has-max-width-lg\" data-count=\"1\"><div class=\"sts-block-image__grid\"><div class=\"sts-block-image__item\"><picture class=\"sts-responsive-image has-fit-cover has-pos-top is-skeleton\"><source media=\"(max-width: 834.98px)\" srcset=\"https:\/\/powered-by.qbank.se\/educatius\/sts\/86754fe3e63a20d8f832b9e46dd1519e_1-1-thumb.webp 150w, https:\/\/powered-by.qbank.se\/educatius\/sts\/86754fe3e63a20d8f832b9e46dd1519e_1-1-xsmall.webp 500w, https:\/\/powered-by.qbank.se\/educatius\/sts\/86754fe3e63a20d8f832b9e46dd1519e_1-1-small.webp 800w, https:\/\/powered-by.qbank.se\/educatius\/sts\/86754fe3e63a20d8f832b9e46dd1519e_1-1-medium.webp 1024w, https:\/\/powered-by.qbank.se\/educatius\/sts\/86754fe3e63a20d8f832b9e46dd1519e_1-1-large.webp 1536w\" sizes=\"(max-width: 768px) 100vw, (max-width: 1200px) 100vw, 1200px\" type=\"image\/webp\"\/><source media=\"(min-width: 835px)\" srcset=\"https:\/\/powered-by.qbank.se\/educatius\/sts\/86754fe3e63a20d8f832b9e46dd1519e_16-9-small.webp 800w, https:\/\/powered-by.qbank.se\/educatius\/sts\/86754fe3e63a20d8f832b9e46dd1519e_16-9-medium.webp 1024w, https:\/\/powered-by.qbank.se\/educatius\/sts\/86754fe3e63a20d8f832b9e46dd1519e_16-9-large.webp 1536w\" sizes=\"(max-width: 768px) 100vw, (max-width: 1200px) 100vw, 1200px\" type=\"image\/webp\"\/><img src=\"https:\/\/powered-by.qbank.se\/educatius\/sts\/86754fe3e63a20d8f832b9e46dd1519e_1-1-thumb.webp\" alt=\"Mauricio opiskeli lukiossa It\u00e4vallassa\" loading=\"lazy\" decoding=\"async\" fetchpriority=\"low\" style=\"object-position:top\"\/><\/picture><\/div><\/div><\/figure>\n\n\n\n<div class=\"wp-block-sts-text sts-text-editor has-max-width-md\"><div class=\"sts-text-editor__content\"><div class=\"sts-text-editor__content-inner\">\n<p><em>Meksikolainen Mauricio l\u00e4hti vaihtoon It\u00e4valtaan.<\/em><\/p>\n<\/div><\/div><\/div>\n\n\n\n<div class=\"wp-block-sts-text sts-text-editor has-max-width-md\"><div class=\"sts-text-editor__content\"><div class=\"sts-text-editor__content-inner\">\n<h2>P\u00e4\u00e4t\u00f6s l\u00e4hte\u00e4 STS:n vaihto-ohjelmaan<\/h2>\n<p>T\u00e4n\u00e4 vuonna minulla oli uskomaton tilaisuus viett\u00e4\u00e4 vaihto-oppilasvuosi It\u00e4vallassa. Se oli unohtumaton kokemus, joka kesti koko kouluvuoden, syyskuusta kes\u00e4kuuhun. P\u00e4\u00e4tin l\u00e4hte\u00e4 vaihtoon, koska halusin kokea jotain erilaista ennen lukion p\u00e4\u00e4ttymist\u00e4. Jotain, joka auttaisi minua kehittym\u00e4\u00e4n sek\u00e4 henkil\u00f6kohtaisesti ett\u00e4 opiskelun suhteen. Veljeni vaikutti my\u00f6s p\u00e4\u00e4t\u00f6kseeni vaihtovuodesta, koska h\u00e4nkin oli ollut vaihdossa.<\/p>\n<p>Valitsin It\u00e4vallan useista syist\u00e4. Kulttuuri, historia ja tietenkin sen upeat alppimaisemat ovat aina kiehtoneet minua. Lis\u00e4ksi halusin oppia saksaa ja tutustua omasta kulttuuristani poikkeavaan eurooppalaiseen kulttuuriin.<\/p>\n<p>Valitsin STS:n, koska sill\u00e4 oli hyv\u00e4t suositukset ja organisoitu prosessi. My\u00f6s veljeni oli vaihdossa 3 vuotta ennen minua. Olen eritt\u00e4in tyytyv\u00e4inen heihin: he tekiv\u00e4t koko prosessin sujuvaksi ja olivat k\u00e4ytett\u00e4viss\u00e4 kaikissa mahdollisissa kysymyksiss\u00e4 tai ongelmissa.<\/p>\n<p>L\u00f6ysin my\u00f6s koulun melko helposti vaihto-organisaationi STS:n avulla. He huolehtivat kaikesta kouluun ilmoittautumisesta is\u00e4nt\u00e4perheen etsimiseen.<\/p>\n<h2>Uusia harrastuksia<\/h2>\n<p>Vapaa-ajallani huomasin, kuinka paljon pid\u00e4n liikunnasta ja kehostani huolehtimisesta, ja harrastinkin paljon kaikenlaista, kuten juoksua, kiipeily\u00e4 ja patikointia. Opin Alpeilla laskettelemaan, sit\u00e4 en ollut koskaan aiemmin tehnyt. Otin my\u00f6s surffaustunteja ja opin paljon kulttuurista ja ruoasta.<\/p>\n<h2>Uusia yst\u00e4vyyksi\u00e4<\/h2>\n<p>Yst\u00e4vystyminen oli sek\u00e4 helppoa ett\u00e4 vaikeaa. Aluksi kielimuuri oli haaste, mutta ajan mittaan ja kovalla harjoittelulla saksan kielen taitoni parani, ja pystyin kommunikoimaan paremmin. Luokkatoverini olivat hyvin yst\u00e4v\u00e4llisi\u00e4 ja auttoivat minua paljon. Yst\u00e4vystyin my\u00f6s kotimaastani tulleisiin ihmisiin, joista tuli minulle niin l\u00e4heisi\u00e4, ett\u00e4 hyv\u00e4steleminen oli vaikeaa.<\/p>\n<h2>Kulttuurieroja \u2013 It\u00e4valta vs Meksiko<\/h2>\n<p>It\u00e4vallan ja Meksikon v\u00e4liset erot olivat merkitt\u00e4vi\u00e4. El\u00e4m\u00e4nrytmi, ruoka, tavat ja tietenkin kieli olivat hyvin erilaisia. Juuri n\u00e4m\u00e4 erot tekiv\u00e4t kokemuksesta kuitenkin niin rikastuttavan.<\/p>\n<h2>Odotukset<\/h2>\n<p>Vaihtovuoteni ei ollut aivan sellainen kuin odotin \u2013 se oli paljon parempi. Minulla oli haasteita sopeutua esimerkiksi kieleen ja ilmastoon, mutta selvisin niist\u00e4 k\u00e4rsiv\u00e4llisyydell\u00e4 ja vaivann\u00e4\u00f6ll\u00e4. Opin olemaan itsen\u00e4isempi ja sopeutumaan uusiin ja tuntemattomiin tilanteisiin.<\/p>\n<h2>Vaihtoon l\u00e4htemisen my\u00f6nteiset puolet<\/h2>\n<p>Parasta vaihdossa olivat solmimani yst\u00e4vyyssuhteet, uudet taidot ja ainutlaatuiset kokemukset.<\/p>\n<p>Suosittelen l\u00e4mpim\u00e4sti lukiovaihtoon l\u00e4htemist\u00e4. Opiskelu ulkomailla avartaa mielt\u00e4, haastaa ja antaa mahdollisuuden kasvaa tavoilla, joita ei koskaan osannut kuvitellakaan. Jos joku kysyisi minulta neuvoa, sanoisin, ett\u00e4 varaudu haasteisiin, mutta nauti jokaisesta hetkest\u00e4. Olisin voinut opiskella enemm\u00e4n saksaa ennen l\u00e4ht\u00f6\u00e4, mutta olen tyytyv\u00e4inen siihen, miten kaikki sujui.<\/p>\n<p>Olen varma, ett\u00e4 vaihtoni vaikuttaa my\u00f6nteisesti tulevaisuuteeni. Olen saanut itseluottamusta ja oppinut kulttuurienv\u00e4lisi\u00e4 taitoja ja kolmannen kielen, josta on varmasti hy\u00f6ty\u00e4 ty\u00f6- ja yksityisel\u00e4m\u00e4ss\u00e4ni.<\/p>\n<h2>Lue lis\u00e4\u00e4<\/h2>\n<ul><li>Lue lis\u00e4\u00e4 <a href=\"https:\/\/www.sts-education.com\/fi\/vaihto-oppilas\/vaihto-oppilaamme\/oppilaskertomukset\/?hashtag=It%c3%a4v%c3%a4lta\">opiskelijoiden tarinoita It\u00e4vallasta<\/a><\/li>\n<li>Lue lis\u00e4\u00e4 <a href=\"https:\/\/www.sts-education.com\/fi\/vaihto-oppilas\/kohdemaat\/eurooppa\/itavalta\/\">lukiovaihdosta It\u00e4vallassa<\/a><\/li>\n<li>Katso <a href=\"\/fi\/vaihto-oppilas\/tripfinder\/\">kaikki lukiovaihtokohteemm<\/a><\/li><\/ul>\n<\/div><\/div><\/div>\n","protected":false},"excerpt":{"rendered":"","protected":false},"author":20,"featured_media":13370,"comment_status":"open","ping_status":"open","sticky":false,"template":"","format":"standard","meta":{"_acf_changed":false,"_yoast_wpseo_title":"Mauricio opiskeli lukiossa It\u00e4vallassa","_yoast_wpseo_metadesc":"T\u00e4n\u00e4 vuonna minulla oli uskomaton tilaisuus viett\u00e4\u00e4 vaihto-oppilasvuosi It\u00e4vallassa. Se oli unohtumaton kokemus, joka kesti koko kouluvuoden, syyskuusta kes\u00e4kuuhun.","footnotes":""},"categories":[306],"tags":[918],"wpw_post_folders":[],"class_list":["post-11558","post","type-post","status-publish","format-standard","has-post-thumbnail","hentry","category-uncategorized-fi","tag-itavalta"],"acf":[],"yoast_head":"<!-- This site is optimized with the Yoast SEO Premium plugin v27.2 (Yoast SEO v27.2) - https:\/\/yoast.com\/product\/yoast-seo-premium-wordpress\/ -->\n<title>Mauricio opiskeli lukiossa It\u00e4vallassa<\/title>\n<meta name=\"description\" content=\"T\u00e4n\u00e4 vuonna minulla oli uskomaton tilaisuus viett\u00e4\u00e4 vaihto-oppilasvuosi It\u00e4vallassa. Se oli unohtumaton kokemus, joka kesti koko kouluvuoden, syyskuusta kes\u00e4kuuhun.\" \/>\n<meta name=\"robots\" content=\"index, follow, max-snippet:-1, max-image-preview:large, max-video-preview:-1\" \/>\n<link rel=\"canonical\" href=\"https:\/\/www.sts-education.com\/fi\/vaihto-oppilas\/vaihto-oppilaamme\/oppilaskertomukset\/mauricio-opiskeli-lukiossa-itavallassa\/\" \/>\n<meta property=\"og:locale\" content=\"fi_FI\" \/>\n<meta property=\"og:type\" content=\"article\" \/>\n<meta property=\"og:title\" content=\"Mauricio Opiskeli Lukiossa Itavallassa\" \/>\n<meta property=\"og:description\" content=\"T\u00e4n\u00e4 vuonna minulla oli uskomaton tilaisuus viett\u00e4\u00e4 vaihto-oppilasvuosi It\u00e4vallassa. Se oli unohtumaton kokemus, joka kesti koko kouluvuoden, syyskuusta kes\u00e4kuuhun.\" \/>\n<meta property=\"og:url\" content=\"https:\/\/www.sts-education.com\/fi\/vaihto-oppilas\/vaihto-oppilaamme\/oppilaskertomukset\/mauricio-opiskeli-lukiossa-itavallassa\/\" \/>\n<meta property=\"og:site_name\" content=\"STS Education\" \/>\n<meta property=\"article:published_time\" content=\"2024-08-05T14:00:00+00:00\" \/>\n<meta property=\"article:modified_time\" content=\"2026-04-29T08:02:38+00:00\" \/>\n<meta property=\"og:image\" content=\"https:\/\/powered-by.qbank.se\/educatius\/sts\/\/86754fe3e63a20d8f832b9e46dd1519e_1-1-thumb.webp\" \/>\n\t<meta property=\"og:image:width\" content=\"150\" \/>\n\t<meta property=\"og:image:height\" content=\"150\" \/>\n\t<meta property=\"og:image:type\" content=\"image\/png\" \/>\n<meta name=\"author\" content=\"syncreadwrite\" \/>\n<meta name=\"twitter:card\" content=\"summary_large_image\" \/>\n<meta name=\"twitter:label1\" content=\"Kirjoittanut\" \/>\n\t<meta name=\"twitter:data1\" content=\"syncreadwrite\" \/>\n\t<meta name=\"twitter:label2\" content=\"Arvioitu lukuaika\" \/>\n\t<meta name=\"twitter:data2\" content=\"2 minuuttia\" \/>\n<script type=\"application\/ld+json\" class=\"yoast-schema-graph\">{\"@context\":\"https:\/\/schema.org\",\"@graph\":[{\"@type\":\"Article\",\"@id\":\"https:\/\/www.sts-education.com\/fi\/vaihto-oppilas\/vaihto-oppilaamme\/oppilaskertomukset\/mauricio-opiskeli-lukiossa-itavallassa\/#article\",\"isPartOf\":{\"@id\":\"https:\/\/www.sts-education.com\/fi\/vaihto-oppilas\/vaihto-oppilaamme\/oppilaskertomukset\/mauricio-opiskeli-lukiossa-itavallassa\/\"},\"author\":{\"name\":\"syncreadwrite\",\"@id\":\"https:\/\/www.sts-education.com\/fi\/#\/schema\/person\/8b82f3a2e45f020b8f296d7a85d9a97c\"},\"headline\":\"Mauricio Opiskeli Lukiossa Itavallassa\",\"datePublished\":\"2024-08-05T14:00:00+00:00\",\"dateModified\":\"2026-04-29T08:02:38+00:00\",\"mainEntityOfPage\":{\"@id\":\"https:\/\/www.sts-education.com\/fi\/vaihto-oppilas\/vaihto-oppilaamme\/oppilaskertomukset\/mauricio-opiskeli-lukiossa-itavallassa\/\"},\"wordCount\":463,\"commentCount\":0,\"image\":{\"@id\":\"https:\/\/www.sts-education.com\/fi\/vaihto-oppilas\/vaihto-oppilaamme\/oppilaskertomukset\/mauricio-opiskeli-lukiossa-itavallassa\/#primaryimage\"},\"thumbnailUrl\":\"https:\/\/powered-by.qbank.se\/educatius\/sts\/\/86754fe3e63a20d8f832b9e46dd1519e_1-1-thumb.webp\",\"keywords\":[\"It\u00e4v\u00e4lta\"],\"articleSection\":[\"Uncategorized @fi\"],\"inLanguage\":\"fi\",\"potentialAction\":[{\"@type\":\"CommentAction\",\"name\":\"Comment\",\"target\":[\"https:\/\/www.sts-education.com\/fi\/vaihto-oppilas\/vaihto-oppilaamme\/oppilaskertomukset\/mauricio-opiskeli-lukiossa-itavallassa\/#respond\"]}]},{\"@type\":\"WebPage\",\"@id\":\"https:\/\/www.sts-education.com\/fi\/vaihto-oppilas\/vaihto-oppilaamme\/oppilaskertomukset\/mauricio-opiskeli-lukiossa-itavallassa\/\",\"url\":\"https:\/\/www.sts-education.com\/fi\/vaihto-oppilas\/vaihto-oppilaamme\/oppilaskertomukset\/mauricio-opiskeli-lukiossa-itavallassa\/\",\"name\":\"Mauricio opiskeli lukiossa It\u00e4vallassa\",\"isPartOf\":{\"@id\":\"https:\/\/www.sts-education.com\/fi\/#website\"},\"primaryImageOfPage\":{\"@id\":\"https:\/\/www.sts-education.com\/fi\/vaihto-oppilas\/vaihto-oppilaamme\/oppilaskertomukset\/mauricio-opiskeli-lukiossa-itavallassa\/#primaryimage\"},\"image\":{\"@id\":\"https:\/\/www.sts-education.com\/fi\/vaihto-oppilas\/vaihto-oppilaamme\/oppilaskertomukset\/mauricio-opiskeli-lukiossa-itavallassa\/#primaryimage\"},\"thumbnailUrl\":\"https:\/\/powered-by.qbank.se\/educatius\/sts\/\/86754fe3e63a20d8f832b9e46dd1519e_1-1-thumb.webp\",\"datePublished\":\"2024-08-05T14:00:00+00:00\",\"dateModified\":\"2026-04-29T08:02:38+00:00\",\"author\":{\"@id\":\"https:\/\/www.sts-education.com\/fi\/#\/schema\/person\/8b82f3a2e45f020b8f296d7a85d9a97c\"},\"description\":\"T\u00e4n\u00e4 vuonna minulla oli uskomaton tilaisuus viett\u00e4\u00e4 vaihto-oppilasvuosi It\u00e4vallassa. Se oli unohtumaton kokemus, joka kesti koko kouluvuoden, syyskuusta kes\u00e4kuuhun.\",\"breadcrumb\":{\"@id\":\"https:\/\/www.sts-education.com\/fi\/vaihto-oppilas\/vaihto-oppilaamme\/oppilaskertomukset\/mauricio-opiskeli-lukiossa-itavallassa\/#breadcrumb\"},\"inLanguage\":\"fi\",\"potentialAction\":[{\"@type\":\"ReadAction\",\"target\":[\"https:\/\/www.sts-education.com\/fi\/vaihto-oppilas\/vaihto-oppilaamme\/oppilaskertomukset\/mauricio-opiskeli-lukiossa-itavallassa\/\"]}]},{\"@type\":\"ImageObject\",\"inLanguage\":\"fi\",\"@id\":\"https:\/\/www.sts-education.com\/fi\/vaihto-oppilas\/vaihto-oppilaamme\/oppilaskertomukset\/mauricio-opiskeli-lukiossa-itavallassa\/#primaryimage\",\"url\":\"https:\/\/powered-by.qbank.se\/educatius\/sts\/\/86754fe3e63a20d8f832b9e46dd1519e_1-1-thumb.webp\",\"contentUrl\":\"https:\/\/powered-by.qbank.se\/educatius\/sts\/\/86754fe3e63a20d8f832b9e46dd1519e_1-1-thumb.webp\",\"width\":150,\"height\":150},{\"@type\":\"BreadcrumbList\",\"@id\":\"https:\/\/www.sts-education.com\/fi\/vaihto-oppilas\/vaihto-oppilaamme\/oppilaskertomukset\/mauricio-opiskeli-lukiossa-itavallassa\/#breadcrumb\",\"itemListElement\":[{\"@type\":\"ListItem\",\"position\":1,\"name\":\"Home\",\"item\":\"https:\/\/www.sts-education.com\/fi\/\"},{\"@type\":\"ListItem\",\"position\":2,\"name\":\"Mauricio Opiskeli Lukiossa Itavallassa\"}]},{\"@type\":\"WebSite\",\"@id\":\"https:\/\/www.sts-education.com\/fi\/#website\",\"url\":\"https:\/\/www.sts-education.com\/fi\/\",\"name\":\"STS Education\",\"description\":\"\",\"potentialAction\":[{\"@type\":\"SearchAction\",\"target\":{\"@type\":\"EntryPoint\",\"urlTemplate\":\"https:\/\/www.sts-education.com\/fi\/?s={search_term_string}\"},\"query-input\":{\"@type\":\"PropertyValueSpecification\",\"valueRequired\":true,\"valueName\":\"search_term_string\"}}],\"inLanguage\":\"fi\"},{\"@type\":\"Person\",\"@id\":\"https:\/\/www.sts-education.com\/fi\/#\/schema\/person\/8b82f3a2e45f020b8f296d7a85d9a97c\",\"name\":\"syncreadwrite\",\"image\":{\"@type\":\"ImageObject\",\"inLanguage\":\"fi\",\"@id\":\"https:\/\/secure.gravatar.com\/avatar\/6ed1007e4f6f43f22e3df41d9fce4365533cba47fef64bb359b8e629abbc2ea6?s=96&d=mm&r=g\",\"url\":\"https:\/\/secure.gravatar.com\/avatar\/6ed1007e4f6f43f22e3df41d9fce4365533cba47fef64bb359b8e629abbc2ea6?s=96&d=mm&r=g\",\"contentUrl\":\"https:\/\/secure.gravatar.com\/avatar\/6ed1007e4f6f43f22e3df41d9fce4365533cba47fef64bb359b8e629abbc2ea6?s=96&d=mm&r=g\",\"caption\":\"syncreadwrite\"},\"url\":\"https:\/\/www.sts-education.com\/fi\/author\/syncreadwrite\/\"}]}<\/script>\n<!-- \/ Yoast SEO Premium plugin. -->","yoast_head_json":{"title":"Mauricio opiskeli lukiossa It\u00e4vallassa","description":"T\u00e4n\u00e4 vuonna minulla oli uskomaton tilaisuus viett\u00e4\u00e4 vaihto-oppilasvuosi It\u00e4vallassa. Se oli unohtumaton kokemus, joka kesti koko kouluvuoden, syyskuusta kes\u00e4kuuhun.","robots":{"index":"index","follow":"follow","max-snippet":"max-snippet:-1","max-image-preview":"max-image-preview:large","max-video-preview":"max-video-preview:-1"},"canonical":"https:\/\/www.sts-education.com\/fi\/vaihto-oppilas\/vaihto-oppilaamme\/oppilaskertomukset\/mauricio-opiskeli-lukiossa-itavallassa\/","og_locale":"fi_FI","og_type":"article","og_title":"Mauricio Opiskeli Lukiossa Itavallassa","og_description":"T\u00e4n\u00e4 vuonna minulla oli uskomaton tilaisuus viett\u00e4\u00e4 vaihto-oppilasvuosi It\u00e4vallassa. Se oli unohtumaton kokemus, joka kesti koko kouluvuoden, syyskuusta kes\u00e4kuuhun.","og_url":"https:\/\/www.sts-education.com\/fi\/vaihto-oppilas\/vaihto-oppilaamme\/oppilaskertomukset\/mauricio-opiskeli-lukiossa-itavallassa\/","og_site_name":"STS Education","article_published_time":"2024-08-05T14:00:00+00:00","article_modified_time":"2026-04-29T08:02:38+00:00","og_image":[{"width":150,"height":150,"url":"https:\/\/powered-by.qbank.se\/educatius\/sts\/\/86754fe3e63a20d8f832b9e46dd1519e_1-1-thumb.webp","type":"image\/png"}],"author":"syncreadwrite","twitter_card":"summary_large_image","twitter_misc":{"Kirjoittanut":"syncreadwrite","Arvioitu lukuaika":"2 minuuttia"},"schema":{"@context":"https:\/\/schema.org","@graph":[{"@type":"Article","@id":"https:\/\/www.sts-education.com\/fi\/vaihto-oppilas\/vaihto-oppilaamme\/oppilaskertomukset\/mauricio-opiskeli-lukiossa-itavallassa\/#article","isPartOf":{"@id":"https:\/\/www.sts-education.com\/fi\/vaihto-oppilas\/vaihto-oppilaamme\/oppilaskertomukset\/mauricio-opiskeli-lukiossa-itavallassa\/"},"author":{"name":"syncreadwrite","@id":"https:\/\/www.sts-education.com\/fi\/#\/schema\/person\/8b82f3a2e45f020b8f296d7a85d9a97c"},"headline":"Mauricio Opiskeli Lukiossa Itavallassa","datePublished":"2024-08-05T14:00:00+00:00","dateModified":"2026-04-29T08:02:38+00:00","mainEntityOfPage":{"@id":"https:\/\/www.sts-education.com\/fi\/vaihto-oppilas\/vaihto-oppilaamme\/oppilaskertomukset\/mauricio-opiskeli-lukiossa-itavallassa\/"},"wordCount":463,"commentCount":0,"image":{"@id":"https:\/\/www.sts-education.com\/fi\/vaihto-oppilas\/vaihto-oppilaamme\/oppilaskertomukset\/mauricio-opiskeli-lukiossa-itavallassa\/#primaryimage"},"thumbnailUrl":"https:\/\/powered-by.qbank.se\/educatius\/sts\/\/86754fe3e63a20d8f832b9e46dd1519e_1-1-thumb.webp","keywords":["It\u00e4v\u00e4lta"],"articleSection":["Uncategorized @fi"],"inLanguage":"fi","potentialAction":[{"@type":"CommentAction","name":"Comment","target":["https:\/\/www.sts-education.com\/fi\/vaihto-oppilas\/vaihto-oppilaamme\/oppilaskertomukset\/mauricio-opiskeli-lukiossa-itavallassa\/#respond"]}]},{"@type":"WebPage","@id":"https:\/\/www.sts-education.com\/fi\/vaihto-oppilas\/vaihto-oppilaamme\/oppilaskertomukset\/mauricio-opiskeli-lukiossa-itavallassa\/","url":"https:\/\/www.sts-education.com\/fi\/vaihto-oppilas\/vaihto-oppilaamme\/oppilaskertomukset\/mauricio-opiskeli-lukiossa-itavallassa\/","name":"Mauricio opiskeli lukiossa It\u00e4vallassa","isPartOf":{"@id":"https:\/\/www.sts-education.com\/fi\/#website"},"primaryImageOfPage":{"@id":"https:\/\/www.sts-education.com\/fi\/vaihto-oppilas\/vaihto-oppilaamme\/oppilaskertomukset\/mauricio-opiskeli-lukiossa-itavallassa\/#primaryimage"},"image":{"@id":"https:\/\/www.sts-education.com\/fi\/vaihto-oppilas\/vaihto-oppilaamme\/oppilaskertomukset\/mauricio-opiskeli-lukiossa-itavallassa\/#primaryimage"},"thumbnailUrl":"https:\/\/powered-by.qbank.se\/educatius\/sts\/\/86754fe3e63a20d8f832b9e46dd1519e_1-1-thumb.webp","datePublished":"2024-08-05T14:00:00+00:00","dateModified":"2026-04-29T08:02:38+00:00","author":{"@id":"https:\/\/www.sts-education.com\/fi\/#\/schema\/person\/8b82f3a2e45f020b8f296d7a85d9a97c"},"description":"T\u00e4n\u00e4 vuonna minulla oli uskomaton tilaisuus viett\u00e4\u00e4 vaihto-oppilasvuosi It\u00e4vallassa. Se oli unohtumaton kokemus, joka kesti koko kouluvuoden, syyskuusta kes\u00e4kuuhun.","breadcrumb":{"@id":"https:\/\/www.sts-education.com\/fi\/vaihto-oppilas\/vaihto-oppilaamme\/oppilaskertomukset\/mauricio-opiskeli-lukiossa-itavallassa\/#breadcrumb"},"inLanguage":"fi","potentialAction":[{"@type":"ReadAction","target":["https:\/\/www.sts-education.com\/fi\/vaihto-oppilas\/vaihto-oppilaamme\/oppilaskertomukset\/mauricio-opiskeli-lukiossa-itavallassa\/"]}]},{"@type":"ImageObject","inLanguage":"fi","@id":"https:\/\/www.sts-education.com\/fi\/vaihto-oppilas\/vaihto-oppilaamme\/oppilaskertomukset\/mauricio-opiskeli-lukiossa-itavallassa\/#primaryimage","url":"https:\/\/powered-by.qbank.se\/educatius\/sts\/\/86754fe3e63a20d8f832b9e46dd1519e_1-1-thumb.webp","contentUrl":"https:\/\/powered-by.qbank.se\/educatius\/sts\/\/86754fe3e63a20d8f832b9e46dd1519e_1-1-thumb.webp","width":150,"height":150},{"@type":"BreadcrumbList","@id":"https:\/\/www.sts-education.com\/fi\/vaihto-oppilas\/vaihto-oppilaamme\/oppilaskertomukset\/mauricio-opiskeli-lukiossa-itavallassa\/#breadcrumb","itemListElement":[{"@type":"ListItem","position":1,"name":"Home","item":"https:\/\/www.sts-education.com\/fi\/"},{"@type":"ListItem","position":2,"name":"Mauricio Opiskeli Lukiossa Itavallassa"}]},{"@type":"WebSite","@id":"https:\/\/www.sts-education.com\/fi\/#website","url":"https:\/\/www.sts-education.com\/fi\/","name":"STS Education","description":"","potentialAction":[{"@type":"SearchAction","target":{"@type":"EntryPoint","urlTemplate":"https:\/\/www.sts-education.com\/fi\/?s={search_term_string}"},"query-input":{"@type":"PropertyValueSpecification","valueRequired":true,"valueName":"search_term_string"}}],"inLanguage":"fi"},{"@type":"Person","@id":"https:\/\/www.sts-education.com\/fi\/#\/schema\/person\/8b82f3a2e45f020b8f296d7a85d9a97c","name":"syncreadwrite","image":{"@type":"ImageObject","inLanguage":"fi","@id":"https:\/\/secure.gravatar.com\/avatar\/6ed1007e4f6f43f22e3df41d9fce4365533cba47fef64bb359b8e629abbc2ea6?s=96&d=mm&r=g","url":"https:\/\/secure.gravatar.com\/avatar\/6ed1007e4f6f43f22e3df41d9fce4365533cba47fef64bb359b8e629abbc2ea6?s=96&d=mm&r=g","contentUrl":"https:\/\/secure.gravatar.com\/avatar\/6ed1007e4f6f43f22e3df41d9fce4365533cba47fef64bb359b8e629abbc2ea6?s=96&d=mm&r=g","caption":"syncreadwrite"},"url":"https:\/\/www.sts-education.com\/fi\/author\/syncreadwrite\/"}]}},"_links":{"self":[{"href":"https:\/\/www.sts-education.com\/fi\/wp-json\/wp\/v2\/posts\/11558","targetHints":{"allow":["GET"]}}],"collection":[{"href":"https:\/\/www.sts-education.com\/fi\/wp-json\/wp\/v2\/posts"}],"about":[{"href":"https:\/\/www.sts-education.com\/fi\/wp-json\/wp\/v2\/types\/post"}],"author":[{"embeddable":true,"href":"https:\/\/www.sts-education.com\/fi\/wp-json\/wp\/v2\/users\/20"}],"replies":[{"embeddable":true,"href":"https:\/\/www.sts-education.com\/fi\/wp-json\/wp\/v2\/comments?post=11558"}],"version-history":[{"count":5,"href":"https:\/\/www.sts-education.com\/fi\/wp-json\/wp\/v2\/posts\/11558\/revisions"}],"predecessor-version":[{"id":43576,"href":"https:\/\/www.sts-education.com\/fi\/wp-json\/wp\/v2\/posts\/11558\/revisions\/43576"}],"wp:featuredmedia":[{"embeddable":true,"href":"https:\/\/www.sts-education.com\/fi\/wp-json\/wp\/v2\/media\/13370"}],"wp:attachment":[{"href":"https:\/\/www.sts-education.com\/fi\/wp-json\/wp\/v2\/media?parent=11558"}],"wp:term":[{"taxonomy":"category","embeddable":true,"href":"https:\/\/www.sts-education.com\/fi\/wp-json\/wp\/v2\/categories?post=11558"},{"taxonomy":"post_tag","embeddable":true,"href":"https:\/\/www.sts-education.com\/fi\/wp-json\/wp\/v2\/tags?post=11558"},{"taxonomy":"wpw_post_folders","embeddable":true,"href":"https:\/\/www.sts-education.com\/fi\/wp-json\/wp\/v2\/wpw_post_folders?post=11558"}],"curies":[{"name":"wp","href":"https:\/\/api.w.org\/{rel}","templated":true}]}}