{"id":11565,"date":"2024-05-13T09:00:00","date_gmt":"2024-05-13T09:00:00","guid":{"rendered":"https:\/\/preprod.sts-education.com\/blog\/2026\/03\/05\/petra-vietti-vaihtovuoden-yhdysvalloissa\/"},"modified":"2026-04-14T10:13:20","modified_gmt":"2026-04-14T10:13:20","slug":"petra-vietti-vaihtovuoden-yhdysvalloissa","status":"publish","type":"post","link":"https:\/\/www.sts-education.com\/fi\/vaihto-oppilas\/vaihto-oppilaamme\/oppilaskertomukset\/petra-vietti-vaihtovuoden-yhdysvalloissa\/","title":{"rendered":"Petra Vietti Vaihtovuoden Yhdysvalloissa"},"content":{"rendered":"\n<div class=\"wp-block-sts-text sts-text-editor has-max-width-md\"><div class=\"sts-text-editor__content\"><div class=\"sts-text-editor__content-inner\">\n<h1 style=\"text-align:center\">Petra vietti vaihtovuoden Yhdysvalloissa<\/h1>\n<\/div><\/div><\/div>\n\n\n\n<div class=\"wp-block-sts-text sts-text-editor has-max-width-md\"><div class=\"sts-text-editor__content\"><div class=\"sts-text-editor__content-inner\">\n<p><em>Petra, 41, on entinen STS:n vaihto-oppilas Alankomaista.<\/em><\/p>\n<p>T\u00e4ss\u00e4 h\u00e4n kertoo oman tarinansa vaihdosta:<\/p>\n<p>Kun olin 17-vuotias, vietin lukuvuoden 2000\u20132001 lukiovaihdossa North Fond du Lacin pikkukaupungissa Wisconsinissa, Yhdysvalloissa. Kun olin k\u00e4ynyt lukion loppuun Alankomaissa, en ollut varma, mihin yliopistoon halusin menn\u00e4. Sitten sain messuilla tiet\u00e4\u00e4 STS:st\u00e4. Hain ja p\u00e4\u00e4sin lopulta lukiovuodeksi Yhdysvaltoihin.<\/p>\n<p>Meit\u00e4 oli noin 20 oppilaan ryhm\u00e4, joka l\u00e4hti Amsterdamista 18.8.2000 Yhdysvaltoihin. Matkan loppupuolen Chicagosta Milwaukeehen olin yksin. Kun saavuin m\u00e4\u00e4r\u00e4np\u00e4\u00e4h\u00e4ni, is\u00e4nt\u00e4perheeni toivotti minut tervetulleeksi portilla Alankomaiden lipun ja kyltin kanssa, jossa luki \u201dTervetuloa Petra\u201d. Se tuntui mukavalta.<\/p>\n<p>Upeaan is\u00e4nt\u00e4perheeseeni kuuluivat \u00e4iti ja is\u00e4 sek\u00e4 kaksi sisarusta: 21-vuotias veli ja itseni ik\u00e4inen sisko. Tulimme heti alusta asti hyvin toimeen kesken\u00e4mme. He ottivat minut mukaan perhejuhliin, illallisille, ostoskeskuksiin, elokuviin ja syntym\u00e4p\u00e4iv\u00e4juhliin.<\/p>\n<p>My\u00f6s koulussa tulin toimeen useimpien, joskaan en kaikkien oppilaiden kanssa. He halusivat tutustua minuun, ja min\u00e4 olin kiinnostunut heist\u00e4. Vietin paljon aikaa siskoni ja h\u00e4nen yst\u00e4viens\u00e4 kanssa, ja pelasin syksyll\u00e4 lentopalloa ja kev\u00e4\u00e4ll\u00e4 jalkapalloa.<\/p>\n<p>Paikallinen koordinaattorini Calla oli aina k\u00e4ytett\u00e4viss\u00e4, jos joku vaihto-oppilaista tarvitsi h\u00e4nt\u00e4, ja h\u00e4n yritti aina l\u00f6yt\u00e4\u00e4 parhaat ratkaisut mahdollisiin ongelmiin. N\u00e4in h\u00e4nt\u00e4 vain hyviss\u00e4 merkeiss\u00e4 ja minulla oli hauskaa h\u00e4nen kanssaan. Calla my\u00f6s vei meid\u00e4t ulkomaalaiset vaihto-oppilaat hauskoille reissuille ja opetti meille paljon Yhdysvaltojen kulttuurista.<\/p>\n<p>Nautin jokaisesta hetkest\u00e4 Yhdysvalloissa vuoden aikana, joten kun l\u00e4hd\u00f6n hetki koitti 15.6.2001, se tuntui vaikealta. Olin rakentanut el\u00e4m\u00e4\u00e4ni Wisconsinissa, ja minua suretti j\u00e4tt\u00e4\u00e4 kaikki taakseni, koska en tiennyt, n\u00e4kisink\u00f6 heit\u00e4 en\u00e4\u00e4 koskaan.<\/p>\n<p>Mutta is\u00e4nt\u00e4perheeni sisko tuli k\u00e4ym\u00e4\u00e4n luonani samana kes\u00e4n\u00e4, ja k\u00e4vin heid\u00e4n luonaan kes\u00e4ll\u00e4 2002. Viel\u00e4 nytkin, yli 20 vuotta my\u00f6hemmin, pid\u00e4mme yhteytt\u00e4, ja olen k\u00e4ynyt heid\u00e4n luonaan monta kertaa lukiotapaamisissa (2006, 2011, 2016) ja is\u00e4nt\u00e4perheeni siskon h\u00e4iss\u00e4 vuonna 2008. Is\u00e4nt\u00e4perheeni vanhemmat k\u00e4viv\u00e4t luonani Alankomaissa vuonna 2006, ja siskoni ja h\u00e4nen miehens\u00e4 k\u00e4viv\u00e4t t\u00e4\u00e4ll\u00e4 uudelleen vuonna 2019. Lis\u00e4ksi muutama lukioaikainen kaverini k\u00e4vi luonani, ja olen esitellyt heille Alankomaita, mik\u00e4 on ollut mahtavaa.<\/p>\n<p>Vaihtoni j\u00e4lkeen minusta tuntui, ett\u00e4 olin oppinut tuntemaan itseni paremmin ihmisen\u00e4 ja ett\u00e4 olin valmis ottamaan maailman vastaan. Olen jatkanut matkustamista, ja opiskeluaikana olin ty\u00f6harjoittelussa Espanjassa. Parantuneen englannin taidon ansiosta sain l\u00e4heisi\u00e4 yst\u00e4vi\u00e4 my\u00f6s Englannissa, Unkarissa ja Espanjassa.<\/p>\n<p>Lukiovaihtoni oli el\u00e4mys, jota vaalin edelleen joka p\u00e4iv\u00e4. Yhdysvalloissa ollessani pidin p\u00e4iv\u00e4kirjaa, jota joskus viel\u00e4kin lueskelen naureskellen kaikille seikkailuilleni. Hullua ajatella, ett\u00e4 siit\u00e4 on niin kauan; tuntuu kuin se olisi ollut eilen. Koko kokemus opetti minulle paljon, sain toisen perheen ja yst\u00e4vyyssuhteita loppuel\u00e4m\u00e4kseni, ja koin seikkailun, jota en unohda koskaan. Vaihtokokemus on hy\u00f6dytt\u00e4nyt minua siit\u00e4 l\u00e4htien!<\/p>\n<p>Jos sinulla on mahdollisuus l\u00e4hte\u00e4 vaihtoon, tartu siihen!<\/p>\n<h2>Lue lis\u00e4\u00e4<\/h2>\n<ul><li>Lue lis\u00e4\u00e4 <a href=\"https:\/\/www.sts-education.com\/fi\/vaihto-oppilas\/vaihto-oppilaamme\/oppilaskertomukset\/?hashtag=USA\">opiskelijoiden tarinoita Yhdysvalloista<\/a><\/li>\n<li>Lue lis\u00e4\u00e4 <a href=\"https:\/\/www.sts-education.com\/fi\/vaihto-oppilas\/kohdemaat\/pohjois-amerikka\/usa\/\">lukiovaihdosta USA:ssa<\/a><\/li>\n<li>Katso <a href=\"\/fi\/vaihto-oppilas\/tripfinder\/\">kaikki lukiovaihtokohteemm<\/a><\/li><\/ul>\n<\/div><\/div><\/div>\n","protected":false},"excerpt":{"rendered":"","protected":false},"author":20,"featured_media":13384,"comment_status":"open","ping_status":"open","sticky":false,"template":"","format":"standard","meta":{"_acf_changed":false,"_yoast_wpseo_title":"Petra vietti vaihtovuoden Yhdysvalloissa","_yoast_wpseo_metadesc":"Kun olin 17-vuotias, vietin lukuvuoden 2000\u20132001 lukiovaihdossa North Fond du Lacin pikkukaupungissa Wisconsinissa, Yhdysvalloissa.","footnotes":""},"categories":[306],"tags":[934],"wpw_post_folders":[],"class_list":["post-11565","post","type-post","status-publish","format-standard","has-post-thumbnail","hentry","category-uncategorized-fi","tag-usa"],"acf":[],"yoast_head":"<!-- This site is optimized with the Yoast SEO Premium plugin v27.2 (Yoast SEO v27.2) - https:\/\/yoast.com\/product\/yoast-seo-premium-wordpress\/ -->\n<title>Petra vietti vaihtovuoden Yhdysvalloissa<\/title>\n<meta name=\"description\" content=\"Kun olin 17-vuotias, vietin lukuvuoden 2000\u20132001 lukiovaihdossa North Fond du Lacin pikkukaupungissa Wisconsinissa, Yhdysvalloissa.\" \/>\n<meta name=\"robots\" content=\"index, follow, max-snippet:-1, max-image-preview:large, max-video-preview:-1\" \/>\n<link rel=\"canonical\" href=\"https:\/\/www.sts-education.com\/fi\/vaihto-oppilas\/vaihto-oppilaamme\/oppilaskertomukset\/petra-vietti-vaihtovuoden-yhdysvalloissa\/\" \/>\n<meta property=\"og:locale\" content=\"fi_FI\" \/>\n<meta property=\"og:type\" content=\"article\" \/>\n<meta property=\"og:title\" content=\"Petra Vietti Vaihtovuoden Yhdysvalloissa\" \/>\n<meta property=\"og:description\" content=\"Kun olin 17-vuotias, vietin lukuvuoden 2000\u20132001 lukiovaihdossa North Fond du Lacin pikkukaupungissa Wisconsinissa, Yhdysvalloissa.\" \/>\n<meta property=\"og:url\" content=\"https:\/\/www.sts-education.com\/fi\/vaihto-oppilas\/vaihto-oppilaamme\/oppilaskertomukset\/petra-vietti-vaihtovuoden-yhdysvalloissa\/\" \/>\n<meta property=\"og:site_name\" content=\"STS Education\" \/>\n<meta property=\"article:published_time\" content=\"2024-05-13T09:00:00+00:00\" \/>\n<meta property=\"article:modified_time\" content=\"2026-04-14T10:13:20+00:00\" \/>\n<meta property=\"og:image\" content=\"https:\/\/powered-by.qbank.se\/educatius\/sts\/\/d641a61027e21d4a41dc2e2e8f16d0b7_1-1-thumb.webp\" \/>\n\t<meta property=\"og:image:width\" content=\"150\" \/>\n\t<meta property=\"og:image:height\" content=\"150\" \/>\n\t<meta property=\"og:image:type\" content=\"image\/jpeg\" \/>\n<meta name=\"author\" content=\"syncreadwrite\" \/>\n<meta name=\"twitter:card\" content=\"summary_large_image\" \/>\n<meta name=\"twitter:label1\" content=\"Kirjoittanut\" \/>\n\t<meta name=\"twitter:data1\" content=\"syncreadwrite\" \/>\n\t<meta name=\"twitter:label2\" content=\"Arvioitu lukuaika\" \/>\n\t<meta name=\"twitter:data2\" content=\"2 minuuttia\" \/>\n<script type=\"application\/ld+json\" class=\"yoast-schema-graph\">{\"@context\":\"https:\/\/schema.org\",\"@graph\":[{\"@type\":\"Article\",\"@id\":\"https:\/\/www.sts-education.com\/fi\/vaihto-oppilas\/vaihto-oppilaamme\/oppilaskertomukset\/petra-vietti-vaihtovuoden-yhdysvalloissa\/#article\",\"isPartOf\":{\"@id\":\"https:\/\/www.sts-education.com\/fi\/vaihto-oppilas\/vaihto-oppilaamme\/oppilaskertomukset\/petra-vietti-vaihtovuoden-yhdysvalloissa\/\"},\"author\":{\"name\":\"syncreadwrite\",\"@id\":\"https:\/\/www.sts-education.com\/fi\/#\/schema\/person\/8b82f3a2e45f020b8f296d7a85d9a97c\"},\"headline\":\"Petra Vietti Vaihtovuoden Yhdysvalloissa\",\"datePublished\":\"2024-05-13T09:00:00+00:00\",\"dateModified\":\"2026-04-14T10:13:20+00:00\",\"mainEntityOfPage\":{\"@id\":\"https:\/\/www.sts-education.com\/fi\/vaihto-oppilas\/vaihto-oppilaamme\/oppilaskertomukset\/petra-vietti-vaihtovuoden-yhdysvalloissa\/\"},\"wordCount\":496,\"commentCount\":0,\"image\":{\"@id\":\"https:\/\/www.sts-education.com\/fi\/vaihto-oppilas\/vaihto-oppilaamme\/oppilaskertomukset\/petra-vietti-vaihtovuoden-yhdysvalloissa\/#primaryimage\"},\"thumbnailUrl\":\"https:\/\/powered-by.qbank.se\/educatius\/sts\/\/d641a61027e21d4a41dc2e2e8f16d0b7_1-1-thumb.webp\",\"keywords\":[\"USA\"],\"articleSection\":[\"Uncategorized @fi\"],\"inLanguage\":\"fi\",\"potentialAction\":[{\"@type\":\"CommentAction\",\"name\":\"Comment\",\"target\":[\"https:\/\/www.sts-education.com\/fi\/vaihto-oppilas\/vaihto-oppilaamme\/oppilaskertomukset\/petra-vietti-vaihtovuoden-yhdysvalloissa\/#respond\"]}]},{\"@type\":\"WebPage\",\"@id\":\"https:\/\/www.sts-education.com\/fi\/vaihto-oppilas\/vaihto-oppilaamme\/oppilaskertomukset\/petra-vietti-vaihtovuoden-yhdysvalloissa\/\",\"url\":\"https:\/\/www.sts-education.com\/fi\/vaihto-oppilas\/vaihto-oppilaamme\/oppilaskertomukset\/petra-vietti-vaihtovuoden-yhdysvalloissa\/\",\"name\":\"Petra vietti vaihtovuoden Yhdysvalloissa\",\"isPartOf\":{\"@id\":\"https:\/\/www.sts-education.com\/fi\/#website\"},\"primaryImageOfPage\":{\"@id\":\"https:\/\/www.sts-education.com\/fi\/vaihto-oppilas\/vaihto-oppilaamme\/oppilaskertomukset\/petra-vietti-vaihtovuoden-yhdysvalloissa\/#primaryimage\"},\"image\":{\"@id\":\"https:\/\/www.sts-education.com\/fi\/vaihto-oppilas\/vaihto-oppilaamme\/oppilaskertomukset\/petra-vietti-vaihtovuoden-yhdysvalloissa\/#primaryimage\"},\"thumbnailUrl\":\"https:\/\/powered-by.qbank.se\/educatius\/sts\/\/d641a61027e21d4a41dc2e2e8f16d0b7_1-1-thumb.webp\",\"datePublished\":\"2024-05-13T09:00:00+00:00\",\"dateModified\":\"2026-04-14T10:13:20+00:00\",\"author\":{\"@id\":\"https:\/\/www.sts-education.com\/fi\/#\/schema\/person\/8b82f3a2e45f020b8f296d7a85d9a97c\"},\"description\":\"Kun olin 17-vuotias, vietin lukuvuoden 2000\u20132001 lukiovaihdossa North Fond du Lacin pikkukaupungissa Wisconsinissa, Yhdysvalloissa.\",\"breadcrumb\":{\"@id\":\"https:\/\/www.sts-education.com\/fi\/vaihto-oppilas\/vaihto-oppilaamme\/oppilaskertomukset\/petra-vietti-vaihtovuoden-yhdysvalloissa\/#breadcrumb\"},\"inLanguage\":\"fi\",\"potentialAction\":[{\"@type\":\"ReadAction\",\"target\":[\"https:\/\/www.sts-education.com\/fi\/vaihto-oppilas\/vaihto-oppilaamme\/oppilaskertomukset\/petra-vietti-vaihtovuoden-yhdysvalloissa\/\"]}]},{\"@type\":\"ImageObject\",\"inLanguage\":\"fi\",\"@id\":\"https:\/\/www.sts-education.com\/fi\/vaihto-oppilas\/vaihto-oppilaamme\/oppilaskertomukset\/petra-vietti-vaihtovuoden-yhdysvalloissa\/#primaryimage\",\"url\":\"https:\/\/powered-by.qbank.se\/educatius\/sts\/\/d641a61027e21d4a41dc2e2e8f16d0b7_1-1-thumb.webp\",\"contentUrl\":\"https:\/\/powered-by.qbank.se\/educatius\/sts\/\/d641a61027e21d4a41dc2e2e8f16d0b7_1-1-thumb.webp\",\"width\":150,\"height\":150},{\"@type\":\"BreadcrumbList\",\"@id\":\"https:\/\/www.sts-education.com\/fi\/vaihto-oppilas\/vaihto-oppilaamme\/oppilaskertomukset\/petra-vietti-vaihtovuoden-yhdysvalloissa\/#breadcrumb\",\"itemListElement\":[{\"@type\":\"ListItem\",\"position\":1,\"name\":\"Home\",\"item\":\"https:\/\/www.sts-education.com\/fi\/\"},{\"@type\":\"ListItem\",\"position\":2,\"name\":\"Petra Vietti Vaihtovuoden Yhdysvalloissa\"}]},{\"@type\":\"WebSite\",\"@id\":\"https:\/\/www.sts-education.com\/fi\/#website\",\"url\":\"https:\/\/www.sts-education.com\/fi\/\",\"name\":\"STS Education\",\"description\":\"\",\"potentialAction\":[{\"@type\":\"SearchAction\",\"target\":{\"@type\":\"EntryPoint\",\"urlTemplate\":\"https:\/\/www.sts-education.com\/fi\/?s={search_term_string}\"},\"query-input\":{\"@type\":\"PropertyValueSpecification\",\"valueRequired\":true,\"valueName\":\"search_term_string\"}}],\"inLanguage\":\"fi\"},{\"@type\":\"Person\",\"@id\":\"https:\/\/www.sts-education.com\/fi\/#\/schema\/person\/8b82f3a2e45f020b8f296d7a85d9a97c\",\"name\":\"syncreadwrite\",\"image\":{\"@type\":\"ImageObject\",\"inLanguage\":\"fi\",\"@id\":\"https:\/\/secure.gravatar.com\/avatar\/6ed1007e4f6f43f22e3df41d9fce4365533cba47fef64bb359b8e629abbc2ea6?s=96&d=mm&r=g\",\"url\":\"https:\/\/secure.gravatar.com\/avatar\/6ed1007e4f6f43f22e3df41d9fce4365533cba47fef64bb359b8e629abbc2ea6?s=96&d=mm&r=g\",\"contentUrl\":\"https:\/\/secure.gravatar.com\/avatar\/6ed1007e4f6f43f22e3df41d9fce4365533cba47fef64bb359b8e629abbc2ea6?s=96&d=mm&r=g\",\"caption\":\"syncreadwrite\"},\"url\":\"https:\/\/www.sts-education.com\/fi\/author\/syncreadwrite\/\"}]}<\/script>\n<!-- \/ Yoast SEO Premium plugin. -->","yoast_head_json":{"title":"Petra vietti vaihtovuoden Yhdysvalloissa","description":"Kun olin 17-vuotias, vietin lukuvuoden 2000\u20132001 lukiovaihdossa North Fond du Lacin pikkukaupungissa Wisconsinissa, Yhdysvalloissa.","robots":{"index":"index","follow":"follow","max-snippet":"max-snippet:-1","max-image-preview":"max-image-preview:large","max-video-preview":"max-video-preview:-1"},"canonical":"https:\/\/www.sts-education.com\/fi\/vaihto-oppilas\/vaihto-oppilaamme\/oppilaskertomukset\/petra-vietti-vaihtovuoden-yhdysvalloissa\/","og_locale":"fi_FI","og_type":"article","og_title":"Petra Vietti Vaihtovuoden Yhdysvalloissa","og_description":"Kun olin 17-vuotias, vietin lukuvuoden 2000\u20132001 lukiovaihdossa North Fond du Lacin pikkukaupungissa Wisconsinissa, Yhdysvalloissa.","og_url":"https:\/\/www.sts-education.com\/fi\/vaihto-oppilas\/vaihto-oppilaamme\/oppilaskertomukset\/petra-vietti-vaihtovuoden-yhdysvalloissa\/","og_site_name":"STS Education","article_published_time":"2024-05-13T09:00:00+00:00","article_modified_time":"2026-04-14T10:13:20+00:00","og_image":[{"width":150,"height":150,"url":"https:\/\/powered-by.qbank.se\/educatius\/sts\/\/d641a61027e21d4a41dc2e2e8f16d0b7_1-1-thumb.webp","type":"image\/jpeg"}],"author":"syncreadwrite","twitter_card":"summary_large_image","twitter_misc":{"Kirjoittanut":"syncreadwrite","Arvioitu lukuaika":"2 minuuttia"},"schema":{"@context":"https:\/\/schema.org","@graph":[{"@type":"Article","@id":"https:\/\/www.sts-education.com\/fi\/vaihto-oppilas\/vaihto-oppilaamme\/oppilaskertomukset\/petra-vietti-vaihtovuoden-yhdysvalloissa\/#article","isPartOf":{"@id":"https:\/\/www.sts-education.com\/fi\/vaihto-oppilas\/vaihto-oppilaamme\/oppilaskertomukset\/petra-vietti-vaihtovuoden-yhdysvalloissa\/"},"author":{"name":"syncreadwrite","@id":"https:\/\/www.sts-education.com\/fi\/#\/schema\/person\/8b82f3a2e45f020b8f296d7a85d9a97c"},"headline":"Petra Vietti Vaihtovuoden Yhdysvalloissa","datePublished":"2024-05-13T09:00:00+00:00","dateModified":"2026-04-14T10:13:20+00:00","mainEntityOfPage":{"@id":"https:\/\/www.sts-education.com\/fi\/vaihto-oppilas\/vaihto-oppilaamme\/oppilaskertomukset\/petra-vietti-vaihtovuoden-yhdysvalloissa\/"},"wordCount":496,"commentCount":0,"image":{"@id":"https:\/\/www.sts-education.com\/fi\/vaihto-oppilas\/vaihto-oppilaamme\/oppilaskertomukset\/petra-vietti-vaihtovuoden-yhdysvalloissa\/#primaryimage"},"thumbnailUrl":"https:\/\/powered-by.qbank.se\/educatius\/sts\/\/d641a61027e21d4a41dc2e2e8f16d0b7_1-1-thumb.webp","keywords":["USA"],"articleSection":["Uncategorized @fi"],"inLanguage":"fi","potentialAction":[{"@type":"CommentAction","name":"Comment","target":["https:\/\/www.sts-education.com\/fi\/vaihto-oppilas\/vaihto-oppilaamme\/oppilaskertomukset\/petra-vietti-vaihtovuoden-yhdysvalloissa\/#respond"]}]},{"@type":"WebPage","@id":"https:\/\/www.sts-education.com\/fi\/vaihto-oppilas\/vaihto-oppilaamme\/oppilaskertomukset\/petra-vietti-vaihtovuoden-yhdysvalloissa\/","url":"https:\/\/www.sts-education.com\/fi\/vaihto-oppilas\/vaihto-oppilaamme\/oppilaskertomukset\/petra-vietti-vaihtovuoden-yhdysvalloissa\/","name":"Petra vietti vaihtovuoden Yhdysvalloissa","isPartOf":{"@id":"https:\/\/www.sts-education.com\/fi\/#website"},"primaryImageOfPage":{"@id":"https:\/\/www.sts-education.com\/fi\/vaihto-oppilas\/vaihto-oppilaamme\/oppilaskertomukset\/petra-vietti-vaihtovuoden-yhdysvalloissa\/#primaryimage"},"image":{"@id":"https:\/\/www.sts-education.com\/fi\/vaihto-oppilas\/vaihto-oppilaamme\/oppilaskertomukset\/petra-vietti-vaihtovuoden-yhdysvalloissa\/#primaryimage"},"thumbnailUrl":"https:\/\/powered-by.qbank.se\/educatius\/sts\/\/d641a61027e21d4a41dc2e2e8f16d0b7_1-1-thumb.webp","datePublished":"2024-05-13T09:00:00+00:00","dateModified":"2026-04-14T10:13:20+00:00","author":{"@id":"https:\/\/www.sts-education.com\/fi\/#\/schema\/person\/8b82f3a2e45f020b8f296d7a85d9a97c"},"description":"Kun olin 17-vuotias, vietin lukuvuoden 2000\u20132001 lukiovaihdossa North Fond du Lacin pikkukaupungissa Wisconsinissa, Yhdysvalloissa.","breadcrumb":{"@id":"https:\/\/www.sts-education.com\/fi\/vaihto-oppilas\/vaihto-oppilaamme\/oppilaskertomukset\/petra-vietti-vaihtovuoden-yhdysvalloissa\/#breadcrumb"},"inLanguage":"fi","potentialAction":[{"@type":"ReadAction","target":["https:\/\/www.sts-education.com\/fi\/vaihto-oppilas\/vaihto-oppilaamme\/oppilaskertomukset\/petra-vietti-vaihtovuoden-yhdysvalloissa\/"]}]},{"@type":"ImageObject","inLanguage":"fi","@id":"https:\/\/www.sts-education.com\/fi\/vaihto-oppilas\/vaihto-oppilaamme\/oppilaskertomukset\/petra-vietti-vaihtovuoden-yhdysvalloissa\/#primaryimage","url":"https:\/\/powered-by.qbank.se\/educatius\/sts\/\/d641a61027e21d4a41dc2e2e8f16d0b7_1-1-thumb.webp","contentUrl":"https:\/\/powered-by.qbank.se\/educatius\/sts\/\/d641a61027e21d4a41dc2e2e8f16d0b7_1-1-thumb.webp","width":150,"height":150},{"@type":"BreadcrumbList","@id":"https:\/\/www.sts-education.com\/fi\/vaihto-oppilas\/vaihto-oppilaamme\/oppilaskertomukset\/petra-vietti-vaihtovuoden-yhdysvalloissa\/#breadcrumb","itemListElement":[{"@type":"ListItem","position":1,"name":"Home","item":"https:\/\/www.sts-education.com\/fi\/"},{"@type":"ListItem","position":2,"name":"Petra Vietti Vaihtovuoden Yhdysvalloissa"}]},{"@type":"WebSite","@id":"https:\/\/www.sts-education.com\/fi\/#website","url":"https:\/\/www.sts-education.com\/fi\/","name":"STS Education","description":"","potentialAction":[{"@type":"SearchAction","target":{"@type":"EntryPoint","urlTemplate":"https:\/\/www.sts-education.com\/fi\/?s={search_term_string}"},"query-input":{"@type":"PropertyValueSpecification","valueRequired":true,"valueName":"search_term_string"}}],"inLanguage":"fi"},{"@type":"Person","@id":"https:\/\/www.sts-education.com\/fi\/#\/schema\/person\/8b82f3a2e45f020b8f296d7a85d9a97c","name":"syncreadwrite","image":{"@type":"ImageObject","inLanguage":"fi","@id":"https:\/\/secure.gravatar.com\/avatar\/6ed1007e4f6f43f22e3df41d9fce4365533cba47fef64bb359b8e629abbc2ea6?s=96&d=mm&r=g","url":"https:\/\/secure.gravatar.com\/avatar\/6ed1007e4f6f43f22e3df41d9fce4365533cba47fef64bb359b8e629abbc2ea6?s=96&d=mm&r=g","contentUrl":"https:\/\/secure.gravatar.com\/avatar\/6ed1007e4f6f43f22e3df41d9fce4365533cba47fef64bb359b8e629abbc2ea6?s=96&d=mm&r=g","caption":"syncreadwrite"},"url":"https:\/\/www.sts-education.com\/fi\/author\/syncreadwrite\/"}]}},"_links":{"self":[{"href":"https:\/\/www.sts-education.com\/fi\/wp-json\/wp\/v2\/posts\/11565","targetHints":{"allow":["GET"]}}],"collection":[{"href":"https:\/\/www.sts-education.com\/fi\/wp-json\/wp\/v2\/posts"}],"about":[{"href":"https:\/\/www.sts-education.com\/fi\/wp-json\/wp\/v2\/types\/post"}],"author":[{"embeddable":true,"href":"https:\/\/www.sts-education.com\/fi\/wp-json\/wp\/v2\/users\/20"}],"replies":[{"embeddable":true,"href":"https:\/\/www.sts-education.com\/fi\/wp-json\/wp\/v2\/comments?post=11565"}],"version-history":[{"count":4,"href":"https:\/\/www.sts-education.com\/fi\/wp-json\/wp\/v2\/posts\/11565\/revisions"}],"predecessor-version":[{"id":33994,"href":"https:\/\/www.sts-education.com\/fi\/wp-json\/wp\/v2\/posts\/11565\/revisions\/33994"}],"wp:featuredmedia":[{"embeddable":true,"href":"https:\/\/www.sts-education.com\/fi\/wp-json\/wp\/v2\/media\/13384"}],"wp:attachment":[{"href":"https:\/\/www.sts-education.com\/fi\/wp-json\/wp\/v2\/media?parent=11565"}],"wp:term":[{"taxonomy":"category","embeddable":true,"href":"https:\/\/www.sts-education.com\/fi\/wp-json\/wp\/v2\/categories?post=11565"},{"taxonomy":"post_tag","embeddable":true,"href":"https:\/\/www.sts-education.com\/fi\/wp-json\/wp\/v2\/tags?post=11565"},{"taxonomy":"wpw_post_folders","embeddable":true,"href":"https:\/\/www.sts-education.com\/fi\/wp-json\/wp\/v2\/wpw_post_folders?post=11565"}],"curies":[{"name":"wp","href":"https:\/\/api.w.org\/{rel}","templated":true}]}}