{"id":11571,"date":"2024-03-05T09:00:00","date_gmt":"2024-03-05T07:00:00","guid":{"rendered":"https:\/\/preprod.sts-education.com\/blog\/2026\/03\/05\/valentina-lahti-vaihtoon-tanskaan\/"},"modified":"2026-04-29T10:11:41","modified_gmt":"2026-04-29T08:11:41","slug":"valentina-lahti-vaihtoon-tanskaan","status":"publish","type":"post","link":"https:\/\/www.sts-education.com\/fi\/vaihto-oppilas\/vaihto-oppilaamme\/oppilaskertomukset\/valentina-lahti-vaihtoon-tanskaan\/","title":{"rendered":"Valentina Lahti Vaihtoon Tanskaan"},"content":{"rendered":"\n<div class=\"wp-block-sts-text sts-text-editor has-max-width-md\"><div class=\"sts-text-editor__content\"><div class=\"sts-text-editor__content-inner\">\n<h1 style=\"text-align:center\">Valentina l\u00e4hti vaihtoon Tanskaan<\/h1>\n<\/div><\/div><\/div>\n\n\n\n<figure class=\"wp-block-sts-image sts-block-image sts-block-image--count-1 has-max-width-lg\" data-count=\"1\"><div class=\"sts-block-image__grid\"><div class=\"sts-block-image__item\"><picture class=\"sts-responsive-image has-fit-cover has-pos-top is-skeleton\"><source media=\"(max-width: 834.98px)\" srcset=\"https:\/\/powered-by.qbank.se\/educatius\/sts\/10ec77fb512899574dd4287ae81171ca_1-1-thumb.webp 150w, https:\/\/powered-by.qbank.se\/educatius\/sts\/10ec77fb512899574dd4287ae81171ca_1-1-xsmall.webp 500w, https:\/\/powered-by.qbank.se\/educatius\/sts\/10ec77fb512899574dd4287ae81171ca_1-1-small.webp 800w, https:\/\/powered-by.qbank.se\/educatius\/sts\/10ec77fb512899574dd4287ae81171ca_1-1-medium.webp 1024w, https:\/\/powered-by.qbank.se\/educatius\/sts\/10ec77fb512899574dd4287ae81171ca_1-1-large.webp 1536w\" sizes=\"(max-width: 768px) 100vw, (max-width: 1200px) 100vw, 1200px\" type=\"image\/webp\"\/><source media=\"(min-width: 835px)\" srcset=\"https:\/\/powered-by.qbank.se\/educatius\/sts\/10ec77fb512899574dd4287ae81171ca_16-9-small.webp 800w, https:\/\/powered-by.qbank.se\/educatius\/sts\/10ec77fb512899574dd4287ae81171ca_16-9-medium.webp 1024w, https:\/\/powered-by.qbank.se\/educatius\/sts\/10ec77fb512899574dd4287ae81171ca_16-9-large.webp 1536w\" sizes=\"(max-width: 768px) 100vw, (max-width: 1200px) 100vw, 1200px\" type=\"image\/webp\"\/><img src=\"https:\/\/powered-by.qbank.se\/educatius\/sts\/10ec77fb512899574dd4287ae81171ca_1-1-thumb.webp\" alt=\"Valentina l\u00e4hti vaihtoon Tanskaan\" loading=\"lazy\" decoding=\"async\" fetchpriority=\"low\" style=\"object-position:top\"\/><\/picture><\/div><\/div><\/figure>\n\n\n\n<div class=\"wp-block-sts-text sts-text-editor has-max-width-md\"><div class=\"sts-text-editor__content\"><div class=\"sts-text-editor__content-inner\">\n<p><em>Sveitsil\u00e4inen Valentina vietti vaihtonsa Tanskassa.<\/em><\/p>\n<\/div><\/div><\/div>\n\n\n\n<div class=\"wp-block-sts-text sts-text-editor has-max-width-md\"><div class=\"sts-text-editor__content\"><div class=\"sts-text-editor__content-inner\">\n<h2>Miten kaikki alkoi<\/h2>\n<p>Huhtikuussa 2018 l\u00e4hdimme \u00e4itini kanssa p\u00e4\u00e4si\u00e4islomamatkalle K\u00f6\u00f6penhaminaan. Rakastuin maahan, ja viimeisen\u00e4 lomap\u00e4iv\u00e4n\u00e4 ker\u00e4sin vihdoin rohkeuteni kysy\u00e4 \u00e4idilt\u00e4ni suuren kysymyksen:<\/p>\n<p>&quot;\u00c4iti&#8230; mit\u00e4 jos l\u00e4htisin vaihto-opiskelijaksi?&quot;.<\/p>\n<p>H\u00e4n ei reagoinut lainkaan, ja minusta se tuntui ikuisuudelta, mutta todellisuudessa se kesti vain minuutin, ja sitten h\u00e4n katsoi minua ja vastasi omalla kysymyksell\u00e4\u00e4n:<\/p>\n<p>&quot;Miss\u00e4?&quot;<\/p>\n<p>&quot;T\u00e4\u00e4ll\u00e4?&quot;<\/p>\n<h2>Miten se meni<\/h2>\n<p>Ja niin se tapahtui. Kahdeksan kuukautta my\u00f6hemmin istuin lennolla Tanskaan, matkalla is\u00e4nt\u00e4perheeni luokse. Sen sijaan, ett\u00e4 olisin p\u00e4\u00e4tynyt K\u00f6\u00f6penhaminaan, l\u00f6ysin itseni pienest\u00e4 kyl\u00e4st\u00e4, jossa asui vain 500 ihmist\u00e4. Yll\u00e4tt\u00e4en pidinkin siit\u00e4 lopulta enemm\u00e4n. Sen vuoksi minusta tuli todella l\u00e4heinen is\u00e4nt\u00e4perheeni kanssa. Harrastin jopa tanssia host\u00e4idin kanssa joka maanantai ja hain toisinaan uusia sisaruksiani kotiin koulusta ja p\u00e4iv\u00e4kodista. Se oli ehdottomasti ainutlaatuinen kokemus, varsinkin kun olen itse perheeni ainoa lapsi. Nuorempien sisarusten l\u00e4sn\u00e4olo oli minulle aivan uusi maailma, mutta nautin siit\u00e4. Yhteys, jonka muodostin is\u00e4nt\u00e4perheeseeni, oli erityinen, ja k\u00e4yn heid\u00e4n luonaan joka vuosi.<\/p>\n<h2>Vaihto muutti el\u00e4m\u00e4ni, ja oli alku jollekin uudelle<\/h2>\n<p>Kelataan eteenp\u00e4in viisi vuotta, ja vaihtokokemus muutti el\u00e4m\u00e4ni. Se oli alku jollekin uudelle. Sanon aina, etten muuttunut kovinkaan paljon vaihdon aikana, vaan enemm\u00e4nkin vaihdon j\u00e4lkeisen\u00e4 aikana. Vaihdoin koulua ja aloin panostaa yh\u00e4 enemm\u00e4n ja enemm\u00e4n lapsuudenhaaveeni toteuttamiseen \u2013 maailmanmatkailuun.<\/p>\n<p>Se kannatti. Talvella 2022 l\u00e4hdin kuudeksi kuukaudeksi Kaakkois-Aasiaan, ja juuri nyt istun kahvilassa Rio de Janeirossa, kaksi kuukautta siit\u00e4 kun aloitin t\u00e4m\u00e4n uuden seikkailuni.<\/p>\n<p>Vaihtoaikani ei ollut pelk\u00e4st\u00e4\u00e4n hetki el\u00e4m\u00e4ss\u00e4ni, vaan se loi pohjan kokonaan uudelle luvulle, joka on t\u00e4ynn\u00e4 tutkimusmatkoja ja itsens\u00e4 l\u00f6yt\u00e4mist\u00e4.<\/p>\n<p><strong>Kiitos, STS!<\/strong><\/p>\n<h2>Lue lis\u00e4\u00e4<\/h2>\n<ul><li>Lue lis\u00e4\u00e4 <a href=\"https:\/\/www.sts-education.com\/fi\/vaihto-oppilas\/vaihto-oppilaamme\/oppilaskertomukset\/?hashtag=Tanska\">opiskelijoiden tarinoita Tanskasta<\/a><\/li>\n<li>Lue lis\u00e4\u00e4 <a href=\"https:\/\/www.sts-education.com\/fi\/vaihto-oppilas\/kohdemaat\/eurooppa\/tanska\/\">lukiovaihdosta Tanskassa<\/a><\/li>\n<li>Katso <a href=\"\/fi\/vaihto-oppilas\/tripfinder\/\">kaikki lukiovaihtokohteemm<\/a><\/li><\/ul>\n<\/div><\/div><\/div>\n","protected":false},"excerpt":{"rendered":"","protected":false},"author":20,"featured_media":13396,"comment_status":"open","ping_status":"open","sticky":false,"template":"","format":"standard","meta":{"_acf_changed":false,"_yoast_wpseo_title":"Valentina l\u00e4hti vaihtoon Tanskaan","_yoast_wpseo_metadesc":"Huhtikuussa 2018 l\u00e4hdimme \u00e4itini kanssa K\u00f6\u00f6penhaminaan. Viimeisen\u00e4 lomap\u00e4iv\u00e4n\u00e4 ker\u00e4sin vihdoin rohkeuteni kysy\u00e4 \u00e4idilt\u00e4ni suuren kysymyksen: \"\u00c4iti... mit\u00e4 jos l\u00e4htisin vaihto-opiskelijaksi?\".","footnotes":""},"categories":[306],"tags":[922],"wpw_post_folders":[],"class_list":["post-11571","post","type-post","status-publish","format-standard","has-post-thumbnail","hentry","category-uncategorized-fi","tag-tanska"],"acf":[],"yoast_head":"<!-- This site is optimized with the Yoast SEO Premium plugin v27.2 (Yoast SEO v27.2) - https:\/\/yoast.com\/product\/yoast-seo-premium-wordpress\/ -->\n<title>Valentina l\u00e4hti vaihtoon Tanskaan<\/title>\n<meta name=\"description\" content=\"Huhtikuussa 2018 l\u00e4hdimme \u00e4itini kanssa K\u00f6\u00f6penhaminaan. Viimeisen\u00e4 lomap\u00e4iv\u00e4n\u00e4 ker\u00e4sin vihdoin rohkeuteni kysy\u00e4 \u00e4idilt\u00e4ni suuren kysymyksen: &quot;\u00c4iti... mit\u00e4 jos l\u00e4htisin vaihto-opiskelijaksi?&quot;.\" \/>\n<meta name=\"robots\" content=\"index, follow, max-snippet:-1, max-image-preview:large, max-video-preview:-1\" \/>\n<link rel=\"canonical\" href=\"https:\/\/www.sts-education.com\/fi\/vaihto-oppilas\/vaihto-oppilaamme\/oppilaskertomukset\/valentina-lahti-vaihtoon-tanskaan\/\" \/>\n<meta property=\"og:locale\" content=\"fi_FI\" \/>\n<meta property=\"og:type\" content=\"article\" \/>\n<meta property=\"og:title\" content=\"Valentina Lahti Vaihtoon Tanskaan\" \/>\n<meta property=\"og:description\" content=\"Huhtikuussa 2018 l\u00e4hdimme \u00e4itini kanssa K\u00f6\u00f6penhaminaan. Viimeisen\u00e4 lomap\u00e4iv\u00e4n\u00e4 ker\u00e4sin vihdoin rohkeuteni kysy\u00e4 \u00e4idilt\u00e4ni suuren kysymyksen: &quot;\u00c4iti... mit\u00e4 jos l\u00e4htisin vaihto-opiskelijaksi?&quot;.\" \/>\n<meta property=\"og:url\" content=\"https:\/\/www.sts-education.com\/fi\/vaihto-oppilas\/vaihto-oppilaamme\/oppilaskertomukset\/valentina-lahti-vaihtoon-tanskaan\/\" \/>\n<meta property=\"og:site_name\" content=\"STS Education\" \/>\n<meta property=\"article:published_time\" content=\"2024-03-05T07:00:00+00:00\" \/>\n<meta property=\"article:modified_time\" content=\"2026-04-29T08:11:41+00:00\" \/>\n<meta property=\"og:image\" content=\"https:\/\/powered-by.qbank.se\/educatius\/sts\/\/10ec77fb512899574dd4287ae81171ca_1-1-thumb.webp\" \/>\n\t<meta property=\"og:image:width\" content=\"150\" \/>\n\t<meta property=\"og:image:height\" content=\"150\" \/>\n\t<meta property=\"og:image:type\" content=\"image\/jpeg\" \/>\n<meta name=\"author\" content=\"syncreadwrite\" \/>\n<meta name=\"twitter:card\" content=\"summary_large_image\" \/>\n<meta name=\"twitter:label1\" content=\"Kirjoittanut\" \/>\n\t<meta name=\"twitter:data1\" content=\"syncreadwrite\" \/>\n\t<meta name=\"twitter:label2\" content=\"Arvioitu lukuaika\" \/>\n\t<meta name=\"twitter:data2\" content=\"2 minuuttia\" \/>\n<script type=\"application\/ld+json\" class=\"yoast-schema-graph\">{\"@context\":\"https:\/\/schema.org\",\"@graph\":[{\"@type\":\"Article\",\"@id\":\"https:\/\/www.sts-education.com\/fi\/vaihto-oppilas\/vaihto-oppilaamme\/oppilaskertomukset\/valentina-lahti-vaihtoon-tanskaan\/#article\",\"isPartOf\":{\"@id\":\"https:\/\/www.sts-education.com\/fi\/vaihto-oppilas\/vaihto-oppilaamme\/oppilaskertomukset\/valentina-lahti-vaihtoon-tanskaan\/\"},\"author\":{\"name\":\"syncreadwrite\",\"@id\":\"https:\/\/www.sts-education.com\/fi\/#\/schema\/person\/8b82f3a2e45f020b8f296d7a85d9a97c\"},\"headline\":\"Valentina Lahti Vaihtoon Tanskaan\",\"datePublished\":\"2024-03-05T07:00:00+00:00\",\"dateModified\":\"2026-04-29T08:11:41+00:00\",\"mainEntityOfPage\":{\"@id\":\"https:\/\/www.sts-education.com\/fi\/vaihto-oppilas\/vaihto-oppilaamme\/oppilaskertomukset\/valentina-lahti-vaihtoon-tanskaan\/\"},\"wordCount\":327,\"commentCount\":0,\"image\":{\"@id\":\"https:\/\/www.sts-education.com\/fi\/vaihto-oppilas\/vaihto-oppilaamme\/oppilaskertomukset\/valentina-lahti-vaihtoon-tanskaan\/#primaryimage\"},\"thumbnailUrl\":\"https:\/\/powered-by.qbank.se\/educatius\/sts\/\/10ec77fb512899574dd4287ae81171ca_1-1-thumb.webp\",\"keywords\":[\"Tanska\"],\"articleSection\":[\"Uncategorized @fi\"],\"inLanguage\":\"fi\",\"potentialAction\":[{\"@type\":\"CommentAction\",\"name\":\"Comment\",\"target\":[\"https:\/\/www.sts-education.com\/fi\/vaihto-oppilas\/vaihto-oppilaamme\/oppilaskertomukset\/valentina-lahti-vaihtoon-tanskaan\/#respond\"]}]},{\"@type\":\"WebPage\",\"@id\":\"https:\/\/www.sts-education.com\/fi\/vaihto-oppilas\/vaihto-oppilaamme\/oppilaskertomukset\/valentina-lahti-vaihtoon-tanskaan\/\",\"url\":\"https:\/\/www.sts-education.com\/fi\/vaihto-oppilas\/vaihto-oppilaamme\/oppilaskertomukset\/valentina-lahti-vaihtoon-tanskaan\/\",\"name\":\"Valentina l\u00e4hti vaihtoon Tanskaan\",\"isPartOf\":{\"@id\":\"https:\/\/www.sts-education.com\/fi\/#website\"},\"primaryImageOfPage\":{\"@id\":\"https:\/\/www.sts-education.com\/fi\/vaihto-oppilas\/vaihto-oppilaamme\/oppilaskertomukset\/valentina-lahti-vaihtoon-tanskaan\/#primaryimage\"},\"image\":{\"@id\":\"https:\/\/www.sts-education.com\/fi\/vaihto-oppilas\/vaihto-oppilaamme\/oppilaskertomukset\/valentina-lahti-vaihtoon-tanskaan\/#primaryimage\"},\"thumbnailUrl\":\"https:\/\/powered-by.qbank.se\/educatius\/sts\/\/10ec77fb512899574dd4287ae81171ca_1-1-thumb.webp\",\"datePublished\":\"2024-03-05T07:00:00+00:00\",\"dateModified\":\"2026-04-29T08:11:41+00:00\",\"author\":{\"@id\":\"https:\/\/www.sts-education.com\/fi\/#\/schema\/person\/8b82f3a2e45f020b8f296d7a85d9a97c\"},\"description\":\"Huhtikuussa 2018 l\u00e4hdimme \u00e4itini kanssa K\u00f6\u00f6penhaminaan. Viimeisen\u00e4 lomap\u00e4iv\u00e4n\u00e4 ker\u00e4sin vihdoin rohkeuteni kysy\u00e4 \u00e4idilt\u00e4ni suuren kysymyksen: \\\"\u00c4iti... mit\u00e4 jos l\u00e4htisin vaihto-opiskelijaksi?\\\".\",\"breadcrumb\":{\"@id\":\"https:\/\/www.sts-education.com\/fi\/vaihto-oppilas\/vaihto-oppilaamme\/oppilaskertomukset\/valentina-lahti-vaihtoon-tanskaan\/#breadcrumb\"},\"inLanguage\":\"fi\",\"potentialAction\":[{\"@type\":\"ReadAction\",\"target\":[\"https:\/\/www.sts-education.com\/fi\/vaihto-oppilas\/vaihto-oppilaamme\/oppilaskertomukset\/valentina-lahti-vaihtoon-tanskaan\/\"]}]},{\"@type\":\"ImageObject\",\"inLanguage\":\"fi\",\"@id\":\"https:\/\/www.sts-education.com\/fi\/vaihto-oppilas\/vaihto-oppilaamme\/oppilaskertomukset\/valentina-lahti-vaihtoon-tanskaan\/#primaryimage\",\"url\":\"https:\/\/powered-by.qbank.se\/educatius\/sts\/\/10ec77fb512899574dd4287ae81171ca_1-1-thumb.webp\",\"contentUrl\":\"https:\/\/powered-by.qbank.se\/educatius\/sts\/\/10ec77fb512899574dd4287ae81171ca_1-1-thumb.webp\",\"width\":150,\"height\":150},{\"@type\":\"BreadcrumbList\",\"@id\":\"https:\/\/www.sts-education.com\/fi\/vaihto-oppilas\/vaihto-oppilaamme\/oppilaskertomukset\/valentina-lahti-vaihtoon-tanskaan\/#breadcrumb\",\"itemListElement\":[{\"@type\":\"ListItem\",\"position\":1,\"name\":\"Home\",\"item\":\"https:\/\/www.sts-education.com\/fi\/\"},{\"@type\":\"ListItem\",\"position\":2,\"name\":\"Valentina Lahti Vaihtoon Tanskaan\"}]},{\"@type\":\"WebSite\",\"@id\":\"https:\/\/www.sts-education.com\/fi\/#website\",\"url\":\"https:\/\/www.sts-education.com\/fi\/\",\"name\":\"STS Education\",\"description\":\"\",\"potentialAction\":[{\"@type\":\"SearchAction\",\"target\":{\"@type\":\"EntryPoint\",\"urlTemplate\":\"https:\/\/www.sts-education.com\/fi\/?s={search_term_string}\"},\"query-input\":{\"@type\":\"PropertyValueSpecification\",\"valueRequired\":true,\"valueName\":\"search_term_string\"}}],\"inLanguage\":\"fi\"},{\"@type\":\"Person\",\"@id\":\"https:\/\/www.sts-education.com\/fi\/#\/schema\/person\/8b82f3a2e45f020b8f296d7a85d9a97c\",\"name\":\"syncreadwrite\",\"image\":{\"@type\":\"ImageObject\",\"inLanguage\":\"fi\",\"@id\":\"https:\/\/secure.gravatar.com\/avatar\/6ed1007e4f6f43f22e3df41d9fce4365533cba47fef64bb359b8e629abbc2ea6?s=96&d=mm&r=g\",\"url\":\"https:\/\/secure.gravatar.com\/avatar\/6ed1007e4f6f43f22e3df41d9fce4365533cba47fef64bb359b8e629abbc2ea6?s=96&d=mm&r=g\",\"contentUrl\":\"https:\/\/secure.gravatar.com\/avatar\/6ed1007e4f6f43f22e3df41d9fce4365533cba47fef64bb359b8e629abbc2ea6?s=96&d=mm&r=g\",\"caption\":\"syncreadwrite\"},\"url\":\"https:\/\/www.sts-education.com\/fi\/author\/syncreadwrite\/\"}]}<\/script>\n<!-- \/ Yoast SEO Premium plugin. -->","yoast_head_json":{"title":"Valentina l\u00e4hti vaihtoon Tanskaan","description":"Huhtikuussa 2018 l\u00e4hdimme \u00e4itini kanssa K\u00f6\u00f6penhaminaan. Viimeisen\u00e4 lomap\u00e4iv\u00e4n\u00e4 ker\u00e4sin vihdoin rohkeuteni kysy\u00e4 \u00e4idilt\u00e4ni suuren kysymyksen: \"\u00c4iti... mit\u00e4 jos l\u00e4htisin vaihto-opiskelijaksi?\".","robots":{"index":"index","follow":"follow","max-snippet":"max-snippet:-1","max-image-preview":"max-image-preview:large","max-video-preview":"max-video-preview:-1"},"canonical":"https:\/\/www.sts-education.com\/fi\/vaihto-oppilas\/vaihto-oppilaamme\/oppilaskertomukset\/valentina-lahti-vaihtoon-tanskaan\/","og_locale":"fi_FI","og_type":"article","og_title":"Valentina Lahti Vaihtoon Tanskaan","og_description":"Huhtikuussa 2018 l\u00e4hdimme \u00e4itini kanssa K\u00f6\u00f6penhaminaan. Viimeisen\u00e4 lomap\u00e4iv\u00e4n\u00e4 ker\u00e4sin vihdoin rohkeuteni kysy\u00e4 \u00e4idilt\u00e4ni suuren kysymyksen: \"\u00c4iti... mit\u00e4 jos l\u00e4htisin vaihto-opiskelijaksi?\".","og_url":"https:\/\/www.sts-education.com\/fi\/vaihto-oppilas\/vaihto-oppilaamme\/oppilaskertomukset\/valentina-lahti-vaihtoon-tanskaan\/","og_site_name":"STS Education","article_published_time":"2024-03-05T07:00:00+00:00","article_modified_time":"2026-04-29T08:11:41+00:00","og_image":[{"width":150,"height":150,"url":"https:\/\/powered-by.qbank.se\/educatius\/sts\/\/10ec77fb512899574dd4287ae81171ca_1-1-thumb.webp","type":"image\/jpeg"}],"author":"syncreadwrite","twitter_card":"summary_large_image","twitter_misc":{"Kirjoittanut":"syncreadwrite","Arvioitu lukuaika":"2 minuuttia"},"schema":{"@context":"https:\/\/schema.org","@graph":[{"@type":"Article","@id":"https:\/\/www.sts-education.com\/fi\/vaihto-oppilas\/vaihto-oppilaamme\/oppilaskertomukset\/valentina-lahti-vaihtoon-tanskaan\/#article","isPartOf":{"@id":"https:\/\/www.sts-education.com\/fi\/vaihto-oppilas\/vaihto-oppilaamme\/oppilaskertomukset\/valentina-lahti-vaihtoon-tanskaan\/"},"author":{"name":"syncreadwrite","@id":"https:\/\/www.sts-education.com\/fi\/#\/schema\/person\/8b82f3a2e45f020b8f296d7a85d9a97c"},"headline":"Valentina Lahti Vaihtoon Tanskaan","datePublished":"2024-03-05T07:00:00+00:00","dateModified":"2026-04-29T08:11:41+00:00","mainEntityOfPage":{"@id":"https:\/\/www.sts-education.com\/fi\/vaihto-oppilas\/vaihto-oppilaamme\/oppilaskertomukset\/valentina-lahti-vaihtoon-tanskaan\/"},"wordCount":327,"commentCount":0,"image":{"@id":"https:\/\/www.sts-education.com\/fi\/vaihto-oppilas\/vaihto-oppilaamme\/oppilaskertomukset\/valentina-lahti-vaihtoon-tanskaan\/#primaryimage"},"thumbnailUrl":"https:\/\/powered-by.qbank.se\/educatius\/sts\/\/10ec77fb512899574dd4287ae81171ca_1-1-thumb.webp","keywords":["Tanska"],"articleSection":["Uncategorized @fi"],"inLanguage":"fi","potentialAction":[{"@type":"CommentAction","name":"Comment","target":["https:\/\/www.sts-education.com\/fi\/vaihto-oppilas\/vaihto-oppilaamme\/oppilaskertomukset\/valentina-lahti-vaihtoon-tanskaan\/#respond"]}]},{"@type":"WebPage","@id":"https:\/\/www.sts-education.com\/fi\/vaihto-oppilas\/vaihto-oppilaamme\/oppilaskertomukset\/valentina-lahti-vaihtoon-tanskaan\/","url":"https:\/\/www.sts-education.com\/fi\/vaihto-oppilas\/vaihto-oppilaamme\/oppilaskertomukset\/valentina-lahti-vaihtoon-tanskaan\/","name":"Valentina l\u00e4hti vaihtoon Tanskaan","isPartOf":{"@id":"https:\/\/www.sts-education.com\/fi\/#website"},"primaryImageOfPage":{"@id":"https:\/\/www.sts-education.com\/fi\/vaihto-oppilas\/vaihto-oppilaamme\/oppilaskertomukset\/valentina-lahti-vaihtoon-tanskaan\/#primaryimage"},"image":{"@id":"https:\/\/www.sts-education.com\/fi\/vaihto-oppilas\/vaihto-oppilaamme\/oppilaskertomukset\/valentina-lahti-vaihtoon-tanskaan\/#primaryimage"},"thumbnailUrl":"https:\/\/powered-by.qbank.se\/educatius\/sts\/\/10ec77fb512899574dd4287ae81171ca_1-1-thumb.webp","datePublished":"2024-03-05T07:00:00+00:00","dateModified":"2026-04-29T08:11:41+00:00","author":{"@id":"https:\/\/www.sts-education.com\/fi\/#\/schema\/person\/8b82f3a2e45f020b8f296d7a85d9a97c"},"description":"Huhtikuussa 2018 l\u00e4hdimme \u00e4itini kanssa K\u00f6\u00f6penhaminaan. Viimeisen\u00e4 lomap\u00e4iv\u00e4n\u00e4 ker\u00e4sin vihdoin rohkeuteni kysy\u00e4 \u00e4idilt\u00e4ni suuren kysymyksen: \"\u00c4iti... mit\u00e4 jos l\u00e4htisin vaihto-opiskelijaksi?\".","breadcrumb":{"@id":"https:\/\/www.sts-education.com\/fi\/vaihto-oppilas\/vaihto-oppilaamme\/oppilaskertomukset\/valentina-lahti-vaihtoon-tanskaan\/#breadcrumb"},"inLanguage":"fi","potentialAction":[{"@type":"ReadAction","target":["https:\/\/www.sts-education.com\/fi\/vaihto-oppilas\/vaihto-oppilaamme\/oppilaskertomukset\/valentina-lahti-vaihtoon-tanskaan\/"]}]},{"@type":"ImageObject","inLanguage":"fi","@id":"https:\/\/www.sts-education.com\/fi\/vaihto-oppilas\/vaihto-oppilaamme\/oppilaskertomukset\/valentina-lahti-vaihtoon-tanskaan\/#primaryimage","url":"https:\/\/powered-by.qbank.se\/educatius\/sts\/\/10ec77fb512899574dd4287ae81171ca_1-1-thumb.webp","contentUrl":"https:\/\/powered-by.qbank.se\/educatius\/sts\/\/10ec77fb512899574dd4287ae81171ca_1-1-thumb.webp","width":150,"height":150},{"@type":"BreadcrumbList","@id":"https:\/\/www.sts-education.com\/fi\/vaihto-oppilas\/vaihto-oppilaamme\/oppilaskertomukset\/valentina-lahti-vaihtoon-tanskaan\/#breadcrumb","itemListElement":[{"@type":"ListItem","position":1,"name":"Home","item":"https:\/\/www.sts-education.com\/fi\/"},{"@type":"ListItem","position":2,"name":"Valentina Lahti Vaihtoon Tanskaan"}]},{"@type":"WebSite","@id":"https:\/\/www.sts-education.com\/fi\/#website","url":"https:\/\/www.sts-education.com\/fi\/","name":"STS Education","description":"","potentialAction":[{"@type":"SearchAction","target":{"@type":"EntryPoint","urlTemplate":"https:\/\/www.sts-education.com\/fi\/?s={search_term_string}"},"query-input":{"@type":"PropertyValueSpecification","valueRequired":true,"valueName":"search_term_string"}}],"inLanguage":"fi"},{"@type":"Person","@id":"https:\/\/www.sts-education.com\/fi\/#\/schema\/person\/8b82f3a2e45f020b8f296d7a85d9a97c","name":"syncreadwrite","image":{"@type":"ImageObject","inLanguage":"fi","@id":"https:\/\/secure.gravatar.com\/avatar\/6ed1007e4f6f43f22e3df41d9fce4365533cba47fef64bb359b8e629abbc2ea6?s=96&d=mm&r=g","url":"https:\/\/secure.gravatar.com\/avatar\/6ed1007e4f6f43f22e3df41d9fce4365533cba47fef64bb359b8e629abbc2ea6?s=96&d=mm&r=g","contentUrl":"https:\/\/secure.gravatar.com\/avatar\/6ed1007e4f6f43f22e3df41d9fce4365533cba47fef64bb359b8e629abbc2ea6?s=96&d=mm&r=g","caption":"syncreadwrite"},"url":"https:\/\/www.sts-education.com\/fi\/author\/syncreadwrite\/"}]}},"_links":{"self":[{"href":"https:\/\/www.sts-education.com\/fi\/wp-json\/wp\/v2\/posts\/11571","targetHints":{"allow":["GET"]}}],"collection":[{"href":"https:\/\/www.sts-education.com\/fi\/wp-json\/wp\/v2\/posts"}],"about":[{"href":"https:\/\/www.sts-education.com\/fi\/wp-json\/wp\/v2\/types\/post"}],"author":[{"embeddable":true,"href":"https:\/\/www.sts-education.com\/fi\/wp-json\/wp\/v2\/users\/20"}],"replies":[{"embeddable":true,"href":"https:\/\/www.sts-education.com\/fi\/wp-json\/wp\/v2\/comments?post=11571"}],"version-history":[{"count":5,"href":"https:\/\/www.sts-education.com\/fi\/wp-json\/wp\/v2\/posts\/11571\/revisions"}],"predecessor-version":[{"id":43697,"href":"https:\/\/www.sts-education.com\/fi\/wp-json\/wp\/v2\/posts\/11571\/revisions\/43697"}],"wp:featuredmedia":[{"embeddable":true,"href":"https:\/\/www.sts-education.com\/fi\/wp-json\/wp\/v2\/media\/13396"}],"wp:attachment":[{"href":"https:\/\/www.sts-education.com\/fi\/wp-json\/wp\/v2\/media?parent=11571"}],"wp:term":[{"taxonomy":"category","embeddable":true,"href":"https:\/\/www.sts-education.com\/fi\/wp-json\/wp\/v2\/categories?post=11571"},{"taxonomy":"post_tag","embeddable":true,"href":"https:\/\/www.sts-education.com\/fi\/wp-json\/wp\/v2\/tags?post=11571"},{"taxonomy":"wpw_post_folders","embeddable":true,"href":"https:\/\/www.sts-education.com\/fi\/wp-json\/wp\/v2\/wpw_post_folders?post=11571"}],"curies":[{"name":"wp","href":"https:\/\/api.w.org\/{rel}","templated":true}]}}