{"id":11579,"date":"2023-05-02T10:00:00","date_gmt":"2023-05-02T10:00:00","guid":{"rendered":"https:\/\/preprod.sts-education.com\/blog\/2026\/03\/05\/emilia-vietti-vaihtovuoden-kanadassa\/"},"modified":"2026-04-14T10:13:41","modified_gmt":"2026-04-14T10:13:41","slug":"emilia-vietti-vaihtovuoden-kanadassa","status":"publish","type":"post","link":"https:\/\/www.sts-education.com\/fi\/vaihto-oppilas\/vaihto-oppilaamme\/oppilaskertomukset\/emilia-vietti-vaihtovuoden-kanadassa\/","title":{"rendered":"Emilia Vietti Vaihtovuoden Kanadassa"},"content":{"rendered":"\n<div class=\"wp-block-sts-text sts-text-editor has-max-width-md\"><div class=\"sts-text-editor__content\"><div class=\"sts-text-editor__content-inner\">\n<h1 style=\"text-align:center\">Emilia vietti vaihtovuoden Kanadassa<\/h1>\n<\/div><\/div><\/div>\n\n\n\n<div class=\"wp-block-sts-text sts-text-editor has-max-width-md\"><div class=\"sts-text-editor__content\"><div class=\"sts-text-editor__content-inner\">\n<p><em>It\u00e4valtalainen Emilia meni vaihtoon Kanadan Vancouveriin.<\/em><\/p>\n<h2>Miksi juuri Kanada ja Vancouver?<\/h2>\n<p>Koska se on kuin isompi versio kotikaupungistani It\u00e4vallassa \u2013 j\u00e4rvi\u00e4 ja vuoristoa yhdistettyn\u00e4 oikeaan kaupunkiel\u00e4m\u00e4\u00e4n! Vancouverissa on mielet\u00f6n m\u00e4\u00e4r\u00e4 erilaisia aktiviteettimahdollisuuksia \u2013 laskettelua, uintia, rantalentopalloa, vaellusta \u2013 sek\u00e4 lukuisia ruoka- ja shoppailumahdollisuuksia. Vancouver oli mit\u00e4 loistavin paikka menn\u00e4 mukavuusalueeni ulkopuolelle ja parantaa englannin kielen taitoa, vaikka se ei ollutkaan suurin syy vaihtoon l\u00e4htemiselle.<\/p>\n<h2>Millaista oli el\u00e4\u00e4 is\u00e4nt\u00e4perheess\u00e4?<\/h2>\n<p>Vaihtovuoden alussa minulla oli ajoittain ongelmia is\u00e4nt\u00e4perheeni kanssa, mutta ongelmat saatiin ratkaistua jo muutamassa viikossa. Aluksi tuntui haastavalta sopeutua uudenlaiseen kotiin, mutta kaikki oli lopulta vaivan arvoista! Kun on vaihdossa ja asuu is\u00e4nt\u00e4perheess\u00e4, syntyy el\u00e4m\u00e4nmittaisia kontakteja ja yst\u00e4vyyssuhteita.<\/p>\n<h2>Mit\u00e4 teit vapaa-ajallasi? L\u00f6ysitk\u00f6 uusia harrastuksia?<\/h2>\n<p>Koulun j\u00e4lkeen vietin melkein aina aikaa kavereiden kanssa, tutkimme Vancouverin eri kaupunginosia. Liityin lentopalloryhm\u00e4\u00e4n ja osallistuin moniin lentopallo-otteluihin my\u00f6s Vancouverin ulkopuolella. Liittyminen lentopallokerhoon ja se, ett\u00e4 sai olla osa tuota ihanaa ja motivoitunutta yhteis\u00f6\u00e4, oli yksi parhaista ajanviettomahdollisuuksista, joita kohtasin Vancouverissa.<\/p>\n<h2>Mik\u00e4 oli suurin haasteesi? Miten selvisit siit\u00e4?<\/h2>\n<p>Aluksi oli vaikeaa rakentaa uusia sosiaalisia suhteita, mutta siin\u00e4 kehittyi. Se vie aikansa ja pit\u00e4\u00e4 luottaa siihen, ett\u00e4 asiat menev\u00e4t lopulta hyvin. Suurimpia haasteita minulle oli tulla toimeen is\u00e4nt\u00e4perheeni kanssa, kuten jo aiemmin mainitsin. Onneksi minua auttoi paikallinen STS:n aluevalvoja, ja asiat ratkesivat pian.<\/p>\n<h2>Mik\u00e4 on paras muistosi vaihtovuoden ajalta?<\/h2>\n<p>Ehdottomasti parhaisiin muistoihin kuuluu se, kun l\u00e4hdin muiden vaihto-oppilaiden kanssa retkelle Kalliovuorille. N\u00e4imme paljon kauniita paikkoja, ja tutustuin ihmisiin, joista tuli nelj\u00e4ss\u00e4 p\u00e4iv\u00e4ss\u00e4 yht\u00e4 l\u00e4heisi\u00e4 kuin olisin tuntenut heid\u00e4t koko el\u00e4m\u00e4ni ajan.<\/p>\n<h2>Voisitko suositella muille vaihtoon l\u00e4htemist\u00e4?<\/h2>\n<p>El\u00e4m\u00e4ni meni hetkeksi yl\u00f6salaisin. V\u00e4lill\u00e4 t\u00e4ytyi astua mukavuusalueeni ulkopuolelle. Mutta jos se onnistui minulta, se onnistuu varmasti sinultakin! Jos sinulla on mahdollisuus l\u00e4hte\u00e4 vaihtoon ja saat vanhemmiltasi tukea siihen, l\u00e4hde ehdottomasti!<\/p>\n<p>Vaihtoaikaa kannattaa muistaa arvostaa, ja tarttua jokaiseen hetkeen. Kyseess\u00e4 on kokemus, jollaiseen useimmilla ihmisill\u00e4 ei ole mahdollisuutta.<\/p>\n<h2>Voisitko suositella l\u00e4htemist\u00e4 vaihtoon juuri nimenomaan Kanadaan?<\/h2>\n<p>Kyll\u00e4, ehdottomasti! Varsinkin jos satut olemaan persoona, joka tykk\u00e4\u00e4 luonnosta ja laskettelusta. Monet sanovat, ett\u00e4 Kanadassa on uskomattoman hieno luonto \u2013 he eiv\u00e4t voisi olla enemp\u00e4\u00e4 oikeassa! Ja tuossa loputtomien vuorten ja metsien maassa hiiht\u00e4minen ja lasketteleminen oli erityisen ihanaa ajanvietett\u00e4!<\/p>\n<h2>T\u00e4rkein neuvosi?<\/h2>\n<p>Vaihtovuonna oppii monia uusia asioita, tapaa uusia ihmisi\u00e4, kokee uudenlaisia el\u00e4m\u00e4ntyylej\u00e4 ja oppii uutta kielt\u00e4. Mielest\u00e4ni t\u00e4rkein oppimani asia on kuitenkin kyky sopeutua uusiin tilanteisiin ja ottaa toiset huomioon. Mik\u00e4\u00e4n ei tapahdu itsest\u00e4\u00e4n: on sinun itsesi vastuulla tehd\u00e4 vaihdosta unohtumaton osa el\u00e4m\u00e4\u00e4si. Matkaan ei tule l\u00e4hte\u00e4 sill\u00e4 ajatuksella, ett\u00e4 l\u00e4ht\u00f6kohtaisesti vain toisten ihmisten ty\u00f6n\u00e4 on tehd\u00e4 vaihdostasi hieno ja el\u00e4myksellinen. Vaikka kuukausien ei kannata vain antaa menn\u00e4 ohi, on my\u00f6s t\u00e4rke\u00e4\u00e4 suoda itselleen riitt\u00e4v\u00e4sti aikaa sopeutumiseen.<\/p>\n<h2>Miksi valitsit kaikista vaihto-oppilasj\u00e4rjest\u00f6ist\u00e4 juuri STS:n?<\/h2>\n<p>Valitsin STS:n, koska se on j\u00e4rjest\u00f6, joka on ollut toiminnassa vuosikymmeni\u00e4 \u2013 p\u00e4\u00e4ttelin ett\u00e4 sill\u00e4 on pitk\u00e4aikainen kokemus vaihto-ohjelmista. Lis\u00e4ksi STS:n valikoimaan kuuluu todella kattavasti monenlaisia maita, mik\u00e4 on hyv\u00e4 juttu erityisesti silloin kun ei viel\u00e4 tied\u00e4 mink\u00e4 maan valitsisi. STS:ll\u00e4 on jokaiselle jotakin: vaihtoja USA:ssa, Australiassa, Costa Ricassa, Euroopassa jne.<\/p>\n<h2>Oletko tyytyv\u00e4inen asiakaskokemukseesi STS:ll\u00e4?<\/h2>\n<p>Voisin sanoa, ett\u00e4 kun valitsin STS:n, se osoittautui kyll\u00e4 jokaisen euron arvoiseksi! Kaikki toimi aina hyvin \u2013 j\u00e4rjestelyt kotimaassa ennen l\u00e4ht\u00f6\u00e4, tervetuloleiri Kanadassa sek\u00e4 apu ja tuki paikan p\u00e4\u00e4ll\u00e4 Kanadassa.<\/p>\n<h2>Mitk\u00e4 olivat t\u00e4rkeimm\u00e4t asiat, joita opit vaihdon aikana tai joissa kehityit?<\/h2>\n<p>Vaikka olin luonteeltani aika ulosp\u00e4insuuntautunut jo ennen kuin l\u00e4hdin vaihtoon, niin vaihdon aikana minusta tuli entist\u00e4kin sosiaalisempi ja avoimempi uusille asioille. Sen lis\u00e4ksi vaihto avarsi ajatusmaailmaani, sainhan kokea pohjoisamerikkalaista el\u00e4m\u00e4ntyyli\u00e4, mik\u00e4 joiltain osin eroaa eurooppalaisesta el\u00e4m\u00e4ntyylist\u00e4 melkoisesti.<\/p>\n<h2>Miten n\u00e4et vaihdon vaikuttavan tulevaisuuteesi?<\/h2>\n<p>Tulen palaamaan kotimaahani avoimin mielin; minulla on tunne, ett\u00e4 muu maailma odottaa ja kutsuu minua tutkimaan lis\u00e4\u00e4. T\u00e4m\u00e4 vaihto oli vasta alkua, suuri alkusys\u00e4ys kaikelle muulle!<\/p>\n<h2>Lue lis\u00e4\u00e4<\/h2>\n<ul><li>Lue lis\u00e4\u00e4 <a href=\"https:\/\/www.sts-education.com\/fi\/vaihto-oppilas\/vaihto-oppilaamme\/oppilaskertomukset\/?hashtag=Kanada\">opiskelijoiden tarinoita Kanadasta<\/a><\/li>\n<li>Lue lis\u00e4\u00e4 <a href=\"https:\/\/www.sts-education.com\/fi\/vaihto-oppilas\/kohdemaat\/pohjois-amerikka\/kanada\/\">lukiovaihdosta Kanadassa<\/a><\/li>\n<li>Katso <a href=\"\/fi\/vaihto-oppilas\/tripfinder\/\">kaikki lukiovaihtokohteemm<\/a><\/li><\/ul>\n<\/div><\/div><\/div>\n","protected":false},"excerpt":{"rendered":"","protected":false},"author":20,"featured_media":13412,"comment_status":"open","ping_status":"open","sticky":false,"template":"","format":"standard","meta":{"_acf_changed":false,"_yoast_wpseo_title":"Emilia vietti vaihtovuoden Kanadassa","_yoast_wpseo_metadesc":"Miksi juuri Kanada ja Vancouver? Koska se on kuin isompi versio kotikaupungistani It\u00e4vallassa \u2013 j\u00e4rvi\u00e4 ja vuoristoa yhdistettyn\u00e4 oikeaan kaupunkiel\u00e4m\u00e4\u00e4n!","footnotes":""},"categories":[306],"tags":[919],"wpw_post_folders":[],"class_list":["post-11579","post","type-post","status-publish","format-standard","has-post-thumbnail","hentry","category-uncategorized-fi","tag-kanada"],"acf":[],"yoast_head":"<!-- This site is optimized with the Yoast SEO Premium plugin v27.2 (Yoast SEO v27.2) - https:\/\/yoast.com\/product\/yoast-seo-premium-wordpress\/ -->\n<title>Emilia vietti vaihtovuoden Kanadassa<\/title>\n<meta name=\"description\" content=\"Miksi juuri Kanada ja Vancouver? Koska se on kuin isompi versio kotikaupungistani It\u00e4vallassa \u2013 j\u00e4rvi\u00e4 ja vuoristoa yhdistettyn\u00e4 oikeaan kaupunkiel\u00e4m\u00e4\u00e4n!\" \/>\n<meta name=\"robots\" content=\"index, follow, max-snippet:-1, max-image-preview:large, max-video-preview:-1\" \/>\n<link rel=\"canonical\" href=\"https:\/\/www.sts-education.com\/fi\/vaihto-oppilas\/vaihto-oppilaamme\/oppilaskertomukset\/emilia-vietti-vaihtovuoden-kanadassa\/\" \/>\n<meta property=\"og:locale\" content=\"fi_FI\" \/>\n<meta property=\"og:type\" content=\"article\" \/>\n<meta property=\"og:title\" content=\"Emilia Vietti Vaihtovuoden Kanadassa\" \/>\n<meta property=\"og:description\" content=\"Miksi juuri Kanada ja Vancouver? Koska se on kuin isompi versio kotikaupungistani It\u00e4vallassa \u2013 j\u00e4rvi\u00e4 ja vuoristoa yhdistettyn\u00e4 oikeaan kaupunkiel\u00e4m\u00e4\u00e4n!\" \/>\n<meta property=\"og:url\" content=\"https:\/\/www.sts-education.com\/fi\/vaihto-oppilas\/vaihto-oppilaamme\/oppilaskertomukset\/emilia-vietti-vaihtovuoden-kanadassa\/\" \/>\n<meta property=\"og:site_name\" content=\"STS Education\" \/>\n<meta property=\"article:published_time\" content=\"2023-05-02T10:00:00+00:00\" \/>\n<meta property=\"article:modified_time\" content=\"2026-04-14T10:13:41+00:00\" \/>\n<meta property=\"og:image\" content=\"https:\/\/powered-by.qbank.se\/educatius\/sts\/\/2daf64162521b454bbf048f88fecc0a5_1-1-thumb.webp\" \/>\n\t<meta property=\"og:image:width\" content=\"150\" \/>\n\t<meta property=\"og:image:height\" content=\"150\" \/>\n\t<meta property=\"og:image:type\" content=\"image\/jpeg\" \/>\n<meta name=\"author\" content=\"syncreadwrite\" \/>\n<meta name=\"twitter:card\" content=\"summary_large_image\" \/>\n<meta name=\"twitter:label1\" content=\"Kirjoittanut\" \/>\n\t<meta name=\"twitter:data1\" content=\"syncreadwrite\" \/>\n\t<meta name=\"twitter:label2\" content=\"Arvioitu lukuaika\" \/>\n\t<meta name=\"twitter:data2\" content=\"3 minuuttia\" \/>\n<script type=\"application\/ld+json\" class=\"yoast-schema-graph\">{\"@context\":\"https:\/\/schema.org\",\"@graph\":[{\"@type\":\"Article\",\"@id\":\"https:\/\/www.sts-education.com\/fi\/vaihto-oppilas\/vaihto-oppilaamme\/oppilaskertomukset\/emilia-vietti-vaihtovuoden-kanadassa\/#article\",\"isPartOf\":{\"@id\":\"https:\/\/www.sts-education.com\/fi\/vaihto-oppilas\/vaihto-oppilaamme\/oppilaskertomukset\/emilia-vietti-vaihtovuoden-kanadassa\/\"},\"author\":{\"name\":\"syncreadwrite\",\"@id\":\"https:\/\/www.sts-education.com\/fi\/#\/schema\/person\/8b82f3a2e45f020b8f296d7a85d9a97c\"},\"headline\":\"Emilia Vietti Vaihtovuoden Kanadassa\",\"datePublished\":\"2023-05-02T10:00:00+00:00\",\"dateModified\":\"2026-04-14T10:13:41+00:00\",\"mainEntityOfPage\":{\"@id\":\"https:\/\/www.sts-education.com\/fi\/vaihto-oppilas\/vaihto-oppilaamme\/oppilaskertomukset\/emilia-vietti-vaihtovuoden-kanadassa\/\"},\"wordCount\":700,\"commentCount\":0,\"image\":{\"@id\":\"https:\/\/www.sts-education.com\/fi\/vaihto-oppilas\/vaihto-oppilaamme\/oppilaskertomukset\/emilia-vietti-vaihtovuoden-kanadassa\/#primaryimage\"},\"thumbnailUrl\":\"https:\/\/powered-by.qbank.se\/educatius\/sts\/\/2daf64162521b454bbf048f88fecc0a5_1-1-thumb.webp\",\"keywords\":[\"Kanada\"],\"articleSection\":[\"Uncategorized @fi\"],\"inLanguage\":\"fi\",\"potentialAction\":[{\"@type\":\"CommentAction\",\"name\":\"Comment\",\"target\":[\"https:\/\/www.sts-education.com\/fi\/vaihto-oppilas\/vaihto-oppilaamme\/oppilaskertomukset\/emilia-vietti-vaihtovuoden-kanadassa\/#respond\"]}]},{\"@type\":\"WebPage\",\"@id\":\"https:\/\/www.sts-education.com\/fi\/vaihto-oppilas\/vaihto-oppilaamme\/oppilaskertomukset\/emilia-vietti-vaihtovuoden-kanadassa\/\",\"url\":\"https:\/\/www.sts-education.com\/fi\/vaihto-oppilas\/vaihto-oppilaamme\/oppilaskertomukset\/emilia-vietti-vaihtovuoden-kanadassa\/\",\"name\":\"Emilia vietti vaihtovuoden Kanadassa\",\"isPartOf\":{\"@id\":\"https:\/\/www.sts-education.com\/fi\/#website\"},\"primaryImageOfPage\":{\"@id\":\"https:\/\/www.sts-education.com\/fi\/vaihto-oppilas\/vaihto-oppilaamme\/oppilaskertomukset\/emilia-vietti-vaihtovuoden-kanadassa\/#primaryimage\"},\"image\":{\"@id\":\"https:\/\/www.sts-education.com\/fi\/vaihto-oppilas\/vaihto-oppilaamme\/oppilaskertomukset\/emilia-vietti-vaihtovuoden-kanadassa\/#primaryimage\"},\"thumbnailUrl\":\"https:\/\/powered-by.qbank.se\/educatius\/sts\/\/2daf64162521b454bbf048f88fecc0a5_1-1-thumb.webp\",\"datePublished\":\"2023-05-02T10:00:00+00:00\",\"dateModified\":\"2026-04-14T10:13:41+00:00\",\"author\":{\"@id\":\"https:\/\/www.sts-education.com\/fi\/#\/schema\/person\/8b82f3a2e45f020b8f296d7a85d9a97c\"},\"description\":\"Miksi juuri Kanada ja Vancouver? Koska se on kuin isompi versio kotikaupungistani It\u00e4vallassa \u2013 j\u00e4rvi\u00e4 ja vuoristoa yhdistettyn\u00e4 oikeaan kaupunkiel\u00e4m\u00e4\u00e4n!\",\"breadcrumb\":{\"@id\":\"https:\/\/www.sts-education.com\/fi\/vaihto-oppilas\/vaihto-oppilaamme\/oppilaskertomukset\/emilia-vietti-vaihtovuoden-kanadassa\/#breadcrumb\"},\"inLanguage\":\"fi\",\"potentialAction\":[{\"@type\":\"ReadAction\",\"target\":[\"https:\/\/www.sts-education.com\/fi\/vaihto-oppilas\/vaihto-oppilaamme\/oppilaskertomukset\/emilia-vietti-vaihtovuoden-kanadassa\/\"]}]},{\"@type\":\"ImageObject\",\"inLanguage\":\"fi\",\"@id\":\"https:\/\/www.sts-education.com\/fi\/vaihto-oppilas\/vaihto-oppilaamme\/oppilaskertomukset\/emilia-vietti-vaihtovuoden-kanadassa\/#primaryimage\",\"url\":\"https:\/\/powered-by.qbank.se\/educatius\/sts\/\/2daf64162521b454bbf048f88fecc0a5_1-1-thumb.webp\",\"contentUrl\":\"https:\/\/powered-by.qbank.se\/educatius\/sts\/\/2daf64162521b454bbf048f88fecc0a5_1-1-thumb.webp\",\"width\":150,\"height\":150},{\"@type\":\"BreadcrumbList\",\"@id\":\"https:\/\/www.sts-education.com\/fi\/vaihto-oppilas\/vaihto-oppilaamme\/oppilaskertomukset\/emilia-vietti-vaihtovuoden-kanadassa\/#breadcrumb\",\"itemListElement\":[{\"@type\":\"ListItem\",\"position\":1,\"name\":\"Home\",\"item\":\"https:\/\/www.sts-education.com\/fi\/\"},{\"@type\":\"ListItem\",\"position\":2,\"name\":\"Emilia Vietti Vaihtovuoden Kanadassa\"}]},{\"@type\":\"WebSite\",\"@id\":\"https:\/\/www.sts-education.com\/fi\/#website\",\"url\":\"https:\/\/www.sts-education.com\/fi\/\",\"name\":\"STS Education\",\"description\":\"\",\"potentialAction\":[{\"@type\":\"SearchAction\",\"target\":{\"@type\":\"EntryPoint\",\"urlTemplate\":\"https:\/\/www.sts-education.com\/fi\/?s={search_term_string}\"},\"query-input\":{\"@type\":\"PropertyValueSpecification\",\"valueRequired\":true,\"valueName\":\"search_term_string\"}}],\"inLanguage\":\"fi\"},{\"@type\":\"Person\",\"@id\":\"https:\/\/www.sts-education.com\/fi\/#\/schema\/person\/8b82f3a2e45f020b8f296d7a85d9a97c\",\"name\":\"syncreadwrite\",\"image\":{\"@type\":\"ImageObject\",\"inLanguage\":\"fi\",\"@id\":\"https:\/\/secure.gravatar.com\/avatar\/6ed1007e4f6f43f22e3df41d9fce4365533cba47fef64bb359b8e629abbc2ea6?s=96&d=mm&r=g\",\"url\":\"https:\/\/secure.gravatar.com\/avatar\/6ed1007e4f6f43f22e3df41d9fce4365533cba47fef64bb359b8e629abbc2ea6?s=96&d=mm&r=g\",\"contentUrl\":\"https:\/\/secure.gravatar.com\/avatar\/6ed1007e4f6f43f22e3df41d9fce4365533cba47fef64bb359b8e629abbc2ea6?s=96&d=mm&r=g\",\"caption\":\"syncreadwrite\"},\"url\":\"https:\/\/www.sts-education.com\/fi\/author\/syncreadwrite\/\"}]}<\/script>\n<!-- \/ Yoast SEO Premium plugin. -->","yoast_head_json":{"title":"Emilia vietti vaihtovuoden Kanadassa","description":"Miksi juuri Kanada ja Vancouver? Koska se on kuin isompi versio kotikaupungistani It\u00e4vallassa \u2013 j\u00e4rvi\u00e4 ja vuoristoa yhdistettyn\u00e4 oikeaan kaupunkiel\u00e4m\u00e4\u00e4n!","robots":{"index":"index","follow":"follow","max-snippet":"max-snippet:-1","max-image-preview":"max-image-preview:large","max-video-preview":"max-video-preview:-1"},"canonical":"https:\/\/www.sts-education.com\/fi\/vaihto-oppilas\/vaihto-oppilaamme\/oppilaskertomukset\/emilia-vietti-vaihtovuoden-kanadassa\/","og_locale":"fi_FI","og_type":"article","og_title":"Emilia Vietti Vaihtovuoden Kanadassa","og_description":"Miksi juuri Kanada ja Vancouver? Koska se on kuin isompi versio kotikaupungistani It\u00e4vallassa \u2013 j\u00e4rvi\u00e4 ja vuoristoa yhdistettyn\u00e4 oikeaan kaupunkiel\u00e4m\u00e4\u00e4n!","og_url":"https:\/\/www.sts-education.com\/fi\/vaihto-oppilas\/vaihto-oppilaamme\/oppilaskertomukset\/emilia-vietti-vaihtovuoden-kanadassa\/","og_site_name":"STS Education","article_published_time":"2023-05-02T10:00:00+00:00","article_modified_time":"2026-04-14T10:13:41+00:00","og_image":[{"width":150,"height":150,"url":"https:\/\/powered-by.qbank.se\/educatius\/sts\/\/2daf64162521b454bbf048f88fecc0a5_1-1-thumb.webp","type":"image\/jpeg"}],"author":"syncreadwrite","twitter_card":"summary_large_image","twitter_misc":{"Kirjoittanut":"syncreadwrite","Arvioitu lukuaika":"3 minuuttia"},"schema":{"@context":"https:\/\/schema.org","@graph":[{"@type":"Article","@id":"https:\/\/www.sts-education.com\/fi\/vaihto-oppilas\/vaihto-oppilaamme\/oppilaskertomukset\/emilia-vietti-vaihtovuoden-kanadassa\/#article","isPartOf":{"@id":"https:\/\/www.sts-education.com\/fi\/vaihto-oppilas\/vaihto-oppilaamme\/oppilaskertomukset\/emilia-vietti-vaihtovuoden-kanadassa\/"},"author":{"name":"syncreadwrite","@id":"https:\/\/www.sts-education.com\/fi\/#\/schema\/person\/8b82f3a2e45f020b8f296d7a85d9a97c"},"headline":"Emilia Vietti Vaihtovuoden Kanadassa","datePublished":"2023-05-02T10:00:00+00:00","dateModified":"2026-04-14T10:13:41+00:00","mainEntityOfPage":{"@id":"https:\/\/www.sts-education.com\/fi\/vaihto-oppilas\/vaihto-oppilaamme\/oppilaskertomukset\/emilia-vietti-vaihtovuoden-kanadassa\/"},"wordCount":700,"commentCount":0,"image":{"@id":"https:\/\/www.sts-education.com\/fi\/vaihto-oppilas\/vaihto-oppilaamme\/oppilaskertomukset\/emilia-vietti-vaihtovuoden-kanadassa\/#primaryimage"},"thumbnailUrl":"https:\/\/powered-by.qbank.se\/educatius\/sts\/\/2daf64162521b454bbf048f88fecc0a5_1-1-thumb.webp","keywords":["Kanada"],"articleSection":["Uncategorized @fi"],"inLanguage":"fi","potentialAction":[{"@type":"CommentAction","name":"Comment","target":["https:\/\/www.sts-education.com\/fi\/vaihto-oppilas\/vaihto-oppilaamme\/oppilaskertomukset\/emilia-vietti-vaihtovuoden-kanadassa\/#respond"]}]},{"@type":"WebPage","@id":"https:\/\/www.sts-education.com\/fi\/vaihto-oppilas\/vaihto-oppilaamme\/oppilaskertomukset\/emilia-vietti-vaihtovuoden-kanadassa\/","url":"https:\/\/www.sts-education.com\/fi\/vaihto-oppilas\/vaihto-oppilaamme\/oppilaskertomukset\/emilia-vietti-vaihtovuoden-kanadassa\/","name":"Emilia vietti vaihtovuoden Kanadassa","isPartOf":{"@id":"https:\/\/www.sts-education.com\/fi\/#website"},"primaryImageOfPage":{"@id":"https:\/\/www.sts-education.com\/fi\/vaihto-oppilas\/vaihto-oppilaamme\/oppilaskertomukset\/emilia-vietti-vaihtovuoden-kanadassa\/#primaryimage"},"image":{"@id":"https:\/\/www.sts-education.com\/fi\/vaihto-oppilas\/vaihto-oppilaamme\/oppilaskertomukset\/emilia-vietti-vaihtovuoden-kanadassa\/#primaryimage"},"thumbnailUrl":"https:\/\/powered-by.qbank.se\/educatius\/sts\/\/2daf64162521b454bbf048f88fecc0a5_1-1-thumb.webp","datePublished":"2023-05-02T10:00:00+00:00","dateModified":"2026-04-14T10:13:41+00:00","author":{"@id":"https:\/\/www.sts-education.com\/fi\/#\/schema\/person\/8b82f3a2e45f020b8f296d7a85d9a97c"},"description":"Miksi juuri Kanada ja Vancouver? Koska se on kuin isompi versio kotikaupungistani It\u00e4vallassa \u2013 j\u00e4rvi\u00e4 ja vuoristoa yhdistettyn\u00e4 oikeaan kaupunkiel\u00e4m\u00e4\u00e4n!","breadcrumb":{"@id":"https:\/\/www.sts-education.com\/fi\/vaihto-oppilas\/vaihto-oppilaamme\/oppilaskertomukset\/emilia-vietti-vaihtovuoden-kanadassa\/#breadcrumb"},"inLanguage":"fi","potentialAction":[{"@type":"ReadAction","target":["https:\/\/www.sts-education.com\/fi\/vaihto-oppilas\/vaihto-oppilaamme\/oppilaskertomukset\/emilia-vietti-vaihtovuoden-kanadassa\/"]}]},{"@type":"ImageObject","inLanguage":"fi","@id":"https:\/\/www.sts-education.com\/fi\/vaihto-oppilas\/vaihto-oppilaamme\/oppilaskertomukset\/emilia-vietti-vaihtovuoden-kanadassa\/#primaryimage","url":"https:\/\/powered-by.qbank.se\/educatius\/sts\/\/2daf64162521b454bbf048f88fecc0a5_1-1-thumb.webp","contentUrl":"https:\/\/powered-by.qbank.se\/educatius\/sts\/\/2daf64162521b454bbf048f88fecc0a5_1-1-thumb.webp","width":150,"height":150},{"@type":"BreadcrumbList","@id":"https:\/\/www.sts-education.com\/fi\/vaihto-oppilas\/vaihto-oppilaamme\/oppilaskertomukset\/emilia-vietti-vaihtovuoden-kanadassa\/#breadcrumb","itemListElement":[{"@type":"ListItem","position":1,"name":"Home","item":"https:\/\/www.sts-education.com\/fi\/"},{"@type":"ListItem","position":2,"name":"Emilia Vietti Vaihtovuoden Kanadassa"}]},{"@type":"WebSite","@id":"https:\/\/www.sts-education.com\/fi\/#website","url":"https:\/\/www.sts-education.com\/fi\/","name":"STS Education","description":"","potentialAction":[{"@type":"SearchAction","target":{"@type":"EntryPoint","urlTemplate":"https:\/\/www.sts-education.com\/fi\/?s={search_term_string}"},"query-input":{"@type":"PropertyValueSpecification","valueRequired":true,"valueName":"search_term_string"}}],"inLanguage":"fi"},{"@type":"Person","@id":"https:\/\/www.sts-education.com\/fi\/#\/schema\/person\/8b82f3a2e45f020b8f296d7a85d9a97c","name":"syncreadwrite","image":{"@type":"ImageObject","inLanguage":"fi","@id":"https:\/\/secure.gravatar.com\/avatar\/6ed1007e4f6f43f22e3df41d9fce4365533cba47fef64bb359b8e629abbc2ea6?s=96&d=mm&r=g","url":"https:\/\/secure.gravatar.com\/avatar\/6ed1007e4f6f43f22e3df41d9fce4365533cba47fef64bb359b8e629abbc2ea6?s=96&d=mm&r=g","contentUrl":"https:\/\/secure.gravatar.com\/avatar\/6ed1007e4f6f43f22e3df41d9fce4365533cba47fef64bb359b8e629abbc2ea6?s=96&d=mm&r=g","caption":"syncreadwrite"},"url":"https:\/\/www.sts-education.com\/fi\/author\/syncreadwrite\/"}]}},"_links":{"self":[{"href":"https:\/\/www.sts-education.com\/fi\/wp-json\/wp\/v2\/posts\/11579","targetHints":{"allow":["GET"]}}],"collection":[{"href":"https:\/\/www.sts-education.com\/fi\/wp-json\/wp\/v2\/posts"}],"about":[{"href":"https:\/\/www.sts-education.com\/fi\/wp-json\/wp\/v2\/types\/post"}],"author":[{"embeddable":true,"href":"https:\/\/www.sts-education.com\/fi\/wp-json\/wp\/v2\/users\/20"}],"replies":[{"embeddable":true,"href":"https:\/\/www.sts-education.com\/fi\/wp-json\/wp\/v2\/comments?post=11579"}],"version-history":[{"count":4,"href":"https:\/\/www.sts-education.com\/fi\/wp-json\/wp\/v2\/posts\/11579\/revisions"}],"predecessor-version":[{"id":34009,"href":"https:\/\/www.sts-education.com\/fi\/wp-json\/wp\/v2\/posts\/11579\/revisions\/34009"}],"wp:featuredmedia":[{"embeddable":true,"href":"https:\/\/www.sts-education.com\/fi\/wp-json\/wp\/v2\/media\/13412"}],"wp:attachment":[{"href":"https:\/\/www.sts-education.com\/fi\/wp-json\/wp\/v2\/media?parent=11579"}],"wp:term":[{"taxonomy":"category","embeddable":true,"href":"https:\/\/www.sts-education.com\/fi\/wp-json\/wp\/v2\/categories?post=11579"},{"taxonomy":"post_tag","embeddable":true,"href":"https:\/\/www.sts-education.com\/fi\/wp-json\/wp\/v2\/tags?post=11579"},{"taxonomy":"wpw_post_folders","embeddable":true,"href":"https:\/\/www.sts-education.com\/fi\/wp-json\/wp\/v2\/wpw_post_folders?post=11579"}],"curies":[{"name":"wp","href":"https:\/\/api.w.org\/{rel}","templated":true}]}}