{"id":11580,"date":"2023-05-02T10:00:00","date_gmt":"2023-05-02T10:00:00","guid":{"rendered":"https:\/\/preprod.sts-education.com\/blog\/2026\/03\/05\/vittoria-oli-lukiovaihdossa-saksassa\/"},"modified":"2026-04-14T10:13:40","modified_gmt":"2026-04-14T10:13:40","slug":"vittoria-oli-lukiovaihdossa-saksassa","status":"publish","type":"post","link":"https:\/\/www.sts-education.com\/fi\/vaihto-oppilas\/vaihto-oppilaamme\/oppilaskertomukset\/vittoria-oli-lukiovaihdossa-saksassa\/","title":{"rendered":"Vittoria Oli Lukiovaihdossa Saksassa"},"content":{"rendered":"\n<div class=\"wp-block-sts-text sts-text-editor has-max-width-md\"><div class=\"sts-text-editor__content\"><div class=\"sts-text-editor__content-inner\">\n<h1 style=\"text-align:center\">Vittoria oli lukiovaihdossa Saksassa<\/h1>\n<\/div><\/div><\/div>\n\n\n\n<div class=\"wp-block-sts-text sts-text-editor has-max-width-md\"><div class=\"sts-text-editor__content\"><div class=\"sts-text-editor__content-inner\">\n<p><em>Vittoria Italiasta oli vaihdossa Saksassa.<\/em><\/p>\n<h2>Minne menit vaihtoon?<\/h2>\n<p>Olin 11 kuukauden ajan Starnbergiss\u00e4, pieness\u00e4 kaupungissa Baijerissa, 30 minuutin matkan p\u00e4\u00e4ss\u00e4 M\u00fcnchenist\u00e4. Kokemus oli paras t\u00e4h\u00e4nastisessa el\u00e4m\u00e4ss\u00e4ni.<\/p>\n<h2>Miksi juuri Saksaan?<\/h2>\n<p>Olin Italiassa kielilukiossa, ja olin opiskellut saksaa kolmen vuoden ajan, kun valitsin vaihtokohteekseni Saksan. Lukiossa en ollut kovin hyv\u00e4 saksassa, en tyk\u00e4nnyt saksan kielest\u00e4 oikeastaan ollenkaan. Ajattelinkin, ett\u00e4 paras keino selvit\u00e4 t\u00e4st\u00e4 oppimishaasteesta oli menn\u00e4 Saksaan vaihto-oppilaaksi ja kehitt\u00e4\u00e4 kielitaitoa paikan p\u00e4\u00e4ll\u00e4.<\/p>\n<h2>Millaista oli asua is\u00e4nt\u00e4perheess\u00e4?<\/h2>\n<p>Is\u00e4nt\u00e4perhekokemukseni oli omalaatuinen. Oikeastaan minulla oli kaksi is\u00e4nt\u00e4perhett\u00e4. Ensimm\u00e4isen kolmen kuukauden aikana huomasin, etten tullut silloisen is\u00e4nt\u00e4perheeni kanssa kovin hyvin toimeen. Kahden viikon kuluttua STS j\u00e4rjesti minulle uuden is\u00e4nt\u00e4perheen, ja se perhe oli ihanin perhe, jonka olen koskaan kohdannut! Sain paljon unohtumattomia kokemuksia ja el\u00e4myksi\u00e4 uuden is\u00e4nt\u00e4perheeni kanssa. K\u00e4vin esimerkiksi laskettelemassa ensimm\u00e4ist\u00e4 kertaa el\u00e4m\u00e4ss\u00e4ni, minulle esiteltiin M\u00fcncheni\u00e4 ja monia muita saksalaisia paikkoja jne. Asuminen uudessa perheess\u00e4 voi olla aluksi haastavaa, mutta ajan my\u00f6t\u00e4 opitte tuntemaan toisenne. Siit\u00e4 voi muodostua l\u00e4heinen, kiinte\u00e4 ja luottamuksellinen suhde. Nyt olen todella hyviss\u00e4 v\u00e4leiss\u00e4 kummankin is\u00e4nt\u00e4perheeni kanssa, ja vierailin molempien perheiden luona, kun vaihtovuoteni j\u00e4lkeen k\u00e4vin taas Saksassa.<\/p>\n<h2>Oliko uusien yst\u00e4vien saaminen helppoa vai vaikeaa?<\/h2>\n<p>Is\u00e4nt\u00e4perheeni lis\u00e4ksi olennainen osa vaihtokokemustani olivat my\u00f6s uudet yst\u00e4v\u00e4t. Minulla ei ollut mit\u00e4\u00e4n erityist\u00e4 ongelmaa uusien yst\u00e4vien saamisessa, sill\u00e4 olen luonteeltani hyvin ulosp\u00e4insuuntautunut ja tutustun helposti uusiin ihmisiin. Olin my\u00f6s onnekas, koska uudet ihmiset, joihin tutustuin, olivat minulle mukavia ja yst\u00e4v\u00e4llisi\u00e4 alusta alkaen. He auttoivat minua sopeutumisessa uuteen kouluun. He my\u00f6s kannustivat minua puhumaan rohkeasti saksaa oppitunneilla, jotta oppisin kielt\u00e4, joka oli ollut minulle aiemmin vaikea oppia.<\/p>\n<h2>Millainen oli koulu, jossa olit vaihdossa?<\/h2>\n<p>Saksan koulutusj\u00e4rjestelm\u00e4 on hyvin erilainen kuin Italiassa. Kaikki oli perusteellisesti organisoitua ja j\u00e4rjestelm\u00e4llist\u00e4. Koulu tarjosi minulle mahdollisuuksia hyvin monenlaisiin valinnaiskursseihin ja aktiviteetteihin. Saatavilla oli monenlaisia urheilulajeja, kielten kursseja, ty\u00f6pajamuotoisia journalismikursseja, valokuvauksen ja kuvataiteen kursseja, matematiikkaa, maantiedett\u00e4, mahdollisuus esiinty\u00e4 lukuvuoden lopun konsertissa osallistumalla musiikki- ja laulutunneille \u2013 ja paljon, paljon muuta! Osallistuin journalismin ja valokuvauksen kursseille, ja lis\u00e4ksi pelasin lentopalloa ja tanssin.<\/p>\n<h2>Mik\u00e4 on paras muistosi vaihtovuodelta?<\/h2>\n<p>Jos pit\u00e4isi kertoa parhaista muistoista vaihtovuoden ajalta, listasta tulisi pitk\u00e4 \u2013 el\u00e4myksellisi\u00e4 muistoja on niin monia! Parhaisiin muistoihin kuuluvat mm. kouluretki luokan kanssa Berliiniin, toinen retki Berliiniin host-perheen kanssa sek\u00e4 STS-leiri Pariisissa. Yksi muistoista, joka on todellakin s\u00e4ilynyt syd\u00e4mess\u00e4ni, on 18-vuotisp\u00e4iv\u00e4ni. Aluksi minulla oli sin\u00e4 p\u00e4iv\u00e4n\u00e4 v\u00e4h\u00e4n surullinen olo, sill\u00e4 kotimaassani Italiassa 18-vuotissyntym\u00e4p\u00e4iv\u00e4 on erityisen t\u00e4rke\u00e4 juhla, ja kaipasin Italiassa olevia yst\u00e4vi\u00e4ni ja perhett\u00e4ni. Mutta kiitos uusien saksalaisten yst\u00e4vieni ja ihanan is\u00e4nt\u00e4perheeni, minulla oli huippuhyv\u00e4 syntym\u00e4p\u00e4iv\u00e4juhla minulle l\u00e4heisimpien ihmisten seurassa.<\/p>\n<h2>Miten n\u00e4et vaihtosi vaikuttavan tulevaisuuteesi?<\/h2>\n<p>Vaihtovuoden ansiosta opin tuntemaan itse\u00e4ni paremmin ja ik\u00e4\u00e4n kuin l\u00f6ysin itseni uudelleen sek\u00e4 ymm\u00e4rsin aiempaa paremmin mit\u00e4 asioita haluan tehd\u00e4 tulevaisuudessa. Kun tulin Saksasta takaisin Italiaan ja aloitin taas koulun, alkoi samalla viimeinen lukiovuoteni ja menin saksan kieless\u00e4 lis\u00e4kursseille Goethe-instituuttiin saaden todistukset B1- ja B2-tason kielitaidosta. Valmistun ylioppilaaksi alle kahden kuukauden p\u00e4\u00e4st\u00e4. Syyskuussa palaan Saksaan ja viet\u00e4n siell\u00e4 vuoden au pairina. Siin\u00e4 v\u00e4liss\u00e4 opiskelen saksan C1-tason kurssin, mik\u00e4 auttaa saksalaiseen yliopistoon p\u00e4\u00e4semisess\u00e4 &#8211; olen pyrkim\u00e4ss\u00e4 opiskelemaan M\u00fcnchenin yliopistoon. Olen todella motivoitunut saavuttamaan t\u00e4m\u00e4n tavoitteen ja se, ett\u00e4 olen p\u00e4\u00e4ssyt jo n\u00e4in pitk\u00e4lle, on p\u00e4\u00e4osin perheeni ja STS:n ammattitaitoisen henkil\u00f6kunnan ansiota \u2013 he ovat auttaneet minua suurimman unelmani saavuttamisessa sek\u00e4 aina kannustaneet ja tukeneet minua.<\/p>\n<h2>T\u00e4rkeimm\u00e4t neuvosi toisille vaihtoon l\u00e4htij\u00f6ille?<\/h2>\n<ol><li>Vaihtoon l\u00e4hteminen on kerran el\u00e4m\u00e4ss\u00e4 \u2013kokemus, joten se kannattaa tehd\u00e4! Ei kannata pel\u00e4t\u00e4, vaan hyp\u00e4t\u00e4 lentokoneeseen ja menn\u00e4 kohti unelmaansa. Vaihtokokemus kasvattaa; tulee aiempaa kypsemm\u00e4ksi ja vastuuntuntoisemmaksi, oppii toisenlaista el\u00e4m\u00e4ntyyli\u00e4 sek\u00e4 kunnioittamaan tapoja ja perinteit\u00e4, jotka eroavat omista. Lis\u00e4ksi saa uuden perheen ja paljon uusia yst\u00e4vi\u00e4. Nyky\u00e4\u00e4n suorastaan rakastan Saksaa ja olen kaivannut sinne p\u00e4iv\u00e4 p\u00e4iv\u00e4lt\u00e4 enemm\u00e4n sen j\u00e4lkeen, kun l\u00e4hdin sielt\u00e4.<\/li>\n<li>Suosittelen kaikkia tulevia vaihto-oppilaita osallistumaan erilaisiin aktiviteetteihin koulussa, varsinkin jos kokee ett\u00e4 kielitaito rajoittaa koulumenestyst\u00e4 ulkomailla. Osallistumista, oma-aloitteisuutta ja sit\u00e4, ett\u00e4 edes yritt\u00e4\u00e4, arvostetaan aina ja siit\u00e4 palkitaan!<\/li>\n<li>Vaihtovuoden p\u00e4\u00e4ttymist\u00e4 ei kannata n\u00e4hd\u00e4 surullisena asiana, vaan pikemminkin arvostaa sit\u00e4, ett\u00e4 takana on kokemus, mik\u00e4 tulee avaamaan monia mahdollisuuksia my\u00f6s tulevaisuudessa!<\/li><\/ol>\n<h2>Lue lis\u00e4\u00e4<\/h2>\n<ul><li>Lue lis\u00e4\u00e4 <a href=\"https:\/\/www.sts-education.com\/fi\/vaihto-oppilas\/vaihto-oppilaamme\/oppilaskertomukset\/?hashtag=Saksa\">opiskelijoiden tarinoita Saksasta<\/a><\/li>\n<li>Lue lis\u00e4\u00e4 <a href=\"https:\/\/www.sts-education.com\/fi\/vaihto-oppilas\/kohdemaat\/eurooppa\/saksa\/\">lukiovaihdosta Saksassa<\/a><\/li>\n<li>Katso <a href=\"\/fi\/vaihto-oppilas\/tripfinder\/\">kaikki lukiovaihtokohteemm<\/a><\/li><\/ul>\n<\/div><\/div><\/div>\n","protected":false},"excerpt":{"rendered":"","protected":false},"author":20,"featured_media":13414,"comment_status":"open","ping_status":"open","sticky":false,"template":"","format":"standard","meta":{"_acf_changed":false,"_yoast_wpseo_title":"Vittoria oli lukiovaihdossa Saksassa","_yoast_wpseo_metadesc":"Olin 11 kuukauden ajan Starnbergiss\u00e4, pieness\u00e4 kaupungissa Baijerissa, 30 minuutin matkan p\u00e4\u00e4ss\u00e4 M\u00fcnchenist\u00e4. Kokemus oli paras t\u00e4h\u00e4nastisessa el\u00e4m\u00e4ss\u00e4ni.","footnotes":""},"categories":[306],"tags":[925],"wpw_post_folders":[],"class_list":["post-11580","post","type-post","status-publish","format-standard","has-post-thumbnail","hentry","category-uncategorized-fi","tag-saksa"],"acf":[],"yoast_head":"<!-- This site is optimized with the Yoast SEO Premium plugin v27.2 (Yoast SEO v27.2) - https:\/\/yoast.com\/product\/yoast-seo-premium-wordpress\/ -->\n<title>Vittoria oli lukiovaihdossa Saksassa<\/title>\n<meta name=\"description\" content=\"Olin 11 kuukauden ajan Starnbergiss\u00e4, pieness\u00e4 kaupungissa Baijerissa, 30 minuutin matkan p\u00e4\u00e4ss\u00e4 M\u00fcnchenist\u00e4. Kokemus oli paras t\u00e4h\u00e4nastisessa el\u00e4m\u00e4ss\u00e4ni.\" \/>\n<meta name=\"robots\" content=\"index, follow, max-snippet:-1, max-image-preview:large, max-video-preview:-1\" \/>\n<link rel=\"canonical\" href=\"https:\/\/www.sts-education.com\/fi\/vaihto-oppilas\/vaihto-oppilaamme\/oppilaskertomukset\/vittoria-oli-lukiovaihdossa-saksassa\/\" \/>\n<meta property=\"og:locale\" content=\"fi_FI\" \/>\n<meta property=\"og:type\" content=\"article\" \/>\n<meta property=\"og:title\" content=\"Vittoria Oli Lukiovaihdossa Saksassa\" \/>\n<meta property=\"og:description\" content=\"Olin 11 kuukauden ajan Starnbergiss\u00e4, pieness\u00e4 kaupungissa Baijerissa, 30 minuutin matkan p\u00e4\u00e4ss\u00e4 M\u00fcnchenist\u00e4. Kokemus oli paras t\u00e4h\u00e4nastisessa el\u00e4m\u00e4ss\u00e4ni.\" \/>\n<meta property=\"og:url\" content=\"https:\/\/www.sts-education.com\/fi\/vaihto-oppilas\/vaihto-oppilaamme\/oppilaskertomukset\/vittoria-oli-lukiovaihdossa-saksassa\/\" \/>\n<meta property=\"og:site_name\" content=\"STS Education\" \/>\n<meta property=\"article:published_time\" content=\"2023-05-02T10:00:00+00:00\" \/>\n<meta property=\"article:modified_time\" content=\"2026-04-14T10:13:40+00:00\" \/>\n<meta property=\"og:image\" content=\"https:\/\/powered-by.qbank.se\/educatius\/sts\/\/ca9fb1d01fb6c899ef4095abc2d3ea13_1-1-thumb.webp\" \/>\n\t<meta property=\"og:image:width\" content=\"150\" \/>\n\t<meta property=\"og:image:height\" content=\"150\" \/>\n\t<meta property=\"og:image:type\" content=\"image\/jpeg\" \/>\n<meta name=\"author\" content=\"syncreadwrite\" \/>\n<meta name=\"twitter:card\" content=\"summary_large_image\" \/>\n<meta name=\"twitter:label1\" content=\"Kirjoittanut\" \/>\n\t<meta name=\"twitter:data1\" content=\"syncreadwrite\" \/>\n\t<meta name=\"twitter:label2\" content=\"Arvioitu lukuaika\" \/>\n\t<meta name=\"twitter:data2\" content=\"4 minuuttia\" \/>\n<script type=\"application\/ld+json\" class=\"yoast-schema-graph\">{\"@context\":\"https:\/\/schema.org\",\"@graph\":[{\"@type\":\"Article\",\"@id\":\"https:\/\/www.sts-education.com\/fi\/vaihto-oppilas\/vaihto-oppilaamme\/oppilaskertomukset\/vittoria-oli-lukiovaihdossa-saksassa\/#article\",\"isPartOf\":{\"@id\":\"https:\/\/www.sts-education.com\/fi\/vaihto-oppilas\/vaihto-oppilaamme\/oppilaskertomukset\/vittoria-oli-lukiovaihdossa-saksassa\/\"},\"author\":{\"name\":\"syncreadwrite\",\"@id\":\"https:\/\/www.sts-education.com\/fi\/#\/schema\/person\/8b82f3a2e45f020b8f296d7a85d9a97c\"},\"headline\":\"Vittoria Oli Lukiovaihdossa Saksassa\",\"datePublished\":\"2023-05-02T10:00:00+00:00\",\"dateModified\":\"2026-04-14T10:13:40+00:00\",\"mainEntityOfPage\":{\"@id\":\"https:\/\/www.sts-education.com\/fi\/vaihto-oppilas\/vaihto-oppilaamme\/oppilaskertomukset\/vittoria-oli-lukiovaihdossa-saksassa\/\"},\"wordCount\":785,\"commentCount\":0,\"image\":{\"@id\":\"https:\/\/www.sts-education.com\/fi\/vaihto-oppilas\/vaihto-oppilaamme\/oppilaskertomukset\/vittoria-oli-lukiovaihdossa-saksassa\/#primaryimage\"},\"thumbnailUrl\":\"https:\/\/powered-by.qbank.se\/educatius\/sts\/\/ca9fb1d01fb6c899ef4095abc2d3ea13_1-1-thumb.webp\",\"keywords\":[\"Saksa\"],\"articleSection\":[\"Uncategorized @fi\"],\"inLanguage\":\"fi\",\"potentialAction\":[{\"@type\":\"CommentAction\",\"name\":\"Comment\",\"target\":[\"https:\/\/www.sts-education.com\/fi\/vaihto-oppilas\/vaihto-oppilaamme\/oppilaskertomukset\/vittoria-oli-lukiovaihdossa-saksassa\/#respond\"]}]},{\"@type\":\"WebPage\",\"@id\":\"https:\/\/www.sts-education.com\/fi\/vaihto-oppilas\/vaihto-oppilaamme\/oppilaskertomukset\/vittoria-oli-lukiovaihdossa-saksassa\/\",\"url\":\"https:\/\/www.sts-education.com\/fi\/vaihto-oppilas\/vaihto-oppilaamme\/oppilaskertomukset\/vittoria-oli-lukiovaihdossa-saksassa\/\",\"name\":\"Vittoria oli lukiovaihdossa Saksassa\",\"isPartOf\":{\"@id\":\"https:\/\/www.sts-education.com\/fi\/#website\"},\"primaryImageOfPage\":{\"@id\":\"https:\/\/www.sts-education.com\/fi\/vaihto-oppilas\/vaihto-oppilaamme\/oppilaskertomukset\/vittoria-oli-lukiovaihdossa-saksassa\/#primaryimage\"},\"image\":{\"@id\":\"https:\/\/www.sts-education.com\/fi\/vaihto-oppilas\/vaihto-oppilaamme\/oppilaskertomukset\/vittoria-oli-lukiovaihdossa-saksassa\/#primaryimage\"},\"thumbnailUrl\":\"https:\/\/powered-by.qbank.se\/educatius\/sts\/\/ca9fb1d01fb6c899ef4095abc2d3ea13_1-1-thumb.webp\",\"datePublished\":\"2023-05-02T10:00:00+00:00\",\"dateModified\":\"2026-04-14T10:13:40+00:00\",\"author\":{\"@id\":\"https:\/\/www.sts-education.com\/fi\/#\/schema\/person\/8b82f3a2e45f020b8f296d7a85d9a97c\"},\"description\":\"Olin 11 kuukauden ajan Starnbergiss\u00e4, pieness\u00e4 kaupungissa Baijerissa, 30 minuutin matkan p\u00e4\u00e4ss\u00e4 M\u00fcnchenist\u00e4. Kokemus oli paras t\u00e4h\u00e4nastisessa el\u00e4m\u00e4ss\u00e4ni.\",\"breadcrumb\":{\"@id\":\"https:\/\/www.sts-education.com\/fi\/vaihto-oppilas\/vaihto-oppilaamme\/oppilaskertomukset\/vittoria-oli-lukiovaihdossa-saksassa\/#breadcrumb\"},\"inLanguage\":\"fi\",\"potentialAction\":[{\"@type\":\"ReadAction\",\"target\":[\"https:\/\/www.sts-education.com\/fi\/vaihto-oppilas\/vaihto-oppilaamme\/oppilaskertomukset\/vittoria-oli-lukiovaihdossa-saksassa\/\"]}]},{\"@type\":\"ImageObject\",\"inLanguage\":\"fi\",\"@id\":\"https:\/\/www.sts-education.com\/fi\/vaihto-oppilas\/vaihto-oppilaamme\/oppilaskertomukset\/vittoria-oli-lukiovaihdossa-saksassa\/#primaryimage\",\"url\":\"https:\/\/powered-by.qbank.se\/educatius\/sts\/\/ca9fb1d01fb6c899ef4095abc2d3ea13_1-1-thumb.webp\",\"contentUrl\":\"https:\/\/powered-by.qbank.se\/educatius\/sts\/\/ca9fb1d01fb6c899ef4095abc2d3ea13_1-1-thumb.webp\",\"width\":150,\"height\":150},{\"@type\":\"BreadcrumbList\",\"@id\":\"https:\/\/www.sts-education.com\/fi\/vaihto-oppilas\/vaihto-oppilaamme\/oppilaskertomukset\/vittoria-oli-lukiovaihdossa-saksassa\/#breadcrumb\",\"itemListElement\":[{\"@type\":\"ListItem\",\"position\":1,\"name\":\"Home\",\"item\":\"https:\/\/www.sts-education.com\/fi\/\"},{\"@type\":\"ListItem\",\"position\":2,\"name\":\"Vittoria Oli Lukiovaihdossa Saksassa\"}]},{\"@type\":\"WebSite\",\"@id\":\"https:\/\/www.sts-education.com\/fi\/#website\",\"url\":\"https:\/\/www.sts-education.com\/fi\/\",\"name\":\"STS Education\",\"description\":\"\",\"potentialAction\":[{\"@type\":\"SearchAction\",\"target\":{\"@type\":\"EntryPoint\",\"urlTemplate\":\"https:\/\/www.sts-education.com\/fi\/?s={search_term_string}\"},\"query-input\":{\"@type\":\"PropertyValueSpecification\",\"valueRequired\":true,\"valueName\":\"search_term_string\"}}],\"inLanguage\":\"fi\"},{\"@type\":\"Person\",\"@id\":\"https:\/\/www.sts-education.com\/fi\/#\/schema\/person\/8b82f3a2e45f020b8f296d7a85d9a97c\",\"name\":\"syncreadwrite\",\"image\":{\"@type\":\"ImageObject\",\"inLanguage\":\"fi\",\"@id\":\"https:\/\/secure.gravatar.com\/avatar\/6ed1007e4f6f43f22e3df41d9fce4365533cba47fef64bb359b8e629abbc2ea6?s=96&d=mm&r=g\",\"url\":\"https:\/\/secure.gravatar.com\/avatar\/6ed1007e4f6f43f22e3df41d9fce4365533cba47fef64bb359b8e629abbc2ea6?s=96&d=mm&r=g\",\"contentUrl\":\"https:\/\/secure.gravatar.com\/avatar\/6ed1007e4f6f43f22e3df41d9fce4365533cba47fef64bb359b8e629abbc2ea6?s=96&d=mm&r=g\",\"caption\":\"syncreadwrite\"},\"url\":\"https:\/\/www.sts-education.com\/fi\/author\/syncreadwrite\/\"}]}<\/script>\n<!-- \/ Yoast SEO Premium plugin. -->","yoast_head_json":{"title":"Vittoria oli lukiovaihdossa Saksassa","description":"Olin 11 kuukauden ajan Starnbergiss\u00e4, pieness\u00e4 kaupungissa Baijerissa, 30 minuutin matkan p\u00e4\u00e4ss\u00e4 M\u00fcnchenist\u00e4. Kokemus oli paras t\u00e4h\u00e4nastisessa el\u00e4m\u00e4ss\u00e4ni.","robots":{"index":"index","follow":"follow","max-snippet":"max-snippet:-1","max-image-preview":"max-image-preview:large","max-video-preview":"max-video-preview:-1"},"canonical":"https:\/\/www.sts-education.com\/fi\/vaihto-oppilas\/vaihto-oppilaamme\/oppilaskertomukset\/vittoria-oli-lukiovaihdossa-saksassa\/","og_locale":"fi_FI","og_type":"article","og_title":"Vittoria Oli Lukiovaihdossa Saksassa","og_description":"Olin 11 kuukauden ajan Starnbergiss\u00e4, pieness\u00e4 kaupungissa Baijerissa, 30 minuutin matkan p\u00e4\u00e4ss\u00e4 M\u00fcnchenist\u00e4. Kokemus oli paras t\u00e4h\u00e4nastisessa el\u00e4m\u00e4ss\u00e4ni.","og_url":"https:\/\/www.sts-education.com\/fi\/vaihto-oppilas\/vaihto-oppilaamme\/oppilaskertomukset\/vittoria-oli-lukiovaihdossa-saksassa\/","og_site_name":"STS Education","article_published_time":"2023-05-02T10:00:00+00:00","article_modified_time":"2026-04-14T10:13:40+00:00","og_image":[{"width":150,"height":150,"url":"https:\/\/powered-by.qbank.se\/educatius\/sts\/\/ca9fb1d01fb6c899ef4095abc2d3ea13_1-1-thumb.webp","type":"image\/jpeg"}],"author":"syncreadwrite","twitter_card":"summary_large_image","twitter_misc":{"Kirjoittanut":"syncreadwrite","Arvioitu lukuaika":"4 minuuttia"},"schema":{"@context":"https:\/\/schema.org","@graph":[{"@type":"Article","@id":"https:\/\/www.sts-education.com\/fi\/vaihto-oppilas\/vaihto-oppilaamme\/oppilaskertomukset\/vittoria-oli-lukiovaihdossa-saksassa\/#article","isPartOf":{"@id":"https:\/\/www.sts-education.com\/fi\/vaihto-oppilas\/vaihto-oppilaamme\/oppilaskertomukset\/vittoria-oli-lukiovaihdossa-saksassa\/"},"author":{"name":"syncreadwrite","@id":"https:\/\/www.sts-education.com\/fi\/#\/schema\/person\/8b82f3a2e45f020b8f296d7a85d9a97c"},"headline":"Vittoria Oli Lukiovaihdossa Saksassa","datePublished":"2023-05-02T10:00:00+00:00","dateModified":"2026-04-14T10:13:40+00:00","mainEntityOfPage":{"@id":"https:\/\/www.sts-education.com\/fi\/vaihto-oppilas\/vaihto-oppilaamme\/oppilaskertomukset\/vittoria-oli-lukiovaihdossa-saksassa\/"},"wordCount":785,"commentCount":0,"image":{"@id":"https:\/\/www.sts-education.com\/fi\/vaihto-oppilas\/vaihto-oppilaamme\/oppilaskertomukset\/vittoria-oli-lukiovaihdossa-saksassa\/#primaryimage"},"thumbnailUrl":"https:\/\/powered-by.qbank.se\/educatius\/sts\/\/ca9fb1d01fb6c899ef4095abc2d3ea13_1-1-thumb.webp","keywords":["Saksa"],"articleSection":["Uncategorized @fi"],"inLanguage":"fi","potentialAction":[{"@type":"CommentAction","name":"Comment","target":["https:\/\/www.sts-education.com\/fi\/vaihto-oppilas\/vaihto-oppilaamme\/oppilaskertomukset\/vittoria-oli-lukiovaihdossa-saksassa\/#respond"]}]},{"@type":"WebPage","@id":"https:\/\/www.sts-education.com\/fi\/vaihto-oppilas\/vaihto-oppilaamme\/oppilaskertomukset\/vittoria-oli-lukiovaihdossa-saksassa\/","url":"https:\/\/www.sts-education.com\/fi\/vaihto-oppilas\/vaihto-oppilaamme\/oppilaskertomukset\/vittoria-oli-lukiovaihdossa-saksassa\/","name":"Vittoria oli lukiovaihdossa Saksassa","isPartOf":{"@id":"https:\/\/www.sts-education.com\/fi\/#website"},"primaryImageOfPage":{"@id":"https:\/\/www.sts-education.com\/fi\/vaihto-oppilas\/vaihto-oppilaamme\/oppilaskertomukset\/vittoria-oli-lukiovaihdossa-saksassa\/#primaryimage"},"image":{"@id":"https:\/\/www.sts-education.com\/fi\/vaihto-oppilas\/vaihto-oppilaamme\/oppilaskertomukset\/vittoria-oli-lukiovaihdossa-saksassa\/#primaryimage"},"thumbnailUrl":"https:\/\/powered-by.qbank.se\/educatius\/sts\/\/ca9fb1d01fb6c899ef4095abc2d3ea13_1-1-thumb.webp","datePublished":"2023-05-02T10:00:00+00:00","dateModified":"2026-04-14T10:13:40+00:00","author":{"@id":"https:\/\/www.sts-education.com\/fi\/#\/schema\/person\/8b82f3a2e45f020b8f296d7a85d9a97c"},"description":"Olin 11 kuukauden ajan Starnbergiss\u00e4, pieness\u00e4 kaupungissa Baijerissa, 30 minuutin matkan p\u00e4\u00e4ss\u00e4 M\u00fcnchenist\u00e4. Kokemus oli paras t\u00e4h\u00e4nastisessa el\u00e4m\u00e4ss\u00e4ni.","breadcrumb":{"@id":"https:\/\/www.sts-education.com\/fi\/vaihto-oppilas\/vaihto-oppilaamme\/oppilaskertomukset\/vittoria-oli-lukiovaihdossa-saksassa\/#breadcrumb"},"inLanguage":"fi","potentialAction":[{"@type":"ReadAction","target":["https:\/\/www.sts-education.com\/fi\/vaihto-oppilas\/vaihto-oppilaamme\/oppilaskertomukset\/vittoria-oli-lukiovaihdossa-saksassa\/"]}]},{"@type":"ImageObject","inLanguage":"fi","@id":"https:\/\/www.sts-education.com\/fi\/vaihto-oppilas\/vaihto-oppilaamme\/oppilaskertomukset\/vittoria-oli-lukiovaihdossa-saksassa\/#primaryimage","url":"https:\/\/powered-by.qbank.se\/educatius\/sts\/\/ca9fb1d01fb6c899ef4095abc2d3ea13_1-1-thumb.webp","contentUrl":"https:\/\/powered-by.qbank.se\/educatius\/sts\/\/ca9fb1d01fb6c899ef4095abc2d3ea13_1-1-thumb.webp","width":150,"height":150},{"@type":"BreadcrumbList","@id":"https:\/\/www.sts-education.com\/fi\/vaihto-oppilas\/vaihto-oppilaamme\/oppilaskertomukset\/vittoria-oli-lukiovaihdossa-saksassa\/#breadcrumb","itemListElement":[{"@type":"ListItem","position":1,"name":"Home","item":"https:\/\/www.sts-education.com\/fi\/"},{"@type":"ListItem","position":2,"name":"Vittoria Oli Lukiovaihdossa Saksassa"}]},{"@type":"WebSite","@id":"https:\/\/www.sts-education.com\/fi\/#website","url":"https:\/\/www.sts-education.com\/fi\/","name":"STS Education","description":"","potentialAction":[{"@type":"SearchAction","target":{"@type":"EntryPoint","urlTemplate":"https:\/\/www.sts-education.com\/fi\/?s={search_term_string}"},"query-input":{"@type":"PropertyValueSpecification","valueRequired":true,"valueName":"search_term_string"}}],"inLanguage":"fi"},{"@type":"Person","@id":"https:\/\/www.sts-education.com\/fi\/#\/schema\/person\/8b82f3a2e45f020b8f296d7a85d9a97c","name":"syncreadwrite","image":{"@type":"ImageObject","inLanguage":"fi","@id":"https:\/\/secure.gravatar.com\/avatar\/6ed1007e4f6f43f22e3df41d9fce4365533cba47fef64bb359b8e629abbc2ea6?s=96&d=mm&r=g","url":"https:\/\/secure.gravatar.com\/avatar\/6ed1007e4f6f43f22e3df41d9fce4365533cba47fef64bb359b8e629abbc2ea6?s=96&d=mm&r=g","contentUrl":"https:\/\/secure.gravatar.com\/avatar\/6ed1007e4f6f43f22e3df41d9fce4365533cba47fef64bb359b8e629abbc2ea6?s=96&d=mm&r=g","caption":"syncreadwrite"},"url":"https:\/\/www.sts-education.com\/fi\/author\/syncreadwrite\/"}]}},"_links":{"self":[{"href":"https:\/\/www.sts-education.com\/fi\/wp-json\/wp\/v2\/posts\/11580","targetHints":{"allow":["GET"]}}],"collection":[{"href":"https:\/\/www.sts-education.com\/fi\/wp-json\/wp\/v2\/posts"}],"about":[{"href":"https:\/\/www.sts-education.com\/fi\/wp-json\/wp\/v2\/types\/post"}],"author":[{"embeddable":true,"href":"https:\/\/www.sts-education.com\/fi\/wp-json\/wp\/v2\/users\/20"}],"replies":[{"embeddable":true,"href":"https:\/\/www.sts-education.com\/fi\/wp-json\/wp\/v2\/comments?post=11580"}],"version-history":[{"count":4,"href":"https:\/\/www.sts-education.com\/fi\/wp-json\/wp\/v2\/posts\/11580\/revisions"}],"predecessor-version":[{"id":34008,"href":"https:\/\/www.sts-education.com\/fi\/wp-json\/wp\/v2\/posts\/11580\/revisions\/34008"}],"wp:featuredmedia":[{"embeddable":true,"href":"https:\/\/www.sts-education.com\/fi\/wp-json\/wp\/v2\/media\/13414"}],"wp:attachment":[{"href":"https:\/\/www.sts-education.com\/fi\/wp-json\/wp\/v2\/media?parent=11580"}],"wp:term":[{"taxonomy":"category","embeddable":true,"href":"https:\/\/www.sts-education.com\/fi\/wp-json\/wp\/v2\/categories?post=11580"},{"taxonomy":"post_tag","embeddable":true,"href":"https:\/\/www.sts-education.com\/fi\/wp-json\/wp\/v2\/tags?post=11580"},{"taxonomy":"wpw_post_folders","embeddable":true,"href":"https:\/\/www.sts-education.com\/fi\/wp-json\/wp\/v2\/wpw_post_folders?post=11580"}],"curies":[{"name":"wp","href":"https:\/\/api.w.org\/{rel}","templated":true}]}}