{"id":11589,"date":"2023-03-30T12:00:00","date_gmt":"2023-03-30T10:00:00","guid":{"rendered":"https:\/\/preprod.sts-education.com\/blog\/2026\/03\/05\/barbara-vietti-vaihtovuoden-costa-ricassa\/"},"modified":"2026-04-14T10:13:51","modified_gmt":"2026-04-14T10:13:51","slug":"barbara-vietti-vaihtovuoden-costa-ricassa","status":"publish","type":"post","link":"https:\/\/www.sts-education.com\/fi\/vaihto-oppilas\/vaihto-oppilaamme\/oppilaskertomukset\/barbara-vietti-vaihtovuoden-costa-ricassa\/","title":{"rendered":"Barbara Vietti Vaihtovuoden Costa Ricassa"},"content":{"rendered":"\n<div class=\"wp-block-sts-text sts-text-editor has-max-width-md\"><div class=\"sts-text-editor__content\"><div class=\"sts-text-editor__content-inner\">\n<h1 style=\"text-align:center\">Barbara vietti vaihtovuoden Costa Ricassa<\/h1>\n<\/div><\/div><\/div>\n\n\n\n<div class=\"wp-block-sts-text sts-text-editor has-max-width-md\"><div class=\"sts-text-editor__content\"><div class=\"sts-text-editor__content-inner\">\n<p><em>Italialainen Barbara meni vaihto-oppilaaksi Costa Ricaan.<\/em><\/p>\n<h2>Miksi l\u00e4hdit vaihtoon?<\/h2>\n<p>L\u00e4hdin vaihtoon, koska halusin haastaa itse\u00e4ni. Valitsin Costa Rican, koska halusin tutustua erilaiseen osaan maailmasta kuin oma kotimaani on.<\/p>\n<h2>Millaista oli el\u00e4\u00e4 is\u00e4nt\u00e4perheess\u00e4?<\/h2>\n<p>Sain el\u00e4\u00e4 is\u00e4nt\u00e4perheess\u00e4, jossa oli kolme sisarta. Yksi host-sisarista oli vaihto-oppilas Ruotsista. Tulimme toimeen yht\u00e4 hyvin kuin oikeat sisarukset. En olisi voinut toivoa parempaa is\u00e4nt\u00e4perhett\u00e4! He pitiv\u00e4t minusta huolta ja olivat aina valmiita auttamaan minua.<\/p>\n<h2>Millaista koulussa oli?<\/h2>\n<p>Koulu on Costa Ricassa paikka, jossa saa uusia yst\u00e4vi\u00e4. Jokainen ihminen koulussa oli todella mukava. Koulu saattaa olla v\u00e4lill\u00e4 my\u00f6s melko haastavaa, ennen kaikkea kielimuurin takia. Mutta kun uutta kielt\u00e4 k\u00e4ytt\u00e4\u00e4 p\u00e4ivitt\u00e4in, kielenk\u00e4ytt\u00f6 helpottuu koko ajan ja kielitaito kehittyy todella nopeasti! Yksi vaihtovuoden ihmeellisist\u00e4 puolista on se, ett\u00e4 kohtaa haasteita melkeinp\u00e4 joka p\u00e4iv\u00e4. Tulee tehneeksi asioita, jotka viev\u00e4t mukavuusalueen ulkopuolelle, ja se kasvattaa ihmisen\u00e4. Tulee my\u00f6s kokeneeksi aivan erilaisia asioita kuin kotimaassa.<\/p>\n<h2>Onko sinulla erityisi\u00e4 mieleen j\u00e4\u00e4neit\u00e4 muistoja?<\/h2>\n<p>Costa Rican itsen\u00e4isyysp\u00e4iv\u00e4n\u00e4, joka on 15.syyskuuta, kaikki koulut osallistuvat isoon paraatiin. Jokainen koulu esitt\u00e4\u00e4 oman tanssin koulub\u00e4ndin kanssa. Liityin mukaan tanssiryhm\u00e4\u00e4n, ja opin sit\u00e4 kautta tanssimaan. Se on jotain sellaista, mit\u00e4 en koskaan ajatellut tekev\u00e4ni, koska en n\u00e4hnyt itse\u00e4ni min\u00e4\u00e4n tanssijana. Mutta olen niin onnellinen siit\u00e4, ett\u00e4 tein sen. Tapa, jolla is\u00e4nt\u00e4perhe oli minusta ylpe\u00e4 ja kutsui minua tytt\u00e4rekseen, sulatti syd\u00e4meni!<\/p>\n<h2>Voitko suositella vaihtoon l\u00e4htemist\u00e4?<\/h2>\n<p>Joo, todellakin. Se muuttaa tavan ajatella, saa arvostamaan el\u00e4m\u00e4n kaikkia puolia ja nauttimaan joka hetkest\u00e4. Saattaa tulla ep\u00e4ilyksi\u00e4, tekik\u00f6 oikean valinnan l\u00e4htiess\u00e4\u00e4n vaihtoon. T\u00e4h\u00e4n voin vain todeta: haasta itse\u00e4si, l\u00e4hde vaihtoon ja valmistaudu el\u00e4m\u00e4\u00e4n paras ajanjakso el\u00e4m\u00e4ss\u00e4si! Et tule katumaan tuota p\u00e4\u00e4t\u00f6st\u00e4, se tulee my\u00f6s auttamaan sinua tulevaisuudensuunnitelmiesi kanssa, siin\u00e4 mit\u00e4 haluat tehd\u00e4 ja saavuttaa. Se kasvattaa itsetuntemustasi.<\/p>\n<h2>Voitko suositella STS:\u00e4\u00e4 yrityksen\u00e4?<\/h2>\n<p>Kyll\u00e4 voin. Minulla ei ollut koskaan mink\u00e4\u00e4nlaisia ongelmia, ja STS antoi monia mahdollisuuksia kokea mit\u00e4 ihanimpia ja ihmeellisimpi\u00e4 el\u00e4myksi\u00e4! Sinulla tulee aina olemaan joku, jolle puhua ja jolta saa tarvittaessa neuvoja ja apua.<\/p>\n<h2>Lue lis\u00e4\u00e4<\/h2>\n<ul><li>Lue lis\u00e4\u00e4 <a href=\"https:\/\/www.sts-education.com\/fi\/vaihto-oppilas\/vaihto-oppilaamme\/oppilaskertomukset\/?hashtag=CostaRica\">opiskelijoiden tarinoita Costa Ricasta<\/a><\/li>\n<li>Lue lis\u00e4\u00e4 <a href=\"https:\/\/www.sts-education.com\/fi\/vaihto-oppilas\/kohdemaat\/etela-ja-keski-amerikka\/costa-rica\/\">lukiovaihdosta Costa Ricassa<\/a><\/li>\n<li>Katso <a href=\"\/fi\/vaihto-oppilas\/tripfinder\/\">kaikki lukiovaihtokohteemm<\/a><\/li><\/ul>\n<\/div><\/div><\/div>\n","protected":false},"excerpt":{"rendered":"","protected":false},"author":20,"featured_media":13432,"comment_status":"open","ping_status":"open","sticky":false,"template":"","format":"standard","meta":{"_acf_changed":false,"_yoast_wpseo_title":"Barbara vietti vaihtovuoden Costa Ricassa","_yoast_wpseo_metadesc":"L\u00e4hdin vaihtoon, koska halusin haastaa itse\u00e4ni. Valitsin Costa Rican, koska halusin tutustua erilaiseen osaan maailmasta kuin oma kotimaani on.","footnotes":""},"categories":[306],"tags":[921],"wpw_post_folders":[],"class_list":["post-11589","post","type-post","status-publish","format-standard","has-post-thumbnail","hentry","category-uncategorized-fi","tag-costa-rica"],"acf":[],"yoast_head":"<!-- This site is optimized with the Yoast SEO Premium plugin v27.2 (Yoast SEO v27.2) - https:\/\/yoast.com\/product\/yoast-seo-premium-wordpress\/ -->\n<title>Barbara vietti vaihtovuoden Costa Ricassa<\/title>\n<meta name=\"description\" content=\"L\u00e4hdin vaihtoon, koska halusin haastaa itse\u00e4ni. Valitsin Costa Rican, koska halusin tutustua erilaiseen osaan maailmasta kuin oma kotimaani on.\" \/>\n<meta name=\"robots\" content=\"index, follow, max-snippet:-1, max-image-preview:large, max-video-preview:-1\" \/>\n<link rel=\"canonical\" href=\"https:\/\/www.sts-education.com\/fi\/vaihto-oppilas\/vaihto-oppilaamme\/oppilaskertomukset\/barbara-vietti-vaihtovuoden-costa-ricassa\/\" \/>\n<meta property=\"og:locale\" content=\"fi_FI\" \/>\n<meta property=\"og:type\" content=\"article\" \/>\n<meta property=\"og:title\" content=\"Barbara Vietti Vaihtovuoden Costa Ricassa\" \/>\n<meta property=\"og:description\" content=\"L\u00e4hdin vaihtoon, koska halusin haastaa itse\u00e4ni. Valitsin Costa Rican, koska halusin tutustua erilaiseen osaan maailmasta kuin oma kotimaani on.\" \/>\n<meta property=\"og:url\" content=\"https:\/\/www.sts-education.com\/fi\/vaihto-oppilas\/vaihto-oppilaamme\/oppilaskertomukset\/barbara-vietti-vaihtovuoden-costa-ricassa\/\" \/>\n<meta property=\"og:site_name\" content=\"STS Education\" \/>\n<meta property=\"article:published_time\" content=\"2023-03-30T10:00:00+00:00\" \/>\n<meta property=\"article:modified_time\" content=\"2026-04-14T10:13:51+00:00\" \/>\n<meta property=\"og:image\" content=\"https:\/\/powered-by.qbank.se\/educatius\/sts\/\/2d8d607eebaed8ebe7ab545194237fae_1-1-thumb.webp\" \/>\n\t<meta property=\"og:image:width\" content=\"150\" \/>\n\t<meta property=\"og:image:height\" content=\"150\" \/>\n\t<meta property=\"og:image:type\" content=\"image\/jpeg\" \/>\n<meta name=\"author\" content=\"syncreadwrite\" \/>\n<meta name=\"twitter:card\" content=\"summary_large_image\" \/>\n<meta name=\"twitter:label1\" content=\"Kirjoittanut\" \/>\n\t<meta name=\"twitter:data1\" content=\"syncreadwrite\" \/>\n\t<meta name=\"twitter:label2\" content=\"Arvioitu lukuaika\" \/>\n\t<meta name=\"twitter:data2\" content=\"2 minuuttia\" \/>\n<script type=\"application\/ld+json\" class=\"yoast-schema-graph\">{\"@context\":\"https:\/\/schema.org\",\"@graph\":[{\"@type\":\"Article\",\"@id\":\"https:\/\/www.sts-education.com\/fi\/vaihto-oppilas\/vaihto-oppilaamme\/oppilaskertomukset\/barbara-vietti-vaihtovuoden-costa-ricassa\/#article\",\"isPartOf\":{\"@id\":\"https:\/\/www.sts-education.com\/fi\/vaihto-oppilas\/vaihto-oppilaamme\/oppilaskertomukset\/barbara-vietti-vaihtovuoden-costa-ricassa\/\"},\"author\":{\"name\":\"syncreadwrite\",\"@id\":\"https:\/\/www.sts-education.com\/fi\/#\/schema\/person\/8b82f3a2e45f020b8f296d7a85d9a97c\"},\"headline\":\"Barbara Vietti Vaihtovuoden Costa Ricassa\",\"datePublished\":\"2023-03-30T10:00:00+00:00\",\"dateModified\":\"2026-04-14T10:13:51+00:00\",\"mainEntityOfPage\":{\"@id\":\"https:\/\/www.sts-education.com\/fi\/vaihto-oppilas\/vaihto-oppilaamme\/oppilaskertomukset\/barbara-vietti-vaihtovuoden-costa-ricassa\/\"},\"wordCount\":388,\"commentCount\":0,\"image\":{\"@id\":\"https:\/\/www.sts-education.com\/fi\/vaihto-oppilas\/vaihto-oppilaamme\/oppilaskertomukset\/barbara-vietti-vaihtovuoden-costa-ricassa\/#primaryimage\"},\"thumbnailUrl\":\"https:\/\/powered-by.qbank.se\/educatius\/sts\/\/2d8d607eebaed8ebe7ab545194237fae_1-1-thumb.webp\",\"keywords\":[\"Costa Rica\"],\"articleSection\":[\"Uncategorized @fi\"],\"inLanguage\":\"fi\",\"potentialAction\":[{\"@type\":\"CommentAction\",\"name\":\"Comment\",\"target\":[\"https:\/\/www.sts-education.com\/fi\/vaihto-oppilas\/vaihto-oppilaamme\/oppilaskertomukset\/barbara-vietti-vaihtovuoden-costa-ricassa\/#respond\"]}]},{\"@type\":\"WebPage\",\"@id\":\"https:\/\/www.sts-education.com\/fi\/vaihto-oppilas\/vaihto-oppilaamme\/oppilaskertomukset\/barbara-vietti-vaihtovuoden-costa-ricassa\/\",\"url\":\"https:\/\/www.sts-education.com\/fi\/vaihto-oppilas\/vaihto-oppilaamme\/oppilaskertomukset\/barbara-vietti-vaihtovuoden-costa-ricassa\/\",\"name\":\"Barbara vietti vaihtovuoden Costa Ricassa\",\"isPartOf\":{\"@id\":\"https:\/\/www.sts-education.com\/fi\/#website\"},\"primaryImageOfPage\":{\"@id\":\"https:\/\/www.sts-education.com\/fi\/vaihto-oppilas\/vaihto-oppilaamme\/oppilaskertomukset\/barbara-vietti-vaihtovuoden-costa-ricassa\/#primaryimage\"},\"image\":{\"@id\":\"https:\/\/www.sts-education.com\/fi\/vaihto-oppilas\/vaihto-oppilaamme\/oppilaskertomukset\/barbara-vietti-vaihtovuoden-costa-ricassa\/#primaryimage\"},\"thumbnailUrl\":\"https:\/\/powered-by.qbank.se\/educatius\/sts\/\/2d8d607eebaed8ebe7ab545194237fae_1-1-thumb.webp\",\"datePublished\":\"2023-03-30T10:00:00+00:00\",\"dateModified\":\"2026-04-14T10:13:51+00:00\",\"author\":{\"@id\":\"https:\/\/www.sts-education.com\/fi\/#\/schema\/person\/8b82f3a2e45f020b8f296d7a85d9a97c\"},\"description\":\"L\u00e4hdin vaihtoon, koska halusin haastaa itse\u00e4ni. Valitsin Costa Rican, koska halusin tutustua erilaiseen osaan maailmasta kuin oma kotimaani on.\",\"breadcrumb\":{\"@id\":\"https:\/\/www.sts-education.com\/fi\/vaihto-oppilas\/vaihto-oppilaamme\/oppilaskertomukset\/barbara-vietti-vaihtovuoden-costa-ricassa\/#breadcrumb\"},\"inLanguage\":\"fi\",\"potentialAction\":[{\"@type\":\"ReadAction\",\"target\":[\"https:\/\/www.sts-education.com\/fi\/vaihto-oppilas\/vaihto-oppilaamme\/oppilaskertomukset\/barbara-vietti-vaihtovuoden-costa-ricassa\/\"]}]},{\"@type\":\"ImageObject\",\"inLanguage\":\"fi\",\"@id\":\"https:\/\/www.sts-education.com\/fi\/vaihto-oppilas\/vaihto-oppilaamme\/oppilaskertomukset\/barbara-vietti-vaihtovuoden-costa-ricassa\/#primaryimage\",\"url\":\"https:\/\/powered-by.qbank.se\/educatius\/sts\/\/2d8d607eebaed8ebe7ab545194237fae_1-1-thumb.webp\",\"contentUrl\":\"https:\/\/powered-by.qbank.se\/educatius\/sts\/\/2d8d607eebaed8ebe7ab545194237fae_1-1-thumb.webp\",\"width\":150,\"height\":150},{\"@type\":\"BreadcrumbList\",\"@id\":\"https:\/\/www.sts-education.com\/fi\/vaihto-oppilas\/vaihto-oppilaamme\/oppilaskertomukset\/barbara-vietti-vaihtovuoden-costa-ricassa\/#breadcrumb\",\"itemListElement\":[{\"@type\":\"ListItem\",\"position\":1,\"name\":\"Home\",\"item\":\"https:\/\/www.sts-education.com\/fi\/\"},{\"@type\":\"ListItem\",\"position\":2,\"name\":\"Barbara Vietti Vaihtovuoden Costa Ricassa\"}]},{\"@type\":\"WebSite\",\"@id\":\"https:\/\/www.sts-education.com\/fi\/#website\",\"url\":\"https:\/\/www.sts-education.com\/fi\/\",\"name\":\"STS Education\",\"description\":\"\",\"potentialAction\":[{\"@type\":\"SearchAction\",\"target\":{\"@type\":\"EntryPoint\",\"urlTemplate\":\"https:\/\/www.sts-education.com\/fi\/?s={search_term_string}\"},\"query-input\":{\"@type\":\"PropertyValueSpecification\",\"valueRequired\":true,\"valueName\":\"search_term_string\"}}],\"inLanguage\":\"fi\"},{\"@type\":\"Person\",\"@id\":\"https:\/\/www.sts-education.com\/fi\/#\/schema\/person\/8b82f3a2e45f020b8f296d7a85d9a97c\",\"name\":\"syncreadwrite\",\"image\":{\"@type\":\"ImageObject\",\"inLanguage\":\"fi\",\"@id\":\"https:\/\/secure.gravatar.com\/avatar\/6ed1007e4f6f43f22e3df41d9fce4365533cba47fef64bb359b8e629abbc2ea6?s=96&d=mm&r=g\",\"url\":\"https:\/\/secure.gravatar.com\/avatar\/6ed1007e4f6f43f22e3df41d9fce4365533cba47fef64bb359b8e629abbc2ea6?s=96&d=mm&r=g\",\"contentUrl\":\"https:\/\/secure.gravatar.com\/avatar\/6ed1007e4f6f43f22e3df41d9fce4365533cba47fef64bb359b8e629abbc2ea6?s=96&d=mm&r=g\",\"caption\":\"syncreadwrite\"},\"url\":\"https:\/\/www.sts-education.com\/fi\/author\/syncreadwrite\/\"}]}<\/script>\n<!-- \/ Yoast SEO Premium plugin. -->","yoast_head_json":{"title":"Barbara vietti vaihtovuoden Costa Ricassa","description":"L\u00e4hdin vaihtoon, koska halusin haastaa itse\u00e4ni. Valitsin Costa Rican, koska halusin tutustua erilaiseen osaan maailmasta kuin oma kotimaani on.","robots":{"index":"index","follow":"follow","max-snippet":"max-snippet:-1","max-image-preview":"max-image-preview:large","max-video-preview":"max-video-preview:-1"},"canonical":"https:\/\/www.sts-education.com\/fi\/vaihto-oppilas\/vaihto-oppilaamme\/oppilaskertomukset\/barbara-vietti-vaihtovuoden-costa-ricassa\/","og_locale":"fi_FI","og_type":"article","og_title":"Barbara Vietti Vaihtovuoden Costa Ricassa","og_description":"L\u00e4hdin vaihtoon, koska halusin haastaa itse\u00e4ni. Valitsin Costa Rican, koska halusin tutustua erilaiseen osaan maailmasta kuin oma kotimaani on.","og_url":"https:\/\/www.sts-education.com\/fi\/vaihto-oppilas\/vaihto-oppilaamme\/oppilaskertomukset\/barbara-vietti-vaihtovuoden-costa-ricassa\/","og_site_name":"STS Education","article_published_time":"2023-03-30T10:00:00+00:00","article_modified_time":"2026-04-14T10:13:51+00:00","og_image":[{"width":150,"height":150,"url":"https:\/\/powered-by.qbank.se\/educatius\/sts\/\/2d8d607eebaed8ebe7ab545194237fae_1-1-thumb.webp","type":"image\/jpeg"}],"author":"syncreadwrite","twitter_card":"summary_large_image","twitter_misc":{"Kirjoittanut":"syncreadwrite","Arvioitu lukuaika":"2 minuuttia"},"schema":{"@context":"https:\/\/schema.org","@graph":[{"@type":"Article","@id":"https:\/\/www.sts-education.com\/fi\/vaihto-oppilas\/vaihto-oppilaamme\/oppilaskertomukset\/barbara-vietti-vaihtovuoden-costa-ricassa\/#article","isPartOf":{"@id":"https:\/\/www.sts-education.com\/fi\/vaihto-oppilas\/vaihto-oppilaamme\/oppilaskertomukset\/barbara-vietti-vaihtovuoden-costa-ricassa\/"},"author":{"name":"syncreadwrite","@id":"https:\/\/www.sts-education.com\/fi\/#\/schema\/person\/8b82f3a2e45f020b8f296d7a85d9a97c"},"headline":"Barbara Vietti Vaihtovuoden Costa Ricassa","datePublished":"2023-03-30T10:00:00+00:00","dateModified":"2026-04-14T10:13:51+00:00","mainEntityOfPage":{"@id":"https:\/\/www.sts-education.com\/fi\/vaihto-oppilas\/vaihto-oppilaamme\/oppilaskertomukset\/barbara-vietti-vaihtovuoden-costa-ricassa\/"},"wordCount":388,"commentCount":0,"image":{"@id":"https:\/\/www.sts-education.com\/fi\/vaihto-oppilas\/vaihto-oppilaamme\/oppilaskertomukset\/barbara-vietti-vaihtovuoden-costa-ricassa\/#primaryimage"},"thumbnailUrl":"https:\/\/powered-by.qbank.se\/educatius\/sts\/\/2d8d607eebaed8ebe7ab545194237fae_1-1-thumb.webp","keywords":["Costa Rica"],"articleSection":["Uncategorized @fi"],"inLanguage":"fi","potentialAction":[{"@type":"CommentAction","name":"Comment","target":["https:\/\/www.sts-education.com\/fi\/vaihto-oppilas\/vaihto-oppilaamme\/oppilaskertomukset\/barbara-vietti-vaihtovuoden-costa-ricassa\/#respond"]}]},{"@type":"WebPage","@id":"https:\/\/www.sts-education.com\/fi\/vaihto-oppilas\/vaihto-oppilaamme\/oppilaskertomukset\/barbara-vietti-vaihtovuoden-costa-ricassa\/","url":"https:\/\/www.sts-education.com\/fi\/vaihto-oppilas\/vaihto-oppilaamme\/oppilaskertomukset\/barbara-vietti-vaihtovuoden-costa-ricassa\/","name":"Barbara vietti vaihtovuoden Costa Ricassa","isPartOf":{"@id":"https:\/\/www.sts-education.com\/fi\/#website"},"primaryImageOfPage":{"@id":"https:\/\/www.sts-education.com\/fi\/vaihto-oppilas\/vaihto-oppilaamme\/oppilaskertomukset\/barbara-vietti-vaihtovuoden-costa-ricassa\/#primaryimage"},"image":{"@id":"https:\/\/www.sts-education.com\/fi\/vaihto-oppilas\/vaihto-oppilaamme\/oppilaskertomukset\/barbara-vietti-vaihtovuoden-costa-ricassa\/#primaryimage"},"thumbnailUrl":"https:\/\/powered-by.qbank.se\/educatius\/sts\/\/2d8d607eebaed8ebe7ab545194237fae_1-1-thumb.webp","datePublished":"2023-03-30T10:00:00+00:00","dateModified":"2026-04-14T10:13:51+00:00","author":{"@id":"https:\/\/www.sts-education.com\/fi\/#\/schema\/person\/8b82f3a2e45f020b8f296d7a85d9a97c"},"description":"L\u00e4hdin vaihtoon, koska halusin haastaa itse\u00e4ni. Valitsin Costa Rican, koska halusin tutustua erilaiseen osaan maailmasta kuin oma kotimaani on.","breadcrumb":{"@id":"https:\/\/www.sts-education.com\/fi\/vaihto-oppilas\/vaihto-oppilaamme\/oppilaskertomukset\/barbara-vietti-vaihtovuoden-costa-ricassa\/#breadcrumb"},"inLanguage":"fi","potentialAction":[{"@type":"ReadAction","target":["https:\/\/www.sts-education.com\/fi\/vaihto-oppilas\/vaihto-oppilaamme\/oppilaskertomukset\/barbara-vietti-vaihtovuoden-costa-ricassa\/"]}]},{"@type":"ImageObject","inLanguage":"fi","@id":"https:\/\/www.sts-education.com\/fi\/vaihto-oppilas\/vaihto-oppilaamme\/oppilaskertomukset\/barbara-vietti-vaihtovuoden-costa-ricassa\/#primaryimage","url":"https:\/\/powered-by.qbank.se\/educatius\/sts\/\/2d8d607eebaed8ebe7ab545194237fae_1-1-thumb.webp","contentUrl":"https:\/\/powered-by.qbank.se\/educatius\/sts\/\/2d8d607eebaed8ebe7ab545194237fae_1-1-thumb.webp","width":150,"height":150},{"@type":"BreadcrumbList","@id":"https:\/\/www.sts-education.com\/fi\/vaihto-oppilas\/vaihto-oppilaamme\/oppilaskertomukset\/barbara-vietti-vaihtovuoden-costa-ricassa\/#breadcrumb","itemListElement":[{"@type":"ListItem","position":1,"name":"Home","item":"https:\/\/www.sts-education.com\/fi\/"},{"@type":"ListItem","position":2,"name":"Barbara Vietti Vaihtovuoden Costa Ricassa"}]},{"@type":"WebSite","@id":"https:\/\/www.sts-education.com\/fi\/#website","url":"https:\/\/www.sts-education.com\/fi\/","name":"STS Education","description":"","potentialAction":[{"@type":"SearchAction","target":{"@type":"EntryPoint","urlTemplate":"https:\/\/www.sts-education.com\/fi\/?s={search_term_string}"},"query-input":{"@type":"PropertyValueSpecification","valueRequired":true,"valueName":"search_term_string"}}],"inLanguage":"fi"},{"@type":"Person","@id":"https:\/\/www.sts-education.com\/fi\/#\/schema\/person\/8b82f3a2e45f020b8f296d7a85d9a97c","name":"syncreadwrite","image":{"@type":"ImageObject","inLanguage":"fi","@id":"https:\/\/secure.gravatar.com\/avatar\/6ed1007e4f6f43f22e3df41d9fce4365533cba47fef64bb359b8e629abbc2ea6?s=96&d=mm&r=g","url":"https:\/\/secure.gravatar.com\/avatar\/6ed1007e4f6f43f22e3df41d9fce4365533cba47fef64bb359b8e629abbc2ea6?s=96&d=mm&r=g","contentUrl":"https:\/\/secure.gravatar.com\/avatar\/6ed1007e4f6f43f22e3df41d9fce4365533cba47fef64bb359b8e629abbc2ea6?s=96&d=mm&r=g","caption":"syncreadwrite"},"url":"https:\/\/www.sts-education.com\/fi\/author\/syncreadwrite\/"}]}},"_links":{"self":[{"href":"https:\/\/www.sts-education.com\/fi\/wp-json\/wp\/v2\/posts\/11589","targetHints":{"allow":["GET"]}}],"collection":[{"href":"https:\/\/www.sts-education.com\/fi\/wp-json\/wp\/v2\/posts"}],"about":[{"href":"https:\/\/www.sts-education.com\/fi\/wp-json\/wp\/v2\/types\/post"}],"author":[{"embeddable":true,"href":"https:\/\/www.sts-education.com\/fi\/wp-json\/wp\/v2\/users\/20"}],"replies":[{"embeddable":true,"href":"https:\/\/www.sts-education.com\/fi\/wp-json\/wp\/v2\/comments?post=11589"}],"version-history":[{"count":4,"href":"https:\/\/www.sts-education.com\/fi\/wp-json\/wp\/v2\/posts\/11589\/revisions"}],"predecessor-version":[{"id":34016,"href":"https:\/\/www.sts-education.com\/fi\/wp-json\/wp\/v2\/posts\/11589\/revisions\/34016"}],"wp:featuredmedia":[{"embeddable":true,"href":"https:\/\/www.sts-education.com\/fi\/wp-json\/wp\/v2\/media\/13432"}],"wp:attachment":[{"href":"https:\/\/www.sts-education.com\/fi\/wp-json\/wp\/v2\/media?parent=11589"}],"wp:term":[{"taxonomy":"category","embeddable":true,"href":"https:\/\/www.sts-education.com\/fi\/wp-json\/wp\/v2\/categories?post=11589"},{"taxonomy":"post_tag","embeddable":true,"href":"https:\/\/www.sts-education.com\/fi\/wp-json\/wp\/v2\/tags?post=11589"},{"taxonomy":"wpw_post_folders","embeddable":true,"href":"https:\/\/www.sts-education.com\/fi\/wp-json\/wp\/v2\/wpw_post_folders?post=11589"}],"curies":[{"name":"wp","href":"https:\/\/api.w.org\/{rel}","templated":true}]}}