{"id":12281,"date":"2024-09-20T09:00:00","date_gmt":"2024-09-20T07:00:00","guid":{"rendered":"https:\/\/preprod.sts-education.com\/about-us\/news\/pourquoi-vous-devriez-partir-en-programme-dechange-en-allemagne\/"},"modified":"2026-04-29T09:10:53","modified_gmt":"2026-04-29T07:10:53","slug":"pourquoi-vous-devriez-partir-en-programme-dechange-en-allemagne","status":"publish","type":"news","link":"https:\/\/www.sts-education.com\/fr-ch\/news\/pourquoi-vous-devriez-partir-en-programme-dechange-en-allemagne\/","title":{"rendered":"Pourquoi vous devriez partir en programme d\u2019\u00e9change en Allemagne"},"content":{"rendered":"\n<div class=\"wp-block-sts-text sts-text-editor has-max-width-md\"><div class=\"sts-text-editor__content\"><div class=\"sts-text-editor__content-inner\">\n<h1 style=\"text-align:center\">Pourquoi vous devriez partir en programme d\u2019\u00e9change en Allemagne<\/h1>\n<\/div><\/div><\/div>\n\n\n\n<figure class=\"wp-block-sts-image sts-block-image sts-block-image--count-1 has-max-width-md\" data-count=\"1\"><div class=\"sts-block-image__grid\"><div class=\"sts-block-image__item\"><picture class=\"sts-responsive-image has-fit-cover has-pos-top is-skeleton\"><source media=\"(max-width: 834.98px)\" srcset=\"https:\/\/powered-by.qbank.se\/educatius\/sts\/791f778c4571099a27b7cf27dfb2de07_1-1-thumb.webp 150w, https:\/\/powered-by.qbank.se\/educatius\/sts\/791f778c4571099a27b7cf27dfb2de07_1-1-xsmall.webp 500w, https:\/\/powered-by.qbank.se\/educatius\/sts\/791f778c4571099a27b7cf27dfb2de07_1-1-small.webp 800w, https:\/\/powered-by.qbank.se\/educatius\/sts\/791f778c4571099a27b7cf27dfb2de07_1-1-medium.webp 1024w, https:\/\/powered-by.qbank.se\/educatius\/sts\/791f778c4571099a27b7cf27dfb2de07_1-1-large.webp 1536w\" sizes=\"(max-width: 736px) 100vw, 736px\" type=\"image\/webp\" \/><source media=\"(min-width: 835px)\" srcset=\"https:\/\/powered-by.qbank.se\/educatius\/sts\/791f778c4571099a27b7cf27dfb2de07_1-1-thumb.webp 150w, https:\/\/powered-by.qbank.se\/educatius\/sts\/791f778c4571099a27b7cf27dfb2de07_1-1-xsmall.webp 500w, https:\/\/powered-by.qbank.se\/educatius\/sts\/791f778c4571099a27b7cf27dfb2de07_1-1-small.webp 800w, https:\/\/powered-by.qbank.se\/educatius\/sts\/791f778c4571099a27b7cf27dfb2de07_1-1-medium.webp 1024w, https:\/\/powered-by.qbank.se\/educatius\/sts\/791f778c4571099a27b7cf27dfb2de07_1-1-large.webp 1536w\" sizes=\"(max-width: 736px) 100vw, 736px\" type=\"image\/webp\" \/><img src=\"https:\/\/powered-by.qbank.se\/educatius\/sts\/791f778c4571099a27b7cf27dfb2de07_1-1-thumb.webp\" alt=\"Pourquoi vous devriez partir en programme d\u2019\u00e9change en Allemagne\" loading=\"lazy\" decoding=\"async\" fetchpriority=\"low\" \/><\/picture><\/div><\/div><\/figure>\n\n\n\n<div class=\"wp-block-sts-text sts-text-editor has-max-width-md\"><div class=\"sts-text-editor__content\"><div class=\"sts-text-editor__content-inner\">\n<p>Environ 130 millions de personnes parlent l&#x27;allemand comme premi\u00e8re ou deuxi\u00e8me langue, et vous pourriez \u00eatre l&#x27;une d&#x27;entre elles ! L&#x27;Allemagne dispose d&#x27;un excellent syst\u00e8me scolaire et \u00e9ducatif, et attire des personnes du monde entier gr\u00e2ce \u00e0 son offre culturelle, ses festivals uniques et ses paysages vari\u00e9s. De plus, ce pays ouvert et diversifi\u00e9 s&#x27;int\u00e9resse aux relations internationales et aux diff\u00e9rentes cultures. Vous pouvez donc vous attendre \u00e0 vous sentir le bienvenu !<\/p>\n<p>L&#x27;Allemagne est le plus grand pays de l&#x27;Union Europ\u00e9enne en termes de population et d&#x27;\u00e9conomie. Et elle a vraiment tout pour plaire. Outre son niveau de vie \u00e9lev\u00e9, vous y trouverez une grande vari\u00e9t\u00e9 de cultures r\u00e9gionales et des paysages contrast\u00e9s. Saviez-vous que l&#x27;Allemagne poss\u00e8de des c\u00f4tes bordant deux mers et 77 \u00eeles ? Qu&#x27;elle compte 45 cha\u00eenes de montagnes, dont les Alpes ? Que vous pouvez faire de la randonn\u00e9e sur des volcans et vous baigner dans des lacs de crat\u00e8re ?<\/p>\n<\/div><\/div><\/div>\n\n\n\n<section class=\"wp-block-sts-video sts-block-video sts-block-video--landscape has-max-width-md\"><div class=\"sts-video sts-video--landscape\"><div class=\"sts-video__handler\"><button type=\"button\" class=\"sts-video__play-button\" aria-label=\"Play video\" aria-pressed=\"false\" data-playing=\"false\"><span class=\"sts-video__play-icon\"><img decoding=\"async\" class=\"play-icon\" src=\"data:image\/svg+xml,%3csvg%20width='32'%20height='32'%20viewBox='0%200%2032%2032'%20fill='none'%20xmlns='http:\/\/www.w3.org\/2000\/svg'%3e%3cmask%20id='mask0_2459_8201'%20style='mask-type:alpha'%20maskUnits='userSpaceOnUse'%20x='0'%20y='0'%20width='32'%20height='32'%3e%3crect%20width='32'%20height='32'%20fill='%23D9D9D9'\/%3e%3c\/mask%3e%3cg%20mask='url(%23mask0_2459_8201)'%3e%3cpath%20d='M10.667%2022.8999V9.09993C10.667%208.72216%2010.8003%208.40549%2011.067%208.14993C11.3337%207.89438%2011.6448%207.7666%2012.0003%207.7666C12.1114%207.7666%2012.2281%207.78327%2012.3503%207.8166C12.4725%207.84993%2012.5892%207.89993%2012.7003%207.9666L23.567%2014.8666C23.767%2014.9999%2023.917%2015.1666%2024.017%2015.3666C24.117%2015.5666%2024.167%2015.7777%2024.167%2015.9999C24.167%2016.2222%2024.117%2016.4333%2024.017%2016.6333C23.917%2016.8333%2023.767%2016.9999%2023.567%2017.1333L12.7003%2024.0333C12.5892%2024.0999%2012.4725%2024.1499%2012.3503%2024.1833C12.2281%2024.2166%2012.1114%2024.2333%2012.0003%2024.2333C11.6448%2024.2333%2011.3337%2024.1055%2011.067%2023.8499C10.8003%2023.5944%2010.667%2023.2777%2010.667%2022.8999Z'%20fill='black'\/%3e%3c\/g%3e%3c\/svg%3e\" alt=\"\" aria-hidden=\"true\"\/><img decoding=\"async\" class=\"pause-icon\" src=\"data:image\/svg+xml,%3csvg%20width='32'%20height='32'%20viewBox='0%200%2032%2032'%20fill='none'%20xmlns='http:\/\/www.w3.org\/2000\/svg'%3e%3cmask%20id='mask0_pause'%20style='mask-type:alpha'%20maskUnits='userSpaceOnUse'%20x='0'%20y='0'%20width='32'%20height='32'%3e%3crect%20width='32'%20height='32'%20fill='%23D9D9D9'\/%3e%3c\/mask%3e%3cg%20mask='url(%23mask0_pause)'%3e%3c!--%20Left%20bar%20--%3e%3crect%20x='10'%20y='8'%20width='4'%20height='16'%20rx='1'%20fill='black'\/%3e%3c!--%20Right%20bar%20--%3e%3crect%20x='18'%20y='8'%20width='4'%20height='16'%20rx='1'%20fill='black'\/%3e%3c\/g%3e%3c\/svg%3e\" alt=\"\" aria-hidden=\"true\"\/><\/span><\/button><strong class=\"sts-video__duration\" data-duration-prefix=\"Video duration:\" data-unit-second=\"second\" data-unit-seconds=\"seconds\" data-unit-minute=\"minute\" data-unit-minutes=\"minutes\" aria-label=\"Video duration: 40.0 seconds\">40.0 secs<\/strong><\/div><div class=\"sts-video__media\" data-video-source=\"youtube\" data-video-url=\"\"><div class=\"sts-video__external-shell\" data-embed-url=\"https:\/\/www.youtube.com\/embed\/hriwgOk0_bE?rel=0&amp;controls=1&amp;modestbranding=1&amp;playsinline=1&amp;enablejsapi=1&amp;autoplay=0&amp;origin=https%3A%2F%2Fwww.sts-education.com\"><iframe class=\"sts-video__iframe\" src=\"https:\/\/www.youtube.com\/embed\/hriwgOk0_bE?rel=0&amp;controls=1&amp;modestbranding=1&amp;playsinline=1&amp;enablejsapi=1&amp;autoplay=0&amp;origin=https%3A%2F%2Fwww.sts-education.com\" title=\"Video poster\nheading\" allow=\"autoplay; fullscreen\" allowfullscreen loading=\"lazy\" data-provider=\"youtube\" data-embed-url=\"https:\/\/www.youtube.com\/embed\/hriwgOk0_bE?rel=0&amp;controls=1&amp;modestbranding=1&amp;playsinline=1&amp;enablejsapi=1&amp;autoplay=0&amp;origin=https%3A%2F%2Fwww.sts-education.com\"><\/iframe><\/div><\/div><\/div><\/section>\n\n\n\n<div class=\"wp-block-sts-text sts-text-editor has-max-width-md\"><div class=\"sts-text-editor__content\"><div class=\"sts-text-editor__content-inner\">\n<p>D\u00e9couvrez une sc\u00e8ne musicale vari\u00e9e, allant de la musique classique au Deutschrap, en passant par l&#x27;indie et la techno. Tout au long de l&#x27;ann\u00e9e, des festivals vous permettront de vous plonger dans des \u00e9v\u00e9nements traditionnels tels que le carnaval, l&#x27;Oktoberfest et les march\u00e9s de No\u00ebl, et de d\u00e9couvrir la sc\u00e8ne internationale du cin\u00e9ma, du th\u00e9\u00e2tre, de la litt\u00e9rature et de l&#x27;art. En Allemagne, vous trouverez des villages accueillants \u00e0 proximit\u00e9 de villes passionnantes telles que Berlin, Hambourg, Munich, Leipzig, Francfort ou Cologne. Ce pays cosmopolite est \u00e9galement un centre de technologie et d&#x27;innovation.<\/p>\n<p>La qualit\u00e9 de l&#x27;enseignement allemand est mondialement reconnue et inclusive. L&#x27;\u00e9cole et l&#x27;universit\u00e9 sont gratuites et l&#x27;enseignement est interactif. L&#x27;opinion des \u00e9l\u00e8ves compte et les discussions et d\u00e9bats occupent une place importante dans la journ\u00e9e scolaire.<\/p>\n<p>Le type d&#x27;\u00e9cole secondaire allemand le plus courant pour les \u00e9tudiants en \u00e9change s&#x27;appelle le Gymnasium. En fonction de votre \u00e2ge, de vos notes et de votre connaissance de la langue allemande, vous serez probablement plac\u00e9 en classe de 10e ou 11e ann\u00e9e. Les professeurs allemands appr\u00e9cient que vous participiez activement en classe. Levez la main, posez des questions et participez aux discussions. Cela vous permettra d&#x27;am\u00e9liorer consid\u00e9rablement vos comp\u00e9tences en allemand !<\/p>\n<\/div><\/div><\/div>\n\n\n\n<figure class=\"wp-block-sts-image sts-block-image sts-block-image--count-1 has-max-width-md\" data-count=\"1\"><div class=\"sts-block-image__grid\"><div class=\"sts-block-image__item\"><picture class=\"sts-responsive-image has-fit-cover has-pos-top is-skeleton\"><source media=\"(max-width: 834.98px)\" srcset=\"https:\/\/powered-by.qbank.se\/educatius\/sts\/d4b5ede962d87a4fd0c79272269209b0_1-1-thumb.webp 150w, https:\/\/powered-by.qbank.se\/educatius\/sts\/d4b5ede962d87a4fd0c79272269209b0_1-1-xsmall.webp 500w, https:\/\/powered-by.qbank.se\/educatius\/sts\/d4b5ede962d87a4fd0c79272269209b0_1-1-small.webp 800w, https:\/\/powered-by.qbank.se\/educatius\/sts\/d4b5ede962d87a4fd0c79272269209b0_1-1-medium.webp 1024w, https:\/\/powered-by.qbank.se\/educatius\/sts\/d4b5ede962d87a4fd0c79272269209b0_1-1-large.webp 1536w\" sizes=\"(max-width: 736px) 100vw, 736px\" type=\"image\/webp\" \/><source media=\"(min-width: 835px)\" srcset=\"https:\/\/powered-by.qbank.se\/educatius\/sts\/d4b5ede962d87a4fd0c79272269209b0_1-1-thumb.webp 150w, https:\/\/powered-by.qbank.se\/educatius\/sts\/d4b5ede962d87a4fd0c79272269209b0_1-1-xsmall.webp 500w, https:\/\/powered-by.qbank.se\/educatius\/sts\/d4b5ede962d87a4fd0c79272269209b0_1-1-small.webp 800w, https:\/\/powered-by.qbank.se\/educatius\/sts\/d4b5ede962d87a4fd0c79272269209b0_1-1-medium.webp 1024w, https:\/\/powered-by.qbank.se\/educatius\/sts\/d4b5ede962d87a4fd0c79272269209b0_1-1-large.webp 1536w\" sizes=\"(max-width: 736px) 100vw, 736px\" type=\"image\/webp\" \/><img src=\"https:\/\/powered-by.qbank.se\/educatius\/sts\/d4b5ede962d87a4fd0c79272269209b0_1-1-thumb.webp\" alt=\"Pourquoi vous devriez partir en programme d\u2019\u00e9change en Allemagne\" loading=\"lazy\" decoding=\"async\" fetchpriority=\"low\" \/><\/picture><\/div><\/div><\/figure>\n\n\n\n<div class=\"wp-block-sts-text sts-text-editor has-max-width-md\"><div class=\"sts-text-editor__content\"><div class=\"sts-text-editor__content-inner\">\n<p>Les Allemands sont r\u00e9put\u00e9s pour \u00eatre tr\u00e8s actifs. Ils adorent voyager et explorer, profiter du plein air lors de randonn\u00e9es, de balades \u00e0 v\u00e9lo ou de s\u00e9jours en camping. Les adolescents allemands ont g\u00e9n\u00e9ralement au moins un hobby, comme le sport ou la musique, qu&#x27;ils pratiquent apr\u00e8s l&#x27;\u00e9cole dans l&#x27;un des nombreux clubs, appel\u00e9s \u00ab Verein \u00bb, qui existent m\u00eame dans les plus petits villages.<\/p>\n<p>Bien s\u00fbr, vous pouvez \u00e9galement passer votre temps libre dans un caf\u00e9, au cin\u00e9ma ou dans un centre commercial avec vos amis. Mais voici un conseil pour occuper votre temps libre en Allemagne : adh\u00e9rez \u00e0 un club ! C&#x27;est un excellent moyen de se faire des amis et de s&#x27;amuser apr\u00e8s l&#x27;\u00e9cole. Vous aimez l&#x27;art, la danse, la musique ou le th\u00e9\u00e2tre ? Demandez \u00e0 votre famille d&#x27;accueil de vous aider \u00e0 trouver le Verein qui vous convient le mieux.<\/p>\n<\/div><\/div><\/div>\n","protected":false},"excerpt":{"rendered":"","protected":false},"author":20,"featured_media":14866,"comment_status":"closed","ping_status":"closed","template":"","categories":[],"tags":[1058],"wpw_news_folders":[],"class_list":["post-12281","news","type-news","status-publish","has-post-thumbnail","hentry","tag-allemagne"],"acf":[],"yoast_head":"<!-- This site is optimized with the Yoast SEO Premium plugin v27.2 (Yoast SEO v27.2) - https:\/\/yoast.com\/product\/yoast-seo-premium-wordpress\/ -->\n<title>Why you should go on exchange to Germany<\/title>\n<meta name=\"description\" content=\"About 130 million people speak German as a first or second language, and you could be one of them!\" \/>\n<meta name=\"robots\" content=\"index, follow, max-snippet:-1, max-image-preview:large, max-video-preview:-1\" \/>\n<link rel=\"canonical\" href=\"https:\/\/www.sts-education.com\/fr-ch\/news\/pourquoi-vous-devriez-partir-en-programme-dechange-en-allemagne\/\" \/>\n<meta property=\"og:locale\" content=\"fr_FR\" \/>\n<meta property=\"og:type\" content=\"article\" \/>\n<meta property=\"og:title\" content=\"Pourquoi vous devriez partir en programme d\u2019\u00e9change en Allemagne\" \/>\n<meta property=\"og:description\" content=\"About 130 million people speak German as a first or second language, and you could be one of them!\" \/>\n<meta property=\"og:url\" content=\"https:\/\/www.sts-education.com\/fr-ch\/news\/pourquoi-vous-devriez-partir-en-programme-dechange-en-allemagne\/\" \/>\n<meta property=\"og:site_name\" content=\"STS Education\" \/>\n<meta property=\"article:modified_time\" content=\"2026-04-29T07:10:53+00:00\" \/>\n<meta property=\"og:image\" content=\"https:\/\/powered-by.qbank.se\/educatius\/sts\/\/791f778c4571099a27b7cf27dfb2de07_1-1-thumb.webp\" \/>\n\t<meta property=\"og:image:width\" content=\"150\" \/>\n\t<meta property=\"og:image:height\" content=\"150\" \/>\n\t<meta property=\"og:image:type\" content=\"image\/jpeg\" \/>\n<meta name=\"twitter:card\" content=\"summary_large_image\" \/>\n<meta name=\"twitter:label1\" content=\"Est. reading time\" \/>\n\t<meta name=\"twitter:data1\" content=\"4 minutes\" \/>\n<script type=\"application\/ld+json\" class=\"yoast-schema-graph\">{\"@context\":\"https:\/\/schema.org\",\"@graph\":[{\"@type\":\"WebPage\",\"@id\":\"https:\/\/www.sts-education.com\/fr-ch\/news\/pourquoi-vous-devriez-partir-en-programme-dechange-en-allemagne\/\",\"url\":\"https:\/\/www.sts-education.com\/fr-ch\/news\/pourquoi-vous-devriez-partir-en-programme-dechange-en-allemagne\/\",\"name\":\"Why you should go on exchange to Germany\",\"isPartOf\":{\"@id\":\"https:\/\/www.sts-education.com\/fr-ch\/#website\"},\"primaryImageOfPage\":{\"@id\":\"https:\/\/www.sts-education.com\/fr-ch\/news\/pourquoi-vous-devriez-partir-en-programme-dechange-en-allemagne\/#primaryimage\"},\"image\":{\"@id\":\"https:\/\/www.sts-education.com\/fr-ch\/news\/pourquoi-vous-devriez-partir-en-programme-dechange-en-allemagne\/#primaryimage\"},\"thumbnailUrl\":\"https:\/\/powered-by.qbank.se\/educatius\/sts\/\/791f778c4571099a27b7cf27dfb2de07_1-1-thumb.webp\",\"datePublished\":\"2024-09-20T07:00:00+00:00\",\"dateModified\":\"2026-04-29T07:10:53+00:00\",\"description\":\"About 130 million people speak German as a first or second language, and you could be one of them!\",\"breadcrumb\":{\"@id\":\"https:\/\/www.sts-education.com\/fr-ch\/news\/pourquoi-vous-devriez-partir-en-programme-dechange-en-allemagne\/#breadcrumb\"},\"inLanguage\":\"fr-CH\",\"potentialAction\":[{\"@type\":\"ReadAction\",\"target\":[\"https:\/\/www.sts-education.com\/fr-ch\/news\/pourquoi-vous-devriez-partir-en-programme-dechange-en-allemagne\/\"]}]},{\"@type\":\"ImageObject\",\"inLanguage\":\"fr-CH\",\"@id\":\"https:\/\/www.sts-education.com\/fr-ch\/news\/pourquoi-vous-devriez-partir-en-programme-dechange-en-allemagne\/#primaryimage\",\"url\":\"https:\/\/powered-by.qbank.se\/educatius\/sts\/\/791f778c4571099a27b7cf27dfb2de07_1-1-thumb.webp\",\"contentUrl\":\"https:\/\/powered-by.qbank.se\/educatius\/sts\/\/791f778c4571099a27b7cf27dfb2de07_1-1-thumb.webp\",\"width\":150,\"height\":150},{\"@type\":\"BreadcrumbList\",\"@id\":\"https:\/\/www.sts-education.com\/fr-ch\/news\/pourquoi-vous-devriez-partir-en-programme-dechange-en-allemagne\/#breadcrumb\",\"itemListElement\":[{\"@type\":\"ListItem\",\"position\":1,\"name\":\"Home\",\"item\":\"https:\/\/www.sts-education.com\/fr-ch\/\"},{\"@type\":\"ListItem\",\"position\":2,\"name\":\"Pourquoi vous devriez partir en programme d\u2019\u00e9change en Allemagne\"}]},{\"@type\":\"WebSite\",\"@id\":\"https:\/\/www.sts-education.com\/fr-ch\/#website\",\"url\":\"https:\/\/www.sts-education.com\/fr-ch\/\",\"name\":\"STS Education\",\"description\":\"\",\"potentialAction\":[{\"@type\":\"SearchAction\",\"target\":{\"@type\":\"EntryPoint\",\"urlTemplate\":\"https:\/\/www.sts-education.com\/fr-ch\/?s={search_term_string}\"},\"query-input\":{\"@type\":\"PropertyValueSpecification\",\"valueRequired\":true,\"valueName\":\"search_term_string\"}}],\"inLanguage\":\"fr-CH\"}]}<\/script>\n<!-- \/ Yoast SEO Premium plugin. -->","yoast_head_json":{"title":"Why you should go on exchange to Germany","description":"About 130 million people speak German as a first or second language, and you could be one of them!","robots":{"index":"index","follow":"follow","max-snippet":"max-snippet:-1","max-image-preview":"max-image-preview:large","max-video-preview":"max-video-preview:-1"},"canonical":"https:\/\/www.sts-education.com\/fr-ch\/news\/pourquoi-vous-devriez-partir-en-programme-dechange-en-allemagne\/","og_locale":"fr_FR","og_type":"article","og_title":"Pourquoi vous devriez partir en programme d\u2019\u00e9change en Allemagne","og_description":"About 130 million people speak German as a first or second language, and you could be one of them!","og_url":"https:\/\/www.sts-education.com\/fr-ch\/news\/pourquoi-vous-devriez-partir-en-programme-dechange-en-allemagne\/","og_site_name":"STS Education","article_modified_time":"2026-04-29T07:10:53+00:00","og_image":[{"width":150,"height":150,"url":"https:\/\/powered-by.qbank.se\/educatius\/sts\/\/791f778c4571099a27b7cf27dfb2de07_1-1-thumb.webp","type":"image\/jpeg"}],"twitter_card":"summary_large_image","twitter_misc":{"Est. reading time":"4 minutes"},"schema":{"@context":"https:\/\/schema.org","@graph":[{"@type":"WebPage","@id":"https:\/\/www.sts-education.com\/fr-ch\/news\/pourquoi-vous-devriez-partir-en-programme-dechange-en-allemagne\/","url":"https:\/\/www.sts-education.com\/fr-ch\/news\/pourquoi-vous-devriez-partir-en-programme-dechange-en-allemagne\/","name":"Why you should go on exchange to Germany","isPartOf":{"@id":"https:\/\/www.sts-education.com\/fr-ch\/#website"},"primaryImageOfPage":{"@id":"https:\/\/www.sts-education.com\/fr-ch\/news\/pourquoi-vous-devriez-partir-en-programme-dechange-en-allemagne\/#primaryimage"},"image":{"@id":"https:\/\/www.sts-education.com\/fr-ch\/news\/pourquoi-vous-devriez-partir-en-programme-dechange-en-allemagne\/#primaryimage"},"thumbnailUrl":"https:\/\/powered-by.qbank.se\/educatius\/sts\/\/791f778c4571099a27b7cf27dfb2de07_1-1-thumb.webp","datePublished":"2024-09-20T07:00:00+00:00","dateModified":"2026-04-29T07:10:53+00:00","description":"About 130 million people speak German as a first or second language, and you could be one of them!","breadcrumb":{"@id":"https:\/\/www.sts-education.com\/fr-ch\/news\/pourquoi-vous-devriez-partir-en-programme-dechange-en-allemagne\/#breadcrumb"},"inLanguage":"fr-CH","potentialAction":[{"@type":"ReadAction","target":["https:\/\/www.sts-education.com\/fr-ch\/news\/pourquoi-vous-devriez-partir-en-programme-dechange-en-allemagne\/"]}]},{"@type":"ImageObject","inLanguage":"fr-CH","@id":"https:\/\/www.sts-education.com\/fr-ch\/news\/pourquoi-vous-devriez-partir-en-programme-dechange-en-allemagne\/#primaryimage","url":"https:\/\/powered-by.qbank.se\/educatius\/sts\/\/791f778c4571099a27b7cf27dfb2de07_1-1-thumb.webp","contentUrl":"https:\/\/powered-by.qbank.se\/educatius\/sts\/\/791f778c4571099a27b7cf27dfb2de07_1-1-thumb.webp","width":150,"height":150},{"@type":"BreadcrumbList","@id":"https:\/\/www.sts-education.com\/fr-ch\/news\/pourquoi-vous-devriez-partir-en-programme-dechange-en-allemagne\/#breadcrumb","itemListElement":[{"@type":"ListItem","position":1,"name":"Home","item":"https:\/\/www.sts-education.com\/fr-ch\/"},{"@type":"ListItem","position":2,"name":"Pourquoi vous devriez partir en programme d\u2019\u00e9change en Allemagne"}]},{"@type":"WebSite","@id":"https:\/\/www.sts-education.com\/fr-ch\/#website","url":"https:\/\/www.sts-education.com\/fr-ch\/","name":"STS Education","description":"","potentialAction":[{"@type":"SearchAction","target":{"@type":"EntryPoint","urlTemplate":"https:\/\/www.sts-education.com\/fr-ch\/?s={search_term_string}"},"query-input":{"@type":"PropertyValueSpecification","valueRequired":true,"valueName":"search_term_string"}}],"inLanguage":"fr-CH"}]}},"_links":{"self":[{"href":"https:\/\/www.sts-education.com\/fr-ch\/wp-json\/wp\/v2\/news\/12281","targetHints":{"allow":["GET"]}}],"collection":[{"href":"https:\/\/www.sts-education.com\/fr-ch\/wp-json\/wp\/v2\/news"}],"about":[{"href":"https:\/\/www.sts-education.com\/fr-ch\/wp-json\/wp\/v2\/types\/news"}],"author":[{"embeddable":true,"href":"https:\/\/www.sts-education.com\/fr-ch\/wp-json\/wp\/v2\/users\/20"}],"replies":[{"embeddable":true,"href":"https:\/\/www.sts-education.com\/fr-ch\/wp-json\/wp\/v2\/comments?post=12281"}],"version-history":[{"count":6,"href":"https:\/\/www.sts-education.com\/fr-ch\/wp-json\/wp\/v2\/news\/12281\/revisions"}],"predecessor-version":[{"id":42778,"href":"https:\/\/www.sts-education.com\/fr-ch\/wp-json\/wp\/v2\/news\/12281\/revisions\/42778"}],"wp:featuredmedia":[{"embeddable":true,"href":"https:\/\/www.sts-education.com\/fr-ch\/wp-json\/wp\/v2\/media\/14866"}],"wp:attachment":[{"href":"https:\/\/www.sts-education.com\/fr-ch\/wp-json\/wp\/v2\/media?parent=12281"}],"wp:term":[{"taxonomy":"category","embeddable":true,"href":"https:\/\/www.sts-education.com\/fr-ch\/wp-json\/wp\/v2\/categories?post=12281"},{"taxonomy":"post_tag","embeddable":true,"href":"https:\/\/www.sts-education.com\/fr-ch\/wp-json\/wp\/v2\/tags?post=12281"},{"taxonomy":"wpw_news_folders","embeddable":true,"href":"https:\/\/www.sts-education.com\/fr-ch\/wp-json\/wp\/v2\/wpw_news_folders?post=12281"}],"curies":[{"name":"wp","href":"https:\/\/api.w.org\/{rel}","templated":true}]}}